{"id":77024,"date":"2026-03-12T10:54:16","date_gmt":"2026-03-12T13:54:16","guid":{"rendered":"https:\/\/noticiasemdestaque.com\/cd\/?p=77024"},"modified":"2026-03-12T10:58:03","modified_gmt":"2026-03-12T13:58:03","slug":"prata-recebe-consultoras-do-sebrae-para-avaliacao-de-projetos-inscritos-no-premio-prefeitura-empreendedora","status":"publish","type":"post","link":"https:\/\/noticiasemdestaque.com\/cd\/?p=77024","title":{"rendered":"Prata recebe consultoras do Sebrae para avalia\u00e7\u00e3o de projetos inscritos no Pr\u00eamio Prefeitura Empreendedora"},"content":{"rendered":"<p><a href=\"https:\/\/noticiasemdestaque.com\/cd\/wp-content\/uploads\/2026\/03\/43739992-29e8-4b23-8a35-6af51d97c976-1024x682-1.webp\"><img fetchpriority=\"high\" decoding=\"async\" class=\" wp-image-77025 aligncenter\" src=\"https:\/\/noticiasemdestaque.com\/cd\/wp-content\/uploads\/2026\/03\/43739992-29e8-4b23-8a35-6af51d97c976-1024x682-1-300x200.webp\" alt=\"\" width=\"1007\" height=\"671\" srcset=\"https:\/\/noticiasemdestaque.com\/cd\/wp-content\/uploads\/2026\/03\/43739992-29e8-4b23-8a35-6af51d97c976-1024x682-1-300x200.webp 300w, https:\/\/noticiasemdestaque.com\/cd\/wp-content\/uploads\/2026\/03\/43739992-29e8-4b23-8a35-6af51d97c976-1024x682-1-768x512.webp 768w, https:\/\/noticiasemdestaque.com\/cd\/wp-content\/uploads\/2026\/03\/43739992-29e8-4b23-8a35-6af51d97c976-1024x682-1.webp 1024w\" sizes=\"(max-width: 1007px) 100vw, 1007px\" \/><\/a><\/p>\n<p>Ontem tivemos a satisfa\u00e7\u00e3o de receber as consultoras do Servi\u00e7o Brasileiro de Apoio \u00e0s Micro e Pequenas Empresas (Sebrae) para a avalia\u00e7\u00e3o dos projetos inscritos no Pr\u00eamio Sebrae Prefeitura Empreendedora.<\/p>\n<p>O Pr\u00eamio Sebrae Prefeitura Empreendedora (PSPE) \u00e9 um instrumento de reconhecimento, valoriza\u00e7\u00e3o e difus\u00e3o de iniciativas inovadoras protagonizadas por governos municipais \u2014 prefeitos, prefeitas, administradores e administradoras regionais \u2014 com o objetivo de melhorar o ambiente de neg\u00f3cios, fomentar o empreendedorismo e promover o desenvolvimento territorial.<\/p>\n<p>O munic\u00edpio de Prata apresentou duas iniciativas. A primeira, na \u00e1rea da educa\u00e7\u00e3o, com o m\u00e9todo \u201cPrata: Inf\u00e2ncia Empreendedora \u2013 Inova\u00e7\u00e3o Pedag\u00f3gica Territorializada e Inclusiva\u201d. A segunda, na \u00e1rea de empreendedorismo, com o projeto \u201cExpoPrata: Prata 4.0 \u2013 A Caprinocultura que Conquistou o Brasil, o Mundo e as Plataformas de Intelig\u00eancia Artificial\u201d.<\/p>\n<p>Durante a visita, os projetos foram apresentados com a participa\u00e7\u00e3o dos respons\u00e1veis pela elabora\u00e7\u00e3o das iniciativas. Foi um momento importante de troca de experi\u00eancias e de valoriza\u00e7\u00e3o das a\u00e7\u00f5es que fortalecem o desenvolvimento do munic\u00edpio.<\/p>\n<p>Na oportunidade, as consultoras tiveram a chance de conhecer de perto as duas experi\u00eancias, dialogar com pessoas diretamente beneficiadas pelas a\u00e7\u00f5es e ouvir relatos de casos de sucesso que j\u00e1 est\u00e3o produzindo impactos concretos na educa\u00e7\u00e3o, no empreendedorismo e no fortalecimento da identidade produtiva do munic\u00edpio.<\/p>\n<p><strong>Noticias em Destaque<\/strong><\/p>\n<p style=\"text-align: right;\"><em>Fonte: Blog do Bruno Lira<\/em><\/p>\n","protected":false},"excerpt":{"rendered":"<p>Ontem tivemos a satisfa\u00e7\u00e3o de receber as consultoras do Servi\u00e7o Brasileiro de Apoio \u00e0s Micro e Pequenas Empresas (Sebrae) para a avalia\u00e7\u00e3o dos projetos inscritos no Pr\u00eamio Sebrae Prefeitura Empreendedora. O Pr\u00eamio Sebrae Prefeitura Empreendedora (PSPE) \u00e9 um instrumento de reconhecimento, valoriza\u00e7\u00e3o e difus\u00e3o de iniciativas inovadoras protagonizadas por governos municipais \u2014 prefeitos, prefeitas, administradores e administradoras regionais \u2014 com o objetivo de melhorar o ambiente de neg\u00f3cios, fomentar o empreendedorismo e promover o desenvolvimento territorial. O munic\u00edpio de Prata apresentou duas iniciativas. A primeira, na \u00e1rea da educa\u00e7\u00e3o, com o m\u00e9todo \u201cPrata: Inf\u00e2ncia Empreendedora \u2013 Inova\u00e7\u00e3o Pedag\u00f3gica Territorializada e Inclusiva\u201d. A segunda, na \u00e1rea de empreendedorismo, com o projeto \u201cExpoPrata: Prata 4.0 \u2013 A Caprinocultura que Conquistou o Brasil, o Mundo e as Plataformas de Intelig\u00eancia Artificial\u201d. Durante a visita, os projetos foram apresentados com a participa\u00e7\u00e3o dos respons\u00e1veis pela elabora\u00e7\u00e3o das iniciativas. Foi um momento importante de troca de experi\u00eancias e de valoriza\u00e7\u00e3o das a\u00e7\u00f5es que fortalecem o desenvolvimento do munic\u00edpio. Na oportunidade, as consultoras tiveram a chance de conhecer de perto as duas experi\u00eancias, dialogar com pessoas diretamente beneficiadas pelas a\u00e7\u00f5es e ouvir relatos de casos de sucesso que j\u00e1 est\u00e3o produzindo impactos concretos na educa\u00e7\u00e3o, no empreendedorismo e no fortalecimento da identidade produtiva do munic\u00edpio. Noticias em Destaque Fonte: Blog do Bruno Lira<\/p>\n","protected":false},"author":2,"featured_media":77025,"comment_status":"closed","ping_status":"closed","sticky":false,"template":"","format":"standard","meta":{"_eb_attr":"","_jetpack_memberships_contains_paid_content":false,"footnotes":""},"categories":[3],"tags":[],"class_list":["post-77024","post","type-post","status-publish","format-standard","has-post-thumbnail","hentry","category-cidades"],"yoast_head":"<!-- This site is optimized with the Yoast SEO plugin v26.5 - https:\/\/yoast.com\/wordpress\/plugins\/seo\/ -->\n<title>Prata recebe consultoras do Sebrae para avalia\u00e7\u00e3o de projetos inscritos no Pr\u00eamio Prefeitura Empreendedora - Not&iacute;cias em Destaque<\/title>\n<meta name=\"robots\" content=\"index, follow, max-snippet:-1, max-image-preview:large, max-video-preview:-1\" \/>\n<link rel=\"canonical\" href=\"https:\/\/noticiasemdestaque.com\/cd\/?p=77024\" \/>\n<meta property=\"og:locale\" content=\"pt_BR\" \/>\n<meta property=\"og:type\" content=\"article\" \/>\n<meta property=\"og:title\" content=\"Prata recebe consultoras do Sebrae para avalia\u00e7\u00e3o de projetos inscritos no Pr\u00eamio Prefeitura Empreendedora - Not&iacute;cias em Destaque\" \/>\n<meta property=\"og:description\" content=\"Ontem tivemos a satisfa\u00e7\u00e3o de receber as consultoras do Servi\u00e7o Brasileiro de Apoio \u00e0s Micro e Pequenas Empresas (Sebrae) para a avalia\u00e7\u00e3o dos projetos inscritos no Pr\u00eamio Sebrae Prefeitura Empreendedora. O Pr\u00eamio Sebrae Prefeitura Empreendedora (PSPE) \u00e9 um instrumento de reconhecimento, valoriza\u00e7\u00e3o e difus\u00e3o de iniciativas inovadoras protagonizadas por governos municipais \u2014 prefeitos, prefeitas, administradores e administradoras regionais \u2014 com o objetivo de melhorar o ambiente de neg\u00f3cios, fomentar o empreendedorismo e promover o desenvolvimento territorial. O munic\u00edpio de Prata apresentou duas iniciativas. A primeira, na \u00e1rea da educa\u00e7\u00e3o, com o m\u00e9todo \u201cPrata: Inf\u00e2ncia Empreendedora \u2013 Inova\u00e7\u00e3o Pedag\u00f3gica Territorializada e Inclusiva\u201d. A segunda, na \u00e1rea de empreendedorismo, com o projeto \u201cExpoPrata: Prata 4.0 \u2013 A Caprinocultura que Conquistou o Brasil, o Mundo e as Plataformas de Intelig\u00eancia Artificial\u201d. Durante a visita, os projetos foram apresentados com a participa\u00e7\u00e3o dos respons\u00e1veis pela elabora\u00e7\u00e3o das iniciativas. Foi um momento importante de troca de experi\u00eancias e de valoriza\u00e7\u00e3o das a\u00e7\u00f5es que fortalecem o desenvolvimento do munic\u00edpio. Na oportunidade, as consultoras tiveram a chance de conhecer de perto as duas experi\u00eancias, dialogar com pessoas diretamente beneficiadas pelas a\u00e7\u00f5es e ouvir relatos de casos de sucesso que j\u00e1 est\u00e3o produzindo impactos concretos na educa\u00e7\u00e3o, no empreendedorismo e no fortalecimento da identidade produtiva do munic\u00edpio. Noticias em Destaque Fonte: Blog do Bruno Lira\" \/>\n<meta property=\"og:url\" content=\"https:\/\/noticiasemdestaque.com\/cd\/?p=77024\" \/>\n<meta property=\"og:site_name\" content=\"Not&iacute;cias em Destaque\" \/>\n<meta property=\"article:published_time\" content=\"2026-03-12T13:54:16+00:00\" \/>\n<meta property=\"article:modified_time\" content=\"2026-03-12T13:58:03+00:00\" \/>\n<meta property=\"og:image\" content=\"https:\/\/noticiasemdestaque.com\/cd\/wp-content\/uploads\/2026\/03\/43739992-29e8-4b23-8a35-6af51d97c976-1024x682-1.webp\" \/>\n\t<meta property=\"og:image:width\" content=\"1024\" \/>\n\t<meta property=\"og:image:height\" content=\"682\" \/>\n\t<meta property=\"og:image:type\" content=\"image\/webp\" \/>\n<meta name=\"author\" content=\"Not\u00edcias em Destaque\" \/>\n<meta name=\"twitter:card\" content=\"summary_large_image\" \/>\n<meta name=\"twitter:label1\" content=\"Escrito por\" \/>\n\t<meta name=\"twitter:data1\" content=\"Not\u00edcias em Destaque\" \/>\n\t<meta name=\"twitter:label2\" content=\"Est. tempo de leitura\" \/>\n\t<meta name=\"twitter:data2\" content=\"2 minutos\" \/>\n<script type=\"application\/ld+json\" class=\"yoast-schema-graph\">{\"@context\":\"https:\/\/schema.org\",\"@graph\":[{\"@type\":\"Article\",\"@id\":\"https:\/\/noticiasemdestaque.com\/cd\/?p=77024#article\",\"isPartOf\":{\"@id\":\"https:\/\/noticiasemdestaque.com\/cd\/?p=77024\"},\"author\":{\"name\":\"Not\u00edcias em Destaque\",\"@id\":\"https:\/\/noticiasemdestaque.com\/cd\/#\/schema\/person\/9c05c6816b191977f47499b3494ace52\"},\"headline\":\"Prata recebe consultoras do Sebrae para avalia\u00e7\u00e3o de projetos inscritos no Pr\u00eamio Prefeitura Empreendedora\",\"datePublished\":\"2026-03-12T13:54:16+00:00\",\"dateModified\":\"2026-03-12T13:58:03+00:00\",\"mainEntityOfPage\":{\"@id\":\"https:\/\/noticiasemdestaque.com\/cd\/?p=77024\"},\"wordCount\":254,\"publisher\":{\"@id\":\"https:\/\/noticiasemdestaque.com\/cd\/#organization\"},\"image\":{\"@id\":\"https:\/\/noticiasemdestaque.com\/cd\/?p=77024#primaryimage\"},\"thumbnailUrl\":\"https:\/\/noticiasemdestaque.com\/cd\/wp-content\/uploads\/2026\/03\/43739992-29e8-4b23-8a35-6af51d97c976-1024x682-1.webp\",\"articleSection\":[\"Cidades\"],\"inLanguage\":\"pt-BR\"},{\"@type\":\"WebPage\",\"@id\":\"https:\/\/noticiasemdestaque.com\/cd\/?p=77024\",\"url\":\"https:\/\/noticiasemdestaque.com\/cd\/?p=77024\",\"name\":\"Prata recebe consultoras do Sebrae para avalia\u00e7\u00e3o de projetos inscritos no Pr\u00eamio Prefeitura Empreendedora - Not&iacute;cias em Destaque\",\"isPartOf\":{\"@id\":\"https:\/\/noticiasemdestaque.com\/cd\/#website\"},\"primaryImageOfPage\":{\"@id\":\"https:\/\/noticiasemdestaque.com\/cd\/?p=77024#primaryimage\"},\"image\":{\"@id\":\"https:\/\/noticiasemdestaque.com\/cd\/?p=77024#primaryimage\"},\"thumbnailUrl\":\"https:\/\/noticiasemdestaque.com\/cd\/wp-content\/uploads\/2026\/03\/43739992-29e8-4b23-8a35-6af51d97c976-1024x682-1.webp\",\"datePublished\":\"2026-03-12T13:54:16+00:00\",\"dateModified\":\"2026-03-12T13:58:03+00:00\",\"breadcrumb\":{\"@id\":\"https:\/\/noticiasemdestaque.com\/cd\/?p=77024#breadcrumb\"},\"inLanguage\":\"pt-BR\",\"potentialAction\":[{\"@type\":\"ReadAction\",\"target\":[\"https:\/\/noticiasemdestaque.com\/cd\/?p=77024\"]}]},{\"@type\":\"ImageObject\",\"inLanguage\":\"pt-BR\",\"@id\":\"https:\/\/noticiasemdestaque.com\/cd\/?p=77024#primaryimage\",\"url\":\"https:\/\/noticiasemdestaque.com\/cd\/wp-content\/uploads\/2026\/03\/43739992-29e8-4b23-8a35-6af51d97c976-1024x682-1.webp\",\"contentUrl\":\"https:\/\/noticiasemdestaque.com\/cd\/wp-content\/uploads\/2026\/03\/43739992-29e8-4b23-8a35-6af51d97c976-1024x682-1.webp\",\"width\":1024,\"height\":682},{\"@type\":\"BreadcrumbList\",\"@id\":\"https:\/\/noticiasemdestaque.com\/cd\/?p=77024#breadcrumb\",\"itemListElement\":[{\"@type\":\"ListItem\",\"position\":1,\"name\":\"In\u00edcio\",\"item\":\"https:\/\/noticiasemdestaque.com\/cd\/\"},{\"@type\":\"ListItem\",\"position\":2,\"name\":\"Prata recebe consultoras do Sebrae para avalia\u00e7\u00e3o de projetos inscritos no Pr\u00eamio Prefeitura Empreendedora\"}]},{\"@type\":\"WebSite\",\"@id\":\"https:\/\/noticiasemdestaque.com\/cd\/#website\",\"url\":\"https:\/\/noticiasemdestaque.com\/cd\/\",\"name\":\"Not&iacute;cias em Destaque\",\"description\":\"\",\"publisher\":{\"@id\":\"https:\/\/noticiasemdestaque.com\/cd\/#organization\"},\"potentialAction\":[{\"@type\":\"SearchAction\",\"target\":{\"@type\":\"EntryPoint\",\"urlTemplate\":\"https:\/\/noticiasemdestaque.com\/cd\/?s={search_term_string}\"},\"query-input\":{\"@type\":\"PropertyValueSpecification\",\"valueRequired\":true,\"valueName\":\"search_term_string\"}}],\"inLanguage\":\"pt-BR\"},{\"@type\":\"Organization\",\"@id\":\"https:\/\/noticiasemdestaque.com\/cd\/#organization\",\"name\":\"Not\u00edcias em Destaque\",\"url\":\"https:\/\/noticiasemdestaque.com\/cd\/\",\"logo\":{\"@type\":\"ImageObject\",\"inLanguage\":\"pt-BR\",\"@id\":\"https:\/\/noticiasemdestaque.com\/cd\/#\/schema\/logo\/image\/\",\"url\":\"https:\/\/noticiasemdestaque.com\/cd\/wp-content\/uploads\/2022\/05\/imagem-base-noticiasemdestaque.png\",\"contentUrl\":\"https:\/\/noticiasemdestaque.com\/cd\/wp-content\/uploads\/2022\/05\/imagem-base-noticiasemdestaque.png\",\"width\":1200,\"height\":630,\"caption\":\"Not\u00edcias em Destaque\"},\"image\":{\"@id\":\"https:\/\/noticiasemdestaque.com\/cd\/#\/schema\/logo\/image\/\"}},{\"@type\":\"Person\",\"@id\":\"https:\/\/noticiasemdestaque.com\/cd\/#\/schema\/person\/9c05c6816b191977f47499b3494ace52\",\"name\":\"Not\u00edcias em Destaque\",\"url\":\"https:\/\/noticiasemdestaque.com\/cd\/?author=2\"}]}<\/script>\n<!-- \/ Yoast SEO plugin. -->","yoast_head_json":{"title":"Prata recebe consultoras do Sebrae para avalia\u00e7\u00e3o de projetos inscritos no Pr\u00eamio Prefeitura Empreendedora - Not&iacute;cias em Destaque","robots":{"index":"index","follow":"follow","max-snippet":"max-snippet:-1","max-image-preview":"max-image-preview:large","max-video-preview":"max-video-preview:-1"},"canonical":"https:\/\/noticiasemdestaque.com\/cd\/?p=77024","og_locale":"pt_BR","og_type":"article","og_title":"Prata recebe consultoras do Sebrae para avalia\u00e7\u00e3o de projetos inscritos no Pr\u00eamio Prefeitura Empreendedora - Not&iacute;cias em Destaque","og_description":"Ontem tivemos a satisfa\u00e7\u00e3o de receber as consultoras do Servi\u00e7o Brasileiro de Apoio \u00e0s Micro e Pequenas Empresas (Sebrae) para a avalia\u00e7\u00e3o dos projetos inscritos no Pr\u00eamio Sebrae Prefeitura Empreendedora. O Pr\u00eamio Sebrae Prefeitura Empreendedora (PSPE) \u00e9 um instrumento de reconhecimento, valoriza\u00e7\u00e3o e difus\u00e3o de iniciativas inovadoras protagonizadas por governos municipais \u2014 prefeitos, prefeitas, administradores e administradoras regionais \u2014 com o objetivo de melhorar o ambiente de neg\u00f3cios, fomentar o empreendedorismo e promover o desenvolvimento territorial. O munic\u00edpio de Prata apresentou duas iniciativas. A primeira, na \u00e1rea da educa\u00e7\u00e3o, com o m\u00e9todo \u201cPrata: Inf\u00e2ncia Empreendedora \u2013 Inova\u00e7\u00e3o Pedag\u00f3gica Territorializada e Inclusiva\u201d. A segunda, na \u00e1rea de empreendedorismo, com o projeto \u201cExpoPrata: Prata 4.0 \u2013 A Caprinocultura que Conquistou o Brasil, o Mundo e as Plataformas de Intelig\u00eancia Artificial\u201d. Durante a visita, os projetos foram apresentados com a participa\u00e7\u00e3o dos respons\u00e1veis pela elabora\u00e7\u00e3o das iniciativas. Foi um momento importante de troca de experi\u00eancias e de valoriza\u00e7\u00e3o das a\u00e7\u00f5es que fortalecem o desenvolvimento do munic\u00edpio. Na oportunidade, as consultoras tiveram a chance de conhecer de perto as duas experi\u00eancias, dialogar com pessoas diretamente beneficiadas pelas a\u00e7\u00f5es e ouvir relatos de casos de sucesso que j\u00e1 est\u00e3o produzindo impactos concretos na educa\u00e7\u00e3o, no empreendedorismo e no fortalecimento da identidade produtiva do munic\u00edpio. Noticias em Destaque Fonte: Blog do Bruno Lira","og_url":"https:\/\/noticiasemdestaque.com\/cd\/?p=77024","og_site_name":"Not&iacute;cias em Destaque","article_published_time":"2026-03-12T13:54:16+00:00","article_modified_time":"2026-03-12T13:58:03+00:00","og_image":[{"width":1024,"height":682,"url":"https:\/\/noticiasemdestaque.com\/cd\/wp-content\/uploads\/2026\/03\/43739992-29e8-4b23-8a35-6af51d97c976-1024x682-1.webp","type":"image\/webp"}],"author":"Not\u00edcias em Destaque","twitter_card":"summary_large_image","twitter_misc":{"Escrito por":"Not\u00edcias em Destaque","Est. tempo de leitura":"2 minutos"},"schema":{"@context":"https:\/\/schema.org","@graph":[{"@type":"Article","@id":"https:\/\/noticiasemdestaque.com\/cd\/?p=77024#article","isPartOf":{"@id":"https:\/\/noticiasemdestaque.com\/cd\/?p=77024"},"author":{"name":"Not\u00edcias em Destaque","@id":"https:\/\/noticiasemdestaque.com\/cd\/#\/schema\/person\/9c05c6816b191977f47499b3494ace52"},"headline":"Prata recebe consultoras do Sebrae para avalia\u00e7\u00e3o de projetos inscritos no Pr\u00eamio Prefeitura Empreendedora","datePublished":"2026-03-12T13:54:16+00:00","dateModified":"2026-03-12T13:58:03+00:00","mainEntityOfPage":{"@id":"https:\/\/noticiasemdestaque.com\/cd\/?p=77024"},"wordCount":254,"publisher":{"@id":"https:\/\/noticiasemdestaque.com\/cd\/#organization"},"image":{"@id":"https:\/\/noticiasemdestaque.com\/cd\/?p=77024#primaryimage"},"thumbnailUrl":"https:\/\/noticiasemdestaque.com\/cd\/wp-content\/uploads\/2026\/03\/43739992-29e8-4b23-8a35-6af51d97c976-1024x682-1.webp","articleSection":["Cidades"],"inLanguage":"pt-BR"},{"@type":"WebPage","@id":"https:\/\/noticiasemdestaque.com\/cd\/?p=77024","url":"https:\/\/noticiasemdestaque.com\/cd\/?p=77024","name":"Prata recebe consultoras do Sebrae para avalia\u00e7\u00e3o de projetos inscritos no Pr\u00eamio Prefeitura Empreendedora - Not&iacute;cias em Destaque","isPartOf":{"@id":"https:\/\/noticiasemdestaque.com\/cd\/#website"},"primaryImageOfPage":{"@id":"https:\/\/noticiasemdestaque.com\/cd\/?p=77024#primaryimage"},"image":{"@id":"https:\/\/noticiasemdestaque.com\/cd\/?p=77024#primaryimage"},"thumbnailUrl":"https:\/\/noticiasemdestaque.com\/cd\/wp-content\/uploads\/2026\/03\/43739992-29e8-4b23-8a35-6af51d97c976-1024x682-1.webp","datePublished":"2026-03-12T13:54:16+00:00","dateModified":"2026-03-12T13:58:03+00:00","breadcrumb":{"@id":"https:\/\/noticiasemdestaque.com\/cd\/?p=77024#breadcrumb"},"inLanguage":"pt-BR","potentialAction":[{"@type":"ReadAction","target":["https:\/\/noticiasemdestaque.com\/cd\/?p=77024"]}]},{"@type":"ImageObject","inLanguage":"pt-BR","@id":"https:\/\/noticiasemdestaque.com\/cd\/?p=77024#primaryimage","url":"https:\/\/noticiasemdestaque.com\/cd\/wp-content\/uploads\/2026\/03\/43739992-29e8-4b23-8a35-6af51d97c976-1024x682-1.webp","contentUrl":"https:\/\/noticiasemdestaque.com\/cd\/wp-content\/uploads\/2026\/03\/43739992-29e8-4b23-8a35-6af51d97c976-1024x682-1.webp","width":1024,"height":682},{"@type":"BreadcrumbList","@id":"https:\/\/noticiasemdestaque.com\/cd\/?p=77024#breadcrumb","itemListElement":[{"@type":"ListItem","position":1,"name":"In\u00edcio","item":"https:\/\/noticiasemdestaque.com\/cd\/"},{"@type":"ListItem","position":2,"name":"Prata recebe consultoras do Sebrae para avalia\u00e7\u00e3o de projetos inscritos no Pr\u00eamio Prefeitura Empreendedora"}]},{"@type":"WebSite","@id":"https:\/\/noticiasemdestaque.com\/cd\/#website","url":"https:\/\/noticiasemdestaque.com\/cd\/","name":"Not&iacute;cias em Destaque","description":"","publisher":{"@id":"https:\/\/noticiasemdestaque.com\/cd\/#organization"},"potentialAction":[{"@type":"SearchAction","target":{"@type":"EntryPoint","urlTemplate":"https:\/\/noticiasemdestaque.com\/cd\/?s={search_term_string}"},"query-input":{"@type":"PropertyValueSpecification","valueRequired":true,"valueName":"search_term_string"}}],"inLanguage":"pt-BR"},{"@type":"Organization","@id":"https:\/\/noticiasemdestaque.com\/cd\/#organization","name":"Not\u00edcias em Destaque","url":"https:\/\/noticiasemdestaque.com\/cd\/","logo":{"@type":"ImageObject","inLanguage":"pt-BR","@id":"https:\/\/noticiasemdestaque.com\/cd\/#\/schema\/logo\/image\/","url":"https:\/\/noticiasemdestaque.com\/cd\/wp-content\/uploads\/2022\/05\/imagem-base-noticiasemdestaque.png","contentUrl":"https:\/\/noticiasemdestaque.com\/cd\/wp-content\/uploads\/2022\/05\/imagem-base-noticiasemdestaque.png","width":1200,"height":630,"caption":"Not\u00edcias em Destaque"},"image":{"@id":"https:\/\/noticiasemdestaque.com\/cd\/#\/schema\/logo\/image\/"}},{"@type":"Person","@id":"https:\/\/noticiasemdestaque.com\/cd\/#\/schema\/person\/9c05c6816b191977f47499b3494ace52","name":"Not\u00edcias em Destaque","url":"https:\/\/noticiasemdestaque.com\/cd\/?author=2"}]}},"jetpack_featured_media_url":"https:\/\/noticiasemdestaque.com\/cd\/wp-content\/uploads\/2026\/03\/43739992-29e8-4b23-8a35-6af51d97c976-1024x682-1.webp","jetpack_sharing_enabled":true,"_links":{"self":[{"href":"https:\/\/noticiasemdestaque.com\/cd\/index.php?rest_route=\/wp\/v2\/posts\/77024","targetHints":{"allow":["GET"]}}],"collection":[{"href":"https:\/\/noticiasemdestaque.com\/cd\/index.php?rest_route=\/wp\/v2\/posts"}],"about":[{"href":"https:\/\/noticiasemdestaque.com\/cd\/index.php?rest_route=\/wp\/v2\/types\/post"}],"author":[{"embeddable":true,"href":"https:\/\/noticiasemdestaque.com\/cd\/index.php?rest_route=\/wp\/v2\/users\/2"}],"replies":[{"embeddable":true,"href":"https:\/\/noticiasemdestaque.com\/cd\/index.php?rest_route=%2Fwp%2Fv2%2Fcomments&post=77024"}],"version-history":[{"count":2,"href":"https:\/\/noticiasemdestaque.com\/cd\/index.php?rest_route=\/wp\/v2\/posts\/77024\/revisions"}],"predecessor-version":[{"id":77027,"href":"https:\/\/noticiasemdestaque.com\/cd\/index.php?rest_route=\/wp\/v2\/posts\/77024\/revisions\/77027"}],"wp:featuredmedia":[{"embeddable":true,"href":"https:\/\/noticiasemdestaque.com\/cd\/index.php?rest_route=\/wp\/v2\/media\/77025"}],"wp:attachment":[{"href":"https:\/\/noticiasemdestaque.com\/cd\/index.php?rest_route=%2Fwp%2Fv2%2Fmedia&parent=77024"}],"wp:term":[{"taxonomy":"category","embeddable":true,"href":"https:\/\/noticiasemdestaque.com\/cd\/index.php?rest_route=%2Fwp%2Fv2%2Fcategories&post=77024"},{"taxonomy":"post_tag","embeddable":true,"href":"https:\/\/noticiasemdestaque.com\/cd\/index.php?rest_route=%2Fwp%2Fv2%2Ftags&post=77024"}],"curies":[{"name":"wp","href":"https:\/\/api.w.org\/{rel}","templated":true}]}}