{"id":77014,"date":"2026-03-11T22:00:38","date_gmt":"2026-03-12T01:00:38","guid":{"rendered":"https:\/\/noticiasemdestaque.com\/cd\/?p=77014"},"modified":"2026-03-11T22:00:38","modified_gmt":"2026-03-12T01:00:38","slug":"asfalto-que-interliga-barra-de-sao-miguel-e-caraubas-vai-sair-do-papel-e-e-comemorado-por-prefeitos-da-regiao","status":"publish","type":"post","link":"https:\/\/noticiasemdestaque.com\/cd\/?p=77014","title":{"rendered":"Asfalto que interliga Barra de S\u00e3o Miguel e Cara\u00fabas vai sair do papel e \u00e9 comemorado por prefeitos da regi\u00e3o"},"content":{"rendered":"<p><a href=\"https:\/\/noticiasemdestaque.com\/cd\/wp-content\/uploads\/2026\/03\/IMG_1417.webp\"><img fetchpriority=\"high\" decoding=\"async\" class=\" wp-image-77015 aligncenter\" src=\"https:\/\/noticiasemdestaque.com\/cd\/wp-content\/uploads\/2026\/03\/IMG_1417-300x190.webp\" alt=\"\" width=\"810\" height=\"513\" srcset=\"https:\/\/noticiasemdestaque.com\/cd\/wp-content\/uploads\/2026\/03\/IMG_1417-300x190.webp 300w, https:\/\/noticiasemdestaque.com\/cd\/wp-content\/uploads\/2026\/03\/IMG_1417-768x485.webp 768w, https:\/\/noticiasemdestaque.com\/cd\/wp-content\/uploads\/2026\/03\/IMG_1417.webp 1024w\" sizes=\"(max-width: 810px) 100vw, 810px\" \/><\/a><\/p>\n<p class=\"wp-block-paragraph\">O an\u00fancio feito pelo governador da Para\u00edba, Jo\u00e3o Azev\u00eado, sobre novos investimentos em infraestrutura rodovi\u00e1ria trouxe uma not\u00edcia aguardada h\u00e1 anos pela popula\u00e7\u00e3o do Cariri: o asfaltamento da PB-196, no trecho que interliga os munic\u00edpios de Barra de S\u00e3o Miguel e Cara\u00fabas, dever\u00e1 finalmente sair do papel.<\/p>\n<p class=\"wp-block-paragraph\">A informa\u00e7\u00e3o foi confirmada nesta segunda-feira (9), durante o programa Conversa com o Governador, transmitido em cadeia estadual pela R\u00e1dio Tabajara. A obra faz parte do pacote de investimentos do Governo do Estado em rodovias e representa um importante avan\u00e7o para a mobilidade e o desenvolvimento da regi\u00e3o.<\/p>\n<p class=\"wp-block-paragraph\">A pavimenta\u00e7\u00e3o da estrada \u00e9 considerada estrat\u00e9gica, pois ir\u00e1 facilitar o deslocamento entre os munic\u00edpios, al\u00e9m de melhorar o escoamento da produ\u00e7\u00e3o e fortalecer a integra\u00e7\u00e3o econ\u00f4mica entre as cidades do Cariri.<\/p>\n<p class=\"wp-block-paragraph\">O prefeito de Cara\u00fabas, Nerivan Gari, comemorou o an\u00fancio e destacou a import\u00e2ncia da obra para a popula\u00e7\u00e3o: \u201cEssa \u00e9 uma conquista muito esperada pelo nosso povo. Essa estrada vai facilitar a vida de quem precisa se deslocar diariamente, al\u00e9m de impulsionar o desenvolvimento da nossa regi\u00e3o. Ficamos muito felizes com esse an\u00fancio do Governo do Estado\u201d, afirmou o gestor.<\/p>\n<p class=\"wp-block-paragraph\">Quem tamb\u00e9m celebrou a confirma\u00e7\u00e3o do projeto foi o prefeito de Barra de S\u00e3o Miguel, Jo\u00e3o Paulo Fran\u00e7a, que ressaltou o impacto positivo que a obra trar\u00e1 para os munic\u00edpios.<\/p>\n<p class=\"wp-block-paragraph\">\u201cEssa estrada \u00e9 um sonho antigo da popula\u00e7\u00e3o. A pavimenta\u00e7\u00e3o vai garantir mais seguran\u00e7a, mobilidade e desenvolvimento para toda a regi\u00e3o. Agradecemos ao governador Jo\u00e3o Azev\u00eado por olhar com aten\u00e7\u00e3o para o Cariri e atender essa demanda t\u00e3o importante\u201d, destacou.<\/p>\n<p class=\"wp-block-paragraph\">A expectativa agora \u00e9 que os tr\u00e2mites avancem para que a obra da PB-196, entre Barra de S\u00e3o Miguel e Cara\u00fabas, seja iniciada em breve, atendendo uma reivindica\u00e7\u00e3o hist\u00f3rica da popula\u00e7\u00e3o.<\/p>\n<p><strong>Noticias em Destaque<\/strong><\/p>\n<p class=\"wp-block-paragraph\" style=\"text-align: right;\"><em>Com Blog do Alisson Nascimento<\/em><\/p>\n","protected":false},"excerpt":{"rendered":"<p>O an\u00fancio feito pelo governador da Para\u00edba, Jo\u00e3o Azev\u00eado, sobre novos investimentos em infraestrutura rodovi\u00e1ria trouxe uma not\u00edcia aguardada h\u00e1 anos pela popula\u00e7\u00e3o do Cariri: o asfaltamento da PB-196, no trecho que interliga os munic\u00edpios de Barra de S\u00e3o Miguel e Cara\u00fabas, dever\u00e1 finalmente sair do papel. A informa\u00e7\u00e3o foi confirmada nesta segunda-feira (9), durante o programa Conversa com o Governador, transmitido em cadeia estadual pela R\u00e1dio Tabajara. A obra faz parte do pacote de investimentos do Governo do Estado em rodovias e representa um importante avan\u00e7o para a mobilidade e o desenvolvimento da regi\u00e3o. A pavimenta\u00e7\u00e3o da estrada \u00e9 considerada estrat\u00e9gica, pois ir\u00e1 facilitar o deslocamento entre os munic\u00edpios, al\u00e9m de melhorar o escoamento da produ\u00e7\u00e3o e fortalecer a integra\u00e7\u00e3o econ\u00f4mica entre as cidades do Cariri. O prefeito de Cara\u00fabas, Nerivan Gari, comemorou o an\u00fancio e destacou a import\u00e2ncia da obra para a popula\u00e7\u00e3o: \u201cEssa \u00e9 uma conquista muito esperada pelo nosso povo. Essa estrada vai facilitar a vida de quem precisa se deslocar diariamente, al\u00e9m de impulsionar o desenvolvimento da nossa regi\u00e3o. Ficamos muito felizes com esse an\u00fancio do Governo do Estado\u201d, afirmou o gestor. Quem tamb\u00e9m celebrou a confirma\u00e7\u00e3o do projeto foi o prefeito de Barra de S\u00e3o Miguel, Jo\u00e3o Paulo Fran\u00e7a, que ressaltou o impacto positivo que a obra trar\u00e1 para os munic\u00edpios. \u201cEssa estrada \u00e9 um sonho antigo da popula\u00e7\u00e3o. A pavimenta\u00e7\u00e3o vai garantir mais seguran\u00e7a, mobilidade e desenvolvimento para toda a regi\u00e3o. Agradecemos ao governador Jo\u00e3o Azev\u00eado por olhar com aten\u00e7\u00e3o para o Cariri e atender essa demanda t\u00e3o importante\u201d, destacou. A expectativa agora \u00e9 que os tr\u00e2mites avancem para que a obra da PB-196, entre Barra de S\u00e3o Miguel e Cara\u00fabas, seja iniciada em breve, atendendo uma reivindica\u00e7\u00e3o hist\u00f3rica da popula\u00e7\u00e3o. Noticias em Destaque Com Blog do Alisson Nascimento<\/p>\n","protected":false},"author":2,"featured_media":77015,"comment_status":"closed","ping_status":"closed","sticky":false,"template":"","format":"standard","meta":{"_eb_attr":"","_jetpack_memberships_contains_paid_content":false,"footnotes":""},"categories":[3],"tags":[],"class_list":["post-77014","post","type-post","status-publish","format-standard","has-post-thumbnail","hentry","category-cidades"],"yoast_head":"<!-- This site is optimized with the Yoast SEO plugin v26.5 - https:\/\/yoast.com\/wordpress\/plugins\/seo\/ -->\n<title>Asfalto que interliga Barra de S\u00e3o Miguel e Cara\u00fabas vai sair do papel e \u00e9 comemorado por prefeitos da regi\u00e3o - Not&iacute;cias em Destaque<\/title>\n<meta name=\"robots\" content=\"index, follow, max-snippet:-1, max-image-preview:large, max-video-preview:-1\" \/>\n<link rel=\"canonical\" href=\"https:\/\/noticiasemdestaque.com\/cd\/?p=77014\" \/>\n<meta property=\"og:locale\" content=\"pt_BR\" \/>\n<meta property=\"og:type\" content=\"article\" \/>\n<meta property=\"og:title\" content=\"Asfalto que interliga Barra de S\u00e3o Miguel e Cara\u00fabas vai sair do papel e \u00e9 comemorado por prefeitos da regi\u00e3o - Not&iacute;cias em Destaque\" \/>\n<meta property=\"og:description\" content=\"O an\u00fancio feito pelo governador da Para\u00edba, Jo\u00e3o Azev\u00eado, sobre novos investimentos em infraestrutura rodovi\u00e1ria trouxe uma not\u00edcia aguardada h\u00e1 anos pela popula\u00e7\u00e3o do Cariri: o asfaltamento da PB-196, no trecho que interliga os munic\u00edpios de Barra de S\u00e3o Miguel e Cara\u00fabas, dever\u00e1 finalmente sair do papel. A informa\u00e7\u00e3o foi confirmada nesta segunda-feira (9), durante o programa Conversa com o Governador, transmitido em cadeia estadual pela R\u00e1dio Tabajara. A obra faz parte do pacote de investimentos do Governo do Estado em rodovias e representa um importante avan\u00e7o para a mobilidade e o desenvolvimento da regi\u00e3o. A pavimenta\u00e7\u00e3o da estrada \u00e9 considerada estrat\u00e9gica, pois ir\u00e1 facilitar o deslocamento entre os munic\u00edpios, al\u00e9m de melhorar o escoamento da produ\u00e7\u00e3o e fortalecer a integra\u00e7\u00e3o econ\u00f4mica entre as cidades do Cariri. O prefeito de Cara\u00fabas, Nerivan Gari, comemorou o an\u00fancio e destacou a import\u00e2ncia da obra para a popula\u00e7\u00e3o: \u201cEssa \u00e9 uma conquista muito esperada pelo nosso povo. Essa estrada vai facilitar a vida de quem precisa se deslocar diariamente, al\u00e9m de impulsionar o desenvolvimento da nossa regi\u00e3o. Ficamos muito felizes com esse an\u00fancio do Governo do Estado\u201d, afirmou o gestor. Quem tamb\u00e9m celebrou a confirma\u00e7\u00e3o do projeto foi o prefeito de Barra de S\u00e3o Miguel, Jo\u00e3o Paulo Fran\u00e7a, que ressaltou o impacto positivo que a obra trar\u00e1 para os munic\u00edpios. \u201cEssa estrada \u00e9 um sonho antigo da popula\u00e7\u00e3o. A pavimenta\u00e7\u00e3o vai garantir mais seguran\u00e7a, mobilidade e desenvolvimento para toda a regi\u00e3o. Agradecemos ao governador Jo\u00e3o Azev\u00eado por olhar com aten\u00e7\u00e3o para o Cariri e atender essa demanda t\u00e3o importante\u201d, destacou. A expectativa agora \u00e9 que os tr\u00e2mites avancem para que a obra da PB-196, entre Barra de S\u00e3o Miguel e Cara\u00fabas, seja iniciada em breve, atendendo uma reivindica\u00e7\u00e3o hist\u00f3rica da popula\u00e7\u00e3o. Noticias em Destaque Com Blog do Alisson Nascimento\" \/>\n<meta property=\"og:url\" content=\"https:\/\/noticiasemdestaque.com\/cd\/?p=77014\" \/>\n<meta property=\"og:site_name\" content=\"Not&iacute;cias em Destaque\" \/>\n<meta property=\"article:published_time\" content=\"2026-03-12T01:00:38+00:00\" \/>\n<meta property=\"og:image\" content=\"https:\/\/noticiasemdestaque.com\/cd\/wp-content\/uploads\/2026\/03\/IMG_1417.webp\" \/>\n\t<meta property=\"og:image:width\" content=\"1024\" \/>\n\t<meta property=\"og:image:height\" content=\"647\" \/>\n\t<meta property=\"og:image:type\" content=\"image\/webp\" \/>\n<meta name=\"author\" content=\"Not\u00edcias em Destaque\" \/>\n<meta name=\"twitter:card\" content=\"summary_large_image\" \/>\n<meta name=\"twitter:label1\" content=\"Escrito por\" \/>\n\t<meta name=\"twitter:data1\" content=\"Not\u00edcias em Destaque\" \/>\n\t<meta name=\"twitter:label2\" content=\"Est. tempo de leitura\" \/>\n\t<meta name=\"twitter:data2\" content=\"3 minutos\" \/>\n<script type=\"application\/ld+json\" class=\"yoast-schema-graph\">{\"@context\":\"https:\/\/schema.org\",\"@graph\":[{\"@type\":\"Article\",\"@id\":\"https:\/\/noticiasemdestaque.com\/cd\/?p=77014#article\",\"isPartOf\":{\"@id\":\"https:\/\/noticiasemdestaque.com\/cd\/?p=77014\"},\"author\":{\"name\":\"Not\u00edcias em Destaque\",\"@id\":\"https:\/\/noticiasemdestaque.com\/cd\/#\/schema\/person\/9c05c6816b191977f47499b3494ace52\"},\"headline\":\"Asfalto que interliga Barra de S\u00e3o Miguel e Cara\u00fabas vai sair do papel e \u00e9 comemorado por prefeitos da regi\u00e3o\",\"datePublished\":\"2026-03-12T01:00:38+00:00\",\"mainEntityOfPage\":{\"@id\":\"https:\/\/noticiasemdestaque.com\/cd\/?p=77014\"},\"wordCount\":361,\"publisher\":{\"@id\":\"https:\/\/noticiasemdestaque.com\/cd\/#organization\"},\"image\":{\"@id\":\"https:\/\/noticiasemdestaque.com\/cd\/?p=77014#primaryimage\"},\"thumbnailUrl\":\"https:\/\/noticiasemdestaque.com\/cd\/wp-content\/uploads\/2026\/03\/IMG_1417.webp\",\"articleSection\":[\"Cidades\"],\"inLanguage\":\"pt-BR\"},{\"@type\":\"WebPage\",\"@id\":\"https:\/\/noticiasemdestaque.com\/cd\/?p=77014\",\"url\":\"https:\/\/noticiasemdestaque.com\/cd\/?p=77014\",\"name\":\"Asfalto que interliga Barra de S\u00e3o Miguel e Cara\u00fabas vai sair do papel e \u00e9 comemorado por prefeitos da regi\u00e3o - Not&iacute;cias em Destaque\",\"isPartOf\":{\"@id\":\"https:\/\/noticiasemdestaque.com\/cd\/#website\"},\"primaryImageOfPage\":{\"@id\":\"https:\/\/noticiasemdestaque.com\/cd\/?p=77014#primaryimage\"},\"image\":{\"@id\":\"https:\/\/noticiasemdestaque.com\/cd\/?p=77014#primaryimage\"},\"thumbnailUrl\":\"https:\/\/noticiasemdestaque.com\/cd\/wp-content\/uploads\/2026\/03\/IMG_1417.webp\",\"datePublished\":\"2026-03-12T01:00:38+00:00\",\"breadcrumb\":{\"@id\":\"https:\/\/noticiasemdestaque.com\/cd\/?p=77014#breadcrumb\"},\"inLanguage\":\"pt-BR\",\"potentialAction\":[{\"@type\":\"ReadAction\",\"target\":[\"https:\/\/noticiasemdestaque.com\/cd\/?p=77014\"]}]},{\"@type\":\"ImageObject\",\"inLanguage\":\"pt-BR\",\"@id\":\"https:\/\/noticiasemdestaque.com\/cd\/?p=77014#primaryimage\",\"url\":\"https:\/\/noticiasemdestaque.com\/cd\/wp-content\/uploads\/2026\/03\/IMG_1417.webp\",\"contentUrl\":\"https:\/\/noticiasemdestaque.com\/cd\/wp-content\/uploads\/2026\/03\/IMG_1417.webp\",\"width\":1024,\"height\":647},{\"@type\":\"BreadcrumbList\",\"@id\":\"https:\/\/noticiasemdestaque.com\/cd\/?p=77014#breadcrumb\",\"itemListElement\":[{\"@type\":\"ListItem\",\"position\":1,\"name\":\"In\u00edcio\",\"item\":\"https:\/\/noticiasemdestaque.com\/cd\/\"},{\"@type\":\"ListItem\",\"position\":2,\"name\":\"Asfalto que interliga Barra de S\u00e3o Miguel e Cara\u00fabas vai sair do papel e \u00e9 comemorado por prefeitos da regi\u00e3o\"}]},{\"@type\":\"WebSite\",\"@id\":\"https:\/\/noticiasemdestaque.com\/cd\/#website\",\"url\":\"https:\/\/noticiasemdestaque.com\/cd\/\",\"name\":\"Not&iacute;cias em Destaque\",\"description\":\"\",\"publisher\":{\"@id\":\"https:\/\/noticiasemdestaque.com\/cd\/#organization\"},\"potentialAction\":[{\"@type\":\"SearchAction\",\"target\":{\"@type\":\"EntryPoint\",\"urlTemplate\":\"https:\/\/noticiasemdestaque.com\/cd\/?s={search_term_string}\"},\"query-input\":{\"@type\":\"PropertyValueSpecification\",\"valueRequired\":true,\"valueName\":\"search_term_string\"}}],\"inLanguage\":\"pt-BR\"},{\"@type\":\"Organization\",\"@id\":\"https:\/\/noticiasemdestaque.com\/cd\/#organization\",\"name\":\"Not\u00edcias em Destaque\",\"url\":\"https:\/\/noticiasemdestaque.com\/cd\/\",\"logo\":{\"@type\":\"ImageObject\",\"inLanguage\":\"pt-BR\",\"@id\":\"https:\/\/noticiasemdestaque.com\/cd\/#\/schema\/logo\/image\/\",\"url\":\"https:\/\/noticiasemdestaque.com\/cd\/wp-content\/uploads\/2022\/05\/imagem-base-noticiasemdestaque.png\",\"contentUrl\":\"https:\/\/noticiasemdestaque.com\/cd\/wp-content\/uploads\/2022\/05\/imagem-base-noticiasemdestaque.png\",\"width\":1200,\"height\":630,\"caption\":\"Not\u00edcias em Destaque\"},\"image\":{\"@id\":\"https:\/\/noticiasemdestaque.com\/cd\/#\/schema\/logo\/image\/\"}},{\"@type\":\"Person\",\"@id\":\"https:\/\/noticiasemdestaque.com\/cd\/#\/schema\/person\/9c05c6816b191977f47499b3494ace52\",\"name\":\"Not\u00edcias em Destaque\",\"url\":\"https:\/\/noticiasemdestaque.com\/cd\/?author=2\"}]}<\/script>\n<!-- \/ Yoast SEO plugin. -->","yoast_head_json":{"title":"Asfalto que interliga Barra de S\u00e3o Miguel e Cara\u00fabas vai sair do papel e \u00e9 comemorado por prefeitos da regi\u00e3o - Not&iacute;cias em Destaque","robots":{"index":"index","follow":"follow","max-snippet":"max-snippet:-1","max-image-preview":"max-image-preview:large","max-video-preview":"max-video-preview:-1"},"canonical":"https:\/\/noticiasemdestaque.com\/cd\/?p=77014","og_locale":"pt_BR","og_type":"article","og_title":"Asfalto que interliga Barra de S\u00e3o Miguel e Cara\u00fabas vai sair do papel e \u00e9 comemorado por prefeitos da regi\u00e3o - Not&iacute;cias em Destaque","og_description":"O an\u00fancio feito pelo governador da Para\u00edba, Jo\u00e3o Azev\u00eado, sobre novos investimentos em infraestrutura rodovi\u00e1ria trouxe uma not\u00edcia aguardada h\u00e1 anos pela popula\u00e7\u00e3o do Cariri: o asfaltamento da PB-196, no trecho que interliga os munic\u00edpios de Barra de S\u00e3o Miguel e Cara\u00fabas, dever\u00e1 finalmente sair do papel. A informa\u00e7\u00e3o foi confirmada nesta segunda-feira (9), durante o programa Conversa com o Governador, transmitido em cadeia estadual pela R\u00e1dio Tabajara. A obra faz parte do pacote de investimentos do Governo do Estado em rodovias e representa um importante avan\u00e7o para a mobilidade e o desenvolvimento da regi\u00e3o. A pavimenta\u00e7\u00e3o da estrada \u00e9 considerada estrat\u00e9gica, pois ir\u00e1 facilitar o deslocamento entre os munic\u00edpios, al\u00e9m de melhorar o escoamento da produ\u00e7\u00e3o e fortalecer a integra\u00e7\u00e3o econ\u00f4mica entre as cidades do Cariri. O prefeito de Cara\u00fabas, Nerivan Gari, comemorou o an\u00fancio e destacou a import\u00e2ncia da obra para a popula\u00e7\u00e3o: \u201cEssa \u00e9 uma conquista muito esperada pelo nosso povo. Essa estrada vai facilitar a vida de quem precisa se deslocar diariamente, al\u00e9m de impulsionar o desenvolvimento da nossa regi\u00e3o. Ficamos muito felizes com esse an\u00fancio do Governo do Estado\u201d, afirmou o gestor. Quem tamb\u00e9m celebrou a confirma\u00e7\u00e3o do projeto foi o prefeito de Barra de S\u00e3o Miguel, Jo\u00e3o Paulo Fran\u00e7a, que ressaltou o impacto positivo que a obra trar\u00e1 para os munic\u00edpios. \u201cEssa estrada \u00e9 um sonho antigo da popula\u00e7\u00e3o. A pavimenta\u00e7\u00e3o vai garantir mais seguran\u00e7a, mobilidade e desenvolvimento para toda a regi\u00e3o. Agradecemos ao governador Jo\u00e3o Azev\u00eado por olhar com aten\u00e7\u00e3o para o Cariri e atender essa demanda t\u00e3o importante\u201d, destacou. A expectativa agora \u00e9 que os tr\u00e2mites avancem para que a obra da PB-196, entre Barra de S\u00e3o Miguel e Cara\u00fabas, seja iniciada em breve, atendendo uma reivindica\u00e7\u00e3o hist\u00f3rica da popula\u00e7\u00e3o. Noticias em Destaque Com Blog do Alisson Nascimento","og_url":"https:\/\/noticiasemdestaque.com\/cd\/?p=77014","og_site_name":"Not&iacute;cias em Destaque","article_published_time":"2026-03-12T01:00:38+00:00","og_image":[{"width":1024,"height":647,"url":"https:\/\/noticiasemdestaque.com\/cd\/wp-content\/uploads\/2026\/03\/IMG_1417.webp","type":"image\/webp"}],"author":"Not\u00edcias em Destaque","twitter_card":"summary_large_image","twitter_misc":{"Escrito por":"Not\u00edcias em Destaque","Est. tempo de leitura":"3 minutos"},"schema":{"@context":"https:\/\/schema.org","@graph":[{"@type":"Article","@id":"https:\/\/noticiasemdestaque.com\/cd\/?p=77014#article","isPartOf":{"@id":"https:\/\/noticiasemdestaque.com\/cd\/?p=77014"},"author":{"name":"Not\u00edcias em Destaque","@id":"https:\/\/noticiasemdestaque.com\/cd\/#\/schema\/person\/9c05c6816b191977f47499b3494ace52"},"headline":"Asfalto que interliga Barra de S\u00e3o Miguel e Cara\u00fabas vai sair do papel e \u00e9 comemorado por prefeitos da regi\u00e3o","datePublished":"2026-03-12T01:00:38+00:00","mainEntityOfPage":{"@id":"https:\/\/noticiasemdestaque.com\/cd\/?p=77014"},"wordCount":361,"publisher":{"@id":"https:\/\/noticiasemdestaque.com\/cd\/#organization"},"image":{"@id":"https:\/\/noticiasemdestaque.com\/cd\/?p=77014#primaryimage"},"thumbnailUrl":"https:\/\/noticiasemdestaque.com\/cd\/wp-content\/uploads\/2026\/03\/IMG_1417.webp","articleSection":["Cidades"],"inLanguage":"pt-BR"},{"@type":"WebPage","@id":"https:\/\/noticiasemdestaque.com\/cd\/?p=77014","url":"https:\/\/noticiasemdestaque.com\/cd\/?p=77014","name":"Asfalto que interliga Barra de S\u00e3o Miguel e Cara\u00fabas vai sair do papel e \u00e9 comemorado por prefeitos da regi\u00e3o - Not&iacute;cias em Destaque","isPartOf":{"@id":"https:\/\/noticiasemdestaque.com\/cd\/#website"},"primaryImageOfPage":{"@id":"https:\/\/noticiasemdestaque.com\/cd\/?p=77014#primaryimage"},"image":{"@id":"https:\/\/noticiasemdestaque.com\/cd\/?p=77014#primaryimage"},"thumbnailUrl":"https:\/\/noticiasemdestaque.com\/cd\/wp-content\/uploads\/2026\/03\/IMG_1417.webp","datePublished":"2026-03-12T01:00:38+00:00","breadcrumb":{"@id":"https:\/\/noticiasemdestaque.com\/cd\/?p=77014#breadcrumb"},"inLanguage":"pt-BR","potentialAction":[{"@type":"ReadAction","target":["https:\/\/noticiasemdestaque.com\/cd\/?p=77014"]}]},{"@type":"ImageObject","inLanguage":"pt-BR","@id":"https:\/\/noticiasemdestaque.com\/cd\/?p=77014#primaryimage","url":"https:\/\/noticiasemdestaque.com\/cd\/wp-content\/uploads\/2026\/03\/IMG_1417.webp","contentUrl":"https:\/\/noticiasemdestaque.com\/cd\/wp-content\/uploads\/2026\/03\/IMG_1417.webp","width":1024,"height":647},{"@type":"BreadcrumbList","@id":"https:\/\/noticiasemdestaque.com\/cd\/?p=77014#breadcrumb","itemListElement":[{"@type":"ListItem","position":1,"name":"In\u00edcio","item":"https:\/\/noticiasemdestaque.com\/cd\/"},{"@type":"ListItem","position":2,"name":"Asfalto que interliga Barra de S\u00e3o Miguel e Cara\u00fabas vai sair do papel e \u00e9 comemorado por prefeitos da regi\u00e3o"}]},{"@type":"WebSite","@id":"https:\/\/noticiasemdestaque.com\/cd\/#website","url":"https:\/\/noticiasemdestaque.com\/cd\/","name":"Not&iacute;cias em Destaque","description":"","publisher":{"@id":"https:\/\/noticiasemdestaque.com\/cd\/#organization"},"potentialAction":[{"@type":"SearchAction","target":{"@type":"EntryPoint","urlTemplate":"https:\/\/noticiasemdestaque.com\/cd\/?s={search_term_string}"},"query-input":{"@type":"PropertyValueSpecification","valueRequired":true,"valueName":"search_term_string"}}],"inLanguage":"pt-BR"},{"@type":"Organization","@id":"https:\/\/noticiasemdestaque.com\/cd\/#organization","name":"Not\u00edcias em Destaque","url":"https:\/\/noticiasemdestaque.com\/cd\/","logo":{"@type":"ImageObject","inLanguage":"pt-BR","@id":"https:\/\/noticiasemdestaque.com\/cd\/#\/schema\/logo\/image\/","url":"https:\/\/noticiasemdestaque.com\/cd\/wp-content\/uploads\/2022\/05\/imagem-base-noticiasemdestaque.png","contentUrl":"https:\/\/noticiasemdestaque.com\/cd\/wp-content\/uploads\/2022\/05\/imagem-base-noticiasemdestaque.png","width":1200,"height":630,"caption":"Not\u00edcias em Destaque"},"image":{"@id":"https:\/\/noticiasemdestaque.com\/cd\/#\/schema\/logo\/image\/"}},{"@type":"Person","@id":"https:\/\/noticiasemdestaque.com\/cd\/#\/schema\/person\/9c05c6816b191977f47499b3494ace52","name":"Not\u00edcias em Destaque","url":"https:\/\/noticiasemdestaque.com\/cd\/?author=2"}]}},"jetpack_featured_media_url":"https:\/\/noticiasemdestaque.com\/cd\/wp-content\/uploads\/2026\/03\/IMG_1417.webp","jetpack_sharing_enabled":true,"_links":{"self":[{"href":"https:\/\/noticiasemdestaque.com\/cd\/index.php?rest_route=\/wp\/v2\/posts\/77014","targetHints":{"allow":["GET"]}}],"collection":[{"href":"https:\/\/noticiasemdestaque.com\/cd\/index.php?rest_route=\/wp\/v2\/posts"}],"about":[{"href":"https:\/\/noticiasemdestaque.com\/cd\/index.php?rest_route=\/wp\/v2\/types\/post"}],"author":[{"embeddable":true,"href":"https:\/\/noticiasemdestaque.com\/cd\/index.php?rest_route=\/wp\/v2\/users\/2"}],"replies":[{"embeddable":true,"href":"https:\/\/noticiasemdestaque.com\/cd\/index.php?rest_route=%2Fwp%2Fv2%2Fcomments&post=77014"}],"version-history":[{"count":1,"href":"https:\/\/noticiasemdestaque.com\/cd\/index.php?rest_route=\/wp\/v2\/posts\/77014\/revisions"}],"predecessor-version":[{"id":77016,"href":"https:\/\/noticiasemdestaque.com\/cd\/index.php?rest_route=\/wp\/v2\/posts\/77014\/revisions\/77016"}],"wp:featuredmedia":[{"embeddable":true,"href":"https:\/\/noticiasemdestaque.com\/cd\/index.php?rest_route=\/wp\/v2\/media\/77015"}],"wp:attachment":[{"href":"https:\/\/noticiasemdestaque.com\/cd\/index.php?rest_route=%2Fwp%2Fv2%2Fmedia&parent=77014"}],"wp:term":[{"taxonomy":"category","embeddable":true,"href":"https:\/\/noticiasemdestaque.com\/cd\/index.php?rest_route=%2Fwp%2Fv2%2Fcategories&post=77014"},{"taxonomy":"post_tag","embeddable":true,"href":"https:\/\/noticiasemdestaque.com\/cd\/index.php?rest_route=%2Fwp%2Fv2%2Ftags&post=77014"}],"curies":[{"name":"wp","href":"https:\/\/api.w.org\/{rel}","templated":true}]}}