{"id":77011,"date":"2026-03-11T21:42:12","date_gmt":"2026-03-12T00:42:12","guid":{"rendered":"https:\/\/noticiasemdestaque.com\/cd\/?p=77011"},"modified":"2026-03-11T21:42:12","modified_gmt":"2026-03-12T00:42:12","slug":"com-pais-em-guerra-selecao-do-ira-desiste-de-jogar-copa-do-mundo","status":"publish","type":"post","link":"https:\/\/noticiasemdestaque.com\/cd\/?p=77011","title":{"rendered":"Com pa\u00eds em guerra, Sele\u00e7\u00e3o do Ir\u00e3 desiste de jogar Copa do Mundo"},"content":{"rendered":"<p><a href=\"https:\/\/noticiasemdestaque.com\/cd\/wp-content\/uploads\/2026\/03\/Ira-time-1536x864-1-800x450-1-768x432-1.jpg\"><img fetchpriority=\"high\" decoding=\"async\" class=\" wp-image-77012 aligncenter\" src=\"https:\/\/noticiasemdestaque.com\/cd\/wp-content\/uploads\/2026\/03\/Ira-time-1536x864-1-800x450-1-768x432-1-300x169.jpg\" alt=\"\" width=\"891\" height=\"502\" srcset=\"https:\/\/noticiasemdestaque.com\/cd\/wp-content\/uploads\/2026\/03\/Ira-time-1536x864-1-800x450-1-768x432-1-300x169.jpg 300w, https:\/\/noticiasemdestaque.com\/cd\/wp-content\/uploads\/2026\/03\/Ira-time-1536x864-1-800x450-1-768x432-1.jpg 768w\" sizes=\"(max-width: 891px) 100vw, 891px\" \/><\/a><\/p>\n<p>A Sele\u00e7\u00e3o do Ir\u00e3 desistiu de jogar a Copa do Mundo da Fifa, segundo a ag\u00eancia Reuters. A informa\u00e7\u00e3o foi dada pelo ministro do Esporte do pa\u00eds Ahmad Donyamali \u00e0 TV estatal, na manh\u00e3 desta quarta-feira (11).<\/p>\n<blockquote><p>\u201cConsiderando que este regime corrupto [de acordo com ele o dos EUA] assassinou nosso l\u00edder, sob nenhuma circunst\u00e2ncia poderemos participar da Copa do Mundo\u201d, disse o ministro \u00e0 televis\u00e3o estatal.<\/p><\/blockquote>\n<p>A Copa do Mundo da Fifa ser\u00e1 disputada entre 11 de junho e 19 de julho, com jogos nos Estados Unidos, M\u00e9xico e Canad\u00e1.<\/p>\n<blockquote><p>\u201cNossas crian\u00e7as n\u00e3o est\u00e3o seguras e, fundamentalmente, n\u00e3o existem condi\u00e7\u00f5es para participa\u00e7\u00e3o\u201d, complementou Ahmad Donyamali.<\/p><\/blockquote>\n<p>No sorteio realizado em dezembro, os iranianos foram colocados no Grupo G ao lado de B\u00e9lgica, Egito e Nova Zel\u00e2ndia. As tr\u00eas partidas da equipe estavam programadas para ocorrer nos Estados Unidos, duas em Los Angeles e uma em Seattle.<\/p>\n<p>O Ir\u00e3 foi o \u00fanico pa\u00eds ausente de uma c\u00fapula de planejamento da Fifa com sele\u00e7\u00f5es participantes da Copa do Mundo realizada na semana passada em Atlanta.<\/p>\n<p><strong>Noticias em Destaque<\/strong><\/p>\n<p style=\"text-align: right;\"><em>Fonte: Mais PB<\/em><\/p>\n","protected":false},"excerpt":{"rendered":"<p>A Sele\u00e7\u00e3o do Ir\u00e3 desistiu de jogar a Copa do Mundo da Fifa, segundo a ag\u00eancia Reuters. A informa\u00e7\u00e3o foi dada pelo ministro do Esporte do pa\u00eds Ahmad Donyamali \u00e0 TV estatal, na manh\u00e3 desta quarta-feira (11). \u201cConsiderando que este regime corrupto [de acordo com ele o dos EUA] assassinou nosso l\u00edder, sob nenhuma circunst\u00e2ncia poderemos participar da Copa do Mundo\u201d, disse o ministro \u00e0 televis\u00e3o estatal. A Copa do Mundo da Fifa ser\u00e1 disputada entre 11 de junho e 19 de julho, com jogos nos Estados Unidos, M\u00e9xico e Canad\u00e1. \u201cNossas crian\u00e7as n\u00e3o est\u00e3o seguras e, fundamentalmente, n\u00e3o existem condi\u00e7\u00f5es para participa\u00e7\u00e3o\u201d, complementou Ahmad Donyamali. No sorteio realizado em dezembro, os iranianos foram colocados no Grupo G ao lado de B\u00e9lgica, Egito e Nova Zel\u00e2ndia. As tr\u00eas partidas da equipe estavam programadas para ocorrer nos Estados Unidos, duas em Los Angeles e uma em Seattle. O Ir\u00e3 foi o \u00fanico pa\u00eds ausente de uma c\u00fapula de planejamento da Fifa com sele\u00e7\u00f5es participantes da Copa do Mundo realizada na semana passada em Atlanta. Noticias em Destaque Fonte: Mais PB<\/p>\n","protected":false},"author":2,"featured_media":77012,"comment_status":"closed","ping_status":"closed","sticky":false,"template":"","format":"standard","meta":{"_eb_attr":"","_jetpack_memberships_contains_paid_content":false,"footnotes":""},"categories":[13],"tags":[],"class_list":["post-77011","post","type-post","status-publish","format-standard","has-post-thumbnail","hentry","category-esportes"],"yoast_head":"<!-- This site is optimized with the Yoast SEO plugin v26.5 - https:\/\/yoast.com\/wordpress\/plugins\/seo\/ -->\n<title>Com pa\u00eds em guerra, Sele\u00e7\u00e3o do Ir\u00e3 desiste de jogar Copa do Mundo - Not&iacute;cias em Destaque<\/title>\n<meta name=\"robots\" content=\"index, follow, max-snippet:-1, max-image-preview:large, max-video-preview:-1\" \/>\n<link rel=\"canonical\" href=\"https:\/\/noticiasemdestaque.com\/cd\/?p=77011\" \/>\n<meta property=\"og:locale\" content=\"pt_BR\" \/>\n<meta property=\"og:type\" content=\"article\" \/>\n<meta property=\"og:title\" content=\"Com pa\u00eds em guerra, Sele\u00e7\u00e3o do Ir\u00e3 desiste de jogar Copa do Mundo - Not&iacute;cias em Destaque\" \/>\n<meta property=\"og:description\" content=\"A Sele\u00e7\u00e3o do Ir\u00e3 desistiu de jogar a Copa do Mundo da Fifa, segundo a ag\u00eancia Reuters. A informa\u00e7\u00e3o foi dada pelo ministro do Esporte do pa\u00eds Ahmad Donyamali \u00e0 TV estatal, na manh\u00e3 desta quarta-feira (11). \u201cConsiderando que este regime corrupto [de acordo com ele o dos EUA] assassinou nosso l\u00edder, sob nenhuma circunst\u00e2ncia poderemos participar da Copa do Mundo\u201d, disse o ministro \u00e0 televis\u00e3o estatal. A Copa do Mundo da Fifa ser\u00e1 disputada entre 11 de junho e 19 de julho, com jogos nos Estados Unidos, M\u00e9xico e Canad\u00e1. \u201cNossas crian\u00e7as n\u00e3o est\u00e3o seguras e, fundamentalmente, n\u00e3o existem condi\u00e7\u00f5es para participa\u00e7\u00e3o\u201d, complementou Ahmad Donyamali. No sorteio realizado em dezembro, os iranianos foram colocados no Grupo G ao lado de B\u00e9lgica, Egito e Nova Zel\u00e2ndia. As tr\u00eas partidas da equipe estavam programadas para ocorrer nos Estados Unidos, duas em Los Angeles e uma em Seattle. O Ir\u00e3 foi o \u00fanico pa\u00eds ausente de uma c\u00fapula de planejamento da Fifa com sele\u00e7\u00f5es participantes da Copa do Mundo realizada na semana passada em Atlanta. Noticias em Destaque Fonte: Mais PB\" \/>\n<meta property=\"og:url\" content=\"https:\/\/noticiasemdestaque.com\/cd\/?p=77011\" \/>\n<meta property=\"og:site_name\" content=\"Not&iacute;cias em Destaque\" \/>\n<meta property=\"article:published_time\" content=\"2026-03-12T00:42:12+00:00\" \/>\n<meta property=\"og:image\" content=\"https:\/\/noticiasemdestaque.com\/cd\/wp-content\/uploads\/2026\/03\/Ira-time-1536x864-1-800x450-1-768x432-1.jpg\" \/>\n\t<meta property=\"og:image:width\" content=\"768\" \/>\n\t<meta property=\"og:image:height\" content=\"432\" \/>\n\t<meta property=\"og:image:type\" content=\"image\/jpeg\" \/>\n<meta name=\"author\" content=\"Not\u00edcias em Destaque\" \/>\n<meta name=\"twitter:card\" content=\"summary_large_image\" \/>\n<meta name=\"twitter:label1\" content=\"Escrito por\" \/>\n\t<meta name=\"twitter:data1\" content=\"Not\u00edcias em Destaque\" \/>\n\t<meta name=\"twitter:label2\" content=\"Est. tempo de leitura\" \/>\n\t<meta name=\"twitter:data2\" content=\"2 minutos\" \/>\n<script type=\"application\/ld+json\" class=\"yoast-schema-graph\">{\"@context\":\"https:\/\/schema.org\",\"@graph\":[{\"@type\":\"Article\",\"@id\":\"https:\/\/noticiasemdestaque.com\/cd\/?p=77011#article\",\"isPartOf\":{\"@id\":\"https:\/\/noticiasemdestaque.com\/cd\/?p=77011\"},\"author\":{\"name\":\"Not\u00edcias em Destaque\",\"@id\":\"https:\/\/noticiasemdestaque.com\/cd\/#\/schema\/person\/9c05c6816b191977f47499b3494ace52\"},\"headline\":\"Com pa\u00eds em guerra, Sele\u00e7\u00e3o do Ir\u00e3 desiste de jogar Copa do Mundo\",\"datePublished\":\"2026-03-12T00:42:12+00:00\",\"mainEntityOfPage\":{\"@id\":\"https:\/\/noticiasemdestaque.com\/cd\/?p=77011\"},\"wordCount\":209,\"publisher\":{\"@id\":\"https:\/\/noticiasemdestaque.com\/cd\/#organization\"},\"image\":{\"@id\":\"https:\/\/noticiasemdestaque.com\/cd\/?p=77011#primaryimage\"},\"thumbnailUrl\":\"https:\/\/noticiasemdestaque.com\/cd\/wp-content\/uploads\/2026\/03\/Ira-time-1536x864-1-800x450-1-768x432-1.jpg\",\"articleSection\":[\"Esportes\"],\"inLanguage\":\"pt-BR\"},{\"@type\":\"WebPage\",\"@id\":\"https:\/\/noticiasemdestaque.com\/cd\/?p=77011\",\"url\":\"https:\/\/noticiasemdestaque.com\/cd\/?p=77011\",\"name\":\"Com pa\u00eds em guerra, Sele\u00e7\u00e3o do Ir\u00e3 desiste de jogar Copa do Mundo - Not&iacute;cias em Destaque\",\"isPartOf\":{\"@id\":\"https:\/\/noticiasemdestaque.com\/cd\/#website\"},\"primaryImageOfPage\":{\"@id\":\"https:\/\/noticiasemdestaque.com\/cd\/?p=77011#primaryimage\"},\"image\":{\"@id\":\"https:\/\/noticiasemdestaque.com\/cd\/?p=77011#primaryimage\"},\"thumbnailUrl\":\"https:\/\/noticiasemdestaque.com\/cd\/wp-content\/uploads\/2026\/03\/Ira-time-1536x864-1-800x450-1-768x432-1.jpg\",\"datePublished\":\"2026-03-12T00:42:12+00:00\",\"breadcrumb\":{\"@id\":\"https:\/\/noticiasemdestaque.com\/cd\/?p=77011#breadcrumb\"},\"inLanguage\":\"pt-BR\",\"potentialAction\":[{\"@type\":\"ReadAction\",\"target\":[\"https:\/\/noticiasemdestaque.com\/cd\/?p=77011\"]}]},{\"@type\":\"ImageObject\",\"inLanguage\":\"pt-BR\",\"@id\":\"https:\/\/noticiasemdestaque.com\/cd\/?p=77011#primaryimage\",\"url\":\"https:\/\/noticiasemdestaque.com\/cd\/wp-content\/uploads\/2026\/03\/Ira-time-1536x864-1-800x450-1-768x432-1.jpg\",\"contentUrl\":\"https:\/\/noticiasemdestaque.com\/cd\/wp-content\/uploads\/2026\/03\/Ira-time-1536x864-1-800x450-1-768x432-1.jpg\",\"width\":768,\"height\":432},{\"@type\":\"BreadcrumbList\",\"@id\":\"https:\/\/noticiasemdestaque.com\/cd\/?p=77011#breadcrumb\",\"itemListElement\":[{\"@type\":\"ListItem\",\"position\":1,\"name\":\"In\u00edcio\",\"item\":\"https:\/\/noticiasemdestaque.com\/cd\/\"},{\"@type\":\"ListItem\",\"position\":2,\"name\":\"Com pa\u00eds em guerra, Sele\u00e7\u00e3o do Ir\u00e3 desiste de jogar Copa do Mundo\"}]},{\"@type\":\"WebSite\",\"@id\":\"https:\/\/noticiasemdestaque.com\/cd\/#website\",\"url\":\"https:\/\/noticiasemdestaque.com\/cd\/\",\"name\":\"Not&iacute;cias em Destaque\",\"description\":\"\",\"publisher\":{\"@id\":\"https:\/\/noticiasemdestaque.com\/cd\/#organization\"},\"potentialAction\":[{\"@type\":\"SearchAction\",\"target\":{\"@type\":\"EntryPoint\",\"urlTemplate\":\"https:\/\/noticiasemdestaque.com\/cd\/?s={search_term_string}\"},\"query-input\":{\"@type\":\"PropertyValueSpecification\",\"valueRequired\":true,\"valueName\":\"search_term_string\"}}],\"inLanguage\":\"pt-BR\"},{\"@type\":\"Organization\",\"@id\":\"https:\/\/noticiasemdestaque.com\/cd\/#organization\",\"name\":\"Not\u00edcias em Destaque\",\"url\":\"https:\/\/noticiasemdestaque.com\/cd\/\",\"logo\":{\"@type\":\"ImageObject\",\"inLanguage\":\"pt-BR\",\"@id\":\"https:\/\/noticiasemdestaque.com\/cd\/#\/schema\/logo\/image\/\",\"url\":\"https:\/\/noticiasemdestaque.com\/cd\/wp-content\/uploads\/2022\/05\/imagem-base-noticiasemdestaque.png\",\"contentUrl\":\"https:\/\/noticiasemdestaque.com\/cd\/wp-content\/uploads\/2022\/05\/imagem-base-noticiasemdestaque.png\",\"width\":1200,\"height\":630,\"caption\":\"Not\u00edcias em Destaque\"},\"image\":{\"@id\":\"https:\/\/noticiasemdestaque.com\/cd\/#\/schema\/logo\/image\/\"}},{\"@type\":\"Person\",\"@id\":\"https:\/\/noticiasemdestaque.com\/cd\/#\/schema\/person\/9c05c6816b191977f47499b3494ace52\",\"name\":\"Not\u00edcias em Destaque\",\"url\":\"https:\/\/noticiasemdestaque.com\/cd\/?author=2\"}]}<\/script>\n<!-- \/ Yoast SEO plugin. -->","yoast_head_json":{"title":"Com pa\u00eds em guerra, Sele\u00e7\u00e3o do Ir\u00e3 desiste de jogar Copa do Mundo - Not&iacute;cias em Destaque","robots":{"index":"index","follow":"follow","max-snippet":"max-snippet:-1","max-image-preview":"max-image-preview:large","max-video-preview":"max-video-preview:-1"},"canonical":"https:\/\/noticiasemdestaque.com\/cd\/?p=77011","og_locale":"pt_BR","og_type":"article","og_title":"Com pa\u00eds em guerra, Sele\u00e7\u00e3o do Ir\u00e3 desiste de jogar Copa do Mundo - Not&iacute;cias em Destaque","og_description":"A Sele\u00e7\u00e3o do Ir\u00e3 desistiu de jogar a Copa do Mundo da Fifa, segundo a ag\u00eancia Reuters. A informa\u00e7\u00e3o foi dada pelo ministro do Esporte do pa\u00eds Ahmad Donyamali \u00e0 TV estatal, na manh\u00e3 desta quarta-feira (11). \u201cConsiderando que este regime corrupto [de acordo com ele o dos EUA] assassinou nosso l\u00edder, sob nenhuma circunst\u00e2ncia poderemos participar da Copa do Mundo\u201d, disse o ministro \u00e0 televis\u00e3o estatal. A Copa do Mundo da Fifa ser\u00e1 disputada entre 11 de junho e 19 de julho, com jogos nos Estados Unidos, M\u00e9xico e Canad\u00e1. \u201cNossas crian\u00e7as n\u00e3o est\u00e3o seguras e, fundamentalmente, n\u00e3o existem condi\u00e7\u00f5es para participa\u00e7\u00e3o\u201d, complementou Ahmad Donyamali. No sorteio realizado em dezembro, os iranianos foram colocados no Grupo G ao lado de B\u00e9lgica, Egito e Nova Zel\u00e2ndia. As tr\u00eas partidas da equipe estavam programadas para ocorrer nos Estados Unidos, duas em Los Angeles e uma em Seattle. O Ir\u00e3 foi o \u00fanico pa\u00eds ausente de uma c\u00fapula de planejamento da Fifa com sele\u00e7\u00f5es participantes da Copa do Mundo realizada na semana passada em Atlanta. Noticias em Destaque Fonte: Mais PB","og_url":"https:\/\/noticiasemdestaque.com\/cd\/?p=77011","og_site_name":"Not&iacute;cias em Destaque","article_published_time":"2026-03-12T00:42:12+00:00","og_image":[{"width":768,"height":432,"url":"https:\/\/noticiasemdestaque.com\/cd\/wp-content\/uploads\/2026\/03\/Ira-time-1536x864-1-800x450-1-768x432-1.jpg","type":"image\/jpeg"}],"author":"Not\u00edcias em Destaque","twitter_card":"summary_large_image","twitter_misc":{"Escrito por":"Not\u00edcias em Destaque","Est. tempo de leitura":"2 minutos"},"schema":{"@context":"https:\/\/schema.org","@graph":[{"@type":"Article","@id":"https:\/\/noticiasemdestaque.com\/cd\/?p=77011#article","isPartOf":{"@id":"https:\/\/noticiasemdestaque.com\/cd\/?p=77011"},"author":{"name":"Not\u00edcias em Destaque","@id":"https:\/\/noticiasemdestaque.com\/cd\/#\/schema\/person\/9c05c6816b191977f47499b3494ace52"},"headline":"Com pa\u00eds em guerra, Sele\u00e7\u00e3o do Ir\u00e3 desiste de jogar Copa do Mundo","datePublished":"2026-03-12T00:42:12+00:00","mainEntityOfPage":{"@id":"https:\/\/noticiasemdestaque.com\/cd\/?p=77011"},"wordCount":209,"publisher":{"@id":"https:\/\/noticiasemdestaque.com\/cd\/#organization"},"image":{"@id":"https:\/\/noticiasemdestaque.com\/cd\/?p=77011#primaryimage"},"thumbnailUrl":"https:\/\/noticiasemdestaque.com\/cd\/wp-content\/uploads\/2026\/03\/Ira-time-1536x864-1-800x450-1-768x432-1.jpg","articleSection":["Esportes"],"inLanguage":"pt-BR"},{"@type":"WebPage","@id":"https:\/\/noticiasemdestaque.com\/cd\/?p=77011","url":"https:\/\/noticiasemdestaque.com\/cd\/?p=77011","name":"Com pa\u00eds em guerra, Sele\u00e7\u00e3o do Ir\u00e3 desiste de jogar Copa do Mundo - Not&iacute;cias em Destaque","isPartOf":{"@id":"https:\/\/noticiasemdestaque.com\/cd\/#website"},"primaryImageOfPage":{"@id":"https:\/\/noticiasemdestaque.com\/cd\/?p=77011#primaryimage"},"image":{"@id":"https:\/\/noticiasemdestaque.com\/cd\/?p=77011#primaryimage"},"thumbnailUrl":"https:\/\/noticiasemdestaque.com\/cd\/wp-content\/uploads\/2026\/03\/Ira-time-1536x864-1-800x450-1-768x432-1.jpg","datePublished":"2026-03-12T00:42:12+00:00","breadcrumb":{"@id":"https:\/\/noticiasemdestaque.com\/cd\/?p=77011#breadcrumb"},"inLanguage":"pt-BR","potentialAction":[{"@type":"ReadAction","target":["https:\/\/noticiasemdestaque.com\/cd\/?p=77011"]}]},{"@type":"ImageObject","inLanguage":"pt-BR","@id":"https:\/\/noticiasemdestaque.com\/cd\/?p=77011#primaryimage","url":"https:\/\/noticiasemdestaque.com\/cd\/wp-content\/uploads\/2026\/03\/Ira-time-1536x864-1-800x450-1-768x432-1.jpg","contentUrl":"https:\/\/noticiasemdestaque.com\/cd\/wp-content\/uploads\/2026\/03\/Ira-time-1536x864-1-800x450-1-768x432-1.jpg","width":768,"height":432},{"@type":"BreadcrumbList","@id":"https:\/\/noticiasemdestaque.com\/cd\/?p=77011#breadcrumb","itemListElement":[{"@type":"ListItem","position":1,"name":"In\u00edcio","item":"https:\/\/noticiasemdestaque.com\/cd\/"},{"@type":"ListItem","position":2,"name":"Com pa\u00eds em guerra, Sele\u00e7\u00e3o do Ir\u00e3 desiste de jogar Copa do Mundo"}]},{"@type":"WebSite","@id":"https:\/\/noticiasemdestaque.com\/cd\/#website","url":"https:\/\/noticiasemdestaque.com\/cd\/","name":"Not&iacute;cias em Destaque","description":"","publisher":{"@id":"https:\/\/noticiasemdestaque.com\/cd\/#organization"},"potentialAction":[{"@type":"SearchAction","target":{"@type":"EntryPoint","urlTemplate":"https:\/\/noticiasemdestaque.com\/cd\/?s={search_term_string}"},"query-input":{"@type":"PropertyValueSpecification","valueRequired":true,"valueName":"search_term_string"}}],"inLanguage":"pt-BR"},{"@type":"Organization","@id":"https:\/\/noticiasemdestaque.com\/cd\/#organization","name":"Not\u00edcias em Destaque","url":"https:\/\/noticiasemdestaque.com\/cd\/","logo":{"@type":"ImageObject","inLanguage":"pt-BR","@id":"https:\/\/noticiasemdestaque.com\/cd\/#\/schema\/logo\/image\/","url":"https:\/\/noticiasemdestaque.com\/cd\/wp-content\/uploads\/2022\/05\/imagem-base-noticiasemdestaque.png","contentUrl":"https:\/\/noticiasemdestaque.com\/cd\/wp-content\/uploads\/2022\/05\/imagem-base-noticiasemdestaque.png","width":1200,"height":630,"caption":"Not\u00edcias em Destaque"},"image":{"@id":"https:\/\/noticiasemdestaque.com\/cd\/#\/schema\/logo\/image\/"}},{"@type":"Person","@id":"https:\/\/noticiasemdestaque.com\/cd\/#\/schema\/person\/9c05c6816b191977f47499b3494ace52","name":"Not\u00edcias em Destaque","url":"https:\/\/noticiasemdestaque.com\/cd\/?author=2"}]}},"jetpack_featured_media_url":"https:\/\/noticiasemdestaque.com\/cd\/wp-content\/uploads\/2026\/03\/Ira-time-1536x864-1-800x450-1-768x432-1.jpg","jetpack_sharing_enabled":true,"_links":{"self":[{"href":"https:\/\/noticiasemdestaque.com\/cd\/index.php?rest_route=\/wp\/v2\/posts\/77011","targetHints":{"allow":["GET"]}}],"collection":[{"href":"https:\/\/noticiasemdestaque.com\/cd\/index.php?rest_route=\/wp\/v2\/posts"}],"about":[{"href":"https:\/\/noticiasemdestaque.com\/cd\/index.php?rest_route=\/wp\/v2\/types\/post"}],"author":[{"embeddable":true,"href":"https:\/\/noticiasemdestaque.com\/cd\/index.php?rest_route=\/wp\/v2\/users\/2"}],"replies":[{"embeddable":true,"href":"https:\/\/noticiasemdestaque.com\/cd\/index.php?rest_route=%2Fwp%2Fv2%2Fcomments&post=77011"}],"version-history":[{"count":1,"href":"https:\/\/noticiasemdestaque.com\/cd\/index.php?rest_route=\/wp\/v2\/posts\/77011\/revisions"}],"predecessor-version":[{"id":77013,"href":"https:\/\/noticiasemdestaque.com\/cd\/index.php?rest_route=\/wp\/v2\/posts\/77011\/revisions\/77013"}],"wp:featuredmedia":[{"embeddable":true,"href":"https:\/\/noticiasemdestaque.com\/cd\/index.php?rest_route=\/wp\/v2\/media\/77012"}],"wp:attachment":[{"href":"https:\/\/noticiasemdestaque.com\/cd\/index.php?rest_route=%2Fwp%2Fv2%2Fmedia&parent=77011"}],"wp:term":[{"taxonomy":"category","embeddable":true,"href":"https:\/\/noticiasemdestaque.com\/cd\/index.php?rest_route=%2Fwp%2Fv2%2Fcategories&post=77011"},{"taxonomy":"post_tag","embeddable":true,"href":"https:\/\/noticiasemdestaque.com\/cd\/index.php?rest_route=%2Fwp%2Fv2%2Ftags&post=77011"}],"curies":[{"name":"wp","href":"https:\/\/api.w.org\/{rel}","templated":true}]}}