{"id":77008,"date":"2026-03-11T16:45:29","date_gmt":"2026-03-11T19:45:29","guid":{"rendered":"https:\/\/noticiasemdestaque.com\/cd\/?p=77008"},"modified":"2026-03-11T16:45:29","modified_gmt":"2026-03-11T19:45:29","slug":"corpo-de-mulher-e-encontrado-carbonizado-dentro-de-mala-em-manaira","status":"publish","type":"post","link":"https:\/\/noticiasemdestaque.com\/cd\/?p=77008","title":{"rendered":"Corpo de mulher \u00e9 encontrado carbonizado dentro de mala em Mana\u00edra"},"content":{"rendered":"<p><a href=\"https:\/\/noticiasemdestaque.com\/cd\/wp-content\/uploads\/2026\/03\/ipc-numol.webp\"><img fetchpriority=\"high\" decoding=\"async\" class=\" wp-image-77009 aligncenter\" src=\"https:\/\/noticiasemdestaque.com\/cd\/wp-content\/uploads\/2026\/03\/ipc-numol-300x184.webp\" alt=\"\" width=\"892\" height=\"547\" srcset=\"https:\/\/noticiasemdestaque.com\/cd\/wp-content\/uploads\/2026\/03\/ipc-numol-300x184.webp 300w, https:\/\/noticiasemdestaque.com\/cd\/wp-content\/uploads\/2026\/03\/ipc-numol.webp 750w\" sizes=\"(max-width: 892px) 100vw, 892px\" \/><\/a><\/p>\n<p>O corpo de uma mulher foi encontrado carbonizado dentro de mala no bairro de Mana\u00edra, em Jo\u00e3o Pessoa, na madrugada desta quarta-feira (11). O Batalh\u00e3o Tur\u00edstico da Pol\u00edcia Militar (BEPTur) foi acionado \u00e0 rua Francisco Brand\u00e3o, por volta das 2h, ap\u00f3s moradores relatarem sobre um inc\u00eandio em frente a Escola Municipal Nazinha Barbosa.<\/p>\n<div class=\"google-anno-skip google-anno-sc\" tabindex=\"0\" role=\"link\" aria-label=\"Guias e document\u00e1rios de viagens\" data-google-vignette=\"false\" data-google-interstitial=\"false\">Guias e document\u00e1rios de viagens<\/div>\n<p>A delegada Josenice Andrade, informou em entrevista \u00e0 imprensa, o corpo foi levado ao local no interior de uma mala e depois incendiado.<\/p>\n<p>Ainda segundo a delegada, a v\u00edtima \u00e9 uma mulher jovem e h\u00e1 poss\u00edveis perfura\u00e7\u00f5es, mas carboniza\u00e7\u00e3o dificultaram a identifica\u00e7\u00e3o.<\/p>\n<p>Conforme observou o ClickPB, a din\u00e2mica do crime e a identifica\u00e7\u00e3o da v\u00edtima seguem desconhecidas. O exame cadav\u00e9rico ser\u00e1 realizado e a Pol\u00edcia Civil segue investigando o caso.<\/p>\n<p>Qualquer informa\u00e7\u00e3o relacionada ao caso pode ser denunciada atrav\u00e9s do 197.<\/p>\n<p><strong>Noticias em Destaque<\/strong><\/p>\n<p style=\"text-align: right;\"><em>Fonte: ClickPB<\/em><\/p>\n","protected":false},"excerpt":{"rendered":"<p>O corpo de uma mulher foi encontrado carbonizado dentro de mala no bairro de Mana\u00edra, em Jo\u00e3o Pessoa, na madrugada desta quarta-feira (11). O Batalh\u00e3o Tur\u00edstico da Pol\u00edcia Militar (BEPTur) foi acionado \u00e0 rua Francisco Brand\u00e3o, por volta das 2h, ap\u00f3s moradores relatarem sobre um inc\u00eandio em frente a Escola Municipal Nazinha Barbosa. Guias e document\u00e1rios de viagens A delegada Josenice Andrade, informou em entrevista \u00e0 imprensa, o corpo foi levado ao local no interior de uma mala e depois incendiado. Ainda segundo a delegada, a v\u00edtima \u00e9 uma mulher jovem e h\u00e1 poss\u00edveis perfura\u00e7\u00f5es, mas carboniza\u00e7\u00e3o dificultaram a identifica\u00e7\u00e3o. Conforme observou o ClickPB, a din\u00e2mica do crime e a identifica\u00e7\u00e3o da v\u00edtima seguem desconhecidas. O exame cadav\u00e9rico ser\u00e1 realizado e a Pol\u00edcia Civil segue investigando o caso. Qualquer informa\u00e7\u00e3o relacionada ao caso pode ser denunciada atrav\u00e9s do 197. Noticias em Destaque Fonte: ClickPB<\/p>\n","protected":false},"author":2,"featured_media":77009,"comment_status":"closed","ping_status":"closed","sticky":false,"template":"","format":"standard","meta":{"_eb_attr":"","_jetpack_memberships_contains_paid_content":false,"footnotes":""},"categories":[20],"tags":[],"class_list":["post-77008","post","type-post","status-publish","format-standard","has-post-thumbnail","hentry","category-policia"],"yoast_head":"<!-- This site is optimized with the Yoast SEO plugin v26.5 - https:\/\/yoast.com\/wordpress\/plugins\/seo\/ -->\n<title>Corpo de mulher \u00e9 encontrado carbonizado dentro de mala em Mana\u00edra - Not&iacute;cias em Destaque<\/title>\n<meta name=\"robots\" content=\"index, follow, max-snippet:-1, max-image-preview:large, max-video-preview:-1\" \/>\n<link rel=\"canonical\" href=\"https:\/\/noticiasemdestaque.com\/cd\/?p=77008\" \/>\n<meta property=\"og:locale\" content=\"pt_BR\" \/>\n<meta property=\"og:type\" content=\"article\" \/>\n<meta property=\"og:title\" content=\"Corpo de mulher \u00e9 encontrado carbonizado dentro de mala em Mana\u00edra - Not&iacute;cias em Destaque\" \/>\n<meta property=\"og:description\" content=\"O corpo de uma mulher foi encontrado carbonizado dentro de mala no bairro de Mana\u00edra, em Jo\u00e3o Pessoa, na madrugada desta quarta-feira (11). O Batalh\u00e3o Tur\u00edstico da Pol\u00edcia Militar (BEPTur) foi acionado \u00e0 rua Francisco Brand\u00e3o, por volta das 2h, ap\u00f3s moradores relatarem sobre um inc\u00eandio em frente a Escola Municipal Nazinha Barbosa. Guias e document\u00e1rios de viagens A delegada Josenice Andrade, informou em entrevista \u00e0 imprensa, o corpo foi levado ao local no interior de uma mala e depois incendiado. Ainda segundo a delegada, a v\u00edtima \u00e9 uma mulher jovem e h\u00e1 poss\u00edveis perfura\u00e7\u00f5es, mas carboniza\u00e7\u00e3o dificultaram a identifica\u00e7\u00e3o. Conforme observou o ClickPB, a din\u00e2mica do crime e a identifica\u00e7\u00e3o da v\u00edtima seguem desconhecidas. O exame cadav\u00e9rico ser\u00e1 realizado e a Pol\u00edcia Civil segue investigando o caso. Qualquer informa\u00e7\u00e3o relacionada ao caso pode ser denunciada atrav\u00e9s do 197. Noticias em Destaque Fonte: ClickPB\" \/>\n<meta property=\"og:url\" content=\"https:\/\/noticiasemdestaque.com\/cd\/?p=77008\" \/>\n<meta property=\"og:site_name\" content=\"Not&iacute;cias em Destaque\" \/>\n<meta property=\"article:published_time\" content=\"2026-03-11T19:45:29+00:00\" \/>\n<meta property=\"og:image\" content=\"https:\/\/noticiasemdestaque.com\/cd\/wp-content\/uploads\/2026\/03\/ipc-numol.webp\" \/>\n\t<meta property=\"og:image:width\" content=\"750\" \/>\n\t<meta property=\"og:image:height\" content=\"460\" \/>\n\t<meta property=\"og:image:type\" content=\"image\/webp\" \/>\n<meta name=\"author\" content=\"Not\u00edcias em Destaque\" \/>\n<meta name=\"twitter:card\" content=\"summary_large_image\" \/>\n<meta name=\"twitter:label1\" content=\"Escrito por\" \/>\n\t<meta name=\"twitter:data1\" content=\"Not\u00edcias em Destaque\" \/>\n\t<meta name=\"twitter:label2\" content=\"Est. tempo de leitura\" \/>\n\t<meta name=\"twitter:data2\" content=\"2 minutos\" \/>\n<script type=\"application\/ld+json\" class=\"yoast-schema-graph\">{\"@context\":\"https:\/\/schema.org\",\"@graph\":[{\"@type\":\"Article\",\"@id\":\"https:\/\/noticiasemdestaque.com\/cd\/?p=77008#article\",\"isPartOf\":{\"@id\":\"https:\/\/noticiasemdestaque.com\/cd\/?p=77008\"},\"author\":{\"name\":\"Not\u00edcias em Destaque\",\"@id\":\"https:\/\/noticiasemdestaque.com\/cd\/#\/schema\/person\/967a459378479d4fa07976fedd8a7b5e\"},\"headline\":\"Corpo de mulher \u00e9 encontrado carbonizado dentro de mala em Mana\u00edra\",\"datePublished\":\"2026-03-11T19:45:29+00:00\",\"mainEntityOfPage\":{\"@id\":\"https:\/\/noticiasemdestaque.com\/cd\/?p=77008\"},\"wordCount\":171,\"publisher\":{\"@id\":\"https:\/\/noticiasemdestaque.com\/cd\/#organization\"},\"image\":{\"@id\":\"https:\/\/noticiasemdestaque.com\/cd\/?p=77008#primaryimage\"},\"thumbnailUrl\":\"https:\/\/noticiasemdestaque.com\/cd\/wp-content\/uploads\/2026\/03\/ipc-numol.webp\",\"articleSection\":[\"Pol\u00edcia\"],\"inLanguage\":\"pt-BR\"},{\"@type\":\"WebPage\",\"@id\":\"https:\/\/noticiasemdestaque.com\/cd\/?p=77008\",\"url\":\"https:\/\/noticiasemdestaque.com\/cd\/?p=77008\",\"name\":\"Corpo de mulher \u00e9 encontrado carbonizado dentro de mala em Mana\u00edra - Not&iacute;cias em Destaque\",\"isPartOf\":{\"@id\":\"https:\/\/noticiasemdestaque.com\/cd\/#website\"},\"primaryImageOfPage\":{\"@id\":\"https:\/\/noticiasemdestaque.com\/cd\/?p=77008#primaryimage\"},\"image\":{\"@id\":\"https:\/\/noticiasemdestaque.com\/cd\/?p=77008#primaryimage\"},\"thumbnailUrl\":\"https:\/\/noticiasemdestaque.com\/cd\/wp-content\/uploads\/2026\/03\/ipc-numol.webp\",\"datePublished\":\"2026-03-11T19:45:29+00:00\",\"breadcrumb\":{\"@id\":\"https:\/\/noticiasemdestaque.com\/cd\/?p=77008#breadcrumb\"},\"inLanguage\":\"pt-BR\",\"potentialAction\":[{\"@type\":\"ReadAction\",\"target\":[\"https:\/\/noticiasemdestaque.com\/cd\/?p=77008\"]}]},{\"@type\":\"ImageObject\",\"inLanguage\":\"pt-BR\",\"@id\":\"https:\/\/noticiasemdestaque.com\/cd\/?p=77008#primaryimage\",\"url\":\"https:\/\/noticiasemdestaque.com\/cd\/wp-content\/uploads\/2026\/03\/ipc-numol.webp\",\"contentUrl\":\"https:\/\/noticiasemdestaque.com\/cd\/wp-content\/uploads\/2026\/03\/ipc-numol.webp\",\"width\":750,\"height\":460},{\"@type\":\"BreadcrumbList\",\"@id\":\"https:\/\/noticiasemdestaque.com\/cd\/?p=77008#breadcrumb\",\"itemListElement\":[{\"@type\":\"ListItem\",\"position\":1,\"name\":\"In\u00edcio\",\"item\":\"https:\/\/noticiasemdestaque.com\/cd\/\"},{\"@type\":\"ListItem\",\"position\":2,\"name\":\"Corpo de mulher \u00e9 encontrado carbonizado dentro de mala em Mana\u00edra\"}]},{\"@type\":\"WebSite\",\"@id\":\"https:\/\/noticiasemdestaque.com\/cd\/#website\",\"url\":\"https:\/\/noticiasemdestaque.com\/cd\/\",\"name\":\"Not&iacute;cias em Destaque\",\"description\":\"\",\"publisher\":{\"@id\":\"https:\/\/noticiasemdestaque.com\/cd\/#organization\"},\"potentialAction\":[{\"@type\":\"SearchAction\",\"target\":{\"@type\":\"EntryPoint\",\"urlTemplate\":\"https:\/\/noticiasemdestaque.com\/cd\/?s={search_term_string}\"},\"query-input\":{\"@type\":\"PropertyValueSpecification\",\"valueRequired\":true,\"valueName\":\"search_term_string\"}}],\"inLanguage\":\"pt-BR\"},{\"@type\":\"Organization\",\"@id\":\"https:\/\/noticiasemdestaque.com\/cd\/#organization\",\"name\":\"Not\u00edcias em Destaque\",\"url\":\"https:\/\/noticiasemdestaque.com\/cd\/\",\"logo\":{\"@type\":\"ImageObject\",\"inLanguage\":\"pt-BR\",\"@id\":\"https:\/\/noticiasemdestaque.com\/cd\/#\/schema\/logo\/image\/\",\"url\":\"https:\/\/noticiasemdestaque.com\/cd\/wp-content\/uploads\/2022\/05\/imagem-base-noticiasemdestaque.png\",\"contentUrl\":\"https:\/\/noticiasemdestaque.com\/cd\/wp-content\/uploads\/2022\/05\/imagem-base-noticiasemdestaque.png\",\"width\":1200,\"height\":630,\"caption\":\"Not\u00edcias em Destaque\"},\"image\":{\"@id\":\"https:\/\/noticiasemdestaque.com\/cd\/#\/schema\/logo\/image\/\"}},{\"@type\":\"Person\",\"@id\":\"https:\/\/noticiasemdestaque.com\/cd\/#\/schema\/person\/967a459378479d4fa07976fedd8a7b5e\",\"name\":\"Not\u00edcias em Destaque\",\"url\":\"https:\/\/noticiasemdestaque.com\/cd\/?author=2\"}]}<\/script>\n<!-- \/ Yoast SEO plugin. -->","yoast_head_json":{"title":"Corpo de mulher \u00e9 encontrado carbonizado dentro de mala em Mana\u00edra - Not&iacute;cias em Destaque","robots":{"index":"index","follow":"follow","max-snippet":"max-snippet:-1","max-image-preview":"max-image-preview:large","max-video-preview":"max-video-preview:-1"},"canonical":"https:\/\/noticiasemdestaque.com\/cd\/?p=77008","og_locale":"pt_BR","og_type":"article","og_title":"Corpo de mulher \u00e9 encontrado carbonizado dentro de mala em Mana\u00edra - Not&iacute;cias em Destaque","og_description":"O corpo de uma mulher foi encontrado carbonizado dentro de mala no bairro de Mana\u00edra, em Jo\u00e3o Pessoa, na madrugada desta quarta-feira (11). O Batalh\u00e3o Tur\u00edstico da Pol\u00edcia Militar (BEPTur) foi acionado \u00e0 rua Francisco Brand\u00e3o, por volta das 2h, ap\u00f3s moradores relatarem sobre um inc\u00eandio em frente a Escola Municipal Nazinha Barbosa. Guias e document\u00e1rios de viagens A delegada Josenice Andrade, informou em entrevista \u00e0 imprensa, o corpo foi levado ao local no interior de uma mala e depois incendiado. Ainda segundo a delegada, a v\u00edtima \u00e9 uma mulher jovem e h\u00e1 poss\u00edveis perfura\u00e7\u00f5es, mas carboniza\u00e7\u00e3o dificultaram a identifica\u00e7\u00e3o. Conforme observou o ClickPB, a din\u00e2mica do crime e a identifica\u00e7\u00e3o da v\u00edtima seguem desconhecidas. O exame cadav\u00e9rico ser\u00e1 realizado e a Pol\u00edcia Civil segue investigando o caso. Qualquer informa\u00e7\u00e3o relacionada ao caso pode ser denunciada atrav\u00e9s do 197. Noticias em Destaque Fonte: ClickPB","og_url":"https:\/\/noticiasemdestaque.com\/cd\/?p=77008","og_site_name":"Not&iacute;cias em Destaque","article_published_time":"2026-03-11T19:45:29+00:00","og_image":[{"width":750,"height":460,"url":"https:\/\/noticiasemdestaque.com\/cd\/wp-content\/uploads\/2026\/03\/ipc-numol.webp","type":"image\/webp"}],"author":"Not\u00edcias em Destaque","twitter_card":"summary_large_image","twitter_misc":{"Escrito por":"Not\u00edcias em Destaque","Est. tempo de leitura":"2 minutos"},"schema":{"@context":"https:\/\/schema.org","@graph":[{"@type":"Article","@id":"https:\/\/noticiasemdestaque.com\/cd\/?p=77008#article","isPartOf":{"@id":"https:\/\/noticiasemdestaque.com\/cd\/?p=77008"},"author":{"name":"Not\u00edcias em Destaque","@id":"https:\/\/noticiasemdestaque.com\/cd\/#\/schema\/person\/967a459378479d4fa07976fedd8a7b5e"},"headline":"Corpo de mulher \u00e9 encontrado carbonizado dentro de mala em Mana\u00edra","datePublished":"2026-03-11T19:45:29+00:00","mainEntityOfPage":{"@id":"https:\/\/noticiasemdestaque.com\/cd\/?p=77008"},"wordCount":171,"publisher":{"@id":"https:\/\/noticiasemdestaque.com\/cd\/#organization"},"image":{"@id":"https:\/\/noticiasemdestaque.com\/cd\/?p=77008#primaryimage"},"thumbnailUrl":"https:\/\/noticiasemdestaque.com\/cd\/wp-content\/uploads\/2026\/03\/ipc-numol.webp","articleSection":["Pol\u00edcia"],"inLanguage":"pt-BR"},{"@type":"WebPage","@id":"https:\/\/noticiasemdestaque.com\/cd\/?p=77008","url":"https:\/\/noticiasemdestaque.com\/cd\/?p=77008","name":"Corpo de mulher \u00e9 encontrado carbonizado dentro de mala em Mana\u00edra - Not&iacute;cias em Destaque","isPartOf":{"@id":"https:\/\/noticiasemdestaque.com\/cd\/#website"},"primaryImageOfPage":{"@id":"https:\/\/noticiasemdestaque.com\/cd\/?p=77008#primaryimage"},"image":{"@id":"https:\/\/noticiasemdestaque.com\/cd\/?p=77008#primaryimage"},"thumbnailUrl":"https:\/\/noticiasemdestaque.com\/cd\/wp-content\/uploads\/2026\/03\/ipc-numol.webp","datePublished":"2026-03-11T19:45:29+00:00","breadcrumb":{"@id":"https:\/\/noticiasemdestaque.com\/cd\/?p=77008#breadcrumb"},"inLanguage":"pt-BR","potentialAction":[{"@type":"ReadAction","target":["https:\/\/noticiasemdestaque.com\/cd\/?p=77008"]}]},{"@type":"ImageObject","inLanguage":"pt-BR","@id":"https:\/\/noticiasemdestaque.com\/cd\/?p=77008#primaryimage","url":"https:\/\/noticiasemdestaque.com\/cd\/wp-content\/uploads\/2026\/03\/ipc-numol.webp","contentUrl":"https:\/\/noticiasemdestaque.com\/cd\/wp-content\/uploads\/2026\/03\/ipc-numol.webp","width":750,"height":460},{"@type":"BreadcrumbList","@id":"https:\/\/noticiasemdestaque.com\/cd\/?p=77008#breadcrumb","itemListElement":[{"@type":"ListItem","position":1,"name":"In\u00edcio","item":"https:\/\/noticiasemdestaque.com\/cd\/"},{"@type":"ListItem","position":2,"name":"Corpo de mulher \u00e9 encontrado carbonizado dentro de mala em Mana\u00edra"}]},{"@type":"WebSite","@id":"https:\/\/noticiasemdestaque.com\/cd\/#website","url":"https:\/\/noticiasemdestaque.com\/cd\/","name":"Not&iacute;cias em Destaque","description":"","publisher":{"@id":"https:\/\/noticiasemdestaque.com\/cd\/#organization"},"potentialAction":[{"@type":"SearchAction","target":{"@type":"EntryPoint","urlTemplate":"https:\/\/noticiasemdestaque.com\/cd\/?s={search_term_string}"},"query-input":{"@type":"PropertyValueSpecification","valueRequired":true,"valueName":"search_term_string"}}],"inLanguage":"pt-BR"},{"@type":"Organization","@id":"https:\/\/noticiasemdestaque.com\/cd\/#organization","name":"Not\u00edcias em Destaque","url":"https:\/\/noticiasemdestaque.com\/cd\/","logo":{"@type":"ImageObject","inLanguage":"pt-BR","@id":"https:\/\/noticiasemdestaque.com\/cd\/#\/schema\/logo\/image\/","url":"https:\/\/noticiasemdestaque.com\/cd\/wp-content\/uploads\/2022\/05\/imagem-base-noticiasemdestaque.png","contentUrl":"https:\/\/noticiasemdestaque.com\/cd\/wp-content\/uploads\/2022\/05\/imagem-base-noticiasemdestaque.png","width":1200,"height":630,"caption":"Not\u00edcias em Destaque"},"image":{"@id":"https:\/\/noticiasemdestaque.com\/cd\/#\/schema\/logo\/image\/"}},{"@type":"Person","@id":"https:\/\/noticiasemdestaque.com\/cd\/#\/schema\/person\/967a459378479d4fa07976fedd8a7b5e","name":"Not\u00edcias em Destaque","url":"https:\/\/noticiasemdestaque.com\/cd\/?author=2"}]}},"jetpack_featured_media_url":"https:\/\/noticiasemdestaque.com\/cd\/wp-content\/uploads\/2026\/03\/ipc-numol.webp","jetpack_sharing_enabled":true,"_links":{"self":[{"href":"https:\/\/noticiasemdestaque.com\/cd\/index.php?rest_route=\/wp\/v2\/posts\/77008","targetHints":{"allow":["GET"]}}],"collection":[{"href":"https:\/\/noticiasemdestaque.com\/cd\/index.php?rest_route=\/wp\/v2\/posts"}],"about":[{"href":"https:\/\/noticiasemdestaque.com\/cd\/index.php?rest_route=\/wp\/v2\/types\/post"}],"author":[{"embeddable":true,"href":"https:\/\/noticiasemdestaque.com\/cd\/index.php?rest_route=\/wp\/v2\/users\/2"}],"replies":[{"embeddable":true,"href":"https:\/\/noticiasemdestaque.com\/cd\/index.php?rest_route=%2Fwp%2Fv2%2Fcomments&post=77008"}],"version-history":[{"count":1,"href":"https:\/\/noticiasemdestaque.com\/cd\/index.php?rest_route=\/wp\/v2\/posts\/77008\/revisions"}],"predecessor-version":[{"id":77010,"href":"https:\/\/noticiasemdestaque.com\/cd\/index.php?rest_route=\/wp\/v2\/posts\/77008\/revisions\/77010"}],"wp:featuredmedia":[{"embeddable":true,"href":"https:\/\/noticiasemdestaque.com\/cd\/index.php?rest_route=\/wp\/v2\/media\/77009"}],"wp:attachment":[{"href":"https:\/\/noticiasemdestaque.com\/cd\/index.php?rest_route=%2Fwp%2Fv2%2Fmedia&parent=77008"}],"wp:term":[{"taxonomy":"category","embeddable":true,"href":"https:\/\/noticiasemdestaque.com\/cd\/index.php?rest_route=%2Fwp%2Fv2%2Fcategories&post=77008"},{"taxonomy":"post_tag","embeddable":true,"href":"https:\/\/noticiasemdestaque.com\/cd\/index.php?rest_route=%2Fwp%2Fv2%2Ftags&post=77008"}],"curies":[{"name":"wp","href":"https:\/\/api.w.org\/{rel}","templated":true}]}}