{"id":77000,"date":"2026-03-11T11:14:13","date_gmt":"2026-03-11T14:14:13","guid":{"rendered":"https:\/\/noticiasemdestaque.com\/cd\/?p=77000"},"modified":"2026-03-11T11:14:13","modified_gmt":"2026-03-11T14:14:13","slug":"duas-professoras-e-lavrador-morrem-apos-grave-colisao-entre-carro-e-motos","status":"publish","type":"post","link":"https:\/\/noticiasemdestaque.com\/cd\/?p=77000","title":{"rendered":"Duas professoras e lavrador morrem ap\u00f3s grave colis\u00e3o entre carro e motos"},"content":{"rendered":"<p><a href=\"https:\/\/noticiasemdestaque.com\/cd\/wp-content\/uploads\/2026\/03\/as-vitimas-foram-identificadas-como-jose-carvalho-dos-santos-maria-de-fatima-zeferino-da-silva-e-maria-das-dores-zeferino-da-silva-8928be66aad97b55.jpg\"><img fetchpriority=\"high\" decoding=\"async\" class=\" wp-image-77001 aligncenter\" src=\"https:\/\/noticiasemdestaque.com\/cd\/wp-content\/uploads\/2026\/03\/as-vitimas-foram-identificadas-como-jose-carvalho-dos-santos-maria-de-fatima-zeferino-da-silva-e-maria-das-dores-zeferino-da-silva-8928be66aad97b55-300x166.jpg\" alt=\"\" width=\"846\" height=\"468\" srcset=\"https:\/\/noticiasemdestaque.com\/cd\/wp-content\/uploads\/2026\/03\/as-vitimas-foram-identificadas-como-jose-carvalho-dos-santos-maria-de-fatima-zeferino-da-silva-e-maria-das-dores-zeferino-da-silva-8928be66aad97b55-300x166.jpg 300w, https:\/\/noticiasemdestaque.com\/cd\/wp-content\/uploads\/2026\/03\/as-vitimas-foram-identificadas-como-jose-carvalho-dos-santos-maria-de-fatima-zeferino-da-silva-e-maria-das-dores-zeferino-da-silva-8928be66aad97b55-768x426.jpg 768w, https:\/\/noticiasemdestaque.com\/cd\/wp-content\/uploads\/2026\/03\/as-vitimas-foram-identificadas-como-jose-carvalho-dos-santos-maria-de-fatima-zeferino-da-silva-e-maria-das-dores-zeferino-da-silva-8928be66aad97b55.jpg 785w\" sizes=\"(max-width: 846px) 100vw, 846px\" \/><\/a><\/p>\n<p>Tr\u00eas pessoas morreram em um grave acidente de tr\u00e2nsito registrado na tarde desta segunda-feira (10) na rodovia PI-112, no trecho que liga os munic\u00edpios de Campo Largo do Piau\u00ed e Matias Ol\u00edmpio, no Norte do estado. A colis\u00e3o envolveu um carro e duas motocicletas e ocorreu nas proximidades da localidade Silva, na zona rural da regi\u00e3o.<\/p>\n<p>As v\u00edtimas foram identificadas como Jos\u00e9 Carvalho dos Santos, Maria de F\u00e1tima Zeferino da Silva e Maria das Dores Zeferino da Silva.<\/p>\n<h2 id=\"o-acidente\" class=\"rb-heading-index-0 wp-block-heading\">O ACIDENTE<\/h2>\n<p>De acordo com as informa\u00e7\u00f5es iniciais, o carro seguia pela rodovia no sentido Matias Ol\u00edmpio\u2013Campo Largo do Piau\u00ed quando colidiu com as duas motocicletas.\u00a0Em uma das motos estavam as irm\u00e3s Maria de F\u00e1tima e Maria das Dores. Na outra, estava o produtor rural Jos\u00e9 Carvalho dos Santos. \u00a0Com a for\u00e7a do impacto, os tr\u00eas n\u00e3o resistiram aos ferimentos e morreram ainda no local do acidente.<\/p>\n<p>A ocorr\u00eancia foi atendida por equipes da Pol\u00edcia Militar. O sargento Ant\u00f4nio Claudevando, da cidade de Matias Ol\u00edmpio, confirmou as informa\u00e7\u00f5es e participou do atendimento inicial junto com a equipe policial.<\/p>\n<p>At\u00e9 o momento, n\u00e3o foram divulgados detalhes sobre a situa\u00e7\u00e3o do motorista do carro envolvido na colis\u00e3o. O caso deve ser investigado para esclarecer as circunst\u00e2ncias do acidente.Acidente envolveu um ve\u00edculo e duas motos \u2013 Foto: Reprodu\u00e7\u00e3o<\/p>\n<h2 id=\"prefeito-decreta-luto-oficial-de-tres-dias\" class=\"rb-heading-index-1 wp-block-heading\">Prefeito decreta luto oficial de tr\u00eas dias<\/h2>\n<p>Diante da trag\u00e9dia, o prefeito de Campo Largo do Piau\u00ed, Jairo Soares Leit\u00e3o, decretou luto oficial de tr\u00eas dias no munic\u00edpio em homenagem \u00e0s v\u00edtimas.<\/p>\n<p>Em nota, a gest\u00e3o municipal destacou a contribui\u00e7\u00e3o de cada um deles para a comunidade local. Segundo o comunicado, Jos\u00e9 Carvalho dos Santos era lavrador e teve atua\u00e7\u00e3o importante na agricultura do munic\u00edpio, enquanto Maria de F\u00e1tima Zeferino da Silva e Maria das Dores Zeferino da Silva eram professoras e deixaram um legado na educa\u00e7\u00e3o local, sendo lembradas pela dedica\u00e7\u00e3o ao ensino e ao aprendizado de v\u00e1rias gera\u00e7\u00f5es.<\/p>\n<p>Durante o per\u00edodo de luto oficial, a prefeitura informou que poder\u00e3o ocorrer altera\u00e7\u00f5es no funcionamento de servi\u00e7os p\u00fablicos n\u00e3o essenciais, permanecendo em atividade apenas os servi\u00e7os considerados essenciais, como atendimentos de sa\u00fade e limpeza urbana.<\/p>\n<p>Em nota de pesar, o prefeito manifestou solidariedade \u00e0s fam\u00edlias e amigos das v\u00edtimas.<\/p>\n<blockquote class=\"wp-block-quote is-layout-flow wp-block-quote-is-layout-flow\"><p>\u201c\u00c9 com profundo pesar que recebemos a triste not\u00edcia do falecimento de tr\u00eas estimados mun\u00edcipes de nossa querida Campo Largo, pessoas que marcaram suas hist\u00f3rias com trabalho, amizade e contribui\u00e7\u00e3o para a nossa comunidade\u201d, diz trecho do comunicado divulgado pela gest\u00e3o municipal.<\/p><\/blockquote>\n<p><strong>Noticias em Destaque<\/strong><\/p>\n<p style=\"text-align: right;\"><em>Fonte: Meio News<\/em><\/p>\n","protected":false},"excerpt":{"rendered":"<p>Tr\u00eas pessoas morreram em um grave acidente de tr\u00e2nsito registrado na tarde desta segunda-feira (10) na rodovia PI-112, no trecho que liga os munic\u00edpios de Campo Largo do Piau\u00ed e Matias Ol\u00edmpio, no Norte do estado. A colis\u00e3o envolveu um carro e duas motocicletas e ocorreu nas proximidades da localidade Silva, na zona rural da regi\u00e3o. As v\u00edtimas foram identificadas como Jos\u00e9 Carvalho dos Santos, Maria de F\u00e1tima Zeferino da Silva e Maria das Dores Zeferino da Silva. O ACIDENTE De acordo com as informa\u00e7\u00f5es iniciais, o carro seguia pela rodovia no sentido Matias Ol\u00edmpio\u2013Campo Largo do Piau\u00ed quando colidiu com as duas motocicletas.\u00a0Em uma das motos estavam as irm\u00e3s Maria de F\u00e1tima e Maria das Dores. Na outra, estava o produtor rural Jos\u00e9 Carvalho dos Santos. \u00a0Com a for\u00e7a do impacto, os tr\u00eas n\u00e3o resistiram aos ferimentos e morreram ainda no local do acidente. A ocorr\u00eancia foi atendida por equipes da Pol\u00edcia Militar. O sargento Ant\u00f4nio Claudevando, da cidade de Matias Ol\u00edmpio, confirmou as informa\u00e7\u00f5es e participou do atendimento inicial junto com a equipe policial. At\u00e9 o momento, n\u00e3o foram divulgados detalhes sobre a situa\u00e7\u00e3o do motorista do carro envolvido na colis\u00e3o. O caso deve ser investigado para esclarecer as circunst\u00e2ncias do acidente.Acidente envolveu um ve\u00edculo e duas motos \u2013 Foto: Reprodu\u00e7\u00e3o Prefeito decreta luto oficial de tr\u00eas dias Diante da trag\u00e9dia, o prefeito de Campo Largo do Piau\u00ed, Jairo Soares Leit\u00e3o, decretou luto oficial de tr\u00eas dias no munic\u00edpio em homenagem \u00e0s v\u00edtimas. Em nota, a gest\u00e3o municipal destacou a contribui\u00e7\u00e3o de cada um deles para a comunidade local. Segundo o comunicado, Jos\u00e9 Carvalho dos Santos era lavrador e teve atua\u00e7\u00e3o importante na agricultura do munic\u00edpio, enquanto Maria de F\u00e1tima Zeferino da Silva e Maria das Dores Zeferino da Silva eram professoras e deixaram um legado na educa\u00e7\u00e3o local, sendo lembradas pela dedica\u00e7\u00e3o ao ensino e ao aprendizado de v\u00e1rias gera\u00e7\u00f5es. Durante o per\u00edodo de luto oficial, a prefeitura informou que poder\u00e3o ocorrer altera\u00e7\u00f5es no funcionamento de servi\u00e7os p\u00fablicos n\u00e3o essenciais, permanecendo em atividade apenas os servi\u00e7os considerados essenciais, como atendimentos de sa\u00fade e limpeza urbana. Em nota de pesar, o prefeito manifestou solidariedade \u00e0s fam\u00edlias e amigos das v\u00edtimas. \u201c\u00c9 com profundo pesar que recebemos a triste not\u00edcia do falecimento de tr\u00eas estimados mun\u00edcipes de nossa querida Campo Largo, pessoas que marcaram suas hist\u00f3rias com trabalho, amizade e contribui\u00e7\u00e3o para a nossa comunidade\u201d, diz trecho do comunicado divulgado pela gest\u00e3o municipal. Noticias em Destaque Fonte: Meio News<\/p>\n","protected":false},"author":2,"featured_media":77001,"comment_status":"closed","ping_status":"closed","sticky":false,"template":"","format":"standard","meta":{"_eb_attr":"","_jetpack_memberships_contains_paid_content":false,"footnotes":""},"categories":[20],"tags":[],"class_list":["post-77000","post","type-post","status-publish","format-standard","has-post-thumbnail","hentry","category-policia"],"yoast_head":"<!-- This site is optimized with the Yoast SEO plugin v26.5 - https:\/\/yoast.com\/wordpress\/plugins\/seo\/ -->\n<title>Duas professoras e lavrador morrem ap\u00f3s grave colis\u00e3o entre carro e motos - Not&iacute;cias em Destaque<\/title>\n<meta name=\"robots\" content=\"index, follow, max-snippet:-1, max-image-preview:large, max-video-preview:-1\" \/>\n<link rel=\"canonical\" href=\"https:\/\/noticiasemdestaque.com\/cd\/?p=77000\" \/>\n<meta property=\"og:locale\" content=\"pt_BR\" \/>\n<meta property=\"og:type\" content=\"article\" \/>\n<meta property=\"og:title\" content=\"Duas professoras e lavrador morrem ap\u00f3s grave colis\u00e3o entre carro e motos - Not&iacute;cias em Destaque\" \/>\n<meta property=\"og:description\" content=\"Tr\u00eas pessoas morreram em um grave acidente de tr\u00e2nsito registrado na tarde desta segunda-feira (10) na rodovia PI-112, no trecho que liga os munic\u00edpios de Campo Largo do Piau\u00ed e Matias Ol\u00edmpio, no Norte do estado. A colis\u00e3o envolveu um carro e duas motocicletas e ocorreu nas proximidades da localidade Silva, na zona rural da regi\u00e3o. As v\u00edtimas foram identificadas como Jos\u00e9 Carvalho dos Santos, Maria de F\u00e1tima Zeferino da Silva e Maria das Dores Zeferino da Silva. O ACIDENTE De acordo com as informa\u00e7\u00f5es iniciais, o carro seguia pela rodovia no sentido Matias Ol\u00edmpio\u2013Campo Largo do Piau\u00ed quando colidiu com as duas motocicletas.\u00a0Em uma das motos estavam as irm\u00e3s Maria de F\u00e1tima e Maria das Dores. Na outra, estava o produtor rural Jos\u00e9 Carvalho dos Santos. \u00a0Com a for\u00e7a do impacto, os tr\u00eas n\u00e3o resistiram aos ferimentos e morreram ainda no local do acidente. A ocorr\u00eancia foi atendida por equipes da Pol\u00edcia Militar. O sargento Ant\u00f4nio Claudevando, da cidade de Matias Ol\u00edmpio, confirmou as informa\u00e7\u00f5es e participou do atendimento inicial junto com a equipe policial. At\u00e9 o momento, n\u00e3o foram divulgados detalhes sobre a situa\u00e7\u00e3o do motorista do carro envolvido na colis\u00e3o. O caso deve ser investigado para esclarecer as circunst\u00e2ncias do acidente.Acidente envolveu um ve\u00edculo e duas motos \u2013 Foto: Reprodu\u00e7\u00e3o Prefeito decreta luto oficial de tr\u00eas dias Diante da trag\u00e9dia, o prefeito de Campo Largo do Piau\u00ed, Jairo Soares Leit\u00e3o, decretou luto oficial de tr\u00eas dias no munic\u00edpio em homenagem \u00e0s v\u00edtimas. Em nota, a gest\u00e3o municipal destacou a contribui\u00e7\u00e3o de cada um deles para a comunidade local. Segundo o comunicado, Jos\u00e9 Carvalho dos Santos era lavrador e teve atua\u00e7\u00e3o importante na agricultura do munic\u00edpio, enquanto Maria de F\u00e1tima Zeferino da Silva e Maria das Dores Zeferino da Silva eram professoras e deixaram um legado na educa\u00e7\u00e3o local, sendo lembradas pela dedica\u00e7\u00e3o ao ensino e ao aprendizado de v\u00e1rias gera\u00e7\u00f5es. Durante o per\u00edodo de luto oficial, a prefeitura informou que poder\u00e3o ocorrer altera\u00e7\u00f5es no funcionamento de servi\u00e7os p\u00fablicos n\u00e3o essenciais, permanecendo em atividade apenas os servi\u00e7os considerados essenciais, como atendimentos de sa\u00fade e limpeza urbana. Em nota de pesar, o prefeito manifestou solidariedade \u00e0s fam\u00edlias e amigos das v\u00edtimas. \u201c\u00c9 com profundo pesar que recebemos a triste not\u00edcia do falecimento de tr\u00eas estimados mun\u00edcipes de nossa querida Campo Largo, pessoas que marcaram suas hist\u00f3rias com trabalho, amizade e contribui\u00e7\u00e3o para a nossa comunidade\u201d, diz trecho do comunicado divulgado pela gest\u00e3o municipal. Noticias em Destaque Fonte: Meio News\" \/>\n<meta property=\"og:url\" content=\"https:\/\/noticiasemdestaque.com\/cd\/?p=77000\" \/>\n<meta property=\"og:site_name\" content=\"Not&iacute;cias em Destaque\" \/>\n<meta property=\"article:published_time\" content=\"2026-03-11T14:14:13+00:00\" \/>\n<meta property=\"og:image\" content=\"https:\/\/noticiasemdestaque.com\/cd\/wp-content\/uploads\/2026\/03\/as-vitimas-foram-identificadas-como-jose-carvalho-dos-santos-maria-de-fatima-zeferino-da-silva-e-maria-das-dores-zeferino-da-silva-8928be66aad97b55.jpg\" \/>\n\t<meta property=\"og:image:width\" content=\"785\" \/>\n\t<meta property=\"og:image:height\" content=\"435\" \/>\n\t<meta property=\"og:image:type\" content=\"image\/jpeg\" \/>\n<meta name=\"author\" content=\"Not\u00edcias em Destaque\" \/>\n<meta name=\"twitter:card\" content=\"summary_large_image\" \/>\n<meta name=\"twitter:label1\" content=\"Escrito por\" \/>\n\t<meta name=\"twitter:data1\" content=\"Not\u00edcias em Destaque\" \/>\n\t<meta name=\"twitter:label2\" content=\"Est. tempo de leitura\" \/>\n\t<meta name=\"twitter:data2\" content=\"3 minutos\" \/>\n<script type=\"application\/ld+json\" class=\"yoast-schema-graph\">{\"@context\":\"https:\/\/schema.org\",\"@graph\":[{\"@type\":\"Article\",\"@id\":\"https:\/\/noticiasemdestaque.com\/cd\/?p=77000#article\",\"isPartOf\":{\"@id\":\"https:\/\/noticiasemdestaque.com\/cd\/?p=77000\"},\"author\":{\"name\":\"Not\u00edcias em Destaque\",\"@id\":\"https:\/\/noticiasemdestaque.com\/cd\/#\/schema\/person\/967a459378479d4fa07976fedd8a7b5e\"},\"headline\":\"Duas professoras e lavrador morrem ap\u00f3s grave colis\u00e3o entre carro e motos\",\"datePublished\":\"2026-03-11T14:14:13+00:00\",\"mainEntityOfPage\":{\"@id\":\"https:\/\/noticiasemdestaque.com\/cd\/?p=77000\"},\"wordCount\":481,\"publisher\":{\"@id\":\"https:\/\/noticiasemdestaque.com\/cd\/#organization\"},\"image\":{\"@id\":\"https:\/\/noticiasemdestaque.com\/cd\/?p=77000#primaryimage\"},\"thumbnailUrl\":\"https:\/\/noticiasemdestaque.com\/cd\/wp-content\/uploads\/2026\/03\/as-vitimas-foram-identificadas-como-jose-carvalho-dos-santos-maria-de-fatima-zeferino-da-silva-e-maria-das-dores-zeferino-da-silva-8928be66aad97b55.jpg\",\"articleSection\":[\"Pol\u00edcia\"],\"inLanguage\":\"pt-BR\"},{\"@type\":\"WebPage\",\"@id\":\"https:\/\/noticiasemdestaque.com\/cd\/?p=77000\",\"url\":\"https:\/\/noticiasemdestaque.com\/cd\/?p=77000\",\"name\":\"Duas professoras e lavrador morrem ap\u00f3s grave colis\u00e3o entre carro e motos - Not&iacute;cias em Destaque\",\"isPartOf\":{\"@id\":\"https:\/\/noticiasemdestaque.com\/cd\/#website\"},\"primaryImageOfPage\":{\"@id\":\"https:\/\/noticiasemdestaque.com\/cd\/?p=77000#primaryimage\"},\"image\":{\"@id\":\"https:\/\/noticiasemdestaque.com\/cd\/?p=77000#primaryimage\"},\"thumbnailUrl\":\"https:\/\/noticiasemdestaque.com\/cd\/wp-content\/uploads\/2026\/03\/as-vitimas-foram-identificadas-como-jose-carvalho-dos-santos-maria-de-fatima-zeferino-da-silva-e-maria-das-dores-zeferino-da-silva-8928be66aad97b55.jpg\",\"datePublished\":\"2026-03-11T14:14:13+00:00\",\"breadcrumb\":{\"@id\":\"https:\/\/noticiasemdestaque.com\/cd\/?p=77000#breadcrumb\"},\"inLanguage\":\"pt-BR\",\"potentialAction\":[{\"@type\":\"ReadAction\",\"target\":[\"https:\/\/noticiasemdestaque.com\/cd\/?p=77000\"]}]},{\"@type\":\"ImageObject\",\"inLanguage\":\"pt-BR\",\"@id\":\"https:\/\/noticiasemdestaque.com\/cd\/?p=77000#primaryimage\",\"url\":\"https:\/\/noticiasemdestaque.com\/cd\/wp-content\/uploads\/2026\/03\/as-vitimas-foram-identificadas-como-jose-carvalho-dos-santos-maria-de-fatima-zeferino-da-silva-e-maria-das-dores-zeferino-da-silva-8928be66aad97b55.jpg\",\"contentUrl\":\"https:\/\/noticiasemdestaque.com\/cd\/wp-content\/uploads\/2026\/03\/as-vitimas-foram-identificadas-como-jose-carvalho-dos-santos-maria-de-fatima-zeferino-da-silva-e-maria-das-dores-zeferino-da-silva-8928be66aad97b55.jpg\",\"width\":785,\"height\":435},{\"@type\":\"BreadcrumbList\",\"@id\":\"https:\/\/noticiasemdestaque.com\/cd\/?p=77000#breadcrumb\",\"itemListElement\":[{\"@type\":\"ListItem\",\"position\":1,\"name\":\"In\u00edcio\",\"item\":\"https:\/\/noticiasemdestaque.com\/cd\/\"},{\"@type\":\"ListItem\",\"position\":2,\"name\":\"Duas professoras e lavrador morrem ap\u00f3s grave colis\u00e3o entre carro e motos\"}]},{\"@type\":\"WebSite\",\"@id\":\"https:\/\/noticiasemdestaque.com\/cd\/#website\",\"url\":\"https:\/\/noticiasemdestaque.com\/cd\/\",\"name\":\"Not&iacute;cias em Destaque\",\"description\":\"\",\"publisher\":{\"@id\":\"https:\/\/noticiasemdestaque.com\/cd\/#organization\"},\"potentialAction\":[{\"@type\":\"SearchAction\",\"target\":{\"@type\":\"EntryPoint\",\"urlTemplate\":\"https:\/\/noticiasemdestaque.com\/cd\/?s={search_term_string}\"},\"query-input\":{\"@type\":\"PropertyValueSpecification\",\"valueRequired\":true,\"valueName\":\"search_term_string\"}}],\"inLanguage\":\"pt-BR\"},{\"@type\":\"Organization\",\"@id\":\"https:\/\/noticiasemdestaque.com\/cd\/#organization\",\"name\":\"Not\u00edcias em Destaque\",\"url\":\"https:\/\/noticiasemdestaque.com\/cd\/\",\"logo\":{\"@type\":\"ImageObject\",\"inLanguage\":\"pt-BR\",\"@id\":\"https:\/\/noticiasemdestaque.com\/cd\/#\/schema\/logo\/image\/\",\"url\":\"https:\/\/noticiasemdestaque.com\/cd\/wp-content\/uploads\/2022\/05\/imagem-base-noticiasemdestaque.png\",\"contentUrl\":\"https:\/\/noticiasemdestaque.com\/cd\/wp-content\/uploads\/2022\/05\/imagem-base-noticiasemdestaque.png\",\"width\":1200,\"height\":630,\"caption\":\"Not\u00edcias em Destaque\"},\"image\":{\"@id\":\"https:\/\/noticiasemdestaque.com\/cd\/#\/schema\/logo\/image\/\"}},{\"@type\":\"Person\",\"@id\":\"https:\/\/noticiasemdestaque.com\/cd\/#\/schema\/person\/967a459378479d4fa07976fedd8a7b5e\",\"name\":\"Not\u00edcias em Destaque\",\"url\":\"https:\/\/noticiasemdestaque.com\/cd\/?author=2\"}]}<\/script>\n<!-- \/ Yoast SEO plugin. -->","yoast_head_json":{"title":"Duas professoras e lavrador morrem ap\u00f3s grave colis\u00e3o entre carro e motos - Not&iacute;cias em Destaque","robots":{"index":"index","follow":"follow","max-snippet":"max-snippet:-1","max-image-preview":"max-image-preview:large","max-video-preview":"max-video-preview:-1"},"canonical":"https:\/\/noticiasemdestaque.com\/cd\/?p=77000","og_locale":"pt_BR","og_type":"article","og_title":"Duas professoras e lavrador morrem ap\u00f3s grave colis\u00e3o entre carro e motos - Not&iacute;cias em Destaque","og_description":"Tr\u00eas pessoas morreram em um grave acidente de tr\u00e2nsito registrado na tarde desta segunda-feira (10) na rodovia PI-112, no trecho que liga os munic\u00edpios de Campo Largo do Piau\u00ed e Matias Ol\u00edmpio, no Norte do estado. A colis\u00e3o envolveu um carro e duas motocicletas e ocorreu nas proximidades da localidade Silva, na zona rural da regi\u00e3o. As v\u00edtimas foram identificadas como Jos\u00e9 Carvalho dos Santos, Maria de F\u00e1tima Zeferino da Silva e Maria das Dores Zeferino da Silva. O ACIDENTE De acordo com as informa\u00e7\u00f5es iniciais, o carro seguia pela rodovia no sentido Matias Ol\u00edmpio\u2013Campo Largo do Piau\u00ed quando colidiu com as duas motocicletas.\u00a0Em uma das motos estavam as irm\u00e3s Maria de F\u00e1tima e Maria das Dores. Na outra, estava o produtor rural Jos\u00e9 Carvalho dos Santos. \u00a0Com a for\u00e7a do impacto, os tr\u00eas n\u00e3o resistiram aos ferimentos e morreram ainda no local do acidente. A ocorr\u00eancia foi atendida por equipes da Pol\u00edcia Militar. O sargento Ant\u00f4nio Claudevando, da cidade de Matias Ol\u00edmpio, confirmou as informa\u00e7\u00f5es e participou do atendimento inicial junto com a equipe policial. At\u00e9 o momento, n\u00e3o foram divulgados detalhes sobre a situa\u00e7\u00e3o do motorista do carro envolvido na colis\u00e3o. O caso deve ser investigado para esclarecer as circunst\u00e2ncias do acidente.Acidente envolveu um ve\u00edculo e duas motos \u2013 Foto: Reprodu\u00e7\u00e3o Prefeito decreta luto oficial de tr\u00eas dias Diante da trag\u00e9dia, o prefeito de Campo Largo do Piau\u00ed, Jairo Soares Leit\u00e3o, decretou luto oficial de tr\u00eas dias no munic\u00edpio em homenagem \u00e0s v\u00edtimas. Em nota, a gest\u00e3o municipal destacou a contribui\u00e7\u00e3o de cada um deles para a comunidade local. Segundo o comunicado, Jos\u00e9 Carvalho dos Santos era lavrador e teve atua\u00e7\u00e3o importante na agricultura do munic\u00edpio, enquanto Maria de F\u00e1tima Zeferino da Silva e Maria das Dores Zeferino da Silva eram professoras e deixaram um legado na educa\u00e7\u00e3o local, sendo lembradas pela dedica\u00e7\u00e3o ao ensino e ao aprendizado de v\u00e1rias gera\u00e7\u00f5es. Durante o per\u00edodo de luto oficial, a prefeitura informou que poder\u00e3o ocorrer altera\u00e7\u00f5es no funcionamento de servi\u00e7os p\u00fablicos n\u00e3o essenciais, permanecendo em atividade apenas os servi\u00e7os considerados essenciais, como atendimentos de sa\u00fade e limpeza urbana. Em nota de pesar, o prefeito manifestou solidariedade \u00e0s fam\u00edlias e amigos das v\u00edtimas. \u201c\u00c9 com profundo pesar que recebemos a triste not\u00edcia do falecimento de tr\u00eas estimados mun\u00edcipes de nossa querida Campo Largo, pessoas que marcaram suas hist\u00f3rias com trabalho, amizade e contribui\u00e7\u00e3o para a nossa comunidade\u201d, diz trecho do comunicado divulgado pela gest\u00e3o municipal. Noticias em Destaque Fonte: Meio News","og_url":"https:\/\/noticiasemdestaque.com\/cd\/?p=77000","og_site_name":"Not&iacute;cias em Destaque","article_published_time":"2026-03-11T14:14:13+00:00","og_image":[{"width":785,"height":435,"url":"https:\/\/noticiasemdestaque.com\/cd\/wp-content\/uploads\/2026\/03\/as-vitimas-foram-identificadas-como-jose-carvalho-dos-santos-maria-de-fatima-zeferino-da-silva-e-maria-das-dores-zeferino-da-silva-8928be66aad97b55.jpg","type":"image\/jpeg"}],"author":"Not\u00edcias em Destaque","twitter_card":"summary_large_image","twitter_misc":{"Escrito por":"Not\u00edcias em Destaque","Est. tempo de leitura":"3 minutos"},"schema":{"@context":"https:\/\/schema.org","@graph":[{"@type":"Article","@id":"https:\/\/noticiasemdestaque.com\/cd\/?p=77000#article","isPartOf":{"@id":"https:\/\/noticiasemdestaque.com\/cd\/?p=77000"},"author":{"name":"Not\u00edcias em Destaque","@id":"https:\/\/noticiasemdestaque.com\/cd\/#\/schema\/person\/967a459378479d4fa07976fedd8a7b5e"},"headline":"Duas professoras e lavrador morrem ap\u00f3s grave colis\u00e3o entre carro e motos","datePublished":"2026-03-11T14:14:13+00:00","mainEntityOfPage":{"@id":"https:\/\/noticiasemdestaque.com\/cd\/?p=77000"},"wordCount":481,"publisher":{"@id":"https:\/\/noticiasemdestaque.com\/cd\/#organization"},"image":{"@id":"https:\/\/noticiasemdestaque.com\/cd\/?p=77000#primaryimage"},"thumbnailUrl":"https:\/\/noticiasemdestaque.com\/cd\/wp-content\/uploads\/2026\/03\/as-vitimas-foram-identificadas-como-jose-carvalho-dos-santos-maria-de-fatima-zeferino-da-silva-e-maria-das-dores-zeferino-da-silva-8928be66aad97b55.jpg","articleSection":["Pol\u00edcia"],"inLanguage":"pt-BR"},{"@type":"WebPage","@id":"https:\/\/noticiasemdestaque.com\/cd\/?p=77000","url":"https:\/\/noticiasemdestaque.com\/cd\/?p=77000","name":"Duas professoras e lavrador morrem ap\u00f3s grave colis\u00e3o entre carro e motos - Not&iacute;cias em Destaque","isPartOf":{"@id":"https:\/\/noticiasemdestaque.com\/cd\/#website"},"primaryImageOfPage":{"@id":"https:\/\/noticiasemdestaque.com\/cd\/?p=77000#primaryimage"},"image":{"@id":"https:\/\/noticiasemdestaque.com\/cd\/?p=77000#primaryimage"},"thumbnailUrl":"https:\/\/noticiasemdestaque.com\/cd\/wp-content\/uploads\/2026\/03\/as-vitimas-foram-identificadas-como-jose-carvalho-dos-santos-maria-de-fatima-zeferino-da-silva-e-maria-das-dores-zeferino-da-silva-8928be66aad97b55.jpg","datePublished":"2026-03-11T14:14:13+00:00","breadcrumb":{"@id":"https:\/\/noticiasemdestaque.com\/cd\/?p=77000#breadcrumb"},"inLanguage":"pt-BR","potentialAction":[{"@type":"ReadAction","target":["https:\/\/noticiasemdestaque.com\/cd\/?p=77000"]}]},{"@type":"ImageObject","inLanguage":"pt-BR","@id":"https:\/\/noticiasemdestaque.com\/cd\/?p=77000#primaryimage","url":"https:\/\/noticiasemdestaque.com\/cd\/wp-content\/uploads\/2026\/03\/as-vitimas-foram-identificadas-como-jose-carvalho-dos-santos-maria-de-fatima-zeferino-da-silva-e-maria-das-dores-zeferino-da-silva-8928be66aad97b55.jpg","contentUrl":"https:\/\/noticiasemdestaque.com\/cd\/wp-content\/uploads\/2026\/03\/as-vitimas-foram-identificadas-como-jose-carvalho-dos-santos-maria-de-fatima-zeferino-da-silva-e-maria-das-dores-zeferino-da-silva-8928be66aad97b55.jpg","width":785,"height":435},{"@type":"BreadcrumbList","@id":"https:\/\/noticiasemdestaque.com\/cd\/?p=77000#breadcrumb","itemListElement":[{"@type":"ListItem","position":1,"name":"In\u00edcio","item":"https:\/\/noticiasemdestaque.com\/cd\/"},{"@type":"ListItem","position":2,"name":"Duas professoras e lavrador morrem ap\u00f3s grave colis\u00e3o entre carro e motos"}]},{"@type":"WebSite","@id":"https:\/\/noticiasemdestaque.com\/cd\/#website","url":"https:\/\/noticiasemdestaque.com\/cd\/","name":"Not&iacute;cias em Destaque","description":"","publisher":{"@id":"https:\/\/noticiasemdestaque.com\/cd\/#organization"},"potentialAction":[{"@type":"SearchAction","target":{"@type":"EntryPoint","urlTemplate":"https:\/\/noticiasemdestaque.com\/cd\/?s={search_term_string}"},"query-input":{"@type":"PropertyValueSpecification","valueRequired":true,"valueName":"search_term_string"}}],"inLanguage":"pt-BR"},{"@type":"Organization","@id":"https:\/\/noticiasemdestaque.com\/cd\/#organization","name":"Not\u00edcias em Destaque","url":"https:\/\/noticiasemdestaque.com\/cd\/","logo":{"@type":"ImageObject","inLanguage":"pt-BR","@id":"https:\/\/noticiasemdestaque.com\/cd\/#\/schema\/logo\/image\/","url":"https:\/\/noticiasemdestaque.com\/cd\/wp-content\/uploads\/2022\/05\/imagem-base-noticiasemdestaque.png","contentUrl":"https:\/\/noticiasemdestaque.com\/cd\/wp-content\/uploads\/2022\/05\/imagem-base-noticiasemdestaque.png","width":1200,"height":630,"caption":"Not\u00edcias em Destaque"},"image":{"@id":"https:\/\/noticiasemdestaque.com\/cd\/#\/schema\/logo\/image\/"}},{"@type":"Person","@id":"https:\/\/noticiasemdestaque.com\/cd\/#\/schema\/person\/967a459378479d4fa07976fedd8a7b5e","name":"Not\u00edcias em Destaque","url":"https:\/\/noticiasemdestaque.com\/cd\/?author=2"}]}},"jetpack_featured_media_url":"https:\/\/noticiasemdestaque.com\/cd\/wp-content\/uploads\/2026\/03\/as-vitimas-foram-identificadas-como-jose-carvalho-dos-santos-maria-de-fatima-zeferino-da-silva-e-maria-das-dores-zeferino-da-silva-8928be66aad97b55.jpg","jetpack_sharing_enabled":true,"_links":{"self":[{"href":"https:\/\/noticiasemdestaque.com\/cd\/index.php?rest_route=\/wp\/v2\/posts\/77000","targetHints":{"allow":["GET"]}}],"collection":[{"href":"https:\/\/noticiasemdestaque.com\/cd\/index.php?rest_route=\/wp\/v2\/posts"}],"about":[{"href":"https:\/\/noticiasemdestaque.com\/cd\/index.php?rest_route=\/wp\/v2\/types\/post"}],"author":[{"embeddable":true,"href":"https:\/\/noticiasemdestaque.com\/cd\/index.php?rest_route=\/wp\/v2\/users\/2"}],"replies":[{"embeddable":true,"href":"https:\/\/noticiasemdestaque.com\/cd\/index.php?rest_route=%2Fwp%2Fv2%2Fcomments&post=77000"}],"version-history":[{"count":1,"href":"https:\/\/noticiasemdestaque.com\/cd\/index.php?rest_route=\/wp\/v2\/posts\/77000\/revisions"}],"predecessor-version":[{"id":77002,"href":"https:\/\/noticiasemdestaque.com\/cd\/index.php?rest_route=\/wp\/v2\/posts\/77000\/revisions\/77002"}],"wp:featuredmedia":[{"embeddable":true,"href":"https:\/\/noticiasemdestaque.com\/cd\/index.php?rest_route=\/wp\/v2\/media\/77001"}],"wp:attachment":[{"href":"https:\/\/noticiasemdestaque.com\/cd\/index.php?rest_route=%2Fwp%2Fv2%2Fmedia&parent=77000"}],"wp:term":[{"taxonomy":"category","embeddable":true,"href":"https:\/\/noticiasemdestaque.com\/cd\/index.php?rest_route=%2Fwp%2Fv2%2Fcategories&post=77000"},{"taxonomy":"post_tag","embeddable":true,"href":"https:\/\/noticiasemdestaque.com\/cd\/index.php?rest_route=%2Fwp%2Fv2%2Ftags&post=77000"}],"curies":[{"name":"wp","href":"https:\/\/api.w.org\/{rel}","templated":true}]}}