{"id":76994,"date":"2026-03-11T10:43:34","date_gmt":"2026-03-11T13:43:34","guid":{"rendered":"https:\/\/noticiasemdestaque.com\/cd\/?p=76994"},"modified":"2026-03-11T10:43:34","modified_gmt":"2026-03-11T13:43:34","slug":"ira-lanca-nova-onda-de-ataques-contra-israel-e-bases-norte-americanas-no-golfo","status":"publish","type":"post","link":"https:\/\/noticiasemdestaque.com\/cd\/?p=76994","title":{"rendered":"Ir\u00e3 lan\u00e7a nova onda de ataques contra Israel e bases norte-americanas no Golfo"},"content":{"rendered":"<p><a href=\"https:\/\/noticiasemdestaque.com\/cd\/wp-content\/uploads\/2026\/03\/Foto_JPG_2026_03_11_T025918_729_4492d77009.webp\"><img fetchpriority=\"high\" decoding=\"async\" class=\" wp-image-76995 aligncenter\" src=\"https:\/\/noticiasemdestaque.com\/cd\/wp-content\/uploads\/2026\/03\/Foto_JPG_2026_03_11_T025918_729_4492d77009-300x206.webp\" alt=\"\" width=\"848\" height=\"582\" srcset=\"https:\/\/noticiasemdestaque.com\/cd\/wp-content\/uploads\/2026\/03\/Foto_JPG_2026_03_11_T025918_729_4492d77009-300x206.webp 300w, https:\/\/noticiasemdestaque.com\/cd\/wp-content\/uploads\/2026\/03\/Foto_JPG_2026_03_11_T025918_729_4492d77009.webp 640w\" sizes=\"(max-width: 848px) 100vw, 848px\" \/><\/a><\/p>\n<p>A\u00a0Guarda Revolucion\u00e1ria do Ir\u00e3 lan\u00e7ou uma nova onda de ataques contra Israel\u00a0nesta quarta-feira (11). Segundo autoridades locais,\u00a0m\u00edsseis e drones foram identificados em dire\u00e7\u00e3o a Tel Aviv, onde os moradores foram orientados a se abrigarem em bunkers.<\/p>\n<blockquote><p>\u201cOs sistemas de defesa est\u00e3o operando para interceptar a amea\u00e7a. Nos \u00faltimos minutos, o Comando da Frente Interna emitiu uma diretriz preliminar diretamente para telefones celulares nas \u00e1reas relevantes\u201d, informaram as For\u00e7as de Defesa de Israel (IDF, na sigla em ingl\u00eas).<\/p><\/blockquote>\n<p>Ao mesmo tempo, as tropas iranianas lan\u00e7aram drones contra bases militares dos Estados Unidos em pa\u00edses do Golfo P\u00e9rsico, no Oriente M\u00e9dio, em retalia\u00e7\u00e3o aos ataques dos \u00faltimos dias. Os Emirados \u00c1rabes Unidos informaram que acionou os sistemas de defesa a\u00e9rea para interceptar os equipamentos, assim como Ar\u00e1bia Saudita e Bahrein.<\/p>\n<p>Relatos da imprensa norte-americana tamb\u00e9m apontam para ataques no Iraque, onde o Centro de Apoio Diplom\u00e1tico de Bagd\u00e1 teria sido atingido. De acordo com a Reuters, funcion\u00e1rios da instala\u00e7\u00e3o receberam ordens para \u201cse abaixar e se proteger\u201d. Ao todo, seis drones foram lan\u00e7ados, provavelmente pela Resist\u00eancia Isl\u00e2mica no Iraque \u2013 apoiado pelo Ir\u00e3.<\/p>\n<p>Enquanto isso, as for\u00e7as israelenses continuam mirando alvos do regime iraniano em Teer\u00e3. As tropas tamb\u00e9m atuam nos sub\u00farbios do sul de Beirute, no L\u00edbano, em opera\u00e7\u00e3o contra o grupo Hezbollah, aliado do Ir\u00e3. Al\u00e9m dos ataques a\u00e9reos, que destru\u00edram ve\u00edculos e armaz\u00e9ns de drones e armas, as tropas avan\u00e7am por terra.<\/p>\n<p><strong>O que est\u00e1 acontecendo no Oriente M\u00e9dio?<br \/>\n<\/strong>O Ir\u00e3 foi alvo de um ataque coordenado entre Estados Unidos e Israel no 28 de fevereiro. O bombardeio, que deixou mais de 500 mortos, ocorreu em meio \u00e0s negocia\u00e7\u00f5es de Teer\u00e3 com Washington sobre um novo acordo nuclear.<\/p>\n<p>Restringir a capacidade nuclear do Ir\u00e3 tem sido uma das prioridades da pol\u00edtica externa de Washington h\u00e1 d\u00e9cadas. Em 2015, o ent\u00e3o presidente Barack Obama fez um acordo com o pa\u00eds, limitando as atividades nucleares e permitindo a inspe\u00e7\u00e3o das instala\u00e7\u00f5es para garantir que fossem usadas apenas para fins civis e n\u00e3o para a produ\u00e7\u00e3o de armas. Em troca, o Ir\u00e3 recebia al\u00edvio nas san\u00e7\u00f5es.<\/p>\n<p>Tal acordo, no entanto, foi rasgado em 2018 por Donald Trump, que alegou que o acordo era ben\u00e9fico demais para o Ir\u00e3. Com isso, o pa\u00eds deixou de cumprir o acordo e elevou o grau de enriquecimento de ur\u00e2nio \u2013 que pode ser usado para fazer bombas nucleares. O governo de Joe Biden at\u00e9 tentou retomar o acordo, oferecendo novamente al\u00edvio nas san\u00e7\u00f5es econ\u00f4micas, mas n\u00e3o obteve sucesso.<\/p>\n<p>Agora, em seu segundo mandato, Trump vinha pressionando o governo iraniano a limitar ou abandonar o programa nuclear, sob a justificativa de que o pa\u00eds estaria pr\u00f3ximo de desenvolver uma bomba at\u00f4mica. A acusa\u00e7\u00e3o \u00e9 rejeitada por Teer\u00e3, que afirma que o programa tem fins pac\u00edficos, voltados sobretudo \u00e0 produ\u00e7\u00e3o de energia.<\/p>\n<p>Dias antes do ataque, representantes iranianos e norte-americanos se encontram na Su\u00ed\u00e7a para debater um novo acordo nuclear. Eles haviam classificado o encontro como positivo, dizendo que o pr\u00f3ximo passo envolveria equipes especializadas de ambos os pa\u00edses em Viena, na sede da Ag\u00eancia Internacional de Energia At\u00f4mica (AIEA).<\/p>\n<p>Na manh\u00e3 de s\u00e1bado, no entanto, Trump acusou o Ir\u00e3 de \u201cvoltar a perseguir suas ambi\u00e7\u00f5es nucleares\u201d, mesmo ap\u00f3s os ataques de 2025, resultando em novos bombardeios, desta vez em parceria com Israel. Em retalia\u00e7\u00e3o aos ataques, Teer\u00e3 lan\u00e7ou m\u00edsseis contra Israel e atacou bases militares norte-americanas no Oriente M\u00e9dio. Um ataque direto aos Estados Unidos tamb\u00e9m foi prometido pelos iranianos.<\/p>\n<p>O conflito se expandiu ap\u00f3s o\u00a0Hezbollah, aliado do Ir\u00e3, lan\u00e7ar m\u00edsseis contra Israel, que respondeu atacando alvos em todo o L\u00edbano, pa\u00eds onde o grupo \u00e9 dominante. Al\u00e9m disso,\u00a0drones iranianos atingiram bases militares europeias\u00a0no Oriente M\u00e9dio. A a\u00e7\u00e3o resultou em um\u00a0comunicado conjunto entre Fran\u00e7a, Alemanha e Reino Unido, que sugeriram a possibilidade de entrar no conflito para \u201ca defesa de seus interesses e de seus aliados\u201d.<\/p>\n<p><strong>Noticias em Destaque<\/strong><\/p>\n<p style=\"text-align: right;\"><em>Fonte: SBT News<\/em><\/p>\n","protected":false},"excerpt":{"rendered":"<p>A\u00a0Guarda Revolucion\u00e1ria do Ir\u00e3 lan\u00e7ou uma nova onda de ataques contra Israel\u00a0nesta quarta-feira (11). Segundo autoridades locais,\u00a0m\u00edsseis e drones foram identificados em dire\u00e7\u00e3o a Tel Aviv, onde os moradores foram orientados a se abrigarem em bunkers. \u201cOs sistemas de defesa est\u00e3o operando para interceptar a amea\u00e7a. Nos \u00faltimos minutos, o Comando da Frente Interna emitiu uma diretriz preliminar diretamente para telefones celulares nas \u00e1reas relevantes\u201d, informaram as For\u00e7as de Defesa de Israel (IDF, na sigla em ingl\u00eas). Ao mesmo tempo, as tropas iranianas lan\u00e7aram drones contra bases militares dos Estados Unidos em pa\u00edses do Golfo P\u00e9rsico, no Oriente M\u00e9dio, em retalia\u00e7\u00e3o aos ataques dos \u00faltimos dias. Os Emirados \u00c1rabes Unidos informaram que acionou os sistemas de defesa a\u00e9rea para interceptar os equipamentos, assim como Ar\u00e1bia Saudita e Bahrein. Relatos da imprensa norte-americana tamb\u00e9m apontam para ataques no Iraque, onde o Centro de Apoio Diplom\u00e1tico de Bagd\u00e1 teria sido atingido. De acordo com a Reuters, funcion\u00e1rios da instala\u00e7\u00e3o receberam ordens para \u201cse abaixar e se proteger\u201d. Ao todo, seis drones foram lan\u00e7ados, provavelmente pela Resist\u00eancia Isl\u00e2mica no Iraque \u2013 apoiado pelo Ir\u00e3. Enquanto isso, as for\u00e7as israelenses continuam mirando alvos do regime iraniano em Teer\u00e3. As tropas tamb\u00e9m atuam nos sub\u00farbios do sul de Beirute, no L\u00edbano, em opera\u00e7\u00e3o contra o grupo Hezbollah, aliado do Ir\u00e3. Al\u00e9m dos ataques a\u00e9reos, que destru\u00edram ve\u00edculos e armaz\u00e9ns de drones e armas, as tropas avan\u00e7am por terra. O que est\u00e1 acontecendo no Oriente M\u00e9dio? O Ir\u00e3 foi alvo de um ataque coordenado entre Estados Unidos e Israel no 28 de fevereiro. O bombardeio, que deixou mais de 500 mortos, ocorreu em meio \u00e0s negocia\u00e7\u00f5es de Teer\u00e3 com Washington sobre um novo acordo nuclear. Restringir a capacidade nuclear do Ir\u00e3 tem sido uma das prioridades da pol\u00edtica externa de Washington h\u00e1 d\u00e9cadas. Em 2015, o ent\u00e3o presidente Barack Obama fez um acordo com o pa\u00eds, limitando as atividades nucleares e permitindo a inspe\u00e7\u00e3o das instala\u00e7\u00f5es para garantir que fossem usadas apenas para fins civis e n\u00e3o para a produ\u00e7\u00e3o de armas. Em troca, o Ir\u00e3 recebia al\u00edvio nas san\u00e7\u00f5es. Tal acordo, no entanto, foi rasgado em 2018 por Donald Trump, que alegou que o acordo era ben\u00e9fico demais para o Ir\u00e3. Com isso, o pa\u00eds deixou de cumprir o acordo e elevou o grau de enriquecimento de ur\u00e2nio \u2013 que pode ser usado para fazer bombas nucleares. O governo de Joe Biden at\u00e9 tentou retomar o acordo, oferecendo novamente al\u00edvio nas san\u00e7\u00f5es econ\u00f4micas, mas n\u00e3o obteve sucesso. Agora, em seu segundo mandato, Trump vinha pressionando o governo iraniano a limitar ou abandonar o programa nuclear, sob a justificativa de que o pa\u00eds estaria pr\u00f3ximo de desenvolver uma bomba at\u00f4mica. A acusa\u00e7\u00e3o \u00e9 rejeitada por Teer\u00e3, que afirma que o programa tem fins pac\u00edficos, voltados sobretudo \u00e0 produ\u00e7\u00e3o de energia. Dias antes do ataque, representantes iranianos e norte-americanos se encontram na Su\u00ed\u00e7a para debater um novo acordo nuclear. Eles haviam classificado o encontro como positivo, dizendo que o pr\u00f3ximo passo envolveria equipes especializadas de ambos os pa\u00edses em Viena, na sede da Ag\u00eancia Internacional de Energia At\u00f4mica (AIEA). Na manh\u00e3 de s\u00e1bado, no entanto, Trump acusou o Ir\u00e3 de \u201cvoltar a perseguir suas ambi\u00e7\u00f5es nucleares\u201d, mesmo ap\u00f3s os ataques de 2025, resultando em novos bombardeios, desta vez em parceria com Israel. Em retalia\u00e7\u00e3o aos ataques, Teer\u00e3 lan\u00e7ou m\u00edsseis contra Israel e atacou bases militares norte-americanas no Oriente M\u00e9dio. Um ataque direto aos Estados Unidos tamb\u00e9m foi prometido pelos iranianos. O conflito se expandiu ap\u00f3s o\u00a0Hezbollah, aliado do Ir\u00e3, lan\u00e7ar m\u00edsseis contra Israel, que respondeu atacando alvos em todo o L\u00edbano, pa\u00eds onde o grupo \u00e9 dominante. Al\u00e9m disso,\u00a0drones iranianos atingiram bases militares europeias\u00a0no Oriente M\u00e9dio. A a\u00e7\u00e3o resultou em um\u00a0comunicado conjunto entre Fran\u00e7a, Alemanha e Reino Unido, que sugeriram a possibilidade de entrar no conflito para \u201ca defesa de seus interesses e de seus aliados\u201d. Noticias em Destaque Fonte: SBT News<\/p>\n","protected":false},"author":2,"featured_media":76995,"comment_status":"closed","ping_status":"closed","sticky":false,"template":"","format":"standard","meta":{"_eb_attr":"","_jetpack_memberships_contains_paid_content":false,"footnotes":""},"categories":[12],"tags":[],"class_list":["post-76994","post","type-post","status-publish","format-standard","has-post-thumbnail","hentry","category-geral"],"yoast_head":"<!-- This site is optimized with the Yoast SEO plugin v26.5 - https:\/\/yoast.com\/wordpress\/plugins\/seo\/ -->\n<title>Ir\u00e3 lan\u00e7a nova onda de ataques contra Israel e bases norte-americanas no Golfo - Not&iacute;cias em Destaque<\/title>\n<meta name=\"robots\" content=\"index, follow, max-snippet:-1, max-image-preview:large, max-video-preview:-1\" \/>\n<link rel=\"canonical\" href=\"https:\/\/noticiasemdestaque.com\/cd\/?p=76994\" \/>\n<meta property=\"og:locale\" content=\"pt_BR\" \/>\n<meta property=\"og:type\" content=\"article\" \/>\n<meta property=\"og:title\" content=\"Ir\u00e3 lan\u00e7a nova onda de ataques contra Israel e bases norte-americanas no Golfo - Not&iacute;cias em Destaque\" \/>\n<meta property=\"og:description\" content=\"A\u00a0Guarda Revolucion\u00e1ria do Ir\u00e3 lan\u00e7ou uma nova onda de ataques contra Israel\u00a0nesta quarta-feira (11). Segundo autoridades locais,\u00a0m\u00edsseis e drones foram identificados em dire\u00e7\u00e3o a Tel Aviv, onde os moradores foram orientados a se abrigarem em bunkers. \u201cOs sistemas de defesa est\u00e3o operando para interceptar a amea\u00e7a. Nos \u00faltimos minutos, o Comando da Frente Interna emitiu uma diretriz preliminar diretamente para telefones celulares nas \u00e1reas relevantes\u201d, informaram as For\u00e7as de Defesa de Israel (IDF, na sigla em ingl\u00eas). Ao mesmo tempo, as tropas iranianas lan\u00e7aram drones contra bases militares dos Estados Unidos em pa\u00edses do Golfo P\u00e9rsico, no Oriente M\u00e9dio, em retalia\u00e7\u00e3o aos ataques dos \u00faltimos dias. Os Emirados \u00c1rabes Unidos informaram que acionou os sistemas de defesa a\u00e9rea para interceptar os equipamentos, assim como Ar\u00e1bia Saudita e Bahrein. Relatos da imprensa norte-americana tamb\u00e9m apontam para ataques no Iraque, onde o Centro de Apoio Diplom\u00e1tico de Bagd\u00e1 teria sido atingido. De acordo com a Reuters, funcion\u00e1rios da instala\u00e7\u00e3o receberam ordens para \u201cse abaixar e se proteger\u201d. Ao todo, seis drones foram lan\u00e7ados, provavelmente pela Resist\u00eancia Isl\u00e2mica no Iraque \u2013 apoiado pelo Ir\u00e3. Enquanto isso, as for\u00e7as israelenses continuam mirando alvos do regime iraniano em Teer\u00e3. As tropas tamb\u00e9m atuam nos sub\u00farbios do sul de Beirute, no L\u00edbano, em opera\u00e7\u00e3o contra o grupo Hezbollah, aliado do Ir\u00e3. Al\u00e9m dos ataques a\u00e9reos, que destru\u00edram ve\u00edculos e armaz\u00e9ns de drones e armas, as tropas avan\u00e7am por terra. O que est\u00e1 acontecendo no Oriente M\u00e9dio? O Ir\u00e3 foi alvo de um ataque coordenado entre Estados Unidos e Israel no 28 de fevereiro. O bombardeio, que deixou mais de 500 mortos, ocorreu em meio \u00e0s negocia\u00e7\u00f5es de Teer\u00e3 com Washington sobre um novo acordo nuclear. Restringir a capacidade nuclear do Ir\u00e3 tem sido uma das prioridades da pol\u00edtica externa de Washington h\u00e1 d\u00e9cadas. Em 2015, o ent\u00e3o presidente Barack Obama fez um acordo com o pa\u00eds, limitando as atividades nucleares e permitindo a inspe\u00e7\u00e3o das instala\u00e7\u00f5es para garantir que fossem usadas apenas para fins civis e n\u00e3o para a produ\u00e7\u00e3o de armas. Em troca, o Ir\u00e3 recebia al\u00edvio nas san\u00e7\u00f5es. Tal acordo, no entanto, foi rasgado em 2018 por Donald Trump, que alegou que o acordo era ben\u00e9fico demais para o Ir\u00e3. Com isso, o pa\u00eds deixou de cumprir o acordo e elevou o grau de enriquecimento de ur\u00e2nio \u2013 que pode ser usado para fazer bombas nucleares. O governo de Joe Biden at\u00e9 tentou retomar o acordo, oferecendo novamente al\u00edvio nas san\u00e7\u00f5es econ\u00f4micas, mas n\u00e3o obteve sucesso. Agora, em seu segundo mandato, Trump vinha pressionando o governo iraniano a limitar ou abandonar o programa nuclear, sob a justificativa de que o pa\u00eds estaria pr\u00f3ximo de desenvolver uma bomba at\u00f4mica. A acusa\u00e7\u00e3o \u00e9 rejeitada por Teer\u00e3, que afirma que o programa tem fins pac\u00edficos, voltados sobretudo \u00e0 produ\u00e7\u00e3o de energia. Dias antes do ataque, representantes iranianos e norte-americanos se encontram na Su\u00ed\u00e7a para debater um novo acordo nuclear. Eles haviam classificado o encontro como positivo, dizendo que o pr\u00f3ximo passo envolveria equipes especializadas de ambos os pa\u00edses em Viena, na sede da Ag\u00eancia Internacional de Energia At\u00f4mica (AIEA). Na manh\u00e3 de s\u00e1bado, no entanto, Trump acusou o Ir\u00e3 de \u201cvoltar a perseguir suas ambi\u00e7\u00f5es nucleares\u201d, mesmo ap\u00f3s os ataques de 2025, resultando em novos bombardeios, desta vez em parceria com Israel. Em retalia\u00e7\u00e3o aos ataques, Teer\u00e3 lan\u00e7ou m\u00edsseis contra Israel e atacou bases militares norte-americanas no Oriente M\u00e9dio. Um ataque direto aos Estados Unidos tamb\u00e9m foi prometido pelos iranianos. O conflito se expandiu ap\u00f3s o\u00a0Hezbollah, aliado do Ir\u00e3, lan\u00e7ar m\u00edsseis contra Israel, que respondeu atacando alvos em todo o L\u00edbano, pa\u00eds onde o grupo \u00e9 dominante. Al\u00e9m disso,\u00a0drones iranianos atingiram bases militares europeias\u00a0no Oriente M\u00e9dio. A a\u00e7\u00e3o resultou em um\u00a0comunicado conjunto entre Fran\u00e7a, Alemanha e Reino Unido, que sugeriram a possibilidade de entrar no conflito para \u201ca defesa de seus interesses e de seus aliados\u201d. Noticias em Destaque Fonte: SBT News\" \/>\n<meta property=\"og:url\" content=\"https:\/\/noticiasemdestaque.com\/cd\/?p=76994\" \/>\n<meta property=\"og:site_name\" content=\"Not&iacute;cias em Destaque\" \/>\n<meta property=\"article:published_time\" content=\"2026-03-11T13:43:34+00:00\" \/>\n<meta property=\"og:image\" content=\"https:\/\/noticiasemdestaque.com\/cd\/wp-content\/uploads\/2026\/03\/Foto_JPG_2026_03_11_T025918_729_4492d77009.webp\" \/>\n\t<meta property=\"og:image:width\" content=\"640\" \/>\n\t<meta property=\"og:image:height\" content=\"440\" \/>\n\t<meta property=\"og:image:type\" content=\"image\/webp\" \/>\n<meta name=\"author\" content=\"Not\u00edcias em Destaque\" \/>\n<meta name=\"twitter:card\" content=\"summary_large_image\" \/>\n<meta name=\"twitter:label1\" content=\"Escrito por\" \/>\n\t<meta name=\"twitter:data1\" content=\"Not\u00edcias em Destaque\" \/>\n\t<meta name=\"twitter:label2\" content=\"Est. tempo de leitura\" \/>\n\t<meta name=\"twitter:data2\" content=\"4 minutos\" \/>\n<script type=\"application\/ld+json\" class=\"yoast-schema-graph\">{\"@context\":\"https:\/\/schema.org\",\"@graph\":[{\"@type\":\"Article\",\"@id\":\"https:\/\/noticiasemdestaque.com\/cd\/?p=76994#article\",\"isPartOf\":{\"@id\":\"https:\/\/noticiasemdestaque.com\/cd\/?p=76994\"},\"author\":{\"name\":\"Not\u00edcias em Destaque\",\"@id\":\"https:\/\/noticiasemdestaque.com\/cd\/#\/schema\/person\/967a459378479d4fa07976fedd8a7b5e\"},\"headline\":\"Ir\u00e3 lan\u00e7a nova onda de ataques contra Israel e bases norte-americanas no Golfo\",\"datePublished\":\"2026-03-11T13:43:34+00:00\",\"mainEntityOfPage\":{\"@id\":\"https:\/\/noticiasemdestaque.com\/cd\/?p=76994\"},\"wordCount\":735,\"publisher\":{\"@id\":\"https:\/\/noticiasemdestaque.com\/cd\/#organization\"},\"image\":{\"@id\":\"https:\/\/noticiasemdestaque.com\/cd\/?p=76994#primaryimage\"},\"thumbnailUrl\":\"https:\/\/noticiasemdestaque.com\/cd\/wp-content\/uploads\/2026\/03\/Foto_JPG_2026_03_11_T025918_729_4492d77009.webp\",\"articleSection\":[\"Geral\"],\"inLanguage\":\"pt-BR\"},{\"@type\":\"WebPage\",\"@id\":\"https:\/\/noticiasemdestaque.com\/cd\/?p=76994\",\"url\":\"https:\/\/noticiasemdestaque.com\/cd\/?p=76994\",\"name\":\"Ir\u00e3 lan\u00e7a nova onda de ataques contra Israel e bases norte-americanas no Golfo - Not&iacute;cias em Destaque\",\"isPartOf\":{\"@id\":\"https:\/\/noticiasemdestaque.com\/cd\/#website\"},\"primaryImageOfPage\":{\"@id\":\"https:\/\/noticiasemdestaque.com\/cd\/?p=76994#primaryimage\"},\"image\":{\"@id\":\"https:\/\/noticiasemdestaque.com\/cd\/?p=76994#primaryimage\"},\"thumbnailUrl\":\"https:\/\/noticiasemdestaque.com\/cd\/wp-content\/uploads\/2026\/03\/Foto_JPG_2026_03_11_T025918_729_4492d77009.webp\",\"datePublished\":\"2026-03-11T13:43:34+00:00\",\"breadcrumb\":{\"@id\":\"https:\/\/noticiasemdestaque.com\/cd\/?p=76994#breadcrumb\"},\"inLanguage\":\"pt-BR\",\"potentialAction\":[{\"@type\":\"ReadAction\",\"target\":[\"https:\/\/noticiasemdestaque.com\/cd\/?p=76994\"]}]},{\"@type\":\"ImageObject\",\"inLanguage\":\"pt-BR\",\"@id\":\"https:\/\/noticiasemdestaque.com\/cd\/?p=76994#primaryimage\",\"url\":\"https:\/\/noticiasemdestaque.com\/cd\/wp-content\/uploads\/2026\/03\/Foto_JPG_2026_03_11_T025918_729_4492d77009.webp\",\"contentUrl\":\"https:\/\/noticiasemdestaque.com\/cd\/wp-content\/uploads\/2026\/03\/Foto_JPG_2026_03_11_T025918_729_4492d77009.webp\",\"width\":640,\"height\":440},{\"@type\":\"BreadcrumbList\",\"@id\":\"https:\/\/noticiasemdestaque.com\/cd\/?p=76994#breadcrumb\",\"itemListElement\":[{\"@type\":\"ListItem\",\"position\":1,\"name\":\"In\u00edcio\",\"item\":\"https:\/\/noticiasemdestaque.com\/cd\/\"},{\"@type\":\"ListItem\",\"position\":2,\"name\":\"Ir\u00e3 lan\u00e7a nova onda de ataques contra Israel e bases norte-americanas no Golfo\"}]},{\"@type\":\"WebSite\",\"@id\":\"https:\/\/noticiasemdestaque.com\/cd\/#website\",\"url\":\"https:\/\/noticiasemdestaque.com\/cd\/\",\"name\":\"Not&iacute;cias em Destaque\",\"description\":\"\",\"publisher\":{\"@id\":\"https:\/\/noticiasemdestaque.com\/cd\/#organization\"},\"potentialAction\":[{\"@type\":\"SearchAction\",\"target\":{\"@type\":\"EntryPoint\",\"urlTemplate\":\"https:\/\/noticiasemdestaque.com\/cd\/?s={search_term_string}\"},\"query-input\":{\"@type\":\"PropertyValueSpecification\",\"valueRequired\":true,\"valueName\":\"search_term_string\"}}],\"inLanguage\":\"pt-BR\"},{\"@type\":\"Organization\",\"@id\":\"https:\/\/noticiasemdestaque.com\/cd\/#organization\",\"name\":\"Not\u00edcias em Destaque\",\"url\":\"https:\/\/noticiasemdestaque.com\/cd\/\",\"logo\":{\"@type\":\"ImageObject\",\"inLanguage\":\"pt-BR\",\"@id\":\"https:\/\/noticiasemdestaque.com\/cd\/#\/schema\/logo\/image\/\",\"url\":\"https:\/\/noticiasemdestaque.com\/cd\/wp-content\/uploads\/2022\/05\/imagem-base-noticiasemdestaque.png\",\"contentUrl\":\"https:\/\/noticiasemdestaque.com\/cd\/wp-content\/uploads\/2022\/05\/imagem-base-noticiasemdestaque.png\",\"width\":1200,\"height\":630,\"caption\":\"Not\u00edcias em Destaque\"},\"image\":{\"@id\":\"https:\/\/noticiasemdestaque.com\/cd\/#\/schema\/logo\/image\/\"}},{\"@type\":\"Person\",\"@id\":\"https:\/\/noticiasemdestaque.com\/cd\/#\/schema\/person\/967a459378479d4fa07976fedd8a7b5e\",\"name\":\"Not\u00edcias em Destaque\",\"url\":\"https:\/\/noticiasemdestaque.com\/cd\/?author=2\"}]}<\/script>\n<!-- \/ Yoast SEO plugin. -->","yoast_head_json":{"title":"Ir\u00e3 lan\u00e7a nova onda de ataques contra Israel e bases norte-americanas no Golfo - Not&iacute;cias em Destaque","robots":{"index":"index","follow":"follow","max-snippet":"max-snippet:-1","max-image-preview":"max-image-preview:large","max-video-preview":"max-video-preview:-1"},"canonical":"https:\/\/noticiasemdestaque.com\/cd\/?p=76994","og_locale":"pt_BR","og_type":"article","og_title":"Ir\u00e3 lan\u00e7a nova onda de ataques contra Israel e bases norte-americanas no Golfo - Not&iacute;cias em Destaque","og_description":"A\u00a0Guarda Revolucion\u00e1ria do Ir\u00e3 lan\u00e7ou uma nova onda de ataques contra Israel\u00a0nesta quarta-feira (11). Segundo autoridades locais,\u00a0m\u00edsseis e drones foram identificados em dire\u00e7\u00e3o a Tel Aviv, onde os moradores foram orientados a se abrigarem em bunkers. \u201cOs sistemas de defesa est\u00e3o operando para interceptar a amea\u00e7a. Nos \u00faltimos minutos, o Comando da Frente Interna emitiu uma diretriz preliminar diretamente para telefones celulares nas \u00e1reas relevantes\u201d, informaram as For\u00e7as de Defesa de Israel (IDF, na sigla em ingl\u00eas). Ao mesmo tempo, as tropas iranianas lan\u00e7aram drones contra bases militares dos Estados Unidos em pa\u00edses do Golfo P\u00e9rsico, no Oriente M\u00e9dio, em retalia\u00e7\u00e3o aos ataques dos \u00faltimos dias. Os Emirados \u00c1rabes Unidos informaram que acionou os sistemas de defesa a\u00e9rea para interceptar os equipamentos, assim como Ar\u00e1bia Saudita e Bahrein. Relatos da imprensa norte-americana tamb\u00e9m apontam para ataques no Iraque, onde o Centro de Apoio Diplom\u00e1tico de Bagd\u00e1 teria sido atingido. De acordo com a Reuters, funcion\u00e1rios da instala\u00e7\u00e3o receberam ordens para \u201cse abaixar e se proteger\u201d. Ao todo, seis drones foram lan\u00e7ados, provavelmente pela Resist\u00eancia Isl\u00e2mica no Iraque \u2013 apoiado pelo Ir\u00e3. Enquanto isso, as for\u00e7as israelenses continuam mirando alvos do regime iraniano em Teer\u00e3. As tropas tamb\u00e9m atuam nos sub\u00farbios do sul de Beirute, no L\u00edbano, em opera\u00e7\u00e3o contra o grupo Hezbollah, aliado do Ir\u00e3. Al\u00e9m dos ataques a\u00e9reos, que destru\u00edram ve\u00edculos e armaz\u00e9ns de drones e armas, as tropas avan\u00e7am por terra. O que est\u00e1 acontecendo no Oriente M\u00e9dio? O Ir\u00e3 foi alvo de um ataque coordenado entre Estados Unidos e Israel no 28 de fevereiro. O bombardeio, que deixou mais de 500 mortos, ocorreu em meio \u00e0s negocia\u00e7\u00f5es de Teer\u00e3 com Washington sobre um novo acordo nuclear. Restringir a capacidade nuclear do Ir\u00e3 tem sido uma das prioridades da pol\u00edtica externa de Washington h\u00e1 d\u00e9cadas. Em 2015, o ent\u00e3o presidente Barack Obama fez um acordo com o pa\u00eds, limitando as atividades nucleares e permitindo a inspe\u00e7\u00e3o das instala\u00e7\u00f5es para garantir que fossem usadas apenas para fins civis e n\u00e3o para a produ\u00e7\u00e3o de armas. Em troca, o Ir\u00e3 recebia al\u00edvio nas san\u00e7\u00f5es. Tal acordo, no entanto, foi rasgado em 2018 por Donald Trump, que alegou que o acordo era ben\u00e9fico demais para o Ir\u00e3. Com isso, o pa\u00eds deixou de cumprir o acordo e elevou o grau de enriquecimento de ur\u00e2nio \u2013 que pode ser usado para fazer bombas nucleares. O governo de Joe Biden at\u00e9 tentou retomar o acordo, oferecendo novamente al\u00edvio nas san\u00e7\u00f5es econ\u00f4micas, mas n\u00e3o obteve sucesso. Agora, em seu segundo mandato, Trump vinha pressionando o governo iraniano a limitar ou abandonar o programa nuclear, sob a justificativa de que o pa\u00eds estaria pr\u00f3ximo de desenvolver uma bomba at\u00f4mica. A acusa\u00e7\u00e3o \u00e9 rejeitada por Teer\u00e3, que afirma que o programa tem fins pac\u00edficos, voltados sobretudo \u00e0 produ\u00e7\u00e3o de energia. Dias antes do ataque, representantes iranianos e norte-americanos se encontram na Su\u00ed\u00e7a para debater um novo acordo nuclear. Eles haviam classificado o encontro como positivo, dizendo que o pr\u00f3ximo passo envolveria equipes especializadas de ambos os pa\u00edses em Viena, na sede da Ag\u00eancia Internacional de Energia At\u00f4mica (AIEA). Na manh\u00e3 de s\u00e1bado, no entanto, Trump acusou o Ir\u00e3 de \u201cvoltar a perseguir suas ambi\u00e7\u00f5es nucleares\u201d, mesmo ap\u00f3s os ataques de 2025, resultando em novos bombardeios, desta vez em parceria com Israel. Em retalia\u00e7\u00e3o aos ataques, Teer\u00e3 lan\u00e7ou m\u00edsseis contra Israel e atacou bases militares norte-americanas no Oriente M\u00e9dio. Um ataque direto aos Estados Unidos tamb\u00e9m foi prometido pelos iranianos. O conflito se expandiu ap\u00f3s o\u00a0Hezbollah, aliado do Ir\u00e3, lan\u00e7ar m\u00edsseis contra Israel, que respondeu atacando alvos em todo o L\u00edbano, pa\u00eds onde o grupo \u00e9 dominante. Al\u00e9m disso,\u00a0drones iranianos atingiram bases militares europeias\u00a0no Oriente M\u00e9dio. A a\u00e7\u00e3o resultou em um\u00a0comunicado conjunto entre Fran\u00e7a, Alemanha e Reino Unido, que sugeriram a possibilidade de entrar no conflito para \u201ca defesa de seus interesses e de seus aliados\u201d. Noticias em Destaque Fonte: SBT News","og_url":"https:\/\/noticiasemdestaque.com\/cd\/?p=76994","og_site_name":"Not&iacute;cias em Destaque","article_published_time":"2026-03-11T13:43:34+00:00","og_image":[{"width":640,"height":440,"url":"https:\/\/noticiasemdestaque.com\/cd\/wp-content\/uploads\/2026\/03\/Foto_JPG_2026_03_11_T025918_729_4492d77009.webp","type":"image\/webp"}],"author":"Not\u00edcias em Destaque","twitter_card":"summary_large_image","twitter_misc":{"Escrito por":"Not\u00edcias em Destaque","Est. tempo de leitura":"4 minutos"},"schema":{"@context":"https:\/\/schema.org","@graph":[{"@type":"Article","@id":"https:\/\/noticiasemdestaque.com\/cd\/?p=76994#article","isPartOf":{"@id":"https:\/\/noticiasemdestaque.com\/cd\/?p=76994"},"author":{"name":"Not\u00edcias em Destaque","@id":"https:\/\/noticiasemdestaque.com\/cd\/#\/schema\/person\/967a459378479d4fa07976fedd8a7b5e"},"headline":"Ir\u00e3 lan\u00e7a nova onda de ataques contra Israel e bases norte-americanas no Golfo","datePublished":"2026-03-11T13:43:34+00:00","mainEntityOfPage":{"@id":"https:\/\/noticiasemdestaque.com\/cd\/?p=76994"},"wordCount":735,"publisher":{"@id":"https:\/\/noticiasemdestaque.com\/cd\/#organization"},"image":{"@id":"https:\/\/noticiasemdestaque.com\/cd\/?p=76994#primaryimage"},"thumbnailUrl":"https:\/\/noticiasemdestaque.com\/cd\/wp-content\/uploads\/2026\/03\/Foto_JPG_2026_03_11_T025918_729_4492d77009.webp","articleSection":["Geral"],"inLanguage":"pt-BR"},{"@type":"WebPage","@id":"https:\/\/noticiasemdestaque.com\/cd\/?p=76994","url":"https:\/\/noticiasemdestaque.com\/cd\/?p=76994","name":"Ir\u00e3 lan\u00e7a nova onda de ataques contra Israel e bases norte-americanas no Golfo - Not&iacute;cias em Destaque","isPartOf":{"@id":"https:\/\/noticiasemdestaque.com\/cd\/#website"},"primaryImageOfPage":{"@id":"https:\/\/noticiasemdestaque.com\/cd\/?p=76994#primaryimage"},"image":{"@id":"https:\/\/noticiasemdestaque.com\/cd\/?p=76994#primaryimage"},"thumbnailUrl":"https:\/\/noticiasemdestaque.com\/cd\/wp-content\/uploads\/2026\/03\/Foto_JPG_2026_03_11_T025918_729_4492d77009.webp","datePublished":"2026-03-11T13:43:34+00:00","breadcrumb":{"@id":"https:\/\/noticiasemdestaque.com\/cd\/?p=76994#breadcrumb"},"inLanguage":"pt-BR","potentialAction":[{"@type":"ReadAction","target":["https:\/\/noticiasemdestaque.com\/cd\/?p=76994"]}]},{"@type":"ImageObject","inLanguage":"pt-BR","@id":"https:\/\/noticiasemdestaque.com\/cd\/?p=76994#primaryimage","url":"https:\/\/noticiasemdestaque.com\/cd\/wp-content\/uploads\/2026\/03\/Foto_JPG_2026_03_11_T025918_729_4492d77009.webp","contentUrl":"https:\/\/noticiasemdestaque.com\/cd\/wp-content\/uploads\/2026\/03\/Foto_JPG_2026_03_11_T025918_729_4492d77009.webp","width":640,"height":440},{"@type":"BreadcrumbList","@id":"https:\/\/noticiasemdestaque.com\/cd\/?p=76994#breadcrumb","itemListElement":[{"@type":"ListItem","position":1,"name":"In\u00edcio","item":"https:\/\/noticiasemdestaque.com\/cd\/"},{"@type":"ListItem","position":2,"name":"Ir\u00e3 lan\u00e7a nova onda de ataques contra Israel e bases norte-americanas no Golfo"}]},{"@type":"WebSite","@id":"https:\/\/noticiasemdestaque.com\/cd\/#website","url":"https:\/\/noticiasemdestaque.com\/cd\/","name":"Not&iacute;cias em Destaque","description":"","publisher":{"@id":"https:\/\/noticiasemdestaque.com\/cd\/#organization"},"potentialAction":[{"@type":"SearchAction","target":{"@type":"EntryPoint","urlTemplate":"https:\/\/noticiasemdestaque.com\/cd\/?s={search_term_string}"},"query-input":{"@type":"PropertyValueSpecification","valueRequired":true,"valueName":"search_term_string"}}],"inLanguage":"pt-BR"},{"@type":"Organization","@id":"https:\/\/noticiasemdestaque.com\/cd\/#organization","name":"Not\u00edcias em Destaque","url":"https:\/\/noticiasemdestaque.com\/cd\/","logo":{"@type":"ImageObject","inLanguage":"pt-BR","@id":"https:\/\/noticiasemdestaque.com\/cd\/#\/schema\/logo\/image\/","url":"https:\/\/noticiasemdestaque.com\/cd\/wp-content\/uploads\/2022\/05\/imagem-base-noticiasemdestaque.png","contentUrl":"https:\/\/noticiasemdestaque.com\/cd\/wp-content\/uploads\/2022\/05\/imagem-base-noticiasemdestaque.png","width":1200,"height":630,"caption":"Not\u00edcias em Destaque"},"image":{"@id":"https:\/\/noticiasemdestaque.com\/cd\/#\/schema\/logo\/image\/"}},{"@type":"Person","@id":"https:\/\/noticiasemdestaque.com\/cd\/#\/schema\/person\/967a459378479d4fa07976fedd8a7b5e","name":"Not\u00edcias em Destaque","url":"https:\/\/noticiasemdestaque.com\/cd\/?author=2"}]}},"jetpack_featured_media_url":"https:\/\/noticiasemdestaque.com\/cd\/wp-content\/uploads\/2026\/03\/Foto_JPG_2026_03_11_T025918_729_4492d77009.webp","jetpack_sharing_enabled":true,"_links":{"self":[{"href":"https:\/\/noticiasemdestaque.com\/cd\/index.php?rest_route=\/wp\/v2\/posts\/76994","targetHints":{"allow":["GET"]}}],"collection":[{"href":"https:\/\/noticiasemdestaque.com\/cd\/index.php?rest_route=\/wp\/v2\/posts"}],"about":[{"href":"https:\/\/noticiasemdestaque.com\/cd\/index.php?rest_route=\/wp\/v2\/types\/post"}],"author":[{"embeddable":true,"href":"https:\/\/noticiasemdestaque.com\/cd\/index.php?rest_route=\/wp\/v2\/users\/2"}],"replies":[{"embeddable":true,"href":"https:\/\/noticiasemdestaque.com\/cd\/index.php?rest_route=%2Fwp%2Fv2%2Fcomments&post=76994"}],"version-history":[{"count":1,"href":"https:\/\/noticiasemdestaque.com\/cd\/index.php?rest_route=\/wp\/v2\/posts\/76994\/revisions"}],"predecessor-version":[{"id":76996,"href":"https:\/\/noticiasemdestaque.com\/cd\/index.php?rest_route=\/wp\/v2\/posts\/76994\/revisions\/76996"}],"wp:featuredmedia":[{"embeddable":true,"href":"https:\/\/noticiasemdestaque.com\/cd\/index.php?rest_route=\/wp\/v2\/media\/76995"}],"wp:attachment":[{"href":"https:\/\/noticiasemdestaque.com\/cd\/index.php?rest_route=%2Fwp%2Fv2%2Fmedia&parent=76994"}],"wp:term":[{"taxonomy":"category","embeddable":true,"href":"https:\/\/noticiasemdestaque.com\/cd\/index.php?rest_route=%2Fwp%2Fv2%2Fcategories&post=76994"},{"taxonomy":"post_tag","embeddable":true,"href":"https:\/\/noticiasemdestaque.com\/cd\/index.php?rest_route=%2Fwp%2Fv2%2Ftags&post=76994"}],"curies":[{"name":"wp","href":"https:\/\/api.w.org\/{rel}","templated":true}]}}