{"id":76981,"date":"2026-03-10T19:49:10","date_gmt":"2026-03-10T22:49:10","guid":{"rendered":"https:\/\/noticiasemdestaque.com\/cd\/?p=76981"},"modified":"2026-03-10T19:49:10","modified_gmt":"2026-03-10T22:49:10","slug":"prefeitura-de-sume-implanta-laboratorio-de-informatica-nas-escolas-da-rede-municipal","status":"publish","type":"post","link":"https:\/\/noticiasemdestaque.com\/cd\/?p=76981","title":{"rendered":"Prefeitura de Sum\u00e9 implanta laborat\u00f3rio de inform\u00e1tica nas escolas da rede municipal"},"content":{"rendered":"<p><a href=\"https:\/\/noticiasemdestaque.com\/cd\/wp-content\/uploads\/2026\/03\/WhatsApp-Image-2026-03-10-at-17.13.50.jpeg\"><img fetchpriority=\"high\" decoding=\"async\" class=\" wp-image-76982 aligncenter\" src=\"https:\/\/noticiasemdestaque.com\/cd\/wp-content\/uploads\/2026\/03\/WhatsApp-Image-2026-03-10-at-17.13.50-300x191.jpeg\" alt=\"\" width=\"916\" height=\"583\" srcset=\"https:\/\/noticiasemdestaque.com\/cd\/wp-content\/uploads\/2026\/03\/WhatsApp-Image-2026-03-10-at-17.13.50-300x191.jpeg 300w, https:\/\/noticiasemdestaque.com\/cd\/wp-content\/uploads\/2026\/03\/WhatsApp-Image-2026-03-10-at-17.13.50.jpeg 603w\" sizes=\"(max-width: 916px) 100vw, 916px\" \/><\/a><\/p>\n<p>A Prefeitura de Sum\u00e9, por meio da Secretaria de Educa\u00e7\u00e3o, implantou laborat\u00f3rios de inform\u00e1tica nas escolas da rede municipal de ensino. A entrega dos equipamentos foi feita pela secret\u00e1ria da pasta, Denise Sousa, ao lado do prefeito Manezinho Louren\u00e7o.<\/p>\n<p>O investimento passa de R$ 1 milh\u00e3o. As unidades receberam computadores completos e outros equipamentos tecnol\u00f3gicos para uso em atividades pedag\u00f3gicas.<\/p>\n<p>A estrutura permite a aplica\u00e7\u00e3o da BNCC Computa\u00e7\u00e3o. O conte\u00fado integra o ensino de tecnologia ao curr\u00edculo escolar e inclui atividades realizadas tanto no laborat\u00f3rio quanto em sala de aula.<\/p>\n<p>Segundo a secret\u00e1ria Denise Sousa, o planejamento come\u00e7ou em 2025, quando a Secretaria de Educa\u00e7\u00e3o analisou as orienta\u00e7\u00f5es do Minist\u00e9rio da Educa\u00e7\u00e3o para implanta\u00e7\u00e3o da computa\u00e7\u00e3o nas redes de ensino. A equipe organizou o trabalho de acordo com o or\u00e7amento da pasta e as exig\u00eancias para cumprimento das condicionalidades do FUNDEB.<\/p>\n<p>Com a estrutura implantada, os estudantes ter\u00e3o atividades ligadas \u00e0 cultura digital desde a educa\u00e7\u00e3o infantil at\u00e9 os anos finais do ensino fundamental. Nos anos iniciais, as a\u00e7\u00f5es ser\u00e3o conduzidas pelo professor da pr\u00f3pria turma. J\u00e1 nos anos finais, o trabalho contar\u00e1 com o professor da \u00e1rea de computa\u00e7\u00e3o.<\/p>\n<p>As escolas tamb\u00e9m receberam projetores, notebooks, impressoras e caixas de som. Os equipamentos atendem equipes pedag\u00f3gicas e administrativas e ampliam as condi\u00e7\u00f5es de trabalho nas unidades de ensino.<\/p>\n<p>A sede da Secretaria de Educa\u00e7\u00e3o tamb\u00e9m foi equipada com novos computadores e outros recursos tecnol\u00f3gicos para dar suporte \u00e0s atividades administrativas e pedag\u00f3gicas.<\/p>\n<p>O prefeito Manezinho Louren\u00e7o destacou que a gest\u00e3o segue investindo na rede municipal. Segundo ele, educa\u00e7\u00e3o \u00e9 prioridade e os professores podem contar com o apoio da prefeitura.<\/p>\n<blockquote><p>\u201cEduca\u00e7\u00e3o \u00e9 investimento. A gente sabe da import\u00e2ncia do trabalho dos professores e a prefeitura est\u00e1 aqui para dar suporte e garantir condi\u00e7\u00f5es para que esse trabalho continue nas escolas\u201d, afirmou.<\/p><\/blockquote>\n<p>De acordo com a Secretaria de Educa\u00e7\u00e3o, a implanta\u00e7\u00e3o dos laborat\u00f3rios atende \u00e0s orienta\u00e7\u00f5es do Minist\u00e9rio da Educa\u00e7\u00e3o e amplia o acesso dos estudantes da rede municipal \u00e0s tecnologias digitais.<\/p>\n<p><strong>Noticias em Destaque<\/strong><\/p>\n<p style=\"text-align: right;\"><em>Fonte: Ascom<\/em><\/p>\n","protected":false},"excerpt":{"rendered":"<p>A Prefeitura de Sum\u00e9, por meio da Secretaria de Educa\u00e7\u00e3o, implantou laborat\u00f3rios de inform\u00e1tica nas escolas da rede municipal de ensino. A entrega dos equipamentos foi feita pela secret\u00e1ria da pasta, Denise Sousa, ao lado do prefeito Manezinho Louren\u00e7o. O investimento passa de R$ 1 milh\u00e3o. As unidades receberam computadores completos e outros equipamentos tecnol\u00f3gicos para uso em atividades pedag\u00f3gicas. A estrutura permite a aplica\u00e7\u00e3o da BNCC Computa\u00e7\u00e3o. O conte\u00fado integra o ensino de tecnologia ao curr\u00edculo escolar e inclui atividades realizadas tanto no laborat\u00f3rio quanto em sala de aula. Segundo a secret\u00e1ria Denise Sousa, o planejamento come\u00e7ou em 2025, quando a Secretaria de Educa\u00e7\u00e3o analisou as orienta\u00e7\u00f5es do Minist\u00e9rio da Educa\u00e7\u00e3o para implanta\u00e7\u00e3o da computa\u00e7\u00e3o nas redes de ensino. A equipe organizou o trabalho de acordo com o or\u00e7amento da pasta e as exig\u00eancias para cumprimento das condicionalidades do FUNDEB. Com a estrutura implantada, os estudantes ter\u00e3o atividades ligadas \u00e0 cultura digital desde a educa\u00e7\u00e3o infantil at\u00e9 os anos finais do ensino fundamental. Nos anos iniciais, as a\u00e7\u00f5es ser\u00e3o conduzidas pelo professor da pr\u00f3pria turma. J\u00e1 nos anos finais, o trabalho contar\u00e1 com o professor da \u00e1rea de computa\u00e7\u00e3o. As escolas tamb\u00e9m receberam projetores, notebooks, impressoras e caixas de som. Os equipamentos atendem equipes pedag\u00f3gicas e administrativas e ampliam as condi\u00e7\u00f5es de trabalho nas unidades de ensino. A sede da Secretaria de Educa\u00e7\u00e3o tamb\u00e9m foi equipada com novos computadores e outros recursos tecnol\u00f3gicos para dar suporte \u00e0s atividades administrativas e pedag\u00f3gicas. O prefeito Manezinho Louren\u00e7o destacou que a gest\u00e3o segue investindo na rede municipal. Segundo ele, educa\u00e7\u00e3o \u00e9 prioridade e os professores podem contar com o apoio da prefeitura. \u201cEduca\u00e7\u00e3o \u00e9 investimento. A gente sabe da import\u00e2ncia do trabalho dos professores e a prefeitura est\u00e1 aqui para dar suporte e garantir condi\u00e7\u00f5es para que esse trabalho continue nas escolas\u201d, afirmou. De acordo com a Secretaria de Educa\u00e7\u00e3o, a implanta\u00e7\u00e3o dos laborat\u00f3rios atende \u00e0s orienta\u00e7\u00f5es do Minist\u00e9rio da Educa\u00e7\u00e3o e amplia o acesso dos estudantes da rede municipal \u00e0s tecnologias digitais. Noticias em Destaque Fonte: Ascom<\/p>\n","protected":false},"author":2,"featured_media":76982,"comment_status":"closed","ping_status":"closed","sticky":false,"template":"","format":"standard","meta":{"_eb_attr":"","_jetpack_memberships_contains_paid_content":false,"footnotes":""},"categories":[3],"tags":[],"class_list":["post-76981","post","type-post","status-publish","format-standard","has-post-thumbnail","hentry","category-cidades"],"yoast_head":"<!-- This site is optimized with the Yoast SEO plugin v26.5 - https:\/\/yoast.com\/wordpress\/plugins\/seo\/ -->\n<title>Prefeitura de Sum\u00e9 implanta laborat\u00f3rio de inform\u00e1tica nas escolas da rede municipal - Not&iacute;cias em Destaque<\/title>\n<meta name=\"robots\" content=\"index, follow, max-snippet:-1, max-image-preview:large, max-video-preview:-1\" \/>\n<link rel=\"canonical\" href=\"https:\/\/noticiasemdestaque.com\/cd\/?p=76981\" \/>\n<meta property=\"og:locale\" content=\"pt_BR\" \/>\n<meta property=\"og:type\" content=\"article\" \/>\n<meta property=\"og:title\" content=\"Prefeitura de Sum\u00e9 implanta laborat\u00f3rio de inform\u00e1tica nas escolas da rede municipal - Not&iacute;cias em Destaque\" \/>\n<meta property=\"og:description\" content=\"A Prefeitura de Sum\u00e9, por meio da Secretaria de Educa\u00e7\u00e3o, implantou laborat\u00f3rios de inform\u00e1tica nas escolas da rede municipal de ensino. A entrega dos equipamentos foi feita pela secret\u00e1ria da pasta, Denise Sousa, ao lado do prefeito Manezinho Louren\u00e7o. O investimento passa de R$ 1 milh\u00e3o. As unidades receberam computadores completos e outros equipamentos tecnol\u00f3gicos para uso em atividades pedag\u00f3gicas. A estrutura permite a aplica\u00e7\u00e3o da BNCC Computa\u00e7\u00e3o. O conte\u00fado integra o ensino de tecnologia ao curr\u00edculo escolar e inclui atividades realizadas tanto no laborat\u00f3rio quanto em sala de aula. Segundo a secret\u00e1ria Denise Sousa, o planejamento come\u00e7ou em 2025, quando a Secretaria de Educa\u00e7\u00e3o analisou as orienta\u00e7\u00f5es do Minist\u00e9rio da Educa\u00e7\u00e3o para implanta\u00e7\u00e3o da computa\u00e7\u00e3o nas redes de ensino. A equipe organizou o trabalho de acordo com o or\u00e7amento da pasta e as exig\u00eancias para cumprimento das condicionalidades do FUNDEB. Com a estrutura implantada, os estudantes ter\u00e3o atividades ligadas \u00e0 cultura digital desde a educa\u00e7\u00e3o infantil at\u00e9 os anos finais do ensino fundamental. Nos anos iniciais, as a\u00e7\u00f5es ser\u00e3o conduzidas pelo professor da pr\u00f3pria turma. J\u00e1 nos anos finais, o trabalho contar\u00e1 com o professor da \u00e1rea de computa\u00e7\u00e3o. As escolas tamb\u00e9m receberam projetores, notebooks, impressoras e caixas de som. Os equipamentos atendem equipes pedag\u00f3gicas e administrativas e ampliam as condi\u00e7\u00f5es de trabalho nas unidades de ensino. A sede da Secretaria de Educa\u00e7\u00e3o tamb\u00e9m foi equipada com novos computadores e outros recursos tecnol\u00f3gicos para dar suporte \u00e0s atividades administrativas e pedag\u00f3gicas. O prefeito Manezinho Louren\u00e7o destacou que a gest\u00e3o segue investindo na rede municipal. Segundo ele, educa\u00e7\u00e3o \u00e9 prioridade e os professores podem contar com o apoio da prefeitura. \u201cEduca\u00e7\u00e3o \u00e9 investimento. A gente sabe da import\u00e2ncia do trabalho dos professores e a prefeitura est\u00e1 aqui para dar suporte e garantir condi\u00e7\u00f5es para que esse trabalho continue nas escolas\u201d, afirmou. De acordo com a Secretaria de Educa\u00e7\u00e3o, a implanta\u00e7\u00e3o dos laborat\u00f3rios atende \u00e0s orienta\u00e7\u00f5es do Minist\u00e9rio da Educa\u00e7\u00e3o e amplia o acesso dos estudantes da rede municipal \u00e0s tecnologias digitais. Noticias em Destaque Fonte: Ascom\" \/>\n<meta property=\"og:url\" content=\"https:\/\/noticiasemdestaque.com\/cd\/?p=76981\" \/>\n<meta property=\"og:site_name\" content=\"Not&iacute;cias em Destaque\" \/>\n<meta property=\"article:published_time\" content=\"2026-03-10T22:49:10+00:00\" \/>\n<meta property=\"og:image\" content=\"https:\/\/noticiasemdestaque.com\/cd\/wp-content\/uploads\/2026\/03\/WhatsApp-Image-2026-03-10-at-17.13.50.jpeg\" \/>\n\t<meta property=\"og:image:width\" content=\"603\" \/>\n\t<meta property=\"og:image:height\" content=\"383\" \/>\n\t<meta property=\"og:image:type\" content=\"image\/jpeg\" \/>\n<meta name=\"author\" content=\"Not\u00edcias em Destaque\" \/>\n<meta name=\"twitter:card\" content=\"summary_large_image\" \/>\n<meta name=\"twitter:label1\" content=\"Escrito por\" \/>\n\t<meta name=\"twitter:data1\" content=\"Not\u00edcias em Destaque\" \/>\n\t<meta name=\"twitter:label2\" content=\"Est. tempo de leitura\" \/>\n\t<meta name=\"twitter:data2\" content=\"3 minutos\" \/>\n<script type=\"application\/ld+json\" class=\"yoast-schema-graph\">{\"@context\":\"https:\/\/schema.org\",\"@graph\":[{\"@type\":\"Article\",\"@id\":\"https:\/\/noticiasemdestaque.com\/cd\/?p=76981#article\",\"isPartOf\":{\"@id\":\"https:\/\/noticiasemdestaque.com\/cd\/?p=76981\"},\"author\":{\"name\":\"Not\u00edcias em Destaque\",\"@id\":\"https:\/\/noticiasemdestaque.com\/cd\/#\/schema\/person\/967a459378479d4fa07976fedd8a7b5e\"},\"headline\":\"Prefeitura de Sum\u00e9 implanta laborat\u00f3rio de inform\u00e1tica nas escolas da rede municipal\",\"datePublished\":\"2026-03-10T22:49:10+00:00\",\"mainEntityOfPage\":{\"@id\":\"https:\/\/noticiasemdestaque.com\/cd\/?p=76981\"},\"wordCount\":393,\"publisher\":{\"@id\":\"https:\/\/noticiasemdestaque.com\/cd\/#organization\"},\"image\":{\"@id\":\"https:\/\/noticiasemdestaque.com\/cd\/?p=76981#primaryimage\"},\"thumbnailUrl\":\"https:\/\/noticiasemdestaque.com\/cd\/wp-content\/uploads\/2026\/03\/WhatsApp-Image-2026-03-10-at-17.13.50.jpeg\",\"articleSection\":[\"Cidades\"],\"inLanguage\":\"pt-BR\"},{\"@type\":\"WebPage\",\"@id\":\"https:\/\/noticiasemdestaque.com\/cd\/?p=76981\",\"url\":\"https:\/\/noticiasemdestaque.com\/cd\/?p=76981\",\"name\":\"Prefeitura de Sum\u00e9 implanta laborat\u00f3rio de inform\u00e1tica nas escolas da rede municipal - Not&iacute;cias em Destaque\",\"isPartOf\":{\"@id\":\"https:\/\/noticiasemdestaque.com\/cd\/#website\"},\"primaryImageOfPage\":{\"@id\":\"https:\/\/noticiasemdestaque.com\/cd\/?p=76981#primaryimage\"},\"image\":{\"@id\":\"https:\/\/noticiasemdestaque.com\/cd\/?p=76981#primaryimage\"},\"thumbnailUrl\":\"https:\/\/noticiasemdestaque.com\/cd\/wp-content\/uploads\/2026\/03\/WhatsApp-Image-2026-03-10-at-17.13.50.jpeg\",\"datePublished\":\"2026-03-10T22:49:10+00:00\",\"breadcrumb\":{\"@id\":\"https:\/\/noticiasemdestaque.com\/cd\/?p=76981#breadcrumb\"},\"inLanguage\":\"pt-BR\",\"potentialAction\":[{\"@type\":\"ReadAction\",\"target\":[\"https:\/\/noticiasemdestaque.com\/cd\/?p=76981\"]}]},{\"@type\":\"ImageObject\",\"inLanguage\":\"pt-BR\",\"@id\":\"https:\/\/noticiasemdestaque.com\/cd\/?p=76981#primaryimage\",\"url\":\"https:\/\/noticiasemdestaque.com\/cd\/wp-content\/uploads\/2026\/03\/WhatsApp-Image-2026-03-10-at-17.13.50.jpeg\",\"contentUrl\":\"https:\/\/noticiasemdestaque.com\/cd\/wp-content\/uploads\/2026\/03\/WhatsApp-Image-2026-03-10-at-17.13.50.jpeg\",\"width\":603,\"height\":383},{\"@type\":\"BreadcrumbList\",\"@id\":\"https:\/\/noticiasemdestaque.com\/cd\/?p=76981#breadcrumb\",\"itemListElement\":[{\"@type\":\"ListItem\",\"position\":1,\"name\":\"In\u00edcio\",\"item\":\"https:\/\/noticiasemdestaque.com\/cd\/\"},{\"@type\":\"ListItem\",\"position\":2,\"name\":\"Prefeitura de Sum\u00e9 implanta laborat\u00f3rio de inform\u00e1tica nas escolas da rede municipal\"}]},{\"@type\":\"WebSite\",\"@id\":\"https:\/\/noticiasemdestaque.com\/cd\/#website\",\"url\":\"https:\/\/noticiasemdestaque.com\/cd\/\",\"name\":\"Not&iacute;cias em Destaque\",\"description\":\"\",\"publisher\":{\"@id\":\"https:\/\/noticiasemdestaque.com\/cd\/#organization\"},\"potentialAction\":[{\"@type\":\"SearchAction\",\"target\":{\"@type\":\"EntryPoint\",\"urlTemplate\":\"https:\/\/noticiasemdestaque.com\/cd\/?s={search_term_string}\"},\"query-input\":{\"@type\":\"PropertyValueSpecification\",\"valueRequired\":true,\"valueName\":\"search_term_string\"}}],\"inLanguage\":\"pt-BR\"},{\"@type\":\"Organization\",\"@id\":\"https:\/\/noticiasemdestaque.com\/cd\/#organization\",\"name\":\"Not\u00edcias em Destaque\",\"url\":\"https:\/\/noticiasemdestaque.com\/cd\/\",\"logo\":{\"@type\":\"ImageObject\",\"inLanguage\":\"pt-BR\",\"@id\":\"https:\/\/noticiasemdestaque.com\/cd\/#\/schema\/logo\/image\/\",\"url\":\"https:\/\/noticiasemdestaque.com\/cd\/wp-content\/uploads\/2022\/05\/imagem-base-noticiasemdestaque.png\",\"contentUrl\":\"https:\/\/noticiasemdestaque.com\/cd\/wp-content\/uploads\/2022\/05\/imagem-base-noticiasemdestaque.png\",\"width\":1200,\"height\":630,\"caption\":\"Not\u00edcias em Destaque\"},\"image\":{\"@id\":\"https:\/\/noticiasemdestaque.com\/cd\/#\/schema\/logo\/image\/\"}},{\"@type\":\"Person\",\"@id\":\"https:\/\/noticiasemdestaque.com\/cd\/#\/schema\/person\/967a459378479d4fa07976fedd8a7b5e\",\"name\":\"Not\u00edcias em Destaque\",\"url\":\"https:\/\/noticiasemdestaque.com\/cd\/?author=2\"}]}<\/script>\n<!-- \/ Yoast SEO plugin. -->","yoast_head_json":{"title":"Prefeitura de Sum\u00e9 implanta laborat\u00f3rio de inform\u00e1tica nas escolas da rede municipal - Not&iacute;cias em Destaque","robots":{"index":"index","follow":"follow","max-snippet":"max-snippet:-1","max-image-preview":"max-image-preview:large","max-video-preview":"max-video-preview:-1"},"canonical":"https:\/\/noticiasemdestaque.com\/cd\/?p=76981","og_locale":"pt_BR","og_type":"article","og_title":"Prefeitura de Sum\u00e9 implanta laborat\u00f3rio de inform\u00e1tica nas escolas da rede municipal - Not&iacute;cias em Destaque","og_description":"A Prefeitura de Sum\u00e9, por meio da Secretaria de Educa\u00e7\u00e3o, implantou laborat\u00f3rios de inform\u00e1tica nas escolas da rede municipal de ensino. A entrega dos equipamentos foi feita pela secret\u00e1ria da pasta, Denise Sousa, ao lado do prefeito Manezinho Louren\u00e7o. O investimento passa de R$ 1 milh\u00e3o. As unidades receberam computadores completos e outros equipamentos tecnol\u00f3gicos para uso em atividades pedag\u00f3gicas. A estrutura permite a aplica\u00e7\u00e3o da BNCC Computa\u00e7\u00e3o. O conte\u00fado integra o ensino de tecnologia ao curr\u00edculo escolar e inclui atividades realizadas tanto no laborat\u00f3rio quanto em sala de aula. Segundo a secret\u00e1ria Denise Sousa, o planejamento come\u00e7ou em 2025, quando a Secretaria de Educa\u00e7\u00e3o analisou as orienta\u00e7\u00f5es do Minist\u00e9rio da Educa\u00e7\u00e3o para implanta\u00e7\u00e3o da computa\u00e7\u00e3o nas redes de ensino. A equipe organizou o trabalho de acordo com o or\u00e7amento da pasta e as exig\u00eancias para cumprimento das condicionalidades do FUNDEB. Com a estrutura implantada, os estudantes ter\u00e3o atividades ligadas \u00e0 cultura digital desde a educa\u00e7\u00e3o infantil at\u00e9 os anos finais do ensino fundamental. Nos anos iniciais, as a\u00e7\u00f5es ser\u00e3o conduzidas pelo professor da pr\u00f3pria turma. J\u00e1 nos anos finais, o trabalho contar\u00e1 com o professor da \u00e1rea de computa\u00e7\u00e3o. As escolas tamb\u00e9m receberam projetores, notebooks, impressoras e caixas de som. Os equipamentos atendem equipes pedag\u00f3gicas e administrativas e ampliam as condi\u00e7\u00f5es de trabalho nas unidades de ensino. A sede da Secretaria de Educa\u00e7\u00e3o tamb\u00e9m foi equipada com novos computadores e outros recursos tecnol\u00f3gicos para dar suporte \u00e0s atividades administrativas e pedag\u00f3gicas. O prefeito Manezinho Louren\u00e7o destacou que a gest\u00e3o segue investindo na rede municipal. Segundo ele, educa\u00e7\u00e3o \u00e9 prioridade e os professores podem contar com o apoio da prefeitura. \u201cEduca\u00e7\u00e3o \u00e9 investimento. A gente sabe da import\u00e2ncia do trabalho dos professores e a prefeitura est\u00e1 aqui para dar suporte e garantir condi\u00e7\u00f5es para que esse trabalho continue nas escolas\u201d, afirmou. De acordo com a Secretaria de Educa\u00e7\u00e3o, a implanta\u00e7\u00e3o dos laborat\u00f3rios atende \u00e0s orienta\u00e7\u00f5es do Minist\u00e9rio da Educa\u00e7\u00e3o e amplia o acesso dos estudantes da rede municipal \u00e0s tecnologias digitais. Noticias em Destaque Fonte: Ascom","og_url":"https:\/\/noticiasemdestaque.com\/cd\/?p=76981","og_site_name":"Not&iacute;cias em Destaque","article_published_time":"2026-03-10T22:49:10+00:00","og_image":[{"width":603,"height":383,"url":"https:\/\/noticiasemdestaque.com\/cd\/wp-content\/uploads\/2026\/03\/WhatsApp-Image-2026-03-10-at-17.13.50.jpeg","type":"image\/jpeg"}],"author":"Not\u00edcias em Destaque","twitter_card":"summary_large_image","twitter_misc":{"Escrito por":"Not\u00edcias em Destaque","Est. tempo de leitura":"3 minutos"},"schema":{"@context":"https:\/\/schema.org","@graph":[{"@type":"Article","@id":"https:\/\/noticiasemdestaque.com\/cd\/?p=76981#article","isPartOf":{"@id":"https:\/\/noticiasemdestaque.com\/cd\/?p=76981"},"author":{"name":"Not\u00edcias em Destaque","@id":"https:\/\/noticiasemdestaque.com\/cd\/#\/schema\/person\/967a459378479d4fa07976fedd8a7b5e"},"headline":"Prefeitura de Sum\u00e9 implanta laborat\u00f3rio de inform\u00e1tica nas escolas da rede municipal","datePublished":"2026-03-10T22:49:10+00:00","mainEntityOfPage":{"@id":"https:\/\/noticiasemdestaque.com\/cd\/?p=76981"},"wordCount":393,"publisher":{"@id":"https:\/\/noticiasemdestaque.com\/cd\/#organization"},"image":{"@id":"https:\/\/noticiasemdestaque.com\/cd\/?p=76981#primaryimage"},"thumbnailUrl":"https:\/\/noticiasemdestaque.com\/cd\/wp-content\/uploads\/2026\/03\/WhatsApp-Image-2026-03-10-at-17.13.50.jpeg","articleSection":["Cidades"],"inLanguage":"pt-BR"},{"@type":"WebPage","@id":"https:\/\/noticiasemdestaque.com\/cd\/?p=76981","url":"https:\/\/noticiasemdestaque.com\/cd\/?p=76981","name":"Prefeitura de Sum\u00e9 implanta laborat\u00f3rio de inform\u00e1tica nas escolas da rede municipal - Not&iacute;cias em Destaque","isPartOf":{"@id":"https:\/\/noticiasemdestaque.com\/cd\/#website"},"primaryImageOfPage":{"@id":"https:\/\/noticiasemdestaque.com\/cd\/?p=76981#primaryimage"},"image":{"@id":"https:\/\/noticiasemdestaque.com\/cd\/?p=76981#primaryimage"},"thumbnailUrl":"https:\/\/noticiasemdestaque.com\/cd\/wp-content\/uploads\/2026\/03\/WhatsApp-Image-2026-03-10-at-17.13.50.jpeg","datePublished":"2026-03-10T22:49:10+00:00","breadcrumb":{"@id":"https:\/\/noticiasemdestaque.com\/cd\/?p=76981#breadcrumb"},"inLanguage":"pt-BR","potentialAction":[{"@type":"ReadAction","target":["https:\/\/noticiasemdestaque.com\/cd\/?p=76981"]}]},{"@type":"ImageObject","inLanguage":"pt-BR","@id":"https:\/\/noticiasemdestaque.com\/cd\/?p=76981#primaryimage","url":"https:\/\/noticiasemdestaque.com\/cd\/wp-content\/uploads\/2026\/03\/WhatsApp-Image-2026-03-10-at-17.13.50.jpeg","contentUrl":"https:\/\/noticiasemdestaque.com\/cd\/wp-content\/uploads\/2026\/03\/WhatsApp-Image-2026-03-10-at-17.13.50.jpeg","width":603,"height":383},{"@type":"BreadcrumbList","@id":"https:\/\/noticiasemdestaque.com\/cd\/?p=76981#breadcrumb","itemListElement":[{"@type":"ListItem","position":1,"name":"In\u00edcio","item":"https:\/\/noticiasemdestaque.com\/cd\/"},{"@type":"ListItem","position":2,"name":"Prefeitura de Sum\u00e9 implanta laborat\u00f3rio de inform\u00e1tica nas escolas da rede municipal"}]},{"@type":"WebSite","@id":"https:\/\/noticiasemdestaque.com\/cd\/#website","url":"https:\/\/noticiasemdestaque.com\/cd\/","name":"Not&iacute;cias em Destaque","description":"","publisher":{"@id":"https:\/\/noticiasemdestaque.com\/cd\/#organization"},"potentialAction":[{"@type":"SearchAction","target":{"@type":"EntryPoint","urlTemplate":"https:\/\/noticiasemdestaque.com\/cd\/?s={search_term_string}"},"query-input":{"@type":"PropertyValueSpecification","valueRequired":true,"valueName":"search_term_string"}}],"inLanguage":"pt-BR"},{"@type":"Organization","@id":"https:\/\/noticiasemdestaque.com\/cd\/#organization","name":"Not\u00edcias em Destaque","url":"https:\/\/noticiasemdestaque.com\/cd\/","logo":{"@type":"ImageObject","inLanguage":"pt-BR","@id":"https:\/\/noticiasemdestaque.com\/cd\/#\/schema\/logo\/image\/","url":"https:\/\/noticiasemdestaque.com\/cd\/wp-content\/uploads\/2022\/05\/imagem-base-noticiasemdestaque.png","contentUrl":"https:\/\/noticiasemdestaque.com\/cd\/wp-content\/uploads\/2022\/05\/imagem-base-noticiasemdestaque.png","width":1200,"height":630,"caption":"Not\u00edcias em Destaque"},"image":{"@id":"https:\/\/noticiasemdestaque.com\/cd\/#\/schema\/logo\/image\/"}},{"@type":"Person","@id":"https:\/\/noticiasemdestaque.com\/cd\/#\/schema\/person\/967a459378479d4fa07976fedd8a7b5e","name":"Not\u00edcias em Destaque","url":"https:\/\/noticiasemdestaque.com\/cd\/?author=2"}]}},"jetpack_featured_media_url":"https:\/\/noticiasemdestaque.com\/cd\/wp-content\/uploads\/2026\/03\/WhatsApp-Image-2026-03-10-at-17.13.50.jpeg","jetpack_sharing_enabled":true,"_links":{"self":[{"href":"https:\/\/noticiasemdestaque.com\/cd\/index.php?rest_route=\/wp\/v2\/posts\/76981","targetHints":{"allow":["GET"]}}],"collection":[{"href":"https:\/\/noticiasemdestaque.com\/cd\/index.php?rest_route=\/wp\/v2\/posts"}],"about":[{"href":"https:\/\/noticiasemdestaque.com\/cd\/index.php?rest_route=\/wp\/v2\/types\/post"}],"author":[{"embeddable":true,"href":"https:\/\/noticiasemdestaque.com\/cd\/index.php?rest_route=\/wp\/v2\/users\/2"}],"replies":[{"embeddable":true,"href":"https:\/\/noticiasemdestaque.com\/cd\/index.php?rest_route=%2Fwp%2Fv2%2Fcomments&post=76981"}],"version-history":[{"count":1,"href":"https:\/\/noticiasemdestaque.com\/cd\/index.php?rest_route=\/wp\/v2\/posts\/76981\/revisions"}],"predecessor-version":[{"id":76983,"href":"https:\/\/noticiasemdestaque.com\/cd\/index.php?rest_route=\/wp\/v2\/posts\/76981\/revisions\/76983"}],"wp:featuredmedia":[{"embeddable":true,"href":"https:\/\/noticiasemdestaque.com\/cd\/index.php?rest_route=\/wp\/v2\/media\/76982"}],"wp:attachment":[{"href":"https:\/\/noticiasemdestaque.com\/cd\/index.php?rest_route=%2Fwp%2Fv2%2Fmedia&parent=76981"}],"wp:term":[{"taxonomy":"category","embeddable":true,"href":"https:\/\/noticiasemdestaque.com\/cd\/index.php?rest_route=%2Fwp%2Fv2%2Fcategories&post=76981"},{"taxonomy":"post_tag","embeddable":true,"href":"https:\/\/noticiasemdestaque.com\/cd\/index.php?rest_route=%2Fwp%2Fv2%2Ftags&post=76981"}],"curies":[{"name":"wp","href":"https:\/\/api.w.org\/{rel}","templated":true}]}}