{"id":76971,"date":"2026-03-10T07:54:48","date_gmt":"2026-03-10T10:54:48","guid":{"rendered":"https:\/\/noticiasemdestaque.com\/cd\/?p=76971"},"modified":"2026-03-10T07:54:48","modified_gmt":"2026-03-10T10:54:48","slug":"secretaria-de-desenvolvimento-social-de-monteiro-realizara-evento-em-alusao-ao-dia-internacional-da-mulher","status":"publish","type":"post","link":"https:\/\/noticiasemdestaque.com\/cd\/?p=76971","title":{"rendered":"Secretaria de Desenvolvimento Social de Monteiro realizar\u00e1 evento em alus\u00e3o ao Dia Internacional da Mulher"},"content":{"rendered":"<p><a href=\"https:\/\/noticiasemdestaque.com\/cd\/wp-content\/uploads\/2026\/03\/IMG-20260309-WA0016.jpg\"><img fetchpriority=\"high\" decoding=\"async\" class=\" wp-image-76972 aligncenter\" src=\"https:\/\/noticiasemdestaque.com\/cd\/wp-content\/uploads\/2026\/03\/IMG-20260309-WA0016-240x300.jpg\" alt=\"\" width=\"774\" height=\"968\" srcset=\"https:\/\/noticiasemdestaque.com\/cd\/wp-content\/uploads\/2026\/03\/IMG-20260309-WA0016-240x300.jpg 240w, https:\/\/noticiasemdestaque.com\/cd\/wp-content\/uploads\/2026\/03\/IMG-20260309-WA0016-819x1024.jpg 819w, https:\/\/noticiasemdestaque.com\/cd\/wp-content\/uploads\/2026\/03\/IMG-20260309-WA0016-768x960.jpg 768w, https:\/\/noticiasemdestaque.com\/cd\/wp-content\/uploads\/2026\/03\/IMG-20260309-WA0016.jpg 1080w\" sizes=\"(max-width: 774px) 100vw, 774px\" \/><\/a><\/p>\n<p>A Prefeitura de Monteiro, por meio da Secretaria de Desenvolvimento Social, promover\u00e1 um evento especial em alus\u00e3o ao Dia Internacional da Mulher. A a\u00e7\u00e3o ter\u00e1 como tema \u201cMulher em Movimento: O Poder do Passo\u201d, destacando a import\u00e2ncia da valoriza\u00e7\u00e3o, do cuidado e do fortalecimento das mulheres no munic\u00edpio e acontecer\u00e1 nesta ter\u00e7a-feira dia 10 de mar\u00e7o, em frente \u00e0 Secretaria de Desenvolvimento Social, no Bairro Alto de S\u00e3o Vicente \u00e0s 19h.<\/p>\n<p>A iniciativa tem como objetivo reunir mulheres da comunidade para um momento de integra\u00e7\u00e3o, reflex\u00e3o e celebra\u00e7\u00e3o das conquistas femininas. A programa\u00e7\u00e3o contar\u00e1 com atividades voltadas ao bem-estar, incentivo \u00e0 pr\u00e1tica de atividades f\u00edsicas, al\u00e9m de momentos de di\u00e1logo e conscientiza\u00e7\u00e3o sobre o papel da mulher na sociedade.<\/p>\n<p>Tamb\u00e9m ser\u00e1 um momento cheio de energia, autocuidado e lazer para toda a fam\u00edlia, com Aer\u00f3bica e Funcional, Espa\u00e7o da Beleza e Sa\u00fade, M\u00fasica e sorteios. Para as mam\u00e3es, poderem curtir o momento, teremos um espa\u00e7o kids.<\/p>\n<p>Com o tema \u201cMulher em Movimento: O Poder do Passo\u201d, a proposta \u00e9 simbolizar cada passo dado pelas mulheres na busca por direitos, igualdade e respeito, celebrando trajet\u00f3rias de luta, supera\u00e7\u00e3o e conquistas ao longo da hist\u00f3ria.<\/p>\n<p>A Secretaria de Desenvolvimento Social refor\u00e7a que a a\u00e7\u00e3o \u00e9 aberta \u00e0 participa\u00e7\u00e3o das mulheres monteirenses e convida todas a se juntarem a esse momento especial de celebra\u00e7\u00e3o, movimento e reconhecimento da for\u00e7a feminina.<\/p>\n<p><strong>Noticias em Destaque\u00a0<\/strong><\/p>\n<p style=\"text-align: right;\"><em>Fonte: Vitrine do Cariri<\/em><\/p>\n","protected":false},"excerpt":{"rendered":"<p>A Prefeitura de Monteiro, por meio da Secretaria de Desenvolvimento Social, promover\u00e1 um evento especial em alus\u00e3o ao Dia Internacional da Mulher. A a\u00e7\u00e3o ter\u00e1 como tema \u201cMulher em Movimento: O Poder do Passo\u201d, destacando a import\u00e2ncia da valoriza\u00e7\u00e3o, do cuidado e do fortalecimento das mulheres no munic\u00edpio e acontecer\u00e1 nesta ter\u00e7a-feira dia 10 de mar\u00e7o, em frente \u00e0 Secretaria de Desenvolvimento Social, no Bairro Alto de S\u00e3o Vicente \u00e0s 19h. A iniciativa tem como objetivo reunir mulheres da comunidade para um momento de integra\u00e7\u00e3o, reflex\u00e3o e celebra\u00e7\u00e3o das conquistas femininas. A programa\u00e7\u00e3o contar\u00e1 com atividades voltadas ao bem-estar, incentivo \u00e0 pr\u00e1tica de atividades f\u00edsicas, al\u00e9m de momentos de di\u00e1logo e conscientiza\u00e7\u00e3o sobre o papel da mulher na sociedade. Tamb\u00e9m ser\u00e1 um momento cheio de energia, autocuidado e lazer para toda a fam\u00edlia, com Aer\u00f3bica e Funcional, Espa\u00e7o da Beleza e Sa\u00fade, M\u00fasica e sorteios. Para as mam\u00e3es, poderem curtir o momento, teremos um espa\u00e7o kids. Com o tema \u201cMulher em Movimento: O Poder do Passo\u201d, a proposta \u00e9 simbolizar cada passo dado pelas mulheres na busca por direitos, igualdade e respeito, celebrando trajet\u00f3rias de luta, supera\u00e7\u00e3o e conquistas ao longo da hist\u00f3ria. A Secretaria de Desenvolvimento Social refor\u00e7a que a a\u00e7\u00e3o \u00e9 aberta \u00e0 participa\u00e7\u00e3o das mulheres monteirenses e convida todas a se juntarem a esse momento especial de celebra\u00e7\u00e3o, movimento e reconhecimento da for\u00e7a feminina. Noticias em Destaque\u00a0 Fonte: Vitrine do Cariri<\/p>\n","protected":false},"author":2,"featured_media":76972,"comment_status":"closed","ping_status":"closed","sticky":false,"template":"","format":"standard","meta":{"_eb_attr":"","_jetpack_memberships_contains_paid_content":false,"footnotes":""},"categories":[3],"tags":[],"class_list":["post-76971","post","type-post","status-publish","format-standard","has-post-thumbnail","hentry","category-cidades"],"yoast_head":"<!-- This site is optimized with the Yoast SEO plugin v26.5 - https:\/\/yoast.com\/wordpress\/plugins\/seo\/ -->\n<title>Secretaria de Desenvolvimento Social de Monteiro realizar\u00e1 evento em alus\u00e3o ao Dia Internacional da Mulher - Not&iacute;cias em Destaque<\/title>\n<meta name=\"robots\" content=\"index, follow, max-snippet:-1, max-image-preview:large, max-video-preview:-1\" \/>\n<link rel=\"canonical\" href=\"https:\/\/noticiasemdestaque.com\/cd\/?p=76971\" \/>\n<meta property=\"og:locale\" content=\"pt_BR\" \/>\n<meta property=\"og:type\" content=\"article\" \/>\n<meta property=\"og:title\" content=\"Secretaria de Desenvolvimento Social de Monteiro realizar\u00e1 evento em alus\u00e3o ao Dia Internacional da Mulher - Not&iacute;cias em Destaque\" \/>\n<meta property=\"og:description\" content=\"A Prefeitura de Monteiro, por meio da Secretaria de Desenvolvimento Social, promover\u00e1 um evento especial em alus\u00e3o ao Dia Internacional da Mulher. A a\u00e7\u00e3o ter\u00e1 como tema \u201cMulher em Movimento: O Poder do Passo\u201d, destacando a import\u00e2ncia da valoriza\u00e7\u00e3o, do cuidado e do fortalecimento das mulheres no munic\u00edpio e acontecer\u00e1 nesta ter\u00e7a-feira dia 10 de mar\u00e7o, em frente \u00e0 Secretaria de Desenvolvimento Social, no Bairro Alto de S\u00e3o Vicente \u00e0s 19h. A iniciativa tem como objetivo reunir mulheres da comunidade para um momento de integra\u00e7\u00e3o, reflex\u00e3o e celebra\u00e7\u00e3o das conquistas femininas. A programa\u00e7\u00e3o contar\u00e1 com atividades voltadas ao bem-estar, incentivo \u00e0 pr\u00e1tica de atividades f\u00edsicas, al\u00e9m de momentos de di\u00e1logo e conscientiza\u00e7\u00e3o sobre o papel da mulher na sociedade. Tamb\u00e9m ser\u00e1 um momento cheio de energia, autocuidado e lazer para toda a fam\u00edlia, com Aer\u00f3bica e Funcional, Espa\u00e7o da Beleza e Sa\u00fade, M\u00fasica e sorteios. Para as mam\u00e3es, poderem curtir o momento, teremos um espa\u00e7o kids. Com o tema \u201cMulher em Movimento: O Poder do Passo\u201d, a proposta \u00e9 simbolizar cada passo dado pelas mulheres na busca por direitos, igualdade e respeito, celebrando trajet\u00f3rias de luta, supera\u00e7\u00e3o e conquistas ao longo da hist\u00f3ria. A Secretaria de Desenvolvimento Social refor\u00e7a que a a\u00e7\u00e3o \u00e9 aberta \u00e0 participa\u00e7\u00e3o das mulheres monteirenses e convida todas a se juntarem a esse momento especial de celebra\u00e7\u00e3o, movimento e reconhecimento da for\u00e7a feminina. Noticias em Destaque\u00a0 Fonte: Vitrine do Cariri\" \/>\n<meta property=\"og:url\" content=\"https:\/\/noticiasemdestaque.com\/cd\/?p=76971\" \/>\n<meta property=\"og:site_name\" content=\"Not&iacute;cias em Destaque\" \/>\n<meta property=\"article:published_time\" content=\"2026-03-10T10:54:48+00:00\" \/>\n<meta property=\"og:image\" content=\"https:\/\/noticiasemdestaque.com\/cd\/wp-content\/uploads\/2026\/03\/IMG-20260309-WA0016.jpg\" \/>\n\t<meta property=\"og:image:width\" content=\"1080\" \/>\n\t<meta property=\"og:image:height\" content=\"1350\" \/>\n\t<meta property=\"og:image:type\" content=\"image\/jpeg\" \/>\n<meta name=\"author\" content=\"Not\u00edcias em Destaque\" \/>\n<meta name=\"twitter:card\" content=\"summary_large_image\" \/>\n<meta name=\"twitter:label1\" content=\"Escrito por\" \/>\n\t<meta name=\"twitter:data1\" content=\"Not\u00edcias em Destaque\" \/>\n\t<meta name=\"twitter:label2\" content=\"Est. tempo de leitura\" \/>\n\t<meta name=\"twitter:data2\" content=\"2 minutos\" \/>\n<script type=\"application\/ld+json\" class=\"yoast-schema-graph\">{\"@context\":\"https:\/\/schema.org\",\"@graph\":[{\"@type\":\"Article\",\"@id\":\"https:\/\/noticiasemdestaque.com\/cd\/?p=76971#article\",\"isPartOf\":{\"@id\":\"https:\/\/noticiasemdestaque.com\/cd\/?p=76971\"},\"author\":{\"name\":\"Not\u00edcias em Destaque\",\"@id\":\"https:\/\/noticiasemdestaque.com\/cd\/#\/schema\/person\/967a459378479d4fa07976fedd8a7b5e\"},\"headline\":\"Secretaria de Desenvolvimento Social de Monteiro realizar\u00e1 evento em alus\u00e3o ao Dia Internacional da Mulher\",\"datePublished\":\"2026-03-10T10:54:48+00:00\",\"mainEntityOfPage\":{\"@id\":\"https:\/\/noticiasemdestaque.com\/cd\/?p=76971\"},\"wordCount\":277,\"publisher\":{\"@id\":\"https:\/\/noticiasemdestaque.com\/cd\/#organization\"},\"image\":{\"@id\":\"https:\/\/noticiasemdestaque.com\/cd\/?p=76971#primaryimage\"},\"thumbnailUrl\":\"https:\/\/noticiasemdestaque.com\/cd\/wp-content\/uploads\/2026\/03\/IMG-20260309-WA0016.jpg\",\"articleSection\":[\"Cidades\"],\"inLanguage\":\"pt-BR\"},{\"@type\":\"WebPage\",\"@id\":\"https:\/\/noticiasemdestaque.com\/cd\/?p=76971\",\"url\":\"https:\/\/noticiasemdestaque.com\/cd\/?p=76971\",\"name\":\"Secretaria de Desenvolvimento Social de Monteiro realizar\u00e1 evento em alus\u00e3o ao Dia Internacional da Mulher - Not&iacute;cias em Destaque\",\"isPartOf\":{\"@id\":\"https:\/\/noticiasemdestaque.com\/cd\/#website\"},\"primaryImageOfPage\":{\"@id\":\"https:\/\/noticiasemdestaque.com\/cd\/?p=76971#primaryimage\"},\"image\":{\"@id\":\"https:\/\/noticiasemdestaque.com\/cd\/?p=76971#primaryimage\"},\"thumbnailUrl\":\"https:\/\/noticiasemdestaque.com\/cd\/wp-content\/uploads\/2026\/03\/IMG-20260309-WA0016.jpg\",\"datePublished\":\"2026-03-10T10:54:48+00:00\",\"breadcrumb\":{\"@id\":\"https:\/\/noticiasemdestaque.com\/cd\/?p=76971#breadcrumb\"},\"inLanguage\":\"pt-BR\",\"potentialAction\":[{\"@type\":\"ReadAction\",\"target\":[\"https:\/\/noticiasemdestaque.com\/cd\/?p=76971\"]}]},{\"@type\":\"ImageObject\",\"inLanguage\":\"pt-BR\",\"@id\":\"https:\/\/noticiasemdestaque.com\/cd\/?p=76971#primaryimage\",\"url\":\"https:\/\/noticiasemdestaque.com\/cd\/wp-content\/uploads\/2026\/03\/IMG-20260309-WA0016.jpg\",\"contentUrl\":\"https:\/\/noticiasemdestaque.com\/cd\/wp-content\/uploads\/2026\/03\/IMG-20260309-WA0016.jpg\",\"width\":1080,\"height\":1350},{\"@type\":\"BreadcrumbList\",\"@id\":\"https:\/\/noticiasemdestaque.com\/cd\/?p=76971#breadcrumb\",\"itemListElement\":[{\"@type\":\"ListItem\",\"position\":1,\"name\":\"In\u00edcio\",\"item\":\"https:\/\/noticiasemdestaque.com\/cd\/\"},{\"@type\":\"ListItem\",\"position\":2,\"name\":\"Secretaria de Desenvolvimento Social de Monteiro realizar\u00e1 evento em alus\u00e3o ao Dia Internacional da Mulher\"}]},{\"@type\":\"WebSite\",\"@id\":\"https:\/\/noticiasemdestaque.com\/cd\/#website\",\"url\":\"https:\/\/noticiasemdestaque.com\/cd\/\",\"name\":\"Not&iacute;cias em Destaque\",\"description\":\"\",\"publisher\":{\"@id\":\"https:\/\/noticiasemdestaque.com\/cd\/#organization\"},\"potentialAction\":[{\"@type\":\"SearchAction\",\"target\":{\"@type\":\"EntryPoint\",\"urlTemplate\":\"https:\/\/noticiasemdestaque.com\/cd\/?s={search_term_string}\"},\"query-input\":{\"@type\":\"PropertyValueSpecification\",\"valueRequired\":true,\"valueName\":\"search_term_string\"}}],\"inLanguage\":\"pt-BR\"},{\"@type\":\"Organization\",\"@id\":\"https:\/\/noticiasemdestaque.com\/cd\/#organization\",\"name\":\"Not\u00edcias em Destaque\",\"url\":\"https:\/\/noticiasemdestaque.com\/cd\/\",\"logo\":{\"@type\":\"ImageObject\",\"inLanguage\":\"pt-BR\",\"@id\":\"https:\/\/noticiasemdestaque.com\/cd\/#\/schema\/logo\/image\/\",\"url\":\"https:\/\/noticiasemdestaque.com\/cd\/wp-content\/uploads\/2022\/05\/imagem-base-noticiasemdestaque.png\",\"contentUrl\":\"https:\/\/noticiasemdestaque.com\/cd\/wp-content\/uploads\/2022\/05\/imagem-base-noticiasemdestaque.png\",\"width\":1200,\"height\":630,\"caption\":\"Not\u00edcias em Destaque\"},\"image\":{\"@id\":\"https:\/\/noticiasemdestaque.com\/cd\/#\/schema\/logo\/image\/\"}},{\"@type\":\"Person\",\"@id\":\"https:\/\/noticiasemdestaque.com\/cd\/#\/schema\/person\/967a459378479d4fa07976fedd8a7b5e\",\"name\":\"Not\u00edcias em Destaque\",\"url\":\"https:\/\/noticiasemdestaque.com\/cd\/?author=2\"}]}<\/script>\n<!-- \/ Yoast SEO plugin. -->","yoast_head_json":{"title":"Secretaria de Desenvolvimento Social de Monteiro realizar\u00e1 evento em alus\u00e3o ao Dia Internacional da Mulher - Not&iacute;cias em Destaque","robots":{"index":"index","follow":"follow","max-snippet":"max-snippet:-1","max-image-preview":"max-image-preview:large","max-video-preview":"max-video-preview:-1"},"canonical":"https:\/\/noticiasemdestaque.com\/cd\/?p=76971","og_locale":"pt_BR","og_type":"article","og_title":"Secretaria de Desenvolvimento Social de Monteiro realizar\u00e1 evento em alus\u00e3o ao Dia Internacional da Mulher - Not&iacute;cias em Destaque","og_description":"A Prefeitura de Monteiro, por meio da Secretaria de Desenvolvimento Social, promover\u00e1 um evento especial em alus\u00e3o ao Dia Internacional da Mulher. A a\u00e7\u00e3o ter\u00e1 como tema \u201cMulher em Movimento: O Poder do Passo\u201d, destacando a import\u00e2ncia da valoriza\u00e7\u00e3o, do cuidado e do fortalecimento das mulheres no munic\u00edpio e acontecer\u00e1 nesta ter\u00e7a-feira dia 10 de mar\u00e7o, em frente \u00e0 Secretaria de Desenvolvimento Social, no Bairro Alto de S\u00e3o Vicente \u00e0s 19h. A iniciativa tem como objetivo reunir mulheres da comunidade para um momento de integra\u00e7\u00e3o, reflex\u00e3o e celebra\u00e7\u00e3o das conquistas femininas. A programa\u00e7\u00e3o contar\u00e1 com atividades voltadas ao bem-estar, incentivo \u00e0 pr\u00e1tica de atividades f\u00edsicas, al\u00e9m de momentos de di\u00e1logo e conscientiza\u00e7\u00e3o sobre o papel da mulher na sociedade. Tamb\u00e9m ser\u00e1 um momento cheio de energia, autocuidado e lazer para toda a fam\u00edlia, com Aer\u00f3bica e Funcional, Espa\u00e7o da Beleza e Sa\u00fade, M\u00fasica e sorteios. Para as mam\u00e3es, poderem curtir o momento, teremos um espa\u00e7o kids. Com o tema \u201cMulher em Movimento: O Poder do Passo\u201d, a proposta \u00e9 simbolizar cada passo dado pelas mulheres na busca por direitos, igualdade e respeito, celebrando trajet\u00f3rias de luta, supera\u00e7\u00e3o e conquistas ao longo da hist\u00f3ria. A Secretaria de Desenvolvimento Social refor\u00e7a que a a\u00e7\u00e3o \u00e9 aberta \u00e0 participa\u00e7\u00e3o das mulheres monteirenses e convida todas a se juntarem a esse momento especial de celebra\u00e7\u00e3o, movimento e reconhecimento da for\u00e7a feminina. Noticias em Destaque\u00a0 Fonte: Vitrine do Cariri","og_url":"https:\/\/noticiasemdestaque.com\/cd\/?p=76971","og_site_name":"Not&iacute;cias em Destaque","article_published_time":"2026-03-10T10:54:48+00:00","og_image":[{"width":1080,"height":1350,"url":"https:\/\/noticiasemdestaque.com\/cd\/wp-content\/uploads\/2026\/03\/IMG-20260309-WA0016.jpg","type":"image\/jpeg"}],"author":"Not\u00edcias em Destaque","twitter_card":"summary_large_image","twitter_misc":{"Escrito por":"Not\u00edcias em Destaque","Est. tempo de leitura":"2 minutos"},"schema":{"@context":"https:\/\/schema.org","@graph":[{"@type":"Article","@id":"https:\/\/noticiasemdestaque.com\/cd\/?p=76971#article","isPartOf":{"@id":"https:\/\/noticiasemdestaque.com\/cd\/?p=76971"},"author":{"name":"Not\u00edcias em Destaque","@id":"https:\/\/noticiasemdestaque.com\/cd\/#\/schema\/person\/967a459378479d4fa07976fedd8a7b5e"},"headline":"Secretaria de Desenvolvimento Social de Monteiro realizar\u00e1 evento em alus\u00e3o ao Dia Internacional da Mulher","datePublished":"2026-03-10T10:54:48+00:00","mainEntityOfPage":{"@id":"https:\/\/noticiasemdestaque.com\/cd\/?p=76971"},"wordCount":277,"publisher":{"@id":"https:\/\/noticiasemdestaque.com\/cd\/#organization"},"image":{"@id":"https:\/\/noticiasemdestaque.com\/cd\/?p=76971#primaryimage"},"thumbnailUrl":"https:\/\/noticiasemdestaque.com\/cd\/wp-content\/uploads\/2026\/03\/IMG-20260309-WA0016.jpg","articleSection":["Cidades"],"inLanguage":"pt-BR"},{"@type":"WebPage","@id":"https:\/\/noticiasemdestaque.com\/cd\/?p=76971","url":"https:\/\/noticiasemdestaque.com\/cd\/?p=76971","name":"Secretaria de Desenvolvimento Social de Monteiro realizar\u00e1 evento em alus\u00e3o ao Dia Internacional da Mulher - Not&iacute;cias em Destaque","isPartOf":{"@id":"https:\/\/noticiasemdestaque.com\/cd\/#website"},"primaryImageOfPage":{"@id":"https:\/\/noticiasemdestaque.com\/cd\/?p=76971#primaryimage"},"image":{"@id":"https:\/\/noticiasemdestaque.com\/cd\/?p=76971#primaryimage"},"thumbnailUrl":"https:\/\/noticiasemdestaque.com\/cd\/wp-content\/uploads\/2026\/03\/IMG-20260309-WA0016.jpg","datePublished":"2026-03-10T10:54:48+00:00","breadcrumb":{"@id":"https:\/\/noticiasemdestaque.com\/cd\/?p=76971#breadcrumb"},"inLanguage":"pt-BR","potentialAction":[{"@type":"ReadAction","target":["https:\/\/noticiasemdestaque.com\/cd\/?p=76971"]}]},{"@type":"ImageObject","inLanguage":"pt-BR","@id":"https:\/\/noticiasemdestaque.com\/cd\/?p=76971#primaryimage","url":"https:\/\/noticiasemdestaque.com\/cd\/wp-content\/uploads\/2026\/03\/IMG-20260309-WA0016.jpg","contentUrl":"https:\/\/noticiasemdestaque.com\/cd\/wp-content\/uploads\/2026\/03\/IMG-20260309-WA0016.jpg","width":1080,"height":1350},{"@type":"BreadcrumbList","@id":"https:\/\/noticiasemdestaque.com\/cd\/?p=76971#breadcrumb","itemListElement":[{"@type":"ListItem","position":1,"name":"In\u00edcio","item":"https:\/\/noticiasemdestaque.com\/cd\/"},{"@type":"ListItem","position":2,"name":"Secretaria de Desenvolvimento Social de Monteiro realizar\u00e1 evento em alus\u00e3o ao Dia Internacional da Mulher"}]},{"@type":"WebSite","@id":"https:\/\/noticiasemdestaque.com\/cd\/#website","url":"https:\/\/noticiasemdestaque.com\/cd\/","name":"Not&iacute;cias em Destaque","description":"","publisher":{"@id":"https:\/\/noticiasemdestaque.com\/cd\/#organization"},"potentialAction":[{"@type":"SearchAction","target":{"@type":"EntryPoint","urlTemplate":"https:\/\/noticiasemdestaque.com\/cd\/?s={search_term_string}"},"query-input":{"@type":"PropertyValueSpecification","valueRequired":true,"valueName":"search_term_string"}}],"inLanguage":"pt-BR"},{"@type":"Organization","@id":"https:\/\/noticiasemdestaque.com\/cd\/#organization","name":"Not\u00edcias em Destaque","url":"https:\/\/noticiasemdestaque.com\/cd\/","logo":{"@type":"ImageObject","inLanguage":"pt-BR","@id":"https:\/\/noticiasemdestaque.com\/cd\/#\/schema\/logo\/image\/","url":"https:\/\/noticiasemdestaque.com\/cd\/wp-content\/uploads\/2022\/05\/imagem-base-noticiasemdestaque.png","contentUrl":"https:\/\/noticiasemdestaque.com\/cd\/wp-content\/uploads\/2022\/05\/imagem-base-noticiasemdestaque.png","width":1200,"height":630,"caption":"Not\u00edcias em Destaque"},"image":{"@id":"https:\/\/noticiasemdestaque.com\/cd\/#\/schema\/logo\/image\/"}},{"@type":"Person","@id":"https:\/\/noticiasemdestaque.com\/cd\/#\/schema\/person\/967a459378479d4fa07976fedd8a7b5e","name":"Not\u00edcias em Destaque","url":"https:\/\/noticiasemdestaque.com\/cd\/?author=2"}]}},"jetpack_featured_media_url":"https:\/\/noticiasemdestaque.com\/cd\/wp-content\/uploads\/2026\/03\/IMG-20260309-WA0016.jpg","jetpack_sharing_enabled":true,"_links":{"self":[{"href":"https:\/\/noticiasemdestaque.com\/cd\/index.php?rest_route=\/wp\/v2\/posts\/76971","targetHints":{"allow":["GET"]}}],"collection":[{"href":"https:\/\/noticiasemdestaque.com\/cd\/index.php?rest_route=\/wp\/v2\/posts"}],"about":[{"href":"https:\/\/noticiasemdestaque.com\/cd\/index.php?rest_route=\/wp\/v2\/types\/post"}],"author":[{"embeddable":true,"href":"https:\/\/noticiasemdestaque.com\/cd\/index.php?rest_route=\/wp\/v2\/users\/2"}],"replies":[{"embeddable":true,"href":"https:\/\/noticiasemdestaque.com\/cd\/index.php?rest_route=%2Fwp%2Fv2%2Fcomments&post=76971"}],"version-history":[{"count":1,"href":"https:\/\/noticiasemdestaque.com\/cd\/index.php?rest_route=\/wp\/v2\/posts\/76971\/revisions"}],"predecessor-version":[{"id":76973,"href":"https:\/\/noticiasemdestaque.com\/cd\/index.php?rest_route=\/wp\/v2\/posts\/76971\/revisions\/76973"}],"wp:featuredmedia":[{"embeddable":true,"href":"https:\/\/noticiasemdestaque.com\/cd\/index.php?rest_route=\/wp\/v2\/media\/76972"}],"wp:attachment":[{"href":"https:\/\/noticiasemdestaque.com\/cd\/index.php?rest_route=%2Fwp%2Fv2%2Fmedia&parent=76971"}],"wp:term":[{"taxonomy":"category","embeddable":true,"href":"https:\/\/noticiasemdestaque.com\/cd\/index.php?rest_route=%2Fwp%2Fv2%2Fcategories&post=76971"},{"taxonomy":"post_tag","embeddable":true,"href":"https:\/\/noticiasemdestaque.com\/cd\/index.php?rest_route=%2Fwp%2Fv2%2Ftags&post=76971"}],"curies":[{"name":"wp","href":"https:\/\/api.w.org\/{rel}","templated":true}]}}