{"id":76968,"date":"2026-03-10T07:52:44","date_gmt":"2026-03-10T10:52:44","guid":{"rendered":"https:\/\/noticiasemdestaque.com\/cd\/?p=76968"},"modified":"2026-03-10T07:52:44","modified_gmt":"2026-03-10T10:52:44","slug":"prefeito-de-sao-jose-dos-cordeiros-felicio-queiroz-solicita-melhorias-em-rodovias-e-obras-hidricas-durante-reuniao-no-der","status":"publish","type":"post","link":"https:\/\/noticiasemdestaque.com\/cd\/?p=76968","title":{"rendered":"Prefeito de S\u00e3o Jos\u00e9 dos Cordeiros, Fel\u00edcio Queiroz, solicita melhorias em rodovias e obras h\u00eddricas durante reuni\u00e3o no DER"},"content":{"rendered":"<p><a href=\"https:\/\/noticiasemdestaque.com\/cd\/wp-content\/uploads\/2026\/03\/WhatsApp-Image-2026-03-09-at-16.54.34.jpeg\"><img fetchpriority=\"high\" decoding=\"async\" class=\" wp-image-76969 aligncenter\" src=\"https:\/\/noticiasemdestaque.com\/cd\/wp-content\/uploads\/2026\/03\/WhatsApp-Image-2026-03-09-at-16.54.34-300x188.jpeg\" alt=\"\" width=\"804\" height=\"504\" srcset=\"https:\/\/noticiasemdestaque.com\/cd\/wp-content\/uploads\/2026\/03\/WhatsApp-Image-2026-03-09-at-16.54.34-300x188.jpeg 300w, https:\/\/noticiasemdestaque.com\/cd\/wp-content\/uploads\/2026\/03\/WhatsApp-Image-2026-03-09-at-16.54.34-1024x641.jpeg 1024w, https:\/\/noticiasemdestaque.com\/cd\/wp-content\/uploads\/2026\/03\/WhatsApp-Image-2026-03-09-at-16.54.34-768x481.jpeg 768w, https:\/\/noticiasemdestaque.com\/cd\/wp-content\/uploads\/2026\/03\/WhatsApp-Image-2026-03-09-at-16.54.34.jpeg 1440w\" sizes=\"(max-width: 804px) 100vw, 804px\" \/><\/a><\/p>\n<p class=\"wp-block-paragraph\">O prefeito de S\u00e3o Jos\u00e9 dos Cordeiros, Fel\u00edcio Queiroz, esteve em reuni\u00e3o no Departamento de Estradas de Rodagem da Para\u00edba (DER-PB) tratando de importantes pautas voltadas \u00e0 infraestrutura do munic\u00edpio.<\/p>\n<p class=\"wp-block-paragraph\">Durante a agenda, o gestor se reuniu com Dr. Marcos e Dr. Z\u00e9 Arnaldo, oportunidade em que apresentou demandas consideradas estrat\u00e9gicas para melhorar a mobilidade e fortalecer a seguran\u00e7a h\u00eddrica da cidade.<\/p>\n<p class=\"wp-block-paragraph\">Entre as solicita\u00e7\u00f5es, o prefeito destacou a necessidade de recapeamento da rodovia PB que liga S\u00e3o Jos\u00e9 dos Cordeiros a Serra Branca. Segundo ele, a estrada j\u00e1 possui cerca de 12 anos desde a \u00faltima interven\u00e7\u00e3o, o que refor\u00e7a a urg\u00eancia da obra para garantir melhores condi\u00e7\u00f5es de tr\u00e1fego.<\/p>\n<blockquote>\n<p class=\"wp-block-paragraph\">\u201cSolicitamos a recapagem da PB que liga S\u00e3o Jos\u00e9 dos Cordeiros a Serra Branca. Essa rodovia j\u00e1 tem aproximadamente 12 anos desde a \u00faltima obra e precisa dessa melhoria para garantir mais seguran\u00e7a e mobilidade para a nossa popula\u00e7\u00e3o\u201d, destacou Fel\u00edcio Queiroz.<\/p>\n<\/blockquote>\n<p class=\"wp-block-paragraph\">Outra pauta apresentada durante a reuni\u00e3o foi o pedido para constru\u00e7\u00e3o de um aterro-barragem na rodovia que liga S\u00e3o Jos\u00e9 dos Cordeiros \u00e0 cidade de Sum\u00e9, uma obra que pode contribuir significativamente para o armazenamento de \u00e1gua e para a seguran\u00e7a h\u00eddrica da regi\u00e3o.<\/p>\n<blockquote>\n<p class=\"wp-block-paragraph\">\u201cO nosso pedido tamb\u00e9m inclui a constru\u00e7\u00e3o de um aterro-barragem na rodovia que liga Cordeiros a Sum\u00e9. \u00c9 uma obra importante que pode ajudar na seguran\u00e7a h\u00eddrica do munic\u00edpio e trazer benef\u00edcios para toda a popula\u00e7\u00e3o\u201d, acrescentou o prefeito.<\/p>\n<\/blockquote>\n<p class=\"wp-block-paragraph\">Fel\u00edcio Queiroz ressaltou ainda que a gest\u00e3o municipal segue buscando parcerias e dialogando com \u00f3rg\u00e3os do Estado para garantir investimentos que promovam desenvolvimento e melhorias para S\u00e3o Jos\u00e9 dos Cordeiros.<\/p>\n<p><strong>Noticias em Destaque<\/strong><\/p>\n<p class=\"wp-block-paragraph\" style=\"text-align: right;\"><em>Com Para\u00edba Mix<\/em><\/p>\n","protected":false},"excerpt":{"rendered":"<p>O prefeito de S\u00e3o Jos\u00e9 dos Cordeiros, Fel\u00edcio Queiroz, esteve em reuni\u00e3o no Departamento de Estradas de Rodagem da Para\u00edba (DER-PB) tratando de importantes pautas voltadas \u00e0 infraestrutura do munic\u00edpio. Durante a agenda, o gestor se reuniu com Dr. Marcos e Dr. Z\u00e9 Arnaldo, oportunidade em que apresentou demandas consideradas estrat\u00e9gicas para melhorar a mobilidade e fortalecer a seguran\u00e7a h\u00eddrica da cidade. Entre as solicita\u00e7\u00f5es, o prefeito destacou a necessidade de recapeamento da rodovia PB que liga S\u00e3o Jos\u00e9 dos Cordeiros a Serra Branca. Segundo ele, a estrada j\u00e1 possui cerca de 12 anos desde a \u00faltima interven\u00e7\u00e3o, o que refor\u00e7a a urg\u00eancia da obra para garantir melhores condi\u00e7\u00f5es de tr\u00e1fego. \u201cSolicitamos a recapagem da PB que liga S\u00e3o Jos\u00e9 dos Cordeiros a Serra Branca. Essa rodovia j\u00e1 tem aproximadamente 12 anos desde a \u00faltima obra e precisa dessa melhoria para garantir mais seguran\u00e7a e mobilidade para a nossa popula\u00e7\u00e3o\u201d, destacou Fel\u00edcio Queiroz. Outra pauta apresentada durante a reuni\u00e3o foi o pedido para constru\u00e7\u00e3o de um aterro-barragem na rodovia que liga S\u00e3o Jos\u00e9 dos Cordeiros \u00e0 cidade de Sum\u00e9, uma obra que pode contribuir significativamente para o armazenamento de \u00e1gua e para a seguran\u00e7a h\u00eddrica da regi\u00e3o. \u201cO nosso pedido tamb\u00e9m inclui a constru\u00e7\u00e3o de um aterro-barragem na rodovia que liga Cordeiros a Sum\u00e9. \u00c9 uma obra importante que pode ajudar na seguran\u00e7a h\u00eddrica do munic\u00edpio e trazer benef\u00edcios para toda a popula\u00e7\u00e3o\u201d, acrescentou o prefeito. Fel\u00edcio Queiroz ressaltou ainda que a gest\u00e3o municipal segue buscando parcerias e dialogando com \u00f3rg\u00e3os do Estado para garantir investimentos que promovam desenvolvimento e melhorias para S\u00e3o Jos\u00e9 dos Cordeiros. Noticias em Destaque Com Para\u00edba Mix<\/p>\n","protected":false},"author":2,"featured_media":76969,"comment_status":"closed","ping_status":"closed","sticky":false,"template":"","format":"standard","meta":{"_eb_attr":"","_jetpack_memberships_contains_paid_content":false,"footnotes":""},"categories":[4],"tags":[],"class_list":["post-76968","post","type-post","status-publish","format-standard","has-post-thumbnail","hentry","category-politica"],"yoast_head":"<!-- This site is optimized with the Yoast SEO plugin v26.5 - https:\/\/yoast.com\/wordpress\/plugins\/seo\/ -->\n<title>Prefeito de S\u00e3o Jos\u00e9 dos Cordeiros, Fel\u00edcio Queiroz, solicita melhorias em rodovias e obras h\u00eddricas durante reuni\u00e3o no DER - Not&iacute;cias em Destaque<\/title>\n<meta name=\"robots\" content=\"index, follow, max-snippet:-1, max-image-preview:large, max-video-preview:-1\" \/>\n<link rel=\"canonical\" href=\"https:\/\/noticiasemdestaque.com\/cd\/?p=76968\" \/>\n<meta property=\"og:locale\" content=\"pt_BR\" \/>\n<meta property=\"og:type\" content=\"article\" \/>\n<meta property=\"og:title\" content=\"Prefeito de S\u00e3o Jos\u00e9 dos Cordeiros, Fel\u00edcio Queiroz, solicita melhorias em rodovias e obras h\u00eddricas durante reuni\u00e3o no DER - Not&iacute;cias em Destaque\" \/>\n<meta property=\"og:description\" content=\"O prefeito de S\u00e3o Jos\u00e9 dos Cordeiros, Fel\u00edcio Queiroz, esteve em reuni\u00e3o no Departamento de Estradas de Rodagem da Para\u00edba (DER-PB) tratando de importantes pautas voltadas \u00e0 infraestrutura do munic\u00edpio. Durante a agenda, o gestor se reuniu com Dr. Marcos e Dr. Z\u00e9 Arnaldo, oportunidade em que apresentou demandas consideradas estrat\u00e9gicas para melhorar a mobilidade e fortalecer a seguran\u00e7a h\u00eddrica da cidade. Entre as solicita\u00e7\u00f5es, o prefeito destacou a necessidade de recapeamento da rodovia PB que liga S\u00e3o Jos\u00e9 dos Cordeiros a Serra Branca. Segundo ele, a estrada j\u00e1 possui cerca de 12 anos desde a \u00faltima interven\u00e7\u00e3o, o que refor\u00e7a a urg\u00eancia da obra para garantir melhores condi\u00e7\u00f5es de tr\u00e1fego. \u201cSolicitamos a recapagem da PB que liga S\u00e3o Jos\u00e9 dos Cordeiros a Serra Branca. Essa rodovia j\u00e1 tem aproximadamente 12 anos desde a \u00faltima obra e precisa dessa melhoria para garantir mais seguran\u00e7a e mobilidade para a nossa popula\u00e7\u00e3o\u201d, destacou Fel\u00edcio Queiroz. Outra pauta apresentada durante a reuni\u00e3o foi o pedido para constru\u00e7\u00e3o de um aterro-barragem na rodovia que liga S\u00e3o Jos\u00e9 dos Cordeiros \u00e0 cidade de Sum\u00e9, uma obra que pode contribuir significativamente para o armazenamento de \u00e1gua e para a seguran\u00e7a h\u00eddrica da regi\u00e3o. \u201cO nosso pedido tamb\u00e9m inclui a constru\u00e7\u00e3o de um aterro-barragem na rodovia que liga Cordeiros a Sum\u00e9. \u00c9 uma obra importante que pode ajudar na seguran\u00e7a h\u00eddrica do munic\u00edpio e trazer benef\u00edcios para toda a popula\u00e7\u00e3o\u201d, acrescentou o prefeito. Fel\u00edcio Queiroz ressaltou ainda que a gest\u00e3o municipal segue buscando parcerias e dialogando com \u00f3rg\u00e3os do Estado para garantir investimentos que promovam desenvolvimento e melhorias para S\u00e3o Jos\u00e9 dos Cordeiros. Noticias em Destaque Com Para\u00edba Mix\" \/>\n<meta property=\"og:url\" content=\"https:\/\/noticiasemdestaque.com\/cd\/?p=76968\" \/>\n<meta property=\"og:site_name\" content=\"Not&iacute;cias em Destaque\" \/>\n<meta property=\"article:published_time\" content=\"2026-03-10T10:52:44+00:00\" \/>\n<meta property=\"og:image\" content=\"https:\/\/noticiasemdestaque.com\/cd\/wp-content\/uploads\/2026\/03\/WhatsApp-Image-2026-03-09-at-16.54.34.jpeg\" \/>\n\t<meta property=\"og:image:width\" content=\"1440\" \/>\n\t<meta property=\"og:image:height\" content=\"901\" \/>\n\t<meta property=\"og:image:type\" content=\"image\/jpeg\" \/>\n<meta name=\"author\" content=\"Not\u00edcias em Destaque\" \/>\n<meta name=\"twitter:card\" content=\"summary_large_image\" \/>\n<meta name=\"twitter:label1\" content=\"Escrito por\" \/>\n\t<meta name=\"twitter:data1\" content=\"Not\u00edcias em Destaque\" \/>\n\t<meta name=\"twitter:label2\" content=\"Est. tempo de leitura\" \/>\n\t<meta name=\"twitter:data2\" content=\"2 minutos\" \/>\n<script type=\"application\/ld+json\" class=\"yoast-schema-graph\">{\"@context\":\"https:\/\/schema.org\",\"@graph\":[{\"@type\":\"Article\",\"@id\":\"https:\/\/noticiasemdestaque.com\/cd\/?p=76968#article\",\"isPartOf\":{\"@id\":\"https:\/\/noticiasemdestaque.com\/cd\/?p=76968\"},\"author\":{\"name\":\"Not\u00edcias em Destaque\",\"@id\":\"https:\/\/noticiasemdestaque.com\/cd\/#\/schema\/person\/967a459378479d4fa07976fedd8a7b5e\"},\"headline\":\"Prefeito de S\u00e3o Jos\u00e9 dos Cordeiros, Fel\u00edcio Queiroz, solicita melhorias em rodovias e obras h\u00eddricas durante reuni\u00e3o no DER\",\"datePublished\":\"2026-03-10T10:52:44+00:00\",\"mainEntityOfPage\":{\"@id\":\"https:\/\/noticiasemdestaque.com\/cd\/?p=76968\"},\"wordCount\":327,\"publisher\":{\"@id\":\"https:\/\/noticiasemdestaque.com\/cd\/#organization\"},\"image\":{\"@id\":\"https:\/\/noticiasemdestaque.com\/cd\/?p=76968#primaryimage\"},\"thumbnailUrl\":\"https:\/\/noticiasemdestaque.com\/cd\/wp-content\/uploads\/2026\/03\/WhatsApp-Image-2026-03-09-at-16.54.34.jpeg\",\"articleSection\":[\"Pol\u00edtica\"],\"inLanguage\":\"pt-BR\"},{\"@type\":\"WebPage\",\"@id\":\"https:\/\/noticiasemdestaque.com\/cd\/?p=76968\",\"url\":\"https:\/\/noticiasemdestaque.com\/cd\/?p=76968\",\"name\":\"Prefeito de S\u00e3o Jos\u00e9 dos Cordeiros, Fel\u00edcio Queiroz, solicita melhorias em rodovias e obras h\u00eddricas durante reuni\u00e3o no DER - Not&iacute;cias em Destaque\",\"isPartOf\":{\"@id\":\"https:\/\/noticiasemdestaque.com\/cd\/#website\"},\"primaryImageOfPage\":{\"@id\":\"https:\/\/noticiasemdestaque.com\/cd\/?p=76968#primaryimage\"},\"image\":{\"@id\":\"https:\/\/noticiasemdestaque.com\/cd\/?p=76968#primaryimage\"},\"thumbnailUrl\":\"https:\/\/noticiasemdestaque.com\/cd\/wp-content\/uploads\/2026\/03\/WhatsApp-Image-2026-03-09-at-16.54.34.jpeg\",\"datePublished\":\"2026-03-10T10:52:44+00:00\",\"breadcrumb\":{\"@id\":\"https:\/\/noticiasemdestaque.com\/cd\/?p=76968#breadcrumb\"},\"inLanguage\":\"pt-BR\",\"potentialAction\":[{\"@type\":\"ReadAction\",\"target\":[\"https:\/\/noticiasemdestaque.com\/cd\/?p=76968\"]}]},{\"@type\":\"ImageObject\",\"inLanguage\":\"pt-BR\",\"@id\":\"https:\/\/noticiasemdestaque.com\/cd\/?p=76968#primaryimage\",\"url\":\"https:\/\/noticiasemdestaque.com\/cd\/wp-content\/uploads\/2026\/03\/WhatsApp-Image-2026-03-09-at-16.54.34.jpeg\",\"contentUrl\":\"https:\/\/noticiasemdestaque.com\/cd\/wp-content\/uploads\/2026\/03\/WhatsApp-Image-2026-03-09-at-16.54.34.jpeg\",\"width\":1440,\"height\":901},{\"@type\":\"BreadcrumbList\",\"@id\":\"https:\/\/noticiasemdestaque.com\/cd\/?p=76968#breadcrumb\",\"itemListElement\":[{\"@type\":\"ListItem\",\"position\":1,\"name\":\"In\u00edcio\",\"item\":\"https:\/\/noticiasemdestaque.com\/cd\/\"},{\"@type\":\"ListItem\",\"position\":2,\"name\":\"Prefeito de S\u00e3o Jos\u00e9 dos Cordeiros, Fel\u00edcio Queiroz, solicita melhorias em rodovias e obras h\u00eddricas durante reuni\u00e3o no DER\"}]},{\"@type\":\"WebSite\",\"@id\":\"https:\/\/noticiasemdestaque.com\/cd\/#website\",\"url\":\"https:\/\/noticiasemdestaque.com\/cd\/\",\"name\":\"Not&iacute;cias em Destaque\",\"description\":\"\",\"publisher\":{\"@id\":\"https:\/\/noticiasemdestaque.com\/cd\/#organization\"},\"potentialAction\":[{\"@type\":\"SearchAction\",\"target\":{\"@type\":\"EntryPoint\",\"urlTemplate\":\"https:\/\/noticiasemdestaque.com\/cd\/?s={search_term_string}\"},\"query-input\":{\"@type\":\"PropertyValueSpecification\",\"valueRequired\":true,\"valueName\":\"search_term_string\"}}],\"inLanguage\":\"pt-BR\"},{\"@type\":\"Organization\",\"@id\":\"https:\/\/noticiasemdestaque.com\/cd\/#organization\",\"name\":\"Not\u00edcias em Destaque\",\"url\":\"https:\/\/noticiasemdestaque.com\/cd\/\",\"logo\":{\"@type\":\"ImageObject\",\"inLanguage\":\"pt-BR\",\"@id\":\"https:\/\/noticiasemdestaque.com\/cd\/#\/schema\/logo\/image\/\",\"url\":\"https:\/\/noticiasemdestaque.com\/cd\/wp-content\/uploads\/2022\/05\/imagem-base-noticiasemdestaque.png\",\"contentUrl\":\"https:\/\/noticiasemdestaque.com\/cd\/wp-content\/uploads\/2022\/05\/imagem-base-noticiasemdestaque.png\",\"width\":1200,\"height\":630,\"caption\":\"Not\u00edcias em Destaque\"},\"image\":{\"@id\":\"https:\/\/noticiasemdestaque.com\/cd\/#\/schema\/logo\/image\/\"}},{\"@type\":\"Person\",\"@id\":\"https:\/\/noticiasemdestaque.com\/cd\/#\/schema\/person\/967a459378479d4fa07976fedd8a7b5e\",\"name\":\"Not\u00edcias em Destaque\",\"url\":\"https:\/\/noticiasemdestaque.com\/cd\/?author=2\"}]}<\/script>\n<!-- \/ Yoast SEO plugin. -->","yoast_head_json":{"title":"Prefeito de S\u00e3o Jos\u00e9 dos Cordeiros, Fel\u00edcio Queiroz, solicita melhorias em rodovias e obras h\u00eddricas durante reuni\u00e3o no DER - Not&iacute;cias em Destaque","robots":{"index":"index","follow":"follow","max-snippet":"max-snippet:-1","max-image-preview":"max-image-preview:large","max-video-preview":"max-video-preview:-1"},"canonical":"https:\/\/noticiasemdestaque.com\/cd\/?p=76968","og_locale":"pt_BR","og_type":"article","og_title":"Prefeito de S\u00e3o Jos\u00e9 dos Cordeiros, Fel\u00edcio Queiroz, solicita melhorias em rodovias e obras h\u00eddricas durante reuni\u00e3o no DER - Not&iacute;cias em Destaque","og_description":"O prefeito de S\u00e3o Jos\u00e9 dos Cordeiros, Fel\u00edcio Queiroz, esteve em reuni\u00e3o no Departamento de Estradas de Rodagem da Para\u00edba (DER-PB) tratando de importantes pautas voltadas \u00e0 infraestrutura do munic\u00edpio. Durante a agenda, o gestor se reuniu com Dr. Marcos e Dr. Z\u00e9 Arnaldo, oportunidade em que apresentou demandas consideradas estrat\u00e9gicas para melhorar a mobilidade e fortalecer a seguran\u00e7a h\u00eddrica da cidade. Entre as solicita\u00e7\u00f5es, o prefeito destacou a necessidade de recapeamento da rodovia PB que liga S\u00e3o Jos\u00e9 dos Cordeiros a Serra Branca. Segundo ele, a estrada j\u00e1 possui cerca de 12 anos desde a \u00faltima interven\u00e7\u00e3o, o que refor\u00e7a a urg\u00eancia da obra para garantir melhores condi\u00e7\u00f5es de tr\u00e1fego. \u201cSolicitamos a recapagem da PB que liga S\u00e3o Jos\u00e9 dos Cordeiros a Serra Branca. Essa rodovia j\u00e1 tem aproximadamente 12 anos desde a \u00faltima obra e precisa dessa melhoria para garantir mais seguran\u00e7a e mobilidade para a nossa popula\u00e7\u00e3o\u201d, destacou Fel\u00edcio Queiroz. Outra pauta apresentada durante a reuni\u00e3o foi o pedido para constru\u00e7\u00e3o de um aterro-barragem na rodovia que liga S\u00e3o Jos\u00e9 dos Cordeiros \u00e0 cidade de Sum\u00e9, uma obra que pode contribuir significativamente para o armazenamento de \u00e1gua e para a seguran\u00e7a h\u00eddrica da regi\u00e3o. \u201cO nosso pedido tamb\u00e9m inclui a constru\u00e7\u00e3o de um aterro-barragem na rodovia que liga Cordeiros a Sum\u00e9. \u00c9 uma obra importante que pode ajudar na seguran\u00e7a h\u00eddrica do munic\u00edpio e trazer benef\u00edcios para toda a popula\u00e7\u00e3o\u201d, acrescentou o prefeito. Fel\u00edcio Queiroz ressaltou ainda que a gest\u00e3o municipal segue buscando parcerias e dialogando com \u00f3rg\u00e3os do Estado para garantir investimentos que promovam desenvolvimento e melhorias para S\u00e3o Jos\u00e9 dos Cordeiros. Noticias em Destaque Com Para\u00edba Mix","og_url":"https:\/\/noticiasemdestaque.com\/cd\/?p=76968","og_site_name":"Not&iacute;cias em Destaque","article_published_time":"2026-03-10T10:52:44+00:00","og_image":[{"width":1440,"height":901,"url":"https:\/\/noticiasemdestaque.com\/cd\/wp-content\/uploads\/2026\/03\/WhatsApp-Image-2026-03-09-at-16.54.34.jpeg","type":"image\/jpeg"}],"author":"Not\u00edcias em Destaque","twitter_card":"summary_large_image","twitter_misc":{"Escrito por":"Not\u00edcias em Destaque","Est. tempo de leitura":"2 minutos"},"schema":{"@context":"https:\/\/schema.org","@graph":[{"@type":"Article","@id":"https:\/\/noticiasemdestaque.com\/cd\/?p=76968#article","isPartOf":{"@id":"https:\/\/noticiasemdestaque.com\/cd\/?p=76968"},"author":{"name":"Not\u00edcias em Destaque","@id":"https:\/\/noticiasemdestaque.com\/cd\/#\/schema\/person\/967a459378479d4fa07976fedd8a7b5e"},"headline":"Prefeito de S\u00e3o Jos\u00e9 dos Cordeiros, Fel\u00edcio Queiroz, solicita melhorias em rodovias e obras h\u00eddricas durante reuni\u00e3o no DER","datePublished":"2026-03-10T10:52:44+00:00","mainEntityOfPage":{"@id":"https:\/\/noticiasemdestaque.com\/cd\/?p=76968"},"wordCount":327,"publisher":{"@id":"https:\/\/noticiasemdestaque.com\/cd\/#organization"},"image":{"@id":"https:\/\/noticiasemdestaque.com\/cd\/?p=76968#primaryimage"},"thumbnailUrl":"https:\/\/noticiasemdestaque.com\/cd\/wp-content\/uploads\/2026\/03\/WhatsApp-Image-2026-03-09-at-16.54.34.jpeg","articleSection":["Pol\u00edtica"],"inLanguage":"pt-BR"},{"@type":"WebPage","@id":"https:\/\/noticiasemdestaque.com\/cd\/?p=76968","url":"https:\/\/noticiasemdestaque.com\/cd\/?p=76968","name":"Prefeito de S\u00e3o Jos\u00e9 dos Cordeiros, Fel\u00edcio Queiroz, solicita melhorias em rodovias e obras h\u00eddricas durante reuni\u00e3o no DER - Not&iacute;cias em Destaque","isPartOf":{"@id":"https:\/\/noticiasemdestaque.com\/cd\/#website"},"primaryImageOfPage":{"@id":"https:\/\/noticiasemdestaque.com\/cd\/?p=76968#primaryimage"},"image":{"@id":"https:\/\/noticiasemdestaque.com\/cd\/?p=76968#primaryimage"},"thumbnailUrl":"https:\/\/noticiasemdestaque.com\/cd\/wp-content\/uploads\/2026\/03\/WhatsApp-Image-2026-03-09-at-16.54.34.jpeg","datePublished":"2026-03-10T10:52:44+00:00","breadcrumb":{"@id":"https:\/\/noticiasemdestaque.com\/cd\/?p=76968#breadcrumb"},"inLanguage":"pt-BR","potentialAction":[{"@type":"ReadAction","target":["https:\/\/noticiasemdestaque.com\/cd\/?p=76968"]}]},{"@type":"ImageObject","inLanguage":"pt-BR","@id":"https:\/\/noticiasemdestaque.com\/cd\/?p=76968#primaryimage","url":"https:\/\/noticiasemdestaque.com\/cd\/wp-content\/uploads\/2026\/03\/WhatsApp-Image-2026-03-09-at-16.54.34.jpeg","contentUrl":"https:\/\/noticiasemdestaque.com\/cd\/wp-content\/uploads\/2026\/03\/WhatsApp-Image-2026-03-09-at-16.54.34.jpeg","width":1440,"height":901},{"@type":"BreadcrumbList","@id":"https:\/\/noticiasemdestaque.com\/cd\/?p=76968#breadcrumb","itemListElement":[{"@type":"ListItem","position":1,"name":"In\u00edcio","item":"https:\/\/noticiasemdestaque.com\/cd\/"},{"@type":"ListItem","position":2,"name":"Prefeito de S\u00e3o Jos\u00e9 dos Cordeiros, Fel\u00edcio Queiroz, solicita melhorias em rodovias e obras h\u00eddricas durante reuni\u00e3o no DER"}]},{"@type":"WebSite","@id":"https:\/\/noticiasemdestaque.com\/cd\/#website","url":"https:\/\/noticiasemdestaque.com\/cd\/","name":"Not&iacute;cias em Destaque","description":"","publisher":{"@id":"https:\/\/noticiasemdestaque.com\/cd\/#organization"},"potentialAction":[{"@type":"SearchAction","target":{"@type":"EntryPoint","urlTemplate":"https:\/\/noticiasemdestaque.com\/cd\/?s={search_term_string}"},"query-input":{"@type":"PropertyValueSpecification","valueRequired":true,"valueName":"search_term_string"}}],"inLanguage":"pt-BR"},{"@type":"Organization","@id":"https:\/\/noticiasemdestaque.com\/cd\/#organization","name":"Not\u00edcias em Destaque","url":"https:\/\/noticiasemdestaque.com\/cd\/","logo":{"@type":"ImageObject","inLanguage":"pt-BR","@id":"https:\/\/noticiasemdestaque.com\/cd\/#\/schema\/logo\/image\/","url":"https:\/\/noticiasemdestaque.com\/cd\/wp-content\/uploads\/2022\/05\/imagem-base-noticiasemdestaque.png","contentUrl":"https:\/\/noticiasemdestaque.com\/cd\/wp-content\/uploads\/2022\/05\/imagem-base-noticiasemdestaque.png","width":1200,"height":630,"caption":"Not\u00edcias em Destaque"},"image":{"@id":"https:\/\/noticiasemdestaque.com\/cd\/#\/schema\/logo\/image\/"}},{"@type":"Person","@id":"https:\/\/noticiasemdestaque.com\/cd\/#\/schema\/person\/967a459378479d4fa07976fedd8a7b5e","name":"Not\u00edcias em Destaque","url":"https:\/\/noticiasemdestaque.com\/cd\/?author=2"}]}},"jetpack_featured_media_url":"https:\/\/noticiasemdestaque.com\/cd\/wp-content\/uploads\/2026\/03\/WhatsApp-Image-2026-03-09-at-16.54.34.jpeg","jetpack_sharing_enabled":true,"_links":{"self":[{"href":"https:\/\/noticiasemdestaque.com\/cd\/index.php?rest_route=\/wp\/v2\/posts\/76968","targetHints":{"allow":["GET"]}}],"collection":[{"href":"https:\/\/noticiasemdestaque.com\/cd\/index.php?rest_route=\/wp\/v2\/posts"}],"about":[{"href":"https:\/\/noticiasemdestaque.com\/cd\/index.php?rest_route=\/wp\/v2\/types\/post"}],"author":[{"embeddable":true,"href":"https:\/\/noticiasemdestaque.com\/cd\/index.php?rest_route=\/wp\/v2\/users\/2"}],"replies":[{"embeddable":true,"href":"https:\/\/noticiasemdestaque.com\/cd\/index.php?rest_route=%2Fwp%2Fv2%2Fcomments&post=76968"}],"version-history":[{"count":1,"href":"https:\/\/noticiasemdestaque.com\/cd\/index.php?rest_route=\/wp\/v2\/posts\/76968\/revisions"}],"predecessor-version":[{"id":76970,"href":"https:\/\/noticiasemdestaque.com\/cd\/index.php?rest_route=\/wp\/v2\/posts\/76968\/revisions\/76970"}],"wp:featuredmedia":[{"embeddable":true,"href":"https:\/\/noticiasemdestaque.com\/cd\/index.php?rest_route=\/wp\/v2\/media\/76969"}],"wp:attachment":[{"href":"https:\/\/noticiasemdestaque.com\/cd\/index.php?rest_route=%2Fwp%2Fv2%2Fmedia&parent=76968"}],"wp:term":[{"taxonomy":"category","embeddable":true,"href":"https:\/\/noticiasemdestaque.com\/cd\/index.php?rest_route=%2Fwp%2Fv2%2Fcategories&post=76968"},{"taxonomy":"post_tag","embeddable":true,"href":"https:\/\/noticiasemdestaque.com\/cd\/index.php?rest_route=%2Fwp%2Fv2%2Ftags&post=76968"}],"curies":[{"name":"wp","href":"https:\/\/api.w.org\/{rel}","templated":true}]}}