{"id":76965,"date":"2026-03-10T07:49:33","date_gmt":"2026-03-10T10:49:33","guid":{"rendered":"https:\/\/noticiasemdestaque.com\/cd\/?p=76965"},"modified":"2026-03-10T07:49:33","modified_gmt":"2026-03-10T10:49:33","slug":"governador-joao-azevedo-anuncia-investimentos-na-infraestrutura-rodoviaria-para-a-regiao-do-cariri","status":"publish","type":"post","link":"https:\/\/noticiasemdestaque.com\/cd\/?p=76965","title":{"rendered":"Governador Jo\u00e3o Azev\u00eado anuncia investimentos na infraestrutura rodovi\u00e1ria para a regi\u00e3o do Cariri"},"content":{"rendered":"<p><a href=\"https:\/\/noticiasemdestaque.com\/cd\/wp-content\/uploads\/2026\/03\/joaoazevedoparaiba.jpeg\"><img fetchpriority=\"high\" decoding=\"async\" class=\" wp-image-76966 aligncenter\" src=\"https:\/\/noticiasemdestaque.com\/cd\/wp-content\/uploads\/2026\/03\/joaoazevedoparaiba-300x198.jpeg\" alt=\"\" width=\"800\" height=\"528\" srcset=\"https:\/\/noticiasemdestaque.com\/cd\/wp-content\/uploads\/2026\/03\/joaoazevedoparaiba-300x198.jpeg 300w, https:\/\/noticiasemdestaque.com\/cd\/wp-content\/uploads\/2026\/03\/joaoazevedoparaiba.jpeg 768w\" sizes=\"(max-width: 800px) 100vw, 800px\" \/><\/a><\/p>\n<p>O governador Jo\u00e3o Azev\u00eado anunciou, nesta segunda-feira (9), durante o Programa Conversa com o Governador, transmitido em cadeia estadual pela R\u00e1dio Tabajara, novos investimentos na infraestrutura rodovi\u00e1ria da Para\u00edba, beneficiando munic\u00edpios da regi\u00e3o do Cariri (em negrito). Entre os destaques, est\u00e1 a Ordem de Servi\u00e7o da rodovia estadual PB-370, que liga o munic\u00edpio de Curral Velho ao entroncamento da PB-306; a PB-141, que liga Pocinhos, Nazar\u00e9 e vicinal de Nazar\u00e9 a Olivedos; a PB-196,\u00a0<strong>no trecho Barra de S\u00e3o Miguel at\u00e9 Cara\u00fabas<\/strong>; o acesso ao Distrito de Coronel Maia, em Catol\u00e9 do Rocha; e a\u00a0<strong>PB-210, que liga Sum\u00e9 a S\u00e3o Jo\u00e3o dos Cordeiros<\/strong>. Juntas, as rodovias somam mais de 100 quil\u00f4metros de extens\u00e3o e representam mais de R$ 158 milh\u00f5es em investimentos.<\/p>\n<p>J\u00e1 em fase de homologa\u00e7\u00e3o de licita\u00e7\u00e3o est\u00e3o a\u00a0<strong>PB-202, ligando S\u00e3o Jo\u00e3o do Cariri a Parari; a PB-366,<\/strong>\u00a0trecho que liga Aguiar ao entroncamento da PB-384; PB-081, que liga Duas Estradas, Logradouro e o acesso a Cai\u00e7ara;\u00a0<strong>a PB-194, que liga o Distrito de Barreiras, em Cara\u00fabas, ao entroncamento da PB-214 (no Congo)<\/strong>, assim como a recupera\u00e7\u00e3o dos seguintes trechos: PB-041 (Sap\u00e9\/Capim\/entroncamento da BR-101); PB-045 (Capim\/Cuit\u00e9 de Mamanguape; e o acesso a Renascen\u00e7a.<\/p>\n<p>Ao todo, o Governo da Para\u00edba est\u00e1 investindo mais de R$ 570 milh\u00f5es em estradas, cujas obras j\u00e1 foram iniciadas, autorizadas ou em fase de licita\u00e7\u00e3o \u2014 totalizando mais de 332 quil\u00f4metros de extens\u00e3o.<\/p>\n<blockquote><p>\u201cAs estradas est\u00e3o num ritmo muito forte de execu\u00e7\u00e3o. A estrada Galante\/Ligeiro est\u00e1 em andamento; a Avenida Floriano Peixoto, l\u00e1 em Campina Grande, ligando at\u00e9 o Arco Metropolitano; a requalifica\u00e7\u00e3o dos Distritos de Campina Grande, uma obra muito importante e que leva investimentos acima de R$ 35 milh\u00f5es, para fazer com que o cidad\u00e3o que \u00e9 empres\u00e1rio, que tem a sua ind\u00fastria montada l\u00e1 em Campina Grande, que estava sem conseguir tirar os seus produtos de dentro da f\u00e1brica, possa fazer isso muito em breve. S\u00e3o R$ 726 milh\u00f5es que este Estado est\u00e1 anunciando em seguran\u00e7a h\u00eddrica e em estradas\u201d, concluiu o governador Jo\u00e3o Azev\u00eado, destacando a boa gest\u00e3o fiscal do Estado para a realiza\u00e7\u00e3o das obras.<\/p><\/blockquote>\n<p><strong>Noticias em Destaque<\/strong><\/p>\n<p style=\"text-align: right;\"><em>Fonte: De Olho no Cariri<\/em><\/p>\n","protected":false},"excerpt":{"rendered":"<p>O governador Jo\u00e3o Azev\u00eado anunciou, nesta segunda-feira (9), durante o Programa Conversa com o Governador, transmitido em cadeia estadual pela R\u00e1dio Tabajara, novos investimentos na infraestrutura rodovi\u00e1ria da Para\u00edba, beneficiando munic\u00edpios da regi\u00e3o do Cariri (em negrito). Entre os destaques, est\u00e1 a Ordem de Servi\u00e7o da rodovia estadual PB-370, que liga o munic\u00edpio de Curral Velho ao entroncamento da PB-306; a PB-141, que liga Pocinhos, Nazar\u00e9 e vicinal de Nazar\u00e9 a Olivedos; a PB-196,\u00a0no trecho Barra de S\u00e3o Miguel at\u00e9 Cara\u00fabas; o acesso ao Distrito de Coronel Maia, em Catol\u00e9 do Rocha; e a\u00a0PB-210, que liga Sum\u00e9 a S\u00e3o Jo\u00e3o dos Cordeiros. Juntas, as rodovias somam mais de 100 quil\u00f4metros de extens\u00e3o e representam mais de R$ 158 milh\u00f5es em investimentos. J\u00e1 em fase de homologa\u00e7\u00e3o de licita\u00e7\u00e3o est\u00e3o a\u00a0PB-202, ligando S\u00e3o Jo\u00e3o do Cariri a Parari; a PB-366,\u00a0trecho que liga Aguiar ao entroncamento da PB-384; PB-081, que liga Duas Estradas, Logradouro e o acesso a Cai\u00e7ara;\u00a0a PB-194, que liga o Distrito de Barreiras, em Cara\u00fabas, ao entroncamento da PB-214 (no Congo), assim como a recupera\u00e7\u00e3o dos seguintes trechos: PB-041 (Sap\u00e9\/Capim\/entroncamento da BR-101); PB-045 (Capim\/Cuit\u00e9 de Mamanguape; e o acesso a Renascen\u00e7a. Ao todo, o Governo da Para\u00edba est\u00e1 investindo mais de R$ 570 milh\u00f5es em estradas, cujas obras j\u00e1 foram iniciadas, autorizadas ou em fase de licita\u00e7\u00e3o \u2014 totalizando mais de 332 quil\u00f4metros de extens\u00e3o. \u201cAs estradas est\u00e3o num ritmo muito forte de execu\u00e7\u00e3o. A estrada Galante\/Ligeiro est\u00e1 em andamento; a Avenida Floriano Peixoto, l\u00e1 em Campina Grande, ligando at\u00e9 o Arco Metropolitano; a requalifica\u00e7\u00e3o dos Distritos de Campina Grande, uma obra muito importante e que leva investimentos acima de R$ 35 milh\u00f5es, para fazer com que o cidad\u00e3o que \u00e9 empres\u00e1rio, que tem a sua ind\u00fastria montada l\u00e1 em Campina Grande, que estava sem conseguir tirar os seus produtos de dentro da f\u00e1brica, possa fazer isso muito em breve. S\u00e3o R$ 726 milh\u00f5es que este Estado est\u00e1 anunciando em seguran\u00e7a h\u00eddrica e em estradas\u201d, concluiu o governador Jo\u00e3o Azev\u00eado, destacando a boa gest\u00e3o fiscal do Estado para a realiza\u00e7\u00e3o das obras. Noticias em Destaque Fonte: De Olho no Cariri<\/p>\n","protected":false},"author":2,"featured_media":76966,"comment_status":"closed","ping_status":"closed","sticky":false,"template":"","format":"standard","meta":{"_eb_attr":"","_jetpack_memberships_contains_paid_content":false,"footnotes":""},"categories":[4],"tags":[],"class_list":["post-76965","post","type-post","status-publish","format-standard","has-post-thumbnail","hentry","category-politica"],"yoast_head":"<!-- This site is optimized with the Yoast SEO plugin v26.5 - https:\/\/yoast.com\/wordpress\/plugins\/seo\/ -->\n<title>Governador Jo\u00e3o Azev\u00eado anuncia investimentos na infraestrutura rodovi\u00e1ria para a regi\u00e3o do Cariri - Not&iacute;cias em Destaque<\/title>\n<meta name=\"robots\" content=\"index, follow, max-snippet:-1, max-image-preview:large, max-video-preview:-1\" \/>\n<link rel=\"canonical\" href=\"https:\/\/noticiasemdestaque.com\/cd\/?p=76965\" \/>\n<meta property=\"og:locale\" content=\"pt_BR\" \/>\n<meta property=\"og:type\" content=\"article\" \/>\n<meta property=\"og:title\" content=\"Governador Jo\u00e3o Azev\u00eado anuncia investimentos na infraestrutura rodovi\u00e1ria para a regi\u00e3o do Cariri - Not&iacute;cias em Destaque\" \/>\n<meta property=\"og:description\" content=\"O governador Jo\u00e3o Azev\u00eado anunciou, nesta segunda-feira (9), durante o Programa Conversa com o Governador, transmitido em cadeia estadual pela R\u00e1dio Tabajara, novos investimentos na infraestrutura rodovi\u00e1ria da Para\u00edba, beneficiando munic\u00edpios da regi\u00e3o do Cariri (em negrito). Entre os destaques, est\u00e1 a Ordem de Servi\u00e7o da rodovia estadual PB-370, que liga o munic\u00edpio de Curral Velho ao entroncamento da PB-306; a PB-141, que liga Pocinhos, Nazar\u00e9 e vicinal de Nazar\u00e9 a Olivedos; a PB-196,\u00a0no trecho Barra de S\u00e3o Miguel at\u00e9 Cara\u00fabas; o acesso ao Distrito de Coronel Maia, em Catol\u00e9 do Rocha; e a\u00a0PB-210, que liga Sum\u00e9 a S\u00e3o Jo\u00e3o dos Cordeiros. Juntas, as rodovias somam mais de 100 quil\u00f4metros de extens\u00e3o e representam mais de R$ 158 milh\u00f5es em investimentos. J\u00e1 em fase de homologa\u00e7\u00e3o de licita\u00e7\u00e3o est\u00e3o a\u00a0PB-202, ligando S\u00e3o Jo\u00e3o do Cariri a Parari; a PB-366,\u00a0trecho que liga Aguiar ao entroncamento da PB-384; PB-081, que liga Duas Estradas, Logradouro e o acesso a Cai\u00e7ara;\u00a0a PB-194, que liga o Distrito de Barreiras, em Cara\u00fabas, ao entroncamento da PB-214 (no Congo), assim como a recupera\u00e7\u00e3o dos seguintes trechos: PB-041 (Sap\u00e9\/Capim\/entroncamento da BR-101); PB-045 (Capim\/Cuit\u00e9 de Mamanguape; e o acesso a Renascen\u00e7a. Ao todo, o Governo da Para\u00edba est\u00e1 investindo mais de R$ 570 milh\u00f5es em estradas, cujas obras j\u00e1 foram iniciadas, autorizadas ou em fase de licita\u00e7\u00e3o \u2014 totalizando mais de 332 quil\u00f4metros de extens\u00e3o. \u201cAs estradas est\u00e3o num ritmo muito forte de execu\u00e7\u00e3o. A estrada Galante\/Ligeiro est\u00e1 em andamento; a Avenida Floriano Peixoto, l\u00e1 em Campina Grande, ligando at\u00e9 o Arco Metropolitano; a requalifica\u00e7\u00e3o dos Distritos de Campina Grande, uma obra muito importante e que leva investimentos acima de R$ 35 milh\u00f5es, para fazer com que o cidad\u00e3o que \u00e9 empres\u00e1rio, que tem a sua ind\u00fastria montada l\u00e1 em Campina Grande, que estava sem conseguir tirar os seus produtos de dentro da f\u00e1brica, possa fazer isso muito em breve. S\u00e3o R$ 726 milh\u00f5es que este Estado est\u00e1 anunciando em seguran\u00e7a h\u00eddrica e em estradas\u201d, concluiu o governador Jo\u00e3o Azev\u00eado, destacando a boa gest\u00e3o fiscal do Estado para a realiza\u00e7\u00e3o das obras. Noticias em Destaque Fonte: De Olho no Cariri\" \/>\n<meta property=\"og:url\" content=\"https:\/\/noticiasemdestaque.com\/cd\/?p=76965\" \/>\n<meta property=\"og:site_name\" content=\"Not&iacute;cias em Destaque\" \/>\n<meta property=\"article:published_time\" content=\"2026-03-10T10:49:33+00:00\" \/>\n<meta property=\"og:image\" content=\"https:\/\/noticiasemdestaque.com\/cd\/wp-content\/uploads\/2026\/03\/joaoazevedoparaiba.jpeg\" \/>\n\t<meta property=\"og:image:width\" content=\"768\" \/>\n\t<meta property=\"og:image:height\" content=\"507\" \/>\n\t<meta property=\"og:image:type\" content=\"image\/jpeg\" \/>\n<meta name=\"author\" content=\"Not\u00edcias em Destaque\" \/>\n<meta name=\"twitter:card\" content=\"summary_large_image\" \/>\n<meta name=\"twitter:label1\" content=\"Escrito por\" \/>\n\t<meta name=\"twitter:data1\" content=\"Not\u00edcias em Destaque\" \/>\n\t<meta name=\"twitter:label2\" content=\"Est. tempo de leitura\" \/>\n\t<meta name=\"twitter:data2\" content=\"2 minutos\" \/>\n<script type=\"application\/ld+json\" class=\"yoast-schema-graph\">{\"@context\":\"https:\/\/schema.org\",\"@graph\":[{\"@type\":\"Article\",\"@id\":\"https:\/\/noticiasemdestaque.com\/cd\/?p=76965#article\",\"isPartOf\":{\"@id\":\"https:\/\/noticiasemdestaque.com\/cd\/?p=76965\"},\"author\":{\"name\":\"Not\u00edcias em Destaque\",\"@id\":\"https:\/\/noticiasemdestaque.com\/cd\/#\/schema\/person\/967a459378479d4fa07976fedd8a7b5e\"},\"headline\":\"Governador Jo\u00e3o Azev\u00eado anuncia investimentos na infraestrutura rodovi\u00e1ria para a regi\u00e3o do Cariri\",\"datePublished\":\"2026-03-10T10:49:33+00:00\",\"mainEntityOfPage\":{\"@id\":\"https:\/\/noticiasemdestaque.com\/cd\/?p=76965\"},\"wordCount\":414,\"publisher\":{\"@id\":\"https:\/\/noticiasemdestaque.com\/cd\/#organization\"},\"image\":{\"@id\":\"https:\/\/noticiasemdestaque.com\/cd\/?p=76965#primaryimage\"},\"thumbnailUrl\":\"https:\/\/noticiasemdestaque.com\/cd\/wp-content\/uploads\/2026\/03\/joaoazevedoparaiba.jpeg\",\"articleSection\":[\"Pol\u00edtica\"],\"inLanguage\":\"pt-BR\"},{\"@type\":\"WebPage\",\"@id\":\"https:\/\/noticiasemdestaque.com\/cd\/?p=76965\",\"url\":\"https:\/\/noticiasemdestaque.com\/cd\/?p=76965\",\"name\":\"Governador Jo\u00e3o Azev\u00eado anuncia investimentos na infraestrutura rodovi\u00e1ria para a regi\u00e3o do Cariri - Not&iacute;cias em Destaque\",\"isPartOf\":{\"@id\":\"https:\/\/noticiasemdestaque.com\/cd\/#website\"},\"primaryImageOfPage\":{\"@id\":\"https:\/\/noticiasemdestaque.com\/cd\/?p=76965#primaryimage\"},\"image\":{\"@id\":\"https:\/\/noticiasemdestaque.com\/cd\/?p=76965#primaryimage\"},\"thumbnailUrl\":\"https:\/\/noticiasemdestaque.com\/cd\/wp-content\/uploads\/2026\/03\/joaoazevedoparaiba.jpeg\",\"datePublished\":\"2026-03-10T10:49:33+00:00\",\"breadcrumb\":{\"@id\":\"https:\/\/noticiasemdestaque.com\/cd\/?p=76965#breadcrumb\"},\"inLanguage\":\"pt-BR\",\"potentialAction\":[{\"@type\":\"ReadAction\",\"target\":[\"https:\/\/noticiasemdestaque.com\/cd\/?p=76965\"]}]},{\"@type\":\"ImageObject\",\"inLanguage\":\"pt-BR\",\"@id\":\"https:\/\/noticiasemdestaque.com\/cd\/?p=76965#primaryimage\",\"url\":\"https:\/\/noticiasemdestaque.com\/cd\/wp-content\/uploads\/2026\/03\/joaoazevedoparaiba.jpeg\",\"contentUrl\":\"https:\/\/noticiasemdestaque.com\/cd\/wp-content\/uploads\/2026\/03\/joaoazevedoparaiba.jpeg\",\"width\":768,\"height\":507},{\"@type\":\"BreadcrumbList\",\"@id\":\"https:\/\/noticiasemdestaque.com\/cd\/?p=76965#breadcrumb\",\"itemListElement\":[{\"@type\":\"ListItem\",\"position\":1,\"name\":\"In\u00edcio\",\"item\":\"https:\/\/noticiasemdestaque.com\/cd\/\"},{\"@type\":\"ListItem\",\"position\":2,\"name\":\"Governador Jo\u00e3o Azev\u00eado anuncia investimentos na infraestrutura rodovi\u00e1ria para a regi\u00e3o do Cariri\"}]},{\"@type\":\"WebSite\",\"@id\":\"https:\/\/noticiasemdestaque.com\/cd\/#website\",\"url\":\"https:\/\/noticiasemdestaque.com\/cd\/\",\"name\":\"Not&iacute;cias em Destaque\",\"description\":\"\",\"publisher\":{\"@id\":\"https:\/\/noticiasemdestaque.com\/cd\/#organization\"},\"potentialAction\":[{\"@type\":\"SearchAction\",\"target\":{\"@type\":\"EntryPoint\",\"urlTemplate\":\"https:\/\/noticiasemdestaque.com\/cd\/?s={search_term_string}\"},\"query-input\":{\"@type\":\"PropertyValueSpecification\",\"valueRequired\":true,\"valueName\":\"search_term_string\"}}],\"inLanguage\":\"pt-BR\"},{\"@type\":\"Organization\",\"@id\":\"https:\/\/noticiasemdestaque.com\/cd\/#organization\",\"name\":\"Not\u00edcias em Destaque\",\"url\":\"https:\/\/noticiasemdestaque.com\/cd\/\",\"logo\":{\"@type\":\"ImageObject\",\"inLanguage\":\"pt-BR\",\"@id\":\"https:\/\/noticiasemdestaque.com\/cd\/#\/schema\/logo\/image\/\",\"url\":\"https:\/\/noticiasemdestaque.com\/cd\/wp-content\/uploads\/2022\/05\/imagem-base-noticiasemdestaque.png\",\"contentUrl\":\"https:\/\/noticiasemdestaque.com\/cd\/wp-content\/uploads\/2022\/05\/imagem-base-noticiasemdestaque.png\",\"width\":1200,\"height\":630,\"caption\":\"Not\u00edcias em Destaque\"},\"image\":{\"@id\":\"https:\/\/noticiasemdestaque.com\/cd\/#\/schema\/logo\/image\/\"}},{\"@type\":\"Person\",\"@id\":\"https:\/\/noticiasemdestaque.com\/cd\/#\/schema\/person\/967a459378479d4fa07976fedd8a7b5e\",\"name\":\"Not\u00edcias em Destaque\",\"url\":\"https:\/\/noticiasemdestaque.com\/cd\/?author=2\"}]}<\/script>\n<!-- \/ Yoast SEO plugin. -->","yoast_head_json":{"title":"Governador Jo\u00e3o Azev\u00eado anuncia investimentos na infraestrutura rodovi\u00e1ria para a regi\u00e3o do Cariri - Not&iacute;cias em Destaque","robots":{"index":"index","follow":"follow","max-snippet":"max-snippet:-1","max-image-preview":"max-image-preview:large","max-video-preview":"max-video-preview:-1"},"canonical":"https:\/\/noticiasemdestaque.com\/cd\/?p=76965","og_locale":"pt_BR","og_type":"article","og_title":"Governador Jo\u00e3o Azev\u00eado anuncia investimentos na infraestrutura rodovi\u00e1ria para a regi\u00e3o do Cariri - Not&iacute;cias em Destaque","og_description":"O governador Jo\u00e3o Azev\u00eado anunciou, nesta segunda-feira (9), durante o Programa Conversa com o Governador, transmitido em cadeia estadual pela R\u00e1dio Tabajara, novos investimentos na infraestrutura rodovi\u00e1ria da Para\u00edba, beneficiando munic\u00edpios da regi\u00e3o do Cariri (em negrito). Entre os destaques, est\u00e1 a Ordem de Servi\u00e7o da rodovia estadual PB-370, que liga o munic\u00edpio de Curral Velho ao entroncamento da PB-306; a PB-141, que liga Pocinhos, Nazar\u00e9 e vicinal de Nazar\u00e9 a Olivedos; a PB-196,\u00a0no trecho Barra de S\u00e3o Miguel at\u00e9 Cara\u00fabas; o acesso ao Distrito de Coronel Maia, em Catol\u00e9 do Rocha; e a\u00a0PB-210, que liga Sum\u00e9 a S\u00e3o Jo\u00e3o dos Cordeiros. Juntas, as rodovias somam mais de 100 quil\u00f4metros de extens\u00e3o e representam mais de R$ 158 milh\u00f5es em investimentos. J\u00e1 em fase de homologa\u00e7\u00e3o de licita\u00e7\u00e3o est\u00e3o a\u00a0PB-202, ligando S\u00e3o Jo\u00e3o do Cariri a Parari; a PB-366,\u00a0trecho que liga Aguiar ao entroncamento da PB-384; PB-081, que liga Duas Estradas, Logradouro e o acesso a Cai\u00e7ara;\u00a0a PB-194, que liga o Distrito de Barreiras, em Cara\u00fabas, ao entroncamento da PB-214 (no Congo), assim como a recupera\u00e7\u00e3o dos seguintes trechos: PB-041 (Sap\u00e9\/Capim\/entroncamento da BR-101); PB-045 (Capim\/Cuit\u00e9 de Mamanguape; e o acesso a Renascen\u00e7a. Ao todo, o Governo da Para\u00edba est\u00e1 investindo mais de R$ 570 milh\u00f5es em estradas, cujas obras j\u00e1 foram iniciadas, autorizadas ou em fase de licita\u00e7\u00e3o \u2014 totalizando mais de 332 quil\u00f4metros de extens\u00e3o. \u201cAs estradas est\u00e3o num ritmo muito forte de execu\u00e7\u00e3o. A estrada Galante\/Ligeiro est\u00e1 em andamento; a Avenida Floriano Peixoto, l\u00e1 em Campina Grande, ligando at\u00e9 o Arco Metropolitano; a requalifica\u00e7\u00e3o dos Distritos de Campina Grande, uma obra muito importante e que leva investimentos acima de R$ 35 milh\u00f5es, para fazer com que o cidad\u00e3o que \u00e9 empres\u00e1rio, que tem a sua ind\u00fastria montada l\u00e1 em Campina Grande, que estava sem conseguir tirar os seus produtos de dentro da f\u00e1brica, possa fazer isso muito em breve. S\u00e3o R$ 726 milh\u00f5es que este Estado est\u00e1 anunciando em seguran\u00e7a h\u00eddrica e em estradas\u201d, concluiu o governador Jo\u00e3o Azev\u00eado, destacando a boa gest\u00e3o fiscal do Estado para a realiza\u00e7\u00e3o das obras. Noticias em Destaque Fonte: De Olho no Cariri","og_url":"https:\/\/noticiasemdestaque.com\/cd\/?p=76965","og_site_name":"Not&iacute;cias em Destaque","article_published_time":"2026-03-10T10:49:33+00:00","og_image":[{"width":768,"height":507,"url":"https:\/\/noticiasemdestaque.com\/cd\/wp-content\/uploads\/2026\/03\/joaoazevedoparaiba.jpeg","type":"image\/jpeg"}],"author":"Not\u00edcias em Destaque","twitter_card":"summary_large_image","twitter_misc":{"Escrito por":"Not\u00edcias em Destaque","Est. tempo de leitura":"2 minutos"},"schema":{"@context":"https:\/\/schema.org","@graph":[{"@type":"Article","@id":"https:\/\/noticiasemdestaque.com\/cd\/?p=76965#article","isPartOf":{"@id":"https:\/\/noticiasemdestaque.com\/cd\/?p=76965"},"author":{"name":"Not\u00edcias em Destaque","@id":"https:\/\/noticiasemdestaque.com\/cd\/#\/schema\/person\/967a459378479d4fa07976fedd8a7b5e"},"headline":"Governador Jo\u00e3o Azev\u00eado anuncia investimentos na infraestrutura rodovi\u00e1ria para a regi\u00e3o do Cariri","datePublished":"2026-03-10T10:49:33+00:00","mainEntityOfPage":{"@id":"https:\/\/noticiasemdestaque.com\/cd\/?p=76965"},"wordCount":414,"publisher":{"@id":"https:\/\/noticiasemdestaque.com\/cd\/#organization"},"image":{"@id":"https:\/\/noticiasemdestaque.com\/cd\/?p=76965#primaryimage"},"thumbnailUrl":"https:\/\/noticiasemdestaque.com\/cd\/wp-content\/uploads\/2026\/03\/joaoazevedoparaiba.jpeg","articleSection":["Pol\u00edtica"],"inLanguage":"pt-BR"},{"@type":"WebPage","@id":"https:\/\/noticiasemdestaque.com\/cd\/?p=76965","url":"https:\/\/noticiasemdestaque.com\/cd\/?p=76965","name":"Governador Jo\u00e3o Azev\u00eado anuncia investimentos na infraestrutura rodovi\u00e1ria para a regi\u00e3o do Cariri - Not&iacute;cias em Destaque","isPartOf":{"@id":"https:\/\/noticiasemdestaque.com\/cd\/#website"},"primaryImageOfPage":{"@id":"https:\/\/noticiasemdestaque.com\/cd\/?p=76965#primaryimage"},"image":{"@id":"https:\/\/noticiasemdestaque.com\/cd\/?p=76965#primaryimage"},"thumbnailUrl":"https:\/\/noticiasemdestaque.com\/cd\/wp-content\/uploads\/2026\/03\/joaoazevedoparaiba.jpeg","datePublished":"2026-03-10T10:49:33+00:00","breadcrumb":{"@id":"https:\/\/noticiasemdestaque.com\/cd\/?p=76965#breadcrumb"},"inLanguage":"pt-BR","potentialAction":[{"@type":"ReadAction","target":["https:\/\/noticiasemdestaque.com\/cd\/?p=76965"]}]},{"@type":"ImageObject","inLanguage":"pt-BR","@id":"https:\/\/noticiasemdestaque.com\/cd\/?p=76965#primaryimage","url":"https:\/\/noticiasemdestaque.com\/cd\/wp-content\/uploads\/2026\/03\/joaoazevedoparaiba.jpeg","contentUrl":"https:\/\/noticiasemdestaque.com\/cd\/wp-content\/uploads\/2026\/03\/joaoazevedoparaiba.jpeg","width":768,"height":507},{"@type":"BreadcrumbList","@id":"https:\/\/noticiasemdestaque.com\/cd\/?p=76965#breadcrumb","itemListElement":[{"@type":"ListItem","position":1,"name":"In\u00edcio","item":"https:\/\/noticiasemdestaque.com\/cd\/"},{"@type":"ListItem","position":2,"name":"Governador Jo\u00e3o Azev\u00eado anuncia investimentos na infraestrutura rodovi\u00e1ria para a regi\u00e3o do Cariri"}]},{"@type":"WebSite","@id":"https:\/\/noticiasemdestaque.com\/cd\/#website","url":"https:\/\/noticiasemdestaque.com\/cd\/","name":"Not&iacute;cias em Destaque","description":"","publisher":{"@id":"https:\/\/noticiasemdestaque.com\/cd\/#organization"},"potentialAction":[{"@type":"SearchAction","target":{"@type":"EntryPoint","urlTemplate":"https:\/\/noticiasemdestaque.com\/cd\/?s={search_term_string}"},"query-input":{"@type":"PropertyValueSpecification","valueRequired":true,"valueName":"search_term_string"}}],"inLanguage":"pt-BR"},{"@type":"Organization","@id":"https:\/\/noticiasemdestaque.com\/cd\/#organization","name":"Not\u00edcias em Destaque","url":"https:\/\/noticiasemdestaque.com\/cd\/","logo":{"@type":"ImageObject","inLanguage":"pt-BR","@id":"https:\/\/noticiasemdestaque.com\/cd\/#\/schema\/logo\/image\/","url":"https:\/\/noticiasemdestaque.com\/cd\/wp-content\/uploads\/2022\/05\/imagem-base-noticiasemdestaque.png","contentUrl":"https:\/\/noticiasemdestaque.com\/cd\/wp-content\/uploads\/2022\/05\/imagem-base-noticiasemdestaque.png","width":1200,"height":630,"caption":"Not\u00edcias em Destaque"},"image":{"@id":"https:\/\/noticiasemdestaque.com\/cd\/#\/schema\/logo\/image\/"}},{"@type":"Person","@id":"https:\/\/noticiasemdestaque.com\/cd\/#\/schema\/person\/967a459378479d4fa07976fedd8a7b5e","name":"Not\u00edcias em Destaque","url":"https:\/\/noticiasemdestaque.com\/cd\/?author=2"}]}},"jetpack_featured_media_url":"https:\/\/noticiasemdestaque.com\/cd\/wp-content\/uploads\/2026\/03\/joaoazevedoparaiba.jpeg","jetpack_sharing_enabled":true,"_links":{"self":[{"href":"https:\/\/noticiasemdestaque.com\/cd\/index.php?rest_route=\/wp\/v2\/posts\/76965","targetHints":{"allow":["GET"]}}],"collection":[{"href":"https:\/\/noticiasemdestaque.com\/cd\/index.php?rest_route=\/wp\/v2\/posts"}],"about":[{"href":"https:\/\/noticiasemdestaque.com\/cd\/index.php?rest_route=\/wp\/v2\/types\/post"}],"author":[{"embeddable":true,"href":"https:\/\/noticiasemdestaque.com\/cd\/index.php?rest_route=\/wp\/v2\/users\/2"}],"replies":[{"embeddable":true,"href":"https:\/\/noticiasemdestaque.com\/cd\/index.php?rest_route=%2Fwp%2Fv2%2Fcomments&post=76965"}],"version-history":[{"count":1,"href":"https:\/\/noticiasemdestaque.com\/cd\/index.php?rest_route=\/wp\/v2\/posts\/76965\/revisions"}],"predecessor-version":[{"id":76967,"href":"https:\/\/noticiasemdestaque.com\/cd\/index.php?rest_route=\/wp\/v2\/posts\/76965\/revisions\/76967"}],"wp:featuredmedia":[{"embeddable":true,"href":"https:\/\/noticiasemdestaque.com\/cd\/index.php?rest_route=\/wp\/v2\/media\/76966"}],"wp:attachment":[{"href":"https:\/\/noticiasemdestaque.com\/cd\/index.php?rest_route=%2Fwp%2Fv2%2Fmedia&parent=76965"}],"wp:term":[{"taxonomy":"category","embeddable":true,"href":"https:\/\/noticiasemdestaque.com\/cd\/index.php?rest_route=%2Fwp%2Fv2%2Fcategories&post=76965"},{"taxonomy":"post_tag","embeddable":true,"href":"https:\/\/noticiasemdestaque.com\/cd\/index.php?rest_route=%2Fwp%2Fv2%2Ftags&post=76965"}],"curies":[{"name":"wp","href":"https:\/\/api.w.org\/{rel}","templated":true}]}}