{"id":76771,"date":"2026-02-27T20:50:27","date_gmt":"2026-02-27T23:50:27","guid":{"rendered":"https:\/\/noticiasemdestaque.com\/cd\/?p=76771"},"modified":"2026-02-27T20:50:27","modified_gmt":"2026-02-27T23:50:27","slug":"coxixola-tera-noite-religiosa-com-padre-fabricio-timoteo-na-programacao-de-aniversario-2026","status":"publish","type":"post","link":"https:\/\/noticiasemdestaque.com\/cd\/?p=76771","title":{"rendered":"Coxixola ter\u00e1 noite religiosa com padre Fabr\u00edcio Tim\u00f3teo na programa\u00e7\u00e3o de anivers\u00e1rio 2026"},"content":{"rendered":"<p><a href=\"https:\/\/noticiasemdestaque.com\/cd\/wp-content\/uploads\/2026\/02\/WhatsApp-Image-2026-02-27-at-17.13.35.jpeg\"><img fetchpriority=\"high\" decoding=\"async\" class=\" wp-image-76772 aligncenter\" src=\"https:\/\/noticiasemdestaque.com\/cd\/wp-content\/uploads\/2026\/02\/WhatsApp-Image-2026-02-27-at-17.13.35-300x278.jpeg\" alt=\"\" width=\"995\" height=\"922\" srcset=\"https:\/\/noticiasemdestaque.com\/cd\/wp-content\/uploads\/2026\/02\/WhatsApp-Image-2026-02-27-at-17.13.35-300x278.jpeg 300w, https:\/\/noticiasemdestaque.com\/cd\/wp-content\/uploads\/2026\/02\/WhatsApp-Image-2026-02-27-at-17.13.35.jpeg 768w\" sizes=\"(max-width: 995px) 100vw, 995px\" \/><\/a><\/p>\n<p>O prefeito de Coxixola, Nelsinho Honorato, anunciou que a programa\u00e7\u00e3o de anivers\u00e1rio do munic\u00edpio em 2026 contar\u00e1 com uma noite religiosa especial, marcada por f\u00e9 e celebra\u00e7\u00e3o.<\/p>\n<p>De acordo com o gestor, pela primeira vez a cidade receber\u00e1 o padre Fabr\u00edcio Tim\u00f3teo, que apresentar\u00e1 seu show especial em uma noite que promete reunir fi\u00e9is e fam\u00edlias em um grande momento de espiritualidade e b\u00ean\u00e7\u00e3os.<\/p>\n<p>Segundo o prefeito, a proposta \u00e9 celebrar o anivers\u00e1rio da cidade n\u00e3o apenas com festividades culturais, mas tamb\u00e9m com um momento de gratid\u00e3o e reflex\u00e3o. A expectativa \u00e9 que o evento re\u00fana moradores de Coxixola e visitantes de toda a regi\u00e3o do Cariri.<\/p>\n<p>A gest\u00e3o municipal destacou ainda que a noite religiosa far\u00e1 parte de uma programa\u00e7\u00e3o mais ampla. Nos pr\u00f3ximos dias, a Prefeitura dever\u00e1 divulgar oficialmente a programa\u00e7\u00e3o completa do anivers\u00e1rio 2026, que tamb\u00e9m contar\u00e1 com a tradicional noite de shows culturais.<\/p>\n<p>A iniciativa refor\u00e7a o compromisso da administra\u00e7\u00e3o em promover uma festa diversificada, valorizando tanto a f\u00e9 quanto a cultura do povo coxixolense.<\/p>\n<p><strong>Noticias em Destaque<\/strong><\/p>\n<p style=\"text-align: right;\"><em>Fonte: Assessoria<\/em><\/p>\n","protected":false},"excerpt":{"rendered":"<p>O prefeito de Coxixola, Nelsinho Honorato, anunciou que a programa\u00e7\u00e3o de anivers\u00e1rio do munic\u00edpio em 2026 contar\u00e1 com uma noite religiosa especial, marcada por f\u00e9 e celebra\u00e7\u00e3o. De acordo com o gestor, pela primeira vez a cidade receber\u00e1 o padre Fabr\u00edcio Tim\u00f3teo, que apresentar\u00e1 seu show especial em uma noite que promete reunir fi\u00e9is e fam\u00edlias em um grande momento de espiritualidade e b\u00ean\u00e7\u00e3os. Segundo o prefeito, a proposta \u00e9 celebrar o anivers\u00e1rio da cidade n\u00e3o apenas com festividades culturais, mas tamb\u00e9m com um momento de gratid\u00e3o e reflex\u00e3o. A expectativa \u00e9 que o evento re\u00fana moradores de Coxixola e visitantes de toda a regi\u00e3o do Cariri. A gest\u00e3o municipal destacou ainda que a noite religiosa far\u00e1 parte de uma programa\u00e7\u00e3o mais ampla. Nos pr\u00f3ximos dias, a Prefeitura dever\u00e1 divulgar oficialmente a programa\u00e7\u00e3o completa do anivers\u00e1rio 2026, que tamb\u00e9m contar\u00e1 com a tradicional noite de shows culturais. A iniciativa refor\u00e7a o compromisso da administra\u00e7\u00e3o em promover uma festa diversificada, valorizando tanto a f\u00e9 quanto a cultura do povo coxixolense. Noticias em Destaque Fonte: Assessoria<\/p>\n","protected":false},"author":2,"featured_media":76772,"comment_status":"closed","ping_status":"closed","sticky":false,"template":"","format":"standard","meta":{"_eb_attr":"","_jetpack_memberships_contains_paid_content":false,"footnotes":""},"categories":[4],"tags":[],"class_list":["post-76771","post","type-post","status-publish","format-standard","has-post-thumbnail","hentry","category-politica"],"yoast_head":"<!-- This site is optimized with the Yoast SEO plugin v26.5 - https:\/\/yoast.com\/wordpress\/plugins\/seo\/ -->\n<title>Coxixola ter\u00e1 noite religiosa com padre Fabr\u00edcio Tim\u00f3teo na programa\u00e7\u00e3o de anivers\u00e1rio 2026 - Not&iacute;cias em Destaque<\/title>\n<meta name=\"robots\" content=\"index, follow, max-snippet:-1, max-image-preview:large, max-video-preview:-1\" \/>\n<link rel=\"canonical\" href=\"https:\/\/noticiasemdestaque.com\/cd\/?p=76771\" \/>\n<meta property=\"og:locale\" content=\"pt_BR\" \/>\n<meta property=\"og:type\" content=\"article\" \/>\n<meta property=\"og:title\" content=\"Coxixola ter\u00e1 noite religiosa com padre Fabr\u00edcio Tim\u00f3teo na programa\u00e7\u00e3o de anivers\u00e1rio 2026 - Not&iacute;cias em Destaque\" \/>\n<meta property=\"og:description\" content=\"O prefeito de Coxixola, Nelsinho Honorato, anunciou que a programa\u00e7\u00e3o de anivers\u00e1rio do munic\u00edpio em 2026 contar\u00e1 com uma noite religiosa especial, marcada por f\u00e9 e celebra\u00e7\u00e3o. De acordo com o gestor, pela primeira vez a cidade receber\u00e1 o padre Fabr\u00edcio Tim\u00f3teo, que apresentar\u00e1 seu show especial em uma noite que promete reunir fi\u00e9is e fam\u00edlias em um grande momento de espiritualidade e b\u00ean\u00e7\u00e3os. Segundo o prefeito, a proposta \u00e9 celebrar o anivers\u00e1rio da cidade n\u00e3o apenas com festividades culturais, mas tamb\u00e9m com um momento de gratid\u00e3o e reflex\u00e3o. A expectativa \u00e9 que o evento re\u00fana moradores de Coxixola e visitantes de toda a regi\u00e3o do Cariri. A gest\u00e3o municipal destacou ainda que a noite religiosa far\u00e1 parte de uma programa\u00e7\u00e3o mais ampla. Nos pr\u00f3ximos dias, a Prefeitura dever\u00e1 divulgar oficialmente a programa\u00e7\u00e3o completa do anivers\u00e1rio 2026, que tamb\u00e9m contar\u00e1 com a tradicional noite de shows culturais. A iniciativa refor\u00e7a o compromisso da administra\u00e7\u00e3o em promover uma festa diversificada, valorizando tanto a f\u00e9 quanto a cultura do povo coxixolense. Noticias em Destaque Fonte: Assessoria\" \/>\n<meta property=\"og:url\" content=\"https:\/\/noticiasemdestaque.com\/cd\/?p=76771\" \/>\n<meta property=\"og:site_name\" content=\"Not&iacute;cias em Destaque\" \/>\n<meta property=\"article:published_time\" content=\"2026-02-27T23:50:27+00:00\" \/>\n<meta property=\"og:image\" content=\"https:\/\/noticiasemdestaque.com\/cd\/wp-content\/uploads\/2026\/02\/WhatsApp-Image-2026-02-27-at-17.13.35.jpeg\" \/>\n\t<meta property=\"og:image:width\" content=\"768\" \/>\n\t<meta property=\"og:image:height\" content=\"712\" \/>\n\t<meta property=\"og:image:type\" content=\"image\/jpeg\" \/>\n<meta name=\"author\" content=\"Not\u00edcias em Destaque\" \/>\n<meta name=\"twitter:card\" content=\"summary_large_image\" \/>\n<meta name=\"twitter:label1\" content=\"Escrito por\" \/>\n\t<meta name=\"twitter:data1\" content=\"Not\u00edcias em Destaque\" \/>\n\t<meta name=\"twitter:label2\" content=\"Est. tempo de leitura\" \/>\n\t<meta name=\"twitter:data2\" content=\"2 minutos\" \/>\n<script type=\"application\/ld+json\" class=\"yoast-schema-graph\">{\"@context\":\"https:\/\/schema.org\",\"@graph\":[{\"@type\":\"Article\",\"@id\":\"https:\/\/noticiasemdestaque.com\/cd\/?p=76771#article\",\"isPartOf\":{\"@id\":\"https:\/\/noticiasemdestaque.com\/cd\/?p=76771\"},\"author\":{\"name\":\"Not\u00edcias em Destaque\",\"@id\":\"https:\/\/noticiasemdestaque.com\/cd\/#\/schema\/person\/9c05c6816b191977f47499b3494ace52\"},\"headline\":\"Coxixola ter\u00e1 noite religiosa com padre Fabr\u00edcio Tim\u00f3teo na programa\u00e7\u00e3o de anivers\u00e1rio 2026\",\"datePublished\":\"2026-02-27T23:50:27+00:00\",\"mainEntityOfPage\":{\"@id\":\"https:\/\/noticiasemdestaque.com\/cd\/?p=76771\"},\"wordCount\":211,\"publisher\":{\"@id\":\"https:\/\/noticiasemdestaque.com\/cd\/#organization\"},\"image\":{\"@id\":\"https:\/\/noticiasemdestaque.com\/cd\/?p=76771#primaryimage\"},\"thumbnailUrl\":\"https:\/\/noticiasemdestaque.com\/cd\/wp-content\/uploads\/2026\/02\/WhatsApp-Image-2026-02-27-at-17.13.35.jpeg\",\"articleSection\":[\"Pol\u00edtica\"],\"inLanguage\":\"pt-BR\"},{\"@type\":\"WebPage\",\"@id\":\"https:\/\/noticiasemdestaque.com\/cd\/?p=76771\",\"url\":\"https:\/\/noticiasemdestaque.com\/cd\/?p=76771\",\"name\":\"Coxixola ter\u00e1 noite religiosa com padre Fabr\u00edcio Tim\u00f3teo na programa\u00e7\u00e3o de anivers\u00e1rio 2026 - Not&iacute;cias em Destaque\",\"isPartOf\":{\"@id\":\"https:\/\/noticiasemdestaque.com\/cd\/#website\"},\"primaryImageOfPage\":{\"@id\":\"https:\/\/noticiasemdestaque.com\/cd\/?p=76771#primaryimage\"},\"image\":{\"@id\":\"https:\/\/noticiasemdestaque.com\/cd\/?p=76771#primaryimage\"},\"thumbnailUrl\":\"https:\/\/noticiasemdestaque.com\/cd\/wp-content\/uploads\/2026\/02\/WhatsApp-Image-2026-02-27-at-17.13.35.jpeg\",\"datePublished\":\"2026-02-27T23:50:27+00:00\",\"breadcrumb\":{\"@id\":\"https:\/\/noticiasemdestaque.com\/cd\/?p=76771#breadcrumb\"},\"inLanguage\":\"pt-BR\",\"potentialAction\":[{\"@type\":\"ReadAction\",\"target\":[\"https:\/\/noticiasemdestaque.com\/cd\/?p=76771\"]}]},{\"@type\":\"ImageObject\",\"inLanguage\":\"pt-BR\",\"@id\":\"https:\/\/noticiasemdestaque.com\/cd\/?p=76771#primaryimage\",\"url\":\"https:\/\/noticiasemdestaque.com\/cd\/wp-content\/uploads\/2026\/02\/WhatsApp-Image-2026-02-27-at-17.13.35.jpeg\",\"contentUrl\":\"https:\/\/noticiasemdestaque.com\/cd\/wp-content\/uploads\/2026\/02\/WhatsApp-Image-2026-02-27-at-17.13.35.jpeg\",\"width\":768,\"height\":712},{\"@type\":\"BreadcrumbList\",\"@id\":\"https:\/\/noticiasemdestaque.com\/cd\/?p=76771#breadcrumb\",\"itemListElement\":[{\"@type\":\"ListItem\",\"position\":1,\"name\":\"In\u00edcio\",\"item\":\"https:\/\/noticiasemdestaque.com\/cd\/\"},{\"@type\":\"ListItem\",\"position\":2,\"name\":\"Coxixola ter\u00e1 noite religiosa com padre Fabr\u00edcio Tim\u00f3teo na programa\u00e7\u00e3o de anivers\u00e1rio 2026\"}]},{\"@type\":\"WebSite\",\"@id\":\"https:\/\/noticiasemdestaque.com\/cd\/#website\",\"url\":\"https:\/\/noticiasemdestaque.com\/cd\/\",\"name\":\"Not&iacute;cias em Destaque\",\"description\":\"\",\"publisher\":{\"@id\":\"https:\/\/noticiasemdestaque.com\/cd\/#organization\"},\"potentialAction\":[{\"@type\":\"SearchAction\",\"target\":{\"@type\":\"EntryPoint\",\"urlTemplate\":\"https:\/\/noticiasemdestaque.com\/cd\/?s={search_term_string}\"},\"query-input\":{\"@type\":\"PropertyValueSpecification\",\"valueRequired\":true,\"valueName\":\"search_term_string\"}}],\"inLanguage\":\"pt-BR\"},{\"@type\":\"Organization\",\"@id\":\"https:\/\/noticiasemdestaque.com\/cd\/#organization\",\"name\":\"Not\u00edcias em Destaque\",\"url\":\"https:\/\/noticiasemdestaque.com\/cd\/\",\"logo\":{\"@type\":\"ImageObject\",\"inLanguage\":\"pt-BR\",\"@id\":\"https:\/\/noticiasemdestaque.com\/cd\/#\/schema\/logo\/image\/\",\"url\":\"https:\/\/noticiasemdestaque.com\/cd\/wp-content\/uploads\/2022\/05\/imagem-base-noticiasemdestaque.png\",\"contentUrl\":\"https:\/\/noticiasemdestaque.com\/cd\/wp-content\/uploads\/2022\/05\/imagem-base-noticiasemdestaque.png\",\"width\":1200,\"height\":630,\"caption\":\"Not\u00edcias em Destaque\"},\"image\":{\"@id\":\"https:\/\/noticiasemdestaque.com\/cd\/#\/schema\/logo\/image\/\"}},{\"@type\":\"Person\",\"@id\":\"https:\/\/noticiasemdestaque.com\/cd\/#\/schema\/person\/9c05c6816b191977f47499b3494ace52\",\"name\":\"Not\u00edcias em Destaque\",\"url\":\"https:\/\/noticiasemdestaque.com\/cd\/?author=2\"}]}<\/script>\n<!-- \/ Yoast SEO plugin. -->","yoast_head_json":{"title":"Coxixola ter\u00e1 noite religiosa com padre Fabr\u00edcio Tim\u00f3teo na programa\u00e7\u00e3o de anivers\u00e1rio 2026 - Not&iacute;cias em Destaque","robots":{"index":"index","follow":"follow","max-snippet":"max-snippet:-1","max-image-preview":"max-image-preview:large","max-video-preview":"max-video-preview:-1"},"canonical":"https:\/\/noticiasemdestaque.com\/cd\/?p=76771","og_locale":"pt_BR","og_type":"article","og_title":"Coxixola ter\u00e1 noite religiosa com padre Fabr\u00edcio Tim\u00f3teo na programa\u00e7\u00e3o de anivers\u00e1rio 2026 - Not&iacute;cias em Destaque","og_description":"O prefeito de Coxixola, Nelsinho Honorato, anunciou que a programa\u00e7\u00e3o de anivers\u00e1rio do munic\u00edpio em 2026 contar\u00e1 com uma noite religiosa especial, marcada por f\u00e9 e celebra\u00e7\u00e3o. De acordo com o gestor, pela primeira vez a cidade receber\u00e1 o padre Fabr\u00edcio Tim\u00f3teo, que apresentar\u00e1 seu show especial em uma noite que promete reunir fi\u00e9is e fam\u00edlias em um grande momento de espiritualidade e b\u00ean\u00e7\u00e3os. Segundo o prefeito, a proposta \u00e9 celebrar o anivers\u00e1rio da cidade n\u00e3o apenas com festividades culturais, mas tamb\u00e9m com um momento de gratid\u00e3o e reflex\u00e3o. A expectativa \u00e9 que o evento re\u00fana moradores de Coxixola e visitantes de toda a regi\u00e3o do Cariri. A gest\u00e3o municipal destacou ainda que a noite religiosa far\u00e1 parte de uma programa\u00e7\u00e3o mais ampla. Nos pr\u00f3ximos dias, a Prefeitura dever\u00e1 divulgar oficialmente a programa\u00e7\u00e3o completa do anivers\u00e1rio 2026, que tamb\u00e9m contar\u00e1 com a tradicional noite de shows culturais. A iniciativa refor\u00e7a o compromisso da administra\u00e7\u00e3o em promover uma festa diversificada, valorizando tanto a f\u00e9 quanto a cultura do povo coxixolense. Noticias em Destaque Fonte: Assessoria","og_url":"https:\/\/noticiasemdestaque.com\/cd\/?p=76771","og_site_name":"Not&iacute;cias em Destaque","article_published_time":"2026-02-27T23:50:27+00:00","og_image":[{"width":768,"height":712,"url":"https:\/\/noticiasemdestaque.com\/cd\/wp-content\/uploads\/2026\/02\/WhatsApp-Image-2026-02-27-at-17.13.35.jpeg","type":"image\/jpeg"}],"author":"Not\u00edcias em Destaque","twitter_card":"summary_large_image","twitter_misc":{"Escrito por":"Not\u00edcias em Destaque","Est. tempo de leitura":"2 minutos"},"schema":{"@context":"https:\/\/schema.org","@graph":[{"@type":"Article","@id":"https:\/\/noticiasemdestaque.com\/cd\/?p=76771#article","isPartOf":{"@id":"https:\/\/noticiasemdestaque.com\/cd\/?p=76771"},"author":{"name":"Not\u00edcias em Destaque","@id":"https:\/\/noticiasemdestaque.com\/cd\/#\/schema\/person\/9c05c6816b191977f47499b3494ace52"},"headline":"Coxixola ter\u00e1 noite religiosa com padre Fabr\u00edcio Tim\u00f3teo na programa\u00e7\u00e3o de anivers\u00e1rio 2026","datePublished":"2026-02-27T23:50:27+00:00","mainEntityOfPage":{"@id":"https:\/\/noticiasemdestaque.com\/cd\/?p=76771"},"wordCount":211,"publisher":{"@id":"https:\/\/noticiasemdestaque.com\/cd\/#organization"},"image":{"@id":"https:\/\/noticiasemdestaque.com\/cd\/?p=76771#primaryimage"},"thumbnailUrl":"https:\/\/noticiasemdestaque.com\/cd\/wp-content\/uploads\/2026\/02\/WhatsApp-Image-2026-02-27-at-17.13.35.jpeg","articleSection":["Pol\u00edtica"],"inLanguage":"pt-BR"},{"@type":"WebPage","@id":"https:\/\/noticiasemdestaque.com\/cd\/?p=76771","url":"https:\/\/noticiasemdestaque.com\/cd\/?p=76771","name":"Coxixola ter\u00e1 noite religiosa com padre Fabr\u00edcio Tim\u00f3teo na programa\u00e7\u00e3o de anivers\u00e1rio 2026 - Not&iacute;cias em Destaque","isPartOf":{"@id":"https:\/\/noticiasemdestaque.com\/cd\/#website"},"primaryImageOfPage":{"@id":"https:\/\/noticiasemdestaque.com\/cd\/?p=76771#primaryimage"},"image":{"@id":"https:\/\/noticiasemdestaque.com\/cd\/?p=76771#primaryimage"},"thumbnailUrl":"https:\/\/noticiasemdestaque.com\/cd\/wp-content\/uploads\/2026\/02\/WhatsApp-Image-2026-02-27-at-17.13.35.jpeg","datePublished":"2026-02-27T23:50:27+00:00","breadcrumb":{"@id":"https:\/\/noticiasemdestaque.com\/cd\/?p=76771#breadcrumb"},"inLanguage":"pt-BR","potentialAction":[{"@type":"ReadAction","target":["https:\/\/noticiasemdestaque.com\/cd\/?p=76771"]}]},{"@type":"ImageObject","inLanguage":"pt-BR","@id":"https:\/\/noticiasemdestaque.com\/cd\/?p=76771#primaryimage","url":"https:\/\/noticiasemdestaque.com\/cd\/wp-content\/uploads\/2026\/02\/WhatsApp-Image-2026-02-27-at-17.13.35.jpeg","contentUrl":"https:\/\/noticiasemdestaque.com\/cd\/wp-content\/uploads\/2026\/02\/WhatsApp-Image-2026-02-27-at-17.13.35.jpeg","width":768,"height":712},{"@type":"BreadcrumbList","@id":"https:\/\/noticiasemdestaque.com\/cd\/?p=76771#breadcrumb","itemListElement":[{"@type":"ListItem","position":1,"name":"In\u00edcio","item":"https:\/\/noticiasemdestaque.com\/cd\/"},{"@type":"ListItem","position":2,"name":"Coxixola ter\u00e1 noite religiosa com padre Fabr\u00edcio Tim\u00f3teo na programa\u00e7\u00e3o de anivers\u00e1rio 2026"}]},{"@type":"WebSite","@id":"https:\/\/noticiasemdestaque.com\/cd\/#website","url":"https:\/\/noticiasemdestaque.com\/cd\/","name":"Not&iacute;cias em Destaque","description":"","publisher":{"@id":"https:\/\/noticiasemdestaque.com\/cd\/#organization"},"potentialAction":[{"@type":"SearchAction","target":{"@type":"EntryPoint","urlTemplate":"https:\/\/noticiasemdestaque.com\/cd\/?s={search_term_string}"},"query-input":{"@type":"PropertyValueSpecification","valueRequired":true,"valueName":"search_term_string"}}],"inLanguage":"pt-BR"},{"@type":"Organization","@id":"https:\/\/noticiasemdestaque.com\/cd\/#organization","name":"Not\u00edcias em Destaque","url":"https:\/\/noticiasemdestaque.com\/cd\/","logo":{"@type":"ImageObject","inLanguage":"pt-BR","@id":"https:\/\/noticiasemdestaque.com\/cd\/#\/schema\/logo\/image\/","url":"https:\/\/noticiasemdestaque.com\/cd\/wp-content\/uploads\/2022\/05\/imagem-base-noticiasemdestaque.png","contentUrl":"https:\/\/noticiasemdestaque.com\/cd\/wp-content\/uploads\/2022\/05\/imagem-base-noticiasemdestaque.png","width":1200,"height":630,"caption":"Not\u00edcias em Destaque"},"image":{"@id":"https:\/\/noticiasemdestaque.com\/cd\/#\/schema\/logo\/image\/"}},{"@type":"Person","@id":"https:\/\/noticiasemdestaque.com\/cd\/#\/schema\/person\/9c05c6816b191977f47499b3494ace52","name":"Not\u00edcias em Destaque","url":"https:\/\/noticiasemdestaque.com\/cd\/?author=2"}]}},"jetpack_featured_media_url":"https:\/\/noticiasemdestaque.com\/cd\/wp-content\/uploads\/2026\/02\/WhatsApp-Image-2026-02-27-at-17.13.35.jpeg","jetpack_sharing_enabled":true,"_links":{"self":[{"href":"https:\/\/noticiasemdestaque.com\/cd\/index.php?rest_route=\/wp\/v2\/posts\/76771","targetHints":{"allow":["GET"]}}],"collection":[{"href":"https:\/\/noticiasemdestaque.com\/cd\/index.php?rest_route=\/wp\/v2\/posts"}],"about":[{"href":"https:\/\/noticiasemdestaque.com\/cd\/index.php?rest_route=\/wp\/v2\/types\/post"}],"author":[{"embeddable":true,"href":"https:\/\/noticiasemdestaque.com\/cd\/index.php?rest_route=\/wp\/v2\/users\/2"}],"replies":[{"embeddable":true,"href":"https:\/\/noticiasemdestaque.com\/cd\/index.php?rest_route=%2Fwp%2Fv2%2Fcomments&post=76771"}],"version-history":[{"count":1,"href":"https:\/\/noticiasemdestaque.com\/cd\/index.php?rest_route=\/wp\/v2\/posts\/76771\/revisions"}],"predecessor-version":[{"id":76773,"href":"https:\/\/noticiasemdestaque.com\/cd\/index.php?rest_route=\/wp\/v2\/posts\/76771\/revisions\/76773"}],"wp:featuredmedia":[{"embeddable":true,"href":"https:\/\/noticiasemdestaque.com\/cd\/index.php?rest_route=\/wp\/v2\/media\/76772"}],"wp:attachment":[{"href":"https:\/\/noticiasemdestaque.com\/cd\/index.php?rest_route=%2Fwp%2Fv2%2Fmedia&parent=76771"}],"wp:term":[{"taxonomy":"category","embeddable":true,"href":"https:\/\/noticiasemdestaque.com\/cd\/index.php?rest_route=%2Fwp%2Fv2%2Fcategories&post=76771"},{"taxonomy":"post_tag","embeddable":true,"href":"https:\/\/noticiasemdestaque.com\/cd\/index.php?rest_route=%2Fwp%2Fv2%2Ftags&post=76771"}],"curies":[{"name":"wp","href":"https:\/\/api.w.org\/{rel}","templated":true}]}}