{"id":7618,"date":"2018-01-26T07:28:26","date_gmt":"2018-01-26T10:28:26","guid":{"rendered":"http:\/\/caririemdestaque.com\/cd\/?p=7618"},"modified":"2018-01-26T07:28:26","modified_gmt":"2018-01-26T10:28:26","slug":"tce-julga-irregulares-despesas-com-obras-de-prefeitura-de-cariri","status":"publish","type":"post","link":"https:\/\/noticiasemdestaque.com\/cd\/?p=7618","title":{"rendered":"TCE julga irregulares despesas com obras de Prefeitura de Cariri"},"content":{"rendered":"<p><a href=\"http:\/\/caririemdestaque.com\/cd\/wp-content\/uploads\/2017\/08\/TCE-300x199.jpg\"><img fetchpriority=\"high\" decoding=\"async\" class=\"size-medium wp-image-3596 alignleft\" src=\"http:\/\/caririemdestaque.com\/cd\/wp-content\/uploads\/2017\/08\/TCE-300x199-300x199.jpg\" alt=\"\" width=\"300\" height=\"199\" \/><\/a>A 1\u00aa C\u00e2mara do Tribunal de Contas da Para\u00edba, em sua primeira sess\u00e3o do exerc\u00edcio 2018, julgou irregulares nesta quinta-feira (25) despesas de R$ 386,3 mil, da prefeitura de Alcantil, no Cariri Paraibano, com obras de constru\u00e7\u00e3o de uma escola com quatro salas de aula, e uma unidade de sa\u00fade, em 2014.<\/p>\n<p>Relator do processo 03827\/15, o conselheiro F\u00e1bio Nogueira tamb\u00e9m prop\u00f4s, e a C\u00e2mara aprovou, imputar ao ex-prefeito do munic\u00edpio, Jos\u00e9 Ademar de Farias, o d\u00e9bito dos valores sem aplica\u00e7\u00e3o devidamente comprovada \u2013 R$ 59,7 mil relativo \u00e0 escola e R$ 326,6 do posto de sa\u00fade. Ainda cabe recurso da decis\u00e3o.<\/p>\n<p>Do mesmo relator, a C\u00e2mara apreciou o processo 13292\/15e acatou recurso de reconsidera\u00e7\u00e3o interposto pelo ex-prefeito de Algod\u00e3o de Janda\u00edra, Humberto dos Santos, e considerou sanadas irregularidades apontadas pelo \u00f3rg\u00e3o auditor do tribunal durante inspe\u00e7\u00e3o de obras no munic\u00edpio, no exerc\u00edcio 2014.<\/p>\n<p>Exames de procedimentos licitat\u00f3rios resultaram, na mesma sess\u00e3o, no julgamento regular do preg\u00e3o presencial 018\/2017, com respectivo contrato de R$ 785 mil, para compra de combust\u00edveis pela prefeitura de Fagundes; e, irregular, do preg\u00e3o 019\/2016, do Fundo Municipal de Sa\u00fade de Santa Rita.<\/p>\n<p>A 1\u00aa C\u00e2mara realizou sua sess\u00e3o n\u00famero 2726 analisando uma pauta de 95 processos relativos, entre outros, a den\u00fancias e representa\u00e7\u00f5es, recursos, atos de pessoal, verifica\u00e7\u00e3o de cumprimento de decis\u00f5es da Corte, e pedidos de aposentadorias e pens\u00f5es de servidores p\u00fablicos ou dependentes.<\/p>\n<p>Em raz\u00e3o da aus\u00eancia justificada, por motivo de f\u00e9rias, do conselheiro Fernando Cat\u00e3o, que preside o colegiado, e do conselheiro substituto Oscar Mamede Santiago Melo, a C\u00e2mara funcionou nesta quinta-feira com as presen\u00e7as dos conselheiros F\u00e1bio Nogueira e Marcos Ant\u00f4nio da Costa, e do conselheiro substituto Renato S\u00e9rgio Santiago Melo. E, tamb\u00e9m, do procurador Manoel Ant\u00f4nio dos Santos Neto, atuando pelo Minist\u00e9rio P\u00fablico de Contas.<\/p>\n<p>&nbsp;<\/p>\n","protected":false},"excerpt":{"rendered":"<p>A 1\u00aa C\u00e2mara do Tribunal de Contas da Para\u00edba, em sua primeira sess\u00e3o do exerc\u00edcio 2018, julgou irregulares nesta quinta-feira (25) despesas de R$ 386,3 mil, da prefeitura de Alcantil, no Cariri Paraibano, com obras de constru\u00e7\u00e3o de uma escola com quatro salas de aula, e uma unidade de sa\u00fade, em 2014. Relator do processo 03827\/15, o conselheiro F\u00e1bio Nogueira tamb\u00e9m prop\u00f4s, e a C\u00e2mara aprovou, imputar ao ex-prefeito do munic\u00edpio, Jos\u00e9 Ademar de Farias, o d\u00e9bito dos valores sem aplica\u00e7\u00e3o devidamente comprovada \u2013 R$ 59,7 mil relativo \u00e0 escola e R$ 326,6 do posto de sa\u00fade. Ainda cabe recurso da decis\u00e3o. Do mesmo relator, a C\u00e2mara apreciou o processo 13292\/15e acatou recurso de reconsidera\u00e7\u00e3o interposto pelo ex-prefeito de Algod\u00e3o de Janda\u00edra, Humberto dos Santos, e considerou sanadas irregularidades apontadas pelo \u00f3rg\u00e3o auditor do tribunal durante inspe\u00e7\u00e3o de obras no munic\u00edpio, no exerc\u00edcio 2014. Exames de procedimentos licitat\u00f3rios resultaram, na mesma sess\u00e3o, no julgamento regular do preg\u00e3o presencial 018\/2017, com respectivo contrato de R$ 785 mil, para compra de combust\u00edveis pela prefeitura de Fagundes; e, irregular, do preg\u00e3o 019\/2016, do Fundo Municipal de Sa\u00fade de Santa Rita. A 1\u00aa C\u00e2mara realizou sua sess\u00e3o n\u00famero 2726 analisando uma pauta de 95 processos relativos, entre outros, a den\u00fancias e representa\u00e7\u00f5es, recursos, atos de pessoal, verifica\u00e7\u00e3o de cumprimento de decis\u00f5es da Corte, e pedidos de aposentadorias e pens\u00f5es de servidores p\u00fablicos ou dependentes. Em raz\u00e3o da aus\u00eancia justificada, por motivo de f\u00e9rias, do conselheiro Fernando Cat\u00e3o, que preside o colegiado, e do conselheiro substituto Oscar Mamede Santiago Melo, a C\u00e2mara funcionou nesta quinta-feira com as presen\u00e7as dos conselheiros F\u00e1bio Nogueira e Marcos Ant\u00f4nio da Costa, e do conselheiro substituto Renato S\u00e9rgio Santiago Melo. E, tamb\u00e9m, do procurador Manoel Ant\u00f4nio dos Santos Neto, atuando pelo Minist\u00e9rio P\u00fablico de Contas. &nbsp;<\/p>\n","protected":false},"author":2,"featured_media":3596,"comment_status":"closed","ping_status":"open","sticky":false,"template":"","format":"standard","meta":{"_eb_attr":"","_jetpack_memberships_contains_paid_content":false,"footnotes":""},"categories":[3],"tags":[],"class_list":["post-7618","post","type-post","status-publish","format-standard","has-post-thumbnail","hentry","category-cidades"],"yoast_head":"<!-- This site is optimized with the Yoast SEO plugin v26.5 - https:\/\/yoast.com\/wordpress\/plugins\/seo\/ -->\n<title>TCE julga irregulares despesas com obras de Prefeitura de Cariri - Not&iacute;cias em Destaque<\/title>\n<meta name=\"robots\" content=\"index, follow, max-snippet:-1, max-image-preview:large, max-video-preview:-1\" \/>\n<link rel=\"canonical\" href=\"https:\/\/noticiasemdestaque.com\/cd\/?p=7618\" \/>\n<meta property=\"og:locale\" content=\"pt_BR\" \/>\n<meta property=\"og:type\" content=\"article\" \/>\n<meta property=\"og:title\" content=\"TCE julga irregulares despesas com obras de Prefeitura de Cariri - Not&iacute;cias em Destaque\" \/>\n<meta property=\"og:description\" content=\"A 1\u00aa C\u00e2mara do Tribunal de Contas da Para\u00edba, em sua primeira sess\u00e3o do exerc\u00edcio 2018, julgou irregulares nesta quinta-feira (25) despesas de R$ 386,3 mil, da prefeitura de Alcantil, no Cariri Paraibano, com obras de constru\u00e7\u00e3o de uma escola com quatro salas de aula, e uma unidade de sa\u00fade, em 2014. Relator do processo 03827\/15, o conselheiro F\u00e1bio Nogueira tamb\u00e9m prop\u00f4s, e a C\u00e2mara aprovou, imputar ao ex-prefeito do munic\u00edpio, Jos\u00e9 Ademar de Farias, o d\u00e9bito dos valores sem aplica\u00e7\u00e3o devidamente comprovada \u2013 R$ 59,7 mil relativo \u00e0 escola e R$ 326,6 do posto de sa\u00fade. Ainda cabe recurso da decis\u00e3o. Do mesmo relator, a C\u00e2mara apreciou o processo 13292\/15e acatou recurso de reconsidera\u00e7\u00e3o interposto pelo ex-prefeito de Algod\u00e3o de Janda\u00edra, Humberto dos Santos, e considerou sanadas irregularidades apontadas pelo \u00f3rg\u00e3o auditor do tribunal durante inspe\u00e7\u00e3o de obras no munic\u00edpio, no exerc\u00edcio 2014. Exames de procedimentos licitat\u00f3rios resultaram, na mesma sess\u00e3o, no julgamento regular do preg\u00e3o presencial 018\/2017, com respectivo contrato de R$ 785 mil, para compra de combust\u00edveis pela prefeitura de Fagundes; e, irregular, do preg\u00e3o 019\/2016, do Fundo Municipal de Sa\u00fade de Santa Rita. A 1\u00aa C\u00e2mara realizou sua sess\u00e3o n\u00famero 2726 analisando uma pauta de 95 processos relativos, entre outros, a den\u00fancias e representa\u00e7\u00f5es, recursos, atos de pessoal, verifica\u00e7\u00e3o de cumprimento de decis\u00f5es da Corte, e pedidos de aposentadorias e pens\u00f5es de servidores p\u00fablicos ou dependentes. Em raz\u00e3o da aus\u00eancia justificada, por motivo de f\u00e9rias, do conselheiro Fernando Cat\u00e3o, que preside o colegiado, e do conselheiro substituto Oscar Mamede Santiago Melo, a C\u00e2mara funcionou nesta quinta-feira com as presen\u00e7as dos conselheiros F\u00e1bio Nogueira e Marcos Ant\u00f4nio da Costa, e do conselheiro substituto Renato S\u00e9rgio Santiago Melo. E, tamb\u00e9m, do procurador Manoel Ant\u00f4nio dos Santos Neto, atuando pelo Minist\u00e9rio P\u00fablico de Contas. &nbsp;\" \/>\n<meta property=\"og:url\" content=\"https:\/\/noticiasemdestaque.com\/cd\/?p=7618\" \/>\n<meta property=\"og:site_name\" content=\"Not&iacute;cias em Destaque\" \/>\n<meta property=\"article:published_time\" content=\"2018-01-26T10:28:26+00:00\" \/>\n<meta property=\"og:image\" content=\"https:\/\/noticiasemdestaque.com\/cd\/wp-content\/uploads\/2017\/08\/TCE-300x199.jpg\" \/>\n\t<meta property=\"og:image:width\" content=\"300\" \/>\n\t<meta property=\"og:image:height\" content=\"199\" \/>\n\t<meta property=\"og:image:type\" content=\"image\/jpeg\" \/>\n<meta name=\"author\" content=\"Not\u00edcias em Destaque\" \/>\n<meta name=\"twitter:card\" content=\"summary_large_image\" \/>\n<meta name=\"twitter:label1\" content=\"Escrito por\" \/>\n\t<meta name=\"twitter:data1\" content=\"Not\u00edcias em Destaque\" \/>\n\t<meta name=\"twitter:label2\" content=\"Est. tempo de leitura\" \/>\n\t<meta name=\"twitter:data2\" content=\"2 minutos\" \/>\n<script type=\"application\/ld+json\" class=\"yoast-schema-graph\">{\"@context\":\"https:\/\/schema.org\",\"@graph\":[{\"@type\":\"Article\",\"@id\":\"https:\/\/noticiasemdestaque.com\/cd\/?p=7618#article\",\"isPartOf\":{\"@id\":\"https:\/\/noticiasemdestaque.com\/cd\/?p=7618\"},\"author\":{\"name\":\"Not\u00edcias em Destaque\",\"@id\":\"https:\/\/noticiasemdestaque.com\/cd\/#\/schema\/person\/21320b03a7e8bb90128938dafc9b908a\"},\"headline\":\"TCE julga irregulares despesas com obras de Prefeitura de Cariri\",\"datePublished\":\"2018-01-26T10:28:26+00:00\",\"mainEntityOfPage\":{\"@id\":\"https:\/\/noticiasemdestaque.com\/cd\/?p=7618\"},\"wordCount\":340,\"publisher\":{\"@id\":\"https:\/\/noticiasemdestaque.com\/cd\/#organization\"},\"image\":{\"@id\":\"https:\/\/noticiasemdestaque.com\/cd\/?p=7618#primaryimage\"},\"thumbnailUrl\":\"https:\/\/noticiasemdestaque.com\/cd\/wp-content\/uploads\/2017\/08\/TCE-300x199.jpg\",\"articleSection\":[\"Cidades\"],\"inLanguage\":\"pt-BR\"},{\"@type\":\"WebPage\",\"@id\":\"https:\/\/noticiasemdestaque.com\/cd\/?p=7618\",\"url\":\"https:\/\/noticiasemdestaque.com\/cd\/?p=7618\",\"name\":\"TCE julga irregulares despesas com obras de Prefeitura de Cariri - Not&iacute;cias em Destaque\",\"isPartOf\":{\"@id\":\"https:\/\/noticiasemdestaque.com\/cd\/#website\"},\"primaryImageOfPage\":{\"@id\":\"https:\/\/noticiasemdestaque.com\/cd\/?p=7618#primaryimage\"},\"image\":{\"@id\":\"https:\/\/noticiasemdestaque.com\/cd\/?p=7618#primaryimage\"},\"thumbnailUrl\":\"https:\/\/noticiasemdestaque.com\/cd\/wp-content\/uploads\/2017\/08\/TCE-300x199.jpg\",\"datePublished\":\"2018-01-26T10:28:26+00:00\",\"breadcrumb\":{\"@id\":\"https:\/\/noticiasemdestaque.com\/cd\/?p=7618#breadcrumb\"},\"inLanguage\":\"pt-BR\",\"potentialAction\":[{\"@type\":\"ReadAction\",\"target\":[\"https:\/\/noticiasemdestaque.com\/cd\/?p=7618\"]}]},{\"@type\":\"ImageObject\",\"inLanguage\":\"pt-BR\",\"@id\":\"https:\/\/noticiasemdestaque.com\/cd\/?p=7618#primaryimage\",\"url\":\"https:\/\/noticiasemdestaque.com\/cd\/wp-content\/uploads\/2017\/08\/TCE-300x199.jpg\",\"contentUrl\":\"https:\/\/noticiasemdestaque.com\/cd\/wp-content\/uploads\/2017\/08\/TCE-300x199.jpg\",\"width\":300,\"height\":199},{\"@type\":\"BreadcrumbList\",\"@id\":\"https:\/\/noticiasemdestaque.com\/cd\/?p=7618#breadcrumb\",\"itemListElement\":[{\"@type\":\"ListItem\",\"position\":1,\"name\":\"In\u00edcio\",\"item\":\"https:\/\/noticiasemdestaque.com\/cd\/\"},{\"@type\":\"ListItem\",\"position\":2,\"name\":\"TCE julga irregulares despesas com obras de Prefeitura de Cariri\"}]},{\"@type\":\"WebSite\",\"@id\":\"https:\/\/noticiasemdestaque.com\/cd\/#website\",\"url\":\"https:\/\/noticiasemdestaque.com\/cd\/\",\"name\":\"Not&iacute;cias em Destaque\",\"description\":\"\",\"publisher\":{\"@id\":\"https:\/\/noticiasemdestaque.com\/cd\/#organization\"},\"potentialAction\":[{\"@type\":\"SearchAction\",\"target\":{\"@type\":\"EntryPoint\",\"urlTemplate\":\"https:\/\/noticiasemdestaque.com\/cd\/?s={search_term_string}\"},\"query-input\":{\"@type\":\"PropertyValueSpecification\",\"valueRequired\":true,\"valueName\":\"search_term_string\"}}],\"inLanguage\":\"pt-BR\"},{\"@type\":\"Organization\",\"@id\":\"https:\/\/noticiasemdestaque.com\/cd\/#organization\",\"name\":\"Not\u00edcias em Destaque\",\"url\":\"https:\/\/noticiasemdestaque.com\/cd\/\",\"logo\":{\"@type\":\"ImageObject\",\"inLanguage\":\"pt-BR\",\"@id\":\"https:\/\/noticiasemdestaque.com\/cd\/#\/schema\/logo\/image\/\",\"url\":\"https:\/\/noticiasemdestaque.com\/cd\/wp-content\/uploads\/2022\/05\/imagem-base-noticiasemdestaque.png\",\"contentUrl\":\"https:\/\/noticiasemdestaque.com\/cd\/wp-content\/uploads\/2022\/05\/imagem-base-noticiasemdestaque.png\",\"width\":1200,\"height\":630,\"caption\":\"Not\u00edcias em Destaque\"},\"image\":{\"@id\":\"https:\/\/noticiasemdestaque.com\/cd\/#\/schema\/logo\/image\/\"}},{\"@type\":\"Person\",\"@id\":\"https:\/\/noticiasemdestaque.com\/cd\/#\/schema\/person\/21320b03a7e8bb90128938dafc9b908a\",\"name\":\"Not\u00edcias em Destaque\",\"url\":\"https:\/\/noticiasemdestaque.com\/cd\/?author=2\"}]}<\/script>\n<!-- \/ Yoast SEO plugin. -->","yoast_head_json":{"title":"TCE julga irregulares despesas com obras de Prefeitura de Cariri - Not&iacute;cias em Destaque","robots":{"index":"index","follow":"follow","max-snippet":"max-snippet:-1","max-image-preview":"max-image-preview:large","max-video-preview":"max-video-preview:-1"},"canonical":"https:\/\/noticiasemdestaque.com\/cd\/?p=7618","og_locale":"pt_BR","og_type":"article","og_title":"TCE julga irregulares despesas com obras de Prefeitura de Cariri - Not&iacute;cias em Destaque","og_description":"A 1\u00aa C\u00e2mara do Tribunal de Contas da Para\u00edba, em sua primeira sess\u00e3o do exerc\u00edcio 2018, julgou irregulares nesta quinta-feira (25) despesas de R$ 386,3 mil, da prefeitura de Alcantil, no Cariri Paraibano, com obras de constru\u00e7\u00e3o de uma escola com quatro salas de aula, e uma unidade de sa\u00fade, em 2014. Relator do processo 03827\/15, o conselheiro F\u00e1bio Nogueira tamb\u00e9m prop\u00f4s, e a C\u00e2mara aprovou, imputar ao ex-prefeito do munic\u00edpio, Jos\u00e9 Ademar de Farias, o d\u00e9bito dos valores sem aplica\u00e7\u00e3o devidamente comprovada \u2013 R$ 59,7 mil relativo \u00e0 escola e R$ 326,6 do posto de sa\u00fade. Ainda cabe recurso da decis\u00e3o. Do mesmo relator, a C\u00e2mara apreciou o processo 13292\/15e acatou recurso de reconsidera\u00e7\u00e3o interposto pelo ex-prefeito de Algod\u00e3o de Janda\u00edra, Humberto dos Santos, e considerou sanadas irregularidades apontadas pelo \u00f3rg\u00e3o auditor do tribunal durante inspe\u00e7\u00e3o de obras no munic\u00edpio, no exerc\u00edcio 2014. Exames de procedimentos licitat\u00f3rios resultaram, na mesma sess\u00e3o, no julgamento regular do preg\u00e3o presencial 018\/2017, com respectivo contrato de R$ 785 mil, para compra de combust\u00edveis pela prefeitura de Fagundes; e, irregular, do preg\u00e3o 019\/2016, do Fundo Municipal de Sa\u00fade de Santa Rita. A 1\u00aa C\u00e2mara realizou sua sess\u00e3o n\u00famero 2726 analisando uma pauta de 95 processos relativos, entre outros, a den\u00fancias e representa\u00e7\u00f5es, recursos, atos de pessoal, verifica\u00e7\u00e3o de cumprimento de decis\u00f5es da Corte, e pedidos de aposentadorias e pens\u00f5es de servidores p\u00fablicos ou dependentes. Em raz\u00e3o da aus\u00eancia justificada, por motivo de f\u00e9rias, do conselheiro Fernando Cat\u00e3o, que preside o colegiado, e do conselheiro substituto Oscar Mamede Santiago Melo, a C\u00e2mara funcionou nesta quinta-feira com as presen\u00e7as dos conselheiros F\u00e1bio Nogueira e Marcos Ant\u00f4nio da Costa, e do conselheiro substituto Renato S\u00e9rgio Santiago Melo. E, tamb\u00e9m, do procurador Manoel Ant\u00f4nio dos Santos Neto, atuando pelo Minist\u00e9rio P\u00fablico de Contas. &nbsp;","og_url":"https:\/\/noticiasemdestaque.com\/cd\/?p=7618","og_site_name":"Not&iacute;cias em Destaque","article_published_time":"2018-01-26T10:28:26+00:00","og_image":[{"width":300,"height":199,"url":"https:\/\/noticiasemdestaque.com\/cd\/wp-content\/uploads\/2017\/08\/TCE-300x199.jpg","type":"image\/jpeg"}],"author":"Not\u00edcias em Destaque","twitter_card":"summary_large_image","twitter_misc":{"Escrito por":"Not\u00edcias em Destaque","Est. tempo de leitura":"2 minutos"},"schema":{"@context":"https:\/\/schema.org","@graph":[{"@type":"Article","@id":"https:\/\/noticiasemdestaque.com\/cd\/?p=7618#article","isPartOf":{"@id":"https:\/\/noticiasemdestaque.com\/cd\/?p=7618"},"author":{"name":"Not\u00edcias em Destaque","@id":"https:\/\/noticiasemdestaque.com\/cd\/#\/schema\/person\/21320b03a7e8bb90128938dafc9b908a"},"headline":"TCE julga irregulares despesas com obras de Prefeitura de Cariri","datePublished":"2018-01-26T10:28:26+00:00","mainEntityOfPage":{"@id":"https:\/\/noticiasemdestaque.com\/cd\/?p=7618"},"wordCount":340,"publisher":{"@id":"https:\/\/noticiasemdestaque.com\/cd\/#organization"},"image":{"@id":"https:\/\/noticiasemdestaque.com\/cd\/?p=7618#primaryimage"},"thumbnailUrl":"https:\/\/noticiasemdestaque.com\/cd\/wp-content\/uploads\/2017\/08\/TCE-300x199.jpg","articleSection":["Cidades"],"inLanguage":"pt-BR"},{"@type":"WebPage","@id":"https:\/\/noticiasemdestaque.com\/cd\/?p=7618","url":"https:\/\/noticiasemdestaque.com\/cd\/?p=7618","name":"TCE julga irregulares despesas com obras de Prefeitura de Cariri - Not&iacute;cias em Destaque","isPartOf":{"@id":"https:\/\/noticiasemdestaque.com\/cd\/#website"},"primaryImageOfPage":{"@id":"https:\/\/noticiasemdestaque.com\/cd\/?p=7618#primaryimage"},"image":{"@id":"https:\/\/noticiasemdestaque.com\/cd\/?p=7618#primaryimage"},"thumbnailUrl":"https:\/\/noticiasemdestaque.com\/cd\/wp-content\/uploads\/2017\/08\/TCE-300x199.jpg","datePublished":"2018-01-26T10:28:26+00:00","breadcrumb":{"@id":"https:\/\/noticiasemdestaque.com\/cd\/?p=7618#breadcrumb"},"inLanguage":"pt-BR","potentialAction":[{"@type":"ReadAction","target":["https:\/\/noticiasemdestaque.com\/cd\/?p=7618"]}]},{"@type":"ImageObject","inLanguage":"pt-BR","@id":"https:\/\/noticiasemdestaque.com\/cd\/?p=7618#primaryimage","url":"https:\/\/noticiasemdestaque.com\/cd\/wp-content\/uploads\/2017\/08\/TCE-300x199.jpg","contentUrl":"https:\/\/noticiasemdestaque.com\/cd\/wp-content\/uploads\/2017\/08\/TCE-300x199.jpg","width":300,"height":199},{"@type":"BreadcrumbList","@id":"https:\/\/noticiasemdestaque.com\/cd\/?p=7618#breadcrumb","itemListElement":[{"@type":"ListItem","position":1,"name":"In\u00edcio","item":"https:\/\/noticiasemdestaque.com\/cd\/"},{"@type":"ListItem","position":2,"name":"TCE julga irregulares despesas com obras de Prefeitura de Cariri"}]},{"@type":"WebSite","@id":"https:\/\/noticiasemdestaque.com\/cd\/#website","url":"https:\/\/noticiasemdestaque.com\/cd\/","name":"Not&iacute;cias em Destaque","description":"","publisher":{"@id":"https:\/\/noticiasemdestaque.com\/cd\/#organization"},"potentialAction":[{"@type":"SearchAction","target":{"@type":"EntryPoint","urlTemplate":"https:\/\/noticiasemdestaque.com\/cd\/?s={search_term_string}"},"query-input":{"@type":"PropertyValueSpecification","valueRequired":true,"valueName":"search_term_string"}}],"inLanguage":"pt-BR"},{"@type":"Organization","@id":"https:\/\/noticiasemdestaque.com\/cd\/#organization","name":"Not\u00edcias em Destaque","url":"https:\/\/noticiasemdestaque.com\/cd\/","logo":{"@type":"ImageObject","inLanguage":"pt-BR","@id":"https:\/\/noticiasemdestaque.com\/cd\/#\/schema\/logo\/image\/","url":"https:\/\/noticiasemdestaque.com\/cd\/wp-content\/uploads\/2022\/05\/imagem-base-noticiasemdestaque.png","contentUrl":"https:\/\/noticiasemdestaque.com\/cd\/wp-content\/uploads\/2022\/05\/imagem-base-noticiasemdestaque.png","width":1200,"height":630,"caption":"Not\u00edcias em Destaque"},"image":{"@id":"https:\/\/noticiasemdestaque.com\/cd\/#\/schema\/logo\/image\/"}},{"@type":"Person","@id":"https:\/\/noticiasemdestaque.com\/cd\/#\/schema\/person\/21320b03a7e8bb90128938dafc9b908a","name":"Not\u00edcias em Destaque","url":"https:\/\/noticiasemdestaque.com\/cd\/?author=2"}]}},"jetpack_featured_media_url":"https:\/\/noticiasemdestaque.com\/cd\/wp-content\/uploads\/2017\/08\/TCE-300x199.jpg","jetpack_sharing_enabled":true,"_links":{"self":[{"href":"https:\/\/noticiasemdestaque.com\/cd\/index.php?rest_route=\/wp\/v2\/posts\/7618","targetHints":{"allow":["GET"]}}],"collection":[{"href":"https:\/\/noticiasemdestaque.com\/cd\/index.php?rest_route=\/wp\/v2\/posts"}],"about":[{"href":"https:\/\/noticiasemdestaque.com\/cd\/index.php?rest_route=\/wp\/v2\/types\/post"}],"author":[{"embeddable":true,"href":"https:\/\/noticiasemdestaque.com\/cd\/index.php?rest_route=\/wp\/v2\/users\/2"}],"replies":[{"embeddable":true,"href":"https:\/\/noticiasemdestaque.com\/cd\/index.php?rest_route=%2Fwp%2Fv2%2Fcomments&post=7618"}],"version-history":[{"count":1,"href":"https:\/\/noticiasemdestaque.com\/cd\/index.php?rest_route=\/wp\/v2\/posts\/7618\/revisions"}],"predecessor-version":[{"id":7619,"href":"https:\/\/noticiasemdestaque.com\/cd\/index.php?rest_route=\/wp\/v2\/posts\/7618\/revisions\/7619"}],"wp:featuredmedia":[{"embeddable":true,"href":"https:\/\/noticiasemdestaque.com\/cd\/index.php?rest_route=\/wp\/v2\/media\/3596"}],"wp:attachment":[{"href":"https:\/\/noticiasemdestaque.com\/cd\/index.php?rest_route=%2Fwp%2Fv2%2Fmedia&parent=7618"}],"wp:term":[{"taxonomy":"category","embeddable":true,"href":"https:\/\/noticiasemdestaque.com\/cd\/index.php?rest_route=%2Fwp%2Fv2%2Fcategories&post=7618"},{"taxonomy":"post_tag","embeddable":true,"href":"https:\/\/noticiasemdestaque.com\/cd\/index.php?rest_route=%2Fwp%2Fv2%2Ftags&post=7618"}],"curies":[{"name":"wp","href":"https:\/\/api.w.org\/{rel}","templated":true}]}}