{"id":7615,"date":"2018-01-26T07:18:44","date_gmt":"2018-01-26T10:18:44","guid":{"rendered":"http:\/\/caririemdestaque.com\/cd\/?p=7615"},"modified":"2018-01-26T07:18:44","modified_gmt":"2018-01-26T10:18:44","slug":"menina-de-10-anos-filma-padrasto-abusando-dela-e-denuncia","status":"publish","type":"post","link":"https:\/\/noticiasemdestaque.com\/cd\/?p=7615","title":{"rendered":"Menina de 10 anos filma padrasto abusando dela e denuncia"},"content":{"rendered":"<figure id=\"attachment_239770\" class=\"wp-caption alignleft\"><a href=\"http:\/\/www.focandoanoticia.com.br\/wp-content\/uploads\/2018\/01\/abuso.jpg\"><img decoding=\"async\" class=\"size-medium wp-image-239770\" src=\"http:\/\/www.focandoanoticia.com.br\/wp-content\/uploads\/2018\/01\/abuso-300x165.jpg\" sizes=\"(max-width: 300px) 100vw, 300px\" srcset=\"http:\/\/www.focandoanoticia.com.br\/wp-content\/uploads\/2018\/01\/abuso-300x165.jpg 300w, http:\/\/www.focandoanoticia.com.br\/wp-content\/uploads\/2018\/01\/abuso-768x422.jpg 768w, http:\/\/www.focandoanoticia.com.br\/wp-content\/uploads\/2018\/01\/abuso-672x372.jpg 672w, http:\/\/www.focandoanoticia.com.br\/wp-content\/uploads\/2018\/01\/abuso.jpg 800w\" alt=\"\" width=\"300\" height=\"165\" data-id=\"239770\" \/><\/a><figcaption class=\"wp-caption-text\">foto ilustrativa<\/figcaption><\/figure>\n<p>A Delegacia da Crian\u00e7a e Adolescente V\u00edtima (Dcav) prendeu na manh\u00e3 desta quinta-feira (25) um homem suspeito de abusar a enteada de 10 anos. Trata-se de um policial militar, de 37 anos, que foi preso dentro do 34\u00ba BPM (Mag\u00e9), na Baixada Fluminense.<\/p>\n<div class=\"green-area t-left t-cont text-center\"><\/div>\n<p>A den\u00fancia de abuso foi feita pela pr\u00f3pria enteada. Segundo depoimento da menina na especializada, os abusos aconteciam desde 2014, quando ela tinha apenas 7 anos. \u201cO crime \u00e9 estupro de vulner\u00e1vel, com pena de reclus\u00e3o de oito a 15 anos\u201d, explicou o delegado adjunto da Dcav, Rodrigo Moreira.<\/p>\n<p>A v\u00edtima fez imagens do pr\u00f3prio abuso com o celular no dia 23 de janeiro. \u201cEla deixou o telefone filmando, mostra ele botando ela no colo dele, passa a m\u00e3o por baixo do vestido dela\u201d, disse o delegado. Com as imagens e depoimentos, o delegado pediu a pris\u00e3o tempor\u00e1ria, concedida pela Justi\u00e7a na noite desta quarta-feira (24).<\/p>\n<p>Segundo a pol\u00edcia civil, o PM j\u00e1 tinha tido problemas por outros delitos: estava na \u00e1rea administrativa do batalh\u00e3o porque em 2017 foi preso por recepta\u00e7\u00e3o pela Pol\u00edcia Rodovi\u00e1ria Federal por dirigir um carro roubado. Agora, o suspeito ser\u00e1 levado para o Batalh\u00e3o Especial Prisional, em Niter\u00f3i, na Regi\u00e3o Metropolitana do Rio.<\/p>\n<p>Fonte: G1<\/p>\n","protected":false},"excerpt":{"rendered":"<p>foto ilustrativa A Delegacia da Crian\u00e7a e Adolescente V\u00edtima (Dcav) prendeu na manh\u00e3 desta quinta-feira (25) um homem suspeito de abusar a enteada de 10 anos. Trata-se de um policial militar, de 37 anos, que foi preso dentro do 34\u00ba BPM (Mag\u00e9), na Baixada Fluminense. A den\u00fancia de abuso foi feita pela pr\u00f3pria enteada. Segundo depoimento da menina na especializada, os abusos aconteciam desde 2014, quando ela tinha apenas 7 anos. \u201cO crime \u00e9 estupro de vulner\u00e1vel, com pena de reclus\u00e3o de oito a 15 anos\u201d, explicou o delegado adjunto da Dcav, Rodrigo Moreira. A v\u00edtima fez imagens do pr\u00f3prio abuso com o celular no dia 23 de janeiro. \u201cEla deixou o telefone filmando, mostra ele botando ela no colo dele, passa a m\u00e3o por baixo do vestido dela\u201d, disse o delegado. Com as imagens e depoimentos, o delegado pediu a pris\u00e3o tempor\u00e1ria, concedida pela Justi\u00e7a na noite desta quarta-feira (24). Segundo a pol\u00edcia civil, o PM j\u00e1 tinha tido problemas por outros delitos: estava na \u00e1rea administrativa do batalh\u00e3o porque em 2017 foi preso por recepta\u00e7\u00e3o pela Pol\u00edcia Rodovi\u00e1ria Federal por dirigir um carro roubado. Agora, o suspeito ser\u00e1 levado para o Batalh\u00e3o Especial Prisional, em Niter\u00f3i, na Regi\u00e3o Metropolitana do Rio. Fonte: G1<\/p>\n","protected":false},"author":2,"featured_media":7616,"comment_status":"closed","ping_status":"open","sticky":false,"template":"","format":"standard","meta":{"_eb_attr":"","_jetpack_memberships_contains_paid_content":false,"footnotes":""},"categories":[1],"tags":[],"class_list":["post-7615","post","type-post","status-publish","format-standard","has-post-thumbnail","hentry","category-uncategorized"],"yoast_head":"<!-- This site is optimized with the Yoast SEO plugin v26.5 - https:\/\/yoast.com\/wordpress\/plugins\/seo\/ -->\n<title>Menina de 10 anos filma padrasto abusando dela e denuncia - Not&iacute;cias em Destaque<\/title>\n<meta name=\"robots\" content=\"index, follow, max-snippet:-1, max-image-preview:large, max-video-preview:-1\" \/>\n<link rel=\"canonical\" href=\"https:\/\/noticiasemdestaque.com\/cd\/?p=7615\" \/>\n<meta property=\"og:locale\" content=\"pt_BR\" \/>\n<meta property=\"og:type\" content=\"article\" \/>\n<meta property=\"og:title\" content=\"Menina de 10 anos filma padrasto abusando dela e denuncia - Not&iacute;cias em Destaque\" \/>\n<meta property=\"og:description\" content=\"foto ilustrativa A Delegacia da Crian\u00e7a e Adolescente V\u00edtima (Dcav) prendeu na manh\u00e3 desta quinta-feira (25) um homem suspeito de abusar a enteada de 10 anos. Trata-se de um policial militar, de 37 anos, que foi preso dentro do 34\u00ba BPM (Mag\u00e9), na Baixada Fluminense. A den\u00fancia de abuso foi feita pela pr\u00f3pria enteada. Segundo depoimento da menina na especializada, os abusos aconteciam desde 2014, quando ela tinha apenas 7 anos. \u201cO crime \u00e9 estupro de vulner\u00e1vel, com pena de reclus\u00e3o de oito a 15 anos\u201d, explicou o delegado adjunto da Dcav, Rodrigo Moreira. A v\u00edtima fez imagens do pr\u00f3prio abuso com o celular no dia 23 de janeiro. \u201cEla deixou o telefone filmando, mostra ele botando ela no colo dele, passa a m\u00e3o por baixo do vestido dela\u201d, disse o delegado. Com as imagens e depoimentos, o delegado pediu a pris\u00e3o tempor\u00e1ria, concedida pela Justi\u00e7a na noite desta quarta-feira (24). Segundo a pol\u00edcia civil, o PM j\u00e1 tinha tido problemas por outros delitos: estava na \u00e1rea administrativa do batalh\u00e3o porque em 2017 foi preso por recepta\u00e7\u00e3o pela Pol\u00edcia Rodovi\u00e1ria Federal por dirigir um carro roubado. Agora, o suspeito ser\u00e1 levado para o Batalh\u00e3o Especial Prisional, em Niter\u00f3i, na Regi\u00e3o Metropolitana do Rio. Fonte: G1\" \/>\n<meta property=\"og:url\" content=\"https:\/\/noticiasemdestaque.com\/cd\/?p=7615\" \/>\n<meta property=\"og:site_name\" content=\"Not&iacute;cias em Destaque\" \/>\n<meta property=\"article:published_time\" content=\"2018-01-26T10:18:44+00:00\" \/>\n<meta property=\"og:image\" content=\"https:\/\/noticiasemdestaque.com\/cd\/wp-content\/uploads\/2018\/01\/abuso.jpg\" \/>\n\t<meta property=\"og:image:width\" content=\"800\" \/>\n\t<meta property=\"og:image:height\" content=\"440\" \/>\n\t<meta property=\"og:image:type\" content=\"image\/jpeg\" \/>\n<meta name=\"author\" content=\"Not\u00edcias em Destaque\" \/>\n<meta name=\"twitter:card\" content=\"summary_large_image\" \/>\n<meta name=\"twitter:label1\" content=\"Escrito por\" \/>\n\t<meta name=\"twitter:data1\" content=\"Not\u00edcias em Destaque\" \/>\n\t<meta name=\"twitter:label2\" content=\"Est. tempo de leitura\" \/>\n\t<meta name=\"twitter:data2\" content=\"1 minuto\" \/>\n<script type=\"application\/ld+json\" class=\"yoast-schema-graph\">{\"@context\":\"https:\/\/schema.org\",\"@graph\":[{\"@type\":\"Article\",\"@id\":\"https:\/\/noticiasemdestaque.com\/cd\/?p=7615#article\",\"isPartOf\":{\"@id\":\"https:\/\/noticiasemdestaque.com\/cd\/?p=7615\"},\"author\":{\"name\":\"Not\u00edcias em Destaque\",\"@id\":\"https:\/\/noticiasemdestaque.com\/cd\/#\/schema\/person\/21320b03a7e8bb90128938dafc9b908a\"},\"headline\":\"Menina de 10 anos filma padrasto abusando dela e denuncia\",\"datePublished\":\"2018-01-26T10:18:44+00:00\",\"mainEntityOfPage\":{\"@id\":\"https:\/\/noticiasemdestaque.com\/cd\/?p=7615\"},\"wordCount\":223,\"publisher\":{\"@id\":\"https:\/\/noticiasemdestaque.com\/cd\/#organization\"},\"image\":{\"@id\":\"https:\/\/noticiasemdestaque.com\/cd\/?p=7615#primaryimage\"},\"thumbnailUrl\":\"https:\/\/noticiasemdestaque.com\/cd\/wp-content\/uploads\/2018\/01\/abuso.jpg\",\"articleSection\":[\"Uncategorized\"],\"inLanguage\":\"pt-BR\"},{\"@type\":\"WebPage\",\"@id\":\"https:\/\/noticiasemdestaque.com\/cd\/?p=7615\",\"url\":\"https:\/\/noticiasemdestaque.com\/cd\/?p=7615\",\"name\":\"Menina de 10 anos filma padrasto abusando dela e denuncia - Not&iacute;cias em Destaque\",\"isPartOf\":{\"@id\":\"https:\/\/noticiasemdestaque.com\/cd\/#website\"},\"primaryImageOfPage\":{\"@id\":\"https:\/\/noticiasemdestaque.com\/cd\/?p=7615#primaryimage\"},\"image\":{\"@id\":\"https:\/\/noticiasemdestaque.com\/cd\/?p=7615#primaryimage\"},\"thumbnailUrl\":\"https:\/\/noticiasemdestaque.com\/cd\/wp-content\/uploads\/2018\/01\/abuso.jpg\",\"datePublished\":\"2018-01-26T10:18:44+00:00\",\"breadcrumb\":{\"@id\":\"https:\/\/noticiasemdestaque.com\/cd\/?p=7615#breadcrumb\"},\"inLanguage\":\"pt-BR\",\"potentialAction\":[{\"@type\":\"ReadAction\",\"target\":[\"https:\/\/noticiasemdestaque.com\/cd\/?p=7615\"]}]},{\"@type\":\"ImageObject\",\"inLanguage\":\"pt-BR\",\"@id\":\"https:\/\/noticiasemdestaque.com\/cd\/?p=7615#primaryimage\",\"url\":\"https:\/\/noticiasemdestaque.com\/cd\/wp-content\/uploads\/2018\/01\/abuso.jpg\",\"contentUrl\":\"https:\/\/noticiasemdestaque.com\/cd\/wp-content\/uploads\/2018\/01\/abuso.jpg\",\"width\":800,\"height\":440,\"caption\":\"foto ilustrativa\"},{\"@type\":\"BreadcrumbList\",\"@id\":\"https:\/\/noticiasemdestaque.com\/cd\/?p=7615#breadcrumb\",\"itemListElement\":[{\"@type\":\"ListItem\",\"position\":1,\"name\":\"In\u00edcio\",\"item\":\"https:\/\/noticiasemdestaque.com\/cd\/\"},{\"@type\":\"ListItem\",\"position\":2,\"name\":\"Menina de 10 anos filma padrasto abusando dela e denuncia\"}]},{\"@type\":\"WebSite\",\"@id\":\"https:\/\/noticiasemdestaque.com\/cd\/#website\",\"url\":\"https:\/\/noticiasemdestaque.com\/cd\/\",\"name\":\"Not&iacute;cias em Destaque\",\"description\":\"\",\"publisher\":{\"@id\":\"https:\/\/noticiasemdestaque.com\/cd\/#organization\"},\"potentialAction\":[{\"@type\":\"SearchAction\",\"target\":{\"@type\":\"EntryPoint\",\"urlTemplate\":\"https:\/\/noticiasemdestaque.com\/cd\/?s={search_term_string}\"},\"query-input\":{\"@type\":\"PropertyValueSpecification\",\"valueRequired\":true,\"valueName\":\"search_term_string\"}}],\"inLanguage\":\"pt-BR\"},{\"@type\":\"Organization\",\"@id\":\"https:\/\/noticiasemdestaque.com\/cd\/#organization\",\"name\":\"Not\u00edcias em Destaque\",\"url\":\"https:\/\/noticiasemdestaque.com\/cd\/\",\"logo\":{\"@type\":\"ImageObject\",\"inLanguage\":\"pt-BR\",\"@id\":\"https:\/\/noticiasemdestaque.com\/cd\/#\/schema\/logo\/image\/\",\"url\":\"https:\/\/noticiasemdestaque.com\/cd\/wp-content\/uploads\/2022\/05\/imagem-base-noticiasemdestaque.png\",\"contentUrl\":\"https:\/\/noticiasemdestaque.com\/cd\/wp-content\/uploads\/2022\/05\/imagem-base-noticiasemdestaque.png\",\"width\":1200,\"height\":630,\"caption\":\"Not\u00edcias em Destaque\"},\"image\":{\"@id\":\"https:\/\/noticiasemdestaque.com\/cd\/#\/schema\/logo\/image\/\"}},{\"@type\":\"Person\",\"@id\":\"https:\/\/noticiasemdestaque.com\/cd\/#\/schema\/person\/21320b03a7e8bb90128938dafc9b908a\",\"name\":\"Not\u00edcias em Destaque\",\"url\":\"https:\/\/noticiasemdestaque.com\/cd\/?author=2\"}]}<\/script>\n<!-- \/ Yoast SEO plugin. -->","yoast_head_json":{"title":"Menina de 10 anos filma padrasto abusando dela e denuncia - Not&iacute;cias em Destaque","robots":{"index":"index","follow":"follow","max-snippet":"max-snippet:-1","max-image-preview":"max-image-preview:large","max-video-preview":"max-video-preview:-1"},"canonical":"https:\/\/noticiasemdestaque.com\/cd\/?p=7615","og_locale":"pt_BR","og_type":"article","og_title":"Menina de 10 anos filma padrasto abusando dela e denuncia - Not&iacute;cias em Destaque","og_description":"foto ilustrativa A Delegacia da Crian\u00e7a e Adolescente V\u00edtima (Dcav) prendeu na manh\u00e3 desta quinta-feira (25) um homem suspeito de abusar a enteada de 10 anos. Trata-se de um policial militar, de 37 anos, que foi preso dentro do 34\u00ba BPM (Mag\u00e9), na Baixada Fluminense. A den\u00fancia de abuso foi feita pela pr\u00f3pria enteada. Segundo depoimento da menina na especializada, os abusos aconteciam desde 2014, quando ela tinha apenas 7 anos. \u201cO crime \u00e9 estupro de vulner\u00e1vel, com pena de reclus\u00e3o de oito a 15 anos\u201d, explicou o delegado adjunto da Dcav, Rodrigo Moreira. A v\u00edtima fez imagens do pr\u00f3prio abuso com o celular no dia 23 de janeiro. \u201cEla deixou o telefone filmando, mostra ele botando ela no colo dele, passa a m\u00e3o por baixo do vestido dela\u201d, disse o delegado. Com as imagens e depoimentos, o delegado pediu a pris\u00e3o tempor\u00e1ria, concedida pela Justi\u00e7a na noite desta quarta-feira (24). Segundo a pol\u00edcia civil, o PM j\u00e1 tinha tido problemas por outros delitos: estava na \u00e1rea administrativa do batalh\u00e3o porque em 2017 foi preso por recepta\u00e7\u00e3o pela Pol\u00edcia Rodovi\u00e1ria Federal por dirigir um carro roubado. Agora, o suspeito ser\u00e1 levado para o Batalh\u00e3o Especial Prisional, em Niter\u00f3i, na Regi\u00e3o Metropolitana do Rio. Fonte: G1","og_url":"https:\/\/noticiasemdestaque.com\/cd\/?p=7615","og_site_name":"Not&iacute;cias em Destaque","article_published_time":"2018-01-26T10:18:44+00:00","og_image":[{"width":800,"height":440,"url":"https:\/\/noticiasemdestaque.com\/cd\/wp-content\/uploads\/2018\/01\/abuso.jpg","type":"image\/jpeg"}],"author":"Not\u00edcias em Destaque","twitter_card":"summary_large_image","twitter_misc":{"Escrito por":"Not\u00edcias em Destaque","Est. tempo de leitura":"1 minuto"},"schema":{"@context":"https:\/\/schema.org","@graph":[{"@type":"Article","@id":"https:\/\/noticiasemdestaque.com\/cd\/?p=7615#article","isPartOf":{"@id":"https:\/\/noticiasemdestaque.com\/cd\/?p=7615"},"author":{"name":"Not\u00edcias em Destaque","@id":"https:\/\/noticiasemdestaque.com\/cd\/#\/schema\/person\/21320b03a7e8bb90128938dafc9b908a"},"headline":"Menina de 10 anos filma padrasto abusando dela e denuncia","datePublished":"2018-01-26T10:18:44+00:00","mainEntityOfPage":{"@id":"https:\/\/noticiasemdestaque.com\/cd\/?p=7615"},"wordCount":223,"publisher":{"@id":"https:\/\/noticiasemdestaque.com\/cd\/#organization"},"image":{"@id":"https:\/\/noticiasemdestaque.com\/cd\/?p=7615#primaryimage"},"thumbnailUrl":"https:\/\/noticiasemdestaque.com\/cd\/wp-content\/uploads\/2018\/01\/abuso.jpg","articleSection":["Uncategorized"],"inLanguage":"pt-BR"},{"@type":"WebPage","@id":"https:\/\/noticiasemdestaque.com\/cd\/?p=7615","url":"https:\/\/noticiasemdestaque.com\/cd\/?p=7615","name":"Menina de 10 anos filma padrasto abusando dela e denuncia - Not&iacute;cias em Destaque","isPartOf":{"@id":"https:\/\/noticiasemdestaque.com\/cd\/#website"},"primaryImageOfPage":{"@id":"https:\/\/noticiasemdestaque.com\/cd\/?p=7615#primaryimage"},"image":{"@id":"https:\/\/noticiasemdestaque.com\/cd\/?p=7615#primaryimage"},"thumbnailUrl":"https:\/\/noticiasemdestaque.com\/cd\/wp-content\/uploads\/2018\/01\/abuso.jpg","datePublished":"2018-01-26T10:18:44+00:00","breadcrumb":{"@id":"https:\/\/noticiasemdestaque.com\/cd\/?p=7615#breadcrumb"},"inLanguage":"pt-BR","potentialAction":[{"@type":"ReadAction","target":["https:\/\/noticiasemdestaque.com\/cd\/?p=7615"]}]},{"@type":"ImageObject","inLanguage":"pt-BR","@id":"https:\/\/noticiasemdestaque.com\/cd\/?p=7615#primaryimage","url":"https:\/\/noticiasemdestaque.com\/cd\/wp-content\/uploads\/2018\/01\/abuso.jpg","contentUrl":"https:\/\/noticiasemdestaque.com\/cd\/wp-content\/uploads\/2018\/01\/abuso.jpg","width":800,"height":440,"caption":"foto ilustrativa"},{"@type":"BreadcrumbList","@id":"https:\/\/noticiasemdestaque.com\/cd\/?p=7615#breadcrumb","itemListElement":[{"@type":"ListItem","position":1,"name":"In\u00edcio","item":"https:\/\/noticiasemdestaque.com\/cd\/"},{"@type":"ListItem","position":2,"name":"Menina de 10 anos filma padrasto abusando dela e denuncia"}]},{"@type":"WebSite","@id":"https:\/\/noticiasemdestaque.com\/cd\/#website","url":"https:\/\/noticiasemdestaque.com\/cd\/","name":"Not&iacute;cias em Destaque","description":"","publisher":{"@id":"https:\/\/noticiasemdestaque.com\/cd\/#organization"},"potentialAction":[{"@type":"SearchAction","target":{"@type":"EntryPoint","urlTemplate":"https:\/\/noticiasemdestaque.com\/cd\/?s={search_term_string}"},"query-input":{"@type":"PropertyValueSpecification","valueRequired":true,"valueName":"search_term_string"}}],"inLanguage":"pt-BR"},{"@type":"Organization","@id":"https:\/\/noticiasemdestaque.com\/cd\/#organization","name":"Not\u00edcias em Destaque","url":"https:\/\/noticiasemdestaque.com\/cd\/","logo":{"@type":"ImageObject","inLanguage":"pt-BR","@id":"https:\/\/noticiasemdestaque.com\/cd\/#\/schema\/logo\/image\/","url":"https:\/\/noticiasemdestaque.com\/cd\/wp-content\/uploads\/2022\/05\/imagem-base-noticiasemdestaque.png","contentUrl":"https:\/\/noticiasemdestaque.com\/cd\/wp-content\/uploads\/2022\/05\/imagem-base-noticiasemdestaque.png","width":1200,"height":630,"caption":"Not\u00edcias em Destaque"},"image":{"@id":"https:\/\/noticiasemdestaque.com\/cd\/#\/schema\/logo\/image\/"}},{"@type":"Person","@id":"https:\/\/noticiasemdestaque.com\/cd\/#\/schema\/person\/21320b03a7e8bb90128938dafc9b908a","name":"Not\u00edcias em Destaque","url":"https:\/\/noticiasemdestaque.com\/cd\/?author=2"}]}},"jetpack_featured_media_url":"https:\/\/noticiasemdestaque.com\/cd\/wp-content\/uploads\/2018\/01\/abuso.jpg","jetpack_sharing_enabled":true,"_links":{"self":[{"href":"https:\/\/noticiasemdestaque.com\/cd\/index.php?rest_route=\/wp\/v2\/posts\/7615","targetHints":{"allow":["GET"]}}],"collection":[{"href":"https:\/\/noticiasemdestaque.com\/cd\/index.php?rest_route=\/wp\/v2\/posts"}],"about":[{"href":"https:\/\/noticiasemdestaque.com\/cd\/index.php?rest_route=\/wp\/v2\/types\/post"}],"author":[{"embeddable":true,"href":"https:\/\/noticiasemdestaque.com\/cd\/index.php?rest_route=\/wp\/v2\/users\/2"}],"replies":[{"embeddable":true,"href":"https:\/\/noticiasemdestaque.com\/cd\/index.php?rest_route=%2Fwp%2Fv2%2Fcomments&post=7615"}],"version-history":[{"count":1,"href":"https:\/\/noticiasemdestaque.com\/cd\/index.php?rest_route=\/wp\/v2\/posts\/7615\/revisions"}],"predecessor-version":[{"id":7617,"href":"https:\/\/noticiasemdestaque.com\/cd\/index.php?rest_route=\/wp\/v2\/posts\/7615\/revisions\/7617"}],"wp:featuredmedia":[{"embeddable":true,"href":"https:\/\/noticiasemdestaque.com\/cd\/index.php?rest_route=\/wp\/v2\/media\/7616"}],"wp:attachment":[{"href":"https:\/\/noticiasemdestaque.com\/cd\/index.php?rest_route=%2Fwp%2Fv2%2Fmedia&parent=7615"}],"wp:term":[{"taxonomy":"category","embeddable":true,"href":"https:\/\/noticiasemdestaque.com\/cd\/index.php?rest_route=%2Fwp%2Fv2%2Fcategories&post=7615"},{"taxonomy":"post_tag","embeddable":true,"href":"https:\/\/noticiasemdestaque.com\/cd\/index.php?rest_route=%2Fwp%2Fv2%2Ftags&post=7615"}],"curies":[{"name":"wp","href":"https:\/\/api.w.org\/{rel}","templated":true}]}}