{"id":7612,"date":"2018-01-26T07:17:14","date_gmt":"2018-01-26T10:17:14","guid":{"rendered":"http:\/\/caririemdestaque.com\/cd\/?p=7612"},"modified":"2018-01-26T07:17:14","modified_gmt":"2018-01-26T10:17:14","slug":"rodovias-federais-na-pb-tem-queda-de-115-no-numero-de-mortes","status":"publish","type":"post","link":"https:\/\/noticiasemdestaque.com\/cd\/?p=7612","title":{"rendered":"Rodovias federais na PB t\u00eam queda de 11,5% no n\u00famero de mortes"},"content":{"rendered":"<p><a href=\"http:\/\/www.focandoanoticia.com.br\/wp-content\/uploads\/2017\/03\/prf.jpg\"><img fetchpriority=\"high\" decoding=\"async\" class=\"alignleft size-medium wp-image-223133\" src=\"http:\/\/www.focandoanoticia.com.br\/wp-content\/uploads\/2017\/03\/prf-300x225.jpg\" sizes=\"(max-width: 300px) 100vw, 300px\" srcset=\"http:\/\/www.focandoanoticia.com.br\/wp-content\/uploads\/2017\/03\/prf-300x225.jpg 300w, http:\/\/www.focandoanoticia.com.br\/wp-content\/uploads\/2017\/03\/prf.jpg 620w\" alt=\"\" width=\"300\" height=\"225\" data-id=\"223133\" \/><\/a>A Pol\u00edcia Rodovi\u00e1ria Federal (PRF) divulgou nesta quinta-feira (25) um balan\u00e7o das a\u00e7\u00f5es policiais e ocorr\u00eancias registradas no ano de 2017. Segundo os dados informados, houve redu\u00e7\u00e3o nos n\u00fameros de acidentes, feridos e mortos em casos registrados nas rodovias federais que cortam o estado da Para\u00edba.<\/p>\n<p>De acordo com o comunicado da PRF, durante o ano de 2017 foram registrados 1.846 acidentes, com 1.764 pessoas feridas e 138 mortes. Desses n\u00fameros, destacam-se a quantidade de mortos e feridos graves que tiveram uma diminui\u00e7\u00e3o se comparados com o resultado do balan\u00e7o anual de 2016. O n\u00famero de feridos graves teve redu\u00e7\u00e3o de 21,7% e, de mortos, 11,5%.<\/p>\n<p>Tamb\u00e9m foi observado que em 2017 as principais causas de acidentes nas rodovias federais na Para\u00edba foram falta de aten\u00e7\u00e3o \u00e0 condu\u00e7\u00e3o, velocidade incompat\u00edvel, n\u00e3o guardar dist\u00e2ncia de seguran\u00e7a e ingest\u00e3o de \u00e1lcool. Os tipos de acidentes que mais geraram mortes foram atropelamento de pedestre, colis\u00e3o traseira, colis\u00e3o frontal e colis\u00e3o transversal.<\/p>\n<p><strong>Fiscaliza\u00e7\u00e3o de tr\u00e2nsito<\/strong><\/p>\n<p>Durante o ano de 2017 a PRF na Para\u00edba fiscalizou 122.098 ve\u00edculos e 126.097 pessoas foram averiguadas nos 1.578 quil\u00f4metros de malha rodovi\u00e1ria federal no Estado, onde foram lavrados 68.245 autos de infra\u00e7\u00e3o de tr\u00e2nsito, com exce\u00e7\u00e3o dos 31.114 ve\u00edculos que foram detectados transitando com velocidade acima da m\u00e1xima permitida que, do mesmo modo, seus propriet\u00e1rios foram notificados. Al\u00e9m disso, foram recolhidos 1.433 animais que se encontravam soltos na pista. Tamb\u00e9m foram realizados 36.353 testes de alcoolemia, com 1.121 condutores reprovados e 162 conduzidos para delegacia de pol\u00edcia por crime de dirigir sob efeito de bebida alco\u00f3lica.<\/p>\n<p>Entre as infra\u00e7\u00f5es mais cometidas est\u00e3o: excesso de velocidade; far\u00f3is apagados durante o dia; ultrapassagem indevida; motociclistas e passageiros sem usar capacete; motoristas e passageiros sem usar cinto de seguran\u00e7a; condutores sem habilita\u00e7\u00e3o; entre outras que contrariam o C\u00f3digo de Tr\u00e2nsito Brasileiro.<\/p>\n<p><strong>Combate ao crime<\/strong><\/p>\n<p>A PRF na Para\u00edba atuou em 336 ocorr\u00eancias de crimes contra a vida e o patrim\u00f4nio. Entre as principais est\u00e3o os casos de assalto a ve\u00edculos, os crimes contra o meio ambiente, contrabando, tr\u00e1fico de drogas e porte ilegal de armas de fogo. Tamb\u00e9m foram realizadas apreens\u00f5es e pris\u00f5es de pessoas por cometimento de outros crimes que tiveram a interfer\u00eancia da PRF durante o per\u00edodo de 2017.<\/p>\n<p>Ainda com rela\u00e7\u00e3o aos crimes, a PRF conduziu 905 pessoas para delegacia de pol\u00edcia em ocorr\u00eancias registradas nas rodovias federais na Para\u00edba. Entre os envolvidos, est\u00e3o: condutores de ve\u00edculos que dirigiam embriagados; pessoas com mandado de pris\u00e3o em aberto; pessoas que cometeram outros crimes de tr\u00e2nsito; por uso de documentos falsos; por tr\u00e1fico de entorpecente e outros tipos de crimes.<\/p>\n<p><strong>Educa\u00e7\u00e3o para o tr\u00e2nsito<\/strong><\/p>\n<p>A PRF na Para\u00edba, atrav\u00e9s do Grupo Regional de Educa\u00e7\u00e3o para o Tr\u00e2nsito \u2013 GRET\/PB, levou conhecimento sobre educa\u00e7\u00e3o e seguran\u00e7a no tr\u00e2nsito para 45.789 pessoas mediante as 338 ocorr\u00eancias realizadas a partir das fiscaliza\u00e7\u00f5es normais na pista, em palestras nas faculdades e col\u00e9gios p\u00fablicos e privados, nas empresas p\u00fablicas e privadas, al\u00e9m de algumas entidades da sociedade civil, inclusive com o emprego do \u2018Cinema Rodovi\u00e1rio\u2019, um \u00f4nibus adaptado para exibi\u00e7\u00e3o de filmes, onde condutores, passageiros, crian\u00e7as e o p\u00fablico em geral s\u00e3o convidados para participar das se\u00e7\u00f5es instrutivas, palestra e discuss\u00f5es sobre educa\u00e7\u00e3o no tr\u00e2nsito.<\/p>\n<p>Tamb\u00e9m, em per\u00edodos distintos, s\u00e3o realizadas pe\u00e7as teatrais e eventos pedag\u00f3gicos, acontecimentos que fazem parte do Festival Estudantil Tem\u00e1tico de Tr\u00e2nsito \u2013 FETRAN, um projeto criado pela PRF, que, em parceria com escolas e secretarias municipais, promove atividades pedag\u00f3gicas associadas \u00e0s manifesta\u00e7\u00f5es art\u00edsticas\/culturais sobre o tr\u00e2nsito.<\/p>\n<p><em><strong>portalcorreio<\/strong><\/em><\/p>\n","protected":false},"excerpt":{"rendered":"<p>A Pol\u00edcia Rodovi\u00e1ria Federal (PRF) divulgou nesta quinta-feira (25) um balan\u00e7o das a\u00e7\u00f5es policiais e ocorr\u00eancias registradas no ano de 2017. Segundo os dados informados, houve redu\u00e7\u00e3o nos n\u00fameros de acidentes, feridos e mortos em casos registrados nas rodovias federais que cortam o estado da Para\u00edba. De acordo com o comunicado da PRF, durante o ano de 2017 foram registrados 1.846 acidentes, com 1.764 pessoas feridas e 138 mortes. Desses n\u00fameros, destacam-se a quantidade de mortos e feridos graves que tiveram uma diminui\u00e7\u00e3o se comparados com o resultado do balan\u00e7o anual de 2016. O n\u00famero de feridos graves teve redu\u00e7\u00e3o de 21,7% e, de mortos, 11,5%. Tamb\u00e9m foi observado que em 2017 as principais causas de acidentes nas rodovias federais na Para\u00edba foram falta de aten\u00e7\u00e3o \u00e0 condu\u00e7\u00e3o, velocidade incompat\u00edvel, n\u00e3o guardar dist\u00e2ncia de seguran\u00e7a e ingest\u00e3o de \u00e1lcool. Os tipos de acidentes que mais geraram mortes foram atropelamento de pedestre, colis\u00e3o traseira, colis\u00e3o frontal e colis\u00e3o transversal. Fiscaliza\u00e7\u00e3o de tr\u00e2nsito Durante o ano de 2017 a PRF na Para\u00edba fiscalizou 122.098 ve\u00edculos e 126.097 pessoas foram averiguadas nos 1.578 quil\u00f4metros de malha rodovi\u00e1ria federal no Estado, onde foram lavrados 68.245 autos de infra\u00e7\u00e3o de tr\u00e2nsito, com exce\u00e7\u00e3o dos 31.114 ve\u00edculos que foram detectados transitando com velocidade acima da m\u00e1xima permitida que, do mesmo modo, seus propriet\u00e1rios foram notificados. Al\u00e9m disso, foram recolhidos 1.433 animais que se encontravam soltos na pista. Tamb\u00e9m foram realizados 36.353 testes de alcoolemia, com 1.121 condutores reprovados e 162 conduzidos para delegacia de pol\u00edcia por crime de dirigir sob efeito de bebida alco\u00f3lica. Entre as infra\u00e7\u00f5es mais cometidas est\u00e3o: excesso de velocidade; far\u00f3is apagados durante o dia; ultrapassagem indevida; motociclistas e passageiros sem usar capacete; motoristas e passageiros sem usar cinto de seguran\u00e7a; condutores sem habilita\u00e7\u00e3o; entre outras que contrariam o C\u00f3digo de Tr\u00e2nsito Brasileiro. Combate ao crime A PRF na Para\u00edba atuou em 336 ocorr\u00eancias de crimes contra a vida e o patrim\u00f4nio. Entre as principais est\u00e3o os casos de assalto a ve\u00edculos, os crimes contra o meio ambiente, contrabando, tr\u00e1fico de drogas e porte ilegal de armas de fogo. Tamb\u00e9m foram realizadas apreens\u00f5es e pris\u00f5es de pessoas por cometimento de outros crimes que tiveram a interfer\u00eancia da PRF durante o per\u00edodo de 2017. Ainda com rela\u00e7\u00e3o aos crimes, a PRF conduziu 905 pessoas para delegacia de pol\u00edcia em ocorr\u00eancias registradas nas rodovias federais na Para\u00edba. Entre os envolvidos, est\u00e3o: condutores de ve\u00edculos que dirigiam embriagados; pessoas com mandado de pris\u00e3o em aberto; pessoas que cometeram outros crimes de tr\u00e2nsito; por uso de documentos falsos; por tr\u00e1fico de entorpecente e outros tipos de crimes. Educa\u00e7\u00e3o para o tr\u00e2nsito A PRF na Para\u00edba, atrav\u00e9s do Grupo Regional de Educa\u00e7\u00e3o para o Tr\u00e2nsito \u2013 GRET\/PB, levou conhecimento sobre educa\u00e7\u00e3o e seguran\u00e7a no tr\u00e2nsito para 45.789 pessoas mediante as 338 ocorr\u00eancias realizadas a partir das fiscaliza\u00e7\u00f5es normais na pista, em palestras nas faculdades e col\u00e9gios p\u00fablicos e privados, nas empresas p\u00fablicas e privadas, al\u00e9m de algumas entidades da sociedade civil, inclusive com o emprego do \u2018Cinema Rodovi\u00e1rio\u2019, um \u00f4nibus adaptado para exibi\u00e7\u00e3o de filmes, onde condutores, passageiros, crian\u00e7as e o p\u00fablico em geral s\u00e3o convidados para participar das se\u00e7\u00f5es instrutivas, palestra e discuss\u00f5es sobre educa\u00e7\u00e3o no tr\u00e2nsito. Tamb\u00e9m, em per\u00edodos distintos, s\u00e3o realizadas pe\u00e7as teatrais e eventos pedag\u00f3gicos, acontecimentos que fazem parte do Festival Estudantil Tem\u00e1tico de Tr\u00e2nsito \u2013 FETRAN, um projeto criado pela PRF, que, em parceria com escolas e secretarias municipais, promove atividades pedag\u00f3gicas associadas \u00e0s manifesta\u00e7\u00f5es art\u00edsticas\/culturais sobre o tr\u00e2nsito. portalcorreio<\/p>\n","protected":false},"author":2,"featured_media":7613,"comment_status":"closed","ping_status":"open","sticky":false,"template":"","format":"standard","meta":{"_eb_attr":"","_jetpack_memberships_contains_paid_content":false,"footnotes":""},"categories":[1],"tags":[],"class_list":["post-7612","post","type-post","status-publish","format-standard","has-post-thumbnail","hentry","category-uncategorized"],"yoast_head":"<!-- This site is optimized with the Yoast SEO plugin v26.5 - https:\/\/yoast.com\/wordpress\/plugins\/seo\/ -->\n<title>Rodovias federais na PB t\u00eam queda de 11,5% no n\u00famero de mortes - Not&iacute;cias em Destaque<\/title>\n<meta name=\"robots\" content=\"index, follow, max-snippet:-1, max-image-preview:large, max-video-preview:-1\" \/>\n<link rel=\"canonical\" href=\"https:\/\/noticiasemdestaque.com\/cd\/?p=7612\" \/>\n<meta property=\"og:locale\" content=\"pt_BR\" \/>\n<meta property=\"og:type\" content=\"article\" \/>\n<meta property=\"og:title\" content=\"Rodovias federais na PB t\u00eam queda de 11,5% no n\u00famero de mortes - Not&iacute;cias em Destaque\" \/>\n<meta property=\"og:description\" content=\"A Pol\u00edcia Rodovi\u00e1ria Federal (PRF) divulgou nesta quinta-feira (25) um balan\u00e7o das a\u00e7\u00f5es policiais e ocorr\u00eancias registradas no ano de 2017. Segundo os dados informados, houve redu\u00e7\u00e3o nos n\u00fameros de acidentes, feridos e mortos em casos registrados nas rodovias federais que cortam o estado da Para\u00edba. De acordo com o comunicado da PRF, durante o ano de 2017 foram registrados 1.846 acidentes, com 1.764 pessoas feridas e 138 mortes. Desses n\u00fameros, destacam-se a quantidade de mortos e feridos graves que tiveram uma diminui\u00e7\u00e3o se comparados com o resultado do balan\u00e7o anual de 2016. O n\u00famero de feridos graves teve redu\u00e7\u00e3o de 21,7% e, de mortos, 11,5%. Tamb\u00e9m foi observado que em 2017 as principais causas de acidentes nas rodovias federais na Para\u00edba foram falta de aten\u00e7\u00e3o \u00e0 condu\u00e7\u00e3o, velocidade incompat\u00edvel, n\u00e3o guardar dist\u00e2ncia de seguran\u00e7a e ingest\u00e3o de \u00e1lcool. Os tipos de acidentes que mais geraram mortes foram atropelamento de pedestre, colis\u00e3o traseira, colis\u00e3o frontal e colis\u00e3o transversal. Fiscaliza\u00e7\u00e3o de tr\u00e2nsito Durante o ano de 2017 a PRF na Para\u00edba fiscalizou 122.098 ve\u00edculos e 126.097 pessoas foram averiguadas nos 1.578 quil\u00f4metros de malha rodovi\u00e1ria federal no Estado, onde foram lavrados 68.245 autos de infra\u00e7\u00e3o de tr\u00e2nsito, com exce\u00e7\u00e3o dos 31.114 ve\u00edculos que foram detectados transitando com velocidade acima da m\u00e1xima permitida que, do mesmo modo, seus propriet\u00e1rios foram notificados. Al\u00e9m disso, foram recolhidos 1.433 animais que se encontravam soltos na pista. Tamb\u00e9m foram realizados 36.353 testes de alcoolemia, com 1.121 condutores reprovados e 162 conduzidos para delegacia de pol\u00edcia por crime de dirigir sob efeito de bebida alco\u00f3lica. Entre as infra\u00e7\u00f5es mais cometidas est\u00e3o: excesso de velocidade; far\u00f3is apagados durante o dia; ultrapassagem indevida; motociclistas e passageiros sem usar capacete; motoristas e passageiros sem usar cinto de seguran\u00e7a; condutores sem habilita\u00e7\u00e3o; entre outras que contrariam o C\u00f3digo de Tr\u00e2nsito Brasileiro. Combate ao crime A PRF na Para\u00edba atuou em 336 ocorr\u00eancias de crimes contra a vida e o patrim\u00f4nio. Entre as principais est\u00e3o os casos de assalto a ve\u00edculos, os crimes contra o meio ambiente, contrabando, tr\u00e1fico de drogas e porte ilegal de armas de fogo. Tamb\u00e9m foram realizadas apreens\u00f5es e pris\u00f5es de pessoas por cometimento de outros crimes que tiveram a interfer\u00eancia da PRF durante o per\u00edodo de 2017. Ainda com rela\u00e7\u00e3o aos crimes, a PRF conduziu 905 pessoas para delegacia de pol\u00edcia em ocorr\u00eancias registradas nas rodovias federais na Para\u00edba. Entre os envolvidos, est\u00e3o: condutores de ve\u00edculos que dirigiam embriagados; pessoas com mandado de pris\u00e3o em aberto; pessoas que cometeram outros crimes de tr\u00e2nsito; por uso de documentos falsos; por tr\u00e1fico de entorpecente e outros tipos de crimes. Educa\u00e7\u00e3o para o tr\u00e2nsito A PRF na Para\u00edba, atrav\u00e9s do Grupo Regional de Educa\u00e7\u00e3o para o Tr\u00e2nsito \u2013 GRET\/PB, levou conhecimento sobre educa\u00e7\u00e3o e seguran\u00e7a no tr\u00e2nsito para 45.789 pessoas mediante as 338 ocorr\u00eancias realizadas a partir das fiscaliza\u00e7\u00f5es normais na pista, em palestras nas faculdades e col\u00e9gios p\u00fablicos e privados, nas empresas p\u00fablicas e privadas, al\u00e9m de algumas entidades da sociedade civil, inclusive com o emprego do \u2018Cinema Rodovi\u00e1rio\u2019, um \u00f4nibus adaptado para exibi\u00e7\u00e3o de filmes, onde condutores, passageiros, crian\u00e7as e o p\u00fablico em geral s\u00e3o convidados para participar das se\u00e7\u00f5es instrutivas, palestra e discuss\u00f5es sobre educa\u00e7\u00e3o no tr\u00e2nsito. Tamb\u00e9m, em per\u00edodos distintos, s\u00e3o realizadas pe\u00e7as teatrais e eventos pedag\u00f3gicos, acontecimentos que fazem parte do Festival Estudantil Tem\u00e1tico de Tr\u00e2nsito \u2013 FETRAN, um projeto criado pela PRF, que, em parceria com escolas e secretarias municipais, promove atividades pedag\u00f3gicas associadas \u00e0s manifesta\u00e7\u00f5es art\u00edsticas\/culturais sobre o tr\u00e2nsito. portalcorreio\" \/>\n<meta property=\"og:url\" content=\"https:\/\/noticiasemdestaque.com\/cd\/?p=7612\" \/>\n<meta property=\"og:site_name\" content=\"Not&iacute;cias em Destaque\" \/>\n<meta property=\"article:published_time\" content=\"2018-01-26T10:17:14+00:00\" \/>\n<meta property=\"og:image\" content=\"https:\/\/noticiasemdestaque.com\/cd\/wp-content\/uploads\/2018\/01\/prf.jpg\" \/>\n\t<meta property=\"og:image:width\" content=\"620\" \/>\n\t<meta property=\"og:image:height\" content=\"465\" \/>\n\t<meta property=\"og:image:type\" content=\"image\/jpeg\" \/>\n<meta name=\"author\" content=\"Not\u00edcias em Destaque\" \/>\n<meta name=\"twitter:card\" content=\"summary_large_image\" \/>\n<meta name=\"twitter:label1\" content=\"Escrito por\" \/>\n\t<meta name=\"twitter:data1\" content=\"Not\u00edcias em Destaque\" \/>\n\t<meta name=\"twitter:label2\" content=\"Est. tempo de leitura\" \/>\n\t<meta name=\"twitter:data2\" content=\"3 minutos\" \/>\n<script type=\"application\/ld+json\" class=\"yoast-schema-graph\">{\"@context\":\"https:\/\/schema.org\",\"@graph\":[{\"@type\":\"Article\",\"@id\":\"https:\/\/noticiasemdestaque.com\/cd\/?p=7612#article\",\"isPartOf\":{\"@id\":\"https:\/\/noticiasemdestaque.com\/cd\/?p=7612\"},\"author\":{\"name\":\"Not\u00edcias em Destaque\",\"@id\":\"https:\/\/noticiasemdestaque.com\/cd\/#\/schema\/person\/21320b03a7e8bb90128938dafc9b908a\"},\"headline\":\"Rodovias federais na PB t\u00eam queda de 11,5% no n\u00famero de mortes\",\"datePublished\":\"2018-01-26T10:17:14+00:00\",\"mainEntityOfPage\":{\"@id\":\"https:\/\/noticiasemdestaque.com\/cd\/?p=7612\"},\"wordCount\":667,\"publisher\":{\"@id\":\"https:\/\/noticiasemdestaque.com\/cd\/#organization\"},\"image\":{\"@id\":\"https:\/\/noticiasemdestaque.com\/cd\/?p=7612#primaryimage\"},\"thumbnailUrl\":\"https:\/\/noticiasemdestaque.com\/cd\/wp-content\/uploads\/2018\/01\/prf.jpg\",\"articleSection\":[\"Uncategorized\"],\"inLanguage\":\"pt-BR\"},{\"@type\":\"WebPage\",\"@id\":\"https:\/\/noticiasemdestaque.com\/cd\/?p=7612\",\"url\":\"https:\/\/noticiasemdestaque.com\/cd\/?p=7612\",\"name\":\"Rodovias federais na PB t\u00eam queda de 11,5% no n\u00famero de mortes - Not&iacute;cias em Destaque\",\"isPartOf\":{\"@id\":\"https:\/\/noticiasemdestaque.com\/cd\/#website\"},\"primaryImageOfPage\":{\"@id\":\"https:\/\/noticiasemdestaque.com\/cd\/?p=7612#primaryimage\"},\"image\":{\"@id\":\"https:\/\/noticiasemdestaque.com\/cd\/?p=7612#primaryimage\"},\"thumbnailUrl\":\"https:\/\/noticiasemdestaque.com\/cd\/wp-content\/uploads\/2018\/01\/prf.jpg\",\"datePublished\":\"2018-01-26T10:17:14+00:00\",\"breadcrumb\":{\"@id\":\"https:\/\/noticiasemdestaque.com\/cd\/?p=7612#breadcrumb\"},\"inLanguage\":\"pt-BR\",\"potentialAction\":[{\"@type\":\"ReadAction\",\"target\":[\"https:\/\/noticiasemdestaque.com\/cd\/?p=7612\"]}]},{\"@type\":\"ImageObject\",\"inLanguage\":\"pt-BR\",\"@id\":\"https:\/\/noticiasemdestaque.com\/cd\/?p=7612#primaryimage\",\"url\":\"https:\/\/noticiasemdestaque.com\/cd\/wp-content\/uploads\/2018\/01\/prf.jpg\",\"contentUrl\":\"https:\/\/noticiasemdestaque.com\/cd\/wp-content\/uploads\/2018\/01\/prf.jpg\",\"width\":620,\"height\":465},{\"@type\":\"BreadcrumbList\",\"@id\":\"https:\/\/noticiasemdestaque.com\/cd\/?p=7612#breadcrumb\",\"itemListElement\":[{\"@type\":\"ListItem\",\"position\":1,\"name\":\"In\u00edcio\",\"item\":\"https:\/\/noticiasemdestaque.com\/cd\/\"},{\"@type\":\"ListItem\",\"position\":2,\"name\":\"Rodovias federais na PB t\u00eam queda de 11,5% no n\u00famero de mortes\"}]},{\"@type\":\"WebSite\",\"@id\":\"https:\/\/noticiasemdestaque.com\/cd\/#website\",\"url\":\"https:\/\/noticiasemdestaque.com\/cd\/\",\"name\":\"Not&iacute;cias em Destaque\",\"description\":\"\",\"publisher\":{\"@id\":\"https:\/\/noticiasemdestaque.com\/cd\/#organization\"},\"potentialAction\":[{\"@type\":\"SearchAction\",\"target\":{\"@type\":\"EntryPoint\",\"urlTemplate\":\"https:\/\/noticiasemdestaque.com\/cd\/?s={search_term_string}\"},\"query-input\":{\"@type\":\"PropertyValueSpecification\",\"valueRequired\":true,\"valueName\":\"search_term_string\"}}],\"inLanguage\":\"pt-BR\"},{\"@type\":\"Organization\",\"@id\":\"https:\/\/noticiasemdestaque.com\/cd\/#organization\",\"name\":\"Not\u00edcias em Destaque\",\"url\":\"https:\/\/noticiasemdestaque.com\/cd\/\",\"logo\":{\"@type\":\"ImageObject\",\"inLanguage\":\"pt-BR\",\"@id\":\"https:\/\/noticiasemdestaque.com\/cd\/#\/schema\/logo\/image\/\",\"url\":\"https:\/\/noticiasemdestaque.com\/cd\/wp-content\/uploads\/2022\/05\/imagem-base-noticiasemdestaque.png\",\"contentUrl\":\"https:\/\/noticiasemdestaque.com\/cd\/wp-content\/uploads\/2022\/05\/imagem-base-noticiasemdestaque.png\",\"width\":1200,\"height\":630,\"caption\":\"Not\u00edcias em Destaque\"},\"image\":{\"@id\":\"https:\/\/noticiasemdestaque.com\/cd\/#\/schema\/logo\/image\/\"}},{\"@type\":\"Person\",\"@id\":\"https:\/\/noticiasemdestaque.com\/cd\/#\/schema\/person\/21320b03a7e8bb90128938dafc9b908a\",\"name\":\"Not\u00edcias em Destaque\",\"url\":\"https:\/\/noticiasemdestaque.com\/cd\/?author=2\"}]}<\/script>\n<!-- \/ Yoast SEO plugin. -->","yoast_head_json":{"title":"Rodovias federais na PB t\u00eam queda de 11,5% no n\u00famero de mortes - Not&iacute;cias em Destaque","robots":{"index":"index","follow":"follow","max-snippet":"max-snippet:-1","max-image-preview":"max-image-preview:large","max-video-preview":"max-video-preview:-1"},"canonical":"https:\/\/noticiasemdestaque.com\/cd\/?p=7612","og_locale":"pt_BR","og_type":"article","og_title":"Rodovias federais na PB t\u00eam queda de 11,5% no n\u00famero de mortes - Not&iacute;cias em Destaque","og_description":"A Pol\u00edcia Rodovi\u00e1ria Federal (PRF) divulgou nesta quinta-feira (25) um balan\u00e7o das a\u00e7\u00f5es policiais e ocorr\u00eancias registradas no ano de 2017. Segundo os dados informados, houve redu\u00e7\u00e3o nos n\u00fameros de acidentes, feridos e mortos em casos registrados nas rodovias federais que cortam o estado da Para\u00edba. De acordo com o comunicado da PRF, durante o ano de 2017 foram registrados 1.846 acidentes, com 1.764 pessoas feridas e 138 mortes. Desses n\u00fameros, destacam-se a quantidade de mortos e feridos graves que tiveram uma diminui\u00e7\u00e3o se comparados com o resultado do balan\u00e7o anual de 2016. O n\u00famero de feridos graves teve redu\u00e7\u00e3o de 21,7% e, de mortos, 11,5%. Tamb\u00e9m foi observado que em 2017 as principais causas de acidentes nas rodovias federais na Para\u00edba foram falta de aten\u00e7\u00e3o \u00e0 condu\u00e7\u00e3o, velocidade incompat\u00edvel, n\u00e3o guardar dist\u00e2ncia de seguran\u00e7a e ingest\u00e3o de \u00e1lcool. Os tipos de acidentes que mais geraram mortes foram atropelamento de pedestre, colis\u00e3o traseira, colis\u00e3o frontal e colis\u00e3o transversal. Fiscaliza\u00e7\u00e3o de tr\u00e2nsito Durante o ano de 2017 a PRF na Para\u00edba fiscalizou 122.098 ve\u00edculos e 126.097 pessoas foram averiguadas nos 1.578 quil\u00f4metros de malha rodovi\u00e1ria federal no Estado, onde foram lavrados 68.245 autos de infra\u00e7\u00e3o de tr\u00e2nsito, com exce\u00e7\u00e3o dos 31.114 ve\u00edculos que foram detectados transitando com velocidade acima da m\u00e1xima permitida que, do mesmo modo, seus propriet\u00e1rios foram notificados. Al\u00e9m disso, foram recolhidos 1.433 animais que se encontravam soltos na pista. Tamb\u00e9m foram realizados 36.353 testes de alcoolemia, com 1.121 condutores reprovados e 162 conduzidos para delegacia de pol\u00edcia por crime de dirigir sob efeito de bebida alco\u00f3lica. Entre as infra\u00e7\u00f5es mais cometidas est\u00e3o: excesso de velocidade; far\u00f3is apagados durante o dia; ultrapassagem indevida; motociclistas e passageiros sem usar capacete; motoristas e passageiros sem usar cinto de seguran\u00e7a; condutores sem habilita\u00e7\u00e3o; entre outras que contrariam o C\u00f3digo de Tr\u00e2nsito Brasileiro. Combate ao crime A PRF na Para\u00edba atuou em 336 ocorr\u00eancias de crimes contra a vida e o patrim\u00f4nio. Entre as principais est\u00e3o os casos de assalto a ve\u00edculos, os crimes contra o meio ambiente, contrabando, tr\u00e1fico de drogas e porte ilegal de armas de fogo. Tamb\u00e9m foram realizadas apreens\u00f5es e pris\u00f5es de pessoas por cometimento de outros crimes que tiveram a interfer\u00eancia da PRF durante o per\u00edodo de 2017. Ainda com rela\u00e7\u00e3o aos crimes, a PRF conduziu 905 pessoas para delegacia de pol\u00edcia em ocorr\u00eancias registradas nas rodovias federais na Para\u00edba. Entre os envolvidos, est\u00e3o: condutores de ve\u00edculos que dirigiam embriagados; pessoas com mandado de pris\u00e3o em aberto; pessoas que cometeram outros crimes de tr\u00e2nsito; por uso de documentos falsos; por tr\u00e1fico de entorpecente e outros tipos de crimes. Educa\u00e7\u00e3o para o tr\u00e2nsito A PRF na Para\u00edba, atrav\u00e9s do Grupo Regional de Educa\u00e7\u00e3o para o Tr\u00e2nsito \u2013 GRET\/PB, levou conhecimento sobre educa\u00e7\u00e3o e seguran\u00e7a no tr\u00e2nsito para 45.789 pessoas mediante as 338 ocorr\u00eancias realizadas a partir das fiscaliza\u00e7\u00f5es normais na pista, em palestras nas faculdades e col\u00e9gios p\u00fablicos e privados, nas empresas p\u00fablicas e privadas, al\u00e9m de algumas entidades da sociedade civil, inclusive com o emprego do \u2018Cinema Rodovi\u00e1rio\u2019, um \u00f4nibus adaptado para exibi\u00e7\u00e3o de filmes, onde condutores, passageiros, crian\u00e7as e o p\u00fablico em geral s\u00e3o convidados para participar das se\u00e7\u00f5es instrutivas, palestra e discuss\u00f5es sobre educa\u00e7\u00e3o no tr\u00e2nsito. Tamb\u00e9m, em per\u00edodos distintos, s\u00e3o realizadas pe\u00e7as teatrais e eventos pedag\u00f3gicos, acontecimentos que fazem parte do Festival Estudantil Tem\u00e1tico de Tr\u00e2nsito \u2013 FETRAN, um projeto criado pela PRF, que, em parceria com escolas e secretarias municipais, promove atividades pedag\u00f3gicas associadas \u00e0s manifesta\u00e7\u00f5es art\u00edsticas\/culturais sobre o tr\u00e2nsito. portalcorreio","og_url":"https:\/\/noticiasemdestaque.com\/cd\/?p=7612","og_site_name":"Not&iacute;cias em Destaque","article_published_time":"2018-01-26T10:17:14+00:00","og_image":[{"width":620,"height":465,"url":"https:\/\/noticiasemdestaque.com\/cd\/wp-content\/uploads\/2018\/01\/prf.jpg","type":"image\/jpeg"}],"author":"Not\u00edcias em Destaque","twitter_card":"summary_large_image","twitter_misc":{"Escrito por":"Not\u00edcias em Destaque","Est. tempo de leitura":"3 minutos"},"schema":{"@context":"https:\/\/schema.org","@graph":[{"@type":"Article","@id":"https:\/\/noticiasemdestaque.com\/cd\/?p=7612#article","isPartOf":{"@id":"https:\/\/noticiasemdestaque.com\/cd\/?p=7612"},"author":{"name":"Not\u00edcias em Destaque","@id":"https:\/\/noticiasemdestaque.com\/cd\/#\/schema\/person\/21320b03a7e8bb90128938dafc9b908a"},"headline":"Rodovias federais na PB t\u00eam queda de 11,5% no n\u00famero de mortes","datePublished":"2018-01-26T10:17:14+00:00","mainEntityOfPage":{"@id":"https:\/\/noticiasemdestaque.com\/cd\/?p=7612"},"wordCount":667,"publisher":{"@id":"https:\/\/noticiasemdestaque.com\/cd\/#organization"},"image":{"@id":"https:\/\/noticiasemdestaque.com\/cd\/?p=7612#primaryimage"},"thumbnailUrl":"https:\/\/noticiasemdestaque.com\/cd\/wp-content\/uploads\/2018\/01\/prf.jpg","articleSection":["Uncategorized"],"inLanguage":"pt-BR"},{"@type":"WebPage","@id":"https:\/\/noticiasemdestaque.com\/cd\/?p=7612","url":"https:\/\/noticiasemdestaque.com\/cd\/?p=7612","name":"Rodovias federais na PB t\u00eam queda de 11,5% no n\u00famero de mortes - Not&iacute;cias em Destaque","isPartOf":{"@id":"https:\/\/noticiasemdestaque.com\/cd\/#website"},"primaryImageOfPage":{"@id":"https:\/\/noticiasemdestaque.com\/cd\/?p=7612#primaryimage"},"image":{"@id":"https:\/\/noticiasemdestaque.com\/cd\/?p=7612#primaryimage"},"thumbnailUrl":"https:\/\/noticiasemdestaque.com\/cd\/wp-content\/uploads\/2018\/01\/prf.jpg","datePublished":"2018-01-26T10:17:14+00:00","breadcrumb":{"@id":"https:\/\/noticiasemdestaque.com\/cd\/?p=7612#breadcrumb"},"inLanguage":"pt-BR","potentialAction":[{"@type":"ReadAction","target":["https:\/\/noticiasemdestaque.com\/cd\/?p=7612"]}]},{"@type":"ImageObject","inLanguage":"pt-BR","@id":"https:\/\/noticiasemdestaque.com\/cd\/?p=7612#primaryimage","url":"https:\/\/noticiasemdestaque.com\/cd\/wp-content\/uploads\/2018\/01\/prf.jpg","contentUrl":"https:\/\/noticiasemdestaque.com\/cd\/wp-content\/uploads\/2018\/01\/prf.jpg","width":620,"height":465},{"@type":"BreadcrumbList","@id":"https:\/\/noticiasemdestaque.com\/cd\/?p=7612#breadcrumb","itemListElement":[{"@type":"ListItem","position":1,"name":"In\u00edcio","item":"https:\/\/noticiasemdestaque.com\/cd\/"},{"@type":"ListItem","position":2,"name":"Rodovias federais na PB t\u00eam queda de 11,5% no n\u00famero de mortes"}]},{"@type":"WebSite","@id":"https:\/\/noticiasemdestaque.com\/cd\/#website","url":"https:\/\/noticiasemdestaque.com\/cd\/","name":"Not&iacute;cias em Destaque","description":"","publisher":{"@id":"https:\/\/noticiasemdestaque.com\/cd\/#organization"},"potentialAction":[{"@type":"SearchAction","target":{"@type":"EntryPoint","urlTemplate":"https:\/\/noticiasemdestaque.com\/cd\/?s={search_term_string}"},"query-input":{"@type":"PropertyValueSpecification","valueRequired":true,"valueName":"search_term_string"}}],"inLanguage":"pt-BR"},{"@type":"Organization","@id":"https:\/\/noticiasemdestaque.com\/cd\/#organization","name":"Not\u00edcias em Destaque","url":"https:\/\/noticiasemdestaque.com\/cd\/","logo":{"@type":"ImageObject","inLanguage":"pt-BR","@id":"https:\/\/noticiasemdestaque.com\/cd\/#\/schema\/logo\/image\/","url":"https:\/\/noticiasemdestaque.com\/cd\/wp-content\/uploads\/2022\/05\/imagem-base-noticiasemdestaque.png","contentUrl":"https:\/\/noticiasemdestaque.com\/cd\/wp-content\/uploads\/2022\/05\/imagem-base-noticiasemdestaque.png","width":1200,"height":630,"caption":"Not\u00edcias em Destaque"},"image":{"@id":"https:\/\/noticiasemdestaque.com\/cd\/#\/schema\/logo\/image\/"}},{"@type":"Person","@id":"https:\/\/noticiasemdestaque.com\/cd\/#\/schema\/person\/21320b03a7e8bb90128938dafc9b908a","name":"Not\u00edcias em Destaque","url":"https:\/\/noticiasemdestaque.com\/cd\/?author=2"}]}},"jetpack_featured_media_url":"https:\/\/noticiasemdestaque.com\/cd\/wp-content\/uploads\/2018\/01\/prf.jpg","jetpack_sharing_enabled":true,"_links":{"self":[{"href":"https:\/\/noticiasemdestaque.com\/cd\/index.php?rest_route=\/wp\/v2\/posts\/7612","targetHints":{"allow":["GET"]}}],"collection":[{"href":"https:\/\/noticiasemdestaque.com\/cd\/index.php?rest_route=\/wp\/v2\/posts"}],"about":[{"href":"https:\/\/noticiasemdestaque.com\/cd\/index.php?rest_route=\/wp\/v2\/types\/post"}],"author":[{"embeddable":true,"href":"https:\/\/noticiasemdestaque.com\/cd\/index.php?rest_route=\/wp\/v2\/users\/2"}],"replies":[{"embeddable":true,"href":"https:\/\/noticiasemdestaque.com\/cd\/index.php?rest_route=%2Fwp%2Fv2%2Fcomments&post=7612"}],"version-history":[{"count":1,"href":"https:\/\/noticiasemdestaque.com\/cd\/index.php?rest_route=\/wp\/v2\/posts\/7612\/revisions"}],"predecessor-version":[{"id":7614,"href":"https:\/\/noticiasemdestaque.com\/cd\/index.php?rest_route=\/wp\/v2\/posts\/7612\/revisions\/7614"}],"wp:featuredmedia":[{"embeddable":true,"href":"https:\/\/noticiasemdestaque.com\/cd\/index.php?rest_route=\/wp\/v2\/media\/7613"}],"wp:attachment":[{"href":"https:\/\/noticiasemdestaque.com\/cd\/index.php?rest_route=%2Fwp%2Fv2%2Fmedia&parent=7612"}],"wp:term":[{"taxonomy":"category","embeddable":true,"href":"https:\/\/noticiasemdestaque.com\/cd\/index.php?rest_route=%2Fwp%2Fv2%2Fcategories&post=7612"},{"taxonomy":"post_tag","embeddable":true,"href":"https:\/\/noticiasemdestaque.com\/cd\/index.php?rest_route=%2Fwp%2Fv2%2Ftags&post=7612"}],"curies":[{"name":"wp","href":"https:\/\/api.w.org\/{rel}","templated":true}]}}