{"id":7609,"date":"2018-01-26T07:14:35","date_gmt":"2018-01-26T10:14:35","guid":{"rendered":"http:\/\/caririemdestaque.com\/cd\/?p=7609"},"modified":"2018-01-26T07:14:35","modified_gmt":"2018-01-26T10:14:35","slug":"dor-na-coluna-e-outras-doencas-podem-estar-relacionadas-com-problemas-odontologicos","status":"publish","type":"post","link":"https:\/\/noticiasemdestaque.com\/cd\/?p=7609","title":{"rendered":"Dor na coluna e outras doen\u00e7as podem estar relacionadas com problemas odontol\u00f3gicos"},"content":{"rendered":"<figure id=\"attachment_7610\" aria-describedby=\"caption-attachment-7610\" style=\"width: 245px\" class=\"wp-caption alignleft\"><a href=\"http:\/\/caririemdestaque.com\/cd\/wp-content\/uploads\/2018\/01\/odonto.jpg\"><img decoding=\"async\" class=\" wp-image-7610\" src=\"http:\/\/caririemdestaque.com\/cd\/wp-content\/uploads\/2018\/01\/odonto-300x225.jpg\" alt=\"\" width=\"245\" height=\"184\" srcset=\"https:\/\/noticiasemdestaque.com\/cd\/wp-content\/uploads\/2018\/01\/odonto-300x225.jpg 300w, https:\/\/noticiasemdestaque.com\/cd\/wp-content\/uploads\/2018\/01\/odonto-640x480.jpg 640w, https:\/\/noticiasemdestaque.com\/cd\/wp-content\/uploads\/2018\/01\/odonto.jpg 694w\" sizes=\"(max-width: 245px) 100vw, 245px\" \/><\/a><figcaption id=\"caption-attachment-7610\" class=\"wp-caption-text\">Foto ilustrativa: Reprodu\u00e7\u00e3o\/ Internet<\/figcaption><\/figure>\n<p>A funcion\u00e1ria p\u00fablica Alcineide Martins, 43 anos, estava se sentindo incomodada com uma dor na coluna que a acompanhava havia cerca de um ano. Procurou v\u00e1rios especialistas e n\u00e3o conseguiu diagnosticar a causa do problema. At\u00e9 que ela precisou ir ao dentista fazer um tratamento de um canal e acabou descobrindo que a dor que sentia nas costas poderia ser tratada pelo dentista, j\u00e1 que o desconforto estava sendo causado por ela mastigar de forma incorreta.<\/p>\n<p>O caso de Alcineide parece incomum, mas, de acordo com a cirurgi\u00e3 dentista\u00a0Mar\u00edlia\u00a0Pessoa, tem sido cada vez mais constante se deparar com pacientes que precisam da interven\u00e7\u00e3o de dentistas para tratar de doen\u00e7as que n\u00e3o estariam relacionadas a problemas odontol\u00f3gicos inicialmente, como dor na coluna, dor plantar e dores em outras partes do corpo tamb\u00e9m.<\/p>\n<p>Ainda de acordo com a dentista, estudos revelam que mudan\u00e7as na oclus\u00e3o dent\u00e1ria podem influenciar negativamente na manuten\u00e7\u00e3o do equil\u00edbrio homeost\u00e1tico corporal, assim como as estruturas maxilofaciais podem sofrer influ\u00eancia de outras partes do corpo.<\/p>\n<p>\u201cO dentista, ao avaliar o paciente, pode identificar altera\u00e7\u00f5es na cavidade oral que ser\u00e3o essenciais para o diagn\u00f3stico de doen\u00e7as que, a princ\u00edpio,\u00a0n\u00e3o pareciam ter origem odontol\u00f3gica. Podemos citar como exemplo a perda de um dente, uma mastiga\u00e7\u00e3o unilateral prolongada, um contato dent\u00e1rio prematuro al\u00e9m de v\u00e1rias outras altera\u00e7\u00f5es que podem desencadear uma s\u00e9rie de rea\u00e7\u00f5es e provocar in\u00fameros dist\u00farbios\u201d, exemplificou a cirurgi\u00e3 dentista.<\/p>\n<p>Doen\u00e7as como apneia do sono, s\u00edndrome de dor miofascial, doen\u00e7as da coluna, desigualdade de comprimento de pernas e postura incorreta da cabe\u00e7a, por exemplo, podem estar relacionadas com problemas de origem odontol\u00f3gica.<\/p>\n<p>Nesse caso, se faz necess\u00e1rio o acompanhamento com profissionais especializados que possam identificar a causa dos males e ajudar a resolv\u00ea-los, uma vez que, conforme Mar\u00edlia Pessoa, \u201ca odontologia moderna n\u00e3o se resume mais a tratar dos dentes da pessoa, mas a olhar o indiv\u00edduo de forma mais ampla numa abordagem integrativa e multidisciplinar, visando devolver ao indiv\u00edduo o equil\u00edbrio biopsiquicoemocional e qualidade de vida\u201d.<\/p>\n","protected":false},"excerpt":{"rendered":"<p>A funcion\u00e1ria p\u00fablica Alcineide Martins, 43 anos, estava se sentindo incomodada com uma dor na coluna que a acompanhava havia cerca de um ano. Procurou v\u00e1rios especialistas e n\u00e3o conseguiu diagnosticar a causa do problema. At\u00e9 que ela precisou ir ao dentista fazer um tratamento de um canal e acabou descobrindo que a dor que sentia nas costas poderia ser tratada pelo dentista, j\u00e1 que o desconforto estava sendo causado por ela mastigar de forma incorreta. O caso de Alcineide parece incomum, mas, de acordo com a cirurgi\u00e3 dentista\u00a0Mar\u00edlia\u00a0Pessoa, tem sido cada vez mais constante se deparar com pacientes que precisam da interven\u00e7\u00e3o de dentistas para tratar de doen\u00e7as que n\u00e3o estariam relacionadas a problemas odontol\u00f3gicos inicialmente, como dor na coluna, dor plantar e dores em outras partes do corpo tamb\u00e9m. Ainda de acordo com a dentista, estudos revelam que mudan\u00e7as na oclus\u00e3o dent\u00e1ria podem influenciar negativamente na manuten\u00e7\u00e3o do equil\u00edbrio homeost\u00e1tico corporal, assim como as estruturas maxilofaciais podem sofrer influ\u00eancia de outras partes do corpo. \u201cO dentista, ao avaliar o paciente, pode identificar altera\u00e7\u00f5es na cavidade oral que ser\u00e3o essenciais para o diagn\u00f3stico de doen\u00e7as que, a princ\u00edpio,\u00a0n\u00e3o pareciam ter origem odontol\u00f3gica. Podemos citar como exemplo a perda de um dente, uma mastiga\u00e7\u00e3o unilateral prolongada, um contato dent\u00e1rio prematuro al\u00e9m de v\u00e1rias outras altera\u00e7\u00f5es que podem desencadear uma s\u00e9rie de rea\u00e7\u00f5es e provocar in\u00fameros dist\u00farbios\u201d, exemplificou a cirurgi\u00e3 dentista. Doen\u00e7as como apneia do sono, s\u00edndrome de dor miofascial, doen\u00e7as da coluna, desigualdade de comprimento de pernas e postura incorreta da cabe\u00e7a, por exemplo, podem estar relacionadas com problemas de origem odontol\u00f3gica. Nesse caso, se faz necess\u00e1rio o acompanhamento com profissionais especializados que possam identificar a causa dos males e ajudar a resolv\u00ea-los, uma vez que, conforme Mar\u00edlia Pessoa, \u201ca odontologia moderna n\u00e3o se resume mais a tratar dos dentes da pessoa, mas a olhar o indiv\u00edduo de forma mais ampla numa abordagem integrativa e multidisciplinar, visando devolver ao indiv\u00edduo o equil\u00edbrio biopsiquicoemocional e qualidade de vida\u201d.<\/p>\n","protected":false},"author":2,"featured_media":7610,"comment_status":"closed","ping_status":"open","sticky":false,"template":"","format":"standard","meta":{"_eb_attr":"","_jetpack_memberships_contains_paid_content":false,"footnotes":""},"categories":[8],"tags":[],"class_list":["post-7609","post","type-post","status-publish","format-standard","has-post-thumbnail","hentry","category-saude"],"yoast_head":"<!-- This site is optimized with the Yoast SEO plugin v26.5 - https:\/\/yoast.com\/wordpress\/plugins\/seo\/ -->\n<title>Dor na coluna e outras doen\u00e7as podem estar relacionadas com problemas odontol\u00f3gicos - Not&iacute;cias em Destaque<\/title>\n<meta name=\"robots\" content=\"index, follow, max-snippet:-1, max-image-preview:large, max-video-preview:-1\" \/>\n<link rel=\"canonical\" href=\"https:\/\/noticiasemdestaque.com\/cd\/?p=7609\" \/>\n<meta property=\"og:locale\" content=\"pt_BR\" \/>\n<meta property=\"og:type\" content=\"article\" \/>\n<meta property=\"og:title\" content=\"Dor na coluna e outras doen\u00e7as podem estar relacionadas com problemas odontol\u00f3gicos - Not&iacute;cias em Destaque\" \/>\n<meta property=\"og:description\" content=\"A funcion\u00e1ria p\u00fablica Alcineide Martins, 43 anos, estava se sentindo incomodada com uma dor na coluna que a acompanhava havia cerca de um ano. Procurou v\u00e1rios especialistas e n\u00e3o conseguiu diagnosticar a causa do problema. At\u00e9 que ela precisou ir ao dentista fazer um tratamento de um canal e acabou descobrindo que a dor que sentia nas costas poderia ser tratada pelo dentista, j\u00e1 que o desconforto estava sendo causado por ela mastigar de forma incorreta. O caso de Alcineide parece incomum, mas, de acordo com a cirurgi\u00e3 dentista\u00a0Mar\u00edlia\u00a0Pessoa, tem sido cada vez mais constante se deparar com pacientes que precisam da interven\u00e7\u00e3o de dentistas para tratar de doen\u00e7as que n\u00e3o estariam relacionadas a problemas odontol\u00f3gicos inicialmente, como dor na coluna, dor plantar e dores em outras partes do corpo tamb\u00e9m. Ainda de acordo com a dentista, estudos revelam que mudan\u00e7as na oclus\u00e3o dent\u00e1ria podem influenciar negativamente na manuten\u00e7\u00e3o do equil\u00edbrio homeost\u00e1tico corporal, assim como as estruturas maxilofaciais podem sofrer influ\u00eancia de outras partes do corpo. \u201cO dentista, ao avaliar o paciente, pode identificar altera\u00e7\u00f5es na cavidade oral que ser\u00e3o essenciais para o diagn\u00f3stico de doen\u00e7as que, a princ\u00edpio,\u00a0n\u00e3o pareciam ter origem odontol\u00f3gica. Podemos citar como exemplo a perda de um dente, uma mastiga\u00e7\u00e3o unilateral prolongada, um contato dent\u00e1rio prematuro al\u00e9m de v\u00e1rias outras altera\u00e7\u00f5es que podem desencadear uma s\u00e9rie de rea\u00e7\u00f5es e provocar in\u00fameros dist\u00farbios\u201d, exemplificou a cirurgi\u00e3 dentista. Doen\u00e7as como apneia do sono, s\u00edndrome de dor miofascial, doen\u00e7as da coluna, desigualdade de comprimento de pernas e postura incorreta da cabe\u00e7a, por exemplo, podem estar relacionadas com problemas de origem odontol\u00f3gica. Nesse caso, se faz necess\u00e1rio o acompanhamento com profissionais especializados que possam identificar a causa dos males e ajudar a resolv\u00ea-los, uma vez que, conforme Mar\u00edlia Pessoa, \u201ca odontologia moderna n\u00e3o se resume mais a tratar dos dentes da pessoa, mas a olhar o indiv\u00edduo de forma mais ampla numa abordagem integrativa e multidisciplinar, visando devolver ao indiv\u00edduo o equil\u00edbrio biopsiquicoemocional e qualidade de vida\u201d.\" \/>\n<meta property=\"og:url\" content=\"https:\/\/noticiasemdestaque.com\/cd\/?p=7609\" \/>\n<meta property=\"og:site_name\" content=\"Not&iacute;cias em Destaque\" \/>\n<meta property=\"article:published_time\" content=\"2018-01-26T10:14:35+00:00\" \/>\n<meta property=\"og:image\" content=\"https:\/\/noticiasemdestaque.com\/cd\/wp-content\/uploads\/2018\/01\/odonto.jpg\" \/>\n\t<meta property=\"og:image:width\" content=\"694\" \/>\n\t<meta property=\"og:image:height\" content=\"520\" \/>\n\t<meta property=\"og:image:type\" content=\"image\/jpeg\" \/>\n<meta name=\"author\" content=\"Not\u00edcias em Destaque\" \/>\n<meta name=\"twitter:card\" content=\"summary_large_image\" \/>\n<meta name=\"twitter:label1\" content=\"Escrito por\" \/>\n\t<meta name=\"twitter:data1\" content=\"Not\u00edcias em Destaque\" \/>\n\t<meta name=\"twitter:label2\" content=\"Est. tempo de leitura\" \/>\n\t<meta name=\"twitter:data2\" content=\"2 minutos\" \/>\n<script type=\"application\/ld+json\" class=\"yoast-schema-graph\">{\"@context\":\"https:\/\/schema.org\",\"@graph\":[{\"@type\":\"Article\",\"@id\":\"https:\/\/noticiasemdestaque.com\/cd\/?p=7609#article\",\"isPartOf\":{\"@id\":\"https:\/\/noticiasemdestaque.com\/cd\/?p=7609\"},\"author\":{\"name\":\"Not\u00edcias em Destaque\",\"@id\":\"https:\/\/noticiasemdestaque.com\/cd\/#\/schema\/person\/21320b03a7e8bb90128938dafc9b908a\"},\"headline\":\"Dor na coluna e outras doen\u00e7as podem estar relacionadas com problemas odontol\u00f3gicos\",\"datePublished\":\"2018-01-26T10:14:35+00:00\",\"mainEntityOfPage\":{\"@id\":\"https:\/\/noticiasemdestaque.com\/cd\/?p=7609\"},\"wordCount\":400,\"publisher\":{\"@id\":\"https:\/\/noticiasemdestaque.com\/cd\/#organization\"},\"image\":{\"@id\":\"https:\/\/noticiasemdestaque.com\/cd\/?p=7609#primaryimage\"},\"thumbnailUrl\":\"https:\/\/noticiasemdestaque.com\/cd\/wp-content\/uploads\/2018\/01\/odonto.jpg\",\"articleSection\":[\"Sa\u00fade\"],\"inLanguage\":\"pt-BR\"},{\"@type\":\"WebPage\",\"@id\":\"https:\/\/noticiasemdestaque.com\/cd\/?p=7609\",\"url\":\"https:\/\/noticiasemdestaque.com\/cd\/?p=7609\",\"name\":\"Dor na coluna e outras doen\u00e7as podem estar relacionadas com problemas odontol\u00f3gicos - Not&iacute;cias em Destaque\",\"isPartOf\":{\"@id\":\"https:\/\/noticiasemdestaque.com\/cd\/#website\"},\"primaryImageOfPage\":{\"@id\":\"https:\/\/noticiasemdestaque.com\/cd\/?p=7609#primaryimage\"},\"image\":{\"@id\":\"https:\/\/noticiasemdestaque.com\/cd\/?p=7609#primaryimage\"},\"thumbnailUrl\":\"https:\/\/noticiasemdestaque.com\/cd\/wp-content\/uploads\/2018\/01\/odonto.jpg\",\"datePublished\":\"2018-01-26T10:14:35+00:00\",\"breadcrumb\":{\"@id\":\"https:\/\/noticiasemdestaque.com\/cd\/?p=7609#breadcrumb\"},\"inLanguage\":\"pt-BR\",\"potentialAction\":[{\"@type\":\"ReadAction\",\"target\":[\"https:\/\/noticiasemdestaque.com\/cd\/?p=7609\"]}]},{\"@type\":\"ImageObject\",\"inLanguage\":\"pt-BR\",\"@id\":\"https:\/\/noticiasemdestaque.com\/cd\/?p=7609#primaryimage\",\"url\":\"https:\/\/noticiasemdestaque.com\/cd\/wp-content\/uploads\/2018\/01\/odonto.jpg\",\"contentUrl\":\"https:\/\/noticiasemdestaque.com\/cd\/wp-content\/uploads\/2018\/01\/odonto.jpg\",\"width\":694,\"height\":520,\"caption\":\"Foto ilustrativa: Reprodu\u00e7\u00e3o\/ Internet\"},{\"@type\":\"BreadcrumbList\",\"@id\":\"https:\/\/noticiasemdestaque.com\/cd\/?p=7609#breadcrumb\",\"itemListElement\":[{\"@type\":\"ListItem\",\"position\":1,\"name\":\"In\u00edcio\",\"item\":\"https:\/\/noticiasemdestaque.com\/cd\/\"},{\"@type\":\"ListItem\",\"position\":2,\"name\":\"Dor na coluna e outras doen\u00e7as podem estar relacionadas com problemas odontol\u00f3gicos\"}]},{\"@type\":\"WebSite\",\"@id\":\"https:\/\/noticiasemdestaque.com\/cd\/#website\",\"url\":\"https:\/\/noticiasemdestaque.com\/cd\/\",\"name\":\"Not&iacute;cias em Destaque\",\"description\":\"\",\"publisher\":{\"@id\":\"https:\/\/noticiasemdestaque.com\/cd\/#organization\"},\"potentialAction\":[{\"@type\":\"SearchAction\",\"target\":{\"@type\":\"EntryPoint\",\"urlTemplate\":\"https:\/\/noticiasemdestaque.com\/cd\/?s={search_term_string}\"},\"query-input\":{\"@type\":\"PropertyValueSpecification\",\"valueRequired\":true,\"valueName\":\"search_term_string\"}}],\"inLanguage\":\"pt-BR\"},{\"@type\":\"Organization\",\"@id\":\"https:\/\/noticiasemdestaque.com\/cd\/#organization\",\"name\":\"Not\u00edcias em Destaque\",\"url\":\"https:\/\/noticiasemdestaque.com\/cd\/\",\"logo\":{\"@type\":\"ImageObject\",\"inLanguage\":\"pt-BR\",\"@id\":\"https:\/\/noticiasemdestaque.com\/cd\/#\/schema\/logo\/image\/\",\"url\":\"https:\/\/noticiasemdestaque.com\/cd\/wp-content\/uploads\/2022\/05\/imagem-base-noticiasemdestaque.png\",\"contentUrl\":\"https:\/\/noticiasemdestaque.com\/cd\/wp-content\/uploads\/2022\/05\/imagem-base-noticiasemdestaque.png\",\"width\":1200,\"height\":630,\"caption\":\"Not\u00edcias em Destaque\"},\"image\":{\"@id\":\"https:\/\/noticiasemdestaque.com\/cd\/#\/schema\/logo\/image\/\"}},{\"@type\":\"Person\",\"@id\":\"https:\/\/noticiasemdestaque.com\/cd\/#\/schema\/person\/21320b03a7e8bb90128938dafc9b908a\",\"name\":\"Not\u00edcias em Destaque\",\"url\":\"https:\/\/noticiasemdestaque.com\/cd\/?author=2\"}]}<\/script>\n<!-- \/ Yoast SEO plugin. -->","yoast_head_json":{"title":"Dor na coluna e outras doen\u00e7as podem estar relacionadas com problemas odontol\u00f3gicos - Not&iacute;cias em Destaque","robots":{"index":"index","follow":"follow","max-snippet":"max-snippet:-1","max-image-preview":"max-image-preview:large","max-video-preview":"max-video-preview:-1"},"canonical":"https:\/\/noticiasemdestaque.com\/cd\/?p=7609","og_locale":"pt_BR","og_type":"article","og_title":"Dor na coluna e outras doen\u00e7as podem estar relacionadas com problemas odontol\u00f3gicos - Not&iacute;cias em Destaque","og_description":"A funcion\u00e1ria p\u00fablica Alcineide Martins, 43 anos, estava se sentindo incomodada com uma dor na coluna que a acompanhava havia cerca de um ano. Procurou v\u00e1rios especialistas e n\u00e3o conseguiu diagnosticar a causa do problema. At\u00e9 que ela precisou ir ao dentista fazer um tratamento de um canal e acabou descobrindo que a dor que sentia nas costas poderia ser tratada pelo dentista, j\u00e1 que o desconforto estava sendo causado por ela mastigar de forma incorreta. O caso de Alcineide parece incomum, mas, de acordo com a cirurgi\u00e3 dentista\u00a0Mar\u00edlia\u00a0Pessoa, tem sido cada vez mais constante se deparar com pacientes que precisam da interven\u00e7\u00e3o de dentistas para tratar de doen\u00e7as que n\u00e3o estariam relacionadas a problemas odontol\u00f3gicos inicialmente, como dor na coluna, dor plantar e dores em outras partes do corpo tamb\u00e9m. Ainda de acordo com a dentista, estudos revelam que mudan\u00e7as na oclus\u00e3o dent\u00e1ria podem influenciar negativamente na manuten\u00e7\u00e3o do equil\u00edbrio homeost\u00e1tico corporal, assim como as estruturas maxilofaciais podem sofrer influ\u00eancia de outras partes do corpo. \u201cO dentista, ao avaliar o paciente, pode identificar altera\u00e7\u00f5es na cavidade oral que ser\u00e3o essenciais para o diagn\u00f3stico de doen\u00e7as que, a princ\u00edpio,\u00a0n\u00e3o pareciam ter origem odontol\u00f3gica. Podemos citar como exemplo a perda de um dente, uma mastiga\u00e7\u00e3o unilateral prolongada, um contato dent\u00e1rio prematuro al\u00e9m de v\u00e1rias outras altera\u00e7\u00f5es que podem desencadear uma s\u00e9rie de rea\u00e7\u00f5es e provocar in\u00fameros dist\u00farbios\u201d, exemplificou a cirurgi\u00e3 dentista. Doen\u00e7as como apneia do sono, s\u00edndrome de dor miofascial, doen\u00e7as da coluna, desigualdade de comprimento de pernas e postura incorreta da cabe\u00e7a, por exemplo, podem estar relacionadas com problemas de origem odontol\u00f3gica. Nesse caso, se faz necess\u00e1rio o acompanhamento com profissionais especializados que possam identificar a causa dos males e ajudar a resolv\u00ea-los, uma vez que, conforme Mar\u00edlia Pessoa, \u201ca odontologia moderna n\u00e3o se resume mais a tratar dos dentes da pessoa, mas a olhar o indiv\u00edduo de forma mais ampla numa abordagem integrativa e multidisciplinar, visando devolver ao indiv\u00edduo o equil\u00edbrio biopsiquicoemocional e qualidade de vida\u201d.","og_url":"https:\/\/noticiasemdestaque.com\/cd\/?p=7609","og_site_name":"Not&iacute;cias em Destaque","article_published_time":"2018-01-26T10:14:35+00:00","og_image":[{"width":694,"height":520,"url":"https:\/\/noticiasemdestaque.com\/cd\/wp-content\/uploads\/2018\/01\/odonto.jpg","type":"image\/jpeg"}],"author":"Not\u00edcias em Destaque","twitter_card":"summary_large_image","twitter_misc":{"Escrito por":"Not\u00edcias em Destaque","Est. tempo de leitura":"2 minutos"},"schema":{"@context":"https:\/\/schema.org","@graph":[{"@type":"Article","@id":"https:\/\/noticiasemdestaque.com\/cd\/?p=7609#article","isPartOf":{"@id":"https:\/\/noticiasemdestaque.com\/cd\/?p=7609"},"author":{"name":"Not\u00edcias em Destaque","@id":"https:\/\/noticiasemdestaque.com\/cd\/#\/schema\/person\/21320b03a7e8bb90128938dafc9b908a"},"headline":"Dor na coluna e outras doen\u00e7as podem estar relacionadas com problemas odontol\u00f3gicos","datePublished":"2018-01-26T10:14:35+00:00","mainEntityOfPage":{"@id":"https:\/\/noticiasemdestaque.com\/cd\/?p=7609"},"wordCount":400,"publisher":{"@id":"https:\/\/noticiasemdestaque.com\/cd\/#organization"},"image":{"@id":"https:\/\/noticiasemdestaque.com\/cd\/?p=7609#primaryimage"},"thumbnailUrl":"https:\/\/noticiasemdestaque.com\/cd\/wp-content\/uploads\/2018\/01\/odonto.jpg","articleSection":["Sa\u00fade"],"inLanguage":"pt-BR"},{"@type":"WebPage","@id":"https:\/\/noticiasemdestaque.com\/cd\/?p=7609","url":"https:\/\/noticiasemdestaque.com\/cd\/?p=7609","name":"Dor na coluna e outras doen\u00e7as podem estar relacionadas com problemas odontol\u00f3gicos - Not&iacute;cias em Destaque","isPartOf":{"@id":"https:\/\/noticiasemdestaque.com\/cd\/#website"},"primaryImageOfPage":{"@id":"https:\/\/noticiasemdestaque.com\/cd\/?p=7609#primaryimage"},"image":{"@id":"https:\/\/noticiasemdestaque.com\/cd\/?p=7609#primaryimage"},"thumbnailUrl":"https:\/\/noticiasemdestaque.com\/cd\/wp-content\/uploads\/2018\/01\/odonto.jpg","datePublished":"2018-01-26T10:14:35+00:00","breadcrumb":{"@id":"https:\/\/noticiasemdestaque.com\/cd\/?p=7609#breadcrumb"},"inLanguage":"pt-BR","potentialAction":[{"@type":"ReadAction","target":["https:\/\/noticiasemdestaque.com\/cd\/?p=7609"]}]},{"@type":"ImageObject","inLanguage":"pt-BR","@id":"https:\/\/noticiasemdestaque.com\/cd\/?p=7609#primaryimage","url":"https:\/\/noticiasemdestaque.com\/cd\/wp-content\/uploads\/2018\/01\/odonto.jpg","contentUrl":"https:\/\/noticiasemdestaque.com\/cd\/wp-content\/uploads\/2018\/01\/odonto.jpg","width":694,"height":520,"caption":"Foto ilustrativa: Reprodu\u00e7\u00e3o\/ Internet"},{"@type":"BreadcrumbList","@id":"https:\/\/noticiasemdestaque.com\/cd\/?p=7609#breadcrumb","itemListElement":[{"@type":"ListItem","position":1,"name":"In\u00edcio","item":"https:\/\/noticiasemdestaque.com\/cd\/"},{"@type":"ListItem","position":2,"name":"Dor na coluna e outras doen\u00e7as podem estar relacionadas com problemas odontol\u00f3gicos"}]},{"@type":"WebSite","@id":"https:\/\/noticiasemdestaque.com\/cd\/#website","url":"https:\/\/noticiasemdestaque.com\/cd\/","name":"Not&iacute;cias em Destaque","description":"","publisher":{"@id":"https:\/\/noticiasemdestaque.com\/cd\/#organization"},"potentialAction":[{"@type":"SearchAction","target":{"@type":"EntryPoint","urlTemplate":"https:\/\/noticiasemdestaque.com\/cd\/?s={search_term_string}"},"query-input":{"@type":"PropertyValueSpecification","valueRequired":true,"valueName":"search_term_string"}}],"inLanguage":"pt-BR"},{"@type":"Organization","@id":"https:\/\/noticiasemdestaque.com\/cd\/#organization","name":"Not\u00edcias em Destaque","url":"https:\/\/noticiasemdestaque.com\/cd\/","logo":{"@type":"ImageObject","inLanguage":"pt-BR","@id":"https:\/\/noticiasemdestaque.com\/cd\/#\/schema\/logo\/image\/","url":"https:\/\/noticiasemdestaque.com\/cd\/wp-content\/uploads\/2022\/05\/imagem-base-noticiasemdestaque.png","contentUrl":"https:\/\/noticiasemdestaque.com\/cd\/wp-content\/uploads\/2022\/05\/imagem-base-noticiasemdestaque.png","width":1200,"height":630,"caption":"Not\u00edcias em Destaque"},"image":{"@id":"https:\/\/noticiasemdestaque.com\/cd\/#\/schema\/logo\/image\/"}},{"@type":"Person","@id":"https:\/\/noticiasemdestaque.com\/cd\/#\/schema\/person\/21320b03a7e8bb90128938dafc9b908a","name":"Not\u00edcias em Destaque","url":"https:\/\/noticiasemdestaque.com\/cd\/?author=2"}]}},"jetpack_featured_media_url":"https:\/\/noticiasemdestaque.com\/cd\/wp-content\/uploads\/2018\/01\/odonto.jpg","jetpack_sharing_enabled":true,"_links":{"self":[{"href":"https:\/\/noticiasemdestaque.com\/cd\/index.php?rest_route=\/wp\/v2\/posts\/7609","targetHints":{"allow":["GET"]}}],"collection":[{"href":"https:\/\/noticiasemdestaque.com\/cd\/index.php?rest_route=\/wp\/v2\/posts"}],"about":[{"href":"https:\/\/noticiasemdestaque.com\/cd\/index.php?rest_route=\/wp\/v2\/types\/post"}],"author":[{"embeddable":true,"href":"https:\/\/noticiasemdestaque.com\/cd\/index.php?rest_route=\/wp\/v2\/users\/2"}],"replies":[{"embeddable":true,"href":"https:\/\/noticiasemdestaque.com\/cd\/index.php?rest_route=%2Fwp%2Fv2%2Fcomments&post=7609"}],"version-history":[{"count":1,"href":"https:\/\/noticiasemdestaque.com\/cd\/index.php?rest_route=\/wp\/v2\/posts\/7609\/revisions"}],"predecessor-version":[{"id":7611,"href":"https:\/\/noticiasemdestaque.com\/cd\/index.php?rest_route=\/wp\/v2\/posts\/7609\/revisions\/7611"}],"wp:featuredmedia":[{"embeddable":true,"href":"https:\/\/noticiasemdestaque.com\/cd\/index.php?rest_route=\/wp\/v2\/media\/7610"}],"wp:attachment":[{"href":"https:\/\/noticiasemdestaque.com\/cd\/index.php?rest_route=%2Fwp%2Fv2%2Fmedia&parent=7609"}],"wp:term":[{"taxonomy":"category","embeddable":true,"href":"https:\/\/noticiasemdestaque.com\/cd\/index.php?rest_route=%2Fwp%2Fv2%2Fcategories&post=7609"},{"taxonomy":"post_tag","embeddable":true,"href":"https:\/\/noticiasemdestaque.com\/cd\/index.php?rest_route=%2Fwp%2Fv2%2Ftags&post=7609"}],"curies":[{"name":"wp","href":"https:\/\/api.w.org\/{rel}","templated":true}]}}