{"id":76,"date":"2017-05-27T11:16:29","date_gmt":"2017-05-27T14:16:29","guid":{"rendered":"http:\/\/caririemdestaque.com\/cd\/?p=76"},"modified":"2017-06-06T08:49:08","modified_gmt":"2017-06-06T11:49:08","slug":"agencias-do-pag-facil-ameaca-paralisar-e-300-mil-clientes-serao-afetados-na-pb","status":"publish","type":"post","link":"https:\/\/noticiasemdestaque.com\/cd\/?p=76","title":{"rendered":"Ag\u00eancias do Pag F\u00e1cil amea\u00e7a paralisar e 300 mil clientes ser\u00e3o afetados na PB"},"content":{"rendered":"<p><a href=\"http:\/\/caririemdestaque.com\/cd\/wp-content\/uploads\/2017\/05\/Pague-F\u00e1cil-.jpg\"><img decoding=\"async\" class=\"size-medium wp-image-77 aligncenter\" src=\"http:\/\/caririemdestaque.com\/cd\/wp-content\/uploads\/2017\/05\/Pague-F\u00e1cil--300x156.jpg\" alt=\"\" width=\"300\" height=\"156\" srcset=\"https:\/\/noticiasemdestaque.com\/cd\/wp-content\/uploads\/2017\/05\/Pague-F\u00e1cil--300x156.jpg 300w, https:\/\/noticiasemdestaque.com\/cd\/wp-content\/uploads\/2017\/05\/Pague-F\u00e1cil-.jpg 400w\" sizes=\"(max-width: 300px) 100vw, 300px\" \/><\/a>Cerca de 300 mil clientes do \u2018Pag F\u00e1cil\u2019 dever\u00e3o ficar sem atendimento na Para\u00edba no dia 5 de junho. Nesta data, as 300 franquias do servi\u00e7o banc\u00e1rio vinculado ao Banco do Brasil fechar\u00e3o as portas por reajustes nas tarifas.<\/p>\n<p>Em contato com o\u00a0Portal MaisPB, o presidente da Associa\u00e7\u00e3o Nacional dos Franqueados e Ex-fraqueados do Pag F\u00e1cil, Leuemberger Fernandes Gomes, alegou que os valores dos servi\u00e7os prestados ao BB est\u00e3o defasados desde 2014 e h\u00e1 suspeita que uma empresa que intermedeia os recursos, a MSA, tem recebido o dinheiro e n\u00e3o repassado para os Pag F\u00e1cil.<\/p>\n<p>A paralisa\u00e7\u00e3o ser\u00e1 por um per\u00edodo de 24h, come\u00e7ando \u00e0s 8h do dia 5 e s\u00f3 terminando \u00e0s 8h do dia 6. O protesto ser\u00e1 em todo Brasil.<\/p>\n<p>Leuemberger Fernandes disse que encaminhou of\u00edcios \u00e0 superintendente do Banco do Brasil na Para\u00edba, Maristela Sales, e tamb\u00e9m ao respons\u00e1vel pelo setor de franquia da MSA, Jorge Durante, informando a paralisa\u00e7\u00e3o. Ele espera um retorno do banco e da empresa no sentido de evitar transtornos os cidad\u00e3os.<\/p>\n<p>\u201cA nossa esperan\u00e7a \u00e9 que tudo isso seja resolvido\u201d, pontuou.<\/p>\n<p>Cariri em Destaque com MaisPB<\/p>\n","protected":false},"excerpt":{"rendered":"<p>Cerca de 300 mil clientes do \u2018Pag F\u00e1cil\u2019 dever\u00e3o ficar sem atendimento na Para\u00edba no dia 5 de junho. Nesta data, as 300 franquias do servi\u00e7o banc\u00e1rio vinculado ao Banco do Brasil fechar\u00e3o as portas por reajustes nas tarifas. Em contato com o\u00a0Portal MaisPB, o presidente da Associa\u00e7\u00e3o Nacional dos Franqueados e Ex-fraqueados do Pag F\u00e1cil, Leuemberger Fernandes Gomes, alegou que os valores dos servi\u00e7os prestados ao BB est\u00e3o defasados desde 2014 e h\u00e1 suspeita que uma empresa que intermedeia os recursos, a MSA, tem recebido o dinheiro e n\u00e3o repassado para os Pag F\u00e1cil. A paralisa\u00e7\u00e3o ser\u00e1 por um per\u00edodo de 24h, come\u00e7ando \u00e0s 8h do dia 5 e s\u00f3 terminando \u00e0s 8h do dia 6. O protesto ser\u00e1 em todo Brasil. Leuemberger Fernandes disse que encaminhou of\u00edcios \u00e0 superintendente do Banco do Brasil na Para\u00edba, Maristela Sales, e tamb\u00e9m ao respons\u00e1vel pelo setor de franquia da MSA, Jorge Durante, informando a paralisa\u00e7\u00e3o. Ele espera um retorno do banco e da empresa no sentido de evitar transtornos os cidad\u00e3os. \u201cA nossa esperan\u00e7a \u00e9 que tudo isso seja resolvido\u201d, pontuou. Cariri em Destaque com MaisPB<\/p>\n","protected":false},"author":2,"featured_media":77,"comment_status":"closed","ping_status":"closed","sticky":false,"template":"","format":"standard","meta":{"_eb_attr":"","_jetpack_memberships_contains_paid_content":false,"footnotes":""},"categories":[3],"tags":[],"class_list":["post-76","post","type-post","status-publish","format-standard","has-post-thumbnail","hentry","category-cidades"],"yoast_head":"<!-- This site is optimized with the Yoast SEO plugin v26.5 - https:\/\/yoast.com\/wordpress\/plugins\/seo\/ -->\n<title>Ag\u00eancias do Pag F\u00e1cil amea\u00e7a paralisar e 300 mil clientes ser\u00e3o afetados na PB - Not&iacute;cias em Destaque<\/title>\n<meta name=\"robots\" content=\"index, follow, max-snippet:-1, max-image-preview:large, max-video-preview:-1\" \/>\n<link rel=\"canonical\" href=\"https:\/\/noticiasemdestaque.com\/cd\/?p=76\" \/>\n<meta property=\"og:locale\" content=\"pt_BR\" \/>\n<meta property=\"og:type\" content=\"article\" \/>\n<meta property=\"og:title\" content=\"Ag\u00eancias do Pag F\u00e1cil amea\u00e7a paralisar e 300 mil clientes ser\u00e3o afetados na PB - Not&iacute;cias em Destaque\" \/>\n<meta property=\"og:description\" content=\"Cerca de 300 mil clientes do \u2018Pag F\u00e1cil\u2019 dever\u00e3o ficar sem atendimento na Para\u00edba no dia 5 de junho. Nesta data, as 300 franquias do servi\u00e7o banc\u00e1rio vinculado ao Banco do Brasil fechar\u00e3o as portas por reajustes nas tarifas. Em contato com o\u00a0Portal MaisPB, o presidente da Associa\u00e7\u00e3o Nacional dos Franqueados e Ex-fraqueados do Pag F\u00e1cil, Leuemberger Fernandes Gomes, alegou que os valores dos servi\u00e7os prestados ao BB est\u00e3o defasados desde 2014 e h\u00e1 suspeita que uma empresa que intermedeia os recursos, a MSA, tem recebido o dinheiro e n\u00e3o repassado para os Pag F\u00e1cil. A paralisa\u00e7\u00e3o ser\u00e1 por um per\u00edodo de 24h, come\u00e7ando \u00e0s 8h do dia 5 e s\u00f3 terminando \u00e0s 8h do dia 6. O protesto ser\u00e1 em todo Brasil. Leuemberger Fernandes disse que encaminhou of\u00edcios \u00e0 superintendente do Banco do Brasil na Para\u00edba, Maristela Sales, e tamb\u00e9m ao respons\u00e1vel pelo setor de franquia da MSA, Jorge Durante, informando a paralisa\u00e7\u00e3o. Ele espera um retorno do banco e da empresa no sentido de evitar transtornos os cidad\u00e3os. \u201cA nossa esperan\u00e7a \u00e9 que tudo isso seja resolvido\u201d, pontuou. Cariri em Destaque com MaisPB\" \/>\n<meta property=\"og:url\" content=\"https:\/\/noticiasemdestaque.com\/cd\/?p=76\" \/>\n<meta property=\"og:site_name\" content=\"Not&iacute;cias em Destaque\" \/>\n<meta property=\"article:published_time\" content=\"2017-05-27T14:16:29+00:00\" \/>\n<meta property=\"article:modified_time\" content=\"2017-06-06T11:49:08+00:00\" \/>\n<meta property=\"og:image\" content=\"https:\/\/noticiasemdestaque.com\/cd\/wp-content\/uploads\/2017\/05\/Pague-F\u00e1cil-.jpg\" \/>\n\t<meta property=\"og:image:width\" content=\"400\" \/>\n\t<meta property=\"og:image:height\" content=\"208\" \/>\n\t<meta property=\"og:image:type\" content=\"image\/jpeg\" \/>\n<meta name=\"author\" content=\"Not\u00edcias em Destaque\" \/>\n<meta name=\"twitter:card\" content=\"summary_large_image\" \/>\n<meta name=\"twitter:label1\" content=\"Escrito por\" \/>\n\t<meta name=\"twitter:data1\" content=\"Not\u00edcias em Destaque\" \/>\n\t<meta name=\"twitter:label2\" content=\"Est. tempo de leitura\" \/>\n\t<meta name=\"twitter:data2\" content=\"1 minuto\" \/>\n<script type=\"application\/ld+json\" class=\"yoast-schema-graph\">{\"@context\":\"https:\/\/schema.org\",\"@graph\":[{\"@type\":\"Article\",\"@id\":\"https:\/\/noticiasemdestaque.com\/cd\/?p=76#article\",\"isPartOf\":{\"@id\":\"https:\/\/noticiasemdestaque.com\/cd\/?p=76\"},\"author\":{\"name\":\"Not\u00edcias em Destaque\",\"@id\":\"https:\/\/noticiasemdestaque.com\/cd\/#\/schema\/person\/45ca272b3e1246ef14ebb78a48dbb218\"},\"headline\":\"Ag\u00eancias do Pag F\u00e1cil amea\u00e7a paralisar e 300 mil clientes ser\u00e3o afetados na PB\",\"datePublished\":\"2017-05-27T14:16:29+00:00\",\"dateModified\":\"2017-06-06T11:49:08+00:00\",\"mainEntityOfPage\":{\"@id\":\"https:\/\/noticiasemdestaque.com\/cd\/?p=76\"},\"wordCount\":217,\"publisher\":{\"@id\":\"https:\/\/noticiasemdestaque.com\/cd\/#organization\"},\"image\":{\"@id\":\"https:\/\/noticiasemdestaque.com\/cd\/?p=76#primaryimage\"},\"thumbnailUrl\":\"https:\/\/noticiasemdestaque.com\/cd\/wp-content\/uploads\/2017\/05\/Pague-F\u00e1cil-.jpg\",\"articleSection\":[\"Cidades\"],\"inLanguage\":\"pt-BR\"},{\"@type\":\"WebPage\",\"@id\":\"https:\/\/noticiasemdestaque.com\/cd\/?p=76\",\"url\":\"https:\/\/noticiasemdestaque.com\/cd\/?p=76\",\"name\":\"Ag\u00eancias do Pag F\u00e1cil amea\u00e7a paralisar e 300 mil clientes ser\u00e3o afetados na PB - Not&iacute;cias em Destaque\",\"isPartOf\":{\"@id\":\"https:\/\/noticiasemdestaque.com\/cd\/#website\"},\"primaryImageOfPage\":{\"@id\":\"https:\/\/noticiasemdestaque.com\/cd\/?p=76#primaryimage\"},\"image\":{\"@id\":\"https:\/\/noticiasemdestaque.com\/cd\/?p=76#primaryimage\"},\"thumbnailUrl\":\"https:\/\/noticiasemdestaque.com\/cd\/wp-content\/uploads\/2017\/05\/Pague-F\u00e1cil-.jpg\",\"datePublished\":\"2017-05-27T14:16:29+00:00\",\"dateModified\":\"2017-06-06T11:49:08+00:00\",\"breadcrumb\":{\"@id\":\"https:\/\/noticiasemdestaque.com\/cd\/?p=76#breadcrumb\"},\"inLanguage\":\"pt-BR\",\"potentialAction\":[{\"@type\":\"ReadAction\",\"target\":[\"https:\/\/noticiasemdestaque.com\/cd\/?p=76\"]}]},{\"@type\":\"ImageObject\",\"inLanguage\":\"pt-BR\",\"@id\":\"https:\/\/noticiasemdestaque.com\/cd\/?p=76#primaryimage\",\"url\":\"https:\/\/noticiasemdestaque.com\/cd\/wp-content\/uploads\/2017\/05\/Pague-F\u00e1cil-.jpg\",\"contentUrl\":\"https:\/\/noticiasemdestaque.com\/cd\/wp-content\/uploads\/2017\/05\/Pague-F\u00e1cil-.jpg\",\"width\":400,\"height\":208},{\"@type\":\"BreadcrumbList\",\"@id\":\"https:\/\/noticiasemdestaque.com\/cd\/?p=76#breadcrumb\",\"itemListElement\":[{\"@type\":\"ListItem\",\"position\":1,\"name\":\"In\u00edcio\",\"item\":\"https:\/\/noticiasemdestaque.com\/cd\/\"},{\"@type\":\"ListItem\",\"position\":2,\"name\":\"Ag\u00eancias do Pag F\u00e1cil amea\u00e7a paralisar e 300 mil clientes ser\u00e3o afetados na PB\"}]},{\"@type\":\"WebSite\",\"@id\":\"https:\/\/noticiasemdestaque.com\/cd\/#website\",\"url\":\"https:\/\/noticiasemdestaque.com\/cd\/\",\"name\":\"Not&iacute;cias em Destaque\",\"description\":\"\",\"publisher\":{\"@id\":\"https:\/\/noticiasemdestaque.com\/cd\/#organization\"},\"potentialAction\":[{\"@type\":\"SearchAction\",\"target\":{\"@type\":\"EntryPoint\",\"urlTemplate\":\"https:\/\/noticiasemdestaque.com\/cd\/?s={search_term_string}\"},\"query-input\":{\"@type\":\"PropertyValueSpecification\",\"valueRequired\":true,\"valueName\":\"search_term_string\"}}],\"inLanguage\":\"pt-BR\"},{\"@type\":\"Organization\",\"@id\":\"https:\/\/noticiasemdestaque.com\/cd\/#organization\",\"name\":\"Not\u00edcias em Destaque\",\"url\":\"https:\/\/noticiasemdestaque.com\/cd\/\",\"logo\":{\"@type\":\"ImageObject\",\"inLanguage\":\"pt-BR\",\"@id\":\"https:\/\/noticiasemdestaque.com\/cd\/#\/schema\/logo\/image\/\",\"url\":\"https:\/\/noticiasemdestaque.com\/cd\/wp-content\/uploads\/2022\/05\/imagem-base-noticiasemdestaque.png\",\"contentUrl\":\"https:\/\/noticiasemdestaque.com\/cd\/wp-content\/uploads\/2022\/05\/imagem-base-noticiasemdestaque.png\",\"width\":1200,\"height\":630,\"caption\":\"Not\u00edcias em Destaque\"},\"image\":{\"@id\":\"https:\/\/noticiasemdestaque.com\/cd\/#\/schema\/logo\/image\/\"}},{\"@type\":\"Person\",\"@id\":\"https:\/\/noticiasemdestaque.com\/cd\/#\/schema\/person\/45ca272b3e1246ef14ebb78a48dbb218\",\"name\":\"Not\u00edcias em Destaque\",\"url\":\"https:\/\/noticiasemdestaque.com\/cd\/?author=2\"}]}<\/script>\n<!-- \/ Yoast SEO plugin. -->","yoast_head_json":{"title":"Ag\u00eancias do Pag F\u00e1cil amea\u00e7a paralisar e 300 mil clientes ser\u00e3o afetados na PB - Not&iacute;cias em Destaque","robots":{"index":"index","follow":"follow","max-snippet":"max-snippet:-1","max-image-preview":"max-image-preview:large","max-video-preview":"max-video-preview:-1"},"canonical":"https:\/\/noticiasemdestaque.com\/cd\/?p=76","og_locale":"pt_BR","og_type":"article","og_title":"Ag\u00eancias do Pag F\u00e1cil amea\u00e7a paralisar e 300 mil clientes ser\u00e3o afetados na PB - Not&iacute;cias em Destaque","og_description":"Cerca de 300 mil clientes do \u2018Pag F\u00e1cil\u2019 dever\u00e3o ficar sem atendimento na Para\u00edba no dia 5 de junho. Nesta data, as 300 franquias do servi\u00e7o banc\u00e1rio vinculado ao Banco do Brasil fechar\u00e3o as portas por reajustes nas tarifas. Em contato com o\u00a0Portal MaisPB, o presidente da Associa\u00e7\u00e3o Nacional dos Franqueados e Ex-fraqueados do Pag F\u00e1cil, Leuemberger Fernandes Gomes, alegou que os valores dos servi\u00e7os prestados ao BB est\u00e3o defasados desde 2014 e h\u00e1 suspeita que uma empresa que intermedeia os recursos, a MSA, tem recebido o dinheiro e n\u00e3o repassado para os Pag F\u00e1cil. A paralisa\u00e7\u00e3o ser\u00e1 por um per\u00edodo de 24h, come\u00e7ando \u00e0s 8h do dia 5 e s\u00f3 terminando \u00e0s 8h do dia 6. O protesto ser\u00e1 em todo Brasil. Leuemberger Fernandes disse que encaminhou of\u00edcios \u00e0 superintendente do Banco do Brasil na Para\u00edba, Maristela Sales, e tamb\u00e9m ao respons\u00e1vel pelo setor de franquia da MSA, Jorge Durante, informando a paralisa\u00e7\u00e3o. Ele espera um retorno do banco e da empresa no sentido de evitar transtornos os cidad\u00e3os. \u201cA nossa esperan\u00e7a \u00e9 que tudo isso seja resolvido\u201d, pontuou. Cariri em Destaque com MaisPB","og_url":"https:\/\/noticiasemdestaque.com\/cd\/?p=76","og_site_name":"Not&iacute;cias em Destaque","article_published_time":"2017-05-27T14:16:29+00:00","article_modified_time":"2017-06-06T11:49:08+00:00","og_image":[{"width":400,"height":208,"url":"https:\/\/noticiasemdestaque.com\/cd\/wp-content\/uploads\/2017\/05\/Pague-F\u00e1cil-.jpg","type":"image\/jpeg"}],"author":"Not\u00edcias em Destaque","twitter_card":"summary_large_image","twitter_misc":{"Escrito por":"Not\u00edcias em Destaque","Est. tempo de leitura":"1 minuto"},"schema":{"@context":"https:\/\/schema.org","@graph":[{"@type":"Article","@id":"https:\/\/noticiasemdestaque.com\/cd\/?p=76#article","isPartOf":{"@id":"https:\/\/noticiasemdestaque.com\/cd\/?p=76"},"author":{"name":"Not\u00edcias em Destaque","@id":"https:\/\/noticiasemdestaque.com\/cd\/#\/schema\/person\/45ca272b3e1246ef14ebb78a48dbb218"},"headline":"Ag\u00eancias do Pag F\u00e1cil amea\u00e7a paralisar e 300 mil clientes ser\u00e3o afetados na PB","datePublished":"2017-05-27T14:16:29+00:00","dateModified":"2017-06-06T11:49:08+00:00","mainEntityOfPage":{"@id":"https:\/\/noticiasemdestaque.com\/cd\/?p=76"},"wordCount":217,"publisher":{"@id":"https:\/\/noticiasemdestaque.com\/cd\/#organization"},"image":{"@id":"https:\/\/noticiasemdestaque.com\/cd\/?p=76#primaryimage"},"thumbnailUrl":"https:\/\/noticiasemdestaque.com\/cd\/wp-content\/uploads\/2017\/05\/Pague-F\u00e1cil-.jpg","articleSection":["Cidades"],"inLanguage":"pt-BR"},{"@type":"WebPage","@id":"https:\/\/noticiasemdestaque.com\/cd\/?p=76","url":"https:\/\/noticiasemdestaque.com\/cd\/?p=76","name":"Ag\u00eancias do Pag F\u00e1cil amea\u00e7a paralisar e 300 mil clientes ser\u00e3o afetados na PB - Not&iacute;cias em Destaque","isPartOf":{"@id":"https:\/\/noticiasemdestaque.com\/cd\/#website"},"primaryImageOfPage":{"@id":"https:\/\/noticiasemdestaque.com\/cd\/?p=76#primaryimage"},"image":{"@id":"https:\/\/noticiasemdestaque.com\/cd\/?p=76#primaryimage"},"thumbnailUrl":"https:\/\/noticiasemdestaque.com\/cd\/wp-content\/uploads\/2017\/05\/Pague-F\u00e1cil-.jpg","datePublished":"2017-05-27T14:16:29+00:00","dateModified":"2017-06-06T11:49:08+00:00","breadcrumb":{"@id":"https:\/\/noticiasemdestaque.com\/cd\/?p=76#breadcrumb"},"inLanguage":"pt-BR","potentialAction":[{"@type":"ReadAction","target":["https:\/\/noticiasemdestaque.com\/cd\/?p=76"]}]},{"@type":"ImageObject","inLanguage":"pt-BR","@id":"https:\/\/noticiasemdestaque.com\/cd\/?p=76#primaryimage","url":"https:\/\/noticiasemdestaque.com\/cd\/wp-content\/uploads\/2017\/05\/Pague-F\u00e1cil-.jpg","contentUrl":"https:\/\/noticiasemdestaque.com\/cd\/wp-content\/uploads\/2017\/05\/Pague-F\u00e1cil-.jpg","width":400,"height":208},{"@type":"BreadcrumbList","@id":"https:\/\/noticiasemdestaque.com\/cd\/?p=76#breadcrumb","itemListElement":[{"@type":"ListItem","position":1,"name":"In\u00edcio","item":"https:\/\/noticiasemdestaque.com\/cd\/"},{"@type":"ListItem","position":2,"name":"Ag\u00eancias do Pag F\u00e1cil amea\u00e7a paralisar e 300 mil clientes ser\u00e3o afetados na PB"}]},{"@type":"WebSite","@id":"https:\/\/noticiasemdestaque.com\/cd\/#website","url":"https:\/\/noticiasemdestaque.com\/cd\/","name":"Not&iacute;cias em Destaque","description":"","publisher":{"@id":"https:\/\/noticiasemdestaque.com\/cd\/#organization"},"potentialAction":[{"@type":"SearchAction","target":{"@type":"EntryPoint","urlTemplate":"https:\/\/noticiasemdestaque.com\/cd\/?s={search_term_string}"},"query-input":{"@type":"PropertyValueSpecification","valueRequired":true,"valueName":"search_term_string"}}],"inLanguage":"pt-BR"},{"@type":"Organization","@id":"https:\/\/noticiasemdestaque.com\/cd\/#organization","name":"Not\u00edcias em Destaque","url":"https:\/\/noticiasemdestaque.com\/cd\/","logo":{"@type":"ImageObject","inLanguage":"pt-BR","@id":"https:\/\/noticiasemdestaque.com\/cd\/#\/schema\/logo\/image\/","url":"https:\/\/noticiasemdestaque.com\/cd\/wp-content\/uploads\/2022\/05\/imagem-base-noticiasemdestaque.png","contentUrl":"https:\/\/noticiasemdestaque.com\/cd\/wp-content\/uploads\/2022\/05\/imagem-base-noticiasemdestaque.png","width":1200,"height":630,"caption":"Not\u00edcias em Destaque"},"image":{"@id":"https:\/\/noticiasemdestaque.com\/cd\/#\/schema\/logo\/image\/"}},{"@type":"Person","@id":"https:\/\/noticiasemdestaque.com\/cd\/#\/schema\/person\/45ca272b3e1246ef14ebb78a48dbb218","name":"Not\u00edcias em Destaque","url":"https:\/\/noticiasemdestaque.com\/cd\/?author=2"}]}},"jetpack_featured_media_url":"https:\/\/noticiasemdestaque.com\/cd\/wp-content\/uploads\/2017\/05\/Pague-F\u00e1cil-.jpg","jetpack_sharing_enabled":true,"_links":{"self":[{"href":"https:\/\/noticiasemdestaque.com\/cd\/index.php?rest_route=\/wp\/v2\/posts\/76","targetHints":{"allow":["GET"]}}],"collection":[{"href":"https:\/\/noticiasemdestaque.com\/cd\/index.php?rest_route=\/wp\/v2\/posts"}],"about":[{"href":"https:\/\/noticiasemdestaque.com\/cd\/index.php?rest_route=\/wp\/v2\/types\/post"}],"author":[{"embeddable":true,"href":"https:\/\/noticiasemdestaque.com\/cd\/index.php?rest_route=\/wp\/v2\/users\/2"}],"replies":[{"embeddable":true,"href":"https:\/\/noticiasemdestaque.com\/cd\/index.php?rest_route=%2Fwp%2Fv2%2Fcomments&post=76"}],"version-history":[{"count":1,"href":"https:\/\/noticiasemdestaque.com\/cd\/index.php?rest_route=\/wp\/v2\/posts\/76\/revisions"}],"predecessor-version":[{"id":78,"href":"https:\/\/noticiasemdestaque.com\/cd\/index.php?rest_route=\/wp\/v2\/posts\/76\/revisions\/78"}],"wp:featuredmedia":[{"embeddable":true,"href":"https:\/\/noticiasemdestaque.com\/cd\/index.php?rest_route=\/wp\/v2\/media\/77"}],"wp:attachment":[{"href":"https:\/\/noticiasemdestaque.com\/cd\/index.php?rest_route=%2Fwp%2Fv2%2Fmedia&parent=76"}],"wp:term":[{"taxonomy":"category","embeddable":true,"href":"https:\/\/noticiasemdestaque.com\/cd\/index.php?rest_route=%2Fwp%2Fv2%2Fcategories&post=76"},{"taxonomy":"post_tag","embeddable":true,"href":"https:\/\/noticiasemdestaque.com\/cd\/index.php?rest_route=%2Fwp%2Fv2%2Ftags&post=76"}],"curies":[{"name":"wp","href":"https:\/\/api.w.org\/{rel}","templated":true}]}}