{"id":759,"date":"2017-06-21T14:36:46","date_gmt":"2017-06-21T17:36:46","guid":{"rendered":"http:\/\/caririemdestaque.com\/cd\/?p=759"},"modified":"2017-06-22T13:23:12","modified_gmt":"2017-06-22T16:23:12","slug":"camara-de-vereadores-de-sume-destaca-empenho-do-prefeito-eden-para-o-nao-fechamento-das-escolas-do-campo-em-sume","status":"publish","type":"post","link":"https:\/\/noticiasemdestaque.com\/cd\/?p=759","title":{"rendered":"C\u00e2mara de Vereadores de Sum\u00e9 destaca empenho do prefeito \u00c9den para que as escolas da zona rural n\u00e3o fechem"},"content":{"rendered":"<p><a href=\"http:\/\/caririemdestaque.com\/cd\/wp-content\/uploads\/2017\/06\/DSC_0229.jpg\"><img fetchpriority=\"high\" decoding=\"async\" class=\"wp-image-760 aligncenter\" src=\"http:\/\/caririemdestaque.com\/cd\/wp-content\/uploads\/2017\/06\/DSC_0229-300x199.jpg\" alt=\"\" width=\"401\" height=\"266\" srcset=\"https:\/\/noticiasemdestaque.com\/cd\/wp-content\/uploads\/2017\/06\/DSC_0229-300x199.jpg 300w, https:\/\/noticiasemdestaque.com\/cd\/wp-content\/uploads\/2017\/06\/DSC_0229-768x511.jpg 768w, https:\/\/noticiasemdestaque.com\/cd\/wp-content\/uploads\/2017\/06\/DSC_0229-1024x681.jpg 1024w, https:\/\/noticiasemdestaque.com\/cd\/wp-content\/uploads\/2017\/06\/DSC_0229-480x320.jpg 480w\" sizes=\"(max-width: 401px) 100vw, 401px\" \/><\/a><\/p>\n<p>Nesta ter\u00e7a-feira (20\/06) a C\u00e2mara de Vereadores de Sum\u00e9 realizou a \u00faltima reuni\u00e3o antes do recesso do meio do ano.<br \/>\n<img decoding=\"async\" class=\"size-medium wp-image-765 aligncenter\" src=\"http:\/\/caririemdestaque.com\/cd\/wp-content\/uploads\/2017\/06\/DSC_0236-251x300.jpg\" alt=\"\" width=\"251\" height=\"300\" srcset=\"https:\/\/noticiasemdestaque.com\/cd\/wp-content\/uploads\/2017\/06\/DSC_0236-251x300.jpg 251w, https:\/\/noticiasemdestaque.com\/cd\/wp-content\/uploads\/2017\/06\/DSC_0236-768x917.jpg 768w, https:\/\/noticiasemdestaque.com\/cd\/wp-content\/uploads\/2017\/06\/DSC_0236-857x1024.jpg 857w\" sizes=\"(max-width: 251px) 100vw, 251px\" \/><\/p>\n<p>A vereadora Br\u00edgida Xavier, apresentou requerimento solicitando a constru\u00e7\u00e3o de um cart\u00e3o postal na Pra\u00e7a Jos\u00e9 Am\u00e9rico, com o letreiro \u201cEu Amo Sum\u00e9\u201d, assim como foi feito para a ornamenta\u00e7\u00e3o do S\u00e3o Jo\u00e3o, mas de forma permanente.<\/p>\n<p><img decoding=\"async\" class=\"wp-image-770 aligncenter\" src=\"http:\/\/caririemdestaque.com\/cd\/wp-content\/uploads\/2017\/06\/19260676_1073664492767080_7711811499233032100_n-300x199.jpg\" alt=\"\" width=\"401\" height=\"266\" srcset=\"https:\/\/noticiasemdestaque.com\/cd\/wp-content\/uploads\/2017\/06\/19260676_1073664492767080_7711811499233032100_n-300x199.jpg 300w, https:\/\/noticiasemdestaque.com\/cd\/wp-content\/uploads\/2017\/06\/19260676_1073664492767080_7711811499233032100_n-768x510.jpg 768w, https:\/\/noticiasemdestaque.com\/cd\/wp-content\/uploads\/2017\/06\/19260676_1073664492767080_7711811499233032100_n-480x320.jpg 480w, https:\/\/noticiasemdestaque.com\/cd\/wp-content\/uploads\/2017\/06\/19260676_1073664492767080_7711811499233032100_n.jpg 960w\" sizes=\"(max-width: 401px) 100vw, 401px\" \/><\/p>\n<p>A vereadora Br\u00edgida Xavier apresentou ainda, requerimento solicitando a realiza\u00e7\u00e3o de uma feira de caprinos no munic\u00edpio de Sum\u00e9, assim que a atual feira de gado passe a funcionar no Parque Jo\u00e3o Albino Pedrosa.<br \/>\n<img loading=\"lazy\" decoding=\"async\" class=\"size-medium wp-image-766 aligncenter\" src=\"http:\/\/caririemdestaque.com\/cd\/wp-content\/uploads\/2017\/06\/DSC_0237-300x295.jpg\" alt=\"\" width=\"300\" height=\"295\" srcset=\"https:\/\/noticiasemdestaque.com\/cd\/wp-content\/uploads\/2017\/06\/DSC_0237-300x295.jpg 300w, https:\/\/noticiasemdestaque.com\/cd\/wp-content\/uploads\/2017\/06\/DSC_0237-768x755.jpg 768w, https:\/\/noticiasemdestaque.com\/cd\/wp-content\/uploads\/2017\/06\/DSC_0237-1024x1007.jpg 1024w\" sizes=\"(max-width: 300px) 100vw, 300px\" \/><\/p>\n<p>O vereador Antonio Carlos, usou a tribuna para demonstrar a sua preocupa\u00e7\u00e3o com o fim dos contratos dos servidores, ap\u00f3s decis\u00e3o judicial.\u00a0 Antonio Carlos destacou que o prefeito \u00c9den Duarte ter\u00e1 uma reuni\u00e3o nesta quinta-feira com o MP (Minist\u00e9rio P\u00fablico) para decidir a continuidade de alguns contratados at\u00e9 que o concurso seja realizado.<\/p>\n<p><img loading=\"lazy\" decoding=\"async\" class=\"size-medium wp-image-763 aligncenter\" src=\"http:\/\/caririemdestaque.com\/cd\/wp-content\/uploads\/2017\/06\/DSC_0233-211x300.jpg\" alt=\"\" width=\"211\" height=\"300\" srcset=\"https:\/\/noticiasemdestaque.com\/cd\/wp-content\/uploads\/2017\/06\/DSC_0233-211x300.jpg 211w, https:\/\/noticiasemdestaque.com\/cd\/wp-content\/uploads\/2017\/06\/DSC_0233-768x1092.jpg 768w, https:\/\/noticiasemdestaque.com\/cd\/wp-content\/uploads\/2017\/06\/DSC_0233-720x1024.jpg 720w\" sizes=\"(max-width: 211px) 100vw, 211px\" \/><\/p>\n<p>O vereador Daniel L\u00eala, destacou o empenho do prefeito \u00c9den Duarte para o n\u00e3o fechamento das escolas da zona rural. Daniel L\u00eala falou ainda, da import\u00e2ncia da realiza\u00e7\u00e3o de eventos culturais, como a Cavalgada do Agricultor e Festival de Violeiros, o vereador parabenizou os organizadores do S\u00e3o Jo\u00e3o de Sum\u00e9 \u00a0pela valoriza\u00e7\u00e3o do aut\u00eantico forr\u00f3.<\/p>\n<p><img loading=\"lazy\" decoding=\"async\" class=\"size-medium wp-image-764 aligncenter\" src=\"http:\/\/caririemdestaque.com\/cd\/wp-content\/uploads\/2017\/06\/DSC_0235-262x300.jpg\" alt=\"\" width=\"262\" height=\"300\" srcset=\"https:\/\/noticiasemdestaque.com\/cd\/wp-content\/uploads\/2017\/06\/DSC_0235-262x300.jpg 262w, https:\/\/noticiasemdestaque.com\/cd\/wp-content\/uploads\/2017\/06\/DSC_0235-768x878.jpg 768w, https:\/\/noticiasemdestaque.com\/cd\/wp-content\/uploads\/2017\/06\/DSC_0235-895x1024.jpg 895w\" sizes=\"(max-width: 262px) 100vw, 262px\" \/><\/p>\n<p>O l\u00edder do Governo na C\u00e2mara, Le\u00f4nidas Albino (Bomba) afirmou que a \u00faltima reuni\u00e3o do primeiro semestre foi riqu\u00edssima em debater melhores dias para o munic\u00edpio diante de alguns problemas encontrados neste momento pela gest\u00e3o do prefeito \u00c9den, como a decis\u00e3o judicial para acabar com os contratos dos servidores.<\/p>\n<p>Bomba informou que o prefeito \u00c9den Duarte, esteve visitando o DNOCS (Departamento Nacional de Obras Contra as Secas) para solicitar um estudo t\u00e9cnico para analisar a abertura das comportas do a\u00e7ude, para que a \u00e1gua des\u00e7a para o per\u00edmetro irrigado, al\u00e9m da limpeza do balde e sangradouro do a\u00e7ude de Sum\u00e9.<\/p>\n<p><img loading=\"lazy\" decoding=\"async\" class=\"size-medium wp-image-762 aligncenter\" src=\"http:\/\/caririemdestaque.com\/cd\/wp-content\/uploads\/2017\/06\/DSC_0232-300x296.jpg\" alt=\"\" width=\"300\" height=\"296\" srcset=\"https:\/\/noticiasemdestaque.com\/cd\/wp-content\/uploads\/2017\/06\/DSC_0232-300x296.jpg 300w, https:\/\/noticiasemdestaque.com\/cd\/wp-content\/uploads\/2017\/06\/DSC_0232-768x758.jpg 768w, https:\/\/noticiasemdestaque.com\/cd\/wp-content\/uploads\/2017\/06\/DSC_0232-1024x1010.jpg 1024w\" sizes=\"(max-width: 300px) 100vw, 300px\" \/><\/p>\n<p>O vereador Nilson Brito solicitou a revis\u00e3o na forma do pagamento da taxa dos feirantes no Mercado P\u00fablico, de forma que esse pagamento possa ser feito semanalmente ou mensalmente, de acordo com a escolha do feirante. Nilson solicitou ainda que o valor cobrado possa ser estabelecido de acordo com o produto comercializado.<\/p>\n<p><img loading=\"lazy\" decoding=\"async\" class=\"size-medium wp-image-761 aligncenter\" src=\"http:\/\/caririemdestaque.com\/cd\/wp-content\/uploads\/2017\/06\/DSC_0231-240x300.jpg\" alt=\"\" width=\"240\" height=\"300\" srcset=\"https:\/\/noticiasemdestaque.com\/cd\/wp-content\/uploads\/2017\/06\/DSC_0231-240x300.jpg 240w, https:\/\/noticiasemdestaque.com\/cd\/wp-content\/uploads\/2017\/06\/DSC_0231-768x958.jpg 768w, https:\/\/noticiasemdestaque.com\/cd\/wp-content\/uploads\/2017\/06\/DSC_0231-821x1024.jpg 821w\" sizes=\"(max-width: 240px) 100vw, 240px\" \/><\/p>\n<p>O vereador Bonilson Timot\u00e9o tamb\u00e9m comentou a possibilidade da justi\u00e7a permitir a contrata\u00e7\u00e3o de alguns servidores at\u00e9 que o concurso p\u00fablico aconte\u00e7a. De acordo com o vereador ele sempre confiou no empenho do prefeito \u00c9den Duarte, para que os servi\u00e7os essenciais da gest\u00e3o p\u00fablica possam ser mantidos em funcionamento.<\/p>\n<p><img loading=\"lazy\" decoding=\"async\" class=\"size-medium wp-image-769 aligncenter\" src=\"http:\/\/caririemdestaque.com\/cd\/wp-content\/uploads\/2017\/06\/DSC_0240-300x241.jpg\" alt=\"\" width=\"300\" height=\"241\" srcset=\"https:\/\/noticiasemdestaque.com\/cd\/wp-content\/uploads\/2017\/06\/DSC_0240-300x241.jpg 300w, https:\/\/noticiasemdestaque.com\/cd\/wp-content\/uploads\/2017\/06\/DSC_0240-768x617.jpg 768w, https:\/\/noticiasemdestaque.com\/cd\/wp-content\/uploads\/2017\/06\/DSC_0240-1024x823.jpg 1024w\" sizes=\"(max-width: 300px) 100vw, 300px\" \/><\/p>\n<p>O presidente da C\u00e2mara, Jos\u00e9 Antonio, avaliou de forma positiva o primeiro semestre do legislativo sumeense, afirmou que os vereadores estar\u00e3o atentos e ser\u00e3o parceiros com o prefeito \u00c9den Duarte com o fim dos contratos dos servidores, para que a popula\u00e7\u00e3o n\u00e3o seja prejudicada.<\/p>\n<p><strong><em>Cariri em Destaque <\/em><\/strong><\/p>\n<p>&nbsp;<\/p>\n","protected":false},"excerpt":{"rendered":"<p>Nesta ter\u00e7a-feira (20\/06) a C\u00e2mara de Vereadores de Sum\u00e9 realizou a \u00faltima reuni\u00e3o antes do recesso do meio do ano. A vereadora Br\u00edgida Xavier, apresentou requerimento solicitando a constru\u00e7\u00e3o de um cart\u00e3o postal na Pra\u00e7a Jos\u00e9 Am\u00e9rico, com o letreiro \u201cEu Amo Sum\u00e9\u201d, assim como foi feito para a ornamenta\u00e7\u00e3o do S\u00e3o Jo\u00e3o, mas de forma permanente. A vereadora Br\u00edgida Xavier apresentou ainda, requerimento solicitando a realiza\u00e7\u00e3o de uma feira de caprinos no munic\u00edpio de Sum\u00e9, assim que a atual feira de gado passe a funcionar no Parque Jo\u00e3o Albino Pedrosa. O vereador Antonio Carlos, usou a tribuna para demonstrar a sua preocupa\u00e7\u00e3o com o fim dos contratos dos servidores, ap\u00f3s decis\u00e3o judicial.\u00a0 Antonio Carlos destacou que o prefeito \u00c9den Duarte ter\u00e1 uma reuni\u00e3o nesta quinta-feira com o MP (Minist\u00e9rio P\u00fablico) para decidir a continuidade de alguns contratados at\u00e9 que o concurso seja realizado. O vereador Daniel L\u00eala, destacou o empenho do prefeito \u00c9den Duarte para o n\u00e3o fechamento das escolas da zona rural. Daniel L\u00eala falou ainda, da import\u00e2ncia da realiza\u00e7\u00e3o de eventos culturais, como a Cavalgada do Agricultor e Festival de Violeiros, o vereador parabenizou os organizadores do S\u00e3o Jo\u00e3o de Sum\u00e9 \u00a0pela valoriza\u00e7\u00e3o do aut\u00eantico forr\u00f3. O l\u00edder do Governo na C\u00e2mara, Le\u00f4nidas Albino (Bomba) afirmou que a \u00faltima reuni\u00e3o do primeiro semestre foi riqu\u00edssima em debater melhores dias para o munic\u00edpio diante de alguns problemas encontrados neste momento pela gest\u00e3o do prefeito \u00c9den, como a decis\u00e3o judicial para acabar com os contratos dos servidores. Bomba informou que o prefeito \u00c9den Duarte, esteve visitando o DNOCS (Departamento Nacional de Obras Contra as Secas) para solicitar um estudo t\u00e9cnico para analisar a abertura das comportas do a\u00e7ude, para que a \u00e1gua des\u00e7a para o per\u00edmetro irrigado, al\u00e9m da limpeza do balde e sangradouro do a\u00e7ude de Sum\u00e9. O vereador Nilson Brito solicitou a revis\u00e3o na forma do pagamento da taxa dos feirantes no Mercado P\u00fablico, de forma que esse pagamento possa ser feito semanalmente ou mensalmente, de acordo com a escolha do feirante. Nilson solicitou ainda que o valor cobrado possa ser estabelecido de acordo com o produto comercializado. O vereador Bonilson Timot\u00e9o tamb\u00e9m comentou a possibilidade da justi\u00e7a permitir a contrata\u00e7\u00e3o de alguns servidores at\u00e9 que o concurso p\u00fablico aconte\u00e7a. De acordo com o vereador ele sempre confiou no empenho do prefeito \u00c9den Duarte, para que os servi\u00e7os essenciais da gest\u00e3o p\u00fablica possam ser mantidos em funcionamento. O presidente da C\u00e2mara, Jos\u00e9 Antonio, avaliou de forma positiva o primeiro semestre do legislativo sumeense, afirmou que os vereadores estar\u00e3o atentos e ser\u00e3o parceiros com o prefeito \u00c9den Duarte com o fim dos contratos dos servidores, para que a popula\u00e7\u00e3o n\u00e3o seja prejudicada. Cariri em Destaque &nbsp;<\/p>\n","protected":false},"author":2,"featured_media":0,"comment_status":"closed","ping_status":"open","sticky":false,"template":"","format":"standard","meta":{"_eb_attr":"","_jetpack_memberships_contains_paid_content":false,"footnotes":""},"categories":[4],"tags":[],"class_list":["post-759","post","type-post","status-publish","format-standard","hentry","category-politica"],"yoast_head":"<!-- This site is optimized with the Yoast SEO plugin v26.5 - https:\/\/yoast.com\/wordpress\/plugins\/seo\/ -->\n<title>C\u00e2mara de Vereadores de Sum\u00e9 destaca empenho do prefeito \u00c9den para que as escolas da zona rural n\u00e3o fechem - Not&iacute;cias em Destaque<\/title>\n<meta name=\"robots\" content=\"index, follow, max-snippet:-1, max-image-preview:large, max-video-preview:-1\" \/>\n<link rel=\"canonical\" href=\"https:\/\/noticiasemdestaque.com\/cd\/?p=759\" \/>\n<meta property=\"og:locale\" content=\"pt_BR\" \/>\n<meta property=\"og:type\" content=\"article\" \/>\n<meta property=\"og:title\" content=\"C\u00e2mara de Vereadores de Sum\u00e9 destaca empenho do prefeito \u00c9den para que as escolas da zona rural n\u00e3o fechem - Not&iacute;cias em Destaque\" \/>\n<meta property=\"og:description\" content=\"Nesta ter\u00e7a-feira (20\/06) a C\u00e2mara de Vereadores de Sum\u00e9 realizou a \u00faltima reuni\u00e3o antes do recesso do meio do ano. A vereadora Br\u00edgida Xavier, apresentou requerimento solicitando a constru\u00e7\u00e3o de um cart\u00e3o postal na Pra\u00e7a Jos\u00e9 Am\u00e9rico, com o letreiro \u201cEu Amo Sum\u00e9\u201d, assim como foi feito para a ornamenta\u00e7\u00e3o do S\u00e3o Jo\u00e3o, mas de forma permanente. A vereadora Br\u00edgida Xavier apresentou ainda, requerimento solicitando a realiza\u00e7\u00e3o de uma feira de caprinos no munic\u00edpio de Sum\u00e9, assim que a atual feira de gado passe a funcionar no Parque Jo\u00e3o Albino Pedrosa. O vereador Antonio Carlos, usou a tribuna para demonstrar a sua preocupa\u00e7\u00e3o com o fim dos contratos dos servidores, ap\u00f3s decis\u00e3o judicial.\u00a0 Antonio Carlos destacou que o prefeito \u00c9den Duarte ter\u00e1 uma reuni\u00e3o nesta quinta-feira com o MP (Minist\u00e9rio P\u00fablico) para decidir a continuidade de alguns contratados at\u00e9 que o concurso seja realizado. O vereador Daniel L\u00eala, destacou o empenho do prefeito \u00c9den Duarte para o n\u00e3o fechamento das escolas da zona rural. Daniel L\u00eala falou ainda, da import\u00e2ncia da realiza\u00e7\u00e3o de eventos culturais, como a Cavalgada do Agricultor e Festival de Violeiros, o vereador parabenizou os organizadores do S\u00e3o Jo\u00e3o de Sum\u00e9 \u00a0pela valoriza\u00e7\u00e3o do aut\u00eantico forr\u00f3. O l\u00edder do Governo na C\u00e2mara, Le\u00f4nidas Albino (Bomba) afirmou que a \u00faltima reuni\u00e3o do primeiro semestre foi riqu\u00edssima em debater melhores dias para o munic\u00edpio diante de alguns problemas encontrados neste momento pela gest\u00e3o do prefeito \u00c9den, como a decis\u00e3o judicial para acabar com os contratos dos servidores. Bomba informou que o prefeito \u00c9den Duarte, esteve visitando o DNOCS (Departamento Nacional de Obras Contra as Secas) para solicitar um estudo t\u00e9cnico para analisar a abertura das comportas do a\u00e7ude, para que a \u00e1gua des\u00e7a para o per\u00edmetro irrigado, al\u00e9m da limpeza do balde e sangradouro do a\u00e7ude de Sum\u00e9. O vereador Nilson Brito solicitou a revis\u00e3o na forma do pagamento da taxa dos feirantes no Mercado P\u00fablico, de forma que esse pagamento possa ser feito semanalmente ou mensalmente, de acordo com a escolha do feirante. Nilson solicitou ainda que o valor cobrado possa ser estabelecido de acordo com o produto comercializado. O vereador Bonilson Timot\u00e9o tamb\u00e9m comentou a possibilidade da justi\u00e7a permitir a contrata\u00e7\u00e3o de alguns servidores at\u00e9 que o concurso p\u00fablico aconte\u00e7a. De acordo com o vereador ele sempre confiou no empenho do prefeito \u00c9den Duarte, para que os servi\u00e7os essenciais da gest\u00e3o p\u00fablica possam ser mantidos em funcionamento. O presidente da C\u00e2mara, Jos\u00e9 Antonio, avaliou de forma positiva o primeiro semestre do legislativo sumeense, afirmou que os vereadores estar\u00e3o atentos e ser\u00e3o parceiros com o prefeito \u00c9den Duarte com o fim dos contratos dos servidores, para que a popula\u00e7\u00e3o n\u00e3o seja prejudicada. Cariri em Destaque &nbsp;\" \/>\n<meta property=\"og:url\" content=\"https:\/\/noticiasemdestaque.com\/cd\/?p=759\" \/>\n<meta property=\"og:site_name\" content=\"Not&iacute;cias em Destaque\" \/>\n<meta property=\"article:published_time\" content=\"2017-06-21T17:36:46+00:00\" \/>\n<meta property=\"article:modified_time\" content=\"2017-06-22T16:23:12+00:00\" \/>\n<meta property=\"og:image\" content=\"http:\/\/caririemdestaque.com\/cd\/wp-content\/uploads\/2017\/06\/DSC_0229-300x199.jpg\" \/>\n<meta name=\"author\" content=\"Not\u00edcias em Destaque\" \/>\n<meta name=\"twitter:card\" content=\"summary_large_image\" \/>\n<meta name=\"twitter:label1\" content=\"Escrito por\" \/>\n\t<meta name=\"twitter:data1\" content=\"Not\u00edcias em Destaque\" \/>\n\t<meta name=\"twitter:label2\" content=\"Est. tempo de leitura\" \/>\n\t<meta name=\"twitter:data2\" content=\"3 minutos\" \/>\n<script type=\"application\/ld+json\" class=\"yoast-schema-graph\">{\"@context\":\"https:\/\/schema.org\",\"@graph\":[{\"@type\":\"Article\",\"@id\":\"https:\/\/noticiasemdestaque.com\/cd\/?p=759#article\",\"isPartOf\":{\"@id\":\"https:\/\/noticiasemdestaque.com\/cd\/?p=759\"},\"author\":{\"name\":\"Not\u00edcias em Destaque\",\"@id\":\"https:\/\/noticiasemdestaque.com\/cd\/#\/schema\/person\/47f7d4f55eec17c6b2ca036c5500f6ce\"},\"headline\":\"C\u00e2mara de Vereadores de Sum\u00e9 destaca empenho do prefeito \u00c9den para que as escolas da zona rural n\u00e3o fechem\",\"datePublished\":\"2017-06-21T17:36:46+00:00\",\"dateModified\":\"2017-06-22T16:23:12+00:00\",\"mainEntityOfPage\":{\"@id\":\"https:\/\/noticiasemdestaque.com\/cd\/?p=759\"},\"wordCount\":528,\"publisher\":{\"@id\":\"https:\/\/noticiasemdestaque.com\/cd\/#organization\"},\"image\":{\"@id\":\"https:\/\/noticiasemdestaque.com\/cd\/?p=759#primaryimage\"},\"thumbnailUrl\":\"http:\/\/caririemdestaque.com\/cd\/wp-content\/uploads\/2017\/06\/DSC_0229-300x199.jpg\",\"articleSection\":[\"Pol\u00edtica\"],\"inLanguage\":\"pt-BR\"},{\"@type\":\"WebPage\",\"@id\":\"https:\/\/noticiasemdestaque.com\/cd\/?p=759\",\"url\":\"https:\/\/noticiasemdestaque.com\/cd\/?p=759\",\"name\":\"C\u00e2mara de Vereadores de Sum\u00e9 destaca empenho do prefeito \u00c9den para que as escolas da zona rural n\u00e3o fechem - Not&iacute;cias em Destaque\",\"isPartOf\":{\"@id\":\"https:\/\/noticiasemdestaque.com\/cd\/#website\"},\"primaryImageOfPage\":{\"@id\":\"https:\/\/noticiasemdestaque.com\/cd\/?p=759#primaryimage\"},\"image\":{\"@id\":\"https:\/\/noticiasemdestaque.com\/cd\/?p=759#primaryimage\"},\"thumbnailUrl\":\"http:\/\/caririemdestaque.com\/cd\/wp-content\/uploads\/2017\/06\/DSC_0229-300x199.jpg\",\"datePublished\":\"2017-06-21T17:36:46+00:00\",\"dateModified\":\"2017-06-22T16:23:12+00:00\",\"breadcrumb\":{\"@id\":\"https:\/\/noticiasemdestaque.com\/cd\/?p=759#breadcrumb\"},\"inLanguage\":\"pt-BR\",\"potentialAction\":[{\"@type\":\"ReadAction\",\"target\":[\"https:\/\/noticiasemdestaque.com\/cd\/?p=759\"]}]},{\"@type\":\"ImageObject\",\"inLanguage\":\"pt-BR\",\"@id\":\"https:\/\/noticiasemdestaque.com\/cd\/?p=759#primaryimage\",\"url\":\"http:\/\/caririemdestaque.com\/cd\/wp-content\/uploads\/2017\/06\/DSC_0229-300x199.jpg\",\"contentUrl\":\"http:\/\/caririemdestaque.com\/cd\/wp-content\/uploads\/2017\/06\/DSC_0229-300x199.jpg\"},{\"@type\":\"BreadcrumbList\",\"@id\":\"https:\/\/noticiasemdestaque.com\/cd\/?p=759#breadcrumb\",\"itemListElement\":[{\"@type\":\"ListItem\",\"position\":1,\"name\":\"In\u00edcio\",\"item\":\"https:\/\/noticiasemdestaque.com\/cd\/\"},{\"@type\":\"ListItem\",\"position\":2,\"name\":\"C\u00e2mara de Vereadores de Sum\u00e9 destaca empenho do prefeito \u00c9den para que as escolas da zona rural n\u00e3o fechem\"}]},{\"@type\":\"WebSite\",\"@id\":\"https:\/\/noticiasemdestaque.com\/cd\/#website\",\"url\":\"https:\/\/noticiasemdestaque.com\/cd\/\",\"name\":\"Not&iacute;cias em Destaque\",\"description\":\"\",\"publisher\":{\"@id\":\"https:\/\/noticiasemdestaque.com\/cd\/#organization\"},\"potentialAction\":[{\"@type\":\"SearchAction\",\"target\":{\"@type\":\"EntryPoint\",\"urlTemplate\":\"https:\/\/noticiasemdestaque.com\/cd\/?s={search_term_string}\"},\"query-input\":{\"@type\":\"PropertyValueSpecification\",\"valueRequired\":true,\"valueName\":\"search_term_string\"}}],\"inLanguage\":\"pt-BR\"},{\"@type\":\"Organization\",\"@id\":\"https:\/\/noticiasemdestaque.com\/cd\/#organization\",\"name\":\"Not\u00edcias em Destaque\",\"url\":\"https:\/\/noticiasemdestaque.com\/cd\/\",\"logo\":{\"@type\":\"ImageObject\",\"inLanguage\":\"pt-BR\",\"@id\":\"https:\/\/noticiasemdestaque.com\/cd\/#\/schema\/logo\/image\/\",\"url\":\"https:\/\/noticiasemdestaque.com\/cd\/wp-content\/uploads\/2022\/05\/imagem-base-noticiasemdestaque.png\",\"contentUrl\":\"https:\/\/noticiasemdestaque.com\/cd\/wp-content\/uploads\/2022\/05\/imagem-base-noticiasemdestaque.png\",\"width\":1200,\"height\":630,\"caption\":\"Not\u00edcias em Destaque\"},\"image\":{\"@id\":\"https:\/\/noticiasemdestaque.com\/cd\/#\/schema\/logo\/image\/\"}},{\"@type\":\"Person\",\"@id\":\"https:\/\/noticiasemdestaque.com\/cd\/#\/schema\/person\/47f7d4f55eec17c6b2ca036c5500f6ce\",\"name\":\"Not\u00edcias em Destaque\",\"url\":\"https:\/\/noticiasemdestaque.com\/cd\/?author=2\"}]}<\/script>\n<!-- \/ Yoast SEO plugin. -->","yoast_head_json":{"title":"C\u00e2mara de Vereadores de Sum\u00e9 destaca empenho do prefeito \u00c9den para que as escolas da zona rural n\u00e3o fechem - Not&iacute;cias em Destaque","robots":{"index":"index","follow":"follow","max-snippet":"max-snippet:-1","max-image-preview":"max-image-preview:large","max-video-preview":"max-video-preview:-1"},"canonical":"https:\/\/noticiasemdestaque.com\/cd\/?p=759","og_locale":"pt_BR","og_type":"article","og_title":"C\u00e2mara de Vereadores de Sum\u00e9 destaca empenho do prefeito \u00c9den para que as escolas da zona rural n\u00e3o fechem - Not&iacute;cias em Destaque","og_description":"Nesta ter\u00e7a-feira (20\/06) a C\u00e2mara de Vereadores de Sum\u00e9 realizou a \u00faltima reuni\u00e3o antes do recesso do meio do ano. A vereadora Br\u00edgida Xavier, apresentou requerimento solicitando a constru\u00e7\u00e3o de um cart\u00e3o postal na Pra\u00e7a Jos\u00e9 Am\u00e9rico, com o letreiro \u201cEu Amo Sum\u00e9\u201d, assim como foi feito para a ornamenta\u00e7\u00e3o do S\u00e3o Jo\u00e3o, mas de forma permanente. A vereadora Br\u00edgida Xavier apresentou ainda, requerimento solicitando a realiza\u00e7\u00e3o de uma feira de caprinos no munic\u00edpio de Sum\u00e9, assim que a atual feira de gado passe a funcionar no Parque Jo\u00e3o Albino Pedrosa. O vereador Antonio Carlos, usou a tribuna para demonstrar a sua preocupa\u00e7\u00e3o com o fim dos contratos dos servidores, ap\u00f3s decis\u00e3o judicial.\u00a0 Antonio Carlos destacou que o prefeito \u00c9den Duarte ter\u00e1 uma reuni\u00e3o nesta quinta-feira com o MP (Minist\u00e9rio P\u00fablico) para decidir a continuidade de alguns contratados at\u00e9 que o concurso seja realizado. O vereador Daniel L\u00eala, destacou o empenho do prefeito \u00c9den Duarte para o n\u00e3o fechamento das escolas da zona rural. Daniel L\u00eala falou ainda, da import\u00e2ncia da realiza\u00e7\u00e3o de eventos culturais, como a Cavalgada do Agricultor e Festival de Violeiros, o vereador parabenizou os organizadores do S\u00e3o Jo\u00e3o de Sum\u00e9 \u00a0pela valoriza\u00e7\u00e3o do aut\u00eantico forr\u00f3. O l\u00edder do Governo na C\u00e2mara, Le\u00f4nidas Albino (Bomba) afirmou que a \u00faltima reuni\u00e3o do primeiro semestre foi riqu\u00edssima em debater melhores dias para o munic\u00edpio diante de alguns problemas encontrados neste momento pela gest\u00e3o do prefeito \u00c9den, como a decis\u00e3o judicial para acabar com os contratos dos servidores. Bomba informou que o prefeito \u00c9den Duarte, esteve visitando o DNOCS (Departamento Nacional de Obras Contra as Secas) para solicitar um estudo t\u00e9cnico para analisar a abertura das comportas do a\u00e7ude, para que a \u00e1gua des\u00e7a para o per\u00edmetro irrigado, al\u00e9m da limpeza do balde e sangradouro do a\u00e7ude de Sum\u00e9. O vereador Nilson Brito solicitou a revis\u00e3o na forma do pagamento da taxa dos feirantes no Mercado P\u00fablico, de forma que esse pagamento possa ser feito semanalmente ou mensalmente, de acordo com a escolha do feirante. Nilson solicitou ainda que o valor cobrado possa ser estabelecido de acordo com o produto comercializado. O vereador Bonilson Timot\u00e9o tamb\u00e9m comentou a possibilidade da justi\u00e7a permitir a contrata\u00e7\u00e3o de alguns servidores at\u00e9 que o concurso p\u00fablico aconte\u00e7a. De acordo com o vereador ele sempre confiou no empenho do prefeito \u00c9den Duarte, para que os servi\u00e7os essenciais da gest\u00e3o p\u00fablica possam ser mantidos em funcionamento. O presidente da C\u00e2mara, Jos\u00e9 Antonio, avaliou de forma positiva o primeiro semestre do legislativo sumeense, afirmou que os vereadores estar\u00e3o atentos e ser\u00e3o parceiros com o prefeito \u00c9den Duarte com o fim dos contratos dos servidores, para que a popula\u00e7\u00e3o n\u00e3o seja prejudicada. Cariri em Destaque &nbsp;","og_url":"https:\/\/noticiasemdestaque.com\/cd\/?p=759","og_site_name":"Not&iacute;cias em Destaque","article_published_time":"2017-06-21T17:36:46+00:00","article_modified_time":"2017-06-22T16:23:12+00:00","og_image":[{"url":"http:\/\/caririemdestaque.com\/cd\/wp-content\/uploads\/2017\/06\/DSC_0229-300x199.jpg","type":"","width":"","height":""}],"author":"Not\u00edcias em Destaque","twitter_card":"summary_large_image","twitter_misc":{"Escrito por":"Not\u00edcias em Destaque","Est. tempo de leitura":"3 minutos"},"schema":{"@context":"https:\/\/schema.org","@graph":[{"@type":"Article","@id":"https:\/\/noticiasemdestaque.com\/cd\/?p=759#article","isPartOf":{"@id":"https:\/\/noticiasemdestaque.com\/cd\/?p=759"},"author":{"name":"Not\u00edcias em Destaque","@id":"https:\/\/noticiasemdestaque.com\/cd\/#\/schema\/person\/47f7d4f55eec17c6b2ca036c5500f6ce"},"headline":"C\u00e2mara de Vereadores de Sum\u00e9 destaca empenho do prefeito \u00c9den para que as escolas da zona rural n\u00e3o fechem","datePublished":"2017-06-21T17:36:46+00:00","dateModified":"2017-06-22T16:23:12+00:00","mainEntityOfPage":{"@id":"https:\/\/noticiasemdestaque.com\/cd\/?p=759"},"wordCount":528,"publisher":{"@id":"https:\/\/noticiasemdestaque.com\/cd\/#organization"},"image":{"@id":"https:\/\/noticiasemdestaque.com\/cd\/?p=759#primaryimage"},"thumbnailUrl":"http:\/\/caririemdestaque.com\/cd\/wp-content\/uploads\/2017\/06\/DSC_0229-300x199.jpg","articleSection":["Pol\u00edtica"],"inLanguage":"pt-BR"},{"@type":"WebPage","@id":"https:\/\/noticiasemdestaque.com\/cd\/?p=759","url":"https:\/\/noticiasemdestaque.com\/cd\/?p=759","name":"C\u00e2mara de Vereadores de Sum\u00e9 destaca empenho do prefeito \u00c9den para que as escolas da zona rural n\u00e3o fechem - Not&iacute;cias em Destaque","isPartOf":{"@id":"https:\/\/noticiasemdestaque.com\/cd\/#website"},"primaryImageOfPage":{"@id":"https:\/\/noticiasemdestaque.com\/cd\/?p=759#primaryimage"},"image":{"@id":"https:\/\/noticiasemdestaque.com\/cd\/?p=759#primaryimage"},"thumbnailUrl":"http:\/\/caririemdestaque.com\/cd\/wp-content\/uploads\/2017\/06\/DSC_0229-300x199.jpg","datePublished":"2017-06-21T17:36:46+00:00","dateModified":"2017-06-22T16:23:12+00:00","breadcrumb":{"@id":"https:\/\/noticiasemdestaque.com\/cd\/?p=759#breadcrumb"},"inLanguage":"pt-BR","potentialAction":[{"@type":"ReadAction","target":["https:\/\/noticiasemdestaque.com\/cd\/?p=759"]}]},{"@type":"ImageObject","inLanguage":"pt-BR","@id":"https:\/\/noticiasemdestaque.com\/cd\/?p=759#primaryimage","url":"http:\/\/caririemdestaque.com\/cd\/wp-content\/uploads\/2017\/06\/DSC_0229-300x199.jpg","contentUrl":"http:\/\/caririemdestaque.com\/cd\/wp-content\/uploads\/2017\/06\/DSC_0229-300x199.jpg"},{"@type":"BreadcrumbList","@id":"https:\/\/noticiasemdestaque.com\/cd\/?p=759#breadcrumb","itemListElement":[{"@type":"ListItem","position":1,"name":"In\u00edcio","item":"https:\/\/noticiasemdestaque.com\/cd\/"},{"@type":"ListItem","position":2,"name":"C\u00e2mara de Vereadores de Sum\u00e9 destaca empenho do prefeito \u00c9den para que as escolas da zona rural n\u00e3o fechem"}]},{"@type":"WebSite","@id":"https:\/\/noticiasemdestaque.com\/cd\/#website","url":"https:\/\/noticiasemdestaque.com\/cd\/","name":"Not&iacute;cias em Destaque","description":"","publisher":{"@id":"https:\/\/noticiasemdestaque.com\/cd\/#organization"},"potentialAction":[{"@type":"SearchAction","target":{"@type":"EntryPoint","urlTemplate":"https:\/\/noticiasemdestaque.com\/cd\/?s={search_term_string}"},"query-input":{"@type":"PropertyValueSpecification","valueRequired":true,"valueName":"search_term_string"}}],"inLanguage":"pt-BR"},{"@type":"Organization","@id":"https:\/\/noticiasemdestaque.com\/cd\/#organization","name":"Not\u00edcias em Destaque","url":"https:\/\/noticiasemdestaque.com\/cd\/","logo":{"@type":"ImageObject","inLanguage":"pt-BR","@id":"https:\/\/noticiasemdestaque.com\/cd\/#\/schema\/logo\/image\/","url":"https:\/\/noticiasemdestaque.com\/cd\/wp-content\/uploads\/2022\/05\/imagem-base-noticiasemdestaque.png","contentUrl":"https:\/\/noticiasemdestaque.com\/cd\/wp-content\/uploads\/2022\/05\/imagem-base-noticiasemdestaque.png","width":1200,"height":630,"caption":"Not\u00edcias em Destaque"},"image":{"@id":"https:\/\/noticiasemdestaque.com\/cd\/#\/schema\/logo\/image\/"}},{"@type":"Person","@id":"https:\/\/noticiasemdestaque.com\/cd\/#\/schema\/person\/47f7d4f55eec17c6b2ca036c5500f6ce","name":"Not\u00edcias em Destaque","url":"https:\/\/noticiasemdestaque.com\/cd\/?author=2"}]}},"jetpack_featured_media_url":"","jetpack_sharing_enabled":true,"_links":{"self":[{"href":"https:\/\/noticiasemdestaque.com\/cd\/index.php?rest_route=\/wp\/v2\/posts\/759","targetHints":{"allow":["GET"]}}],"collection":[{"href":"https:\/\/noticiasemdestaque.com\/cd\/index.php?rest_route=\/wp\/v2\/posts"}],"about":[{"href":"https:\/\/noticiasemdestaque.com\/cd\/index.php?rest_route=\/wp\/v2\/types\/post"}],"author":[{"embeddable":true,"href":"https:\/\/noticiasemdestaque.com\/cd\/index.php?rest_route=\/wp\/v2\/users\/2"}],"replies":[{"embeddable":true,"href":"https:\/\/noticiasemdestaque.com\/cd\/index.php?rest_route=%2Fwp%2Fv2%2Fcomments&post=759"}],"version-history":[{"count":7,"href":"https:\/\/noticiasemdestaque.com\/cd\/index.php?rest_route=\/wp\/v2\/posts\/759\/revisions"}],"predecessor-version":[{"id":805,"href":"https:\/\/noticiasemdestaque.com\/cd\/index.php?rest_route=\/wp\/v2\/posts\/759\/revisions\/805"}],"wp:attachment":[{"href":"https:\/\/noticiasemdestaque.com\/cd\/index.php?rest_route=%2Fwp%2Fv2%2Fmedia&parent=759"}],"wp:term":[{"taxonomy":"category","embeddable":true,"href":"https:\/\/noticiasemdestaque.com\/cd\/index.php?rest_route=%2Fwp%2Fv2%2Fcategories&post=759"},{"taxonomy":"post_tag","embeddable":true,"href":"https:\/\/noticiasemdestaque.com\/cd\/index.php?rest_route=%2Fwp%2Fv2%2Ftags&post=759"}],"curies":[{"name":"wp","href":"https:\/\/api.w.org\/{rel}","templated":true}]}}