{"id":75351,"date":"2025-12-15T10:22:31","date_gmt":"2025-12-15T13:22:31","guid":{"rendered":"https:\/\/noticiasemdestaque.com\/cd\/?p=75351"},"modified":"2025-12-15T10:22:31","modified_gmt":"2025-12-15T13:22:31","slug":"vice-prefeito-e-vereadores-de-bom-jesus-rompem-com-prefeita-e-aderem-projeto-dr-jhony","status":"publish","type":"post","link":"https:\/\/noticiasemdestaque.com\/cd\/?p=75351","title":{"rendered":"Vice prefeito e vereadores de Bom Jesus rompem com prefeita e aderem projeto Dr.Jhony"},"content":{"rendered":"<p><a href=\"https:\/\/noticiasemdestaque.com\/cd\/wp-content\/uploads\/2025\/12\/WhatsApp-Image-2025-12-14-at-22.51.11.jpeg\"><img fetchpriority=\"high\" decoding=\"async\" class=\" wp-image-75352 aligncenter\" src=\"https:\/\/noticiasemdestaque.com\/cd\/wp-content\/uploads\/2025\/12\/WhatsApp-Image-2025-12-14-at-22.51.11-300x169.jpeg\" alt=\"\" width=\"840\" height=\"473\" srcset=\"https:\/\/noticiasemdestaque.com\/cd\/wp-content\/uploads\/2025\/12\/WhatsApp-Image-2025-12-14-at-22.51.11-300x169.jpeg 300w, https:\/\/noticiasemdestaque.com\/cd\/wp-content\/uploads\/2025\/12\/WhatsApp-Image-2025-12-14-at-22.51.11-1024x576.jpeg 1024w, https:\/\/noticiasemdestaque.com\/cd\/wp-content\/uploads\/2025\/12\/WhatsApp-Image-2025-12-14-at-22.51.11-768x432.jpeg 768w, https:\/\/noticiasemdestaque.com\/cd\/wp-content\/uploads\/2025\/12\/WhatsApp-Image-2025-12-14-at-22.51.11.jpeg 1280w\" sizes=\"(max-width: 840px) 100vw, 840px\" \/><\/a><\/p>\n<p>A pr\u00e9-candidatura de Doutor Jhony Bezerra \u00e0 C\u00e2mara Federal ganhou um refor\u00e7o estrat\u00e9gico no Alto Sert\u00e3o paraibano com a ades\u00e3o de importantes lideran\u00e7as do munic\u00edpio de Bom Jesus, neste s\u00e1bado (13). O vice-prefeito Ediney Pereira, a vereadora Gra\u00e7a e o vereador F\u00e1bio Abel confirmaram apoio ao projeto pol\u00edtico do m\u00e9dico, ampliando a articula\u00e7\u00e3o regional e sinalizando um novo alinhamento no cen\u00e1rio local.<\/p>\n<p>A decis\u00e3o representa o rompimento dessas lideran\u00e7as com a atual gest\u00e3o municipal da prefeita Denise e refor\u00e7a a consolida\u00e7\u00e3o de um grupo pol\u00edtico que passa a caminhar ao lado de Doutor Jhony, em uma constru\u00e7\u00e3o que tem como foco o fortalecimento da parcerias para desenvolvimento regional.<\/p>\n<p>Com Bom Jesus, Doutor Jhony amplia uma base que j\u00e1 vem sendo estruturada em munic\u00edpios estrat\u00e9gicos da regi\u00e3o, como Cajazeiras, S\u00e3o Jos\u00e9 de Piranhas, S\u00e3o Jo\u00e3o do Rio do Peixe, Bonito Santa F\u00e9, Nazarezinho, Sousa e Cachoeira dos \u00cdndios, formando um bloco pol\u00edtico com presen\u00e7a expressiva em diferentes pontos do Alto Sert\u00e3o.<\/p>\n<p>Em Cachoeira dos \u00cdndios, o projeto conta com o apoio do ex-candidato a prefeito Valdez, do vereador Jaime Dantas, do presidente da C\u00e2mara Djalma e do suplente Francisco Oliveira, reunindo praticamente toda a oposi\u00e7\u00e3o local. J\u00e1 em Nazarezinho, a pr\u00e9-candidatura \u00e9 respaldada pelos vereadores Ad\u00e9francio e Ded\u00e9 do Feij\u00e3o, consolidando uma frente de oposi\u00e7\u00e3o organizada no munic\u00edpio.<\/p>\n<p>Em Cajazeiras, Doutor Jhony tamb\u00e9m soma ades\u00f5es relevantes, como o ex-presidente da C\u00e2mara Municipal Eriberto, al\u00e9m dos suplentes Humberto Coleguinho, Chico do Compressor e do comunicador Adjamilton Pereira. Em Sousa, a base pol\u00edtica inclui o vereador M\u00e1rcio das Bancas, a suplente Betinha e ex-vereadora Lana Dantas, refor\u00e7ando a presen\u00e7a do projeto em um dos principais polos do Sert\u00e3o.<\/p>\n<p>O movimento em Bom Jesus confirma a estrat\u00e9gia de Doutor Jhony de construir uma candidatura com capilaridade regional, dialogando com lideran\u00e7as pol\u00edticas, vereadores, suplentes e grupos de oposi\u00e7\u00e3o em diferentes munic\u00edpios. A meta, segundo aliados, \u00e9 fortalecer a atua\u00e7\u00e3o pol\u00edtica no Alto Sert\u00e3o da Para\u00edba.<\/p>\n<p>Com novas ades\u00f5es e alian\u00e7as em forma\u00e7\u00e3o, a pr\u00e9-candidatura de Doutor Jhony Bezerra segue avan\u00e7ando de forma consistente no interior do estado, consolidando-se como um dos projetos em crescimento na disputa por uma vaga na C\u00e2mara Federal.<\/p>\n<p><strong>Noticias em Destaque<\/strong><\/p>\n","protected":false},"excerpt":{"rendered":"<p>A pr\u00e9-candidatura de Doutor Jhony Bezerra \u00e0 C\u00e2mara Federal ganhou um refor\u00e7o estrat\u00e9gico no Alto Sert\u00e3o paraibano com a ades\u00e3o de importantes lideran\u00e7as do munic\u00edpio de Bom Jesus, neste s\u00e1bado (13). O vice-prefeito Ediney Pereira, a vereadora Gra\u00e7a e o vereador F\u00e1bio Abel confirmaram apoio ao projeto pol\u00edtico do m\u00e9dico, ampliando a articula\u00e7\u00e3o regional e sinalizando um novo alinhamento no cen\u00e1rio local. A decis\u00e3o representa o rompimento dessas lideran\u00e7as com a atual gest\u00e3o municipal da prefeita Denise e refor\u00e7a a consolida\u00e7\u00e3o de um grupo pol\u00edtico que passa a caminhar ao lado de Doutor Jhony, em uma constru\u00e7\u00e3o que tem como foco o fortalecimento da parcerias para desenvolvimento regional. Com Bom Jesus, Doutor Jhony amplia uma base que j\u00e1 vem sendo estruturada em munic\u00edpios estrat\u00e9gicos da regi\u00e3o, como Cajazeiras, S\u00e3o Jos\u00e9 de Piranhas, S\u00e3o Jo\u00e3o do Rio do Peixe, Bonito Santa F\u00e9, Nazarezinho, Sousa e Cachoeira dos \u00cdndios, formando um bloco pol\u00edtico com presen\u00e7a expressiva em diferentes pontos do Alto Sert\u00e3o. Em Cachoeira dos \u00cdndios, o projeto conta com o apoio do ex-candidato a prefeito Valdez, do vereador Jaime Dantas, do presidente da C\u00e2mara Djalma e do suplente Francisco Oliveira, reunindo praticamente toda a oposi\u00e7\u00e3o local. J\u00e1 em Nazarezinho, a pr\u00e9-candidatura \u00e9 respaldada pelos vereadores Ad\u00e9francio e Ded\u00e9 do Feij\u00e3o, consolidando uma frente de oposi\u00e7\u00e3o organizada no munic\u00edpio. Em Cajazeiras, Doutor Jhony tamb\u00e9m soma ades\u00f5es relevantes, como o ex-presidente da C\u00e2mara Municipal Eriberto, al\u00e9m dos suplentes Humberto Coleguinho, Chico do Compressor e do comunicador Adjamilton Pereira. Em Sousa, a base pol\u00edtica inclui o vereador M\u00e1rcio das Bancas, a suplente Betinha e ex-vereadora Lana Dantas, refor\u00e7ando a presen\u00e7a do projeto em um dos principais polos do Sert\u00e3o. O movimento em Bom Jesus confirma a estrat\u00e9gia de Doutor Jhony de construir uma candidatura com capilaridade regional, dialogando com lideran\u00e7as pol\u00edticas, vereadores, suplentes e grupos de oposi\u00e7\u00e3o em diferentes munic\u00edpios. A meta, segundo aliados, \u00e9 fortalecer a atua\u00e7\u00e3o pol\u00edtica no Alto Sert\u00e3o da Para\u00edba. Com novas ades\u00f5es e alian\u00e7as em forma\u00e7\u00e3o, a pr\u00e9-candidatura de Doutor Jhony Bezerra segue avan\u00e7ando de forma consistente no interior do estado, consolidando-se como um dos projetos em crescimento na disputa por uma vaga na C\u00e2mara Federal. Noticias em Destaque<\/p>\n","protected":false},"author":2,"featured_media":75352,"comment_status":"closed","ping_status":"closed","sticky":false,"template":"","format":"standard","meta":{"_eb_attr":"","_jetpack_memberships_contains_paid_content":false,"footnotes":""},"categories":[4],"tags":[],"class_list":["post-75351","post","type-post","status-publish","format-standard","has-post-thumbnail","hentry","category-politica"],"yoast_head":"<!-- This site is optimized with the Yoast SEO plugin v26.5 - https:\/\/yoast.com\/wordpress\/plugins\/seo\/ -->\n<title>Vice prefeito e vereadores de Bom Jesus rompem com prefeita e aderem projeto Dr.Jhony - Not&iacute;cias em Destaque<\/title>\n<meta name=\"robots\" content=\"index, follow, max-snippet:-1, max-image-preview:large, max-video-preview:-1\" \/>\n<link rel=\"canonical\" href=\"https:\/\/noticiasemdestaque.com\/cd\/?p=75351\" \/>\n<meta property=\"og:locale\" content=\"pt_BR\" \/>\n<meta property=\"og:type\" content=\"article\" \/>\n<meta property=\"og:title\" content=\"Vice prefeito e vereadores de Bom Jesus rompem com prefeita e aderem projeto Dr.Jhony - Not&iacute;cias em Destaque\" \/>\n<meta property=\"og:description\" content=\"A pr\u00e9-candidatura de Doutor Jhony Bezerra \u00e0 C\u00e2mara Federal ganhou um refor\u00e7o estrat\u00e9gico no Alto Sert\u00e3o paraibano com a ades\u00e3o de importantes lideran\u00e7as do munic\u00edpio de Bom Jesus, neste s\u00e1bado (13). O vice-prefeito Ediney Pereira, a vereadora Gra\u00e7a e o vereador F\u00e1bio Abel confirmaram apoio ao projeto pol\u00edtico do m\u00e9dico, ampliando a articula\u00e7\u00e3o regional e sinalizando um novo alinhamento no cen\u00e1rio local. A decis\u00e3o representa o rompimento dessas lideran\u00e7as com a atual gest\u00e3o municipal da prefeita Denise e refor\u00e7a a consolida\u00e7\u00e3o de um grupo pol\u00edtico que passa a caminhar ao lado de Doutor Jhony, em uma constru\u00e7\u00e3o que tem como foco o fortalecimento da parcerias para desenvolvimento regional. Com Bom Jesus, Doutor Jhony amplia uma base que j\u00e1 vem sendo estruturada em munic\u00edpios estrat\u00e9gicos da regi\u00e3o, como Cajazeiras, S\u00e3o Jos\u00e9 de Piranhas, S\u00e3o Jo\u00e3o do Rio do Peixe, Bonito Santa F\u00e9, Nazarezinho, Sousa e Cachoeira dos \u00cdndios, formando um bloco pol\u00edtico com presen\u00e7a expressiva em diferentes pontos do Alto Sert\u00e3o. Em Cachoeira dos \u00cdndios, o projeto conta com o apoio do ex-candidato a prefeito Valdez, do vereador Jaime Dantas, do presidente da C\u00e2mara Djalma e do suplente Francisco Oliveira, reunindo praticamente toda a oposi\u00e7\u00e3o local. J\u00e1 em Nazarezinho, a pr\u00e9-candidatura \u00e9 respaldada pelos vereadores Ad\u00e9francio e Ded\u00e9 do Feij\u00e3o, consolidando uma frente de oposi\u00e7\u00e3o organizada no munic\u00edpio. Em Cajazeiras, Doutor Jhony tamb\u00e9m soma ades\u00f5es relevantes, como o ex-presidente da C\u00e2mara Municipal Eriberto, al\u00e9m dos suplentes Humberto Coleguinho, Chico do Compressor e do comunicador Adjamilton Pereira. Em Sousa, a base pol\u00edtica inclui o vereador M\u00e1rcio das Bancas, a suplente Betinha e ex-vereadora Lana Dantas, refor\u00e7ando a presen\u00e7a do projeto em um dos principais polos do Sert\u00e3o. O movimento em Bom Jesus confirma a estrat\u00e9gia de Doutor Jhony de construir uma candidatura com capilaridade regional, dialogando com lideran\u00e7as pol\u00edticas, vereadores, suplentes e grupos de oposi\u00e7\u00e3o em diferentes munic\u00edpios. A meta, segundo aliados, \u00e9 fortalecer a atua\u00e7\u00e3o pol\u00edtica no Alto Sert\u00e3o da Para\u00edba. Com novas ades\u00f5es e alian\u00e7as em forma\u00e7\u00e3o, a pr\u00e9-candidatura de Doutor Jhony Bezerra segue avan\u00e7ando de forma consistente no interior do estado, consolidando-se como um dos projetos em crescimento na disputa por uma vaga na C\u00e2mara Federal. Noticias em Destaque\" \/>\n<meta property=\"og:url\" content=\"https:\/\/noticiasemdestaque.com\/cd\/?p=75351\" \/>\n<meta property=\"og:site_name\" content=\"Not&iacute;cias em Destaque\" \/>\n<meta property=\"article:published_time\" content=\"2025-12-15T13:22:31+00:00\" \/>\n<meta property=\"og:image\" content=\"https:\/\/noticiasemdestaque.com\/cd\/wp-content\/uploads\/2025\/12\/WhatsApp-Image-2025-12-14-at-22.51.11.jpeg\" \/>\n\t<meta property=\"og:image:width\" content=\"1280\" \/>\n\t<meta property=\"og:image:height\" content=\"720\" \/>\n\t<meta property=\"og:image:type\" content=\"image\/jpeg\" \/>\n<meta name=\"author\" content=\"Not\u00edcias em Destaque\" \/>\n<meta name=\"twitter:card\" content=\"summary_large_image\" \/>\n<meta name=\"twitter:label1\" content=\"Escrito por\" \/>\n\t<meta name=\"twitter:data1\" content=\"Not\u00edcias em Destaque\" \/>\n\t<meta name=\"twitter:label2\" content=\"Est. tempo de leitura\" \/>\n\t<meta name=\"twitter:data2\" content=\"3 minutos\" \/>\n<script type=\"application\/ld+json\" class=\"yoast-schema-graph\">{\"@context\":\"https:\/\/schema.org\",\"@graph\":[{\"@type\":\"Article\",\"@id\":\"https:\/\/noticiasemdestaque.com\/cd\/?p=75351#article\",\"isPartOf\":{\"@id\":\"https:\/\/noticiasemdestaque.com\/cd\/?p=75351\"},\"author\":{\"name\":\"Not\u00edcias em Destaque\",\"@id\":\"https:\/\/noticiasemdestaque.com\/cd\/#\/schema\/person\/21320b03a7e8bb90128938dafc9b908a\"},\"headline\":\"Vice prefeito e vereadores de Bom Jesus rompem com prefeita e aderem projeto Dr.Jhony\",\"datePublished\":\"2025-12-15T13:22:31+00:00\",\"mainEntityOfPage\":{\"@id\":\"https:\/\/noticiasemdestaque.com\/cd\/?p=75351\"},\"wordCount\":433,\"publisher\":{\"@id\":\"https:\/\/noticiasemdestaque.com\/cd\/#organization\"},\"image\":{\"@id\":\"https:\/\/noticiasemdestaque.com\/cd\/?p=75351#primaryimage\"},\"thumbnailUrl\":\"https:\/\/noticiasemdestaque.com\/cd\/wp-content\/uploads\/2025\/12\/WhatsApp-Image-2025-12-14-at-22.51.11.jpeg\",\"articleSection\":[\"Pol\u00edtica\"],\"inLanguage\":\"pt-BR\"},{\"@type\":\"WebPage\",\"@id\":\"https:\/\/noticiasemdestaque.com\/cd\/?p=75351\",\"url\":\"https:\/\/noticiasemdestaque.com\/cd\/?p=75351\",\"name\":\"Vice prefeito e vereadores de Bom Jesus rompem com prefeita e aderem projeto Dr.Jhony - Not&iacute;cias em Destaque\",\"isPartOf\":{\"@id\":\"https:\/\/noticiasemdestaque.com\/cd\/#website\"},\"primaryImageOfPage\":{\"@id\":\"https:\/\/noticiasemdestaque.com\/cd\/?p=75351#primaryimage\"},\"image\":{\"@id\":\"https:\/\/noticiasemdestaque.com\/cd\/?p=75351#primaryimage\"},\"thumbnailUrl\":\"https:\/\/noticiasemdestaque.com\/cd\/wp-content\/uploads\/2025\/12\/WhatsApp-Image-2025-12-14-at-22.51.11.jpeg\",\"datePublished\":\"2025-12-15T13:22:31+00:00\",\"breadcrumb\":{\"@id\":\"https:\/\/noticiasemdestaque.com\/cd\/?p=75351#breadcrumb\"},\"inLanguage\":\"pt-BR\",\"potentialAction\":[{\"@type\":\"ReadAction\",\"target\":[\"https:\/\/noticiasemdestaque.com\/cd\/?p=75351\"]}]},{\"@type\":\"ImageObject\",\"inLanguage\":\"pt-BR\",\"@id\":\"https:\/\/noticiasemdestaque.com\/cd\/?p=75351#primaryimage\",\"url\":\"https:\/\/noticiasemdestaque.com\/cd\/wp-content\/uploads\/2025\/12\/WhatsApp-Image-2025-12-14-at-22.51.11.jpeg\",\"contentUrl\":\"https:\/\/noticiasemdestaque.com\/cd\/wp-content\/uploads\/2025\/12\/WhatsApp-Image-2025-12-14-at-22.51.11.jpeg\",\"width\":1280,\"height\":720},{\"@type\":\"BreadcrumbList\",\"@id\":\"https:\/\/noticiasemdestaque.com\/cd\/?p=75351#breadcrumb\",\"itemListElement\":[{\"@type\":\"ListItem\",\"position\":1,\"name\":\"In\u00edcio\",\"item\":\"https:\/\/noticiasemdestaque.com\/cd\/\"},{\"@type\":\"ListItem\",\"position\":2,\"name\":\"Vice prefeito e vereadores de Bom Jesus rompem com prefeita e aderem projeto Dr.Jhony\"}]},{\"@type\":\"WebSite\",\"@id\":\"https:\/\/noticiasemdestaque.com\/cd\/#website\",\"url\":\"https:\/\/noticiasemdestaque.com\/cd\/\",\"name\":\"Not&iacute;cias em Destaque\",\"description\":\"\",\"publisher\":{\"@id\":\"https:\/\/noticiasemdestaque.com\/cd\/#organization\"},\"potentialAction\":[{\"@type\":\"SearchAction\",\"target\":{\"@type\":\"EntryPoint\",\"urlTemplate\":\"https:\/\/noticiasemdestaque.com\/cd\/?s={search_term_string}\"},\"query-input\":{\"@type\":\"PropertyValueSpecification\",\"valueRequired\":true,\"valueName\":\"search_term_string\"}}],\"inLanguage\":\"pt-BR\"},{\"@type\":\"Organization\",\"@id\":\"https:\/\/noticiasemdestaque.com\/cd\/#organization\",\"name\":\"Not\u00edcias em Destaque\",\"url\":\"https:\/\/noticiasemdestaque.com\/cd\/\",\"logo\":{\"@type\":\"ImageObject\",\"inLanguage\":\"pt-BR\",\"@id\":\"https:\/\/noticiasemdestaque.com\/cd\/#\/schema\/logo\/image\/\",\"url\":\"https:\/\/noticiasemdestaque.com\/cd\/wp-content\/uploads\/2022\/05\/imagem-base-noticiasemdestaque.png\",\"contentUrl\":\"https:\/\/noticiasemdestaque.com\/cd\/wp-content\/uploads\/2022\/05\/imagem-base-noticiasemdestaque.png\",\"width\":1200,\"height\":630,\"caption\":\"Not\u00edcias em Destaque\"},\"image\":{\"@id\":\"https:\/\/noticiasemdestaque.com\/cd\/#\/schema\/logo\/image\/\"}},{\"@type\":\"Person\",\"@id\":\"https:\/\/noticiasemdestaque.com\/cd\/#\/schema\/person\/21320b03a7e8bb90128938dafc9b908a\",\"name\":\"Not\u00edcias em Destaque\",\"url\":\"https:\/\/noticiasemdestaque.com\/cd\/?author=2\"}]}<\/script>\n<!-- \/ Yoast SEO plugin. -->","yoast_head_json":{"title":"Vice prefeito e vereadores de Bom Jesus rompem com prefeita e aderem projeto Dr.Jhony - Not&iacute;cias em Destaque","robots":{"index":"index","follow":"follow","max-snippet":"max-snippet:-1","max-image-preview":"max-image-preview:large","max-video-preview":"max-video-preview:-1"},"canonical":"https:\/\/noticiasemdestaque.com\/cd\/?p=75351","og_locale":"pt_BR","og_type":"article","og_title":"Vice prefeito e vereadores de Bom Jesus rompem com prefeita e aderem projeto Dr.Jhony - Not&iacute;cias em Destaque","og_description":"A pr\u00e9-candidatura de Doutor Jhony Bezerra \u00e0 C\u00e2mara Federal ganhou um refor\u00e7o estrat\u00e9gico no Alto Sert\u00e3o paraibano com a ades\u00e3o de importantes lideran\u00e7as do munic\u00edpio de Bom Jesus, neste s\u00e1bado (13). O vice-prefeito Ediney Pereira, a vereadora Gra\u00e7a e o vereador F\u00e1bio Abel confirmaram apoio ao projeto pol\u00edtico do m\u00e9dico, ampliando a articula\u00e7\u00e3o regional e sinalizando um novo alinhamento no cen\u00e1rio local. A decis\u00e3o representa o rompimento dessas lideran\u00e7as com a atual gest\u00e3o municipal da prefeita Denise e refor\u00e7a a consolida\u00e7\u00e3o de um grupo pol\u00edtico que passa a caminhar ao lado de Doutor Jhony, em uma constru\u00e7\u00e3o que tem como foco o fortalecimento da parcerias para desenvolvimento regional. Com Bom Jesus, Doutor Jhony amplia uma base que j\u00e1 vem sendo estruturada em munic\u00edpios estrat\u00e9gicos da regi\u00e3o, como Cajazeiras, S\u00e3o Jos\u00e9 de Piranhas, S\u00e3o Jo\u00e3o do Rio do Peixe, Bonito Santa F\u00e9, Nazarezinho, Sousa e Cachoeira dos \u00cdndios, formando um bloco pol\u00edtico com presen\u00e7a expressiva em diferentes pontos do Alto Sert\u00e3o. Em Cachoeira dos \u00cdndios, o projeto conta com o apoio do ex-candidato a prefeito Valdez, do vereador Jaime Dantas, do presidente da C\u00e2mara Djalma e do suplente Francisco Oliveira, reunindo praticamente toda a oposi\u00e7\u00e3o local. J\u00e1 em Nazarezinho, a pr\u00e9-candidatura \u00e9 respaldada pelos vereadores Ad\u00e9francio e Ded\u00e9 do Feij\u00e3o, consolidando uma frente de oposi\u00e7\u00e3o organizada no munic\u00edpio. Em Cajazeiras, Doutor Jhony tamb\u00e9m soma ades\u00f5es relevantes, como o ex-presidente da C\u00e2mara Municipal Eriberto, al\u00e9m dos suplentes Humberto Coleguinho, Chico do Compressor e do comunicador Adjamilton Pereira. Em Sousa, a base pol\u00edtica inclui o vereador M\u00e1rcio das Bancas, a suplente Betinha e ex-vereadora Lana Dantas, refor\u00e7ando a presen\u00e7a do projeto em um dos principais polos do Sert\u00e3o. O movimento em Bom Jesus confirma a estrat\u00e9gia de Doutor Jhony de construir uma candidatura com capilaridade regional, dialogando com lideran\u00e7as pol\u00edticas, vereadores, suplentes e grupos de oposi\u00e7\u00e3o em diferentes munic\u00edpios. A meta, segundo aliados, \u00e9 fortalecer a atua\u00e7\u00e3o pol\u00edtica no Alto Sert\u00e3o da Para\u00edba. Com novas ades\u00f5es e alian\u00e7as em forma\u00e7\u00e3o, a pr\u00e9-candidatura de Doutor Jhony Bezerra segue avan\u00e7ando de forma consistente no interior do estado, consolidando-se como um dos projetos em crescimento na disputa por uma vaga na C\u00e2mara Federal. Noticias em Destaque","og_url":"https:\/\/noticiasemdestaque.com\/cd\/?p=75351","og_site_name":"Not&iacute;cias em Destaque","article_published_time":"2025-12-15T13:22:31+00:00","og_image":[{"width":1280,"height":720,"url":"https:\/\/noticiasemdestaque.com\/cd\/wp-content\/uploads\/2025\/12\/WhatsApp-Image-2025-12-14-at-22.51.11.jpeg","type":"image\/jpeg"}],"author":"Not\u00edcias em Destaque","twitter_card":"summary_large_image","twitter_misc":{"Escrito por":"Not\u00edcias em Destaque","Est. tempo de leitura":"3 minutos"},"schema":{"@context":"https:\/\/schema.org","@graph":[{"@type":"Article","@id":"https:\/\/noticiasemdestaque.com\/cd\/?p=75351#article","isPartOf":{"@id":"https:\/\/noticiasemdestaque.com\/cd\/?p=75351"},"author":{"name":"Not\u00edcias em Destaque","@id":"https:\/\/noticiasemdestaque.com\/cd\/#\/schema\/person\/21320b03a7e8bb90128938dafc9b908a"},"headline":"Vice prefeito e vereadores de Bom Jesus rompem com prefeita e aderem projeto Dr.Jhony","datePublished":"2025-12-15T13:22:31+00:00","mainEntityOfPage":{"@id":"https:\/\/noticiasemdestaque.com\/cd\/?p=75351"},"wordCount":433,"publisher":{"@id":"https:\/\/noticiasemdestaque.com\/cd\/#organization"},"image":{"@id":"https:\/\/noticiasemdestaque.com\/cd\/?p=75351#primaryimage"},"thumbnailUrl":"https:\/\/noticiasemdestaque.com\/cd\/wp-content\/uploads\/2025\/12\/WhatsApp-Image-2025-12-14-at-22.51.11.jpeg","articleSection":["Pol\u00edtica"],"inLanguage":"pt-BR"},{"@type":"WebPage","@id":"https:\/\/noticiasemdestaque.com\/cd\/?p=75351","url":"https:\/\/noticiasemdestaque.com\/cd\/?p=75351","name":"Vice prefeito e vereadores de Bom Jesus rompem com prefeita e aderem projeto Dr.Jhony - Not&iacute;cias em Destaque","isPartOf":{"@id":"https:\/\/noticiasemdestaque.com\/cd\/#website"},"primaryImageOfPage":{"@id":"https:\/\/noticiasemdestaque.com\/cd\/?p=75351#primaryimage"},"image":{"@id":"https:\/\/noticiasemdestaque.com\/cd\/?p=75351#primaryimage"},"thumbnailUrl":"https:\/\/noticiasemdestaque.com\/cd\/wp-content\/uploads\/2025\/12\/WhatsApp-Image-2025-12-14-at-22.51.11.jpeg","datePublished":"2025-12-15T13:22:31+00:00","breadcrumb":{"@id":"https:\/\/noticiasemdestaque.com\/cd\/?p=75351#breadcrumb"},"inLanguage":"pt-BR","potentialAction":[{"@type":"ReadAction","target":["https:\/\/noticiasemdestaque.com\/cd\/?p=75351"]}]},{"@type":"ImageObject","inLanguage":"pt-BR","@id":"https:\/\/noticiasemdestaque.com\/cd\/?p=75351#primaryimage","url":"https:\/\/noticiasemdestaque.com\/cd\/wp-content\/uploads\/2025\/12\/WhatsApp-Image-2025-12-14-at-22.51.11.jpeg","contentUrl":"https:\/\/noticiasemdestaque.com\/cd\/wp-content\/uploads\/2025\/12\/WhatsApp-Image-2025-12-14-at-22.51.11.jpeg","width":1280,"height":720},{"@type":"BreadcrumbList","@id":"https:\/\/noticiasemdestaque.com\/cd\/?p=75351#breadcrumb","itemListElement":[{"@type":"ListItem","position":1,"name":"In\u00edcio","item":"https:\/\/noticiasemdestaque.com\/cd\/"},{"@type":"ListItem","position":2,"name":"Vice prefeito e vereadores de Bom Jesus rompem com prefeita e aderem projeto Dr.Jhony"}]},{"@type":"WebSite","@id":"https:\/\/noticiasemdestaque.com\/cd\/#website","url":"https:\/\/noticiasemdestaque.com\/cd\/","name":"Not&iacute;cias em Destaque","description":"","publisher":{"@id":"https:\/\/noticiasemdestaque.com\/cd\/#organization"},"potentialAction":[{"@type":"SearchAction","target":{"@type":"EntryPoint","urlTemplate":"https:\/\/noticiasemdestaque.com\/cd\/?s={search_term_string}"},"query-input":{"@type":"PropertyValueSpecification","valueRequired":true,"valueName":"search_term_string"}}],"inLanguage":"pt-BR"},{"@type":"Organization","@id":"https:\/\/noticiasemdestaque.com\/cd\/#organization","name":"Not\u00edcias em Destaque","url":"https:\/\/noticiasemdestaque.com\/cd\/","logo":{"@type":"ImageObject","inLanguage":"pt-BR","@id":"https:\/\/noticiasemdestaque.com\/cd\/#\/schema\/logo\/image\/","url":"https:\/\/noticiasemdestaque.com\/cd\/wp-content\/uploads\/2022\/05\/imagem-base-noticiasemdestaque.png","contentUrl":"https:\/\/noticiasemdestaque.com\/cd\/wp-content\/uploads\/2022\/05\/imagem-base-noticiasemdestaque.png","width":1200,"height":630,"caption":"Not\u00edcias em Destaque"},"image":{"@id":"https:\/\/noticiasemdestaque.com\/cd\/#\/schema\/logo\/image\/"}},{"@type":"Person","@id":"https:\/\/noticiasemdestaque.com\/cd\/#\/schema\/person\/21320b03a7e8bb90128938dafc9b908a","name":"Not\u00edcias em Destaque","url":"https:\/\/noticiasemdestaque.com\/cd\/?author=2"}]}},"jetpack_featured_media_url":"https:\/\/noticiasemdestaque.com\/cd\/wp-content\/uploads\/2025\/12\/WhatsApp-Image-2025-12-14-at-22.51.11.jpeg","jetpack_sharing_enabled":true,"_links":{"self":[{"href":"https:\/\/noticiasemdestaque.com\/cd\/index.php?rest_route=\/wp\/v2\/posts\/75351","targetHints":{"allow":["GET"]}}],"collection":[{"href":"https:\/\/noticiasemdestaque.com\/cd\/index.php?rest_route=\/wp\/v2\/posts"}],"about":[{"href":"https:\/\/noticiasemdestaque.com\/cd\/index.php?rest_route=\/wp\/v2\/types\/post"}],"author":[{"embeddable":true,"href":"https:\/\/noticiasemdestaque.com\/cd\/index.php?rest_route=\/wp\/v2\/users\/2"}],"replies":[{"embeddable":true,"href":"https:\/\/noticiasemdestaque.com\/cd\/index.php?rest_route=%2Fwp%2Fv2%2Fcomments&post=75351"}],"version-history":[{"count":1,"href":"https:\/\/noticiasemdestaque.com\/cd\/index.php?rest_route=\/wp\/v2\/posts\/75351\/revisions"}],"predecessor-version":[{"id":75353,"href":"https:\/\/noticiasemdestaque.com\/cd\/index.php?rest_route=\/wp\/v2\/posts\/75351\/revisions\/75353"}],"wp:featuredmedia":[{"embeddable":true,"href":"https:\/\/noticiasemdestaque.com\/cd\/index.php?rest_route=\/wp\/v2\/media\/75352"}],"wp:attachment":[{"href":"https:\/\/noticiasemdestaque.com\/cd\/index.php?rest_route=%2Fwp%2Fv2%2Fmedia&parent=75351"}],"wp:term":[{"taxonomy":"category","embeddable":true,"href":"https:\/\/noticiasemdestaque.com\/cd\/index.php?rest_route=%2Fwp%2Fv2%2Fcategories&post=75351"},{"taxonomy":"post_tag","embeddable":true,"href":"https:\/\/noticiasemdestaque.com\/cd\/index.php?rest_route=%2Fwp%2Fv2%2Ftags&post=75351"}],"curies":[{"name":"wp","href":"https:\/\/api.w.org\/{rel}","templated":true}]}}