{"id":753,"date":"2017-06-21T13:39:03","date_gmt":"2017-06-21T16:39:03","guid":{"rendered":"http:\/\/caririemdestaque.com\/cd\/?p=753"},"modified":"2017-06-21T13:39:03","modified_gmt":"2017-06-21T16:39:03","slug":"luiz-couto-defende-impeachment-de-temer-apos-novas-denuncias-de-joesley","status":"publish","type":"post","link":"https:\/\/noticiasemdestaque.com\/cd\/?p=753","title":{"rendered":"Luiz Couto defende impeachment de Temer ap\u00f3s novas den\u00fancias de Joesley"},"content":{"rendered":"<div><a href=\"http:\/\/caririemdestaque.com\/cd\/wp-content\/uploads\/2017\/06\/B8QJTL-1.jpg\"><img fetchpriority=\"high\" decoding=\"async\" class=\"size-medium wp-image-754 alignleft\" src=\"http:\/\/caririemdestaque.com\/cd\/wp-content\/uploads\/2017\/06\/B8QJTL-1-300x225.jpg\" alt=\"\" width=\"300\" height=\"225\" srcset=\"https:\/\/noticiasemdestaque.com\/cd\/wp-content\/uploads\/2017\/06\/B8QJTL-1-300x225.jpg 300w, https:\/\/noticiasemdestaque.com\/cd\/wp-content\/uploads\/2017\/06\/B8QJTL-1.jpg 400w\" sizes=\"(max-width: 300px) 100vw, 300px\" \/><\/a>Em pronunciamento ontem (20), na C\u00e2mara, o deputado Luiz Couto (PT-PB) defendeu que a Casa julgue com brevidade a den\u00fancia que o procurador da Rep\u00fablica, Rodrigo Janot, deve encaminhar no dia 26 deste m\u00eas contra o presidente Michel Temer (PMDB) e o ex-deputado federal Rodrigo Rocha Loures (PMDB-PR). Para o deputado paraibano, a C\u00e2mara n\u00e3o pode ser conivente com a situa\u00e7\u00e3o de desgaste e den\u00fancias de corrup\u00e7\u00e3o contra o chefe do executivo do Pa\u00eds e alguns de seus principais auxiliares e aliados.<\/div>\n<div><\/div>\n<div>&#8220;Esperamos que a den\u00fancia do Janot chegue a esta Casa e que n\u00f3s possamos instalar o processo de impeachment deste Presidente e convocar elei\u00e7\u00f5es diretas. Espero que, em cima de um programa emergencial, possamos ter um Presidente uma Presidenta que fa\u00e7a este Brasil voltar ao desenvolvimento&#8221;, declarou Couto.<\/div>\n<div><\/div>\n<div>O discurso do parlamentar paraibano lembrou que a \u00faltima edi\u00e7\u00e3o da Revista \u00c9poca trouxe novas den\u00fancias contra Michel Temer e contou a hist\u00f3ria da organiza\u00e7\u00e3o toda, com o l\u00edder e tamb\u00e9m seus seguidores. &#8220;Com a den\u00fancia feita pelo Joesley Batista, o Presidente disse que vai process\u00e1-lo por cal\u00fania. E disse mais: afirmou que bandido n\u00e3o pode ficar sem puni\u00e7\u00e3o. Quero que isso seja para todos os bandidos, inclusive para aqueles que acham que n\u00e3o est\u00e3o cometendo crimes em nosso Pa\u00eds. A justi\u00e7a j\u00e1 identificou, o Minist\u00e9rio P\u00fablico encaminhou essa quest\u00e3o, e eu tenho certeza de que esse Governo que faz discursos para se defender n\u00e3o governa mais \u2014 s\u00f3 faz maldades, perversidades, crueldades contra o povo brasileiro. \u00c9 importante que n\u00f3s possamos votar, mesmo, a mudan\u00e7a para que efetivamente este Presidente seja afastado&#8221;, enfatizou o deputado.<\/div>\n","protected":false},"excerpt":{"rendered":"<p>Em pronunciamento ontem (20), na C\u00e2mara, o deputado Luiz Couto (PT-PB) defendeu que a Casa julgue com brevidade a den\u00fancia que o procurador da Rep\u00fablica, Rodrigo Janot, deve encaminhar no dia 26 deste m\u00eas contra o presidente Michel Temer (PMDB) e o ex-deputado federal Rodrigo Rocha Loures (PMDB-PR). Para o deputado paraibano, a C\u00e2mara n\u00e3o pode ser conivente com a situa\u00e7\u00e3o de desgaste e den\u00fancias de corrup\u00e7\u00e3o contra o chefe do executivo do Pa\u00eds e alguns de seus principais auxiliares e aliados. &#8220;Esperamos que a den\u00fancia do Janot chegue a esta Casa e que n\u00f3s possamos instalar o processo de impeachment deste Presidente e convocar elei\u00e7\u00f5es diretas. Espero que, em cima de um programa emergencial, possamos ter um Presidente uma Presidenta que fa\u00e7a este Brasil voltar ao desenvolvimento&#8221;, declarou Couto. O discurso do parlamentar paraibano lembrou que a \u00faltima edi\u00e7\u00e3o da Revista \u00c9poca trouxe novas den\u00fancias contra Michel Temer e contou a hist\u00f3ria da organiza\u00e7\u00e3o toda, com o l\u00edder e tamb\u00e9m seus seguidores. &#8220;Com a den\u00fancia feita pelo Joesley Batista, o Presidente disse que vai process\u00e1-lo por cal\u00fania. E disse mais: afirmou que bandido n\u00e3o pode ficar sem puni\u00e7\u00e3o. Quero que isso seja para todos os bandidos, inclusive para aqueles que acham que n\u00e3o est\u00e3o cometendo crimes em nosso Pa\u00eds. A justi\u00e7a j\u00e1 identificou, o Minist\u00e9rio P\u00fablico encaminhou essa quest\u00e3o, e eu tenho certeza de que esse Governo que faz discursos para se defender n\u00e3o governa mais \u2014 s\u00f3 faz maldades, perversidades, crueldades contra o povo brasileiro. \u00c9 importante que n\u00f3s possamos votar, mesmo, a mudan\u00e7a para que efetivamente este Presidente seja afastado&#8221;, enfatizou o deputado.<\/p>\n","protected":false},"author":2,"featured_media":754,"comment_status":"closed","ping_status":"open","sticky":false,"template":"","format":"standard","meta":{"_eb_attr":"","_jetpack_memberships_contains_paid_content":false,"footnotes":""},"categories":[4],"tags":[],"class_list":["post-753","post","type-post","status-publish","format-standard","has-post-thumbnail","hentry","category-politica"],"yoast_head":"<!-- This site is optimized with the Yoast SEO plugin v26.5 - https:\/\/yoast.com\/wordpress\/plugins\/seo\/ -->\n<title>Luiz Couto defende impeachment de Temer ap\u00f3s novas den\u00fancias de Joesley - Not&iacute;cias em Destaque<\/title>\n<meta name=\"robots\" content=\"index, follow, max-snippet:-1, max-image-preview:large, max-video-preview:-1\" \/>\n<link rel=\"canonical\" href=\"https:\/\/noticiasemdestaque.com\/cd\/?p=753\" \/>\n<meta property=\"og:locale\" content=\"pt_BR\" \/>\n<meta property=\"og:type\" content=\"article\" \/>\n<meta property=\"og:title\" content=\"Luiz Couto defende impeachment de Temer ap\u00f3s novas den\u00fancias de Joesley - Not&iacute;cias em Destaque\" \/>\n<meta property=\"og:description\" content=\"Em pronunciamento ontem (20), na C\u00e2mara, o deputado Luiz Couto (PT-PB) defendeu que a Casa julgue com brevidade a den\u00fancia que o procurador da Rep\u00fablica, Rodrigo Janot, deve encaminhar no dia 26 deste m\u00eas contra o presidente Michel Temer (PMDB) e o ex-deputado federal Rodrigo Rocha Loures (PMDB-PR). Para o deputado paraibano, a C\u00e2mara n\u00e3o pode ser conivente com a situa\u00e7\u00e3o de desgaste e den\u00fancias de corrup\u00e7\u00e3o contra o chefe do executivo do Pa\u00eds e alguns de seus principais auxiliares e aliados. &#8220;Esperamos que a den\u00fancia do Janot chegue a esta Casa e que n\u00f3s possamos instalar o processo de impeachment deste Presidente e convocar elei\u00e7\u00f5es diretas. Espero que, em cima de um programa emergencial, possamos ter um Presidente uma Presidenta que fa\u00e7a este Brasil voltar ao desenvolvimento&#8221;, declarou Couto. O discurso do parlamentar paraibano lembrou que a \u00faltima edi\u00e7\u00e3o da Revista \u00c9poca trouxe novas den\u00fancias contra Michel Temer e contou a hist\u00f3ria da organiza\u00e7\u00e3o toda, com o l\u00edder e tamb\u00e9m seus seguidores. &#8220;Com a den\u00fancia feita pelo Joesley Batista, o Presidente disse que vai process\u00e1-lo por cal\u00fania. E disse mais: afirmou que bandido n\u00e3o pode ficar sem puni\u00e7\u00e3o. Quero que isso seja para todos os bandidos, inclusive para aqueles que acham que n\u00e3o est\u00e3o cometendo crimes em nosso Pa\u00eds. A justi\u00e7a j\u00e1 identificou, o Minist\u00e9rio P\u00fablico encaminhou essa quest\u00e3o, e eu tenho certeza de que esse Governo que faz discursos para se defender n\u00e3o governa mais \u2014 s\u00f3 faz maldades, perversidades, crueldades contra o povo brasileiro. \u00c9 importante que n\u00f3s possamos votar, mesmo, a mudan\u00e7a para que efetivamente este Presidente seja afastado&#8221;, enfatizou o deputado.\" \/>\n<meta property=\"og:url\" content=\"https:\/\/noticiasemdestaque.com\/cd\/?p=753\" \/>\n<meta property=\"og:site_name\" content=\"Not&iacute;cias em Destaque\" \/>\n<meta property=\"article:published_time\" content=\"2017-06-21T16:39:03+00:00\" \/>\n<meta property=\"og:image\" content=\"https:\/\/noticiasemdestaque.com\/cd\/wp-content\/uploads\/2017\/06\/B8QJTL-1.jpg\" \/>\n\t<meta property=\"og:image:width\" content=\"400\" \/>\n\t<meta property=\"og:image:height\" content=\"300\" \/>\n\t<meta property=\"og:image:type\" content=\"image\/jpeg\" \/>\n<meta name=\"author\" content=\"Not\u00edcias em Destaque\" \/>\n<meta name=\"twitter:card\" content=\"summary_large_image\" \/>\n<meta name=\"twitter:label1\" content=\"Escrito por\" \/>\n\t<meta name=\"twitter:data1\" content=\"Not\u00edcias em Destaque\" \/>\n\t<meta name=\"twitter:label2\" content=\"Est. tempo de leitura\" \/>\n\t<meta name=\"twitter:data2\" content=\"1 minuto\" \/>\n<script type=\"application\/ld+json\" class=\"yoast-schema-graph\">{\"@context\":\"https:\/\/schema.org\",\"@graph\":[{\"@type\":\"Article\",\"@id\":\"https:\/\/noticiasemdestaque.com\/cd\/?p=753#article\",\"isPartOf\":{\"@id\":\"https:\/\/noticiasemdestaque.com\/cd\/?p=753\"},\"author\":{\"name\":\"Not\u00edcias em Destaque\",\"@id\":\"https:\/\/noticiasemdestaque.com\/cd\/#\/schema\/person\/47f7d4f55eec17c6b2ca036c5500f6ce\"},\"headline\":\"Luiz Couto defende impeachment de Temer ap\u00f3s novas den\u00fancias de Joesley\",\"datePublished\":\"2017-06-21T16:39:03+00:00\",\"mainEntityOfPage\":{\"@id\":\"https:\/\/noticiasemdestaque.com\/cd\/?p=753\"},\"wordCount\":310,\"publisher\":{\"@id\":\"https:\/\/noticiasemdestaque.com\/cd\/#organization\"},\"image\":{\"@id\":\"https:\/\/noticiasemdestaque.com\/cd\/?p=753#primaryimage\"},\"thumbnailUrl\":\"https:\/\/noticiasemdestaque.com\/cd\/wp-content\/uploads\/2017\/06\/B8QJTL-1.jpg\",\"articleSection\":[\"Pol\u00edtica\"],\"inLanguage\":\"pt-BR\"},{\"@type\":\"WebPage\",\"@id\":\"https:\/\/noticiasemdestaque.com\/cd\/?p=753\",\"url\":\"https:\/\/noticiasemdestaque.com\/cd\/?p=753\",\"name\":\"Luiz Couto defende impeachment de Temer ap\u00f3s novas den\u00fancias de Joesley - Not&iacute;cias em Destaque\",\"isPartOf\":{\"@id\":\"https:\/\/noticiasemdestaque.com\/cd\/#website\"},\"primaryImageOfPage\":{\"@id\":\"https:\/\/noticiasemdestaque.com\/cd\/?p=753#primaryimage\"},\"image\":{\"@id\":\"https:\/\/noticiasemdestaque.com\/cd\/?p=753#primaryimage\"},\"thumbnailUrl\":\"https:\/\/noticiasemdestaque.com\/cd\/wp-content\/uploads\/2017\/06\/B8QJTL-1.jpg\",\"datePublished\":\"2017-06-21T16:39:03+00:00\",\"breadcrumb\":{\"@id\":\"https:\/\/noticiasemdestaque.com\/cd\/?p=753#breadcrumb\"},\"inLanguage\":\"pt-BR\",\"potentialAction\":[{\"@type\":\"ReadAction\",\"target\":[\"https:\/\/noticiasemdestaque.com\/cd\/?p=753\"]}]},{\"@type\":\"ImageObject\",\"inLanguage\":\"pt-BR\",\"@id\":\"https:\/\/noticiasemdestaque.com\/cd\/?p=753#primaryimage\",\"url\":\"https:\/\/noticiasemdestaque.com\/cd\/wp-content\/uploads\/2017\/06\/B8QJTL-1.jpg\",\"contentUrl\":\"https:\/\/noticiasemdestaque.com\/cd\/wp-content\/uploads\/2017\/06\/B8QJTL-1.jpg\",\"width\":400,\"height\":300},{\"@type\":\"BreadcrumbList\",\"@id\":\"https:\/\/noticiasemdestaque.com\/cd\/?p=753#breadcrumb\",\"itemListElement\":[{\"@type\":\"ListItem\",\"position\":1,\"name\":\"In\u00edcio\",\"item\":\"https:\/\/noticiasemdestaque.com\/cd\/\"},{\"@type\":\"ListItem\",\"position\":2,\"name\":\"Luiz Couto defende impeachment de Temer ap\u00f3s novas den\u00fancias de Joesley\"}]},{\"@type\":\"WebSite\",\"@id\":\"https:\/\/noticiasemdestaque.com\/cd\/#website\",\"url\":\"https:\/\/noticiasemdestaque.com\/cd\/\",\"name\":\"Not&iacute;cias em Destaque\",\"description\":\"\",\"publisher\":{\"@id\":\"https:\/\/noticiasemdestaque.com\/cd\/#organization\"},\"potentialAction\":[{\"@type\":\"SearchAction\",\"target\":{\"@type\":\"EntryPoint\",\"urlTemplate\":\"https:\/\/noticiasemdestaque.com\/cd\/?s={search_term_string}\"},\"query-input\":{\"@type\":\"PropertyValueSpecification\",\"valueRequired\":true,\"valueName\":\"search_term_string\"}}],\"inLanguage\":\"pt-BR\"},{\"@type\":\"Organization\",\"@id\":\"https:\/\/noticiasemdestaque.com\/cd\/#organization\",\"name\":\"Not\u00edcias em Destaque\",\"url\":\"https:\/\/noticiasemdestaque.com\/cd\/\",\"logo\":{\"@type\":\"ImageObject\",\"inLanguage\":\"pt-BR\",\"@id\":\"https:\/\/noticiasemdestaque.com\/cd\/#\/schema\/logo\/image\/\",\"url\":\"https:\/\/noticiasemdestaque.com\/cd\/wp-content\/uploads\/2022\/05\/imagem-base-noticiasemdestaque.png\",\"contentUrl\":\"https:\/\/noticiasemdestaque.com\/cd\/wp-content\/uploads\/2022\/05\/imagem-base-noticiasemdestaque.png\",\"width\":1200,\"height\":630,\"caption\":\"Not\u00edcias em Destaque\"},\"image\":{\"@id\":\"https:\/\/noticiasemdestaque.com\/cd\/#\/schema\/logo\/image\/\"}},{\"@type\":\"Person\",\"@id\":\"https:\/\/noticiasemdestaque.com\/cd\/#\/schema\/person\/47f7d4f55eec17c6b2ca036c5500f6ce\",\"name\":\"Not\u00edcias em Destaque\",\"url\":\"https:\/\/noticiasemdestaque.com\/cd\/?author=2\"}]}<\/script>\n<!-- \/ Yoast SEO plugin. -->","yoast_head_json":{"title":"Luiz Couto defende impeachment de Temer ap\u00f3s novas den\u00fancias de Joesley - Not&iacute;cias em Destaque","robots":{"index":"index","follow":"follow","max-snippet":"max-snippet:-1","max-image-preview":"max-image-preview:large","max-video-preview":"max-video-preview:-1"},"canonical":"https:\/\/noticiasemdestaque.com\/cd\/?p=753","og_locale":"pt_BR","og_type":"article","og_title":"Luiz Couto defende impeachment de Temer ap\u00f3s novas den\u00fancias de Joesley - Not&iacute;cias em Destaque","og_description":"Em pronunciamento ontem (20), na C\u00e2mara, o deputado Luiz Couto (PT-PB) defendeu que a Casa julgue com brevidade a den\u00fancia que o procurador da Rep\u00fablica, Rodrigo Janot, deve encaminhar no dia 26 deste m\u00eas contra o presidente Michel Temer (PMDB) e o ex-deputado federal Rodrigo Rocha Loures (PMDB-PR). Para o deputado paraibano, a C\u00e2mara n\u00e3o pode ser conivente com a situa\u00e7\u00e3o de desgaste e den\u00fancias de corrup\u00e7\u00e3o contra o chefe do executivo do Pa\u00eds e alguns de seus principais auxiliares e aliados. &#8220;Esperamos que a den\u00fancia do Janot chegue a esta Casa e que n\u00f3s possamos instalar o processo de impeachment deste Presidente e convocar elei\u00e7\u00f5es diretas. Espero que, em cima de um programa emergencial, possamos ter um Presidente uma Presidenta que fa\u00e7a este Brasil voltar ao desenvolvimento&#8221;, declarou Couto. O discurso do parlamentar paraibano lembrou que a \u00faltima edi\u00e7\u00e3o da Revista \u00c9poca trouxe novas den\u00fancias contra Michel Temer e contou a hist\u00f3ria da organiza\u00e7\u00e3o toda, com o l\u00edder e tamb\u00e9m seus seguidores. &#8220;Com a den\u00fancia feita pelo Joesley Batista, o Presidente disse que vai process\u00e1-lo por cal\u00fania. E disse mais: afirmou que bandido n\u00e3o pode ficar sem puni\u00e7\u00e3o. Quero que isso seja para todos os bandidos, inclusive para aqueles que acham que n\u00e3o est\u00e3o cometendo crimes em nosso Pa\u00eds. A justi\u00e7a j\u00e1 identificou, o Minist\u00e9rio P\u00fablico encaminhou essa quest\u00e3o, e eu tenho certeza de que esse Governo que faz discursos para se defender n\u00e3o governa mais \u2014 s\u00f3 faz maldades, perversidades, crueldades contra o povo brasileiro. \u00c9 importante que n\u00f3s possamos votar, mesmo, a mudan\u00e7a para que efetivamente este Presidente seja afastado&#8221;, enfatizou o deputado.","og_url":"https:\/\/noticiasemdestaque.com\/cd\/?p=753","og_site_name":"Not&iacute;cias em Destaque","article_published_time":"2017-06-21T16:39:03+00:00","og_image":[{"width":400,"height":300,"url":"https:\/\/noticiasemdestaque.com\/cd\/wp-content\/uploads\/2017\/06\/B8QJTL-1.jpg","type":"image\/jpeg"}],"author":"Not\u00edcias em Destaque","twitter_card":"summary_large_image","twitter_misc":{"Escrito por":"Not\u00edcias em Destaque","Est. tempo de leitura":"1 minuto"},"schema":{"@context":"https:\/\/schema.org","@graph":[{"@type":"Article","@id":"https:\/\/noticiasemdestaque.com\/cd\/?p=753#article","isPartOf":{"@id":"https:\/\/noticiasemdestaque.com\/cd\/?p=753"},"author":{"name":"Not\u00edcias em Destaque","@id":"https:\/\/noticiasemdestaque.com\/cd\/#\/schema\/person\/47f7d4f55eec17c6b2ca036c5500f6ce"},"headline":"Luiz Couto defende impeachment de Temer ap\u00f3s novas den\u00fancias de Joesley","datePublished":"2017-06-21T16:39:03+00:00","mainEntityOfPage":{"@id":"https:\/\/noticiasemdestaque.com\/cd\/?p=753"},"wordCount":310,"publisher":{"@id":"https:\/\/noticiasemdestaque.com\/cd\/#organization"},"image":{"@id":"https:\/\/noticiasemdestaque.com\/cd\/?p=753#primaryimage"},"thumbnailUrl":"https:\/\/noticiasemdestaque.com\/cd\/wp-content\/uploads\/2017\/06\/B8QJTL-1.jpg","articleSection":["Pol\u00edtica"],"inLanguage":"pt-BR"},{"@type":"WebPage","@id":"https:\/\/noticiasemdestaque.com\/cd\/?p=753","url":"https:\/\/noticiasemdestaque.com\/cd\/?p=753","name":"Luiz Couto defende impeachment de Temer ap\u00f3s novas den\u00fancias de Joesley - Not&iacute;cias em Destaque","isPartOf":{"@id":"https:\/\/noticiasemdestaque.com\/cd\/#website"},"primaryImageOfPage":{"@id":"https:\/\/noticiasemdestaque.com\/cd\/?p=753#primaryimage"},"image":{"@id":"https:\/\/noticiasemdestaque.com\/cd\/?p=753#primaryimage"},"thumbnailUrl":"https:\/\/noticiasemdestaque.com\/cd\/wp-content\/uploads\/2017\/06\/B8QJTL-1.jpg","datePublished":"2017-06-21T16:39:03+00:00","breadcrumb":{"@id":"https:\/\/noticiasemdestaque.com\/cd\/?p=753#breadcrumb"},"inLanguage":"pt-BR","potentialAction":[{"@type":"ReadAction","target":["https:\/\/noticiasemdestaque.com\/cd\/?p=753"]}]},{"@type":"ImageObject","inLanguage":"pt-BR","@id":"https:\/\/noticiasemdestaque.com\/cd\/?p=753#primaryimage","url":"https:\/\/noticiasemdestaque.com\/cd\/wp-content\/uploads\/2017\/06\/B8QJTL-1.jpg","contentUrl":"https:\/\/noticiasemdestaque.com\/cd\/wp-content\/uploads\/2017\/06\/B8QJTL-1.jpg","width":400,"height":300},{"@type":"BreadcrumbList","@id":"https:\/\/noticiasemdestaque.com\/cd\/?p=753#breadcrumb","itemListElement":[{"@type":"ListItem","position":1,"name":"In\u00edcio","item":"https:\/\/noticiasemdestaque.com\/cd\/"},{"@type":"ListItem","position":2,"name":"Luiz Couto defende impeachment de Temer ap\u00f3s novas den\u00fancias de Joesley"}]},{"@type":"WebSite","@id":"https:\/\/noticiasemdestaque.com\/cd\/#website","url":"https:\/\/noticiasemdestaque.com\/cd\/","name":"Not&iacute;cias em Destaque","description":"","publisher":{"@id":"https:\/\/noticiasemdestaque.com\/cd\/#organization"},"potentialAction":[{"@type":"SearchAction","target":{"@type":"EntryPoint","urlTemplate":"https:\/\/noticiasemdestaque.com\/cd\/?s={search_term_string}"},"query-input":{"@type":"PropertyValueSpecification","valueRequired":true,"valueName":"search_term_string"}}],"inLanguage":"pt-BR"},{"@type":"Organization","@id":"https:\/\/noticiasemdestaque.com\/cd\/#organization","name":"Not\u00edcias em Destaque","url":"https:\/\/noticiasemdestaque.com\/cd\/","logo":{"@type":"ImageObject","inLanguage":"pt-BR","@id":"https:\/\/noticiasemdestaque.com\/cd\/#\/schema\/logo\/image\/","url":"https:\/\/noticiasemdestaque.com\/cd\/wp-content\/uploads\/2022\/05\/imagem-base-noticiasemdestaque.png","contentUrl":"https:\/\/noticiasemdestaque.com\/cd\/wp-content\/uploads\/2022\/05\/imagem-base-noticiasemdestaque.png","width":1200,"height":630,"caption":"Not\u00edcias em Destaque"},"image":{"@id":"https:\/\/noticiasemdestaque.com\/cd\/#\/schema\/logo\/image\/"}},{"@type":"Person","@id":"https:\/\/noticiasemdestaque.com\/cd\/#\/schema\/person\/47f7d4f55eec17c6b2ca036c5500f6ce","name":"Not\u00edcias em Destaque","url":"https:\/\/noticiasemdestaque.com\/cd\/?author=2"}]}},"jetpack_featured_media_url":"https:\/\/noticiasemdestaque.com\/cd\/wp-content\/uploads\/2017\/06\/B8QJTL-1.jpg","jetpack_sharing_enabled":true,"_links":{"self":[{"href":"https:\/\/noticiasemdestaque.com\/cd\/index.php?rest_route=\/wp\/v2\/posts\/753","targetHints":{"allow":["GET"]}}],"collection":[{"href":"https:\/\/noticiasemdestaque.com\/cd\/index.php?rest_route=\/wp\/v2\/posts"}],"about":[{"href":"https:\/\/noticiasemdestaque.com\/cd\/index.php?rest_route=\/wp\/v2\/types\/post"}],"author":[{"embeddable":true,"href":"https:\/\/noticiasemdestaque.com\/cd\/index.php?rest_route=\/wp\/v2\/users\/2"}],"replies":[{"embeddable":true,"href":"https:\/\/noticiasemdestaque.com\/cd\/index.php?rest_route=%2Fwp%2Fv2%2Fcomments&post=753"}],"version-history":[{"count":1,"href":"https:\/\/noticiasemdestaque.com\/cd\/index.php?rest_route=\/wp\/v2\/posts\/753\/revisions"}],"predecessor-version":[{"id":755,"href":"https:\/\/noticiasemdestaque.com\/cd\/index.php?rest_route=\/wp\/v2\/posts\/753\/revisions\/755"}],"wp:featuredmedia":[{"embeddable":true,"href":"https:\/\/noticiasemdestaque.com\/cd\/index.php?rest_route=\/wp\/v2\/media\/754"}],"wp:attachment":[{"href":"https:\/\/noticiasemdestaque.com\/cd\/index.php?rest_route=%2Fwp%2Fv2%2Fmedia&parent=753"}],"wp:term":[{"taxonomy":"category","embeddable":true,"href":"https:\/\/noticiasemdestaque.com\/cd\/index.php?rest_route=%2Fwp%2Fv2%2Fcategories&post=753"},{"taxonomy":"post_tag","embeddable":true,"href":"https:\/\/noticiasemdestaque.com\/cd\/index.php?rest_route=%2Fwp%2Fv2%2Ftags&post=753"}],"curies":[{"name":"wp","href":"https:\/\/api.w.org\/{rel}","templated":true}]}}