{"id":74764,"date":"2025-11-16T18:16:04","date_gmt":"2025-11-16T21:16:04","guid":{"rendered":"https:\/\/noticiasemdestaque.com\/cd\/?p=74764"},"modified":"2025-11-16T18:16:04","modified_gmt":"2025-11-16T21:16:04","slug":"onibus-escolar-que-transportava-alunos-para-enem-se-envolve-em-acidente-na-br-412","status":"publish","type":"post","link":"https:\/\/noticiasemdestaque.com\/cd\/?p=74764","title":{"rendered":"\u00d4nibus escolar que transportava alunos para ENEM se envolve em acidente na BR-412"},"content":{"rendered":"<p data-start=\"85\" data-end=\"378\"><a href=\"https:\/\/noticiasemdestaque.com\/cd\/wp-content\/uploads\/2025\/11\/Carro-colide-com-onibus-escolar-800x600-1.jpeg\"><img fetchpriority=\"high\" decoding=\"async\" class=\" wp-image-74765 aligncenter\" src=\"https:\/\/noticiasemdestaque.com\/cd\/wp-content\/uploads\/2025\/11\/Carro-colide-com-onibus-escolar-800x600-1-300x225.jpeg\" alt=\"\" width=\"1021\" height=\"766\" srcset=\"https:\/\/noticiasemdestaque.com\/cd\/wp-content\/uploads\/2025\/11\/Carro-colide-com-onibus-escolar-800x600-1-300x225.jpeg 300w, https:\/\/noticiasemdestaque.com\/cd\/wp-content\/uploads\/2025\/11\/Carro-colide-com-onibus-escolar-800x600-1-768x576.jpeg 768w, https:\/\/noticiasemdestaque.com\/cd\/wp-content\/uploads\/2025\/11\/Carro-colide-com-onibus-escolar-800x600-1.jpeg 800w\" sizes=\"(max-width: 1021px) 100vw, 1021px\" \/><\/a><\/p>\n<p data-start=\"85\" data-end=\"378\">Um grave acidente foi registrado na tarde deste domingo na\u00a0<strong data-start=\"144\" data-end=\"154\">BR-412<\/strong>, no trecho que liga\u00a0<strong data-start=\"175\" data-end=\"191\">Serra Branca<\/strong>\u00a0a\u00a0<strong data-start=\"194\" data-end=\"202\">Sum\u00e9<\/strong>, no Cariri paraibano. A colis\u00e3o envolveu um\u00a0<strong data-start=\"247\" data-end=\"265\">\u00f4nibus escolar<\/strong>\u00a0do munic\u00edpio de Serra Branca, que transportava estudantes para as provas do\u00a0<strong data-start=\"342\" data-end=\"350\">ENEM<\/strong>, e um\u00a0<strong data-start=\"357\" data-end=\"377\">carro de passeio<\/strong>.<\/p>\n<p data-start=\"380\" data-end=\"673\">De acordo com as primeiras informa\u00e7\u00f5es,\u00a0<strong data-start=\"420\" data-end=\"469\">nenhum dos passageiros do \u00f4nibus ficou ferido<\/strong>. J\u00e1 o motorista do carro teve ferimentos graves e ficou\u00a0<strong data-start=\"526\" data-end=\"548\">preso \u00e0s ferragens<\/strong>, exigindo a a\u00e7\u00e3o imediata do\u00a0<strong data-start=\"578\" data-end=\"600\">Corpo de Bombeiros<\/strong>, que trabalhou para retirar a v\u00edtima do ve\u00edculo completamente destru\u00eddo.<\/p>\n<p data-start=\"675\" data-end=\"869\">Equipes da\u00a0<strong data-start=\"686\" data-end=\"705\">Pol\u00edcia Militar<\/strong>,\u00a0<strong data-start=\"707\" data-end=\"724\">Pol\u00edcia Civil<\/strong>\u00a0e do\u00a0<strong data-start=\"730\" data-end=\"738\">SAMU<\/strong>\u00a0tamb\u00e9m foram acionadas. Ap\u00f3s o resgate, o condutor do carro foi socorrido pelo SAMU e encaminhado ao\u00a0<strong data-start=\"840\" data-end=\"868\">Hospital de Serra Branca<\/strong>.<\/p>\n<p data-start=\"871\" data-end=\"1024\">O acidente gerou grande mobiliza\u00e7\u00e3o na regi\u00e3o e chamou aten\u00e7\u00e3o pela forte destrui\u00e7\u00e3o no carro de passeio, que ficou totalmente retorcido com o impacto.<\/p>\n<p data-start=\"1026\" data-end=\"1260\" data-is-last-node=\"\" data-is-only-node=\"\">As causas da colis\u00e3o ainda ser\u00e3o investigadas pelas autoridades. Diante do aumento no fluxo de ve\u00edculos por causa do deslocamento de estudantes para o ENEM, a orienta\u00e7\u00e3o \u00e9 que motoristas\u00a0<strong data-start=\"1213\" data-end=\"1235\">redobrem a aten\u00e7\u00e3o<\/strong>\u00a0ao trafegar pelo trecho.<\/p>\n<p data-start=\"1026\" data-end=\"1260\" data-is-last-node=\"\" data-is-only-node=\"\"><strong>Noticias em Destaque<\/strong><\/p>\n<p style=\"text-align: right;\" data-start=\"1026\" data-end=\"1260\" data-is-last-node=\"\" data-is-only-node=\"\"><em>Fonte: OPIPOCO com informa\u00e7\u00f5es de Edvaldo Jos\u00e9<\/em><\/p>\n","protected":false},"excerpt":{"rendered":"<p>Um grave acidente foi registrado na tarde deste domingo na\u00a0BR-412, no trecho que liga\u00a0Serra Branca\u00a0a\u00a0Sum\u00e9, no Cariri paraibano. A colis\u00e3o envolveu um\u00a0\u00f4nibus escolar\u00a0do munic\u00edpio de Serra Branca, que transportava estudantes para as provas do\u00a0ENEM, e um\u00a0carro de passeio. De acordo com as primeiras informa\u00e7\u00f5es,\u00a0nenhum dos passageiros do \u00f4nibus ficou ferido. J\u00e1 o motorista do carro teve ferimentos graves e ficou\u00a0preso \u00e0s ferragens, exigindo a a\u00e7\u00e3o imediata do\u00a0Corpo de Bombeiros, que trabalhou para retirar a v\u00edtima do ve\u00edculo completamente destru\u00eddo. Equipes da\u00a0Pol\u00edcia Militar,\u00a0Pol\u00edcia Civil\u00a0e do\u00a0SAMU\u00a0tamb\u00e9m foram acionadas. Ap\u00f3s o resgate, o condutor do carro foi socorrido pelo SAMU e encaminhado ao\u00a0Hospital de Serra Branca. O acidente gerou grande mobiliza\u00e7\u00e3o na regi\u00e3o e chamou aten\u00e7\u00e3o pela forte destrui\u00e7\u00e3o no carro de passeio, que ficou totalmente retorcido com o impacto. As causas da colis\u00e3o ainda ser\u00e3o investigadas pelas autoridades. Diante do aumento no fluxo de ve\u00edculos por causa do deslocamento de estudantes para o ENEM, a orienta\u00e7\u00e3o \u00e9 que motoristas\u00a0redobrem a aten\u00e7\u00e3o\u00a0ao trafegar pelo trecho. Noticias em Destaque Fonte: OPIPOCO com informa\u00e7\u00f5es de Edvaldo Jos\u00e9<\/p>\n","protected":false},"author":2,"featured_media":74765,"comment_status":"closed","ping_status":"closed","sticky":false,"template":"","format":"standard","meta":{"_eb_attr":"","_jetpack_memberships_contains_paid_content":false,"footnotes":""},"categories":[20],"tags":[],"class_list":["post-74764","post","type-post","status-publish","format-standard","has-post-thumbnail","hentry","category-policia"],"yoast_head":"<!-- This site is optimized with the Yoast SEO plugin v26.5 - https:\/\/yoast.com\/wordpress\/plugins\/seo\/ -->\n<title>\u00d4nibus escolar que transportava alunos para ENEM se envolve em acidente na BR-412 - Not&iacute;cias em Destaque<\/title>\n<meta name=\"robots\" content=\"index, follow, max-snippet:-1, max-image-preview:large, max-video-preview:-1\" \/>\n<link rel=\"canonical\" href=\"https:\/\/noticiasemdestaque.com\/cd\/?p=74764\" \/>\n<meta property=\"og:locale\" content=\"pt_BR\" \/>\n<meta property=\"og:type\" content=\"article\" \/>\n<meta property=\"og:title\" content=\"\u00d4nibus escolar que transportava alunos para ENEM se envolve em acidente na BR-412 - Not&iacute;cias em Destaque\" \/>\n<meta property=\"og:description\" content=\"Um grave acidente foi registrado na tarde deste domingo na\u00a0BR-412, no trecho que liga\u00a0Serra Branca\u00a0a\u00a0Sum\u00e9, no Cariri paraibano. A colis\u00e3o envolveu um\u00a0\u00f4nibus escolar\u00a0do munic\u00edpio de Serra Branca, que transportava estudantes para as provas do\u00a0ENEM, e um\u00a0carro de passeio. De acordo com as primeiras informa\u00e7\u00f5es,\u00a0nenhum dos passageiros do \u00f4nibus ficou ferido. J\u00e1 o motorista do carro teve ferimentos graves e ficou\u00a0preso \u00e0s ferragens, exigindo a a\u00e7\u00e3o imediata do\u00a0Corpo de Bombeiros, que trabalhou para retirar a v\u00edtima do ve\u00edculo completamente destru\u00eddo. Equipes da\u00a0Pol\u00edcia Militar,\u00a0Pol\u00edcia Civil\u00a0e do\u00a0SAMU\u00a0tamb\u00e9m foram acionadas. Ap\u00f3s o resgate, o condutor do carro foi socorrido pelo SAMU e encaminhado ao\u00a0Hospital de Serra Branca. O acidente gerou grande mobiliza\u00e7\u00e3o na regi\u00e3o e chamou aten\u00e7\u00e3o pela forte destrui\u00e7\u00e3o no carro de passeio, que ficou totalmente retorcido com o impacto. As causas da colis\u00e3o ainda ser\u00e3o investigadas pelas autoridades. Diante do aumento no fluxo de ve\u00edculos por causa do deslocamento de estudantes para o ENEM, a orienta\u00e7\u00e3o \u00e9 que motoristas\u00a0redobrem a aten\u00e7\u00e3o\u00a0ao trafegar pelo trecho. Noticias em Destaque Fonte: OPIPOCO com informa\u00e7\u00f5es de Edvaldo Jos\u00e9\" \/>\n<meta property=\"og:url\" content=\"https:\/\/noticiasemdestaque.com\/cd\/?p=74764\" \/>\n<meta property=\"og:site_name\" content=\"Not&iacute;cias em Destaque\" \/>\n<meta property=\"article:published_time\" content=\"2025-11-16T21:16:04+00:00\" \/>\n<meta property=\"og:image\" content=\"https:\/\/noticiasemdestaque.com\/cd\/wp-content\/uploads\/2025\/11\/Carro-colide-com-onibus-escolar-800x600-1.jpeg\" \/>\n\t<meta property=\"og:image:width\" content=\"800\" \/>\n\t<meta property=\"og:image:height\" content=\"600\" \/>\n\t<meta property=\"og:image:type\" content=\"image\/jpeg\" \/>\n<meta name=\"author\" content=\"Not\u00edcias em Destaque\" \/>\n<meta name=\"twitter:card\" content=\"summary_large_image\" \/>\n<meta name=\"twitter:label1\" content=\"Escrito por\" \/>\n\t<meta name=\"twitter:data1\" content=\"Not\u00edcias em Destaque\" \/>\n\t<meta name=\"twitter:label2\" content=\"Est. tempo de leitura\" \/>\n\t<meta name=\"twitter:data2\" content=\"2 minutos\" \/>\n<script type=\"application\/ld+json\" class=\"yoast-schema-graph\">{\"@context\":\"https:\/\/schema.org\",\"@graph\":[{\"@type\":\"Article\",\"@id\":\"https:\/\/noticiasemdestaque.com\/cd\/?p=74764#article\",\"isPartOf\":{\"@id\":\"https:\/\/noticiasemdestaque.com\/cd\/?p=74764\"},\"author\":{\"name\":\"Not\u00edcias em Destaque\",\"@id\":\"https:\/\/noticiasemdestaque.com\/cd\/#\/schema\/person\/21320b03a7e8bb90128938dafc9b908a\"},\"headline\":\"\u00d4nibus escolar que transportava alunos para ENEM se envolve em acidente na BR-412\",\"datePublished\":\"2025-11-16T21:16:04+00:00\",\"mainEntityOfPage\":{\"@id\":\"https:\/\/noticiasemdestaque.com\/cd\/?p=74764\"},\"wordCount\":224,\"publisher\":{\"@id\":\"https:\/\/noticiasemdestaque.com\/cd\/#organization\"},\"image\":{\"@id\":\"https:\/\/noticiasemdestaque.com\/cd\/?p=74764#primaryimage\"},\"thumbnailUrl\":\"https:\/\/noticiasemdestaque.com\/cd\/wp-content\/uploads\/2025\/11\/Carro-colide-com-onibus-escolar-800x600-1.jpeg\",\"articleSection\":[\"Pol\u00edcia\"],\"inLanguage\":\"pt-BR\"},{\"@type\":\"WebPage\",\"@id\":\"https:\/\/noticiasemdestaque.com\/cd\/?p=74764\",\"url\":\"https:\/\/noticiasemdestaque.com\/cd\/?p=74764\",\"name\":\"\u00d4nibus escolar que transportava alunos para ENEM se envolve em acidente na BR-412 - Not&iacute;cias em Destaque\",\"isPartOf\":{\"@id\":\"https:\/\/noticiasemdestaque.com\/cd\/#website\"},\"primaryImageOfPage\":{\"@id\":\"https:\/\/noticiasemdestaque.com\/cd\/?p=74764#primaryimage\"},\"image\":{\"@id\":\"https:\/\/noticiasemdestaque.com\/cd\/?p=74764#primaryimage\"},\"thumbnailUrl\":\"https:\/\/noticiasemdestaque.com\/cd\/wp-content\/uploads\/2025\/11\/Carro-colide-com-onibus-escolar-800x600-1.jpeg\",\"datePublished\":\"2025-11-16T21:16:04+00:00\",\"breadcrumb\":{\"@id\":\"https:\/\/noticiasemdestaque.com\/cd\/?p=74764#breadcrumb\"},\"inLanguage\":\"pt-BR\",\"potentialAction\":[{\"@type\":\"ReadAction\",\"target\":[\"https:\/\/noticiasemdestaque.com\/cd\/?p=74764\"]}]},{\"@type\":\"ImageObject\",\"inLanguage\":\"pt-BR\",\"@id\":\"https:\/\/noticiasemdestaque.com\/cd\/?p=74764#primaryimage\",\"url\":\"https:\/\/noticiasemdestaque.com\/cd\/wp-content\/uploads\/2025\/11\/Carro-colide-com-onibus-escolar-800x600-1.jpeg\",\"contentUrl\":\"https:\/\/noticiasemdestaque.com\/cd\/wp-content\/uploads\/2025\/11\/Carro-colide-com-onibus-escolar-800x600-1.jpeg\",\"width\":800,\"height\":600},{\"@type\":\"BreadcrumbList\",\"@id\":\"https:\/\/noticiasemdestaque.com\/cd\/?p=74764#breadcrumb\",\"itemListElement\":[{\"@type\":\"ListItem\",\"position\":1,\"name\":\"In\u00edcio\",\"item\":\"https:\/\/noticiasemdestaque.com\/cd\/\"},{\"@type\":\"ListItem\",\"position\":2,\"name\":\"\u00d4nibus escolar que transportava alunos para ENEM se envolve em acidente na BR-412\"}]},{\"@type\":\"WebSite\",\"@id\":\"https:\/\/noticiasemdestaque.com\/cd\/#website\",\"url\":\"https:\/\/noticiasemdestaque.com\/cd\/\",\"name\":\"Not&iacute;cias em Destaque\",\"description\":\"\",\"publisher\":{\"@id\":\"https:\/\/noticiasemdestaque.com\/cd\/#organization\"},\"potentialAction\":[{\"@type\":\"SearchAction\",\"target\":{\"@type\":\"EntryPoint\",\"urlTemplate\":\"https:\/\/noticiasemdestaque.com\/cd\/?s={search_term_string}\"},\"query-input\":{\"@type\":\"PropertyValueSpecification\",\"valueRequired\":true,\"valueName\":\"search_term_string\"}}],\"inLanguage\":\"pt-BR\"},{\"@type\":\"Organization\",\"@id\":\"https:\/\/noticiasemdestaque.com\/cd\/#organization\",\"name\":\"Not\u00edcias em Destaque\",\"url\":\"https:\/\/noticiasemdestaque.com\/cd\/\",\"logo\":{\"@type\":\"ImageObject\",\"inLanguage\":\"pt-BR\",\"@id\":\"https:\/\/noticiasemdestaque.com\/cd\/#\/schema\/logo\/image\/\",\"url\":\"https:\/\/noticiasemdestaque.com\/cd\/wp-content\/uploads\/2022\/05\/imagem-base-noticiasemdestaque.png\",\"contentUrl\":\"https:\/\/noticiasemdestaque.com\/cd\/wp-content\/uploads\/2022\/05\/imagem-base-noticiasemdestaque.png\",\"width\":1200,\"height\":630,\"caption\":\"Not\u00edcias em Destaque\"},\"image\":{\"@id\":\"https:\/\/noticiasemdestaque.com\/cd\/#\/schema\/logo\/image\/\"}},{\"@type\":\"Person\",\"@id\":\"https:\/\/noticiasemdestaque.com\/cd\/#\/schema\/person\/21320b03a7e8bb90128938dafc9b908a\",\"name\":\"Not\u00edcias em Destaque\",\"url\":\"https:\/\/noticiasemdestaque.com\/cd\/?author=2\"}]}<\/script>\n<!-- \/ Yoast SEO plugin. -->","yoast_head_json":{"title":"\u00d4nibus escolar que transportava alunos para ENEM se envolve em acidente na BR-412 - Not&iacute;cias em Destaque","robots":{"index":"index","follow":"follow","max-snippet":"max-snippet:-1","max-image-preview":"max-image-preview:large","max-video-preview":"max-video-preview:-1"},"canonical":"https:\/\/noticiasemdestaque.com\/cd\/?p=74764","og_locale":"pt_BR","og_type":"article","og_title":"\u00d4nibus escolar que transportava alunos para ENEM se envolve em acidente na BR-412 - Not&iacute;cias em Destaque","og_description":"Um grave acidente foi registrado na tarde deste domingo na\u00a0BR-412, no trecho que liga\u00a0Serra Branca\u00a0a\u00a0Sum\u00e9, no Cariri paraibano. A colis\u00e3o envolveu um\u00a0\u00f4nibus escolar\u00a0do munic\u00edpio de Serra Branca, que transportava estudantes para as provas do\u00a0ENEM, e um\u00a0carro de passeio. De acordo com as primeiras informa\u00e7\u00f5es,\u00a0nenhum dos passageiros do \u00f4nibus ficou ferido. J\u00e1 o motorista do carro teve ferimentos graves e ficou\u00a0preso \u00e0s ferragens, exigindo a a\u00e7\u00e3o imediata do\u00a0Corpo de Bombeiros, que trabalhou para retirar a v\u00edtima do ve\u00edculo completamente destru\u00eddo. Equipes da\u00a0Pol\u00edcia Militar,\u00a0Pol\u00edcia Civil\u00a0e do\u00a0SAMU\u00a0tamb\u00e9m foram acionadas. Ap\u00f3s o resgate, o condutor do carro foi socorrido pelo SAMU e encaminhado ao\u00a0Hospital de Serra Branca. O acidente gerou grande mobiliza\u00e7\u00e3o na regi\u00e3o e chamou aten\u00e7\u00e3o pela forte destrui\u00e7\u00e3o no carro de passeio, que ficou totalmente retorcido com o impacto. As causas da colis\u00e3o ainda ser\u00e3o investigadas pelas autoridades. Diante do aumento no fluxo de ve\u00edculos por causa do deslocamento de estudantes para o ENEM, a orienta\u00e7\u00e3o \u00e9 que motoristas\u00a0redobrem a aten\u00e7\u00e3o\u00a0ao trafegar pelo trecho. Noticias em Destaque Fonte: OPIPOCO com informa\u00e7\u00f5es de Edvaldo Jos\u00e9","og_url":"https:\/\/noticiasemdestaque.com\/cd\/?p=74764","og_site_name":"Not&iacute;cias em Destaque","article_published_time":"2025-11-16T21:16:04+00:00","og_image":[{"width":800,"height":600,"url":"https:\/\/noticiasemdestaque.com\/cd\/wp-content\/uploads\/2025\/11\/Carro-colide-com-onibus-escolar-800x600-1.jpeg","type":"image\/jpeg"}],"author":"Not\u00edcias em Destaque","twitter_card":"summary_large_image","twitter_misc":{"Escrito por":"Not\u00edcias em Destaque","Est. tempo de leitura":"2 minutos"},"schema":{"@context":"https:\/\/schema.org","@graph":[{"@type":"Article","@id":"https:\/\/noticiasemdestaque.com\/cd\/?p=74764#article","isPartOf":{"@id":"https:\/\/noticiasemdestaque.com\/cd\/?p=74764"},"author":{"name":"Not\u00edcias em Destaque","@id":"https:\/\/noticiasemdestaque.com\/cd\/#\/schema\/person\/21320b03a7e8bb90128938dafc9b908a"},"headline":"\u00d4nibus escolar que transportava alunos para ENEM se envolve em acidente na BR-412","datePublished":"2025-11-16T21:16:04+00:00","mainEntityOfPage":{"@id":"https:\/\/noticiasemdestaque.com\/cd\/?p=74764"},"wordCount":224,"publisher":{"@id":"https:\/\/noticiasemdestaque.com\/cd\/#organization"},"image":{"@id":"https:\/\/noticiasemdestaque.com\/cd\/?p=74764#primaryimage"},"thumbnailUrl":"https:\/\/noticiasemdestaque.com\/cd\/wp-content\/uploads\/2025\/11\/Carro-colide-com-onibus-escolar-800x600-1.jpeg","articleSection":["Pol\u00edcia"],"inLanguage":"pt-BR"},{"@type":"WebPage","@id":"https:\/\/noticiasemdestaque.com\/cd\/?p=74764","url":"https:\/\/noticiasemdestaque.com\/cd\/?p=74764","name":"\u00d4nibus escolar que transportava alunos para ENEM se envolve em acidente na BR-412 - Not&iacute;cias em Destaque","isPartOf":{"@id":"https:\/\/noticiasemdestaque.com\/cd\/#website"},"primaryImageOfPage":{"@id":"https:\/\/noticiasemdestaque.com\/cd\/?p=74764#primaryimage"},"image":{"@id":"https:\/\/noticiasemdestaque.com\/cd\/?p=74764#primaryimage"},"thumbnailUrl":"https:\/\/noticiasemdestaque.com\/cd\/wp-content\/uploads\/2025\/11\/Carro-colide-com-onibus-escolar-800x600-1.jpeg","datePublished":"2025-11-16T21:16:04+00:00","breadcrumb":{"@id":"https:\/\/noticiasemdestaque.com\/cd\/?p=74764#breadcrumb"},"inLanguage":"pt-BR","potentialAction":[{"@type":"ReadAction","target":["https:\/\/noticiasemdestaque.com\/cd\/?p=74764"]}]},{"@type":"ImageObject","inLanguage":"pt-BR","@id":"https:\/\/noticiasemdestaque.com\/cd\/?p=74764#primaryimage","url":"https:\/\/noticiasemdestaque.com\/cd\/wp-content\/uploads\/2025\/11\/Carro-colide-com-onibus-escolar-800x600-1.jpeg","contentUrl":"https:\/\/noticiasemdestaque.com\/cd\/wp-content\/uploads\/2025\/11\/Carro-colide-com-onibus-escolar-800x600-1.jpeg","width":800,"height":600},{"@type":"BreadcrumbList","@id":"https:\/\/noticiasemdestaque.com\/cd\/?p=74764#breadcrumb","itemListElement":[{"@type":"ListItem","position":1,"name":"In\u00edcio","item":"https:\/\/noticiasemdestaque.com\/cd\/"},{"@type":"ListItem","position":2,"name":"\u00d4nibus escolar que transportava alunos para ENEM se envolve em acidente na BR-412"}]},{"@type":"WebSite","@id":"https:\/\/noticiasemdestaque.com\/cd\/#website","url":"https:\/\/noticiasemdestaque.com\/cd\/","name":"Not&iacute;cias em Destaque","description":"","publisher":{"@id":"https:\/\/noticiasemdestaque.com\/cd\/#organization"},"potentialAction":[{"@type":"SearchAction","target":{"@type":"EntryPoint","urlTemplate":"https:\/\/noticiasemdestaque.com\/cd\/?s={search_term_string}"},"query-input":{"@type":"PropertyValueSpecification","valueRequired":true,"valueName":"search_term_string"}}],"inLanguage":"pt-BR"},{"@type":"Organization","@id":"https:\/\/noticiasemdestaque.com\/cd\/#organization","name":"Not\u00edcias em Destaque","url":"https:\/\/noticiasemdestaque.com\/cd\/","logo":{"@type":"ImageObject","inLanguage":"pt-BR","@id":"https:\/\/noticiasemdestaque.com\/cd\/#\/schema\/logo\/image\/","url":"https:\/\/noticiasemdestaque.com\/cd\/wp-content\/uploads\/2022\/05\/imagem-base-noticiasemdestaque.png","contentUrl":"https:\/\/noticiasemdestaque.com\/cd\/wp-content\/uploads\/2022\/05\/imagem-base-noticiasemdestaque.png","width":1200,"height":630,"caption":"Not\u00edcias em Destaque"},"image":{"@id":"https:\/\/noticiasemdestaque.com\/cd\/#\/schema\/logo\/image\/"}},{"@type":"Person","@id":"https:\/\/noticiasemdestaque.com\/cd\/#\/schema\/person\/21320b03a7e8bb90128938dafc9b908a","name":"Not\u00edcias em Destaque","url":"https:\/\/noticiasemdestaque.com\/cd\/?author=2"}]}},"jetpack_featured_media_url":"https:\/\/noticiasemdestaque.com\/cd\/wp-content\/uploads\/2025\/11\/Carro-colide-com-onibus-escolar-800x600-1.jpeg","jetpack_sharing_enabled":true,"_links":{"self":[{"href":"https:\/\/noticiasemdestaque.com\/cd\/index.php?rest_route=\/wp\/v2\/posts\/74764","targetHints":{"allow":["GET"]}}],"collection":[{"href":"https:\/\/noticiasemdestaque.com\/cd\/index.php?rest_route=\/wp\/v2\/posts"}],"about":[{"href":"https:\/\/noticiasemdestaque.com\/cd\/index.php?rest_route=\/wp\/v2\/types\/post"}],"author":[{"embeddable":true,"href":"https:\/\/noticiasemdestaque.com\/cd\/index.php?rest_route=\/wp\/v2\/users\/2"}],"replies":[{"embeddable":true,"href":"https:\/\/noticiasemdestaque.com\/cd\/index.php?rest_route=%2Fwp%2Fv2%2Fcomments&post=74764"}],"version-history":[{"count":1,"href":"https:\/\/noticiasemdestaque.com\/cd\/index.php?rest_route=\/wp\/v2\/posts\/74764\/revisions"}],"predecessor-version":[{"id":74766,"href":"https:\/\/noticiasemdestaque.com\/cd\/index.php?rest_route=\/wp\/v2\/posts\/74764\/revisions\/74766"}],"wp:featuredmedia":[{"embeddable":true,"href":"https:\/\/noticiasemdestaque.com\/cd\/index.php?rest_route=\/wp\/v2\/media\/74765"}],"wp:attachment":[{"href":"https:\/\/noticiasemdestaque.com\/cd\/index.php?rest_route=%2Fwp%2Fv2%2Fmedia&parent=74764"}],"wp:term":[{"taxonomy":"category","embeddable":true,"href":"https:\/\/noticiasemdestaque.com\/cd\/index.php?rest_route=%2Fwp%2Fv2%2Fcategories&post=74764"},{"taxonomy":"post_tag","embeddable":true,"href":"https:\/\/noticiasemdestaque.com\/cd\/index.php?rest_route=%2Fwp%2Fv2%2Ftags&post=74764"}],"curies":[{"name":"wp","href":"https:\/\/api.w.org\/{rel}","templated":true}]}}