{"id":747,"date":"2017-06-21T13:30:03","date_gmt":"2017-06-21T16:30:03","guid":{"rendered":"http:\/\/caririemdestaque.com\/cd\/?p=747"},"modified":"2017-06-21T13:30:03","modified_gmt":"2017-06-21T16:30:03","slug":"ricardo-coutinho-ressalta-que-ldo-2018-esta-dentro-da-realidade-do-estado-e-respeita-poderes","status":"publish","type":"post","link":"https:\/\/noticiasemdestaque.com\/cd\/?p=747","title":{"rendered":"Ricardo Coutinho ressalta que LDO 2018 est\u00e1 dentro da realidade do Estado e respeita poderes"},"content":{"rendered":"<figure id=\"attachment_748\" aria-describedby=\"caption-attachment-748\" style=\"width: 300px\" class=\"wp-caption alignleft\"><a href=\"http:\/\/caririemdestaque.com\/cd\/wp-content\/uploads\/2017\/06\/ricardo_coutinho_walla_santos-1.jpg\"><img fetchpriority=\"high\" decoding=\"async\" class=\"wp-image-748 size-medium\" src=\"http:\/\/caririemdestaque.com\/cd\/wp-content\/uploads\/2017\/06\/ricardo_coutinho_walla_santos-1-300x200.jpg\" alt=\"\" width=\"300\" height=\"200\" srcset=\"https:\/\/noticiasemdestaque.com\/cd\/wp-content\/uploads\/2017\/06\/ricardo_coutinho_walla_santos-1-300x200.jpg 300w, https:\/\/noticiasemdestaque.com\/cd\/wp-content\/uploads\/2017\/06\/ricardo_coutinho_walla_santos-1-768x513.jpg 768w, https:\/\/noticiasemdestaque.com\/cd\/wp-content\/uploads\/2017\/06\/ricardo_coutinho_walla_santos-1-480x320.jpg 480w, https:\/\/noticiasemdestaque.com\/cd\/wp-content\/uploads\/2017\/06\/ricardo_coutinho_walla_santos-1.jpg 876w\" sizes=\"(max-width: 300px) 100vw, 300px\" \/><\/a><figcaption id=\"caption-attachment-748\" class=\"wp-caption-text\">De acordo com o governador, \u00e9 preciso aten\u00e7\u00e3o \u00e0 situa\u00e7\u00e3o financeira do Estado e \u00e9 necess\u00e1rio contar dinheiro todos os dias (Foto: Walla Santos)<\/figcaption><\/figure>\n<p>A Lei de Diretrizes Or\u00e7ament\u00e1rias (LDO) referente ao Exerc\u00edcio de 2018 proposta pelo Executivo Estadual dever\u00e1 ser votada ainda nesta quarta-feira (21) pelos deputados estaduais na Assembleia Legislativa da Para\u00edba. O governador Ricardo Coutinho, em entrevista concedida hoje, afirmou que a lei \u00e9 correta, \u201cbeneficia a todos e est\u00e1 dentro de uma realidade do nosso Estado\u201d.<\/p>\n<p>Ricardo Coutinho ainda destacou o quanto \u00e9 dif\u00edcil manter o equil\u00edbrio no Estado. De acordo com ele, a LDO 2018 \u201c\u00e9 uma lei que respeita os poderes todos, mas est\u00e1 dentro da realidade\u201d.<\/p>\n<p>De acordo com o governador, \u00e9 preciso aten\u00e7\u00e3o \u00e0 situa\u00e7\u00e3o financeira do Estado e \u00e9 necess\u00e1rio contar dinheiro todos os dias. \u201cTenho que tomar conta de diminuir despesa em um canto para poder aumentar em outros e tenho que garantir o funcionamento de todos, inclusive dos demais poderes\u201d, ressaltou Ricardo.<\/p>\n<p>Ele ainda afirmou que n\u00e3o pode mexer de qualquer forma na articula\u00e7\u00e3o j\u00e1 montada \u201cporque se eu mexer corro o risco de transformar a Para\u00edba como outros estados que hoje n\u00e3o se passa duod\u00e9cimo, a crise \u00e9 permanente, n\u00e3o se tem um investimento\u201d, avaliou o governador.<\/p>\n","protected":false},"excerpt":{"rendered":"<p>A Lei de Diretrizes Or\u00e7ament\u00e1rias (LDO) referente ao Exerc\u00edcio de 2018 proposta pelo Executivo Estadual dever\u00e1 ser votada ainda nesta quarta-feira (21) pelos deputados estaduais na Assembleia Legislativa da Para\u00edba. O governador Ricardo Coutinho, em entrevista concedida hoje, afirmou que a lei \u00e9 correta, \u201cbeneficia a todos e est\u00e1 dentro de uma realidade do nosso Estado\u201d. Ricardo Coutinho ainda destacou o quanto \u00e9 dif\u00edcil manter o equil\u00edbrio no Estado. De acordo com ele, a LDO 2018 \u201c\u00e9 uma lei que respeita os poderes todos, mas est\u00e1 dentro da realidade\u201d. De acordo com o governador, \u00e9 preciso aten\u00e7\u00e3o \u00e0 situa\u00e7\u00e3o financeira do Estado e \u00e9 necess\u00e1rio contar dinheiro todos os dias. \u201cTenho que tomar conta de diminuir despesa em um canto para poder aumentar em outros e tenho que garantir o funcionamento de todos, inclusive dos demais poderes\u201d, ressaltou Ricardo. Ele ainda afirmou que n\u00e3o pode mexer de qualquer forma na articula\u00e7\u00e3o j\u00e1 montada \u201cporque se eu mexer corro o risco de transformar a Para\u00edba como outros estados que hoje n\u00e3o se passa duod\u00e9cimo, a crise \u00e9 permanente, n\u00e3o se tem um investimento\u201d, avaliou o governador.<\/p>\n","protected":false},"author":2,"featured_media":748,"comment_status":"closed","ping_status":"open","sticky":false,"template":"","format":"standard","meta":{"_eb_attr":"","_jetpack_memberships_contains_paid_content":false,"footnotes":""},"categories":[4],"tags":[],"class_list":["post-747","post","type-post","status-publish","format-standard","has-post-thumbnail","hentry","category-politica"],"yoast_head":"<!-- This site is optimized with the Yoast SEO plugin v26.5 - https:\/\/yoast.com\/wordpress\/plugins\/seo\/ -->\n<title>Ricardo Coutinho ressalta que LDO 2018 est\u00e1 dentro da realidade do Estado e respeita poderes - Not&iacute;cias em Destaque<\/title>\n<meta name=\"robots\" content=\"index, follow, max-snippet:-1, max-image-preview:large, max-video-preview:-1\" \/>\n<link rel=\"canonical\" href=\"https:\/\/noticiasemdestaque.com\/cd\/?p=747\" \/>\n<meta property=\"og:locale\" content=\"pt_BR\" \/>\n<meta property=\"og:type\" content=\"article\" \/>\n<meta property=\"og:title\" content=\"Ricardo Coutinho ressalta que LDO 2018 est\u00e1 dentro da realidade do Estado e respeita poderes - Not&iacute;cias em Destaque\" \/>\n<meta property=\"og:description\" content=\"A Lei de Diretrizes Or\u00e7ament\u00e1rias (LDO) referente ao Exerc\u00edcio de 2018 proposta pelo Executivo Estadual dever\u00e1 ser votada ainda nesta quarta-feira (21) pelos deputados estaduais na Assembleia Legislativa da Para\u00edba. O governador Ricardo Coutinho, em entrevista concedida hoje, afirmou que a lei \u00e9 correta, \u201cbeneficia a todos e est\u00e1 dentro de uma realidade do nosso Estado\u201d. Ricardo Coutinho ainda destacou o quanto \u00e9 dif\u00edcil manter o equil\u00edbrio no Estado. De acordo com ele, a LDO 2018 \u201c\u00e9 uma lei que respeita os poderes todos, mas est\u00e1 dentro da realidade\u201d. De acordo com o governador, \u00e9 preciso aten\u00e7\u00e3o \u00e0 situa\u00e7\u00e3o financeira do Estado e \u00e9 necess\u00e1rio contar dinheiro todos os dias. \u201cTenho que tomar conta de diminuir despesa em um canto para poder aumentar em outros e tenho que garantir o funcionamento de todos, inclusive dos demais poderes\u201d, ressaltou Ricardo. Ele ainda afirmou que n\u00e3o pode mexer de qualquer forma na articula\u00e7\u00e3o j\u00e1 montada \u201cporque se eu mexer corro o risco de transformar a Para\u00edba como outros estados que hoje n\u00e3o se passa duod\u00e9cimo, a crise \u00e9 permanente, n\u00e3o se tem um investimento\u201d, avaliou o governador.\" \/>\n<meta property=\"og:url\" content=\"https:\/\/noticiasemdestaque.com\/cd\/?p=747\" \/>\n<meta property=\"og:site_name\" content=\"Not&iacute;cias em Destaque\" \/>\n<meta property=\"article:published_time\" content=\"2017-06-21T16:30:03+00:00\" \/>\n<meta property=\"og:image\" content=\"https:\/\/noticiasemdestaque.com\/cd\/wp-content\/uploads\/2017\/06\/ricardo_coutinho_walla_santos-1.jpg\" \/>\n\t<meta property=\"og:image:width\" content=\"876\" \/>\n\t<meta property=\"og:image:height\" content=\"585\" \/>\n\t<meta property=\"og:image:type\" content=\"image\/jpeg\" \/>\n<meta name=\"author\" content=\"Not\u00edcias em Destaque\" \/>\n<meta name=\"twitter:card\" content=\"summary_large_image\" \/>\n<meta name=\"twitter:label1\" content=\"Escrito por\" \/>\n\t<meta name=\"twitter:data1\" content=\"Not\u00edcias em Destaque\" \/>\n\t<meta name=\"twitter:label2\" content=\"Est. tempo de leitura\" \/>\n\t<meta name=\"twitter:data2\" content=\"1 minuto\" \/>\n<script type=\"application\/ld+json\" class=\"yoast-schema-graph\">{\"@context\":\"https:\/\/schema.org\",\"@graph\":[{\"@type\":\"Article\",\"@id\":\"https:\/\/noticiasemdestaque.com\/cd\/?p=747#article\",\"isPartOf\":{\"@id\":\"https:\/\/noticiasemdestaque.com\/cd\/?p=747\"},\"author\":{\"name\":\"Not\u00edcias em Destaque\",\"@id\":\"https:\/\/noticiasemdestaque.com\/cd\/#\/schema\/person\/47f7d4f55eec17c6b2ca036c5500f6ce\"},\"headline\":\"Ricardo Coutinho ressalta que LDO 2018 est\u00e1 dentro da realidade do Estado e respeita poderes\",\"datePublished\":\"2017-06-21T16:30:03+00:00\",\"mainEntityOfPage\":{\"@id\":\"https:\/\/noticiasemdestaque.com\/cd\/?p=747\"},\"wordCount\":235,\"publisher\":{\"@id\":\"https:\/\/noticiasemdestaque.com\/cd\/#organization\"},\"image\":{\"@id\":\"https:\/\/noticiasemdestaque.com\/cd\/?p=747#primaryimage\"},\"thumbnailUrl\":\"https:\/\/noticiasemdestaque.com\/cd\/wp-content\/uploads\/2017\/06\/ricardo_coutinho_walla_santos-1.jpg\",\"articleSection\":[\"Pol\u00edtica\"],\"inLanguage\":\"pt-BR\"},{\"@type\":\"WebPage\",\"@id\":\"https:\/\/noticiasemdestaque.com\/cd\/?p=747\",\"url\":\"https:\/\/noticiasemdestaque.com\/cd\/?p=747\",\"name\":\"Ricardo Coutinho ressalta que LDO 2018 est\u00e1 dentro da realidade do Estado e respeita poderes - Not&iacute;cias em Destaque\",\"isPartOf\":{\"@id\":\"https:\/\/noticiasemdestaque.com\/cd\/#website\"},\"primaryImageOfPage\":{\"@id\":\"https:\/\/noticiasemdestaque.com\/cd\/?p=747#primaryimage\"},\"image\":{\"@id\":\"https:\/\/noticiasemdestaque.com\/cd\/?p=747#primaryimage\"},\"thumbnailUrl\":\"https:\/\/noticiasemdestaque.com\/cd\/wp-content\/uploads\/2017\/06\/ricardo_coutinho_walla_santos-1.jpg\",\"datePublished\":\"2017-06-21T16:30:03+00:00\",\"breadcrumb\":{\"@id\":\"https:\/\/noticiasemdestaque.com\/cd\/?p=747#breadcrumb\"},\"inLanguage\":\"pt-BR\",\"potentialAction\":[{\"@type\":\"ReadAction\",\"target\":[\"https:\/\/noticiasemdestaque.com\/cd\/?p=747\"]}]},{\"@type\":\"ImageObject\",\"inLanguage\":\"pt-BR\",\"@id\":\"https:\/\/noticiasemdestaque.com\/cd\/?p=747#primaryimage\",\"url\":\"https:\/\/noticiasemdestaque.com\/cd\/wp-content\/uploads\/2017\/06\/ricardo_coutinho_walla_santos-1.jpg\",\"contentUrl\":\"https:\/\/noticiasemdestaque.com\/cd\/wp-content\/uploads\/2017\/06\/ricardo_coutinho_walla_santos-1.jpg\",\"width\":876,\"height\":585},{\"@type\":\"BreadcrumbList\",\"@id\":\"https:\/\/noticiasemdestaque.com\/cd\/?p=747#breadcrumb\",\"itemListElement\":[{\"@type\":\"ListItem\",\"position\":1,\"name\":\"In\u00edcio\",\"item\":\"https:\/\/noticiasemdestaque.com\/cd\/\"},{\"@type\":\"ListItem\",\"position\":2,\"name\":\"Ricardo Coutinho ressalta que LDO 2018 est\u00e1 dentro da realidade do Estado e respeita poderes\"}]},{\"@type\":\"WebSite\",\"@id\":\"https:\/\/noticiasemdestaque.com\/cd\/#website\",\"url\":\"https:\/\/noticiasemdestaque.com\/cd\/\",\"name\":\"Not&iacute;cias em Destaque\",\"description\":\"\",\"publisher\":{\"@id\":\"https:\/\/noticiasemdestaque.com\/cd\/#organization\"},\"potentialAction\":[{\"@type\":\"SearchAction\",\"target\":{\"@type\":\"EntryPoint\",\"urlTemplate\":\"https:\/\/noticiasemdestaque.com\/cd\/?s={search_term_string}\"},\"query-input\":{\"@type\":\"PropertyValueSpecification\",\"valueRequired\":true,\"valueName\":\"search_term_string\"}}],\"inLanguage\":\"pt-BR\"},{\"@type\":\"Organization\",\"@id\":\"https:\/\/noticiasemdestaque.com\/cd\/#organization\",\"name\":\"Not\u00edcias em Destaque\",\"url\":\"https:\/\/noticiasemdestaque.com\/cd\/\",\"logo\":{\"@type\":\"ImageObject\",\"inLanguage\":\"pt-BR\",\"@id\":\"https:\/\/noticiasemdestaque.com\/cd\/#\/schema\/logo\/image\/\",\"url\":\"https:\/\/noticiasemdestaque.com\/cd\/wp-content\/uploads\/2022\/05\/imagem-base-noticiasemdestaque.png\",\"contentUrl\":\"https:\/\/noticiasemdestaque.com\/cd\/wp-content\/uploads\/2022\/05\/imagem-base-noticiasemdestaque.png\",\"width\":1200,\"height\":630,\"caption\":\"Not\u00edcias em Destaque\"},\"image\":{\"@id\":\"https:\/\/noticiasemdestaque.com\/cd\/#\/schema\/logo\/image\/\"}},{\"@type\":\"Person\",\"@id\":\"https:\/\/noticiasemdestaque.com\/cd\/#\/schema\/person\/47f7d4f55eec17c6b2ca036c5500f6ce\",\"name\":\"Not\u00edcias em Destaque\",\"url\":\"https:\/\/noticiasemdestaque.com\/cd\/?author=2\"}]}<\/script>\n<!-- \/ Yoast SEO plugin. -->","yoast_head_json":{"title":"Ricardo Coutinho ressalta que LDO 2018 est\u00e1 dentro da realidade do Estado e respeita poderes - Not&iacute;cias em Destaque","robots":{"index":"index","follow":"follow","max-snippet":"max-snippet:-1","max-image-preview":"max-image-preview:large","max-video-preview":"max-video-preview:-1"},"canonical":"https:\/\/noticiasemdestaque.com\/cd\/?p=747","og_locale":"pt_BR","og_type":"article","og_title":"Ricardo Coutinho ressalta que LDO 2018 est\u00e1 dentro da realidade do Estado e respeita poderes - Not&iacute;cias em Destaque","og_description":"A Lei de Diretrizes Or\u00e7ament\u00e1rias (LDO) referente ao Exerc\u00edcio de 2018 proposta pelo Executivo Estadual dever\u00e1 ser votada ainda nesta quarta-feira (21) pelos deputados estaduais na Assembleia Legislativa da Para\u00edba. O governador Ricardo Coutinho, em entrevista concedida hoje, afirmou que a lei \u00e9 correta, \u201cbeneficia a todos e est\u00e1 dentro de uma realidade do nosso Estado\u201d. Ricardo Coutinho ainda destacou o quanto \u00e9 dif\u00edcil manter o equil\u00edbrio no Estado. De acordo com ele, a LDO 2018 \u201c\u00e9 uma lei que respeita os poderes todos, mas est\u00e1 dentro da realidade\u201d. De acordo com o governador, \u00e9 preciso aten\u00e7\u00e3o \u00e0 situa\u00e7\u00e3o financeira do Estado e \u00e9 necess\u00e1rio contar dinheiro todos os dias. \u201cTenho que tomar conta de diminuir despesa em um canto para poder aumentar em outros e tenho que garantir o funcionamento de todos, inclusive dos demais poderes\u201d, ressaltou Ricardo. Ele ainda afirmou que n\u00e3o pode mexer de qualquer forma na articula\u00e7\u00e3o j\u00e1 montada \u201cporque se eu mexer corro o risco de transformar a Para\u00edba como outros estados que hoje n\u00e3o se passa duod\u00e9cimo, a crise \u00e9 permanente, n\u00e3o se tem um investimento\u201d, avaliou o governador.","og_url":"https:\/\/noticiasemdestaque.com\/cd\/?p=747","og_site_name":"Not&iacute;cias em Destaque","article_published_time":"2017-06-21T16:30:03+00:00","og_image":[{"width":876,"height":585,"url":"https:\/\/noticiasemdestaque.com\/cd\/wp-content\/uploads\/2017\/06\/ricardo_coutinho_walla_santos-1.jpg","type":"image\/jpeg"}],"author":"Not\u00edcias em Destaque","twitter_card":"summary_large_image","twitter_misc":{"Escrito por":"Not\u00edcias em Destaque","Est. tempo de leitura":"1 minuto"},"schema":{"@context":"https:\/\/schema.org","@graph":[{"@type":"Article","@id":"https:\/\/noticiasemdestaque.com\/cd\/?p=747#article","isPartOf":{"@id":"https:\/\/noticiasemdestaque.com\/cd\/?p=747"},"author":{"name":"Not\u00edcias em Destaque","@id":"https:\/\/noticiasemdestaque.com\/cd\/#\/schema\/person\/47f7d4f55eec17c6b2ca036c5500f6ce"},"headline":"Ricardo Coutinho ressalta que LDO 2018 est\u00e1 dentro da realidade do Estado e respeita poderes","datePublished":"2017-06-21T16:30:03+00:00","mainEntityOfPage":{"@id":"https:\/\/noticiasemdestaque.com\/cd\/?p=747"},"wordCount":235,"publisher":{"@id":"https:\/\/noticiasemdestaque.com\/cd\/#organization"},"image":{"@id":"https:\/\/noticiasemdestaque.com\/cd\/?p=747#primaryimage"},"thumbnailUrl":"https:\/\/noticiasemdestaque.com\/cd\/wp-content\/uploads\/2017\/06\/ricardo_coutinho_walla_santos-1.jpg","articleSection":["Pol\u00edtica"],"inLanguage":"pt-BR"},{"@type":"WebPage","@id":"https:\/\/noticiasemdestaque.com\/cd\/?p=747","url":"https:\/\/noticiasemdestaque.com\/cd\/?p=747","name":"Ricardo Coutinho ressalta que LDO 2018 est\u00e1 dentro da realidade do Estado e respeita poderes - Not&iacute;cias em Destaque","isPartOf":{"@id":"https:\/\/noticiasemdestaque.com\/cd\/#website"},"primaryImageOfPage":{"@id":"https:\/\/noticiasemdestaque.com\/cd\/?p=747#primaryimage"},"image":{"@id":"https:\/\/noticiasemdestaque.com\/cd\/?p=747#primaryimage"},"thumbnailUrl":"https:\/\/noticiasemdestaque.com\/cd\/wp-content\/uploads\/2017\/06\/ricardo_coutinho_walla_santos-1.jpg","datePublished":"2017-06-21T16:30:03+00:00","breadcrumb":{"@id":"https:\/\/noticiasemdestaque.com\/cd\/?p=747#breadcrumb"},"inLanguage":"pt-BR","potentialAction":[{"@type":"ReadAction","target":["https:\/\/noticiasemdestaque.com\/cd\/?p=747"]}]},{"@type":"ImageObject","inLanguage":"pt-BR","@id":"https:\/\/noticiasemdestaque.com\/cd\/?p=747#primaryimage","url":"https:\/\/noticiasemdestaque.com\/cd\/wp-content\/uploads\/2017\/06\/ricardo_coutinho_walla_santos-1.jpg","contentUrl":"https:\/\/noticiasemdestaque.com\/cd\/wp-content\/uploads\/2017\/06\/ricardo_coutinho_walla_santos-1.jpg","width":876,"height":585},{"@type":"BreadcrumbList","@id":"https:\/\/noticiasemdestaque.com\/cd\/?p=747#breadcrumb","itemListElement":[{"@type":"ListItem","position":1,"name":"In\u00edcio","item":"https:\/\/noticiasemdestaque.com\/cd\/"},{"@type":"ListItem","position":2,"name":"Ricardo Coutinho ressalta que LDO 2018 est\u00e1 dentro da realidade do Estado e respeita poderes"}]},{"@type":"WebSite","@id":"https:\/\/noticiasemdestaque.com\/cd\/#website","url":"https:\/\/noticiasemdestaque.com\/cd\/","name":"Not&iacute;cias em Destaque","description":"","publisher":{"@id":"https:\/\/noticiasemdestaque.com\/cd\/#organization"},"potentialAction":[{"@type":"SearchAction","target":{"@type":"EntryPoint","urlTemplate":"https:\/\/noticiasemdestaque.com\/cd\/?s={search_term_string}"},"query-input":{"@type":"PropertyValueSpecification","valueRequired":true,"valueName":"search_term_string"}}],"inLanguage":"pt-BR"},{"@type":"Organization","@id":"https:\/\/noticiasemdestaque.com\/cd\/#organization","name":"Not\u00edcias em Destaque","url":"https:\/\/noticiasemdestaque.com\/cd\/","logo":{"@type":"ImageObject","inLanguage":"pt-BR","@id":"https:\/\/noticiasemdestaque.com\/cd\/#\/schema\/logo\/image\/","url":"https:\/\/noticiasemdestaque.com\/cd\/wp-content\/uploads\/2022\/05\/imagem-base-noticiasemdestaque.png","contentUrl":"https:\/\/noticiasemdestaque.com\/cd\/wp-content\/uploads\/2022\/05\/imagem-base-noticiasemdestaque.png","width":1200,"height":630,"caption":"Not\u00edcias em Destaque"},"image":{"@id":"https:\/\/noticiasemdestaque.com\/cd\/#\/schema\/logo\/image\/"}},{"@type":"Person","@id":"https:\/\/noticiasemdestaque.com\/cd\/#\/schema\/person\/47f7d4f55eec17c6b2ca036c5500f6ce","name":"Not\u00edcias em Destaque","url":"https:\/\/noticiasemdestaque.com\/cd\/?author=2"}]}},"jetpack_featured_media_url":"https:\/\/noticiasemdestaque.com\/cd\/wp-content\/uploads\/2017\/06\/ricardo_coutinho_walla_santos-1.jpg","jetpack_sharing_enabled":true,"_links":{"self":[{"href":"https:\/\/noticiasemdestaque.com\/cd\/index.php?rest_route=\/wp\/v2\/posts\/747","targetHints":{"allow":["GET"]}}],"collection":[{"href":"https:\/\/noticiasemdestaque.com\/cd\/index.php?rest_route=\/wp\/v2\/posts"}],"about":[{"href":"https:\/\/noticiasemdestaque.com\/cd\/index.php?rest_route=\/wp\/v2\/types\/post"}],"author":[{"embeddable":true,"href":"https:\/\/noticiasemdestaque.com\/cd\/index.php?rest_route=\/wp\/v2\/users\/2"}],"replies":[{"embeddable":true,"href":"https:\/\/noticiasemdestaque.com\/cd\/index.php?rest_route=%2Fwp%2Fv2%2Fcomments&post=747"}],"version-history":[{"count":1,"href":"https:\/\/noticiasemdestaque.com\/cd\/index.php?rest_route=\/wp\/v2\/posts\/747\/revisions"}],"predecessor-version":[{"id":749,"href":"https:\/\/noticiasemdestaque.com\/cd\/index.php?rest_route=\/wp\/v2\/posts\/747\/revisions\/749"}],"wp:featuredmedia":[{"embeddable":true,"href":"https:\/\/noticiasemdestaque.com\/cd\/index.php?rest_route=\/wp\/v2\/media\/748"}],"wp:attachment":[{"href":"https:\/\/noticiasemdestaque.com\/cd\/index.php?rest_route=%2Fwp%2Fv2%2Fmedia&parent=747"}],"wp:term":[{"taxonomy":"category","embeddable":true,"href":"https:\/\/noticiasemdestaque.com\/cd\/index.php?rest_route=%2Fwp%2Fv2%2Fcategories&post=747"},{"taxonomy":"post_tag","embeddable":true,"href":"https:\/\/noticiasemdestaque.com\/cd\/index.php?rest_route=%2Fwp%2Fv2%2Ftags&post=747"}],"curies":[{"name":"wp","href":"https:\/\/api.w.org\/{rel}","templated":true}]}}