{"id":7451,"date":"2018-01-19T07:00:53","date_gmt":"2018-01-19T10:00:53","guid":{"rendered":"http:\/\/caririemdestaque.com\/cd\/?p=7451"},"modified":"2018-01-19T07:00:53","modified_gmt":"2018-01-19T10:00:53","slug":"senar-abre-mais-de-100-vagas-na-pb-para-curso-tecnico-gratuito","status":"publish","type":"post","link":"https:\/\/noticiasemdestaque.com\/cd\/?p=7451","title":{"rendered":"Senar abre mais de 100 vagas na PB para curso t\u00e9cnico gratuito"},"content":{"rendered":"<figure id=\"attachment_7452\" aria-describedby=\"caption-attachment-7452\" style=\"width: 243px\" class=\"wp-caption alignleft\"><a href=\"http:\/\/caririemdestaque.com\/cd\/wp-content\/uploads\/2018\/01\/news01.jpg\"><img decoding=\"async\" class=\"wp-image-7452 \" src=\"http:\/\/caririemdestaque.com\/cd\/wp-content\/uploads\/2018\/01\/news01-300x169.jpg\" alt=\"\" width=\"243\" height=\"137\" srcset=\"https:\/\/noticiasemdestaque.com\/cd\/wp-content\/uploads\/2018\/01\/news01-300x169.jpg 300w, https:\/\/noticiasemdestaque.com\/cd\/wp-content\/uploads\/2018\/01\/news01.jpg 515w\" sizes=\"(max-width: 243px) 100vw, 243px\" \/><\/a><figcaption id=\"caption-attachment-7452\" class=\"wp-caption-text\">Imagem Ilustrativa &#8211; Foto: Reprodu\u00e7\u00e3o\/Senar<\/figcaption><\/figure>\n<p class=\"m_1589266264118960690m_-8560583168611888605gmail-m_472999941445665438MsoNoSpacing\">O Servi\u00e7o Nacional de Aprendizagem Rural (Senar) est\u00e1 com inscri\u00e7\u00f5es abertas para o processo seletivo do curso T\u00e9cnico em Agroneg\u00f3cio, na modalidade semipresencial, com a oferta de 3.020 vagas. Na Para\u00edba, ser\u00e3o 120 vagas, distribu\u00eddas entre os polos de Jo\u00e3o Pessoa (40), Campina Grande (40) e Alagoa Grande (40). As inscri\u00e7\u00f5es v\u00e3o at\u00e9 o dia 9 de fevereiro pelo\u00a0<strong><a href=\"http:\/\/etec.senar.org.br\/\" target=\"_blank\" rel=\"noopener\">site<\/a><\/strong>.\u00a0<strong><a href=\"http:\/\/ead.senar.org.br\/wp-content\/uploads\/2018\/01\/20180116_EDITAL_Processo_Seletivo_20181_.pdf\" target=\"_blank\" rel=\"noopener\">Veja o edital<\/a><\/strong>.<\/p>\n<p>Totalmente gratuito, o curso \u00e9 oferecido em parceria com os Minist\u00e9rios da Educa\u00e7\u00e3o (MEC) e da Agricultura e Pecu\u00e1ria e Abastecimento (Mapa).\u00a0<u><\/u><\/p>\n<p class=\"m_1589266264118960690m_-8560583168611888605gmail-m_472999941445665438MsoNoSpacing\">O processo de sele\u00e7\u00e3o ser\u00e1 online por meio de an\u00e1lise curricular. No ato da inscri\u00e7\u00e3o, o candidato dever\u00e1 anexar o hist\u00f3rico escolar e indicar o polo de ensino para participar das aulas presenciais.<u><\/u><u><\/u><\/p>\n<p class=\"m_1589266264118960690m_-8560583168611888605gmail-m_472999941445665438MsoNoSpacing\">Ter\u00e3o prioridade de acesso \u00e0s vagas os agentes de assist\u00eancia t\u00e9cnica e extens\u00e3o rural; agricultor familiar ou m\u00e9dio produtor e t\u00e9cnicos de assist\u00eancia t\u00e9cnica e extens\u00e3o rural. Os candidatos que n\u00e3o apresentarem documenta\u00e7\u00e3o que comprovem esse v\u00ednculo com o setor agropecu\u00e1rio v\u00e3o concorrer \u00e0s vagas como p\u00fablico geral.<u><\/u><u><\/u><\/p>\n<p class=\"m_1589266264118960690m_-8560583168611888605gmail-m_472999941445665438MsoNoSpacing\">O curso T\u00e9cnico em Agroneg\u00f3cio \u00e9 reconhecido pelo MEC e pelo Conselho Regional de Engenharia e Agronomia (CREA). Tem carga hor\u00e1ria de 1.230 horas, divididas em 80% a dist\u00e2ncia e 20% com aulas presenciais, no polo indicado pelo candidato aprovado.<u><\/u><u><\/u><\/p>\n<p class=\"m_1589266264118960690m_-8560583168611888605gmail-m_472999941445665438MsoNoSpacing\">O principal desafio do T\u00e9cnico em Agroneg\u00f3cio \u00e9 aumentar a efici\u00eancia do mercado agr\u00edcola e industrial. Por meio de t\u00e9cnicas de gest\u00e3o e de comercializa\u00e7\u00e3o, o profissional atua na execu\u00e7\u00e3o de procedimentos para planejar e auxiliar na organiza\u00e7\u00e3o e controle das atividades de gest\u00e3o do neg\u00f3cio rural.<u><\/u><u><\/u><\/p>\n<p class=\"m_1589266264118960690m_-8560583168611888605gmail-m_472999941445665438MsoNoSpacing\">Antes de efetivar a inscri\u00e7\u00e3o, os candidatos devem ler o edital atentamente, pois o sistema aceita somente uma inscri\u00e7\u00e3o por CPF.<\/p>\n","protected":false},"excerpt":{"rendered":"<p>O Servi\u00e7o Nacional de Aprendizagem Rural (Senar) est\u00e1 com inscri\u00e7\u00f5es abertas para o processo seletivo do curso T\u00e9cnico em Agroneg\u00f3cio, na modalidade semipresencial, com a oferta de 3.020 vagas. Na Para\u00edba, ser\u00e3o 120 vagas, distribu\u00eddas entre os polos de Jo\u00e3o Pessoa (40), Campina Grande (40) e Alagoa Grande (40). As inscri\u00e7\u00f5es v\u00e3o at\u00e9 o dia 9 de fevereiro pelo\u00a0site.\u00a0Veja o edital. Totalmente gratuito, o curso \u00e9 oferecido em parceria com os Minist\u00e9rios da Educa\u00e7\u00e3o (MEC) e da Agricultura e Pecu\u00e1ria e Abastecimento (Mapa).\u00a0 O processo de sele\u00e7\u00e3o ser\u00e1 online por meio de an\u00e1lise curricular. No ato da inscri\u00e7\u00e3o, o candidato dever\u00e1 anexar o hist\u00f3rico escolar e indicar o polo de ensino para participar das aulas presenciais. Ter\u00e3o prioridade de acesso \u00e0s vagas os agentes de assist\u00eancia t\u00e9cnica e extens\u00e3o rural; agricultor familiar ou m\u00e9dio produtor e t\u00e9cnicos de assist\u00eancia t\u00e9cnica e extens\u00e3o rural. Os candidatos que n\u00e3o apresentarem documenta\u00e7\u00e3o que comprovem esse v\u00ednculo com o setor agropecu\u00e1rio v\u00e3o concorrer \u00e0s vagas como p\u00fablico geral. O curso T\u00e9cnico em Agroneg\u00f3cio \u00e9 reconhecido pelo MEC e pelo Conselho Regional de Engenharia e Agronomia (CREA). Tem carga hor\u00e1ria de 1.230 horas, divididas em 80% a dist\u00e2ncia e 20% com aulas presenciais, no polo indicado pelo candidato aprovado. O principal desafio do T\u00e9cnico em Agroneg\u00f3cio \u00e9 aumentar a efici\u00eancia do mercado agr\u00edcola e industrial. Por meio de t\u00e9cnicas de gest\u00e3o e de comercializa\u00e7\u00e3o, o profissional atua na execu\u00e7\u00e3o de procedimentos para planejar e auxiliar na organiza\u00e7\u00e3o e controle das atividades de gest\u00e3o do neg\u00f3cio rural. Antes de efetivar a inscri\u00e7\u00e3o, os candidatos devem ler o edital atentamente, pois o sistema aceita somente uma inscri\u00e7\u00e3o por CPF.<\/p>\n","protected":false},"author":2,"featured_media":7452,"comment_status":"closed","ping_status":"open","sticky":false,"template":"","format":"standard","meta":{"_eb_attr":"","_jetpack_memberships_contains_paid_content":false,"footnotes":""},"categories":[6],"tags":[],"class_list":["post-7451","post","type-post","status-publish","format-standard","has-post-thumbnail","hentry","category-educacao"],"yoast_head":"<!-- This site is optimized with the Yoast SEO plugin v26.5 - https:\/\/yoast.com\/wordpress\/plugins\/seo\/ -->\n<title>Senar abre mais de 100 vagas na PB para curso t\u00e9cnico gratuito - Not&iacute;cias em Destaque<\/title>\n<meta name=\"robots\" content=\"index, follow, max-snippet:-1, max-image-preview:large, max-video-preview:-1\" \/>\n<link rel=\"canonical\" href=\"https:\/\/noticiasemdestaque.com\/cd\/?p=7451\" \/>\n<meta property=\"og:locale\" content=\"pt_BR\" \/>\n<meta property=\"og:type\" content=\"article\" \/>\n<meta property=\"og:title\" content=\"Senar abre mais de 100 vagas na PB para curso t\u00e9cnico gratuito - Not&iacute;cias em Destaque\" \/>\n<meta property=\"og:description\" content=\"O Servi\u00e7o Nacional de Aprendizagem Rural (Senar) est\u00e1 com inscri\u00e7\u00f5es abertas para o processo seletivo do curso T\u00e9cnico em Agroneg\u00f3cio, na modalidade semipresencial, com a oferta de 3.020 vagas. Na Para\u00edba, ser\u00e3o 120 vagas, distribu\u00eddas entre os polos de Jo\u00e3o Pessoa (40), Campina Grande (40) e Alagoa Grande (40). As inscri\u00e7\u00f5es v\u00e3o at\u00e9 o dia 9 de fevereiro pelo\u00a0site.\u00a0Veja o edital. Totalmente gratuito, o curso \u00e9 oferecido em parceria com os Minist\u00e9rios da Educa\u00e7\u00e3o (MEC) e da Agricultura e Pecu\u00e1ria e Abastecimento (Mapa).\u00a0 O processo de sele\u00e7\u00e3o ser\u00e1 online por meio de an\u00e1lise curricular. No ato da inscri\u00e7\u00e3o, o candidato dever\u00e1 anexar o hist\u00f3rico escolar e indicar o polo de ensino para participar das aulas presenciais. Ter\u00e3o prioridade de acesso \u00e0s vagas os agentes de assist\u00eancia t\u00e9cnica e extens\u00e3o rural; agricultor familiar ou m\u00e9dio produtor e t\u00e9cnicos de assist\u00eancia t\u00e9cnica e extens\u00e3o rural. Os candidatos que n\u00e3o apresentarem documenta\u00e7\u00e3o que comprovem esse v\u00ednculo com o setor agropecu\u00e1rio v\u00e3o concorrer \u00e0s vagas como p\u00fablico geral. O curso T\u00e9cnico em Agroneg\u00f3cio \u00e9 reconhecido pelo MEC e pelo Conselho Regional de Engenharia e Agronomia (CREA). Tem carga hor\u00e1ria de 1.230 horas, divididas em 80% a dist\u00e2ncia e 20% com aulas presenciais, no polo indicado pelo candidato aprovado. O principal desafio do T\u00e9cnico em Agroneg\u00f3cio \u00e9 aumentar a efici\u00eancia do mercado agr\u00edcola e industrial. Por meio de t\u00e9cnicas de gest\u00e3o e de comercializa\u00e7\u00e3o, o profissional atua na execu\u00e7\u00e3o de procedimentos para planejar e auxiliar na organiza\u00e7\u00e3o e controle das atividades de gest\u00e3o do neg\u00f3cio rural. Antes de efetivar a inscri\u00e7\u00e3o, os candidatos devem ler o edital atentamente, pois o sistema aceita somente uma inscri\u00e7\u00e3o por CPF.\" \/>\n<meta property=\"og:url\" content=\"https:\/\/noticiasemdestaque.com\/cd\/?p=7451\" \/>\n<meta property=\"og:site_name\" content=\"Not&iacute;cias em Destaque\" \/>\n<meta property=\"article:published_time\" content=\"2018-01-19T10:00:53+00:00\" \/>\n<meta property=\"og:image\" content=\"https:\/\/noticiasemdestaque.com\/cd\/wp-content\/uploads\/2018\/01\/news01.jpg\" \/>\n\t<meta property=\"og:image:width\" content=\"515\" \/>\n\t<meta property=\"og:image:height\" content=\"290\" \/>\n\t<meta property=\"og:image:type\" content=\"image\/jpeg\" \/>\n<meta name=\"author\" content=\"Not\u00edcias em Destaque\" \/>\n<meta name=\"twitter:card\" content=\"summary_large_image\" \/>\n<meta name=\"twitter:label1\" content=\"Escrito por\" \/>\n\t<meta name=\"twitter:data1\" content=\"Not\u00edcias em Destaque\" \/>\n\t<meta name=\"twitter:label2\" content=\"Est. tempo de leitura\" \/>\n\t<meta name=\"twitter:data2\" content=\"2 minutos\" \/>\n<script type=\"application\/ld+json\" class=\"yoast-schema-graph\">{\"@context\":\"https:\/\/schema.org\",\"@graph\":[{\"@type\":\"Article\",\"@id\":\"https:\/\/noticiasemdestaque.com\/cd\/?p=7451#article\",\"isPartOf\":{\"@id\":\"https:\/\/noticiasemdestaque.com\/cd\/?p=7451\"},\"author\":{\"name\":\"Not\u00edcias em Destaque\",\"@id\":\"https:\/\/noticiasemdestaque.com\/cd\/#\/schema\/person\/4a81fb71f77579d059c3045891fa1786\"},\"headline\":\"Senar abre mais de 100 vagas na PB para curso t\u00e9cnico gratuito\",\"datePublished\":\"2018-01-19T10:00:53+00:00\",\"mainEntityOfPage\":{\"@id\":\"https:\/\/noticiasemdestaque.com\/cd\/?p=7451\"},\"wordCount\":337,\"publisher\":{\"@id\":\"https:\/\/noticiasemdestaque.com\/cd\/#organization\"},\"image\":{\"@id\":\"https:\/\/noticiasemdestaque.com\/cd\/?p=7451#primaryimage\"},\"thumbnailUrl\":\"https:\/\/noticiasemdestaque.com\/cd\/wp-content\/uploads\/2018\/01\/news01.jpg\",\"articleSection\":[\"Educa\u00e7\u00e3o\"],\"inLanguage\":\"pt-BR\"},{\"@type\":\"WebPage\",\"@id\":\"https:\/\/noticiasemdestaque.com\/cd\/?p=7451\",\"url\":\"https:\/\/noticiasemdestaque.com\/cd\/?p=7451\",\"name\":\"Senar abre mais de 100 vagas na PB para curso t\u00e9cnico gratuito - Not&iacute;cias em Destaque\",\"isPartOf\":{\"@id\":\"https:\/\/noticiasemdestaque.com\/cd\/#website\"},\"primaryImageOfPage\":{\"@id\":\"https:\/\/noticiasemdestaque.com\/cd\/?p=7451#primaryimage\"},\"image\":{\"@id\":\"https:\/\/noticiasemdestaque.com\/cd\/?p=7451#primaryimage\"},\"thumbnailUrl\":\"https:\/\/noticiasemdestaque.com\/cd\/wp-content\/uploads\/2018\/01\/news01.jpg\",\"datePublished\":\"2018-01-19T10:00:53+00:00\",\"breadcrumb\":{\"@id\":\"https:\/\/noticiasemdestaque.com\/cd\/?p=7451#breadcrumb\"},\"inLanguage\":\"pt-BR\",\"potentialAction\":[{\"@type\":\"ReadAction\",\"target\":[\"https:\/\/noticiasemdestaque.com\/cd\/?p=7451\"]}]},{\"@type\":\"ImageObject\",\"inLanguage\":\"pt-BR\",\"@id\":\"https:\/\/noticiasemdestaque.com\/cd\/?p=7451#primaryimage\",\"url\":\"https:\/\/noticiasemdestaque.com\/cd\/wp-content\/uploads\/2018\/01\/news01.jpg\",\"contentUrl\":\"https:\/\/noticiasemdestaque.com\/cd\/wp-content\/uploads\/2018\/01\/news01.jpg\",\"width\":515,\"height\":290},{\"@type\":\"BreadcrumbList\",\"@id\":\"https:\/\/noticiasemdestaque.com\/cd\/?p=7451#breadcrumb\",\"itemListElement\":[{\"@type\":\"ListItem\",\"position\":1,\"name\":\"In\u00edcio\",\"item\":\"https:\/\/noticiasemdestaque.com\/cd\/\"},{\"@type\":\"ListItem\",\"position\":2,\"name\":\"Senar abre mais de 100 vagas na PB para curso t\u00e9cnico gratuito\"}]},{\"@type\":\"WebSite\",\"@id\":\"https:\/\/noticiasemdestaque.com\/cd\/#website\",\"url\":\"https:\/\/noticiasemdestaque.com\/cd\/\",\"name\":\"Not&iacute;cias em Destaque\",\"description\":\"\",\"publisher\":{\"@id\":\"https:\/\/noticiasemdestaque.com\/cd\/#organization\"},\"potentialAction\":[{\"@type\":\"SearchAction\",\"target\":{\"@type\":\"EntryPoint\",\"urlTemplate\":\"https:\/\/noticiasemdestaque.com\/cd\/?s={search_term_string}\"},\"query-input\":{\"@type\":\"PropertyValueSpecification\",\"valueRequired\":true,\"valueName\":\"search_term_string\"}}],\"inLanguage\":\"pt-BR\"},{\"@type\":\"Organization\",\"@id\":\"https:\/\/noticiasemdestaque.com\/cd\/#organization\",\"name\":\"Not\u00edcias em Destaque\",\"url\":\"https:\/\/noticiasemdestaque.com\/cd\/\",\"logo\":{\"@type\":\"ImageObject\",\"inLanguage\":\"pt-BR\",\"@id\":\"https:\/\/noticiasemdestaque.com\/cd\/#\/schema\/logo\/image\/\",\"url\":\"https:\/\/noticiasemdestaque.com\/cd\/wp-content\/uploads\/2022\/05\/imagem-base-noticiasemdestaque.png\",\"contentUrl\":\"https:\/\/noticiasemdestaque.com\/cd\/wp-content\/uploads\/2022\/05\/imagem-base-noticiasemdestaque.png\",\"width\":1200,\"height\":630,\"caption\":\"Not\u00edcias em Destaque\"},\"image\":{\"@id\":\"https:\/\/noticiasemdestaque.com\/cd\/#\/schema\/logo\/image\/\"}},{\"@type\":\"Person\",\"@id\":\"https:\/\/noticiasemdestaque.com\/cd\/#\/schema\/person\/4a81fb71f77579d059c3045891fa1786\",\"name\":\"Not\u00edcias em Destaque\",\"url\":\"https:\/\/noticiasemdestaque.com\/cd\/?author=2\"}]}<\/script>\n<!-- \/ Yoast SEO plugin. -->","yoast_head_json":{"title":"Senar abre mais de 100 vagas na PB para curso t\u00e9cnico gratuito - Not&iacute;cias em Destaque","robots":{"index":"index","follow":"follow","max-snippet":"max-snippet:-1","max-image-preview":"max-image-preview:large","max-video-preview":"max-video-preview:-1"},"canonical":"https:\/\/noticiasemdestaque.com\/cd\/?p=7451","og_locale":"pt_BR","og_type":"article","og_title":"Senar abre mais de 100 vagas na PB para curso t\u00e9cnico gratuito - Not&iacute;cias em Destaque","og_description":"O Servi\u00e7o Nacional de Aprendizagem Rural (Senar) est\u00e1 com inscri\u00e7\u00f5es abertas para o processo seletivo do curso T\u00e9cnico em Agroneg\u00f3cio, na modalidade semipresencial, com a oferta de 3.020 vagas. Na Para\u00edba, ser\u00e3o 120 vagas, distribu\u00eddas entre os polos de Jo\u00e3o Pessoa (40), Campina Grande (40) e Alagoa Grande (40). As inscri\u00e7\u00f5es v\u00e3o at\u00e9 o dia 9 de fevereiro pelo\u00a0site.\u00a0Veja o edital. Totalmente gratuito, o curso \u00e9 oferecido em parceria com os Minist\u00e9rios da Educa\u00e7\u00e3o (MEC) e da Agricultura e Pecu\u00e1ria e Abastecimento (Mapa).\u00a0 O processo de sele\u00e7\u00e3o ser\u00e1 online por meio de an\u00e1lise curricular. No ato da inscri\u00e7\u00e3o, o candidato dever\u00e1 anexar o hist\u00f3rico escolar e indicar o polo de ensino para participar das aulas presenciais. Ter\u00e3o prioridade de acesso \u00e0s vagas os agentes de assist\u00eancia t\u00e9cnica e extens\u00e3o rural; agricultor familiar ou m\u00e9dio produtor e t\u00e9cnicos de assist\u00eancia t\u00e9cnica e extens\u00e3o rural. Os candidatos que n\u00e3o apresentarem documenta\u00e7\u00e3o que comprovem esse v\u00ednculo com o setor agropecu\u00e1rio v\u00e3o concorrer \u00e0s vagas como p\u00fablico geral. O curso T\u00e9cnico em Agroneg\u00f3cio \u00e9 reconhecido pelo MEC e pelo Conselho Regional de Engenharia e Agronomia (CREA). Tem carga hor\u00e1ria de 1.230 horas, divididas em 80% a dist\u00e2ncia e 20% com aulas presenciais, no polo indicado pelo candidato aprovado. O principal desafio do T\u00e9cnico em Agroneg\u00f3cio \u00e9 aumentar a efici\u00eancia do mercado agr\u00edcola e industrial. Por meio de t\u00e9cnicas de gest\u00e3o e de comercializa\u00e7\u00e3o, o profissional atua na execu\u00e7\u00e3o de procedimentos para planejar e auxiliar na organiza\u00e7\u00e3o e controle das atividades de gest\u00e3o do neg\u00f3cio rural. Antes de efetivar a inscri\u00e7\u00e3o, os candidatos devem ler o edital atentamente, pois o sistema aceita somente uma inscri\u00e7\u00e3o por CPF.","og_url":"https:\/\/noticiasemdestaque.com\/cd\/?p=7451","og_site_name":"Not&iacute;cias em Destaque","article_published_time":"2018-01-19T10:00:53+00:00","og_image":[{"width":515,"height":290,"url":"https:\/\/noticiasemdestaque.com\/cd\/wp-content\/uploads\/2018\/01\/news01.jpg","type":"image\/jpeg"}],"author":"Not\u00edcias em Destaque","twitter_card":"summary_large_image","twitter_misc":{"Escrito por":"Not\u00edcias em Destaque","Est. tempo de leitura":"2 minutos"},"schema":{"@context":"https:\/\/schema.org","@graph":[{"@type":"Article","@id":"https:\/\/noticiasemdestaque.com\/cd\/?p=7451#article","isPartOf":{"@id":"https:\/\/noticiasemdestaque.com\/cd\/?p=7451"},"author":{"name":"Not\u00edcias em Destaque","@id":"https:\/\/noticiasemdestaque.com\/cd\/#\/schema\/person\/4a81fb71f77579d059c3045891fa1786"},"headline":"Senar abre mais de 100 vagas na PB para curso t\u00e9cnico gratuito","datePublished":"2018-01-19T10:00:53+00:00","mainEntityOfPage":{"@id":"https:\/\/noticiasemdestaque.com\/cd\/?p=7451"},"wordCount":337,"publisher":{"@id":"https:\/\/noticiasemdestaque.com\/cd\/#organization"},"image":{"@id":"https:\/\/noticiasemdestaque.com\/cd\/?p=7451#primaryimage"},"thumbnailUrl":"https:\/\/noticiasemdestaque.com\/cd\/wp-content\/uploads\/2018\/01\/news01.jpg","articleSection":["Educa\u00e7\u00e3o"],"inLanguage":"pt-BR"},{"@type":"WebPage","@id":"https:\/\/noticiasemdestaque.com\/cd\/?p=7451","url":"https:\/\/noticiasemdestaque.com\/cd\/?p=7451","name":"Senar abre mais de 100 vagas na PB para curso t\u00e9cnico gratuito - Not&iacute;cias em Destaque","isPartOf":{"@id":"https:\/\/noticiasemdestaque.com\/cd\/#website"},"primaryImageOfPage":{"@id":"https:\/\/noticiasemdestaque.com\/cd\/?p=7451#primaryimage"},"image":{"@id":"https:\/\/noticiasemdestaque.com\/cd\/?p=7451#primaryimage"},"thumbnailUrl":"https:\/\/noticiasemdestaque.com\/cd\/wp-content\/uploads\/2018\/01\/news01.jpg","datePublished":"2018-01-19T10:00:53+00:00","breadcrumb":{"@id":"https:\/\/noticiasemdestaque.com\/cd\/?p=7451#breadcrumb"},"inLanguage":"pt-BR","potentialAction":[{"@type":"ReadAction","target":["https:\/\/noticiasemdestaque.com\/cd\/?p=7451"]}]},{"@type":"ImageObject","inLanguage":"pt-BR","@id":"https:\/\/noticiasemdestaque.com\/cd\/?p=7451#primaryimage","url":"https:\/\/noticiasemdestaque.com\/cd\/wp-content\/uploads\/2018\/01\/news01.jpg","contentUrl":"https:\/\/noticiasemdestaque.com\/cd\/wp-content\/uploads\/2018\/01\/news01.jpg","width":515,"height":290},{"@type":"BreadcrumbList","@id":"https:\/\/noticiasemdestaque.com\/cd\/?p=7451#breadcrumb","itemListElement":[{"@type":"ListItem","position":1,"name":"In\u00edcio","item":"https:\/\/noticiasemdestaque.com\/cd\/"},{"@type":"ListItem","position":2,"name":"Senar abre mais de 100 vagas na PB para curso t\u00e9cnico gratuito"}]},{"@type":"WebSite","@id":"https:\/\/noticiasemdestaque.com\/cd\/#website","url":"https:\/\/noticiasemdestaque.com\/cd\/","name":"Not&iacute;cias em Destaque","description":"","publisher":{"@id":"https:\/\/noticiasemdestaque.com\/cd\/#organization"},"potentialAction":[{"@type":"SearchAction","target":{"@type":"EntryPoint","urlTemplate":"https:\/\/noticiasemdestaque.com\/cd\/?s={search_term_string}"},"query-input":{"@type":"PropertyValueSpecification","valueRequired":true,"valueName":"search_term_string"}}],"inLanguage":"pt-BR"},{"@type":"Organization","@id":"https:\/\/noticiasemdestaque.com\/cd\/#organization","name":"Not\u00edcias em Destaque","url":"https:\/\/noticiasemdestaque.com\/cd\/","logo":{"@type":"ImageObject","inLanguage":"pt-BR","@id":"https:\/\/noticiasemdestaque.com\/cd\/#\/schema\/logo\/image\/","url":"https:\/\/noticiasemdestaque.com\/cd\/wp-content\/uploads\/2022\/05\/imagem-base-noticiasemdestaque.png","contentUrl":"https:\/\/noticiasemdestaque.com\/cd\/wp-content\/uploads\/2022\/05\/imagem-base-noticiasemdestaque.png","width":1200,"height":630,"caption":"Not\u00edcias em Destaque"},"image":{"@id":"https:\/\/noticiasemdestaque.com\/cd\/#\/schema\/logo\/image\/"}},{"@type":"Person","@id":"https:\/\/noticiasemdestaque.com\/cd\/#\/schema\/person\/4a81fb71f77579d059c3045891fa1786","name":"Not\u00edcias em Destaque","url":"https:\/\/noticiasemdestaque.com\/cd\/?author=2"}]}},"jetpack_featured_media_url":"https:\/\/noticiasemdestaque.com\/cd\/wp-content\/uploads\/2018\/01\/news01.jpg","jetpack_sharing_enabled":true,"_links":{"self":[{"href":"https:\/\/noticiasemdestaque.com\/cd\/index.php?rest_route=\/wp\/v2\/posts\/7451","targetHints":{"allow":["GET"]}}],"collection":[{"href":"https:\/\/noticiasemdestaque.com\/cd\/index.php?rest_route=\/wp\/v2\/posts"}],"about":[{"href":"https:\/\/noticiasemdestaque.com\/cd\/index.php?rest_route=\/wp\/v2\/types\/post"}],"author":[{"embeddable":true,"href":"https:\/\/noticiasemdestaque.com\/cd\/index.php?rest_route=\/wp\/v2\/users\/2"}],"replies":[{"embeddable":true,"href":"https:\/\/noticiasemdestaque.com\/cd\/index.php?rest_route=%2Fwp%2Fv2%2Fcomments&post=7451"}],"version-history":[{"count":1,"href":"https:\/\/noticiasemdestaque.com\/cd\/index.php?rest_route=\/wp\/v2\/posts\/7451\/revisions"}],"predecessor-version":[{"id":7453,"href":"https:\/\/noticiasemdestaque.com\/cd\/index.php?rest_route=\/wp\/v2\/posts\/7451\/revisions\/7453"}],"wp:featuredmedia":[{"embeddable":true,"href":"https:\/\/noticiasemdestaque.com\/cd\/index.php?rest_route=\/wp\/v2\/media\/7452"}],"wp:attachment":[{"href":"https:\/\/noticiasemdestaque.com\/cd\/index.php?rest_route=%2Fwp%2Fv2%2Fmedia&parent=7451"}],"wp:term":[{"taxonomy":"category","embeddable":true,"href":"https:\/\/noticiasemdestaque.com\/cd\/index.php?rest_route=%2Fwp%2Fv2%2Fcategories&post=7451"},{"taxonomy":"post_tag","embeddable":true,"href":"https:\/\/noticiasemdestaque.com\/cd\/index.php?rest_route=%2Fwp%2Fv2%2Ftags&post=7451"}],"curies":[{"name":"wp","href":"https:\/\/api.w.org\/{rel}","templated":true}]}}