{"id":7449,"date":"2018-01-19T06:59:38","date_gmt":"2018-01-19T09:59:38","guid":{"rendered":"http:\/\/caririemdestaque.com\/cd\/?p=7449"},"modified":"2018-01-19T06:59:38","modified_gmt":"2018-01-19T09:59:38","slug":"programa-que-reduz-dividas-rurais-inscreve-ate-fevereiro","status":"publish","type":"post","link":"https:\/\/noticiasemdestaque.com\/cd\/?p=7449","title":{"rendered":"Programa que reduz d\u00edvidas rurais inscreve at\u00e9 fevereiro"},"content":{"rendered":"<p><img fetchpriority=\"high\" decoding=\"async\" class=\"size-medium wp-image-3261 alignleft\" src=\"http:\/\/95fmsume.com.br\/95\/wp-content\/uploads\/2017\/12\/Dinheiro-foto-Rafael-Neddermeyer-Fotos-P\u00fablicas-696x465-300x200.jpg\" alt=\"\" width=\"300\" height=\"200\" \/>Trabalhadores rurais paraibanos t\u00eam at\u00e9 o dia 28 de fevereiro para quitar d\u00e9bitos relativos ao Fundo de Assist\u00eancia ao Trabalhador Rural (Funrural), vencidos at\u00e9 30 de agosto 2017, e conseguir a ades\u00e3o junto ao Programa de Regulariza\u00e7\u00e3o Tribut\u00e1ria Rural (PRR) que reduz os juros a zero e ainda permite o parcelamento das d\u00edvidas.<\/p>\n<p>Conforme a nova Lei, os d\u00e9bitos de produtor rural pessoal f\u00edsica ou jur\u00eddica, poder\u00e3o ser quitados atrav\u00e9s do pagamento de, no m\u00ednimo, 2,5% do valor da d\u00edvida consolidada, sem as redu\u00e7\u00f5es, em at\u00e9 duas parcelas iguais, mensais e sucessivas.<\/p>\n<p>A liquida\u00e7\u00e3o do restante da d\u00edvida consolidada ser\u00e1 por meio de parcelamento em at\u00e9 176 presta\u00e7\u00f5es mensais e sucessivas, venc\u00edveis a partir do m\u00eas seguinte ao vencimento da segunda parcela da entrada, equivalentes a 0,8% da m\u00e9dia mensal da receita bruta proveniente da comercializa\u00e7\u00e3o de sua produ\u00e7\u00e3o rural do ano civil imediatamente anterior ao do vencimento da parcela, com redu\u00e7\u00e3o de 100% dos juros de mora.<\/p>\n<p>A lei destaca ainda que, na hip\u00f3tese de suspens\u00e3o das atividades relativas \u00e0 produ\u00e7\u00e3o rural ou de n\u00e3o auferimento de receita bruta por per\u00edodo superior a um ano, o valor da presta\u00e7\u00e3o mensal ser\u00e1 equivalente ao saldo da d\u00edvida consolidada com as redu\u00e7\u00f5es previstas, dividido pela quantidade de meses que faltarem para complementar 176.<\/p>\n<p>A parcela m\u00ednima ser\u00e1 de R$ 100 e encerrado o prazo do parcelamento, eventual res\u00edduo da d\u00edvida n\u00e3o quitada poder\u00e1 ser pago \u00e0 vista, acrescido \u00e0 \u00faltima presta\u00e7\u00e3o, ou ser parcelado em at\u00e9 70 presta\u00e7\u00f5es, mantidas as redu\u00e7\u00f5es de juros de mora.<\/p>\n<p>Fonte: portal correio<\/p>\n","protected":false},"excerpt":{"rendered":"<p>Trabalhadores rurais paraibanos t\u00eam at\u00e9 o dia 28 de fevereiro para quitar d\u00e9bitos relativos ao Fundo de Assist\u00eancia ao Trabalhador Rural (Funrural), vencidos at\u00e9 30 de agosto 2017, e conseguir a ades\u00e3o junto ao Programa de Regulariza\u00e7\u00e3o Tribut\u00e1ria Rural (PRR) que reduz os juros a zero e ainda permite o parcelamento das d\u00edvidas. Conforme a nova Lei, os d\u00e9bitos de produtor rural pessoal f\u00edsica ou jur\u00eddica, poder\u00e3o ser quitados atrav\u00e9s do pagamento de, no m\u00ednimo, 2,5% do valor da d\u00edvida consolidada, sem as redu\u00e7\u00f5es, em at\u00e9 duas parcelas iguais, mensais e sucessivas. A liquida\u00e7\u00e3o do restante da d\u00edvida consolidada ser\u00e1 por meio de parcelamento em at\u00e9 176 presta\u00e7\u00f5es mensais e sucessivas, venc\u00edveis a partir do m\u00eas seguinte ao vencimento da segunda parcela da entrada, equivalentes a 0,8% da m\u00e9dia mensal da receita bruta proveniente da comercializa\u00e7\u00e3o de sua produ\u00e7\u00e3o rural do ano civil imediatamente anterior ao do vencimento da parcela, com redu\u00e7\u00e3o de 100% dos juros de mora. A lei destaca ainda que, na hip\u00f3tese de suspens\u00e3o das atividades relativas \u00e0 produ\u00e7\u00e3o rural ou de n\u00e3o auferimento de receita bruta por per\u00edodo superior a um ano, o valor da presta\u00e7\u00e3o mensal ser\u00e1 equivalente ao saldo da d\u00edvida consolidada com as redu\u00e7\u00f5es previstas, dividido pela quantidade de meses que faltarem para complementar 176. A parcela m\u00ednima ser\u00e1 de R$ 100 e encerrado o prazo do parcelamento, eventual res\u00edduo da d\u00edvida n\u00e3o quitada poder\u00e1 ser pago \u00e0 vista, acrescido \u00e0 \u00faltima presta\u00e7\u00e3o, ou ser parcelado em at\u00e9 70 presta\u00e7\u00f5es, mantidas as redu\u00e7\u00f5es de juros de mora. Fonte: portal correio<\/p>\n","protected":false},"author":2,"featured_media":0,"comment_status":"closed","ping_status":"open","sticky":false,"template":"","format":"standard","meta":{"_eb_attr":"","_jetpack_memberships_contains_paid_content":false,"footnotes":""},"categories":[4],"tags":[],"class_list":["post-7449","post","type-post","status-publish","format-standard","hentry","category-politica"],"yoast_head":"<!-- This site is optimized with the Yoast SEO plugin v26.5 - https:\/\/yoast.com\/wordpress\/plugins\/seo\/ -->\n<title>Programa que reduz d\u00edvidas rurais inscreve at\u00e9 fevereiro - Not&iacute;cias em Destaque<\/title>\n<meta name=\"robots\" content=\"index, follow, max-snippet:-1, max-image-preview:large, max-video-preview:-1\" \/>\n<link rel=\"canonical\" href=\"https:\/\/noticiasemdestaque.com\/cd\/?p=7449\" \/>\n<meta property=\"og:locale\" content=\"pt_BR\" \/>\n<meta property=\"og:type\" content=\"article\" \/>\n<meta property=\"og:title\" content=\"Programa que reduz d\u00edvidas rurais inscreve at\u00e9 fevereiro - Not&iacute;cias em Destaque\" \/>\n<meta property=\"og:description\" content=\"Trabalhadores rurais paraibanos t\u00eam at\u00e9 o dia 28 de fevereiro para quitar d\u00e9bitos relativos ao Fundo de Assist\u00eancia ao Trabalhador Rural (Funrural), vencidos at\u00e9 30 de agosto 2017, e conseguir a ades\u00e3o junto ao Programa de Regulariza\u00e7\u00e3o Tribut\u00e1ria Rural (PRR) que reduz os juros a zero e ainda permite o parcelamento das d\u00edvidas. Conforme a nova Lei, os d\u00e9bitos de produtor rural pessoal f\u00edsica ou jur\u00eddica, poder\u00e3o ser quitados atrav\u00e9s do pagamento de, no m\u00ednimo, 2,5% do valor da d\u00edvida consolidada, sem as redu\u00e7\u00f5es, em at\u00e9 duas parcelas iguais, mensais e sucessivas. A liquida\u00e7\u00e3o do restante da d\u00edvida consolidada ser\u00e1 por meio de parcelamento em at\u00e9 176 presta\u00e7\u00f5es mensais e sucessivas, venc\u00edveis a partir do m\u00eas seguinte ao vencimento da segunda parcela da entrada, equivalentes a 0,8% da m\u00e9dia mensal da receita bruta proveniente da comercializa\u00e7\u00e3o de sua produ\u00e7\u00e3o rural do ano civil imediatamente anterior ao do vencimento da parcela, com redu\u00e7\u00e3o de 100% dos juros de mora. A lei destaca ainda que, na hip\u00f3tese de suspens\u00e3o das atividades relativas \u00e0 produ\u00e7\u00e3o rural ou de n\u00e3o auferimento de receita bruta por per\u00edodo superior a um ano, o valor da presta\u00e7\u00e3o mensal ser\u00e1 equivalente ao saldo da d\u00edvida consolidada com as redu\u00e7\u00f5es previstas, dividido pela quantidade de meses que faltarem para complementar 176. A parcela m\u00ednima ser\u00e1 de R$ 100 e encerrado o prazo do parcelamento, eventual res\u00edduo da d\u00edvida n\u00e3o quitada poder\u00e1 ser pago \u00e0 vista, acrescido \u00e0 \u00faltima presta\u00e7\u00e3o, ou ser parcelado em at\u00e9 70 presta\u00e7\u00f5es, mantidas as redu\u00e7\u00f5es de juros de mora. Fonte: portal correio\" \/>\n<meta property=\"og:url\" content=\"https:\/\/noticiasemdestaque.com\/cd\/?p=7449\" \/>\n<meta property=\"og:site_name\" content=\"Not&iacute;cias em Destaque\" \/>\n<meta property=\"article:published_time\" content=\"2018-01-19T09:59:38+00:00\" \/>\n<meta name=\"author\" content=\"Not\u00edcias em Destaque\" \/>\n<meta name=\"twitter:card\" content=\"summary_large_image\" \/>\n<meta name=\"twitter:label1\" content=\"Escrito por\" \/>\n\t<meta name=\"twitter:data1\" content=\"Not\u00edcias em Destaque\" \/>\n\t<meta name=\"twitter:label2\" content=\"Est. tempo de leitura\" \/>\n\t<meta name=\"twitter:data2\" content=\"1 minuto\" \/>\n<script type=\"application\/ld+json\" class=\"yoast-schema-graph\">{\"@context\":\"https:\/\/schema.org\",\"@graph\":[{\"@type\":\"Article\",\"@id\":\"https:\/\/noticiasemdestaque.com\/cd\/?p=7449#article\",\"isPartOf\":{\"@id\":\"https:\/\/noticiasemdestaque.com\/cd\/?p=7449\"},\"author\":{\"name\":\"Not\u00edcias em Destaque\",\"@id\":\"https:\/\/noticiasemdestaque.com\/cd\/#\/schema\/person\/4a81fb71f77579d059c3045891fa1786\"},\"headline\":\"Programa que reduz d\u00edvidas rurais inscreve at\u00e9 fevereiro\",\"datePublished\":\"2018-01-19T09:59:38+00:00\",\"mainEntityOfPage\":{\"@id\":\"https:\/\/noticiasemdestaque.com\/cd\/?p=7449\"},\"wordCount\":292,\"publisher\":{\"@id\":\"https:\/\/noticiasemdestaque.com\/cd\/#organization\"},\"articleSection\":[\"Pol\u00edtica\"],\"inLanguage\":\"pt-BR\"},{\"@type\":\"WebPage\",\"@id\":\"https:\/\/noticiasemdestaque.com\/cd\/?p=7449\",\"url\":\"https:\/\/noticiasemdestaque.com\/cd\/?p=7449\",\"name\":\"Programa que reduz d\u00edvidas rurais inscreve at\u00e9 fevereiro - Not&iacute;cias em Destaque\",\"isPartOf\":{\"@id\":\"https:\/\/noticiasemdestaque.com\/cd\/#website\"},\"datePublished\":\"2018-01-19T09:59:38+00:00\",\"breadcrumb\":{\"@id\":\"https:\/\/noticiasemdestaque.com\/cd\/?p=7449#breadcrumb\"},\"inLanguage\":\"pt-BR\",\"potentialAction\":[{\"@type\":\"ReadAction\",\"target\":[\"https:\/\/noticiasemdestaque.com\/cd\/?p=7449\"]}]},{\"@type\":\"BreadcrumbList\",\"@id\":\"https:\/\/noticiasemdestaque.com\/cd\/?p=7449#breadcrumb\",\"itemListElement\":[{\"@type\":\"ListItem\",\"position\":1,\"name\":\"In\u00edcio\",\"item\":\"https:\/\/noticiasemdestaque.com\/cd\/\"},{\"@type\":\"ListItem\",\"position\":2,\"name\":\"Programa que reduz d\u00edvidas rurais inscreve at\u00e9 fevereiro\"}]},{\"@type\":\"WebSite\",\"@id\":\"https:\/\/noticiasemdestaque.com\/cd\/#website\",\"url\":\"https:\/\/noticiasemdestaque.com\/cd\/\",\"name\":\"Not&iacute;cias em Destaque\",\"description\":\"\",\"publisher\":{\"@id\":\"https:\/\/noticiasemdestaque.com\/cd\/#organization\"},\"potentialAction\":[{\"@type\":\"SearchAction\",\"target\":{\"@type\":\"EntryPoint\",\"urlTemplate\":\"https:\/\/noticiasemdestaque.com\/cd\/?s={search_term_string}\"},\"query-input\":{\"@type\":\"PropertyValueSpecification\",\"valueRequired\":true,\"valueName\":\"search_term_string\"}}],\"inLanguage\":\"pt-BR\"},{\"@type\":\"Organization\",\"@id\":\"https:\/\/noticiasemdestaque.com\/cd\/#organization\",\"name\":\"Not\u00edcias em Destaque\",\"url\":\"https:\/\/noticiasemdestaque.com\/cd\/\",\"logo\":{\"@type\":\"ImageObject\",\"inLanguage\":\"pt-BR\",\"@id\":\"https:\/\/noticiasemdestaque.com\/cd\/#\/schema\/logo\/image\/\",\"url\":\"https:\/\/noticiasemdestaque.com\/cd\/wp-content\/uploads\/2022\/05\/imagem-base-noticiasemdestaque.png\",\"contentUrl\":\"https:\/\/noticiasemdestaque.com\/cd\/wp-content\/uploads\/2022\/05\/imagem-base-noticiasemdestaque.png\",\"width\":1200,\"height\":630,\"caption\":\"Not\u00edcias em Destaque\"},\"image\":{\"@id\":\"https:\/\/noticiasemdestaque.com\/cd\/#\/schema\/logo\/image\/\"}},{\"@type\":\"Person\",\"@id\":\"https:\/\/noticiasemdestaque.com\/cd\/#\/schema\/person\/4a81fb71f77579d059c3045891fa1786\",\"name\":\"Not\u00edcias em Destaque\",\"url\":\"https:\/\/noticiasemdestaque.com\/cd\/?author=2\"}]}<\/script>\n<!-- \/ Yoast SEO plugin. -->","yoast_head_json":{"title":"Programa que reduz d\u00edvidas rurais inscreve at\u00e9 fevereiro - Not&iacute;cias em Destaque","robots":{"index":"index","follow":"follow","max-snippet":"max-snippet:-1","max-image-preview":"max-image-preview:large","max-video-preview":"max-video-preview:-1"},"canonical":"https:\/\/noticiasemdestaque.com\/cd\/?p=7449","og_locale":"pt_BR","og_type":"article","og_title":"Programa que reduz d\u00edvidas rurais inscreve at\u00e9 fevereiro - Not&iacute;cias em Destaque","og_description":"Trabalhadores rurais paraibanos t\u00eam at\u00e9 o dia 28 de fevereiro para quitar d\u00e9bitos relativos ao Fundo de Assist\u00eancia ao Trabalhador Rural (Funrural), vencidos at\u00e9 30 de agosto 2017, e conseguir a ades\u00e3o junto ao Programa de Regulariza\u00e7\u00e3o Tribut\u00e1ria Rural (PRR) que reduz os juros a zero e ainda permite o parcelamento das d\u00edvidas. Conforme a nova Lei, os d\u00e9bitos de produtor rural pessoal f\u00edsica ou jur\u00eddica, poder\u00e3o ser quitados atrav\u00e9s do pagamento de, no m\u00ednimo, 2,5% do valor da d\u00edvida consolidada, sem as redu\u00e7\u00f5es, em at\u00e9 duas parcelas iguais, mensais e sucessivas. A liquida\u00e7\u00e3o do restante da d\u00edvida consolidada ser\u00e1 por meio de parcelamento em at\u00e9 176 presta\u00e7\u00f5es mensais e sucessivas, venc\u00edveis a partir do m\u00eas seguinte ao vencimento da segunda parcela da entrada, equivalentes a 0,8% da m\u00e9dia mensal da receita bruta proveniente da comercializa\u00e7\u00e3o de sua produ\u00e7\u00e3o rural do ano civil imediatamente anterior ao do vencimento da parcela, com redu\u00e7\u00e3o de 100% dos juros de mora. A lei destaca ainda que, na hip\u00f3tese de suspens\u00e3o das atividades relativas \u00e0 produ\u00e7\u00e3o rural ou de n\u00e3o auferimento de receita bruta por per\u00edodo superior a um ano, o valor da presta\u00e7\u00e3o mensal ser\u00e1 equivalente ao saldo da d\u00edvida consolidada com as redu\u00e7\u00f5es previstas, dividido pela quantidade de meses que faltarem para complementar 176. A parcela m\u00ednima ser\u00e1 de R$ 100 e encerrado o prazo do parcelamento, eventual res\u00edduo da d\u00edvida n\u00e3o quitada poder\u00e1 ser pago \u00e0 vista, acrescido \u00e0 \u00faltima presta\u00e7\u00e3o, ou ser parcelado em at\u00e9 70 presta\u00e7\u00f5es, mantidas as redu\u00e7\u00f5es de juros de mora. Fonte: portal correio","og_url":"https:\/\/noticiasemdestaque.com\/cd\/?p=7449","og_site_name":"Not&iacute;cias em Destaque","article_published_time":"2018-01-19T09:59:38+00:00","author":"Not\u00edcias em Destaque","twitter_card":"summary_large_image","twitter_misc":{"Escrito por":"Not\u00edcias em Destaque","Est. tempo de leitura":"1 minuto"},"schema":{"@context":"https:\/\/schema.org","@graph":[{"@type":"Article","@id":"https:\/\/noticiasemdestaque.com\/cd\/?p=7449#article","isPartOf":{"@id":"https:\/\/noticiasemdestaque.com\/cd\/?p=7449"},"author":{"name":"Not\u00edcias em Destaque","@id":"https:\/\/noticiasemdestaque.com\/cd\/#\/schema\/person\/4a81fb71f77579d059c3045891fa1786"},"headline":"Programa que reduz d\u00edvidas rurais inscreve at\u00e9 fevereiro","datePublished":"2018-01-19T09:59:38+00:00","mainEntityOfPage":{"@id":"https:\/\/noticiasemdestaque.com\/cd\/?p=7449"},"wordCount":292,"publisher":{"@id":"https:\/\/noticiasemdestaque.com\/cd\/#organization"},"articleSection":["Pol\u00edtica"],"inLanguage":"pt-BR"},{"@type":"WebPage","@id":"https:\/\/noticiasemdestaque.com\/cd\/?p=7449","url":"https:\/\/noticiasemdestaque.com\/cd\/?p=7449","name":"Programa que reduz d\u00edvidas rurais inscreve at\u00e9 fevereiro - Not&iacute;cias em Destaque","isPartOf":{"@id":"https:\/\/noticiasemdestaque.com\/cd\/#website"},"datePublished":"2018-01-19T09:59:38+00:00","breadcrumb":{"@id":"https:\/\/noticiasemdestaque.com\/cd\/?p=7449#breadcrumb"},"inLanguage":"pt-BR","potentialAction":[{"@type":"ReadAction","target":["https:\/\/noticiasemdestaque.com\/cd\/?p=7449"]}]},{"@type":"BreadcrumbList","@id":"https:\/\/noticiasemdestaque.com\/cd\/?p=7449#breadcrumb","itemListElement":[{"@type":"ListItem","position":1,"name":"In\u00edcio","item":"https:\/\/noticiasemdestaque.com\/cd\/"},{"@type":"ListItem","position":2,"name":"Programa que reduz d\u00edvidas rurais inscreve at\u00e9 fevereiro"}]},{"@type":"WebSite","@id":"https:\/\/noticiasemdestaque.com\/cd\/#website","url":"https:\/\/noticiasemdestaque.com\/cd\/","name":"Not&iacute;cias em Destaque","description":"","publisher":{"@id":"https:\/\/noticiasemdestaque.com\/cd\/#organization"},"potentialAction":[{"@type":"SearchAction","target":{"@type":"EntryPoint","urlTemplate":"https:\/\/noticiasemdestaque.com\/cd\/?s={search_term_string}"},"query-input":{"@type":"PropertyValueSpecification","valueRequired":true,"valueName":"search_term_string"}}],"inLanguage":"pt-BR"},{"@type":"Organization","@id":"https:\/\/noticiasemdestaque.com\/cd\/#organization","name":"Not\u00edcias em Destaque","url":"https:\/\/noticiasemdestaque.com\/cd\/","logo":{"@type":"ImageObject","inLanguage":"pt-BR","@id":"https:\/\/noticiasemdestaque.com\/cd\/#\/schema\/logo\/image\/","url":"https:\/\/noticiasemdestaque.com\/cd\/wp-content\/uploads\/2022\/05\/imagem-base-noticiasemdestaque.png","contentUrl":"https:\/\/noticiasemdestaque.com\/cd\/wp-content\/uploads\/2022\/05\/imagem-base-noticiasemdestaque.png","width":1200,"height":630,"caption":"Not\u00edcias em Destaque"},"image":{"@id":"https:\/\/noticiasemdestaque.com\/cd\/#\/schema\/logo\/image\/"}},{"@type":"Person","@id":"https:\/\/noticiasemdestaque.com\/cd\/#\/schema\/person\/4a81fb71f77579d059c3045891fa1786","name":"Not\u00edcias em Destaque","url":"https:\/\/noticiasemdestaque.com\/cd\/?author=2"}]}},"jetpack_featured_media_url":"","jetpack_sharing_enabled":true,"_links":{"self":[{"href":"https:\/\/noticiasemdestaque.com\/cd\/index.php?rest_route=\/wp\/v2\/posts\/7449","targetHints":{"allow":["GET"]}}],"collection":[{"href":"https:\/\/noticiasemdestaque.com\/cd\/index.php?rest_route=\/wp\/v2\/posts"}],"about":[{"href":"https:\/\/noticiasemdestaque.com\/cd\/index.php?rest_route=\/wp\/v2\/types\/post"}],"author":[{"embeddable":true,"href":"https:\/\/noticiasemdestaque.com\/cd\/index.php?rest_route=\/wp\/v2\/users\/2"}],"replies":[{"embeddable":true,"href":"https:\/\/noticiasemdestaque.com\/cd\/index.php?rest_route=%2Fwp%2Fv2%2Fcomments&post=7449"}],"version-history":[{"count":1,"href":"https:\/\/noticiasemdestaque.com\/cd\/index.php?rest_route=\/wp\/v2\/posts\/7449\/revisions"}],"predecessor-version":[{"id":7450,"href":"https:\/\/noticiasemdestaque.com\/cd\/index.php?rest_route=\/wp\/v2\/posts\/7449\/revisions\/7450"}],"wp:attachment":[{"href":"https:\/\/noticiasemdestaque.com\/cd\/index.php?rest_route=%2Fwp%2Fv2%2Fmedia&parent=7449"}],"wp:term":[{"taxonomy":"category","embeddable":true,"href":"https:\/\/noticiasemdestaque.com\/cd\/index.php?rest_route=%2Fwp%2Fv2%2Fcategories&post=7449"},{"taxonomy":"post_tag","embeddable":true,"href":"https:\/\/noticiasemdestaque.com\/cd\/index.php?rest_route=%2Fwp%2Fv2%2Ftags&post=7449"}],"curies":[{"name":"wp","href":"https:\/\/api.w.org\/{rel}","templated":true}]}}