{"id":74450,"date":"2025-11-03T09:48:21","date_gmt":"2025-11-03T12:48:21","guid":{"rendered":"https:\/\/noticiasemdestaque.com\/cd\/?p=74450"},"modified":"2025-11-03T09:48:21","modified_gmt":"2025-11-03T12:48:21","slug":"prefeitura-de-camalau-realiza-mais-uma-etapa-de-entrega-de-alimentos-atraves-do-programa-de-aquisicao-de-alimentos-paa","status":"publish","type":"post","link":"https:\/\/noticiasemdestaque.com\/cd\/?p=74450","title":{"rendered":"Prefeitura de Camala\u00fa realiza mais uma etapa de entrega de alimentos atrav\u00e9s do Programa de Aquisi\u00e7\u00e3o de Alimentos (PAA)"},"content":{"rendered":"<p><a href=\"https:\/\/noticiasemdestaque.com\/cd\/wp-content\/uploads\/2025\/11\/24b13208-48d8-4d20-9624-9f577c15cd9b.jpeg\"><img fetchpriority=\"high\" decoding=\"async\" class=\"size-medium wp-image-74451 aligncenter\" src=\"https:\/\/noticiasemdestaque.com\/cd\/wp-content\/uploads\/2025\/11\/24b13208-48d8-4d20-9624-9f577c15cd9b-181x300.jpeg\" alt=\"\" width=\"181\" height=\"300\" srcset=\"https:\/\/noticiasemdestaque.com\/cd\/wp-content\/uploads\/2025\/11\/24b13208-48d8-4d20-9624-9f577c15cd9b-181x300.jpeg 181w, https:\/\/noticiasemdestaque.com\/cd\/wp-content\/uploads\/2025\/11\/24b13208-48d8-4d20-9624-9f577c15cd9b-618x1024.jpeg 618w, https:\/\/noticiasemdestaque.com\/cd\/wp-content\/uploads\/2025\/11\/24b13208-48d8-4d20-9624-9f577c15cd9b-768x1273.jpeg 768w, https:\/\/noticiasemdestaque.com\/cd\/wp-content\/uploads\/2025\/11\/24b13208-48d8-4d20-9624-9f577c15cd9b-927x1536.jpeg 927w, https:\/\/noticiasemdestaque.com\/cd\/wp-content\/uploads\/2025\/11\/24b13208-48d8-4d20-9624-9f577c15cd9b.jpeg 960w\" sizes=\"(max-width: 181px) 100vw, 181px\" \/><\/a><\/p>\n<p>A Prefeitura Municipal de Camala\u00fa, por meio da Secretaria de Trabalho e A\u00e7\u00e3o Social, em parceria com o Governo do Estado da Para\u00edba, a Companhia Nacional de Abastecimento (CONAB) e o Programa de Aquisi\u00e7\u00e3o de Alimentos (PAA), realiza nesta quarta-feira, 05 de novembro, mais uma etapa da entrega de verduras destinadas \u00e0s fam\u00edlias cadastradas no programa.<\/p>\n<p>A iniciativa integra uma importante pol\u00edtica p\u00fablica de fortalecimento da agricultura familiar e de promo\u00e7\u00e3o da seguran\u00e7a alimentar. O objetivo \u00e9 garantir o acesso da popula\u00e7\u00e3o a alimentos frescos, nutritivos e de qualidade, produzidos por agricultores locais. Al\u00e9m de contribuir para a sa\u00fade e o bem-estar das fam\u00edlias, o programa tamb\u00e9m movimenta a economia solid\u00e1ria e refor\u00e7a o compromisso da gest\u00e3o municipal com a dignidade e a qualidade de vida da popula\u00e7\u00e3o em situa\u00e7\u00e3o de vulnerabilidade.<\/p>\n<p>Em Camala\u00fa, a distribui\u00e7\u00e3o acontecer\u00e1 a partir das 09h30, na Pra\u00e7a de Eventos, tradicional ponto de encontro e partilha da comunidade. J\u00e1 no Distrito do Pindur\u00e3o, as entregas est\u00e3o programadas para as 18h, na Creche Municipal, ampliando o alcance da a\u00e7\u00e3o e beneficiando um n\u00famero ainda maior de fam\u00edlias.<\/p>\n<p>A Prefeitura refor\u00e7a que os benefici\u00e1rios devem comparecer munidos do cart\u00e3o amarelo e da documenta\u00e7\u00e3o necess\u00e1ria, a fim de assegurar a transpar\u00eancia e a organiza\u00e7\u00e3o do processo.<\/p>\n<p>Com mais essa etapa, o Governo de Camala\u00fa, reafirma seu compromisso com a responsabilidade social e com a constru\u00e7\u00e3o de uma cidade mais justa, solid\u00e1ria e pr\u00f3spera.<\/p>\n<p>Com Focando Para\u00edba<\/p>\n","protected":false},"excerpt":{"rendered":"<p>A Prefeitura Municipal de Camala\u00fa, por meio da Secretaria de Trabalho e A\u00e7\u00e3o Social, em parceria com o Governo do Estado da Para\u00edba, a Companhia Nacional de Abastecimento (CONAB) e o Programa de Aquisi\u00e7\u00e3o de Alimentos (PAA), realiza nesta quarta-feira, 05 de novembro, mais uma etapa da entrega de verduras destinadas \u00e0s fam\u00edlias cadastradas no programa. A iniciativa integra uma importante pol\u00edtica p\u00fablica de fortalecimento da agricultura familiar e de promo\u00e7\u00e3o da seguran\u00e7a alimentar. O objetivo \u00e9 garantir o acesso da popula\u00e7\u00e3o a alimentos frescos, nutritivos e de qualidade, produzidos por agricultores locais. Al\u00e9m de contribuir para a sa\u00fade e o bem-estar das fam\u00edlias, o programa tamb\u00e9m movimenta a economia solid\u00e1ria e refor\u00e7a o compromisso da gest\u00e3o municipal com a dignidade e a qualidade de vida da popula\u00e7\u00e3o em situa\u00e7\u00e3o de vulnerabilidade. Em Camala\u00fa, a distribui\u00e7\u00e3o acontecer\u00e1 a partir das 09h30, na Pra\u00e7a de Eventos, tradicional ponto de encontro e partilha da comunidade. J\u00e1 no Distrito do Pindur\u00e3o, as entregas est\u00e3o programadas para as 18h, na Creche Municipal, ampliando o alcance da a\u00e7\u00e3o e beneficiando um n\u00famero ainda maior de fam\u00edlias. A Prefeitura refor\u00e7a que os benefici\u00e1rios devem comparecer munidos do cart\u00e3o amarelo e da documenta\u00e7\u00e3o necess\u00e1ria, a fim de assegurar a transpar\u00eancia e a organiza\u00e7\u00e3o do processo. Com mais essa etapa, o Governo de Camala\u00fa, reafirma seu compromisso com a responsabilidade social e com a constru\u00e7\u00e3o de uma cidade mais justa, solid\u00e1ria e pr\u00f3spera. Com Focando Para\u00edba<\/p>\n","protected":false},"author":2,"featured_media":74451,"comment_status":"closed","ping_status":"closed","sticky":false,"template":"","format":"standard","meta":{"_eb_attr":"","_jetpack_memberships_contains_paid_content":false,"footnotes":""},"categories":[3],"tags":[],"class_list":["post-74450","post","type-post","status-publish","format-standard","has-post-thumbnail","hentry","category-cidades"],"yoast_head":"<!-- This site is optimized with the Yoast SEO plugin v26.5 - https:\/\/yoast.com\/wordpress\/plugins\/seo\/ -->\n<title>Prefeitura de Camala\u00fa realiza mais uma etapa de entrega de alimentos atrav\u00e9s do Programa de Aquisi\u00e7\u00e3o de Alimentos (PAA) - Not&iacute;cias em Destaque<\/title>\n<meta name=\"robots\" content=\"index, follow, max-snippet:-1, max-image-preview:large, max-video-preview:-1\" \/>\n<link rel=\"canonical\" href=\"https:\/\/noticiasemdestaque.com\/cd\/?p=74450\" \/>\n<meta property=\"og:locale\" content=\"pt_BR\" \/>\n<meta property=\"og:type\" content=\"article\" \/>\n<meta property=\"og:title\" content=\"Prefeitura de Camala\u00fa realiza mais uma etapa de entrega de alimentos atrav\u00e9s do Programa de Aquisi\u00e7\u00e3o de Alimentos (PAA) - Not&iacute;cias em Destaque\" \/>\n<meta property=\"og:description\" content=\"A Prefeitura Municipal de Camala\u00fa, por meio da Secretaria de Trabalho e A\u00e7\u00e3o Social, em parceria com o Governo do Estado da Para\u00edba, a Companhia Nacional de Abastecimento (CONAB) e o Programa de Aquisi\u00e7\u00e3o de Alimentos (PAA), realiza nesta quarta-feira, 05 de novembro, mais uma etapa da entrega de verduras destinadas \u00e0s fam\u00edlias cadastradas no programa. A iniciativa integra uma importante pol\u00edtica p\u00fablica de fortalecimento da agricultura familiar e de promo\u00e7\u00e3o da seguran\u00e7a alimentar. O objetivo \u00e9 garantir o acesso da popula\u00e7\u00e3o a alimentos frescos, nutritivos e de qualidade, produzidos por agricultores locais. Al\u00e9m de contribuir para a sa\u00fade e o bem-estar das fam\u00edlias, o programa tamb\u00e9m movimenta a economia solid\u00e1ria e refor\u00e7a o compromisso da gest\u00e3o municipal com a dignidade e a qualidade de vida da popula\u00e7\u00e3o em situa\u00e7\u00e3o de vulnerabilidade. Em Camala\u00fa, a distribui\u00e7\u00e3o acontecer\u00e1 a partir das 09h30, na Pra\u00e7a de Eventos, tradicional ponto de encontro e partilha da comunidade. J\u00e1 no Distrito do Pindur\u00e3o, as entregas est\u00e3o programadas para as 18h, na Creche Municipal, ampliando o alcance da a\u00e7\u00e3o e beneficiando um n\u00famero ainda maior de fam\u00edlias. A Prefeitura refor\u00e7a que os benefici\u00e1rios devem comparecer munidos do cart\u00e3o amarelo e da documenta\u00e7\u00e3o necess\u00e1ria, a fim de assegurar a transpar\u00eancia e a organiza\u00e7\u00e3o do processo. Com mais essa etapa, o Governo de Camala\u00fa, reafirma seu compromisso com a responsabilidade social e com a constru\u00e7\u00e3o de uma cidade mais justa, solid\u00e1ria e pr\u00f3spera. Com Focando Para\u00edba\" \/>\n<meta property=\"og:url\" content=\"https:\/\/noticiasemdestaque.com\/cd\/?p=74450\" \/>\n<meta property=\"og:site_name\" content=\"Not&iacute;cias em Destaque\" \/>\n<meta property=\"article:published_time\" content=\"2025-11-03T12:48:21+00:00\" \/>\n<meta property=\"og:image\" content=\"https:\/\/noticiasemdestaque.com\/cd\/wp-content\/uploads\/2025\/11\/24b13208-48d8-4d20-9624-9f577c15cd9b.jpeg\" \/>\n\t<meta property=\"og:image:width\" content=\"960\" \/>\n\t<meta property=\"og:image:height\" content=\"1591\" \/>\n\t<meta property=\"og:image:type\" content=\"image\/jpeg\" \/>\n<meta name=\"author\" content=\"Not\u00edcias em Destaque\" \/>\n<meta name=\"twitter:card\" content=\"summary_large_image\" \/>\n<meta name=\"twitter:label1\" content=\"Escrito por\" \/>\n\t<meta name=\"twitter:data1\" content=\"Not\u00edcias em Destaque\" \/>\n\t<meta name=\"twitter:label2\" content=\"Est. tempo de leitura\" \/>\n\t<meta name=\"twitter:data2\" content=\"2 minutos\" \/>\n<script type=\"application\/ld+json\" class=\"yoast-schema-graph\">{\"@context\":\"https:\/\/schema.org\",\"@graph\":[{\"@type\":\"Article\",\"@id\":\"https:\/\/noticiasemdestaque.com\/cd\/?p=74450#article\",\"isPartOf\":{\"@id\":\"https:\/\/noticiasemdestaque.com\/cd\/?p=74450\"},\"author\":{\"name\":\"Not\u00edcias em Destaque\",\"@id\":\"https:\/\/noticiasemdestaque.com\/cd\/#\/schema\/person\/9c05c6816b191977f47499b3494ace52\"},\"headline\":\"Prefeitura de Camala\u00fa realiza mais uma etapa de entrega de alimentos atrav\u00e9s do Programa de Aquisi\u00e7\u00e3o de Alimentos (PAA)\",\"datePublished\":\"2025-11-03T12:48:21+00:00\",\"mainEntityOfPage\":{\"@id\":\"https:\/\/noticiasemdestaque.com\/cd\/?p=74450\"},\"wordCount\":293,\"publisher\":{\"@id\":\"https:\/\/noticiasemdestaque.com\/cd\/#organization\"},\"image\":{\"@id\":\"https:\/\/noticiasemdestaque.com\/cd\/?p=74450#primaryimage\"},\"thumbnailUrl\":\"https:\/\/noticiasemdestaque.com\/cd\/wp-content\/uploads\/2025\/11\/24b13208-48d8-4d20-9624-9f577c15cd9b.jpeg\",\"articleSection\":[\"Cidades\"],\"inLanguage\":\"pt-BR\"},{\"@type\":\"WebPage\",\"@id\":\"https:\/\/noticiasemdestaque.com\/cd\/?p=74450\",\"url\":\"https:\/\/noticiasemdestaque.com\/cd\/?p=74450\",\"name\":\"Prefeitura de Camala\u00fa realiza mais uma etapa de entrega de alimentos atrav\u00e9s do Programa de Aquisi\u00e7\u00e3o de Alimentos (PAA) - Not&iacute;cias em Destaque\",\"isPartOf\":{\"@id\":\"https:\/\/noticiasemdestaque.com\/cd\/#website\"},\"primaryImageOfPage\":{\"@id\":\"https:\/\/noticiasemdestaque.com\/cd\/?p=74450#primaryimage\"},\"image\":{\"@id\":\"https:\/\/noticiasemdestaque.com\/cd\/?p=74450#primaryimage\"},\"thumbnailUrl\":\"https:\/\/noticiasemdestaque.com\/cd\/wp-content\/uploads\/2025\/11\/24b13208-48d8-4d20-9624-9f577c15cd9b.jpeg\",\"datePublished\":\"2025-11-03T12:48:21+00:00\",\"breadcrumb\":{\"@id\":\"https:\/\/noticiasemdestaque.com\/cd\/?p=74450#breadcrumb\"},\"inLanguage\":\"pt-BR\",\"potentialAction\":[{\"@type\":\"ReadAction\",\"target\":[\"https:\/\/noticiasemdestaque.com\/cd\/?p=74450\"]}]},{\"@type\":\"ImageObject\",\"inLanguage\":\"pt-BR\",\"@id\":\"https:\/\/noticiasemdestaque.com\/cd\/?p=74450#primaryimage\",\"url\":\"https:\/\/noticiasemdestaque.com\/cd\/wp-content\/uploads\/2025\/11\/24b13208-48d8-4d20-9624-9f577c15cd9b.jpeg\",\"contentUrl\":\"https:\/\/noticiasemdestaque.com\/cd\/wp-content\/uploads\/2025\/11\/24b13208-48d8-4d20-9624-9f577c15cd9b.jpeg\",\"width\":960,\"height\":1591},{\"@type\":\"BreadcrumbList\",\"@id\":\"https:\/\/noticiasemdestaque.com\/cd\/?p=74450#breadcrumb\",\"itemListElement\":[{\"@type\":\"ListItem\",\"position\":1,\"name\":\"In\u00edcio\",\"item\":\"https:\/\/noticiasemdestaque.com\/cd\/\"},{\"@type\":\"ListItem\",\"position\":2,\"name\":\"Prefeitura de Camala\u00fa realiza mais uma etapa de entrega de alimentos atrav\u00e9s do Programa de Aquisi\u00e7\u00e3o de Alimentos (PAA)\"}]},{\"@type\":\"WebSite\",\"@id\":\"https:\/\/noticiasemdestaque.com\/cd\/#website\",\"url\":\"https:\/\/noticiasemdestaque.com\/cd\/\",\"name\":\"Not&iacute;cias em Destaque\",\"description\":\"\",\"publisher\":{\"@id\":\"https:\/\/noticiasemdestaque.com\/cd\/#organization\"},\"potentialAction\":[{\"@type\":\"SearchAction\",\"target\":{\"@type\":\"EntryPoint\",\"urlTemplate\":\"https:\/\/noticiasemdestaque.com\/cd\/?s={search_term_string}\"},\"query-input\":{\"@type\":\"PropertyValueSpecification\",\"valueRequired\":true,\"valueName\":\"search_term_string\"}}],\"inLanguage\":\"pt-BR\"},{\"@type\":\"Organization\",\"@id\":\"https:\/\/noticiasemdestaque.com\/cd\/#organization\",\"name\":\"Not\u00edcias em Destaque\",\"url\":\"https:\/\/noticiasemdestaque.com\/cd\/\",\"logo\":{\"@type\":\"ImageObject\",\"inLanguage\":\"pt-BR\",\"@id\":\"https:\/\/noticiasemdestaque.com\/cd\/#\/schema\/logo\/image\/\",\"url\":\"https:\/\/noticiasemdestaque.com\/cd\/wp-content\/uploads\/2022\/05\/imagem-base-noticiasemdestaque.png\",\"contentUrl\":\"https:\/\/noticiasemdestaque.com\/cd\/wp-content\/uploads\/2022\/05\/imagem-base-noticiasemdestaque.png\",\"width\":1200,\"height\":630,\"caption\":\"Not\u00edcias em Destaque\"},\"image\":{\"@id\":\"https:\/\/noticiasemdestaque.com\/cd\/#\/schema\/logo\/image\/\"}},{\"@type\":\"Person\",\"@id\":\"https:\/\/noticiasemdestaque.com\/cd\/#\/schema\/person\/9c05c6816b191977f47499b3494ace52\",\"name\":\"Not\u00edcias em Destaque\",\"url\":\"https:\/\/noticiasemdestaque.com\/cd\/?author=2\"}]}<\/script>\n<!-- \/ Yoast SEO plugin. -->","yoast_head_json":{"title":"Prefeitura de Camala\u00fa realiza mais uma etapa de entrega de alimentos atrav\u00e9s do Programa de Aquisi\u00e7\u00e3o de Alimentos (PAA) - Not&iacute;cias em Destaque","robots":{"index":"index","follow":"follow","max-snippet":"max-snippet:-1","max-image-preview":"max-image-preview:large","max-video-preview":"max-video-preview:-1"},"canonical":"https:\/\/noticiasemdestaque.com\/cd\/?p=74450","og_locale":"pt_BR","og_type":"article","og_title":"Prefeitura de Camala\u00fa realiza mais uma etapa de entrega de alimentos atrav\u00e9s do Programa de Aquisi\u00e7\u00e3o de Alimentos (PAA) - Not&iacute;cias em Destaque","og_description":"A Prefeitura Municipal de Camala\u00fa, por meio da Secretaria de Trabalho e A\u00e7\u00e3o Social, em parceria com o Governo do Estado da Para\u00edba, a Companhia Nacional de Abastecimento (CONAB) e o Programa de Aquisi\u00e7\u00e3o de Alimentos (PAA), realiza nesta quarta-feira, 05 de novembro, mais uma etapa da entrega de verduras destinadas \u00e0s fam\u00edlias cadastradas no programa. A iniciativa integra uma importante pol\u00edtica p\u00fablica de fortalecimento da agricultura familiar e de promo\u00e7\u00e3o da seguran\u00e7a alimentar. O objetivo \u00e9 garantir o acesso da popula\u00e7\u00e3o a alimentos frescos, nutritivos e de qualidade, produzidos por agricultores locais. Al\u00e9m de contribuir para a sa\u00fade e o bem-estar das fam\u00edlias, o programa tamb\u00e9m movimenta a economia solid\u00e1ria e refor\u00e7a o compromisso da gest\u00e3o municipal com a dignidade e a qualidade de vida da popula\u00e7\u00e3o em situa\u00e7\u00e3o de vulnerabilidade. Em Camala\u00fa, a distribui\u00e7\u00e3o acontecer\u00e1 a partir das 09h30, na Pra\u00e7a de Eventos, tradicional ponto de encontro e partilha da comunidade. J\u00e1 no Distrito do Pindur\u00e3o, as entregas est\u00e3o programadas para as 18h, na Creche Municipal, ampliando o alcance da a\u00e7\u00e3o e beneficiando um n\u00famero ainda maior de fam\u00edlias. A Prefeitura refor\u00e7a que os benefici\u00e1rios devem comparecer munidos do cart\u00e3o amarelo e da documenta\u00e7\u00e3o necess\u00e1ria, a fim de assegurar a transpar\u00eancia e a organiza\u00e7\u00e3o do processo. Com mais essa etapa, o Governo de Camala\u00fa, reafirma seu compromisso com a responsabilidade social e com a constru\u00e7\u00e3o de uma cidade mais justa, solid\u00e1ria e pr\u00f3spera. Com Focando Para\u00edba","og_url":"https:\/\/noticiasemdestaque.com\/cd\/?p=74450","og_site_name":"Not&iacute;cias em Destaque","article_published_time":"2025-11-03T12:48:21+00:00","og_image":[{"width":960,"height":1591,"url":"https:\/\/noticiasemdestaque.com\/cd\/wp-content\/uploads\/2025\/11\/24b13208-48d8-4d20-9624-9f577c15cd9b.jpeg","type":"image\/jpeg"}],"author":"Not\u00edcias em Destaque","twitter_card":"summary_large_image","twitter_misc":{"Escrito por":"Not\u00edcias em Destaque","Est. tempo de leitura":"2 minutos"},"schema":{"@context":"https:\/\/schema.org","@graph":[{"@type":"Article","@id":"https:\/\/noticiasemdestaque.com\/cd\/?p=74450#article","isPartOf":{"@id":"https:\/\/noticiasemdestaque.com\/cd\/?p=74450"},"author":{"name":"Not\u00edcias em Destaque","@id":"https:\/\/noticiasemdestaque.com\/cd\/#\/schema\/person\/9c05c6816b191977f47499b3494ace52"},"headline":"Prefeitura de Camala\u00fa realiza mais uma etapa de entrega de alimentos atrav\u00e9s do Programa de Aquisi\u00e7\u00e3o de Alimentos (PAA)","datePublished":"2025-11-03T12:48:21+00:00","mainEntityOfPage":{"@id":"https:\/\/noticiasemdestaque.com\/cd\/?p=74450"},"wordCount":293,"publisher":{"@id":"https:\/\/noticiasemdestaque.com\/cd\/#organization"},"image":{"@id":"https:\/\/noticiasemdestaque.com\/cd\/?p=74450#primaryimage"},"thumbnailUrl":"https:\/\/noticiasemdestaque.com\/cd\/wp-content\/uploads\/2025\/11\/24b13208-48d8-4d20-9624-9f577c15cd9b.jpeg","articleSection":["Cidades"],"inLanguage":"pt-BR"},{"@type":"WebPage","@id":"https:\/\/noticiasemdestaque.com\/cd\/?p=74450","url":"https:\/\/noticiasemdestaque.com\/cd\/?p=74450","name":"Prefeitura de Camala\u00fa realiza mais uma etapa de entrega de alimentos atrav\u00e9s do Programa de Aquisi\u00e7\u00e3o de Alimentos (PAA) - Not&iacute;cias em Destaque","isPartOf":{"@id":"https:\/\/noticiasemdestaque.com\/cd\/#website"},"primaryImageOfPage":{"@id":"https:\/\/noticiasemdestaque.com\/cd\/?p=74450#primaryimage"},"image":{"@id":"https:\/\/noticiasemdestaque.com\/cd\/?p=74450#primaryimage"},"thumbnailUrl":"https:\/\/noticiasemdestaque.com\/cd\/wp-content\/uploads\/2025\/11\/24b13208-48d8-4d20-9624-9f577c15cd9b.jpeg","datePublished":"2025-11-03T12:48:21+00:00","breadcrumb":{"@id":"https:\/\/noticiasemdestaque.com\/cd\/?p=74450#breadcrumb"},"inLanguage":"pt-BR","potentialAction":[{"@type":"ReadAction","target":["https:\/\/noticiasemdestaque.com\/cd\/?p=74450"]}]},{"@type":"ImageObject","inLanguage":"pt-BR","@id":"https:\/\/noticiasemdestaque.com\/cd\/?p=74450#primaryimage","url":"https:\/\/noticiasemdestaque.com\/cd\/wp-content\/uploads\/2025\/11\/24b13208-48d8-4d20-9624-9f577c15cd9b.jpeg","contentUrl":"https:\/\/noticiasemdestaque.com\/cd\/wp-content\/uploads\/2025\/11\/24b13208-48d8-4d20-9624-9f577c15cd9b.jpeg","width":960,"height":1591},{"@type":"BreadcrumbList","@id":"https:\/\/noticiasemdestaque.com\/cd\/?p=74450#breadcrumb","itemListElement":[{"@type":"ListItem","position":1,"name":"In\u00edcio","item":"https:\/\/noticiasemdestaque.com\/cd\/"},{"@type":"ListItem","position":2,"name":"Prefeitura de Camala\u00fa realiza mais uma etapa de entrega de alimentos atrav\u00e9s do Programa de Aquisi\u00e7\u00e3o de Alimentos (PAA)"}]},{"@type":"WebSite","@id":"https:\/\/noticiasemdestaque.com\/cd\/#website","url":"https:\/\/noticiasemdestaque.com\/cd\/","name":"Not&iacute;cias em Destaque","description":"","publisher":{"@id":"https:\/\/noticiasemdestaque.com\/cd\/#organization"},"potentialAction":[{"@type":"SearchAction","target":{"@type":"EntryPoint","urlTemplate":"https:\/\/noticiasemdestaque.com\/cd\/?s={search_term_string}"},"query-input":{"@type":"PropertyValueSpecification","valueRequired":true,"valueName":"search_term_string"}}],"inLanguage":"pt-BR"},{"@type":"Organization","@id":"https:\/\/noticiasemdestaque.com\/cd\/#organization","name":"Not\u00edcias em Destaque","url":"https:\/\/noticiasemdestaque.com\/cd\/","logo":{"@type":"ImageObject","inLanguage":"pt-BR","@id":"https:\/\/noticiasemdestaque.com\/cd\/#\/schema\/logo\/image\/","url":"https:\/\/noticiasemdestaque.com\/cd\/wp-content\/uploads\/2022\/05\/imagem-base-noticiasemdestaque.png","contentUrl":"https:\/\/noticiasemdestaque.com\/cd\/wp-content\/uploads\/2022\/05\/imagem-base-noticiasemdestaque.png","width":1200,"height":630,"caption":"Not\u00edcias em Destaque"},"image":{"@id":"https:\/\/noticiasemdestaque.com\/cd\/#\/schema\/logo\/image\/"}},{"@type":"Person","@id":"https:\/\/noticiasemdestaque.com\/cd\/#\/schema\/person\/9c05c6816b191977f47499b3494ace52","name":"Not\u00edcias em Destaque","url":"https:\/\/noticiasemdestaque.com\/cd\/?author=2"}]}},"jetpack_featured_media_url":"https:\/\/noticiasemdestaque.com\/cd\/wp-content\/uploads\/2025\/11\/24b13208-48d8-4d20-9624-9f577c15cd9b.jpeg","jetpack_sharing_enabled":true,"_links":{"self":[{"href":"https:\/\/noticiasemdestaque.com\/cd\/index.php?rest_route=\/wp\/v2\/posts\/74450","targetHints":{"allow":["GET"]}}],"collection":[{"href":"https:\/\/noticiasemdestaque.com\/cd\/index.php?rest_route=\/wp\/v2\/posts"}],"about":[{"href":"https:\/\/noticiasemdestaque.com\/cd\/index.php?rest_route=\/wp\/v2\/types\/post"}],"author":[{"embeddable":true,"href":"https:\/\/noticiasemdestaque.com\/cd\/index.php?rest_route=\/wp\/v2\/users\/2"}],"replies":[{"embeddable":true,"href":"https:\/\/noticiasemdestaque.com\/cd\/index.php?rest_route=%2Fwp%2Fv2%2Fcomments&post=74450"}],"version-history":[{"count":1,"href":"https:\/\/noticiasemdestaque.com\/cd\/index.php?rest_route=\/wp\/v2\/posts\/74450\/revisions"}],"predecessor-version":[{"id":74452,"href":"https:\/\/noticiasemdestaque.com\/cd\/index.php?rest_route=\/wp\/v2\/posts\/74450\/revisions\/74452"}],"wp:featuredmedia":[{"embeddable":true,"href":"https:\/\/noticiasemdestaque.com\/cd\/index.php?rest_route=\/wp\/v2\/media\/74451"}],"wp:attachment":[{"href":"https:\/\/noticiasemdestaque.com\/cd\/index.php?rest_route=%2Fwp%2Fv2%2Fmedia&parent=74450"}],"wp:term":[{"taxonomy":"category","embeddable":true,"href":"https:\/\/noticiasemdestaque.com\/cd\/index.php?rest_route=%2Fwp%2Fv2%2Fcategories&post=74450"},{"taxonomy":"post_tag","embeddable":true,"href":"https:\/\/noticiasemdestaque.com\/cd\/index.php?rest_route=%2Fwp%2Fv2%2Ftags&post=74450"}],"curies":[{"name":"wp","href":"https:\/\/api.w.org\/{rel}","templated":true}]}}