{"id":7443,"date":"2018-01-18T18:07:06","date_gmt":"2018-01-18T21:07:06","guid":{"rendered":"http:\/\/caririemdestaque.com\/cd\/?p=7443"},"modified":"2018-01-18T18:07:06","modified_gmt":"2018-01-18T21:07:06","slug":"mec-antecipa-data-do-sisu-inscricoes-comecam-dia-23","status":"publish","type":"post","link":"https:\/\/noticiasemdestaque.com\/cd\/?p=7443","title":{"rendered":"MEC antecipa data do Sisu; inscri\u00e7\u00f5es come\u00e7am dia 23"},"content":{"rendered":"<p><a href=\"http:\/\/caririemdestaque.com\/cd\/wp-content\/uploads\/2017\/06\/Chamada-Regular-Resultado-Sisu-2016.jpg\"><img decoding=\"async\" class=\"size-medium wp-image-917 alignleft\" src=\"http:\/\/caririemdestaque.com\/cd\/wp-content\/uploads\/2017\/06\/Chamada-Regular-Resultado-Sisu-2016-300x147.jpg\" alt=\"\" width=\"300\" height=\"147\" srcset=\"https:\/\/noticiasemdestaque.com\/cd\/wp-content\/uploads\/2017\/06\/Chamada-Regular-Resultado-Sisu-2016-300x147.jpg 300w, https:\/\/noticiasemdestaque.com\/cd\/wp-content\/uploads\/2017\/06\/Chamada-Regular-Resultado-Sisu-2016-480x237.jpg 480w, https:\/\/noticiasemdestaque.com\/cd\/wp-content\/uploads\/2017\/06\/Chamada-Regular-Resultado-Sisu-2016.jpg 484w\" sizes=\"(max-width: 300px) 100vw, 300px\" \/><\/a>A abertura das inscri\u00e7\u00f5es no Sistema de Sele\u00e7\u00e3o Unificada (Sisu) foi antecipada para 23 de janeiro, conforme anunciou hoje (18) o ministro da Educa\u00e7\u00e3o, Mendon\u00e7a Filho. Segundo ele, estudantes que fizeram o Exame Nacional do Ensino M\u00e9dio (Enem) 2017 e que queiram tentar uma vaga em institui\u00e7\u00f5es p\u00fablicas de ensino superior t\u00eam entre 23 e 26 de janeiro para se inscrever.<\/p>\n<p>O an\u00fancio foi feito durante entrevista coletiva para divulgar os resultados do Enem 2017, liberados pouco antes das 12h de hoje. O prazo inicial para registrar a nota da prova e se candidatar a uma institui\u00e7\u00e3o p\u00fablica de ensino superior era de 29 de janeiro a 1\u00ba de fevereiro. De acordo com o ministro da Educa\u00e7\u00e3o, o motivo da antecipa\u00e7\u00e3o seria apenas \u201csaciar a ansiedade\u201d dos candidatos.<\/p>\n<p>O cronograma das demais sele\u00e7\u00f5es da pasta, como o Programa Universidade para Todos (ProUni) e o Programa de Financiamento Estudantil (Fies), segundo ele, permanece inalterado<\/p>\n<p><em><strong>Cariri em Destaque<\/strong><\/em><\/p>\n<p>Com EBC<\/p>\n","protected":false},"excerpt":{"rendered":"<p>A abertura das inscri\u00e7\u00f5es no Sistema de Sele\u00e7\u00e3o Unificada (Sisu) foi antecipada para 23 de janeiro, conforme anunciou hoje (18) o ministro da Educa\u00e7\u00e3o, Mendon\u00e7a Filho. Segundo ele, estudantes que fizeram o Exame Nacional do Ensino M\u00e9dio (Enem) 2017 e que queiram tentar uma vaga em institui\u00e7\u00f5es p\u00fablicas de ensino superior t\u00eam entre 23 e 26 de janeiro para se inscrever. O an\u00fancio foi feito durante entrevista coletiva para divulgar os resultados do Enem 2017, liberados pouco antes das 12h de hoje. O prazo inicial para registrar a nota da prova e se candidatar a uma institui\u00e7\u00e3o p\u00fablica de ensino superior era de 29 de janeiro a 1\u00ba de fevereiro. De acordo com o ministro da Educa\u00e7\u00e3o, o motivo da antecipa\u00e7\u00e3o seria apenas \u201csaciar a ansiedade\u201d dos candidatos. O cronograma das demais sele\u00e7\u00f5es da pasta, como o Programa Universidade para Todos (ProUni) e o Programa de Financiamento Estudantil (Fies), segundo ele, permanece inalterado Cariri em Destaque Com EBC<\/p>\n","protected":false},"author":2,"featured_media":917,"comment_status":"closed","ping_status":"open","sticky":false,"template":"","format":"standard","meta":{"_eb_attr":"","_jetpack_memberships_contains_paid_content":false,"footnotes":""},"categories":[6],"tags":[],"class_list":["post-7443","post","type-post","status-publish","format-standard","has-post-thumbnail","hentry","category-educacao"],"yoast_head":"<!-- This site is optimized with the Yoast SEO plugin v26.5 - https:\/\/yoast.com\/wordpress\/plugins\/seo\/ -->\n<title>MEC antecipa data do Sisu; inscri\u00e7\u00f5es come\u00e7am dia 23 - Not&iacute;cias em Destaque<\/title>\n<meta name=\"robots\" content=\"index, follow, max-snippet:-1, max-image-preview:large, max-video-preview:-1\" \/>\n<link rel=\"canonical\" href=\"https:\/\/noticiasemdestaque.com\/cd\/?p=7443\" \/>\n<meta property=\"og:locale\" content=\"pt_BR\" \/>\n<meta property=\"og:type\" content=\"article\" \/>\n<meta property=\"og:title\" content=\"MEC antecipa data do Sisu; inscri\u00e7\u00f5es come\u00e7am dia 23 - Not&iacute;cias em Destaque\" \/>\n<meta property=\"og:description\" content=\"A abertura das inscri\u00e7\u00f5es no Sistema de Sele\u00e7\u00e3o Unificada (Sisu) foi antecipada para 23 de janeiro, conforme anunciou hoje (18) o ministro da Educa\u00e7\u00e3o, Mendon\u00e7a Filho. Segundo ele, estudantes que fizeram o Exame Nacional do Ensino M\u00e9dio (Enem) 2017 e que queiram tentar uma vaga em institui\u00e7\u00f5es p\u00fablicas de ensino superior t\u00eam entre 23 e 26 de janeiro para se inscrever. O an\u00fancio foi feito durante entrevista coletiva para divulgar os resultados do Enem 2017, liberados pouco antes das 12h de hoje. O prazo inicial para registrar a nota da prova e se candidatar a uma institui\u00e7\u00e3o p\u00fablica de ensino superior era de 29 de janeiro a 1\u00ba de fevereiro. De acordo com o ministro da Educa\u00e7\u00e3o, o motivo da antecipa\u00e7\u00e3o seria apenas \u201csaciar a ansiedade\u201d dos candidatos. O cronograma das demais sele\u00e7\u00f5es da pasta, como o Programa Universidade para Todos (ProUni) e o Programa de Financiamento Estudantil (Fies), segundo ele, permanece inalterado Cariri em Destaque Com EBC\" \/>\n<meta property=\"og:url\" content=\"https:\/\/noticiasemdestaque.com\/cd\/?p=7443\" \/>\n<meta property=\"og:site_name\" content=\"Not&iacute;cias em Destaque\" \/>\n<meta property=\"article:published_time\" content=\"2018-01-18T21:07:06+00:00\" \/>\n<meta property=\"og:image\" content=\"https:\/\/noticiasemdestaque.com\/cd\/wp-content\/uploads\/2017\/06\/Chamada-Regular-Resultado-Sisu-2016.jpg\" \/>\n\t<meta property=\"og:image:width\" content=\"484\" \/>\n\t<meta property=\"og:image:height\" content=\"237\" \/>\n\t<meta property=\"og:image:type\" content=\"image\/jpeg\" \/>\n<meta name=\"author\" content=\"Not\u00edcias em Destaque\" \/>\n<meta name=\"twitter:card\" content=\"summary_large_image\" \/>\n<meta name=\"twitter:label1\" content=\"Escrito por\" \/>\n\t<meta name=\"twitter:data1\" content=\"Not\u00edcias em Destaque\" \/>\n\t<meta name=\"twitter:label2\" content=\"Est. tempo de leitura\" \/>\n\t<meta name=\"twitter:data2\" content=\"1 minuto\" \/>\n<script type=\"application\/ld+json\" class=\"yoast-schema-graph\">{\"@context\":\"https:\/\/schema.org\",\"@graph\":[{\"@type\":\"Article\",\"@id\":\"https:\/\/noticiasemdestaque.com\/cd\/?p=7443#article\",\"isPartOf\":{\"@id\":\"https:\/\/noticiasemdestaque.com\/cd\/?p=7443\"},\"author\":{\"name\":\"Not\u00edcias em Destaque\",\"@id\":\"https:\/\/noticiasemdestaque.com\/cd\/#\/schema\/person\/4a81fb71f77579d059c3045891fa1786\"},\"headline\":\"MEC antecipa data do Sisu; inscri\u00e7\u00f5es come\u00e7am dia 23\",\"datePublished\":\"2018-01-18T21:07:06+00:00\",\"mainEntityOfPage\":{\"@id\":\"https:\/\/noticiasemdestaque.com\/cd\/?p=7443\"},\"wordCount\":174,\"publisher\":{\"@id\":\"https:\/\/noticiasemdestaque.com\/cd\/#organization\"},\"image\":{\"@id\":\"https:\/\/noticiasemdestaque.com\/cd\/?p=7443#primaryimage\"},\"thumbnailUrl\":\"https:\/\/noticiasemdestaque.com\/cd\/wp-content\/uploads\/2017\/06\/Chamada-Regular-Resultado-Sisu-2016.jpg\",\"articleSection\":[\"Educa\u00e7\u00e3o\"],\"inLanguage\":\"pt-BR\"},{\"@type\":\"WebPage\",\"@id\":\"https:\/\/noticiasemdestaque.com\/cd\/?p=7443\",\"url\":\"https:\/\/noticiasemdestaque.com\/cd\/?p=7443\",\"name\":\"MEC antecipa data do Sisu; inscri\u00e7\u00f5es come\u00e7am dia 23 - Not&iacute;cias em Destaque\",\"isPartOf\":{\"@id\":\"https:\/\/noticiasemdestaque.com\/cd\/#website\"},\"primaryImageOfPage\":{\"@id\":\"https:\/\/noticiasemdestaque.com\/cd\/?p=7443#primaryimage\"},\"image\":{\"@id\":\"https:\/\/noticiasemdestaque.com\/cd\/?p=7443#primaryimage\"},\"thumbnailUrl\":\"https:\/\/noticiasemdestaque.com\/cd\/wp-content\/uploads\/2017\/06\/Chamada-Regular-Resultado-Sisu-2016.jpg\",\"datePublished\":\"2018-01-18T21:07:06+00:00\",\"breadcrumb\":{\"@id\":\"https:\/\/noticiasemdestaque.com\/cd\/?p=7443#breadcrumb\"},\"inLanguage\":\"pt-BR\",\"potentialAction\":[{\"@type\":\"ReadAction\",\"target\":[\"https:\/\/noticiasemdestaque.com\/cd\/?p=7443\"]}]},{\"@type\":\"ImageObject\",\"inLanguage\":\"pt-BR\",\"@id\":\"https:\/\/noticiasemdestaque.com\/cd\/?p=7443#primaryimage\",\"url\":\"https:\/\/noticiasemdestaque.com\/cd\/wp-content\/uploads\/2017\/06\/Chamada-Regular-Resultado-Sisu-2016.jpg\",\"contentUrl\":\"https:\/\/noticiasemdestaque.com\/cd\/wp-content\/uploads\/2017\/06\/Chamada-Regular-Resultado-Sisu-2016.jpg\",\"width\":484,\"height\":237},{\"@type\":\"BreadcrumbList\",\"@id\":\"https:\/\/noticiasemdestaque.com\/cd\/?p=7443#breadcrumb\",\"itemListElement\":[{\"@type\":\"ListItem\",\"position\":1,\"name\":\"In\u00edcio\",\"item\":\"https:\/\/noticiasemdestaque.com\/cd\/\"},{\"@type\":\"ListItem\",\"position\":2,\"name\":\"MEC antecipa data do Sisu; inscri\u00e7\u00f5es come\u00e7am dia 23\"}]},{\"@type\":\"WebSite\",\"@id\":\"https:\/\/noticiasemdestaque.com\/cd\/#website\",\"url\":\"https:\/\/noticiasemdestaque.com\/cd\/\",\"name\":\"Not&iacute;cias em Destaque\",\"description\":\"\",\"publisher\":{\"@id\":\"https:\/\/noticiasemdestaque.com\/cd\/#organization\"},\"potentialAction\":[{\"@type\":\"SearchAction\",\"target\":{\"@type\":\"EntryPoint\",\"urlTemplate\":\"https:\/\/noticiasemdestaque.com\/cd\/?s={search_term_string}\"},\"query-input\":{\"@type\":\"PropertyValueSpecification\",\"valueRequired\":true,\"valueName\":\"search_term_string\"}}],\"inLanguage\":\"pt-BR\"},{\"@type\":\"Organization\",\"@id\":\"https:\/\/noticiasemdestaque.com\/cd\/#organization\",\"name\":\"Not\u00edcias em Destaque\",\"url\":\"https:\/\/noticiasemdestaque.com\/cd\/\",\"logo\":{\"@type\":\"ImageObject\",\"inLanguage\":\"pt-BR\",\"@id\":\"https:\/\/noticiasemdestaque.com\/cd\/#\/schema\/logo\/image\/\",\"url\":\"https:\/\/noticiasemdestaque.com\/cd\/wp-content\/uploads\/2022\/05\/imagem-base-noticiasemdestaque.png\",\"contentUrl\":\"https:\/\/noticiasemdestaque.com\/cd\/wp-content\/uploads\/2022\/05\/imagem-base-noticiasemdestaque.png\",\"width\":1200,\"height\":630,\"caption\":\"Not\u00edcias em Destaque\"},\"image\":{\"@id\":\"https:\/\/noticiasemdestaque.com\/cd\/#\/schema\/logo\/image\/\"}},{\"@type\":\"Person\",\"@id\":\"https:\/\/noticiasemdestaque.com\/cd\/#\/schema\/person\/4a81fb71f77579d059c3045891fa1786\",\"name\":\"Not\u00edcias em Destaque\",\"url\":\"https:\/\/noticiasemdestaque.com\/cd\/?author=2\"}]}<\/script>\n<!-- \/ Yoast SEO plugin. -->","yoast_head_json":{"title":"MEC antecipa data do Sisu; inscri\u00e7\u00f5es come\u00e7am dia 23 - Not&iacute;cias em Destaque","robots":{"index":"index","follow":"follow","max-snippet":"max-snippet:-1","max-image-preview":"max-image-preview:large","max-video-preview":"max-video-preview:-1"},"canonical":"https:\/\/noticiasemdestaque.com\/cd\/?p=7443","og_locale":"pt_BR","og_type":"article","og_title":"MEC antecipa data do Sisu; inscri\u00e7\u00f5es come\u00e7am dia 23 - Not&iacute;cias em Destaque","og_description":"A abertura das inscri\u00e7\u00f5es no Sistema de Sele\u00e7\u00e3o Unificada (Sisu) foi antecipada para 23 de janeiro, conforme anunciou hoje (18) o ministro da Educa\u00e7\u00e3o, Mendon\u00e7a Filho. Segundo ele, estudantes que fizeram o Exame Nacional do Ensino M\u00e9dio (Enem) 2017 e que queiram tentar uma vaga em institui\u00e7\u00f5es p\u00fablicas de ensino superior t\u00eam entre 23 e 26 de janeiro para se inscrever. O an\u00fancio foi feito durante entrevista coletiva para divulgar os resultados do Enem 2017, liberados pouco antes das 12h de hoje. O prazo inicial para registrar a nota da prova e se candidatar a uma institui\u00e7\u00e3o p\u00fablica de ensino superior era de 29 de janeiro a 1\u00ba de fevereiro. De acordo com o ministro da Educa\u00e7\u00e3o, o motivo da antecipa\u00e7\u00e3o seria apenas \u201csaciar a ansiedade\u201d dos candidatos. O cronograma das demais sele\u00e7\u00f5es da pasta, como o Programa Universidade para Todos (ProUni) e o Programa de Financiamento Estudantil (Fies), segundo ele, permanece inalterado Cariri em Destaque Com EBC","og_url":"https:\/\/noticiasemdestaque.com\/cd\/?p=7443","og_site_name":"Not&iacute;cias em Destaque","article_published_time":"2018-01-18T21:07:06+00:00","og_image":[{"width":484,"height":237,"url":"https:\/\/noticiasemdestaque.com\/cd\/wp-content\/uploads\/2017\/06\/Chamada-Regular-Resultado-Sisu-2016.jpg","type":"image\/jpeg"}],"author":"Not\u00edcias em Destaque","twitter_card":"summary_large_image","twitter_misc":{"Escrito por":"Not\u00edcias em Destaque","Est. tempo de leitura":"1 minuto"},"schema":{"@context":"https:\/\/schema.org","@graph":[{"@type":"Article","@id":"https:\/\/noticiasemdestaque.com\/cd\/?p=7443#article","isPartOf":{"@id":"https:\/\/noticiasemdestaque.com\/cd\/?p=7443"},"author":{"name":"Not\u00edcias em Destaque","@id":"https:\/\/noticiasemdestaque.com\/cd\/#\/schema\/person\/4a81fb71f77579d059c3045891fa1786"},"headline":"MEC antecipa data do Sisu; inscri\u00e7\u00f5es come\u00e7am dia 23","datePublished":"2018-01-18T21:07:06+00:00","mainEntityOfPage":{"@id":"https:\/\/noticiasemdestaque.com\/cd\/?p=7443"},"wordCount":174,"publisher":{"@id":"https:\/\/noticiasemdestaque.com\/cd\/#organization"},"image":{"@id":"https:\/\/noticiasemdestaque.com\/cd\/?p=7443#primaryimage"},"thumbnailUrl":"https:\/\/noticiasemdestaque.com\/cd\/wp-content\/uploads\/2017\/06\/Chamada-Regular-Resultado-Sisu-2016.jpg","articleSection":["Educa\u00e7\u00e3o"],"inLanguage":"pt-BR"},{"@type":"WebPage","@id":"https:\/\/noticiasemdestaque.com\/cd\/?p=7443","url":"https:\/\/noticiasemdestaque.com\/cd\/?p=7443","name":"MEC antecipa data do Sisu; inscri\u00e7\u00f5es come\u00e7am dia 23 - Not&iacute;cias em Destaque","isPartOf":{"@id":"https:\/\/noticiasemdestaque.com\/cd\/#website"},"primaryImageOfPage":{"@id":"https:\/\/noticiasemdestaque.com\/cd\/?p=7443#primaryimage"},"image":{"@id":"https:\/\/noticiasemdestaque.com\/cd\/?p=7443#primaryimage"},"thumbnailUrl":"https:\/\/noticiasemdestaque.com\/cd\/wp-content\/uploads\/2017\/06\/Chamada-Regular-Resultado-Sisu-2016.jpg","datePublished":"2018-01-18T21:07:06+00:00","breadcrumb":{"@id":"https:\/\/noticiasemdestaque.com\/cd\/?p=7443#breadcrumb"},"inLanguage":"pt-BR","potentialAction":[{"@type":"ReadAction","target":["https:\/\/noticiasemdestaque.com\/cd\/?p=7443"]}]},{"@type":"ImageObject","inLanguage":"pt-BR","@id":"https:\/\/noticiasemdestaque.com\/cd\/?p=7443#primaryimage","url":"https:\/\/noticiasemdestaque.com\/cd\/wp-content\/uploads\/2017\/06\/Chamada-Regular-Resultado-Sisu-2016.jpg","contentUrl":"https:\/\/noticiasemdestaque.com\/cd\/wp-content\/uploads\/2017\/06\/Chamada-Regular-Resultado-Sisu-2016.jpg","width":484,"height":237},{"@type":"BreadcrumbList","@id":"https:\/\/noticiasemdestaque.com\/cd\/?p=7443#breadcrumb","itemListElement":[{"@type":"ListItem","position":1,"name":"In\u00edcio","item":"https:\/\/noticiasemdestaque.com\/cd\/"},{"@type":"ListItem","position":2,"name":"MEC antecipa data do Sisu; inscri\u00e7\u00f5es come\u00e7am dia 23"}]},{"@type":"WebSite","@id":"https:\/\/noticiasemdestaque.com\/cd\/#website","url":"https:\/\/noticiasemdestaque.com\/cd\/","name":"Not&iacute;cias em Destaque","description":"","publisher":{"@id":"https:\/\/noticiasemdestaque.com\/cd\/#organization"},"potentialAction":[{"@type":"SearchAction","target":{"@type":"EntryPoint","urlTemplate":"https:\/\/noticiasemdestaque.com\/cd\/?s={search_term_string}"},"query-input":{"@type":"PropertyValueSpecification","valueRequired":true,"valueName":"search_term_string"}}],"inLanguage":"pt-BR"},{"@type":"Organization","@id":"https:\/\/noticiasemdestaque.com\/cd\/#organization","name":"Not\u00edcias em Destaque","url":"https:\/\/noticiasemdestaque.com\/cd\/","logo":{"@type":"ImageObject","inLanguage":"pt-BR","@id":"https:\/\/noticiasemdestaque.com\/cd\/#\/schema\/logo\/image\/","url":"https:\/\/noticiasemdestaque.com\/cd\/wp-content\/uploads\/2022\/05\/imagem-base-noticiasemdestaque.png","contentUrl":"https:\/\/noticiasemdestaque.com\/cd\/wp-content\/uploads\/2022\/05\/imagem-base-noticiasemdestaque.png","width":1200,"height":630,"caption":"Not\u00edcias em Destaque"},"image":{"@id":"https:\/\/noticiasemdestaque.com\/cd\/#\/schema\/logo\/image\/"}},{"@type":"Person","@id":"https:\/\/noticiasemdestaque.com\/cd\/#\/schema\/person\/4a81fb71f77579d059c3045891fa1786","name":"Not\u00edcias em Destaque","url":"https:\/\/noticiasemdestaque.com\/cd\/?author=2"}]}},"jetpack_featured_media_url":"https:\/\/noticiasemdestaque.com\/cd\/wp-content\/uploads\/2017\/06\/Chamada-Regular-Resultado-Sisu-2016.jpg","jetpack_sharing_enabled":true,"_links":{"self":[{"href":"https:\/\/noticiasemdestaque.com\/cd\/index.php?rest_route=\/wp\/v2\/posts\/7443","targetHints":{"allow":["GET"]}}],"collection":[{"href":"https:\/\/noticiasemdestaque.com\/cd\/index.php?rest_route=\/wp\/v2\/posts"}],"about":[{"href":"https:\/\/noticiasemdestaque.com\/cd\/index.php?rest_route=\/wp\/v2\/types\/post"}],"author":[{"embeddable":true,"href":"https:\/\/noticiasemdestaque.com\/cd\/index.php?rest_route=\/wp\/v2\/users\/2"}],"replies":[{"embeddable":true,"href":"https:\/\/noticiasemdestaque.com\/cd\/index.php?rest_route=%2Fwp%2Fv2%2Fcomments&post=7443"}],"version-history":[{"count":1,"href":"https:\/\/noticiasemdestaque.com\/cd\/index.php?rest_route=\/wp\/v2\/posts\/7443\/revisions"}],"predecessor-version":[{"id":7444,"href":"https:\/\/noticiasemdestaque.com\/cd\/index.php?rest_route=\/wp\/v2\/posts\/7443\/revisions\/7444"}],"wp:featuredmedia":[{"embeddable":true,"href":"https:\/\/noticiasemdestaque.com\/cd\/index.php?rest_route=\/wp\/v2\/media\/917"}],"wp:attachment":[{"href":"https:\/\/noticiasemdestaque.com\/cd\/index.php?rest_route=%2Fwp%2Fv2%2Fmedia&parent=7443"}],"wp:term":[{"taxonomy":"category","embeddable":true,"href":"https:\/\/noticiasemdestaque.com\/cd\/index.php?rest_route=%2Fwp%2Fv2%2Fcategories&post=7443"},{"taxonomy":"post_tag","embeddable":true,"href":"https:\/\/noticiasemdestaque.com\/cd\/index.php?rest_route=%2Fwp%2Fv2%2Ftags&post=7443"}],"curies":[{"name":"wp","href":"https:\/\/api.w.org\/{rel}","templated":true}]}}