{"id":7441,"date":"2018-01-18T18:04:24","date_gmt":"2018-01-18T21:04:24","guid":{"rendered":"http:\/\/caririemdestaque.com\/cd\/?p=7441"},"modified":"2018-01-18T18:04:24","modified_gmt":"2018-01-18T21:04:24","slug":"309-mil-tiram-zero-na-redacao-do-enem-e-so-53-participantes-obtem-nota-maxima","status":"publish","type":"post","link":"https:\/\/noticiasemdestaque.com\/cd\/?p=7441","title":{"rendered":"309 mil tiram zero na reda\u00e7\u00e3o do Enem e s\u00f3 53 participantes obt\u00eam nota m\u00e1xima"},"content":{"rendered":"<p><a href=\"http:\/\/caririemdestaque.com\/cd\/wp-content\/uploads\/2017\/10\/Edital-Enem-2017-10-de-abril.jpg\"><img fetchpriority=\"high\" decoding=\"async\" class=\"size-medium wp-image-5397 alignleft\" src=\"http:\/\/caririemdestaque.com\/cd\/wp-content\/uploads\/2017\/10\/Edital-Enem-2017-10-de-abril-300x167.jpg\" alt=\"\" width=\"300\" height=\"167\" srcset=\"https:\/\/noticiasemdestaque.com\/cd\/wp-content\/uploads\/2017\/10\/Edital-Enem-2017-10-de-abril-300x167.jpg 300w, https:\/\/noticiasemdestaque.com\/cd\/wp-content\/uploads\/2017\/10\/Edital-Enem-2017-10-de-abril.jpg 450w\" sizes=\"(max-width: 300px) 100vw, 300px\" \/><\/a>As notas individuais do Exame Nacional do Ensino M\u00e9dio (Enem) foram divulgadas nesta manh\u00e3 de quarta-feira, 18. Ao mesmo tempo, o Minist\u00e9rio da Educa\u00e7\u00e3o (MEC) lan\u00e7ou dados dos participantes de todo o Brasil. Foram 309.157 mil notas zero e apenas 53 notas m\u00e1ximas na reda\u00e7\u00e3o. No ano anterior, a quantidade de anula\u00e7\u00f5es foi bem menor, de 84.236. De acordo com Mendon\u00e7a Filho, ministro da Educa\u00e7\u00e3o, a edi\u00e7\u00e3o de 2017 do Enem foi a mais bem-sucedida da hist\u00f3ria.<\/p>\n<p>O principal motivo para a anula\u00e7\u00e3o da reda\u00e7\u00e3o dos alunos foi a fuga do tema. Nesta ano, os participantes escreveram sobre educa\u00e7\u00e3o de surdos. Maria In\u00eas Fini, presidente Instituto Nacional de Estudos e Pesquisas Educacionais (Inep), afirma que em compara\u00e7\u00e3o com 2016, o n\u00famero de candidatos que fugiu do tema da reda\u00e7\u00e3o cresceu 5%. Entretanto, ela considera uma varia\u00e7\u00e3o normal, pois s\u00e3o \u201cgrupos diferentes de estudantes\u201d. As notas m\u00e1ximas tamb\u00e9m diminu\u00edram, em 2016 foram 77 estudantes com nota mil.<\/p>\n<p>Com a decis\u00e3o do Supremo Tribunal Federal (STF) no ano passado, ferir os direitos humanos no texto da prova n\u00e3o acarreta nota zero. Apesar disso, a falha ainda configura perda de pontos aos participantes. Nesta edi\u00e7\u00e3o, 205 pessoas desrespeitaram os direitos humanos. Para recorrer, os alunos dever\u00e3o esperar os \u201cespelhos das reda\u00e7\u00f5es\u201d, que ser\u00e3o divulgados no dia 19 de mar\u00e7o.<\/p>\n<p><strong><em>Cariri em Destaque<\/em><\/strong><\/p>\n<p>Reda\u00e7\u00e3o O POVO Online<\/p>\n","protected":false},"excerpt":{"rendered":"<p>As notas individuais do Exame Nacional do Ensino M\u00e9dio (Enem) foram divulgadas nesta manh\u00e3 de quarta-feira, 18. Ao mesmo tempo, o Minist\u00e9rio da Educa\u00e7\u00e3o (MEC) lan\u00e7ou dados dos participantes de todo o Brasil. Foram 309.157 mil notas zero e apenas 53 notas m\u00e1ximas na reda\u00e7\u00e3o. No ano anterior, a quantidade de anula\u00e7\u00f5es foi bem menor, de 84.236. De acordo com Mendon\u00e7a Filho, ministro da Educa\u00e7\u00e3o, a edi\u00e7\u00e3o de 2017 do Enem foi a mais bem-sucedida da hist\u00f3ria. O principal motivo para a anula\u00e7\u00e3o da reda\u00e7\u00e3o dos alunos foi a fuga do tema. Nesta ano, os participantes escreveram sobre educa\u00e7\u00e3o de surdos. Maria In\u00eas Fini, presidente Instituto Nacional de Estudos e Pesquisas Educacionais (Inep), afirma que em compara\u00e7\u00e3o com 2016, o n\u00famero de candidatos que fugiu do tema da reda\u00e7\u00e3o cresceu 5%. Entretanto, ela considera uma varia\u00e7\u00e3o normal, pois s\u00e3o \u201cgrupos diferentes de estudantes\u201d. As notas m\u00e1ximas tamb\u00e9m diminu\u00edram, em 2016 foram 77 estudantes com nota mil. Com a decis\u00e3o do Supremo Tribunal Federal (STF) no ano passado, ferir os direitos humanos no texto da prova n\u00e3o acarreta nota zero. Apesar disso, a falha ainda configura perda de pontos aos participantes. Nesta edi\u00e7\u00e3o, 205 pessoas desrespeitaram os direitos humanos. Para recorrer, os alunos dever\u00e3o esperar os \u201cespelhos das reda\u00e7\u00f5es\u201d, que ser\u00e3o divulgados no dia 19 de mar\u00e7o. Cariri em Destaque Reda\u00e7\u00e3o O POVO Online<\/p>\n","protected":false},"author":2,"featured_media":2531,"comment_status":"closed","ping_status":"open","sticky":false,"template":"","format":"standard","meta":{"_eb_attr":"","_jetpack_memberships_contains_paid_content":false,"footnotes":""},"categories":[6],"tags":[],"class_list":["post-7441","post","type-post","status-publish","format-standard","has-post-thumbnail","hentry","category-educacao"],"yoast_head":"<!-- This site is optimized with the Yoast SEO plugin v26.5 - https:\/\/yoast.com\/wordpress\/plugins\/seo\/ -->\n<title>309 mil tiram zero na reda\u00e7\u00e3o do Enem e s\u00f3 53 participantes obt\u00eam nota m\u00e1xima - Not&iacute;cias em Destaque<\/title>\n<meta name=\"robots\" content=\"index, follow, max-snippet:-1, max-image-preview:large, max-video-preview:-1\" \/>\n<link rel=\"canonical\" href=\"https:\/\/noticiasemdestaque.com\/cd\/?p=7441\" \/>\n<meta property=\"og:locale\" content=\"pt_BR\" \/>\n<meta property=\"og:type\" content=\"article\" \/>\n<meta property=\"og:title\" content=\"309 mil tiram zero na reda\u00e7\u00e3o do Enem e s\u00f3 53 participantes obt\u00eam nota m\u00e1xima - Not&iacute;cias em Destaque\" \/>\n<meta property=\"og:description\" content=\"As notas individuais do Exame Nacional do Ensino M\u00e9dio (Enem) foram divulgadas nesta manh\u00e3 de quarta-feira, 18. Ao mesmo tempo, o Minist\u00e9rio da Educa\u00e7\u00e3o (MEC) lan\u00e7ou dados dos participantes de todo o Brasil. Foram 309.157 mil notas zero e apenas 53 notas m\u00e1ximas na reda\u00e7\u00e3o. No ano anterior, a quantidade de anula\u00e7\u00f5es foi bem menor, de 84.236. De acordo com Mendon\u00e7a Filho, ministro da Educa\u00e7\u00e3o, a edi\u00e7\u00e3o de 2017 do Enem foi a mais bem-sucedida da hist\u00f3ria. O principal motivo para a anula\u00e7\u00e3o da reda\u00e7\u00e3o dos alunos foi a fuga do tema. Nesta ano, os participantes escreveram sobre educa\u00e7\u00e3o de surdos. Maria In\u00eas Fini, presidente Instituto Nacional de Estudos e Pesquisas Educacionais (Inep), afirma que em compara\u00e7\u00e3o com 2016, o n\u00famero de candidatos que fugiu do tema da reda\u00e7\u00e3o cresceu 5%. Entretanto, ela considera uma varia\u00e7\u00e3o normal, pois s\u00e3o \u201cgrupos diferentes de estudantes\u201d. As notas m\u00e1ximas tamb\u00e9m diminu\u00edram, em 2016 foram 77 estudantes com nota mil. Com a decis\u00e3o do Supremo Tribunal Federal (STF) no ano passado, ferir os direitos humanos no texto da prova n\u00e3o acarreta nota zero. Apesar disso, a falha ainda configura perda de pontos aos participantes. Nesta edi\u00e7\u00e3o, 205 pessoas desrespeitaram os direitos humanos. Para recorrer, os alunos dever\u00e3o esperar os \u201cespelhos das reda\u00e7\u00f5es\u201d, que ser\u00e3o divulgados no dia 19 de mar\u00e7o. Cariri em Destaque Reda\u00e7\u00e3o O POVO Online\" \/>\n<meta property=\"og:url\" content=\"https:\/\/noticiasemdestaque.com\/cd\/?p=7441\" \/>\n<meta property=\"og:site_name\" content=\"Not&iacute;cias em Destaque\" \/>\n<meta property=\"article:published_time\" content=\"2018-01-18T21:04:24+00:00\" \/>\n<meta property=\"og:image\" content=\"https:\/\/noticiasemdestaque.com\/cd\/wp-content\/uploads\/2017\/08\/Cronograma-Oficial-Enem-2017.jpg\" \/>\n\t<meta property=\"og:image:width\" content=\"600\" \/>\n\t<meta property=\"og:image:height\" content=\"258\" \/>\n\t<meta property=\"og:image:type\" content=\"image\/jpeg\" \/>\n<meta name=\"author\" content=\"Not\u00edcias em Destaque\" \/>\n<meta name=\"twitter:card\" content=\"summary_large_image\" \/>\n<meta name=\"twitter:label1\" content=\"Escrito por\" \/>\n\t<meta name=\"twitter:data1\" content=\"Not\u00edcias em Destaque\" \/>\n\t<meta name=\"twitter:label2\" content=\"Est. tempo de leitura\" \/>\n\t<meta name=\"twitter:data2\" content=\"1 minuto\" \/>\n<script type=\"application\/ld+json\" class=\"yoast-schema-graph\">{\"@context\":\"https:\/\/schema.org\",\"@graph\":[{\"@type\":\"Article\",\"@id\":\"https:\/\/noticiasemdestaque.com\/cd\/?p=7441#article\",\"isPartOf\":{\"@id\":\"https:\/\/noticiasemdestaque.com\/cd\/?p=7441\"},\"author\":{\"name\":\"Not\u00edcias em Destaque\",\"@id\":\"https:\/\/noticiasemdestaque.com\/cd\/#\/schema\/person\/4a81fb71f77579d059c3045891fa1786\"},\"headline\":\"309 mil tiram zero na reda\u00e7\u00e3o do Enem e s\u00f3 53 participantes obt\u00eam nota m\u00e1xima\",\"datePublished\":\"2018-01-18T21:04:24+00:00\",\"mainEntityOfPage\":{\"@id\":\"https:\/\/noticiasemdestaque.com\/cd\/?p=7441\"},\"wordCount\":259,\"publisher\":{\"@id\":\"https:\/\/noticiasemdestaque.com\/cd\/#organization\"},\"image\":{\"@id\":\"https:\/\/noticiasemdestaque.com\/cd\/?p=7441#primaryimage\"},\"thumbnailUrl\":\"https:\/\/noticiasemdestaque.com\/cd\/wp-content\/uploads\/2017\/08\/Cronograma-Oficial-Enem-2017.jpg\",\"articleSection\":[\"Educa\u00e7\u00e3o\"],\"inLanguage\":\"pt-BR\"},{\"@type\":\"WebPage\",\"@id\":\"https:\/\/noticiasemdestaque.com\/cd\/?p=7441\",\"url\":\"https:\/\/noticiasemdestaque.com\/cd\/?p=7441\",\"name\":\"309 mil tiram zero na reda\u00e7\u00e3o do Enem e s\u00f3 53 participantes obt\u00eam nota m\u00e1xima - Not&iacute;cias em Destaque\",\"isPartOf\":{\"@id\":\"https:\/\/noticiasemdestaque.com\/cd\/#website\"},\"primaryImageOfPage\":{\"@id\":\"https:\/\/noticiasemdestaque.com\/cd\/?p=7441#primaryimage\"},\"image\":{\"@id\":\"https:\/\/noticiasemdestaque.com\/cd\/?p=7441#primaryimage\"},\"thumbnailUrl\":\"https:\/\/noticiasemdestaque.com\/cd\/wp-content\/uploads\/2017\/08\/Cronograma-Oficial-Enem-2017.jpg\",\"datePublished\":\"2018-01-18T21:04:24+00:00\",\"breadcrumb\":{\"@id\":\"https:\/\/noticiasemdestaque.com\/cd\/?p=7441#breadcrumb\"},\"inLanguage\":\"pt-BR\",\"potentialAction\":[{\"@type\":\"ReadAction\",\"target\":[\"https:\/\/noticiasemdestaque.com\/cd\/?p=7441\"]}]},{\"@type\":\"ImageObject\",\"inLanguage\":\"pt-BR\",\"@id\":\"https:\/\/noticiasemdestaque.com\/cd\/?p=7441#primaryimage\",\"url\":\"https:\/\/noticiasemdestaque.com\/cd\/wp-content\/uploads\/2017\/08\/Cronograma-Oficial-Enem-2017.jpg\",\"contentUrl\":\"https:\/\/noticiasemdestaque.com\/cd\/wp-content\/uploads\/2017\/08\/Cronograma-Oficial-Enem-2017.jpg\",\"width\":600,\"height\":258},{\"@type\":\"BreadcrumbList\",\"@id\":\"https:\/\/noticiasemdestaque.com\/cd\/?p=7441#breadcrumb\",\"itemListElement\":[{\"@type\":\"ListItem\",\"position\":1,\"name\":\"In\u00edcio\",\"item\":\"https:\/\/noticiasemdestaque.com\/cd\/\"},{\"@type\":\"ListItem\",\"position\":2,\"name\":\"309 mil tiram zero na reda\u00e7\u00e3o do Enem e s\u00f3 53 participantes obt\u00eam nota m\u00e1xima\"}]},{\"@type\":\"WebSite\",\"@id\":\"https:\/\/noticiasemdestaque.com\/cd\/#website\",\"url\":\"https:\/\/noticiasemdestaque.com\/cd\/\",\"name\":\"Not&iacute;cias em Destaque\",\"description\":\"\",\"publisher\":{\"@id\":\"https:\/\/noticiasemdestaque.com\/cd\/#organization\"},\"potentialAction\":[{\"@type\":\"SearchAction\",\"target\":{\"@type\":\"EntryPoint\",\"urlTemplate\":\"https:\/\/noticiasemdestaque.com\/cd\/?s={search_term_string}\"},\"query-input\":{\"@type\":\"PropertyValueSpecification\",\"valueRequired\":true,\"valueName\":\"search_term_string\"}}],\"inLanguage\":\"pt-BR\"},{\"@type\":\"Organization\",\"@id\":\"https:\/\/noticiasemdestaque.com\/cd\/#organization\",\"name\":\"Not\u00edcias em Destaque\",\"url\":\"https:\/\/noticiasemdestaque.com\/cd\/\",\"logo\":{\"@type\":\"ImageObject\",\"inLanguage\":\"pt-BR\",\"@id\":\"https:\/\/noticiasemdestaque.com\/cd\/#\/schema\/logo\/image\/\",\"url\":\"https:\/\/noticiasemdestaque.com\/cd\/wp-content\/uploads\/2022\/05\/imagem-base-noticiasemdestaque.png\",\"contentUrl\":\"https:\/\/noticiasemdestaque.com\/cd\/wp-content\/uploads\/2022\/05\/imagem-base-noticiasemdestaque.png\",\"width\":1200,\"height\":630,\"caption\":\"Not\u00edcias em Destaque\"},\"image\":{\"@id\":\"https:\/\/noticiasemdestaque.com\/cd\/#\/schema\/logo\/image\/\"}},{\"@type\":\"Person\",\"@id\":\"https:\/\/noticiasemdestaque.com\/cd\/#\/schema\/person\/4a81fb71f77579d059c3045891fa1786\",\"name\":\"Not\u00edcias em Destaque\",\"url\":\"https:\/\/noticiasemdestaque.com\/cd\/?author=2\"}]}<\/script>\n<!-- \/ Yoast SEO plugin. -->","yoast_head_json":{"title":"309 mil tiram zero na reda\u00e7\u00e3o do Enem e s\u00f3 53 participantes obt\u00eam nota m\u00e1xima - Not&iacute;cias em Destaque","robots":{"index":"index","follow":"follow","max-snippet":"max-snippet:-1","max-image-preview":"max-image-preview:large","max-video-preview":"max-video-preview:-1"},"canonical":"https:\/\/noticiasemdestaque.com\/cd\/?p=7441","og_locale":"pt_BR","og_type":"article","og_title":"309 mil tiram zero na reda\u00e7\u00e3o do Enem e s\u00f3 53 participantes obt\u00eam nota m\u00e1xima - Not&iacute;cias em Destaque","og_description":"As notas individuais do Exame Nacional do Ensino M\u00e9dio (Enem) foram divulgadas nesta manh\u00e3 de quarta-feira, 18. Ao mesmo tempo, o Minist\u00e9rio da Educa\u00e7\u00e3o (MEC) lan\u00e7ou dados dos participantes de todo o Brasil. Foram 309.157 mil notas zero e apenas 53 notas m\u00e1ximas na reda\u00e7\u00e3o. No ano anterior, a quantidade de anula\u00e7\u00f5es foi bem menor, de 84.236. De acordo com Mendon\u00e7a Filho, ministro da Educa\u00e7\u00e3o, a edi\u00e7\u00e3o de 2017 do Enem foi a mais bem-sucedida da hist\u00f3ria. O principal motivo para a anula\u00e7\u00e3o da reda\u00e7\u00e3o dos alunos foi a fuga do tema. Nesta ano, os participantes escreveram sobre educa\u00e7\u00e3o de surdos. Maria In\u00eas Fini, presidente Instituto Nacional de Estudos e Pesquisas Educacionais (Inep), afirma que em compara\u00e7\u00e3o com 2016, o n\u00famero de candidatos que fugiu do tema da reda\u00e7\u00e3o cresceu 5%. Entretanto, ela considera uma varia\u00e7\u00e3o normal, pois s\u00e3o \u201cgrupos diferentes de estudantes\u201d. As notas m\u00e1ximas tamb\u00e9m diminu\u00edram, em 2016 foram 77 estudantes com nota mil. Com a decis\u00e3o do Supremo Tribunal Federal (STF) no ano passado, ferir os direitos humanos no texto da prova n\u00e3o acarreta nota zero. Apesar disso, a falha ainda configura perda de pontos aos participantes. Nesta edi\u00e7\u00e3o, 205 pessoas desrespeitaram os direitos humanos. Para recorrer, os alunos dever\u00e3o esperar os \u201cespelhos das reda\u00e7\u00f5es\u201d, que ser\u00e3o divulgados no dia 19 de mar\u00e7o. Cariri em Destaque Reda\u00e7\u00e3o O POVO Online","og_url":"https:\/\/noticiasemdestaque.com\/cd\/?p=7441","og_site_name":"Not&iacute;cias em Destaque","article_published_time":"2018-01-18T21:04:24+00:00","og_image":[{"width":600,"height":258,"url":"https:\/\/noticiasemdestaque.com\/cd\/wp-content\/uploads\/2017\/08\/Cronograma-Oficial-Enem-2017.jpg","type":"image\/jpeg"}],"author":"Not\u00edcias em Destaque","twitter_card":"summary_large_image","twitter_misc":{"Escrito por":"Not\u00edcias em Destaque","Est. tempo de leitura":"1 minuto"},"schema":{"@context":"https:\/\/schema.org","@graph":[{"@type":"Article","@id":"https:\/\/noticiasemdestaque.com\/cd\/?p=7441#article","isPartOf":{"@id":"https:\/\/noticiasemdestaque.com\/cd\/?p=7441"},"author":{"name":"Not\u00edcias em Destaque","@id":"https:\/\/noticiasemdestaque.com\/cd\/#\/schema\/person\/4a81fb71f77579d059c3045891fa1786"},"headline":"309 mil tiram zero na reda\u00e7\u00e3o do Enem e s\u00f3 53 participantes obt\u00eam nota m\u00e1xima","datePublished":"2018-01-18T21:04:24+00:00","mainEntityOfPage":{"@id":"https:\/\/noticiasemdestaque.com\/cd\/?p=7441"},"wordCount":259,"publisher":{"@id":"https:\/\/noticiasemdestaque.com\/cd\/#organization"},"image":{"@id":"https:\/\/noticiasemdestaque.com\/cd\/?p=7441#primaryimage"},"thumbnailUrl":"https:\/\/noticiasemdestaque.com\/cd\/wp-content\/uploads\/2017\/08\/Cronograma-Oficial-Enem-2017.jpg","articleSection":["Educa\u00e7\u00e3o"],"inLanguage":"pt-BR"},{"@type":"WebPage","@id":"https:\/\/noticiasemdestaque.com\/cd\/?p=7441","url":"https:\/\/noticiasemdestaque.com\/cd\/?p=7441","name":"309 mil tiram zero na reda\u00e7\u00e3o do Enem e s\u00f3 53 participantes obt\u00eam nota m\u00e1xima - Not&iacute;cias em Destaque","isPartOf":{"@id":"https:\/\/noticiasemdestaque.com\/cd\/#website"},"primaryImageOfPage":{"@id":"https:\/\/noticiasemdestaque.com\/cd\/?p=7441#primaryimage"},"image":{"@id":"https:\/\/noticiasemdestaque.com\/cd\/?p=7441#primaryimage"},"thumbnailUrl":"https:\/\/noticiasemdestaque.com\/cd\/wp-content\/uploads\/2017\/08\/Cronograma-Oficial-Enem-2017.jpg","datePublished":"2018-01-18T21:04:24+00:00","breadcrumb":{"@id":"https:\/\/noticiasemdestaque.com\/cd\/?p=7441#breadcrumb"},"inLanguage":"pt-BR","potentialAction":[{"@type":"ReadAction","target":["https:\/\/noticiasemdestaque.com\/cd\/?p=7441"]}]},{"@type":"ImageObject","inLanguage":"pt-BR","@id":"https:\/\/noticiasemdestaque.com\/cd\/?p=7441#primaryimage","url":"https:\/\/noticiasemdestaque.com\/cd\/wp-content\/uploads\/2017\/08\/Cronograma-Oficial-Enem-2017.jpg","contentUrl":"https:\/\/noticiasemdestaque.com\/cd\/wp-content\/uploads\/2017\/08\/Cronograma-Oficial-Enem-2017.jpg","width":600,"height":258},{"@type":"BreadcrumbList","@id":"https:\/\/noticiasemdestaque.com\/cd\/?p=7441#breadcrumb","itemListElement":[{"@type":"ListItem","position":1,"name":"In\u00edcio","item":"https:\/\/noticiasemdestaque.com\/cd\/"},{"@type":"ListItem","position":2,"name":"309 mil tiram zero na reda\u00e7\u00e3o do Enem e s\u00f3 53 participantes obt\u00eam nota m\u00e1xima"}]},{"@type":"WebSite","@id":"https:\/\/noticiasemdestaque.com\/cd\/#website","url":"https:\/\/noticiasemdestaque.com\/cd\/","name":"Not&iacute;cias em Destaque","description":"","publisher":{"@id":"https:\/\/noticiasemdestaque.com\/cd\/#organization"},"potentialAction":[{"@type":"SearchAction","target":{"@type":"EntryPoint","urlTemplate":"https:\/\/noticiasemdestaque.com\/cd\/?s={search_term_string}"},"query-input":{"@type":"PropertyValueSpecification","valueRequired":true,"valueName":"search_term_string"}}],"inLanguage":"pt-BR"},{"@type":"Organization","@id":"https:\/\/noticiasemdestaque.com\/cd\/#organization","name":"Not\u00edcias em Destaque","url":"https:\/\/noticiasemdestaque.com\/cd\/","logo":{"@type":"ImageObject","inLanguage":"pt-BR","@id":"https:\/\/noticiasemdestaque.com\/cd\/#\/schema\/logo\/image\/","url":"https:\/\/noticiasemdestaque.com\/cd\/wp-content\/uploads\/2022\/05\/imagem-base-noticiasemdestaque.png","contentUrl":"https:\/\/noticiasemdestaque.com\/cd\/wp-content\/uploads\/2022\/05\/imagem-base-noticiasemdestaque.png","width":1200,"height":630,"caption":"Not\u00edcias em Destaque"},"image":{"@id":"https:\/\/noticiasemdestaque.com\/cd\/#\/schema\/logo\/image\/"}},{"@type":"Person","@id":"https:\/\/noticiasemdestaque.com\/cd\/#\/schema\/person\/4a81fb71f77579d059c3045891fa1786","name":"Not\u00edcias em Destaque","url":"https:\/\/noticiasemdestaque.com\/cd\/?author=2"}]}},"jetpack_featured_media_url":"https:\/\/noticiasemdestaque.com\/cd\/wp-content\/uploads\/2017\/08\/Cronograma-Oficial-Enem-2017.jpg","jetpack_sharing_enabled":true,"_links":{"self":[{"href":"https:\/\/noticiasemdestaque.com\/cd\/index.php?rest_route=\/wp\/v2\/posts\/7441","targetHints":{"allow":["GET"]}}],"collection":[{"href":"https:\/\/noticiasemdestaque.com\/cd\/index.php?rest_route=\/wp\/v2\/posts"}],"about":[{"href":"https:\/\/noticiasemdestaque.com\/cd\/index.php?rest_route=\/wp\/v2\/types\/post"}],"author":[{"embeddable":true,"href":"https:\/\/noticiasemdestaque.com\/cd\/index.php?rest_route=\/wp\/v2\/users\/2"}],"replies":[{"embeddable":true,"href":"https:\/\/noticiasemdestaque.com\/cd\/index.php?rest_route=%2Fwp%2Fv2%2Fcomments&post=7441"}],"version-history":[{"count":1,"href":"https:\/\/noticiasemdestaque.com\/cd\/index.php?rest_route=\/wp\/v2\/posts\/7441\/revisions"}],"predecessor-version":[{"id":7442,"href":"https:\/\/noticiasemdestaque.com\/cd\/index.php?rest_route=\/wp\/v2\/posts\/7441\/revisions\/7442"}],"wp:featuredmedia":[{"embeddable":true,"href":"https:\/\/noticiasemdestaque.com\/cd\/index.php?rest_route=\/wp\/v2\/media\/2531"}],"wp:attachment":[{"href":"https:\/\/noticiasemdestaque.com\/cd\/index.php?rest_route=%2Fwp%2Fv2%2Fmedia&parent=7441"}],"wp:term":[{"taxonomy":"category","embeddable":true,"href":"https:\/\/noticiasemdestaque.com\/cd\/index.php?rest_route=%2Fwp%2Fv2%2Fcategories&post=7441"},{"taxonomy":"post_tag","embeddable":true,"href":"https:\/\/noticiasemdestaque.com\/cd\/index.php?rest_route=%2Fwp%2Fv2%2Ftags&post=7441"}],"curies":[{"name":"wp","href":"https:\/\/api.w.org\/{rel}","templated":true}]}}