{"id":744,"date":"2017-06-21T13:28:52","date_gmt":"2017-06-21T16:28:52","guid":{"rendered":"http:\/\/caririemdestaque.com\/cd\/?p=744"},"modified":"2017-06-21T13:28:52","modified_gmt":"2017-06-21T16:28:52","slug":"universidade-particular-abre-selecao-de-20-vagas-para-professores","status":"publish","type":"post","link":"https:\/\/noticiasemdestaque.com\/cd\/?p=744","title":{"rendered":"Universidade particular abre sele\u00e7\u00e3o de 20 vagas para professores"},"content":{"rendered":"<p><a href=\"http:\/\/caririemdestaque.com\/cd\/wp-content\/uploads\/2017\/06\/nassau.jpg\"><img fetchpriority=\"high\" decoding=\"async\" class=\"size-medium wp-image-745 alignleft\" src=\"http:\/\/caririemdestaque.com\/cd\/wp-content\/uploads\/2017\/06\/nassau-300x200.jpg\" alt=\"\" width=\"300\" height=\"200\" srcset=\"https:\/\/noticiasemdestaque.com\/cd\/wp-content\/uploads\/2017\/06\/nassau-300x200.jpg 300w, https:\/\/noticiasemdestaque.com\/cd\/wp-content\/uploads\/2017\/06\/nassau-768x513.jpg 768w, https:\/\/noticiasemdestaque.com\/cd\/wp-content\/uploads\/2017\/06\/nassau-480x320.jpg 480w, https:\/\/noticiasemdestaque.com\/cd\/wp-content\/uploads\/2017\/06\/nassau.jpg 876w\" sizes=\"(max-width: 300px) 100vw, 300px\" \/><\/a>A UniNassau, unidade Campina Grande, abriu inscri\u00e7\u00f5es para o processo seletivo destinado ao preenchimento de 20 vagas para docentes nos cursos de Psicologia, Pedagogia, Jornalismo, Engenharia Mec\u00e2nica, Gastronomia, Engenharia El\u00e9trica, Engenharia Civil e Direito. Os interessados em candidatar-se a uma das vagas devem ter t\u00edtulo de doutorado no momento da inscri\u00e7\u00e3o.<\/p>\n<ul>\n<li><strong><a href=\"https:\/\/www.uninassau.edu.br\/sites\/mauriciodenassau.edu.br\/files\/documentos\/2017\/06\/edital_-_selecao_docente_2017.2.pdf\" target=\"true\">Confira o edital<\/a><\/strong><\/li>\n<\/ul>\n<p>O candidato deve ter disponibilidade para ministrar aulas no per\u00edodo noturno e\/ou diurno nos hor\u00e1rios estabelecidos pelas coordena\u00e7\u00f5es dos respectivos cursos, curr\u00edculo lattes atualizado e comprovado, contendo a rela\u00e7\u00e3o dos t\u00edtulos acad\u00eamicos, rela\u00e7\u00e3o de experi\u00eancias profissionais, atividades de doc\u00eancia superior e realiza\u00e7\u00f5es cient\u00edficas, t\u00e9cnicas, culturais, human\u00edsticas ou art\u00edsticas, al\u00e9m de p\u00f3s-gradua\u00e7\u00e3o na \u00e1rea da disciplina.<\/p>\n<p>Para participar da sele\u00e7\u00e3o o candidato dever\u00e1 enviar o Curr\u00edculo Lattes para os endere\u00e7os eletr\u00f4nicos das coordena\u00e7\u00f5es, indicando como assunto do e-mail a sele\u00e7\u00e3o para qual deseja se candidatar, at\u00e9 o dia 27 de junho de 2017, ocasi\u00e3o em que ser\u00e1 feito o arquivamento dos documentos no banco de dados da Institui\u00e7\u00e3o. Os candidatos n\u00e3o classificados no certame poder\u00e3o passar por um novo processo ao longo do semestre, em decorr\u00eancia da demanda.<\/p>\n<p>Ser\u00e1 realizada a an\u00e1lise do Curr\u00edculo Lattes, fase eliminat\u00f3ria, levando em considera\u00e7\u00e3o a forma\u00e7\u00e3o acad\u00eamica entre outros itens relevantes. E, ainda avalia\u00e7\u00e3o escrita, avalia\u00e7\u00e3o did\u00e1tico pedag\u00f3gica e entrevista classificat\u00f3ria. As disciplinas a serem ministradas variam nas cargas hor\u00e1rias de 40, 60, 80 e 120 horas, dependendo do curso e disciplina.<\/p>\n<p>A contrata\u00e7\u00e3o dos aprovados ser\u00e1 feita de acordo com a classifica\u00e7\u00e3o obtida, n\u00e3o h\u00e1 obrigatoriedade de contrata\u00e7\u00e3o de todos os classificados imediatamente. \u00c9 importante ressaltar que nenhum item impede a realiza\u00e7\u00e3o de um novo processo seletivo. Outras informa\u00e7\u00f5es pelo telefone\u00a0<a href=\"tel:(83)%202101-8918\">(83) 2101-8918<\/a>.<\/p>\n<p><em><strong>Cariri em Destaque<\/strong><\/em><\/p>\n<p>Fonte: ClickPB<\/p>\n","protected":false},"excerpt":{"rendered":"<p>A UniNassau, unidade Campina Grande, abriu inscri\u00e7\u00f5es para o processo seletivo destinado ao preenchimento de 20 vagas para docentes nos cursos de Psicologia, Pedagogia, Jornalismo, Engenharia Mec\u00e2nica, Gastronomia, Engenharia El\u00e9trica, Engenharia Civil e Direito. Os interessados em candidatar-se a uma das vagas devem ter t\u00edtulo de doutorado no momento da inscri\u00e7\u00e3o. Confira o edital O candidato deve ter disponibilidade para ministrar aulas no per\u00edodo noturno e\/ou diurno nos hor\u00e1rios estabelecidos pelas coordena\u00e7\u00f5es dos respectivos cursos, curr\u00edculo lattes atualizado e comprovado, contendo a rela\u00e7\u00e3o dos t\u00edtulos acad\u00eamicos, rela\u00e7\u00e3o de experi\u00eancias profissionais, atividades de doc\u00eancia superior e realiza\u00e7\u00f5es cient\u00edficas, t\u00e9cnicas, culturais, human\u00edsticas ou art\u00edsticas, al\u00e9m de p\u00f3s-gradua\u00e7\u00e3o na \u00e1rea da disciplina. Para participar da sele\u00e7\u00e3o o candidato dever\u00e1 enviar o Curr\u00edculo Lattes para os endere\u00e7os eletr\u00f4nicos das coordena\u00e7\u00f5es, indicando como assunto do e-mail a sele\u00e7\u00e3o para qual deseja se candidatar, at\u00e9 o dia 27 de junho de 2017, ocasi\u00e3o em que ser\u00e1 feito o arquivamento dos documentos no banco de dados da Institui\u00e7\u00e3o. Os candidatos n\u00e3o classificados no certame poder\u00e3o passar por um novo processo ao longo do semestre, em decorr\u00eancia da demanda. Ser\u00e1 realizada a an\u00e1lise do Curr\u00edculo Lattes, fase eliminat\u00f3ria, levando em considera\u00e7\u00e3o a forma\u00e7\u00e3o acad\u00eamica entre outros itens relevantes. E, ainda avalia\u00e7\u00e3o escrita, avalia\u00e7\u00e3o did\u00e1tico pedag\u00f3gica e entrevista classificat\u00f3ria. As disciplinas a serem ministradas variam nas cargas hor\u00e1rias de 40, 60, 80 e 120 horas, dependendo do curso e disciplina. A contrata\u00e7\u00e3o dos aprovados ser\u00e1 feita de acordo com a classifica\u00e7\u00e3o obtida, n\u00e3o h\u00e1 obrigatoriedade de contrata\u00e7\u00e3o de todos os classificados imediatamente. \u00c9 importante ressaltar que nenhum item impede a realiza\u00e7\u00e3o de um novo processo seletivo. Outras informa\u00e7\u00f5es pelo telefone\u00a0(83) 2101-8918. Cariri em Destaque Fonte: ClickPB<\/p>\n","protected":false},"author":2,"featured_media":745,"comment_status":"closed","ping_status":"open","sticky":false,"template":"","format":"standard","meta":{"_eb_attr":"","_jetpack_memberships_contains_paid_content":false,"footnotes":""},"categories":[6],"tags":[],"class_list":["post-744","post","type-post","status-publish","format-standard","has-post-thumbnail","hentry","category-educacao"],"yoast_head":"<!-- This site is optimized with the Yoast SEO plugin v26.5 - https:\/\/yoast.com\/wordpress\/plugins\/seo\/ -->\n<title>Universidade particular abre sele\u00e7\u00e3o de 20 vagas para professores - Not&iacute;cias em Destaque<\/title>\n<meta name=\"robots\" content=\"index, follow, max-snippet:-1, max-image-preview:large, max-video-preview:-1\" \/>\n<link rel=\"canonical\" href=\"https:\/\/noticiasemdestaque.com\/cd\/?p=744\" \/>\n<meta property=\"og:locale\" content=\"pt_BR\" \/>\n<meta property=\"og:type\" content=\"article\" \/>\n<meta property=\"og:title\" content=\"Universidade particular abre sele\u00e7\u00e3o de 20 vagas para professores - Not&iacute;cias em Destaque\" \/>\n<meta property=\"og:description\" content=\"A UniNassau, unidade Campina Grande, abriu inscri\u00e7\u00f5es para o processo seletivo destinado ao preenchimento de 20 vagas para docentes nos cursos de Psicologia, Pedagogia, Jornalismo, Engenharia Mec\u00e2nica, Gastronomia, Engenharia El\u00e9trica, Engenharia Civil e Direito. Os interessados em candidatar-se a uma das vagas devem ter t\u00edtulo de doutorado no momento da inscri\u00e7\u00e3o. Confira o edital O candidato deve ter disponibilidade para ministrar aulas no per\u00edodo noturno e\/ou diurno nos hor\u00e1rios estabelecidos pelas coordena\u00e7\u00f5es dos respectivos cursos, curr\u00edculo lattes atualizado e comprovado, contendo a rela\u00e7\u00e3o dos t\u00edtulos acad\u00eamicos, rela\u00e7\u00e3o de experi\u00eancias profissionais, atividades de doc\u00eancia superior e realiza\u00e7\u00f5es cient\u00edficas, t\u00e9cnicas, culturais, human\u00edsticas ou art\u00edsticas, al\u00e9m de p\u00f3s-gradua\u00e7\u00e3o na \u00e1rea da disciplina. Para participar da sele\u00e7\u00e3o o candidato dever\u00e1 enviar o Curr\u00edculo Lattes para os endere\u00e7os eletr\u00f4nicos das coordena\u00e7\u00f5es, indicando como assunto do e-mail a sele\u00e7\u00e3o para qual deseja se candidatar, at\u00e9 o dia 27 de junho de 2017, ocasi\u00e3o em que ser\u00e1 feito o arquivamento dos documentos no banco de dados da Institui\u00e7\u00e3o. Os candidatos n\u00e3o classificados no certame poder\u00e3o passar por um novo processo ao longo do semestre, em decorr\u00eancia da demanda. Ser\u00e1 realizada a an\u00e1lise do Curr\u00edculo Lattes, fase eliminat\u00f3ria, levando em considera\u00e7\u00e3o a forma\u00e7\u00e3o acad\u00eamica entre outros itens relevantes. E, ainda avalia\u00e7\u00e3o escrita, avalia\u00e7\u00e3o did\u00e1tico pedag\u00f3gica e entrevista classificat\u00f3ria. As disciplinas a serem ministradas variam nas cargas hor\u00e1rias de 40, 60, 80 e 120 horas, dependendo do curso e disciplina. A contrata\u00e7\u00e3o dos aprovados ser\u00e1 feita de acordo com a classifica\u00e7\u00e3o obtida, n\u00e3o h\u00e1 obrigatoriedade de contrata\u00e7\u00e3o de todos os classificados imediatamente. \u00c9 importante ressaltar que nenhum item impede a realiza\u00e7\u00e3o de um novo processo seletivo. Outras informa\u00e7\u00f5es pelo telefone\u00a0(83) 2101-8918. Cariri em Destaque Fonte: ClickPB\" \/>\n<meta property=\"og:url\" content=\"https:\/\/noticiasemdestaque.com\/cd\/?p=744\" \/>\n<meta property=\"og:site_name\" content=\"Not&iacute;cias em Destaque\" \/>\n<meta property=\"article:published_time\" content=\"2017-06-21T16:28:52+00:00\" \/>\n<meta property=\"og:image\" content=\"https:\/\/noticiasemdestaque.com\/cd\/wp-content\/uploads\/2017\/06\/nassau.jpg\" \/>\n\t<meta property=\"og:image:width\" content=\"876\" \/>\n\t<meta property=\"og:image:height\" content=\"585\" \/>\n\t<meta property=\"og:image:type\" content=\"image\/jpeg\" \/>\n<meta name=\"author\" content=\"Not\u00edcias em Destaque\" \/>\n<meta name=\"twitter:card\" content=\"summary_large_image\" \/>\n<meta name=\"twitter:label1\" content=\"Escrito por\" \/>\n\t<meta name=\"twitter:data1\" content=\"Not\u00edcias em Destaque\" \/>\n\t<meta name=\"twitter:label2\" content=\"Est. tempo de leitura\" \/>\n\t<meta name=\"twitter:data2\" content=\"2 minutos\" \/>\n<script type=\"application\/ld+json\" class=\"yoast-schema-graph\">{\"@context\":\"https:\/\/schema.org\",\"@graph\":[{\"@type\":\"Article\",\"@id\":\"https:\/\/noticiasemdestaque.com\/cd\/?p=744#article\",\"isPartOf\":{\"@id\":\"https:\/\/noticiasemdestaque.com\/cd\/?p=744\"},\"author\":{\"name\":\"Not\u00edcias em Destaque\",\"@id\":\"https:\/\/noticiasemdestaque.com\/cd\/#\/schema\/person\/47f7d4f55eec17c6b2ca036c5500f6ce\"},\"headline\":\"Universidade particular abre sele\u00e7\u00e3o de 20 vagas para professores\",\"datePublished\":\"2017-06-21T16:28:52+00:00\",\"mainEntityOfPage\":{\"@id\":\"https:\/\/noticiasemdestaque.com\/cd\/?p=744\"},\"wordCount\":331,\"publisher\":{\"@id\":\"https:\/\/noticiasemdestaque.com\/cd\/#organization\"},\"image\":{\"@id\":\"https:\/\/noticiasemdestaque.com\/cd\/?p=744#primaryimage\"},\"thumbnailUrl\":\"https:\/\/noticiasemdestaque.com\/cd\/wp-content\/uploads\/2017\/06\/nassau.jpg\",\"articleSection\":[\"Educa\u00e7\u00e3o\"],\"inLanguage\":\"pt-BR\"},{\"@type\":\"WebPage\",\"@id\":\"https:\/\/noticiasemdestaque.com\/cd\/?p=744\",\"url\":\"https:\/\/noticiasemdestaque.com\/cd\/?p=744\",\"name\":\"Universidade particular abre sele\u00e7\u00e3o de 20 vagas para professores - Not&iacute;cias em Destaque\",\"isPartOf\":{\"@id\":\"https:\/\/noticiasemdestaque.com\/cd\/#website\"},\"primaryImageOfPage\":{\"@id\":\"https:\/\/noticiasemdestaque.com\/cd\/?p=744#primaryimage\"},\"image\":{\"@id\":\"https:\/\/noticiasemdestaque.com\/cd\/?p=744#primaryimage\"},\"thumbnailUrl\":\"https:\/\/noticiasemdestaque.com\/cd\/wp-content\/uploads\/2017\/06\/nassau.jpg\",\"datePublished\":\"2017-06-21T16:28:52+00:00\",\"breadcrumb\":{\"@id\":\"https:\/\/noticiasemdestaque.com\/cd\/?p=744#breadcrumb\"},\"inLanguage\":\"pt-BR\",\"potentialAction\":[{\"@type\":\"ReadAction\",\"target\":[\"https:\/\/noticiasemdestaque.com\/cd\/?p=744\"]}]},{\"@type\":\"ImageObject\",\"inLanguage\":\"pt-BR\",\"@id\":\"https:\/\/noticiasemdestaque.com\/cd\/?p=744#primaryimage\",\"url\":\"https:\/\/noticiasemdestaque.com\/cd\/wp-content\/uploads\/2017\/06\/nassau.jpg\",\"contentUrl\":\"https:\/\/noticiasemdestaque.com\/cd\/wp-content\/uploads\/2017\/06\/nassau.jpg\",\"width\":876,\"height\":585},{\"@type\":\"BreadcrumbList\",\"@id\":\"https:\/\/noticiasemdestaque.com\/cd\/?p=744#breadcrumb\",\"itemListElement\":[{\"@type\":\"ListItem\",\"position\":1,\"name\":\"In\u00edcio\",\"item\":\"https:\/\/noticiasemdestaque.com\/cd\/\"},{\"@type\":\"ListItem\",\"position\":2,\"name\":\"Universidade particular abre sele\u00e7\u00e3o de 20 vagas para professores\"}]},{\"@type\":\"WebSite\",\"@id\":\"https:\/\/noticiasemdestaque.com\/cd\/#website\",\"url\":\"https:\/\/noticiasemdestaque.com\/cd\/\",\"name\":\"Not&iacute;cias em Destaque\",\"description\":\"\",\"publisher\":{\"@id\":\"https:\/\/noticiasemdestaque.com\/cd\/#organization\"},\"potentialAction\":[{\"@type\":\"SearchAction\",\"target\":{\"@type\":\"EntryPoint\",\"urlTemplate\":\"https:\/\/noticiasemdestaque.com\/cd\/?s={search_term_string}\"},\"query-input\":{\"@type\":\"PropertyValueSpecification\",\"valueRequired\":true,\"valueName\":\"search_term_string\"}}],\"inLanguage\":\"pt-BR\"},{\"@type\":\"Organization\",\"@id\":\"https:\/\/noticiasemdestaque.com\/cd\/#organization\",\"name\":\"Not\u00edcias em Destaque\",\"url\":\"https:\/\/noticiasemdestaque.com\/cd\/\",\"logo\":{\"@type\":\"ImageObject\",\"inLanguage\":\"pt-BR\",\"@id\":\"https:\/\/noticiasemdestaque.com\/cd\/#\/schema\/logo\/image\/\",\"url\":\"https:\/\/noticiasemdestaque.com\/cd\/wp-content\/uploads\/2022\/05\/imagem-base-noticiasemdestaque.png\",\"contentUrl\":\"https:\/\/noticiasemdestaque.com\/cd\/wp-content\/uploads\/2022\/05\/imagem-base-noticiasemdestaque.png\",\"width\":1200,\"height\":630,\"caption\":\"Not\u00edcias em Destaque\"},\"image\":{\"@id\":\"https:\/\/noticiasemdestaque.com\/cd\/#\/schema\/logo\/image\/\"}},{\"@type\":\"Person\",\"@id\":\"https:\/\/noticiasemdestaque.com\/cd\/#\/schema\/person\/47f7d4f55eec17c6b2ca036c5500f6ce\",\"name\":\"Not\u00edcias em Destaque\",\"url\":\"https:\/\/noticiasemdestaque.com\/cd\/?author=2\"}]}<\/script>\n<!-- \/ Yoast SEO plugin. -->","yoast_head_json":{"title":"Universidade particular abre sele\u00e7\u00e3o de 20 vagas para professores - Not&iacute;cias em Destaque","robots":{"index":"index","follow":"follow","max-snippet":"max-snippet:-1","max-image-preview":"max-image-preview:large","max-video-preview":"max-video-preview:-1"},"canonical":"https:\/\/noticiasemdestaque.com\/cd\/?p=744","og_locale":"pt_BR","og_type":"article","og_title":"Universidade particular abre sele\u00e7\u00e3o de 20 vagas para professores - Not&iacute;cias em Destaque","og_description":"A UniNassau, unidade Campina Grande, abriu inscri\u00e7\u00f5es para o processo seletivo destinado ao preenchimento de 20 vagas para docentes nos cursos de Psicologia, Pedagogia, Jornalismo, Engenharia Mec\u00e2nica, Gastronomia, Engenharia El\u00e9trica, Engenharia Civil e Direito. Os interessados em candidatar-se a uma das vagas devem ter t\u00edtulo de doutorado no momento da inscri\u00e7\u00e3o. Confira o edital O candidato deve ter disponibilidade para ministrar aulas no per\u00edodo noturno e\/ou diurno nos hor\u00e1rios estabelecidos pelas coordena\u00e7\u00f5es dos respectivos cursos, curr\u00edculo lattes atualizado e comprovado, contendo a rela\u00e7\u00e3o dos t\u00edtulos acad\u00eamicos, rela\u00e7\u00e3o de experi\u00eancias profissionais, atividades de doc\u00eancia superior e realiza\u00e7\u00f5es cient\u00edficas, t\u00e9cnicas, culturais, human\u00edsticas ou art\u00edsticas, al\u00e9m de p\u00f3s-gradua\u00e7\u00e3o na \u00e1rea da disciplina. Para participar da sele\u00e7\u00e3o o candidato dever\u00e1 enviar o Curr\u00edculo Lattes para os endere\u00e7os eletr\u00f4nicos das coordena\u00e7\u00f5es, indicando como assunto do e-mail a sele\u00e7\u00e3o para qual deseja se candidatar, at\u00e9 o dia 27 de junho de 2017, ocasi\u00e3o em que ser\u00e1 feito o arquivamento dos documentos no banco de dados da Institui\u00e7\u00e3o. Os candidatos n\u00e3o classificados no certame poder\u00e3o passar por um novo processo ao longo do semestre, em decorr\u00eancia da demanda. Ser\u00e1 realizada a an\u00e1lise do Curr\u00edculo Lattes, fase eliminat\u00f3ria, levando em considera\u00e7\u00e3o a forma\u00e7\u00e3o acad\u00eamica entre outros itens relevantes. E, ainda avalia\u00e7\u00e3o escrita, avalia\u00e7\u00e3o did\u00e1tico pedag\u00f3gica e entrevista classificat\u00f3ria. As disciplinas a serem ministradas variam nas cargas hor\u00e1rias de 40, 60, 80 e 120 horas, dependendo do curso e disciplina. A contrata\u00e7\u00e3o dos aprovados ser\u00e1 feita de acordo com a classifica\u00e7\u00e3o obtida, n\u00e3o h\u00e1 obrigatoriedade de contrata\u00e7\u00e3o de todos os classificados imediatamente. \u00c9 importante ressaltar que nenhum item impede a realiza\u00e7\u00e3o de um novo processo seletivo. Outras informa\u00e7\u00f5es pelo telefone\u00a0(83) 2101-8918. Cariri em Destaque Fonte: ClickPB","og_url":"https:\/\/noticiasemdestaque.com\/cd\/?p=744","og_site_name":"Not&iacute;cias em Destaque","article_published_time":"2017-06-21T16:28:52+00:00","og_image":[{"width":876,"height":585,"url":"https:\/\/noticiasemdestaque.com\/cd\/wp-content\/uploads\/2017\/06\/nassau.jpg","type":"image\/jpeg"}],"author":"Not\u00edcias em Destaque","twitter_card":"summary_large_image","twitter_misc":{"Escrito por":"Not\u00edcias em Destaque","Est. tempo de leitura":"2 minutos"},"schema":{"@context":"https:\/\/schema.org","@graph":[{"@type":"Article","@id":"https:\/\/noticiasemdestaque.com\/cd\/?p=744#article","isPartOf":{"@id":"https:\/\/noticiasemdestaque.com\/cd\/?p=744"},"author":{"name":"Not\u00edcias em Destaque","@id":"https:\/\/noticiasemdestaque.com\/cd\/#\/schema\/person\/47f7d4f55eec17c6b2ca036c5500f6ce"},"headline":"Universidade particular abre sele\u00e7\u00e3o de 20 vagas para professores","datePublished":"2017-06-21T16:28:52+00:00","mainEntityOfPage":{"@id":"https:\/\/noticiasemdestaque.com\/cd\/?p=744"},"wordCount":331,"publisher":{"@id":"https:\/\/noticiasemdestaque.com\/cd\/#organization"},"image":{"@id":"https:\/\/noticiasemdestaque.com\/cd\/?p=744#primaryimage"},"thumbnailUrl":"https:\/\/noticiasemdestaque.com\/cd\/wp-content\/uploads\/2017\/06\/nassau.jpg","articleSection":["Educa\u00e7\u00e3o"],"inLanguage":"pt-BR"},{"@type":"WebPage","@id":"https:\/\/noticiasemdestaque.com\/cd\/?p=744","url":"https:\/\/noticiasemdestaque.com\/cd\/?p=744","name":"Universidade particular abre sele\u00e7\u00e3o de 20 vagas para professores - Not&iacute;cias em Destaque","isPartOf":{"@id":"https:\/\/noticiasemdestaque.com\/cd\/#website"},"primaryImageOfPage":{"@id":"https:\/\/noticiasemdestaque.com\/cd\/?p=744#primaryimage"},"image":{"@id":"https:\/\/noticiasemdestaque.com\/cd\/?p=744#primaryimage"},"thumbnailUrl":"https:\/\/noticiasemdestaque.com\/cd\/wp-content\/uploads\/2017\/06\/nassau.jpg","datePublished":"2017-06-21T16:28:52+00:00","breadcrumb":{"@id":"https:\/\/noticiasemdestaque.com\/cd\/?p=744#breadcrumb"},"inLanguage":"pt-BR","potentialAction":[{"@type":"ReadAction","target":["https:\/\/noticiasemdestaque.com\/cd\/?p=744"]}]},{"@type":"ImageObject","inLanguage":"pt-BR","@id":"https:\/\/noticiasemdestaque.com\/cd\/?p=744#primaryimage","url":"https:\/\/noticiasemdestaque.com\/cd\/wp-content\/uploads\/2017\/06\/nassau.jpg","contentUrl":"https:\/\/noticiasemdestaque.com\/cd\/wp-content\/uploads\/2017\/06\/nassau.jpg","width":876,"height":585},{"@type":"BreadcrumbList","@id":"https:\/\/noticiasemdestaque.com\/cd\/?p=744#breadcrumb","itemListElement":[{"@type":"ListItem","position":1,"name":"In\u00edcio","item":"https:\/\/noticiasemdestaque.com\/cd\/"},{"@type":"ListItem","position":2,"name":"Universidade particular abre sele\u00e7\u00e3o de 20 vagas para professores"}]},{"@type":"WebSite","@id":"https:\/\/noticiasemdestaque.com\/cd\/#website","url":"https:\/\/noticiasemdestaque.com\/cd\/","name":"Not&iacute;cias em Destaque","description":"","publisher":{"@id":"https:\/\/noticiasemdestaque.com\/cd\/#organization"},"potentialAction":[{"@type":"SearchAction","target":{"@type":"EntryPoint","urlTemplate":"https:\/\/noticiasemdestaque.com\/cd\/?s={search_term_string}"},"query-input":{"@type":"PropertyValueSpecification","valueRequired":true,"valueName":"search_term_string"}}],"inLanguage":"pt-BR"},{"@type":"Organization","@id":"https:\/\/noticiasemdestaque.com\/cd\/#organization","name":"Not\u00edcias em Destaque","url":"https:\/\/noticiasemdestaque.com\/cd\/","logo":{"@type":"ImageObject","inLanguage":"pt-BR","@id":"https:\/\/noticiasemdestaque.com\/cd\/#\/schema\/logo\/image\/","url":"https:\/\/noticiasemdestaque.com\/cd\/wp-content\/uploads\/2022\/05\/imagem-base-noticiasemdestaque.png","contentUrl":"https:\/\/noticiasemdestaque.com\/cd\/wp-content\/uploads\/2022\/05\/imagem-base-noticiasemdestaque.png","width":1200,"height":630,"caption":"Not\u00edcias em Destaque"},"image":{"@id":"https:\/\/noticiasemdestaque.com\/cd\/#\/schema\/logo\/image\/"}},{"@type":"Person","@id":"https:\/\/noticiasemdestaque.com\/cd\/#\/schema\/person\/47f7d4f55eec17c6b2ca036c5500f6ce","name":"Not\u00edcias em Destaque","url":"https:\/\/noticiasemdestaque.com\/cd\/?author=2"}]}},"jetpack_featured_media_url":"https:\/\/noticiasemdestaque.com\/cd\/wp-content\/uploads\/2017\/06\/nassau.jpg","jetpack_sharing_enabled":true,"_links":{"self":[{"href":"https:\/\/noticiasemdestaque.com\/cd\/index.php?rest_route=\/wp\/v2\/posts\/744","targetHints":{"allow":["GET"]}}],"collection":[{"href":"https:\/\/noticiasemdestaque.com\/cd\/index.php?rest_route=\/wp\/v2\/posts"}],"about":[{"href":"https:\/\/noticiasemdestaque.com\/cd\/index.php?rest_route=\/wp\/v2\/types\/post"}],"author":[{"embeddable":true,"href":"https:\/\/noticiasemdestaque.com\/cd\/index.php?rest_route=\/wp\/v2\/users\/2"}],"replies":[{"embeddable":true,"href":"https:\/\/noticiasemdestaque.com\/cd\/index.php?rest_route=%2Fwp%2Fv2%2Fcomments&post=744"}],"version-history":[{"count":1,"href":"https:\/\/noticiasemdestaque.com\/cd\/index.php?rest_route=\/wp\/v2\/posts\/744\/revisions"}],"predecessor-version":[{"id":746,"href":"https:\/\/noticiasemdestaque.com\/cd\/index.php?rest_route=\/wp\/v2\/posts\/744\/revisions\/746"}],"wp:featuredmedia":[{"embeddable":true,"href":"https:\/\/noticiasemdestaque.com\/cd\/index.php?rest_route=\/wp\/v2\/media\/745"}],"wp:attachment":[{"href":"https:\/\/noticiasemdestaque.com\/cd\/index.php?rest_route=%2Fwp%2Fv2%2Fmedia&parent=744"}],"wp:term":[{"taxonomy":"category","embeddable":true,"href":"https:\/\/noticiasemdestaque.com\/cd\/index.php?rest_route=%2Fwp%2Fv2%2Fcategories&post=744"},{"taxonomy":"post_tag","embeddable":true,"href":"https:\/\/noticiasemdestaque.com\/cd\/index.php?rest_route=%2Fwp%2Fv2%2Ftags&post=744"}],"curies":[{"name":"wp","href":"https:\/\/api.w.org\/{rel}","templated":true}]}}