{"id":740,"date":"2017-06-21T13:26:40","date_gmt":"2017-06-21T16:26:40","guid":{"rendered":"http:\/\/caririemdestaque.com\/cd\/?p=740"},"modified":"2017-06-21T13:27:10","modified_gmt":"2017-06-21T16:27:10","slug":"comecam-inscricoes-para-mais-de-tres-mil-vagas-em-cursos-tecnicos-para-estudantes-de-ensino-medio","status":"publish","type":"post","link":"https:\/\/noticiasemdestaque.com\/cd\/?p=740","title":{"rendered":"Come\u00e7am inscri\u00e7\u00f5es para mais de tr\u00eas mil vagas em cursos t\u00e9cnicos para estudantes de Ensino M\u00e9dio"},"content":{"rendered":"<figure id=\"attachment_741\" aria-describedby=\"caption-attachment-741\" style=\"width: 300px\" class=\"wp-caption alignleft\"><a href=\"http:\/\/caririemdestaque.com\/cd\/wp-content\/uploads\/2017\/06\/ricardo_coutinho_walla_santos.jpg\"><img fetchpriority=\"high\" decoding=\"async\" class=\"wp-image-741 size-medium\" src=\"http:\/\/caririemdestaque.com\/cd\/wp-content\/uploads\/2017\/06\/ricardo_coutinho_walla_santos-300x200.jpg\" alt=\"\" width=\"300\" height=\"200\" srcset=\"https:\/\/noticiasemdestaque.com\/cd\/wp-content\/uploads\/2017\/06\/ricardo_coutinho_walla_santos-300x200.jpg 300w, https:\/\/noticiasemdestaque.com\/cd\/wp-content\/uploads\/2017\/06\/ricardo_coutinho_walla_santos-768x513.jpg 768w, https:\/\/noticiasemdestaque.com\/cd\/wp-content\/uploads\/2017\/06\/ricardo_coutinho_walla_santos-480x320.jpg 480w, https:\/\/noticiasemdestaque.com\/cd\/wp-content\/uploads\/2017\/06\/ricardo_coutinho_walla_santos.jpg 876w\" sizes=\"(max-width: 300px) 100vw, 300px\" \/><\/a><figcaption id=\"caption-attachment-741\" class=\"wp-caption-text\">Ricardo Coutinho ainda ressaltou que os cursos s\u00e3o disponibilizados em \u00e1reas diversas (Foto: Walla Santos)<\/figcaption><\/figure>\n<p><a href=\"http:\/\/caririemdestaque.com\/cd\/wp-content\/uploads\/2017\/06\/ricardo_coutinho_walla_santos.jpg\"><\/a>As inscri\u00e7\u00f5es em mais de tr\u00eas mil vagas em 25 cursos t\u00e9cnicos para estudantes do ensino M\u00e9dio em toda a Para\u00edba come\u00e7am nesta quinta-feira (22). Ao todo, a oferta abrange 22 cidades em todas as regi\u00f5es da Para\u00edba.<\/p>\n<p>O Programa MedioTec foi lan\u00e7ado na manh\u00e3 desta quarta-feira (21) na Escola Alice Carneiro, em Jo\u00e3o Pessoa pelo governador Ricardo Coutinho, que destacou a oferta de vagas em Cursos T\u00e9cnicos concomitantes ao Ensino M\u00e9dio como mais uma oportunidade de qualifica\u00e7\u00e3o oferecida aos estudantes.<\/p>\n<p>As aulas dos cursos t\u00e9cnicos devem come\u00e7ar j\u00e1 no m\u00eas de agosto. A carga hor\u00e1ria total dos cursos varia entre 800 a 1.200 horas e pode ter dura\u00e7\u00e3o de um a dois anos e meio. Os cursos ser\u00e3o oferecidos em parceria com institui\u00e7\u00f5es p\u00fablicas e privadas, como o IFPB, UFPB, Funetec, Unepi e Redentorista.<\/p>\n<p>De acordo com o governador Ricardo Coutinho, \u201ca ideia \u00e9 que a gente realmente incorpore no fazer da educa\u00e7\u00e3o p\u00fablica a preocupa\u00e7\u00e3o cada vez crescente e a oferta cada vez mais crescente com a quest\u00e3o da educa\u00e7\u00e3o profissional t\u00e9cnica\u201d. Ele ainda lembrou que, incialmente est\u00e3o sendo disponibilizadas 3.043 vagas de imediato e na segunda etapa ser\u00e3o oferecidas mais 900 vagas.<\/p>\n","protected":false},"excerpt":{"rendered":"<p>As inscri\u00e7\u00f5es em mais de tr\u00eas mil vagas em 25 cursos t\u00e9cnicos para estudantes do ensino M\u00e9dio em toda a Para\u00edba come\u00e7am nesta quinta-feira (22). Ao todo, a oferta abrange 22 cidades em todas as regi\u00f5es da Para\u00edba. O Programa MedioTec foi lan\u00e7ado na manh\u00e3 desta quarta-feira (21) na Escola Alice Carneiro, em Jo\u00e3o Pessoa pelo governador Ricardo Coutinho, que destacou a oferta de vagas em Cursos T\u00e9cnicos concomitantes ao Ensino M\u00e9dio como mais uma oportunidade de qualifica\u00e7\u00e3o oferecida aos estudantes. As aulas dos cursos t\u00e9cnicos devem come\u00e7ar j\u00e1 no m\u00eas de agosto. A carga hor\u00e1ria total dos cursos varia entre 800 a 1.200 horas e pode ter dura\u00e7\u00e3o de um a dois anos e meio. Os cursos ser\u00e3o oferecidos em parceria com institui\u00e7\u00f5es p\u00fablicas e privadas, como o IFPB, UFPB, Funetec, Unepi e Redentorista. De acordo com o governador Ricardo Coutinho, \u201ca ideia \u00e9 que a gente realmente incorpore no fazer da educa\u00e7\u00e3o p\u00fablica a preocupa\u00e7\u00e3o cada vez crescente e a oferta cada vez mais crescente com a quest\u00e3o da educa\u00e7\u00e3o profissional t\u00e9cnica\u201d. Ele ainda lembrou que, incialmente est\u00e3o sendo disponibilizadas 3.043 vagas de imediato e na segunda etapa ser\u00e3o oferecidas mais 900 vagas.<\/p>\n","protected":false},"author":2,"featured_media":741,"comment_status":"closed","ping_status":"open","sticky":false,"template":"","format":"standard","meta":{"_eb_attr":"","_jetpack_memberships_contains_paid_content":false,"footnotes":""},"categories":[6],"tags":[],"class_list":["post-740","post","type-post","status-publish","format-standard","has-post-thumbnail","hentry","category-educacao"],"yoast_head":"<!-- This site is optimized with the Yoast SEO plugin v26.5 - https:\/\/yoast.com\/wordpress\/plugins\/seo\/ -->\n<title>Come\u00e7am inscri\u00e7\u00f5es para mais de tr\u00eas mil vagas em cursos t\u00e9cnicos para estudantes de Ensino M\u00e9dio - Not&iacute;cias em Destaque<\/title>\n<meta name=\"robots\" content=\"index, follow, max-snippet:-1, max-image-preview:large, max-video-preview:-1\" \/>\n<link rel=\"canonical\" href=\"https:\/\/noticiasemdestaque.com\/cd\/?p=740\" \/>\n<meta property=\"og:locale\" content=\"pt_BR\" \/>\n<meta property=\"og:type\" content=\"article\" \/>\n<meta property=\"og:title\" content=\"Come\u00e7am inscri\u00e7\u00f5es para mais de tr\u00eas mil vagas em cursos t\u00e9cnicos para estudantes de Ensino M\u00e9dio - Not&iacute;cias em Destaque\" \/>\n<meta property=\"og:description\" content=\"As inscri\u00e7\u00f5es em mais de tr\u00eas mil vagas em 25 cursos t\u00e9cnicos para estudantes do ensino M\u00e9dio em toda a Para\u00edba come\u00e7am nesta quinta-feira (22). Ao todo, a oferta abrange 22 cidades em todas as regi\u00f5es da Para\u00edba. O Programa MedioTec foi lan\u00e7ado na manh\u00e3 desta quarta-feira (21) na Escola Alice Carneiro, em Jo\u00e3o Pessoa pelo governador Ricardo Coutinho, que destacou a oferta de vagas em Cursos T\u00e9cnicos concomitantes ao Ensino M\u00e9dio como mais uma oportunidade de qualifica\u00e7\u00e3o oferecida aos estudantes. As aulas dos cursos t\u00e9cnicos devem come\u00e7ar j\u00e1 no m\u00eas de agosto. A carga hor\u00e1ria total dos cursos varia entre 800 a 1.200 horas e pode ter dura\u00e7\u00e3o de um a dois anos e meio. Os cursos ser\u00e3o oferecidos em parceria com institui\u00e7\u00f5es p\u00fablicas e privadas, como o IFPB, UFPB, Funetec, Unepi e Redentorista. De acordo com o governador Ricardo Coutinho, \u201ca ideia \u00e9 que a gente realmente incorpore no fazer da educa\u00e7\u00e3o p\u00fablica a preocupa\u00e7\u00e3o cada vez crescente e a oferta cada vez mais crescente com a quest\u00e3o da educa\u00e7\u00e3o profissional t\u00e9cnica\u201d. Ele ainda lembrou que, incialmente est\u00e3o sendo disponibilizadas 3.043 vagas de imediato e na segunda etapa ser\u00e3o oferecidas mais 900 vagas.\" \/>\n<meta property=\"og:url\" content=\"https:\/\/noticiasemdestaque.com\/cd\/?p=740\" \/>\n<meta property=\"og:site_name\" content=\"Not&iacute;cias em Destaque\" \/>\n<meta property=\"article:published_time\" content=\"2017-06-21T16:26:40+00:00\" \/>\n<meta property=\"article:modified_time\" content=\"2017-06-21T16:27:10+00:00\" \/>\n<meta property=\"og:image\" content=\"https:\/\/noticiasemdestaque.com\/cd\/wp-content\/uploads\/2017\/06\/ricardo_coutinho_walla_santos.jpg\" \/>\n\t<meta property=\"og:image:width\" content=\"876\" \/>\n\t<meta property=\"og:image:height\" content=\"585\" \/>\n\t<meta property=\"og:image:type\" content=\"image\/jpeg\" \/>\n<meta name=\"author\" content=\"Not\u00edcias em Destaque\" \/>\n<meta name=\"twitter:card\" content=\"summary_large_image\" \/>\n<meta name=\"twitter:label1\" content=\"Escrito por\" \/>\n\t<meta name=\"twitter:data1\" content=\"Not\u00edcias em Destaque\" \/>\n\t<meta name=\"twitter:label2\" content=\"Est. tempo de leitura\" \/>\n\t<meta name=\"twitter:data2\" content=\"1 minuto\" \/>\n<script type=\"application\/ld+json\" class=\"yoast-schema-graph\">{\"@context\":\"https:\/\/schema.org\",\"@graph\":[{\"@type\":\"Article\",\"@id\":\"https:\/\/noticiasemdestaque.com\/cd\/?p=740#article\",\"isPartOf\":{\"@id\":\"https:\/\/noticiasemdestaque.com\/cd\/?p=740\"},\"author\":{\"name\":\"Not\u00edcias em Destaque\",\"@id\":\"https:\/\/noticiasemdestaque.com\/cd\/#\/schema\/person\/47f7d4f55eec17c6b2ca036c5500f6ce\"},\"headline\":\"Come\u00e7am inscri\u00e7\u00f5es para mais de tr\u00eas mil vagas em cursos t\u00e9cnicos para estudantes de Ensino M\u00e9dio\",\"datePublished\":\"2017-06-21T16:26:40+00:00\",\"dateModified\":\"2017-06-21T16:27:10+00:00\",\"mainEntityOfPage\":{\"@id\":\"https:\/\/noticiasemdestaque.com\/cd\/?p=740\"},\"wordCount\":259,\"publisher\":{\"@id\":\"https:\/\/noticiasemdestaque.com\/cd\/#organization\"},\"image\":{\"@id\":\"https:\/\/noticiasemdestaque.com\/cd\/?p=740#primaryimage\"},\"thumbnailUrl\":\"https:\/\/noticiasemdestaque.com\/cd\/wp-content\/uploads\/2017\/06\/ricardo_coutinho_walla_santos.jpg\",\"articleSection\":[\"Educa\u00e7\u00e3o\"],\"inLanguage\":\"pt-BR\"},{\"@type\":\"WebPage\",\"@id\":\"https:\/\/noticiasemdestaque.com\/cd\/?p=740\",\"url\":\"https:\/\/noticiasemdestaque.com\/cd\/?p=740\",\"name\":\"Come\u00e7am inscri\u00e7\u00f5es para mais de tr\u00eas mil vagas em cursos t\u00e9cnicos para estudantes de Ensino M\u00e9dio - Not&iacute;cias em Destaque\",\"isPartOf\":{\"@id\":\"https:\/\/noticiasemdestaque.com\/cd\/#website\"},\"primaryImageOfPage\":{\"@id\":\"https:\/\/noticiasemdestaque.com\/cd\/?p=740#primaryimage\"},\"image\":{\"@id\":\"https:\/\/noticiasemdestaque.com\/cd\/?p=740#primaryimage\"},\"thumbnailUrl\":\"https:\/\/noticiasemdestaque.com\/cd\/wp-content\/uploads\/2017\/06\/ricardo_coutinho_walla_santos.jpg\",\"datePublished\":\"2017-06-21T16:26:40+00:00\",\"dateModified\":\"2017-06-21T16:27:10+00:00\",\"breadcrumb\":{\"@id\":\"https:\/\/noticiasemdestaque.com\/cd\/?p=740#breadcrumb\"},\"inLanguage\":\"pt-BR\",\"potentialAction\":[{\"@type\":\"ReadAction\",\"target\":[\"https:\/\/noticiasemdestaque.com\/cd\/?p=740\"]}]},{\"@type\":\"ImageObject\",\"inLanguage\":\"pt-BR\",\"@id\":\"https:\/\/noticiasemdestaque.com\/cd\/?p=740#primaryimage\",\"url\":\"https:\/\/noticiasemdestaque.com\/cd\/wp-content\/uploads\/2017\/06\/ricardo_coutinho_walla_santos.jpg\",\"contentUrl\":\"https:\/\/noticiasemdestaque.com\/cd\/wp-content\/uploads\/2017\/06\/ricardo_coutinho_walla_santos.jpg\",\"width\":876,\"height\":585},{\"@type\":\"BreadcrumbList\",\"@id\":\"https:\/\/noticiasemdestaque.com\/cd\/?p=740#breadcrumb\",\"itemListElement\":[{\"@type\":\"ListItem\",\"position\":1,\"name\":\"In\u00edcio\",\"item\":\"https:\/\/noticiasemdestaque.com\/cd\/\"},{\"@type\":\"ListItem\",\"position\":2,\"name\":\"Come\u00e7am inscri\u00e7\u00f5es para mais de tr\u00eas mil vagas em cursos t\u00e9cnicos para estudantes de Ensino M\u00e9dio\"}]},{\"@type\":\"WebSite\",\"@id\":\"https:\/\/noticiasemdestaque.com\/cd\/#website\",\"url\":\"https:\/\/noticiasemdestaque.com\/cd\/\",\"name\":\"Not&iacute;cias em Destaque\",\"description\":\"\",\"publisher\":{\"@id\":\"https:\/\/noticiasemdestaque.com\/cd\/#organization\"},\"potentialAction\":[{\"@type\":\"SearchAction\",\"target\":{\"@type\":\"EntryPoint\",\"urlTemplate\":\"https:\/\/noticiasemdestaque.com\/cd\/?s={search_term_string}\"},\"query-input\":{\"@type\":\"PropertyValueSpecification\",\"valueRequired\":true,\"valueName\":\"search_term_string\"}}],\"inLanguage\":\"pt-BR\"},{\"@type\":\"Organization\",\"@id\":\"https:\/\/noticiasemdestaque.com\/cd\/#organization\",\"name\":\"Not\u00edcias em Destaque\",\"url\":\"https:\/\/noticiasemdestaque.com\/cd\/\",\"logo\":{\"@type\":\"ImageObject\",\"inLanguage\":\"pt-BR\",\"@id\":\"https:\/\/noticiasemdestaque.com\/cd\/#\/schema\/logo\/image\/\",\"url\":\"https:\/\/noticiasemdestaque.com\/cd\/wp-content\/uploads\/2022\/05\/imagem-base-noticiasemdestaque.png\",\"contentUrl\":\"https:\/\/noticiasemdestaque.com\/cd\/wp-content\/uploads\/2022\/05\/imagem-base-noticiasemdestaque.png\",\"width\":1200,\"height\":630,\"caption\":\"Not\u00edcias em Destaque\"},\"image\":{\"@id\":\"https:\/\/noticiasemdestaque.com\/cd\/#\/schema\/logo\/image\/\"}},{\"@type\":\"Person\",\"@id\":\"https:\/\/noticiasemdestaque.com\/cd\/#\/schema\/person\/47f7d4f55eec17c6b2ca036c5500f6ce\",\"name\":\"Not\u00edcias em Destaque\",\"url\":\"https:\/\/noticiasemdestaque.com\/cd\/?author=2\"}]}<\/script>\n<!-- \/ Yoast SEO plugin. -->","yoast_head_json":{"title":"Come\u00e7am inscri\u00e7\u00f5es para mais de tr\u00eas mil vagas em cursos t\u00e9cnicos para estudantes de Ensino M\u00e9dio - Not&iacute;cias em Destaque","robots":{"index":"index","follow":"follow","max-snippet":"max-snippet:-1","max-image-preview":"max-image-preview:large","max-video-preview":"max-video-preview:-1"},"canonical":"https:\/\/noticiasemdestaque.com\/cd\/?p=740","og_locale":"pt_BR","og_type":"article","og_title":"Come\u00e7am inscri\u00e7\u00f5es para mais de tr\u00eas mil vagas em cursos t\u00e9cnicos para estudantes de Ensino M\u00e9dio - Not&iacute;cias em Destaque","og_description":"As inscri\u00e7\u00f5es em mais de tr\u00eas mil vagas em 25 cursos t\u00e9cnicos para estudantes do ensino M\u00e9dio em toda a Para\u00edba come\u00e7am nesta quinta-feira (22). Ao todo, a oferta abrange 22 cidades em todas as regi\u00f5es da Para\u00edba. O Programa MedioTec foi lan\u00e7ado na manh\u00e3 desta quarta-feira (21) na Escola Alice Carneiro, em Jo\u00e3o Pessoa pelo governador Ricardo Coutinho, que destacou a oferta de vagas em Cursos T\u00e9cnicos concomitantes ao Ensino M\u00e9dio como mais uma oportunidade de qualifica\u00e7\u00e3o oferecida aos estudantes. As aulas dos cursos t\u00e9cnicos devem come\u00e7ar j\u00e1 no m\u00eas de agosto. A carga hor\u00e1ria total dos cursos varia entre 800 a 1.200 horas e pode ter dura\u00e7\u00e3o de um a dois anos e meio. Os cursos ser\u00e3o oferecidos em parceria com institui\u00e7\u00f5es p\u00fablicas e privadas, como o IFPB, UFPB, Funetec, Unepi e Redentorista. De acordo com o governador Ricardo Coutinho, \u201ca ideia \u00e9 que a gente realmente incorpore no fazer da educa\u00e7\u00e3o p\u00fablica a preocupa\u00e7\u00e3o cada vez crescente e a oferta cada vez mais crescente com a quest\u00e3o da educa\u00e7\u00e3o profissional t\u00e9cnica\u201d. Ele ainda lembrou que, incialmente est\u00e3o sendo disponibilizadas 3.043 vagas de imediato e na segunda etapa ser\u00e3o oferecidas mais 900 vagas.","og_url":"https:\/\/noticiasemdestaque.com\/cd\/?p=740","og_site_name":"Not&iacute;cias em Destaque","article_published_time":"2017-06-21T16:26:40+00:00","article_modified_time":"2017-06-21T16:27:10+00:00","og_image":[{"width":876,"height":585,"url":"https:\/\/noticiasemdestaque.com\/cd\/wp-content\/uploads\/2017\/06\/ricardo_coutinho_walla_santos.jpg","type":"image\/jpeg"}],"author":"Not\u00edcias em Destaque","twitter_card":"summary_large_image","twitter_misc":{"Escrito por":"Not\u00edcias em Destaque","Est. tempo de leitura":"1 minuto"},"schema":{"@context":"https:\/\/schema.org","@graph":[{"@type":"Article","@id":"https:\/\/noticiasemdestaque.com\/cd\/?p=740#article","isPartOf":{"@id":"https:\/\/noticiasemdestaque.com\/cd\/?p=740"},"author":{"name":"Not\u00edcias em Destaque","@id":"https:\/\/noticiasemdestaque.com\/cd\/#\/schema\/person\/47f7d4f55eec17c6b2ca036c5500f6ce"},"headline":"Come\u00e7am inscri\u00e7\u00f5es para mais de tr\u00eas mil vagas em cursos t\u00e9cnicos para estudantes de Ensino M\u00e9dio","datePublished":"2017-06-21T16:26:40+00:00","dateModified":"2017-06-21T16:27:10+00:00","mainEntityOfPage":{"@id":"https:\/\/noticiasemdestaque.com\/cd\/?p=740"},"wordCount":259,"publisher":{"@id":"https:\/\/noticiasemdestaque.com\/cd\/#organization"},"image":{"@id":"https:\/\/noticiasemdestaque.com\/cd\/?p=740#primaryimage"},"thumbnailUrl":"https:\/\/noticiasemdestaque.com\/cd\/wp-content\/uploads\/2017\/06\/ricardo_coutinho_walla_santos.jpg","articleSection":["Educa\u00e7\u00e3o"],"inLanguage":"pt-BR"},{"@type":"WebPage","@id":"https:\/\/noticiasemdestaque.com\/cd\/?p=740","url":"https:\/\/noticiasemdestaque.com\/cd\/?p=740","name":"Come\u00e7am inscri\u00e7\u00f5es para mais de tr\u00eas mil vagas em cursos t\u00e9cnicos para estudantes de Ensino M\u00e9dio - Not&iacute;cias em Destaque","isPartOf":{"@id":"https:\/\/noticiasemdestaque.com\/cd\/#website"},"primaryImageOfPage":{"@id":"https:\/\/noticiasemdestaque.com\/cd\/?p=740#primaryimage"},"image":{"@id":"https:\/\/noticiasemdestaque.com\/cd\/?p=740#primaryimage"},"thumbnailUrl":"https:\/\/noticiasemdestaque.com\/cd\/wp-content\/uploads\/2017\/06\/ricardo_coutinho_walla_santos.jpg","datePublished":"2017-06-21T16:26:40+00:00","dateModified":"2017-06-21T16:27:10+00:00","breadcrumb":{"@id":"https:\/\/noticiasemdestaque.com\/cd\/?p=740#breadcrumb"},"inLanguage":"pt-BR","potentialAction":[{"@type":"ReadAction","target":["https:\/\/noticiasemdestaque.com\/cd\/?p=740"]}]},{"@type":"ImageObject","inLanguage":"pt-BR","@id":"https:\/\/noticiasemdestaque.com\/cd\/?p=740#primaryimage","url":"https:\/\/noticiasemdestaque.com\/cd\/wp-content\/uploads\/2017\/06\/ricardo_coutinho_walla_santos.jpg","contentUrl":"https:\/\/noticiasemdestaque.com\/cd\/wp-content\/uploads\/2017\/06\/ricardo_coutinho_walla_santos.jpg","width":876,"height":585},{"@type":"BreadcrumbList","@id":"https:\/\/noticiasemdestaque.com\/cd\/?p=740#breadcrumb","itemListElement":[{"@type":"ListItem","position":1,"name":"In\u00edcio","item":"https:\/\/noticiasemdestaque.com\/cd\/"},{"@type":"ListItem","position":2,"name":"Come\u00e7am inscri\u00e7\u00f5es para mais de tr\u00eas mil vagas em cursos t\u00e9cnicos para estudantes de Ensino M\u00e9dio"}]},{"@type":"WebSite","@id":"https:\/\/noticiasemdestaque.com\/cd\/#website","url":"https:\/\/noticiasemdestaque.com\/cd\/","name":"Not&iacute;cias em Destaque","description":"","publisher":{"@id":"https:\/\/noticiasemdestaque.com\/cd\/#organization"},"potentialAction":[{"@type":"SearchAction","target":{"@type":"EntryPoint","urlTemplate":"https:\/\/noticiasemdestaque.com\/cd\/?s={search_term_string}"},"query-input":{"@type":"PropertyValueSpecification","valueRequired":true,"valueName":"search_term_string"}}],"inLanguage":"pt-BR"},{"@type":"Organization","@id":"https:\/\/noticiasemdestaque.com\/cd\/#organization","name":"Not\u00edcias em Destaque","url":"https:\/\/noticiasemdestaque.com\/cd\/","logo":{"@type":"ImageObject","inLanguage":"pt-BR","@id":"https:\/\/noticiasemdestaque.com\/cd\/#\/schema\/logo\/image\/","url":"https:\/\/noticiasemdestaque.com\/cd\/wp-content\/uploads\/2022\/05\/imagem-base-noticiasemdestaque.png","contentUrl":"https:\/\/noticiasemdestaque.com\/cd\/wp-content\/uploads\/2022\/05\/imagem-base-noticiasemdestaque.png","width":1200,"height":630,"caption":"Not\u00edcias em Destaque"},"image":{"@id":"https:\/\/noticiasemdestaque.com\/cd\/#\/schema\/logo\/image\/"}},{"@type":"Person","@id":"https:\/\/noticiasemdestaque.com\/cd\/#\/schema\/person\/47f7d4f55eec17c6b2ca036c5500f6ce","name":"Not\u00edcias em Destaque","url":"https:\/\/noticiasemdestaque.com\/cd\/?author=2"}]}},"jetpack_featured_media_url":"https:\/\/noticiasemdestaque.com\/cd\/wp-content\/uploads\/2017\/06\/ricardo_coutinho_walla_santos.jpg","jetpack_sharing_enabled":true,"_links":{"self":[{"href":"https:\/\/noticiasemdestaque.com\/cd\/index.php?rest_route=\/wp\/v2\/posts\/740","targetHints":{"allow":["GET"]}}],"collection":[{"href":"https:\/\/noticiasemdestaque.com\/cd\/index.php?rest_route=\/wp\/v2\/posts"}],"about":[{"href":"https:\/\/noticiasemdestaque.com\/cd\/index.php?rest_route=\/wp\/v2\/types\/post"}],"author":[{"embeddable":true,"href":"https:\/\/noticiasemdestaque.com\/cd\/index.php?rest_route=\/wp\/v2\/users\/2"}],"replies":[{"embeddable":true,"href":"https:\/\/noticiasemdestaque.com\/cd\/index.php?rest_route=%2Fwp%2Fv2%2Fcomments&post=740"}],"version-history":[{"count":2,"href":"https:\/\/noticiasemdestaque.com\/cd\/index.php?rest_route=\/wp\/v2\/posts\/740\/revisions"}],"predecessor-version":[{"id":743,"href":"https:\/\/noticiasemdestaque.com\/cd\/index.php?rest_route=\/wp\/v2\/posts\/740\/revisions\/743"}],"wp:featuredmedia":[{"embeddable":true,"href":"https:\/\/noticiasemdestaque.com\/cd\/index.php?rest_route=\/wp\/v2\/media\/741"}],"wp:attachment":[{"href":"https:\/\/noticiasemdestaque.com\/cd\/index.php?rest_route=%2Fwp%2Fv2%2Fmedia&parent=740"}],"wp:term":[{"taxonomy":"category","embeddable":true,"href":"https:\/\/noticiasemdestaque.com\/cd\/index.php?rest_route=%2Fwp%2Fv2%2Fcategories&post=740"},{"taxonomy":"post_tag","embeddable":true,"href":"https:\/\/noticiasemdestaque.com\/cd\/index.php?rest_route=%2Fwp%2Fv2%2Ftags&post=740"}],"curies":[{"name":"wp","href":"https:\/\/api.w.org\/{rel}","templated":true}]}}