{"id":734,"date":"2017-06-21T13:19:01","date_gmt":"2017-06-21T16:19:01","guid":{"rendered":"http:\/\/caririemdestaque.com\/cd\/?p=734"},"modified":"2017-06-21T13:19:01","modified_gmt":"2017-06-21T16:19:01","slug":"nova-resolucao-em-analise-pela-anvisa-deve-liberar-aplicacao-de-vacinas-em-farmacias","status":"publish","type":"post","link":"https:\/\/noticiasemdestaque.com\/cd\/?p=734","title":{"rendered":"Nova resolu\u00e7\u00e3o em an\u00e1lise pela Anvisa deve liberar aplica\u00e7\u00e3o de vacinas em farm\u00e1cias"},"content":{"rendered":"<div class=\"mc-column content-text active-extra-styles active-capital-letter\" data-block-type=\"unstyled\" data-block-weight=\"59\">\n<p class=\"content-text__container theme-color-primary-first-letter\" data-track-category=\"Link no Texto\" data-track-links=\"\"><a href=\"http:\/\/caririemdestaque.com\/cd\/wp-content\/uploads\/2017\/06\/vacinacao-professores-300x200-1.jpg\"><img decoding=\"async\" class=\"alignleft wp-image-735 size-thumbnail\" src=\"http:\/\/caririemdestaque.com\/cd\/wp-content\/uploads\/2017\/06\/vacinacao-professores-300x200-1-150x150.jpg\" alt=\"\" width=\"150\" height=\"150\" \/><\/a>Uma nova resolu\u00e7\u00e3o que trata dos requisitos m\u00ednimos para servi\u00e7os de vacina\u00e7\u00e3o no pa\u00eds est\u00e1 em fase de an\u00e1lise pela Ag\u00eancia Nacional de Vigil\u00e2ncia Sanit\u00e1ria (Anvisa) e, caso seja aprovada, permitir\u00e1 que farm\u00e1cias apliquem vacinas. Atualmente, somente cl\u00ednicas de vacina\u00e7\u00e3o, que t\u00eam um m\u00e9dico como respons\u00e1vel t\u00e9cnico, est\u00e3o autorizadas a oferecer o servi\u00e7o fora do sistema p\u00fablico de sa\u00fade.<\/p>\n<\/div>\n<div class=\"mc-column content-text active-extra-styles \" data-block-type=\"unstyled\" data-block-weight=\"43\">\n<p class=\"content-text__container \" data-track-category=\"Link no Texto\" data-track-links=\"\">Entidades que representam os farmac\u00eauticos defendem que a medida ampliar\u00e1 o acesso da popula\u00e7\u00e3o \u00e0s vacinas. J\u00e1 entidades m\u00e9dicas expressam temor de que a nova resolu\u00e7\u00e3o possa reduzir as exig\u00eancias atualmente aplicadas aos servi\u00e7os de vacina\u00e7\u00e3o, o que acarretaria risco para a popula\u00e7\u00e3o.<\/p>\n<\/div>\n<div class=\"mc-column content-text active-extra-styles \" data-block-type=\"unstyled\" data-block-weight=\"87\">\n<p class=\"content-text__container \" data-track-category=\"Link no Texto\" data-track-links=\"\">A proposta j\u00e1 passou por uma consulta p\u00fablica, em maio, e agora est\u00e1 na \u00faltima etapa do processo de regulamenta\u00e7\u00e3o antes da decis\u00e3o final. O <a href=\"http:\/\/portal.anvisa.gov.br\/documents\/10181\/3388061\/CP+328-2017+-+Proposta+de+norma+em+discuss%C3%A3o.pdf\/e68a40ec-211f-453e-bc81-bbf33986d7cf\" target=\"_blank\" rel=\"nofollow noopener noreferrer\">texto submetido \u00e0 consulta<\/a> n\u00e3o menciona as farm\u00e1cias especificamente, mas abre essa possibilidade ao n\u00e3o limitar o servi\u00e7o de aplica\u00e7\u00e3o de vacinas \u00e0s cl\u00ednicas. A regra estabelece como deve ser a estrutura f\u00edsica do estabelecimento que aplicar\u00e1 a vacina e determina que as vacinas que n\u00e3o est\u00e3o contempladas pelo Programa Nacional de Vacina\u00e7\u00e3o do SUS somente poder\u00e3o ser aplicadas mediante prescri\u00e7\u00e3o m\u00e9dica.<\/p>\n<\/div>\n<div class=\"mc-column content-text active-extra-styles \" data-block-type=\"unstyled\" data-block-weight=\"52\">\n<p class=\"content-text__container \" data-track-category=\"Link no Texto\" data-track-links=\"\">Em nota enviada ao <strong>G1<\/strong>, a Anvisa observa que a aplica\u00e7\u00e3o de vacinas em farm\u00e1cias j\u00e1 estava prevista desde 2014, por meio da Lei 13.021\/2014, que disp\u00f5e sobre os exerc\u00edcios das atividades farmac\u00eauticas. Por\u00e9m, at\u00e9 hoje, a atividade n\u00e3o era colocada em pr\u00e1tica por falta de um regulamento que tratasse do assunto.<\/p>\n<\/div>\n<div class=\"mc-column content-text active-extra-styles\" data-block-type=\"raw\" data-block-weight=\"3\">\n<div class=\"content-intertitle\">\n<h2>Vacinas mais baratas<\/h2>\n<\/div>\n<\/div>\n<div class=\"mc-column content-text active-extra-styles \" data-block-type=\"unstyled\" data-block-weight=\"40\">\n<p class=\"content-text__container \" data-track-category=\"Link no Texto\" data-track-links=\"\">O Conselho Federal de Farm\u00e1cia (CFF) afirmou, em nota, que a expectativa \u00e9 que a Anvisa publique em breve a resolu\u00e7\u00e3o \u201cde forma a finalmente permitir a ampla participa\u00e7\u00e3o das farm\u00e1cias e dos farmac\u00eauticos nessa importante a\u00e7\u00e3o de sa\u00fade p\u00fablica\u201d.<\/p>\n<\/div>\n<div class=\"mc-column content-text active-extra-styles \" data-block-type=\"unstyled\" data-block-weight=\"66\">\n<p class=\"content-text__container \" data-track-category=\"Link no Texto\" data-track-links=\"\">Na opini\u00e3o do presidente da entidade, Walter da Silva Jorge Jo\u00e3o, a nova regra garantir\u00e1 mais qualidade ao servi\u00e7o \u2013 j\u00e1 que os farmac\u00eauticos seriam profissionais habilitados por lei para a dispensa\u00e7\u00e3o de imunobiol\u00f3gicos \u2013 e pre\u00e7os mais baixos. \u201cHoje, as cl\u00ednicas especializadas chegam a cobrar pre\u00e7os 300% superiores aos dos insumos. Uma margem de ganho alt\u00edssima, regulada pela exclusividade de que as mesmas usufruem\u201d, afirma.<\/p>\n<\/div>\n<div class=\"content-ads content-ads--reveal\"><\/div>\n<div class=\"mc-column content-text active-extra-styles \" data-block-type=\"unstyled\" data-block-weight=\"76\">\n<p class=\"content-text__container \" data-track-category=\"Link no Texto\" data-track-links=\"\">Para o farmac\u00eautico cl\u00ednico Ismael Rosa, pesquisador do Instituto de Ci\u00eancia, Tecnologia e Qualidade (ICTQ), a capilaridade das farm\u00e1cias deve contribuir para aumentar os \u00edndices de imuniza\u00e7\u00e3o no pa\u00eds. \u201cEncontramos uma farm\u00e1cia em cada esquina, ent\u00e3o isso vai contribuir para atingir as metas de vacina\u00e7\u00e3o.\u201d Um levantamento feito pelo ICTQ, com base em 2.061 entrevistas em todo o pa\u00eds, concluiu que 25% dos brasileiros afirmam que buscam ou desejam encontrar o servi\u00e7o de vacina\u00e7\u00e3o nas farm\u00e1cias.<\/p>\n<\/div>\n<div class=\"mc-column content-text active-extra-styles\" data-block-type=\"raw\" data-block-weight=\"2\">\n<div class=\"content-intertitle\">\n<h2>Risco sanit\u00e1rio<\/h2>\n<\/div>\n<\/div>\n<div class=\"mc-column content-text active-extra-styles \" data-block-type=\"unstyled\" data-block-weight=\"41\">\n<p class=\"content-text__container \" data-track-category=\"Link no Texto\" data-track-links=\"\">J\u00e1 o presidente da Associa\u00e7\u00e3o Brasileira de Cl\u00ednicas de Vacinas (ABCVAC), Geraldo Jos\u00e9 Barbosa, considera que permitir a aplica\u00e7\u00e3o de vacinas em farm\u00e1cias representa um risco sanit\u00e1rio: \u201cQuem vai dar os primeiros socorros em caso de choque anafil\u00e1tico em uma farm\u00e1cia?\u201d<\/p>\n<\/div>\n<div class=\"mc-column content-text active-extra-styles \" data-block-type=\"unstyled\" data-block-weight=\"57\">\n<p class=\"content-text__container \" data-track-category=\"Link no Texto\" data-track-links=\"\">Ele tamb\u00e9m questiona se a atual estrutura de vigil\u00e2ncia em sa\u00fade ser\u00e1 suficiente para fiscalizar a seguran\u00e7a da aplica\u00e7\u00e3o de vacinas nas farm\u00e1cias. \u201cHoje, por existir um n\u00famero menor de cl\u00ednicas, h\u00e1 um controle muito grande por parte do Minist\u00e9rio da Sa\u00fade. A partir do momento em que isso se amplia, h\u00e1 risco de perder esse controle.\u201d<\/p>\n<\/div>\n<div class=\"mc-column content-text active-extra-styles \" data-block-type=\"unstyled\" data-block-weight=\"61\">\n<p class=\"content-text__container \" data-track-category=\"Link no Texto\" data-track-links=\"\">Na avalia\u00e7\u00e3o da m\u00e9dica Isabella Ballalai, presidente da Sociedade Brasileira de Imuniza\u00e7\u00f5es (SBIm), o texto da proposta reduziu os crit\u00e9rios de exig\u00eancia em rela\u00e7\u00e3o ao servi\u00e7o de vacina\u00e7\u00e3o existente no que diz respeito \u00e0 estrutura f\u00edsica do local da vacina\u00e7\u00e3o \u2013 que n\u00e3o prev\u00ea a exist\u00eancia de uma maca, por exemplo \u2013 e tamb\u00e9m quanto \u00e0 aboli\u00e7\u00e3o do m\u00e9dico do servi\u00e7o.<\/p>\n<\/div>\n<div class=\"mc-column content-text active-extra-styles \" data-block-type=\"unstyled\" data-block-weight=\"40\">\n<p class=\"content-text__container \" data-track-category=\"Link no Texto\" data-track-links=\"\">\u201c\u00c9 importante ter um m\u00e9dico para atender a eventos adversos. \u00c9 raro que ocorram na hora, mas as pessoas voltam \u00e0s cl\u00ednicas por algumas situa\u00e7\u00f5es e precisam que um m\u00e9dico habilitado e conhecedor das vacinas possa avaliar\u201d, diz a especialista.<\/p>\n<\/div>\n<div class=\"mc-column content-text active-extra-styles \" data-block-type=\"unstyled\" data-block-weight=\"61\">\n<p class=\"content-text__container \" data-track-category=\"Link no Texto\" data-track-links=\"\">Ela destaca que o Brasil \u00e9 um exemplo mundial no que diz respeito \u00e0s imuniza\u00e7\u00f5es. \u201cEsse movimento todo [de permitir a aplica\u00e7\u00e3o de vacinas em farm\u00e1cias] se baseia em pol\u00edticas adotadas fora do Brasil e n\u00f3s somos melhores do que Estados Unidos e Europa. N\u00e3o \u00e9 poss\u00edvel que, em uma das \u00fanicas coisas que fazemos melhor, vamos pegar o exemplo deles.\u201d<\/p>\n<\/div>\n<div class=\"content-ads content-ads--reveal\"><\/div>\n<div class=\"mc-column content-text active-extra-styles \" data-block-type=\"unstyled\" data-block-weight=\"70\">\n<p class=\"content-text__container \" data-track-category=\"Link no Texto\" data-track-links=\"\">A Anvisa afirma que, para elaborar o texto da proposta de resolu\u00e7\u00e3o, ouviu diversos interlocutores, especialmente o Minist\u00e9rio da Sa\u00fade. \u201cDestaca-se que o regulamento proposto estabelece requisitos m\u00ednimos para preven\u00e7\u00e3o de riscos \u00e0 sa\u00fade, tendo em vista uniformizar as exig\u00eancias para todos os estabelecimentos que oferecem o servi\u00e7o e orientar aqueles que n\u00e3o t\u00eam tradi\u00e7\u00e3o neste tipo de atividade, como \u00e9 o caso de farm\u00e1cias e drogarias\u201d, informou a Anvisa.<\/p>\n<p class=\"content-text__container \" data-track-category=\"Link no Texto\" data-track-links=\"\">G1<\/p>\n<\/div>\n","protected":false},"excerpt":{"rendered":"<p>Uma nova resolu\u00e7\u00e3o que trata dos requisitos m\u00ednimos para servi\u00e7os de vacina\u00e7\u00e3o no pa\u00eds est\u00e1 em fase de an\u00e1lise pela Ag\u00eancia Nacional de Vigil\u00e2ncia Sanit\u00e1ria (Anvisa) e, caso seja aprovada, permitir\u00e1 que farm\u00e1cias apliquem vacinas. Atualmente, somente cl\u00ednicas de vacina\u00e7\u00e3o, que t\u00eam um m\u00e9dico como respons\u00e1vel t\u00e9cnico, est\u00e3o autorizadas a oferecer o servi\u00e7o fora do sistema p\u00fablico de sa\u00fade. Entidades que representam os farmac\u00eauticos defendem que a medida ampliar\u00e1 o acesso da popula\u00e7\u00e3o \u00e0s vacinas. J\u00e1 entidades m\u00e9dicas expressam temor de que a nova resolu\u00e7\u00e3o possa reduzir as exig\u00eancias atualmente aplicadas aos servi\u00e7os de vacina\u00e7\u00e3o, o que acarretaria risco para a popula\u00e7\u00e3o. A proposta j\u00e1 passou por uma consulta p\u00fablica, em maio, e agora est\u00e1 na \u00faltima etapa do processo de regulamenta\u00e7\u00e3o antes da decis\u00e3o final. O texto submetido \u00e0 consulta n\u00e3o menciona as farm\u00e1cias especificamente, mas abre essa possibilidade ao n\u00e3o limitar o servi\u00e7o de aplica\u00e7\u00e3o de vacinas \u00e0s cl\u00ednicas. A regra estabelece como deve ser a estrutura f\u00edsica do estabelecimento que aplicar\u00e1 a vacina e determina que as vacinas que n\u00e3o est\u00e3o contempladas pelo Programa Nacional de Vacina\u00e7\u00e3o do SUS somente poder\u00e3o ser aplicadas mediante prescri\u00e7\u00e3o m\u00e9dica. Em nota enviada ao G1, a Anvisa observa que a aplica\u00e7\u00e3o de vacinas em farm\u00e1cias j\u00e1 estava prevista desde 2014, por meio da Lei 13.021\/2014, que disp\u00f5e sobre os exerc\u00edcios das atividades farmac\u00eauticas. Por\u00e9m, at\u00e9 hoje, a atividade n\u00e3o era colocada em pr\u00e1tica por falta de um regulamento que tratasse do assunto. Vacinas mais baratas O Conselho Federal de Farm\u00e1cia (CFF) afirmou, em nota, que a expectativa \u00e9 que a Anvisa publique em breve a resolu\u00e7\u00e3o \u201cde forma a finalmente permitir a ampla participa\u00e7\u00e3o das farm\u00e1cias e dos farmac\u00eauticos nessa importante a\u00e7\u00e3o de sa\u00fade p\u00fablica\u201d. Na opini\u00e3o do presidente da entidade, Walter da Silva Jorge Jo\u00e3o, a nova regra garantir\u00e1 mais qualidade ao servi\u00e7o \u2013 j\u00e1 que os farmac\u00eauticos seriam profissionais habilitados por lei para a dispensa\u00e7\u00e3o de imunobiol\u00f3gicos \u2013 e pre\u00e7os mais baixos. \u201cHoje, as cl\u00ednicas especializadas chegam a cobrar pre\u00e7os 300% superiores aos dos insumos. Uma margem de ganho alt\u00edssima, regulada pela exclusividade de que as mesmas usufruem\u201d, afirma. Para o farmac\u00eautico cl\u00ednico Ismael Rosa, pesquisador do Instituto de Ci\u00eancia, Tecnologia e Qualidade (ICTQ), a capilaridade das farm\u00e1cias deve contribuir para aumentar os \u00edndices de imuniza\u00e7\u00e3o no pa\u00eds. \u201cEncontramos uma farm\u00e1cia em cada esquina, ent\u00e3o isso vai contribuir para atingir as metas de vacina\u00e7\u00e3o.\u201d Um levantamento feito pelo ICTQ, com base em 2.061 entrevistas em todo o pa\u00eds, concluiu que 25% dos brasileiros afirmam que buscam ou desejam encontrar o servi\u00e7o de vacina\u00e7\u00e3o nas farm\u00e1cias. Risco sanit\u00e1rio J\u00e1 o presidente da Associa\u00e7\u00e3o Brasileira de Cl\u00ednicas de Vacinas (ABCVAC), Geraldo Jos\u00e9 Barbosa, considera que permitir a aplica\u00e7\u00e3o de vacinas em farm\u00e1cias representa um risco sanit\u00e1rio: \u201cQuem vai dar os primeiros socorros em caso de choque anafil\u00e1tico em uma farm\u00e1cia?\u201d Ele tamb\u00e9m questiona se a atual estrutura de vigil\u00e2ncia em sa\u00fade ser\u00e1 suficiente para fiscalizar a seguran\u00e7a da aplica\u00e7\u00e3o de vacinas nas farm\u00e1cias. \u201cHoje, por existir um n\u00famero menor de cl\u00ednicas, h\u00e1 um controle muito grande por parte do Minist\u00e9rio da Sa\u00fade. A partir do momento em que isso se amplia, h\u00e1 risco de perder esse controle.\u201d Na avalia\u00e7\u00e3o da m\u00e9dica Isabella Ballalai, presidente da Sociedade Brasileira de Imuniza\u00e7\u00f5es (SBIm), o texto da proposta reduziu os crit\u00e9rios de exig\u00eancia em rela\u00e7\u00e3o ao servi\u00e7o de vacina\u00e7\u00e3o existente no que diz respeito \u00e0 estrutura f\u00edsica do local da vacina\u00e7\u00e3o \u2013 que n\u00e3o prev\u00ea a exist\u00eancia de uma maca, por exemplo \u2013 e tamb\u00e9m quanto \u00e0 aboli\u00e7\u00e3o do m\u00e9dico do servi\u00e7o. \u201c\u00c9 importante ter um m\u00e9dico para atender a eventos adversos. \u00c9 raro que ocorram na hora, mas as pessoas voltam \u00e0s cl\u00ednicas por algumas situa\u00e7\u00f5es e precisam que um m\u00e9dico habilitado e conhecedor das vacinas possa avaliar\u201d, diz a especialista. Ela destaca que o Brasil \u00e9 um exemplo mundial no que diz respeito \u00e0s imuniza\u00e7\u00f5es. \u201cEsse movimento todo [de permitir a aplica\u00e7\u00e3o de vacinas em farm\u00e1cias] se baseia em pol\u00edticas adotadas fora do Brasil e n\u00f3s somos melhores do que Estados Unidos e Europa. N\u00e3o \u00e9 poss\u00edvel que, em uma das \u00fanicas coisas que fazemos melhor, vamos pegar o exemplo deles.\u201d A Anvisa afirma que, para elaborar o texto da proposta de resolu\u00e7\u00e3o, ouviu diversos interlocutores, especialmente o Minist\u00e9rio da Sa\u00fade. \u201cDestaca-se que o regulamento proposto estabelece requisitos m\u00ednimos para preven\u00e7\u00e3o de riscos \u00e0 sa\u00fade, tendo em vista uniformizar as exig\u00eancias para todos os estabelecimentos que oferecem o servi\u00e7o e orientar aqueles que n\u00e3o t\u00eam tradi\u00e7\u00e3o neste tipo de atividade, como \u00e9 o caso de farm\u00e1cias e drogarias\u201d, informou a Anvisa. G1<\/p>\n","protected":false},"author":2,"featured_media":735,"comment_status":"closed","ping_status":"open","sticky":false,"template":"","format":"standard","meta":{"_eb_attr":"","_jetpack_memberships_contains_paid_content":false,"footnotes":""},"categories":[8],"tags":[],"class_list":["post-734","post","type-post","status-publish","format-standard","has-post-thumbnail","hentry","category-saude"],"yoast_head":"<!-- This site is optimized with the Yoast SEO plugin v26.5 - https:\/\/yoast.com\/wordpress\/plugins\/seo\/ -->\n<title>Nova resolu\u00e7\u00e3o em an\u00e1lise pela Anvisa deve liberar aplica\u00e7\u00e3o de vacinas em farm\u00e1cias - Not&iacute;cias em Destaque<\/title>\n<meta name=\"robots\" content=\"index, follow, max-snippet:-1, max-image-preview:large, max-video-preview:-1\" \/>\n<link rel=\"canonical\" href=\"https:\/\/noticiasemdestaque.com\/cd\/?p=734\" \/>\n<meta property=\"og:locale\" content=\"pt_BR\" \/>\n<meta property=\"og:type\" content=\"article\" \/>\n<meta property=\"og:title\" content=\"Nova resolu\u00e7\u00e3o em an\u00e1lise pela Anvisa deve liberar aplica\u00e7\u00e3o de vacinas em farm\u00e1cias - Not&iacute;cias em Destaque\" \/>\n<meta property=\"og:description\" content=\"Uma nova resolu\u00e7\u00e3o que trata dos requisitos m\u00ednimos para servi\u00e7os de vacina\u00e7\u00e3o no pa\u00eds est\u00e1 em fase de an\u00e1lise pela Ag\u00eancia Nacional de Vigil\u00e2ncia Sanit\u00e1ria (Anvisa) e, caso seja aprovada, permitir\u00e1 que farm\u00e1cias apliquem vacinas. Atualmente, somente cl\u00ednicas de vacina\u00e7\u00e3o, que t\u00eam um m\u00e9dico como respons\u00e1vel t\u00e9cnico, est\u00e3o autorizadas a oferecer o servi\u00e7o fora do sistema p\u00fablico de sa\u00fade. Entidades que representam os farmac\u00eauticos defendem que a medida ampliar\u00e1 o acesso da popula\u00e7\u00e3o \u00e0s vacinas. J\u00e1 entidades m\u00e9dicas expressam temor de que a nova resolu\u00e7\u00e3o possa reduzir as exig\u00eancias atualmente aplicadas aos servi\u00e7os de vacina\u00e7\u00e3o, o que acarretaria risco para a popula\u00e7\u00e3o. A proposta j\u00e1 passou por uma consulta p\u00fablica, em maio, e agora est\u00e1 na \u00faltima etapa do processo de regulamenta\u00e7\u00e3o antes da decis\u00e3o final. O texto submetido \u00e0 consulta n\u00e3o menciona as farm\u00e1cias especificamente, mas abre essa possibilidade ao n\u00e3o limitar o servi\u00e7o de aplica\u00e7\u00e3o de vacinas \u00e0s cl\u00ednicas. A regra estabelece como deve ser a estrutura f\u00edsica do estabelecimento que aplicar\u00e1 a vacina e determina que as vacinas que n\u00e3o est\u00e3o contempladas pelo Programa Nacional de Vacina\u00e7\u00e3o do SUS somente poder\u00e3o ser aplicadas mediante prescri\u00e7\u00e3o m\u00e9dica. Em nota enviada ao G1, a Anvisa observa que a aplica\u00e7\u00e3o de vacinas em farm\u00e1cias j\u00e1 estava prevista desde 2014, por meio da Lei 13.021\/2014, que disp\u00f5e sobre os exerc\u00edcios das atividades farmac\u00eauticas. Por\u00e9m, at\u00e9 hoje, a atividade n\u00e3o era colocada em pr\u00e1tica por falta de um regulamento que tratasse do assunto. Vacinas mais baratas O Conselho Federal de Farm\u00e1cia (CFF) afirmou, em nota, que a expectativa \u00e9 que a Anvisa publique em breve a resolu\u00e7\u00e3o \u201cde forma a finalmente permitir a ampla participa\u00e7\u00e3o das farm\u00e1cias e dos farmac\u00eauticos nessa importante a\u00e7\u00e3o de sa\u00fade p\u00fablica\u201d. Na opini\u00e3o do presidente da entidade, Walter da Silva Jorge Jo\u00e3o, a nova regra garantir\u00e1 mais qualidade ao servi\u00e7o \u2013 j\u00e1 que os farmac\u00eauticos seriam profissionais habilitados por lei para a dispensa\u00e7\u00e3o de imunobiol\u00f3gicos \u2013 e pre\u00e7os mais baixos. \u201cHoje, as cl\u00ednicas especializadas chegam a cobrar pre\u00e7os 300% superiores aos dos insumos. Uma margem de ganho alt\u00edssima, regulada pela exclusividade de que as mesmas usufruem\u201d, afirma. Para o farmac\u00eautico cl\u00ednico Ismael Rosa, pesquisador do Instituto de Ci\u00eancia, Tecnologia e Qualidade (ICTQ), a capilaridade das farm\u00e1cias deve contribuir para aumentar os \u00edndices de imuniza\u00e7\u00e3o no pa\u00eds. \u201cEncontramos uma farm\u00e1cia em cada esquina, ent\u00e3o isso vai contribuir para atingir as metas de vacina\u00e7\u00e3o.\u201d Um levantamento feito pelo ICTQ, com base em 2.061 entrevistas em todo o pa\u00eds, concluiu que 25% dos brasileiros afirmam que buscam ou desejam encontrar o servi\u00e7o de vacina\u00e7\u00e3o nas farm\u00e1cias. Risco sanit\u00e1rio J\u00e1 o presidente da Associa\u00e7\u00e3o Brasileira de Cl\u00ednicas de Vacinas (ABCVAC), Geraldo Jos\u00e9 Barbosa, considera que permitir a aplica\u00e7\u00e3o de vacinas em farm\u00e1cias representa um risco sanit\u00e1rio: \u201cQuem vai dar os primeiros socorros em caso de choque anafil\u00e1tico em uma farm\u00e1cia?\u201d Ele tamb\u00e9m questiona se a atual estrutura de vigil\u00e2ncia em sa\u00fade ser\u00e1 suficiente para fiscalizar a seguran\u00e7a da aplica\u00e7\u00e3o de vacinas nas farm\u00e1cias. \u201cHoje, por existir um n\u00famero menor de cl\u00ednicas, h\u00e1 um controle muito grande por parte do Minist\u00e9rio da Sa\u00fade. A partir do momento em que isso se amplia, h\u00e1 risco de perder esse controle.\u201d Na avalia\u00e7\u00e3o da m\u00e9dica Isabella Ballalai, presidente da Sociedade Brasileira de Imuniza\u00e7\u00f5es (SBIm), o texto da proposta reduziu os crit\u00e9rios de exig\u00eancia em rela\u00e7\u00e3o ao servi\u00e7o de vacina\u00e7\u00e3o existente no que diz respeito \u00e0 estrutura f\u00edsica do local da vacina\u00e7\u00e3o \u2013 que n\u00e3o prev\u00ea a exist\u00eancia de uma maca, por exemplo \u2013 e tamb\u00e9m quanto \u00e0 aboli\u00e7\u00e3o do m\u00e9dico do servi\u00e7o. \u201c\u00c9 importante ter um m\u00e9dico para atender a eventos adversos. \u00c9 raro que ocorram na hora, mas as pessoas voltam \u00e0s cl\u00ednicas por algumas situa\u00e7\u00f5es e precisam que um m\u00e9dico habilitado e conhecedor das vacinas possa avaliar\u201d, diz a especialista. Ela destaca que o Brasil \u00e9 um exemplo mundial no que diz respeito \u00e0s imuniza\u00e7\u00f5es. \u201cEsse movimento todo [de permitir a aplica\u00e7\u00e3o de vacinas em farm\u00e1cias] se baseia em pol\u00edticas adotadas fora do Brasil e n\u00f3s somos melhores do que Estados Unidos e Europa. N\u00e3o \u00e9 poss\u00edvel que, em uma das \u00fanicas coisas que fazemos melhor, vamos pegar o exemplo deles.\u201d A Anvisa afirma que, para elaborar o texto da proposta de resolu\u00e7\u00e3o, ouviu diversos interlocutores, especialmente o Minist\u00e9rio da Sa\u00fade. \u201cDestaca-se que o regulamento proposto estabelece requisitos m\u00ednimos para preven\u00e7\u00e3o de riscos \u00e0 sa\u00fade, tendo em vista uniformizar as exig\u00eancias para todos os estabelecimentos que oferecem o servi\u00e7o e orientar aqueles que n\u00e3o t\u00eam tradi\u00e7\u00e3o neste tipo de atividade, como \u00e9 o caso de farm\u00e1cias e drogarias\u201d, informou a Anvisa. G1\" \/>\n<meta property=\"og:url\" content=\"https:\/\/noticiasemdestaque.com\/cd\/?p=734\" \/>\n<meta property=\"og:site_name\" content=\"Not&iacute;cias em Destaque\" \/>\n<meta property=\"article:published_time\" content=\"2017-06-21T16:19:01+00:00\" \/>\n<meta property=\"og:image\" content=\"https:\/\/noticiasemdestaque.com\/cd\/wp-content\/uploads\/2017\/06\/vacinacao-professores-300x200-1.jpg\" \/>\n\t<meta property=\"og:image:width\" content=\"300\" \/>\n\t<meta property=\"og:image:height\" content=\"200\" \/>\n\t<meta property=\"og:image:type\" content=\"image\/jpeg\" \/>\n<meta name=\"author\" content=\"Not\u00edcias em Destaque\" \/>\n<meta name=\"twitter:card\" content=\"summary_large_image\" \/>\n<meta name=\"twitter:label1\" content=\"Escrito por\" \/>\n\t<meta name=\"twitter:data1\" content=\"Not\u00edcias em Destaque\" \/>\n\t<meta name=\"twitter:label2\" content=\"Est. tempo de leitura\" \/>\n\t<meta name=\"twitter:data2\" content=\"4 minutos\" \/>\n<script type=\"application\/ld+json\" class=\"yoast-schema-graph\">{\"@context\":\"https:\/\/schema.org\",\"@graph\":[{\"@type\":\"Article\",\"@id\":\"https:\/\/noticiasemdestaque.com\/cd\/?p=734#article\",\"isPartOf\":{\"@id\":\"https:\/\/noticiasemdestaque.com\/cd\/?p=734\"},\"author\":{\"name\":\"Not\u00edcias em Destaque\",\"@id\":\"https:\/\/noticiasemdestaque.com\/cd\/#\/schema\/person\/47f7d4f55eec17c6b2ca036c5500f6ce\"},\"headline\":\"Nova resolu\u00e7\u00e3o em an\u00e1lise pela Anvisa deve liberar aplica\u00e7\u00e3o de vacinas em farm\u00e1cias\",\"datePublished\":\"2017-06-21T16:19:01+00:00\",\"mainEntityOfPage\":{\"@id\":\"https:\/\/noticiasemdestaque.com\/cd\/?p=734\"},\"wordCount\":897,\"publisher\":{\"@id\":\"https:\/\/noticiasemdestaque.com\/cd\/#organization\"},\"image\":{\"@id\":\"https:\/\/noticiasemdestaque.com\/cd\/?p=734#primaryimage\"},\"thumbnailUrl\":\"https:\/\/noticiasemdestaque.com\/cd\/wp-content\/uploads\/2017\/06\/vacinacao-professores-300x200-1.jpg\",\"articleSection\":[\"Sa\u00fade\"],\"inLanguage\":\"pt-BR\"},{\"@type\":\"WebPage\",\"@id\":\"https:\/\/noticiasemdestaque.com\/cd\/?p=734\",\"url\":\"https:\/\/noticiasemdestaque.com\/cd\/?p=734\",\"name\":\"Nova resolu\u00e7\u00e3o em an\u00e1lise pela Anvisa deve liberar aplica\u00e7\u00e3o de vacinas em farm\u00e1cias - Not&iacute;cias em Destaque\",\"isPartOf\":{\"@id\":\"https:\/\/noticiasemdestaque.com\/cd\/#website\"},\"primaryImageOfPage\":{\"@id\":\"https:\/\/noticiasemdestaque.com\/cd\/?p=734#primaryimage\"},\"image\":{\"@id\":\"https:\/\/noticiasemdestaque.com\/cd\/?p=734#primaryimage\"},\"thumbnailUrl\":\"https:\/\/noticiasemdestaque.com\/cd\/wp-content\/uploads\/2017\/06\/vacinacao-professores-300x200-1.jpg\",\"datePublished\":\"2017-06-21T16:19:01+00:00\",\"breadcrumb\":{\"@id\":\"https:\/\/noticiasemdestaque.com\/cd\/?p=734#breadcrumb\"},\"inLanguage\":\"pt-BR\",\"potentialAction\":[{\"@type\":\"ReadAction\",\"target\":[\"https:\/\/noticiasemdestaque.com\/cd\/?p=734\"]}]},{\"@type\":\"ImageObject\",\"inLanguage\":\"pt-BR\",\"@id\":\"https:\/\/noticiasemdestaque.com\/cd\/?p=734#primaryimage\",\"url\":\"https:\/\/noticiasemdestaque.com\/cd\/wp-content\/uploads\/2017\/06\/vacinacao-professores-300x200-1.jpg\",\"contentUrl\":\"https:\/\/noticiasemdestaque.com\/cd\/wp-content\/uploads\/2017\/06\/vacinacao-professores-300x200-1.jpg\",\"width\":300,\"height\":200},{\"@type\":\"BreadcrumbList\",\"@id\":\"https:\/\/noticiasemdestaque.com\/cd\/?p=734#breadcrumb\",\"itemListElement\":[{\"@type\":\"ListItem\",\"position\":1,\"name\":\"In\u00edcio\",\"item\":\"https:\/\/noticiasemdestaque.com\/cd\/\"},{\"@type\":\"ListItem\",\"position\":2,\"name\":\"Nova resolu\u00e7\u00e3o em an\u00e1lise pela Anvisa deve liberar aplica\u00e7\u00e3o de vacinas em farm\u00e1cias\"}]},{\"@type\":\"WebSite\",\"@id\":\"https:\/\/noticiasemdestaque.com\/cd\/#website\",\"url\":\"https:\/\/noticiasemdestaque.com\/cd\/\",\"name\":\"Not&iacute;cias em Destaque\",\"description\":\"\",\"publisher\":{\"@id\":\"https:\/\/noticiasemdestaque.com\/cd\/#organization\"},\"potentialAction\":[{\"@type\":\"SearchAction\",\"target\":{\"@type\":\"EntryPoint\",\"urlTemplate\":\"https:\/\/noticiasemdestaque.com\/cd\/?s={search_term_string}\"},\"query-input\":{\"@type\":\"PropertyValueSpecification\",\"valueRequired\":true,\"valueName\":\"search_term_string\"}}],\"inLanguage\":\"pt-BR\"},{\"@type\":\"Organization\",\"@id\":\"https:\/\/noticiasemdestaque.com\/cd\/#organization\",\"name\":\"Not\u00edcias em Destaque\",\"url\":\"https:\/\/noticiasemdestaque.com\/cd\/\",\"logo\":{\"@type\":\"ImageObject\",\"inLanguage\":\"pt-BR\",\"@id\":\"https:\/\/noticiasemdestaque.com\/cd\/#\/schema\/logo\/image\/\",\"url\":\"https:\/\/noticiasemdestaque.com\/cd\/wp-content\/uploads\/2022\/05\/imagem-base-noticiasemdestaque.png\",\"contentUrl\":\"https:\/\/noticiasemdestaque.com\/cd\/wp-content\/uploads\/2022\/05\/imagem-base-noticiasemdestaque.png\",\"width\":1200,\"height\":630,\"caption\":\"Not\u00edcias em Destaque\"},\"image\":{\"@id\":\"https:\/\/noticiasemdestaque.com\/cd\/#\/schema\/logo\/image\/\"}},{\"@type\":\"Person\",\"@id\":\"https:\/\/noticiasemdestaque.com\/cd\/#\/schema\/person\/47f7d4f55eec17c6b2ca036c5500f6ce\",\"name\":\"Not\u00edcias em Destaque\",\"url\":\"https:\/\/noticiasemdestaque.com\/cd\/?author=2\"}]}<\/script>\n<!-- \/ Yoast SEO plugin. -->","yoast_head_json":{"title":"Nova resolu\u00e7\u00e3o em an\u00e1lise pela Anvisa deve liberar aplica\u00e7\u00e3o de vacinas em farm\u00e1cias - Not&iacute;cias em Destaque","robots":{"index":"index","follow":"follow","max-snippet":"max-snippet:-1","max-image-preview":"max-image-preview:large","max-video-preview":"max-video-preview:-1"},"canonical":"https:\/\/noticiasemdestaque.com\/cd\/?p=734","og_locale":"pt_BR","og_type":"article","og_title":"Nova resolu\u00e7\u00e3o em an\u00e1lise pela Anvisa deve liberar aplica\u00e7\u00e3o de vacinas em farm\u00e1cias - Not&iacute;cias em Destaque","og_description":"Uma nova resolu\u00e7\u00e3o que trata dos requisitos m\u00ednimos para servi\u00e7os de vacina\u00e7\u00e3o no pa\u00eds est\u00e1 em fase de an\u00e1lise pela Ag\u00eancia Nacional de Vigil\u00e2ncia Sanit\u00e1ria (Anvisa) e, caso seja aprovada, permitir\u00e1 que farm\u00e1cias apliquem vacinas. Atualmente, somente cl\u00ednicas de vacina\u00e7\u00e3o, que t\u00eam um m\u00e9dico como respons\u00e1vel t\u00e9cnico, est\u00e3o autorizadas a oferecer o servi\u00e7o fora do sistema p\u00fablico de sa\u00fade. Entidades que representam os farmac\u00eauticos defendem que a medida ampliar\u00e1 o acesso da popula\u00e7\u00e3o \u00e0s vacinas. J\u00e1 entidades m\u00e9dicas expressam temor de que a nova resolu\u00e7\u00e3o possa reduzir as exig\u00eancias atualmente aplicadas aos servi\u00e7os de vacina\u00e7\u00e3o, o que acarretaria risco para a popula\u00e7\u00e3o. A proposta j\u00e1 passou por uma consulta p\u00fablica, em maio, e agora est\u00e1 na \u00faltima etapa do processo de regulamenta\u00e7\u00e3o antes da decis\u00e3o final. O texto submetido \u00e0 consulta n\u00e3o menciona as farm\u00e1cias especificamente, mas abre essa possibilidade ao n\u00e3o limitar o servi\u00e7o de aplica\u00e7\u00e3o de vacinas \u00e0s cl\u00ednicas. A regra estabelece como deve ser a estrutura f\u00edsica do estabelecimento que aplicar\u00e1 a vacina e determina que as vacinas que n\u00e3o est\u00e3o contempladas pelo Programa Nacional de Vacina\u00e7\u00e3o do SUS somente poder\u00e3o ser aplicadas mediante prescri\u00e7\u00e3o m\u00e9dica. Em nota enviada ao G1, a Anvisa observa que a aplica\u00e7\u00e3o de vacinas em farm\u00e1cias j\u00e1 estava prevista desde 2014, por meio da Lei 13.021\/2014, que disp\u00f5e sobre os exerc\u00edcios das atividades farmac\u00eauticas. Por\u00e9m, at\u00e9 hoje, a atividade n\u00e3o era colocada em pr\u00e1tica por falta de um regulamento que tratasse do assunto. Vacinas mais baratas O Conselho Federal de Farm\u00e1cia (CFF) afirmou, em nota, que a expectativa \u00e9 que a Anvisa publique em breve a resolu\u00e7\u00e3o \u201cde forma a finalmente permitir a ampla participa\u00e7\u00e3o das farm\u00e1cias e dos farmac\u00eauticos nessa importante a\u00e7\u00e3o de sa\u00fade p\u00fablica\u201d. Na opini\u00e3o do presidente da entidade, Walter da Silva Jorge Jo\u00e3o, a nova regra garantir\u00e1 mais qualidade ao servi\u00e7o \u2013 j\u00e1 que os farmac\u00eauticos seriam profissionais habilitados por lei para a dispensa\u00e7\u00e3o de imunobiol\u00f3gicos \u2013 e pre\u00e7os mais baixos. \u201cHoje, as cl\u00ednicas especializadas chegam a cobrar pre\u00e7os 300% superiores aos dos insumos. Uma margem de ganho alt\u00edssima, regulada pela exclusividade de que as mesmas usufruem\u201d, afirma. Para o farmac\u00eautico cl\u00ednico Ismael Rosa, pesquisador do Instituto de Ci\u00eancia, Tecnologia e Qualidade (ICTQ), a capilaridade das farm\u00e1cias deve contribuir para aumentar os \u00edndices de imuniza\u00e7\u00e3o no pa\u00eds. \u201cEncontramos uma farm\u00e1cia em cada esquina, ent\u00e3o isso vai contribuir para atingir as metas de vacina\u00e7\u00e3o.\u201d Um levantamento feito pelo ICTQ, com base em 2.061 entrevistas em todo o pa\u00eds, concluiu que 25% dos brasileiros afirmam que buscam ou desejam encontrar o servi\u00e7o de vacina\u00e7\u00e3o nas farm\u00e1cias. Risco sanit\u00e1rio J\u00e1 o presidente da Associa\u00e7\u00e3o Brasileira de Cl\u00ednicas de Vacinas (ABCVAC), Geraldo Jos\u00e9 Barbosa, considera que permitir a aplica\u00e7\u00e3o de vacinas em farm\u00e1cias representa um risco sanit\u00e1rio: \u201cQuem vai dar os primeiros socorros em caso de choque anafil\u00e1tico em uma farm\u00e1cia?\u201d Ele tamb\u00e9m questiona se a atual estrutura de vigil\u00e2ncia em sa\u00fade ser\u00e1 suficiente para fiscalizar a seguran\u00e7a da aplica\u00e7\u00e3o de vacinas nas farm\u00e1cias. \u201cHoje, por existir um n\u00famero menor de cl\u00ednicas, h\u00e1 um controle muito grande por parte do Minist\u00e9rio da Sa\u00fade. A partir do momento em que isso se amplia, h\u00e1 risco de perder esse controle.\u201d Na avalia\u00e7\u00e3o da m\u00e9dica Isabella Ballalai, presidente da Sociedade Brasileira de Imuniza\u00e7\u00f5es (SBIm), o texto da proposta reduziu os crit\u00e9rios de exig\u00eancia em rela\u00e7\u00e3o ao servi\u00e7o de vacina\u00e7\u00e3o existente no que diz respeito \u00e0 estrutura f\u00edsica do local da vacina\u00e7\u00e3o \u2013 que n\u00e3o prev\u00ea a exist\u00eancia de uma maca, por exemplo \u2013 e tamb\u00e9m quanto \u00e0 aboli\u00e7\u00e3o do m\u00e9dico do servi\u00e7o. \u201c\u00c9 importante ter um m\u00e9dico para atender a eventos adversos. \u00c9 raro que ocorram na hora, mas as pessoas voltam \u00e0s cl\u00ednicas por algumas situa\u00e7\u00f5es e precisam que um m\u00e9dico habilitado e conhecedor das vacinas possa avaliar\u201d, diz a especialista. Ela destaca que o Brasil \u00e9 um exemplo mundial no que diz respeito \u00e0s imuniza\u00e7\u00f5es. \u201cEsse movimento todo [de permitir a aplica\u00e7\u00e3o de vacinas em farm\u00e1cias] se baseia em pol\u00edticas adotadas fora do Brasil e n\u00f3s somos melhores do que Estados Unidos e Europa. N\u00e3o \u00e9 poss\u00edvel que, em uma das \u00fanicas coisas que fazemos melhor, vamos pegar o exemplo deles.\u201d A Anvisa afirma que, para elaborar o texto da proposta de resolu\u00e7\u00e3o, ouviu diversos interlocutores, especialmente o Minist\u00e9rio da Sa\u00fade. \u201cDestaca-se que o regulamento proposto estabelece requisitos m\u00ednimos para preven\u00e7\u00e3o de riscos \u00e0 sa\u00fade, tendo em vista uniformizar as exig\u00eancias para todos os estabelecimentos que oferecem o servi\u00e7o e orientar aqueles que n\u00e3o t\u00eam tradi\u00e7\u00e3o neste tipo de atividade, como \u00e9 o caso de farm\u00e1cias e drogarias\u201d, informou a Anvisa. G1","og_url":"https:\/\/noticiasemdestaque.com\/cd\/?p=734","og_site_name":"Not&iacute;cias em Destaque","article_published_time":"2017-06-21T16:19:01+00:00","og_image":[{"width":300,"height":200,"url":"https:\/\/noticiasemdestaque.com\/cd\/wp-content\/uploads\/2017\/06\/vacinacao-professores-300x200-1.jpg","type":"image\/jpeg"}],"author":"Not\u00edcias em Destaque","twitter_card":"summary_large_image","twitter_misc":{"Escrito por":"Not\u00edcias em Destaque","Est. tempo de leitura":"4 minutos"},"schema":{"@context":"https:\/\/schema.org","@graph":[{"@type":"Article","@id":"https:\/\/noticiasemdestaque.com\/cd\/?p=734#article","isPartOf":{"@id":"https:\/\/noticiasemdestaque.com\/cd\/?p=734"},"author":{"name":"Not\u00edcias em Destaque","@id":"https:\/\/noticiasemdestaque.com\/cd\/#\/schema\/person\/47f7d4f55eec17c6b2ca036c5500f6ce"},"headline":"Nova resolu\u00e7\u00e3o em an\u00e1lise pela Anvisa deve liberar aplica\u00e7\u00e3o de vacinas em farm\u00e1cias","datePublished":"2017-06-21T16:19:01+00:00","mainEntityOfPage":{"@id":"https:\/\/noticiasemdestaque.com\/cd\/?p=734"},"wordCount":897,"publisher":{"@id":"https:\/\/noticiasemdestaque.com\/cd\/#organization"},"image":{"@id":"https:\/\/noticiasemdestaque.com\/cd\/?p=734#primaryimage"},"thumbnailUrl":"https:\/\/noticiasemdestaque.com\/cd\/wp-content\/uploads\/2017\/06\/vacinacao-professores-300x200-1.jpg","articleSection":["Sa\u00fade"],"inLanguage":"pt-BR"},{"@type":"WebPage","@id":"https:\/\/noticiasemdestaque.com\/cd\/?p=734","url":"https:\/\/noticiasemdestaque.com\/cd\/?p=734","name":"Nova resolu\u00e7\u00e3o em an\u00e1lise pela Anvisa deve liberar aplica\u00e7\u00e3o de vacinas em farm\u00e1cias - Not&iacute;cias em Destaque","isPartOf":{"@id":"https:\/\/noticiasemdestaque.com\/cd\/#website"},"primaryImageOfPage":{"@id":"https:\/\/noticiasemdestaque.com\/cd\/?p=734#primaryimage"},"image":{"@id":"https:\/\/noticiasemdestaque.com\/cd\/?p=734#primaryimage"},"thumbnailUrl":"https:\/\/noticiasemdestaque.com\/cd\/wp-content\/uploads\/2017\/06\/vacinacao-professores-300x200-1.jpg","datePublished":"2017-06-21T16:19:01+00:00","breadcrumb":{"@id":"https:\/\/noticiasemdestaque.com\/cd\/?p=734#breadcrumb"},"inLanguage":"pt-BR","potentialAction":[{"@type":"ReadAction","target":["https:\/\/noticiasemdestaque.com\/cd\/?p=734"]}]},{"@type":"ImageObject","inLanguage":"pt-BR","@id":"https:\/\/noticiasemdestaque.com\/cd\/?p=734#primaryimage","url":"https:\/\/noticiasemdestaque.com\/cd\/wp-content\/uploads\/2017\/06\/vacinacao-professores-300x200-1.jpg","contentUrl":"https:\/\/noticiasemdestaque.com\/cd\/wp-content\/uploads\/2017\/06\/vacinacao-professores-300x200-1.jpg","width":300,"height":200},{"@type":"BreadcrumbList","@id":"https:\/\/noticiasemdestaque.com\/cd\/?p=734#breadcrumb","itemListElement":[{"@type":"ListItem","position":1,"name":"In\u00edcio","item":"https:\/\/noticiasemdestaque.com\/cd\/"},{"@type":"ListItem","position":2,"name":"Nova resolu\u00e7\u00e3o em an\u00e1lise pela Anvisa deve liberar aplica\u00e7\u00e3o de vacinas em farm\u00e1cias"}]},{"@type":"WebSite","@id":"https:\/\/noticiasemdestaque.com\/cd\/#website","url":"https:\/\/noticiasemdestaque.com\/cd\/","name":"Not&iacute;cias em Destaque","description":"","publisher":{"@id":"https:\/\/noticiasemdestaque.com\/cd\/#organization"},"potentialAction":[{"@type":"SearchAction","target":{"@type":"EntryPoint","urlTemplate":"https:\/\/noticiasemdestaque.com\/cd\/?s={search_term_string}"},"query-input":{"@type":"PropertyValueSpecification","valueRequired":true,"valueName":"search_term_string"}}],"inLanguage":"pt-BR"},{"@type":"Organization","@id":"https:\/\/noticiasemdestaque.com\/cd\/#organization","name":"Not\u00edcias em Destaque","url":"https:\/\/noticiasemdestaque.com\/cd\/","logo":{"@type":"ImageObject","inLanguage":"pt-BR","@id":"https:\/\/noticiasemdestaque.com\/cd\/#\/schema\/logo\/image\/","url":"https:\/\/noticiasemdestaque.com\/cd\/wp-content\/uploads\/2022\/05\/imagem-base-noticiasemdestaque.png","contentUrl":"https:\/\/noticiasemdestaque.com\/cd\/wp-content\/uploads\/2022\/05\/imagem-base-noticiasemdestaque.png","width":1200,"height":630,"caption":"Not\u00edcias em Destaque"},"image":{"@id":"https:\/\/noticiasemdestaque.com\/cd\/#\/schema\/logo\/image\/"}},{"@type":"Person","@id":"https:\/\/noticiasemdestaque.com\/cd\/#\/schema\/person\/47f7d4f55eec17c6b2ca036c5500f6ce","name":"Not\u00edcias em Destaque","url":"https:\/\/noticiasemdestaque.com\/cd\/?author=2"}]}},"jetpack_featured_media_url":"https:\/\/noticiasemdestaque.com\/cd\/wp-content\/uploads\/2017\/06\/vacinacao-professores-300x200-1.jpg","jetpack_sharing_enabled":true,"_links":{"self":[{"href":"https:\/\/noticiasemdestaque.com\/cd\/index.php?rest_route=\/wp\/v2\/posts\/734","targetHints":{"allow":["GET"]}}],"collection":[{"href":"https:\/\/noticiasemdestaque.com\/cd\/index.php?rest_route=\/wp\/v2\/posts"}],"about":[{"href":"https:\/\/noticiasemdestaque.com\/cd\/index.php?rest_route=\/wp\/v2\/types\/post"}],"author":[{"embeddable":true,"href":"https:\/\/noticiasemdestaque.com\/cd\/index.php?rest_route=\/wp\/v2\/users\/2"}],"replies":[{"embeddable":true,"href":"https:\/\/noticiasemdestaque.com\/cd\/index.php?rest_route=%2Fwp%2Fv2%2Fcomments&post=734"}],"version-history":[{"count":1,"href":"https:\/\/noticiasemdestaque.com\/cd\/index.php?rest_route=\/wp\/v2\/posts\/734\/revisions"}],"predecessor-version":[{"id":736,"href":"https:\/\/noticiasemdestaque.com\/cd\/index.php?rest_route=\/wp\/v2\/posts\/734\/revisions\/736"}],"wp:featuredmedia":[{"embeddable":true,"href":"https:\/\/noticiasemdestaque.com\/cd\/index.php?rest_route=\/wp\/v2\/media\/735"}],"wp:attachment":[{"href":"https:\/\/noticiasemdestaque.com\/cd\/index.php?rest_route=%2Fwp%2Fv2%2Fmedia&parent=734"}],"wp:term":[{"taxonomy":"category","embeddable":true,"href":"https:\/\/noticiasemdestaque.com\/cd\/index.php?rest_route=%2Fwp%2Fv2%2Fcategories&post=734"},{"taxonomy":"post_tag","embeddable":true,"href":"https:\/\/noticiasemdestaque.com\/cd\/index.php?rest_route=%2Fwp%2Fv2%2Ftags&post=734"}],"curies":[{"name":"wp","href":"https:\/\/api.w.org\/{rel}","templated":true}]}}