{"id":731,"date":"2017-06-21T13:16:51","date_gmt":"2017-06-21T16:16:51","guid":{"rendered":"http:\/\/caririemdestaque.com\/cd\/?p=731"},"modified":"2017-06-21T13:16:51","modified_gmt":"2017-06-21T16:16:51","slug":"mp-pede-que-dnocs-e-estado-apresentem-planos-de-seguranca-dos-acudes-pocoes-e-camalau","status":"publish","type":"post","link":"https:\/\/noticiasemdestaque.com\/cd\/?p=731","title":{"rendered":"MP pede que Dnocs e Estado apresentem planos de seguran\u00e7a dos a\u00e7udes Po\u00e7\u00f5es e Camala\u00fa"},"content":{"rendered":"<p>&nbsp;<\/p>\n<p><a href=\"http:\/\/caririemdestaque.com\/cd\/wp-content\/uploads\/2017\/06\/\u00e1gua.jpg\"><img fetchpriority=\"high\" decoding=\"async\" class=\"alignleft wp-image-732 size-medium\" src=\"http:\/\/caririemdestaque.com\/cd\/wp-content\/uploads\/2017\/06\/\u00e1gua-300x218.jpg\" alt=\"\" width=\"300\" height=\"218\" srcset=\"https:\/\/noticiasemdestaque.com\/cd\/wp-content\/uploads\/2017\/06\/\u00e1gua-300x218.jpg 300w, https:\/\/noticiasemdestaque.com\/cd\/wp-content\/uploads\/2017\/06\/\u00e1gua.jpg 400w\" sizes=\"(max-width: 300px) 100vw, 300px\" \/><\/a>O Minist\u00e9rio P\u00fablico Federal ajuizou a\u00e7\u00e3o civil p\u00fablica nesta ter\u00e7a-feira (20), com pedido de liminar, para que a Justi\u00e7a determine ao Departamento Nacional de Obras Contra as Secas (Dnocs) e \u00e0 Secretaria de Infraestrutura, Recursos H\u00eddricos, do Meio Ambiente e da Ci\u00eancia e Tecnologia que apresentem, em 60 dias, plano de seguran\u00e7a das barragens de Po\u00e7\u00f5es e Camala\u00fa, incluindo o plano de a\u00e7\u00e3o de emerg\u00eancia para as referidas localidades, pelas quais passa a \u00e1gua bombeada atrav\u00e9s do eixo Leste da Transposi\u00e7\u00e3o do Rio S\u00e3o Francisco.<\/p>\n<p>A a\u00e7\u00e3o judicial tamb\u00e9m cont\u00e9m pedido de determina\u00e7\u00e3o \u00e0 Ag\u00eancia Executiva de Gest\u00e3o das \u00c1guas do Estado da Para\u00edba (Aesa) para analisar os planos de seguran\u00e7a apresentados pelo Dnocs e Estado da Para\u00edba em prazo n\u00e3o superior a 60 dias.<\/p>\n<p>Caso a Justi\u00e7a Federal acate o pedido e em caso de n\u00e3o cumprimento da obriga\u00e7\u00e3o eventualmente determinada, o MPF pede o fechamento das comportas da Esta\u00e7\u00e3o Elevat\u00f3ria-EBV6, com a paralisa\u00e7\u00e3o do bombeamento de \u00e1gua no eixo Leste, meta 3 L, impedindo que o fluxo de \u00e1gua chegue aos a\u00e7udes de Po\u00e7\u00f5es e Camala\u00fa. Ainda como medida coercitiva, o Minist\u00e9rio P\u00fablico pede que seja estabelecida multa di\u00e1ria e pessoal no valor de R$ 50 mil aos representantes legais dos \u00f3rg\u00e3os demandados.<\/p>\n<p>Para o MPF, a aus\u00eancia de plano de seguran\u00e7a de barragem \u00e9 inaceit\u00e1vel, principalmente quando se constata que tal inexist\u00eancia se d\u00e1 por afronta \u00e0 legalidade. A elabora\u00e7\u00e3o do plano de seguran\u00e7a de barragem e do plano de a\u00e7\u00e3o de emerg\u00eancia para os a\u00e7udes de Camala\u00fa e Po\u00e7\u00f5es j\u00e1 foi, inclusive, recomendada pelo Tribunal de Contas da Uni\u00e3o, no Relat\u00f3rio TC 023.297\/2015-8.<\/p>\n<p>De acordo com o coordenador estadual do Dnocs, Alberto Gomes, a elabora\u00e7\u00e3o do plano de seguran\u00e7a j\u00e1 est\u00e1 em andamento: \u201cJ\u00e1 estamos providenciando isso h\u00e1 um bom tempo e estamos dentro do prazo que nos foi passado pelo MPF, que \u00e9 fevereiro de 2018\u201d, disse Gomes, afirmando que at\u00e9 o fechamento desta mat\u00e9ria n\u00e3o havia sido notificado sobre o novo prazo exigido.<\/p>\n<p>O mesmo posicionamento do coordenador do Dnocs \u00e9 compartilhado pelo secret\u00e1rio de Infraestrutura, Recursos H\u00eddricos, do Meio Ambiente e da Ci\u00eancia e Tecnologia, Jo\u00e3o Azev\u00eado. Ele afirmou tamb\u00e9m n\u00e3o ter sido notificado sobre a a\u00e7\u00e3o ajuizada pelo MPF.<\/p>\n<p><strong>Barragens de risco<br \/>\n<\/strong><br \/>\nEm recente nota p\u00fablica, o Grupo de Trabalho Revitaliza\u00e7\u00e3o do Rio S\u00e3o Francisco, da C\u00e2mara de Meio Ambiente e Patrim\u00f4nio Cultural do MPF, apresentou ao Minist\u00e9rio da Integra\u00e7\u00e3o Nacional preocupa\u00e7\u00f5es relativas \u00e0 seguran\u00e7a das barragens do canal da Transposi\u00e7\u00e3o. Conforme a referida nota, no estado da Para\u00edba, todas as barragens do projeto est\u00e3o indicadas pela Ag\u00eancia Nacional de \u00c1guas (ANA) como de risco, mas nenhuma delas conta com plano de a\u00e7\u00e3o de emerg\u00eancia.<\/p>\n<p><strong>Plano de Seguran\u00e7a<br \/>\n<\/strong><\/p>\n<p>Conforme a Lei n\u00ba 12.334\/2010, o Plano de Seguran\u00e7a da Barragem deve compreender, no m\u00ednimo, as seguintes informa\u00e7\u00f5es: identifica\u00e7\u00e3o do empreendedor; dados t\u00e9cnicos referentes \u00e0 implanta\u00e7\u00e3o do empreendimento, inclusive, no caso de empreendimentos constru\u00eddos ap\u00f3s a promulga\u00e7\u00e3o da Lei, do projeto como constru\u00eddo, bem como aqueles necess\u00e1rios para a opera\u00e7\u00e3o e manuten\u00e7\u00e3o da barragem; estrutura organizacional e qualifica\u00e7\u00e3o t\u00e9cnica dos profissionais da equipe de seguran\u00e7a da barragem; manuais de procedimentos dos roteiros de inspe\u00e7\u00f5es de seguran\u00e7a e de monitoramento e relat\u00f3rios de seguran\u00e7a da barragem; regra operacional dos dispositivos de descarga da barragem; indica\u00e7\u00e3o da \u00e1rea do entorno das instala\u00e7\u00f5es e seus respectivos acessos, a serem resguardados de quaisquer usos ou ocupa\u00e7\u00f5es permanentes, exceto aqueles indispens\u00e1veis \u00e0 manuten\u00e7\u00e3o e \u00e0 opera\u00e7\u00e3o da barragem; Plano de A\u00e7\u00e3o de Emerg\u00eancia (PAE), quando exigido; relat\u00f3rios das inspe\u00e7\u00f5es de seguran\u00e7a; revis\u00f5es peri\u00f3dicas de seguran\u00e7a, dentre outras exig\u00eancias.<\/p>\n<p><em>Com Gustavo Medeiros \u2013 Portal Correio<\/em><\/p>\n","protected":false},"excerpt":{"rendered":"<p>&nbsp; O Minist\u00e9rio P\u00fablico Federal ajuizou a\u00e7\u00e3o civil p\u00fablica nesta ter\u00e7a-feira (20), com pedido de liminar, para que a Justi\u00e7a determine ao Departamento Nacional de Obras Contra as Secas (Dnocs) e \u00e0 Secretaria de Infraestrutura, Recursos H\u00eddricos, do Meio Ambiente e da Ci\u00eancia e Tecnologia que apresentem, em 60 dias, plano de seguran\u00e7a das barragens de Po\u00e7\u00f5es e Camala\u00fa, incluindo o plano de a\u00e7\u00e3o de emerg\u00eancia para as referidas localidades, pelas quais passa a \u00e1gua bombeada atrav\u00e9s do eixo Leste da Transposi\u00e7\u00e3o do Rio S\u00e3o Francisco. A a\u00e7\u00e3o judicial tamb\u00e9m cont\u00e9m pedido de determina\u00e7\u00e3o \u00e0 Ag\u00eancia Executiva de Gest\u00e3o das \u00c1guas do Estado da Para\u00edba (Aesa) para analisar os planos de seguran\u00e7a apresentados pelo Dnocs e Estado da Para\u00edba em prazo n\u00e3o superior a 60 dias. Caso a Justi\u00e7a Federal acate o pedido e em caso de n\u00e3o cumprimento da obriga\u00e7\u00e3o eventualmente determinada, o MPF pede o fechamento das comportas da Esta\u00e7\u00e3o Elevat\u00f3ria-EBV6, com a paralisa\u00e7\u00e3o do bombeamento de \u00e1gua no eixo Leste, meta 3 L, impedindo que o fluxo de \u00e1gua chegue aos a\u00e7udes de Po\u00e7\u00f5es e Camala\u00fa. Ainda como medida coercitiva, o Minist\u00e9rio P\u00fablico pede que seja estabelecida multa di\u00e1ria e pessoal no valor de R$ 50 mil aos representantes legais dos \u00f3rg\u00e3os demandados. Para o MPF, a aus\u00eancia de plano de seguran\u00e7a de barragem \u00e9 inaceit\u00e1vel, principalmente quando se constata que tal inexist\u00eancia se d\u00e1 por afronta \u00e0 legalidade. A elabora\u00e7\u00e3o do plano de seguran\u00e7a de barragem e do plano de a\u00e7\u00e3o de emerg\u00eancia para os a\u00e7udes de Camala\u00fa e Po\u00e7\u00f5es j\u00e1 foi, inclusive, recomendada pelo Tribunal de Contas da Uni\u00e3o, no Relat\u00f3rio TC 023.297\/2015-8. De acordo com o coordenador estadual do Dnocs, Alberto Gomes, a elabora\u00e7\u00e3o do plano de seguran\u00e7a j\u00e1 est\u00e1 em andamento: \u201cJ\u00e1 estamos providenciando isso h\u00e1 um bom tempo e estamos dentro do prazo que nos foi passado pelo MPF, que \u00e9 fevereiro de 2018\u201d, disse Gomes, afirmando que at\u00e9 o fechamento desta mat\u00e9ria n\u00e3o havia sido notificado sobre o novo prazo exigido. O mesmo posicionamento do coordenador do Dnocs \u00e9 compartilhado pelo secret\u00e1rio de Infraestrutura, Recursos H\u00eddricos, do Meio Ambiente e da Ci\u00eancia e Tecnologia, Jo\u00e3o Azev\u00eado. Ele afirmou tamb\u00e9m n\u00e3o ter sido notificado sobre a a\u00e7\u00e3o ajuizada pelo MPF. Barragens de risco Em recente nota p\u00fablica, o Grupo de Trabalho Revitaliza\u00e7\u00e3o do Rio S\u00e3o Francisco, da C\u00e2mara de Meio Ambiente e Patrim\u00f4nio Cultural do MPF, apresentou ao Minist\u00e9rio da Integra\u00e7\u00e3o Nacional preocupa\u00e7\u00f5es relativas \u00e0 seguran\u00e7a das barragens do canal da Transposi\u00e7\u00e3o. Conforme a referida nota, no estado da Para\u00edba, todas as barragens do projeto est\u00e3o indicadas pela Ag\u00eancia Nacional de \u00c1guas (ANA) como de risco, mas nenhuma delas conta com plano de a\u00e7\u00e3o de emerg\u00eancia. Plano de Seguran\u00e7a Conforme a Lei n\u00ba 12.334\/2010, o Plano de Seguran\u00e7a da Barragem deve compreender, no m\u00ednimo, as seguintes informa\u00e7\u00f5es: identifica\u00e7\u00e3o do empreendedor; dados t\u00e9cnicos referentes \u00e0 implanta\u00e7\u00e3o do empreendimento, inclusive, no caso de empreendimentos constru\u00eddos ap\u00f3s a promulga\u00e7\u00e3o da Lei, do projeto como constru\u00eddo, bem como aqueles necess\u00e1rios para a opera\u00e7\u00e3o e manuten\u00e7\u00e3o da barragem; estrutura organizacional e qualifica\u00e7\u00e3o t\u00e9cnica dos profissionais da equipe de seguran\u00e7a da barragem; manuais de procedimentos dos roteiros de inspe\u00e7\u00f5es de seguran\u00e7a e de monitoramento e relat\u00f3rios de seguran\u00e7a da barragem; regra operacional dos dispositivos de descarga da barragem; indica\u00e7\u00e3o da \u00e1rea do entorno das instala\u00e7\u00f5es e seus respectivos acessos, a serem resguardados de quaisquer usos ou ocupa\u00e7\u00f5es permanentes, exceto aqueles indispens\u00e1veis \u00e0 manuten\u00e7\u00e3o e \u00e0 opera\u00e7\u00e3o da barragem; Plano de A\u00e7\u00e3o de Emerg\u00eancia (PAE), quando exigido; relat\u00f3rios das inspe\u00e7\u00f5es de seguran\u00e7a; revis\u00f5es peri\u00f3dicas de seguran\u00e7a, dentre outras exig\u00eancias. Com Gustavo Medeiros \u2013 Portal Correio<\/p>\n","protected":false},"author":2,"featured_media":732,"comment_status":"closed","ping_status":"open","sticky":false,"template":"","format":"standard","meta":{"_eb_attr":"","_jetpack_memberships_contains_paid_content":false,"footnotes":""},"categories":[4],"tags":[],"class_list":["post-731","post","type-post","status-publish","format-standard","has-post-thumbnail","hentry","category-politica"],"yoast_head":"<!-- This site is optimized with the Yoast SEO plugin v26.5 - https:\/\/yoast.com\/wordpress\/plugins\/seo\/ -->\n<title>MP pede que Dnocs e Estado apresentem planos de seguran\u00e7a dos a\u00e7udes Po\u00e7\u00f5es e Camala\u00fa - Not&iacute;cias em Destaque<\/title>\n<meta name=\"robots\" content=\"index, follow, max-snippet:-1, max-image-preview:large, max-video-preview:-1\" \/>\n<link rel=\"canonical\" href=\"https:\/\/noticiasemdestaque.com\/cd\/?p=731\" \/>\n<meta property=\"og:locale\" content=\"pt_BR\" \/>\n<meta property=\"og:type\" content=\"article\" \/>\n<meta property=\"og:title\" content=\"MP pede que Dnocs e Estado apresentem planos de seguran\u00e7a dos a\u00e7udes Po\u00e7\u00f5es e Camala\u00fa - Not&iacute;cias em Destaque\" \/>\n<meta property=\"og:description\" content=\"&nbsp; O Minist\u00e9rio P\u00fablico Federal ajuizou a\u00e7\u00e3o civil p\u00fablica nesta ter\u00e7a-feira (20), com pedido de liminar, para que a Justi\u00e7a determine ao Departamento Nacional de Obras Contra as Secas (Dnocs) e \u00e0 Secretaria de Infraestrutura, Recursos H\u00eddricos, do Meio Ambiente e da Ci\u00eancia e Tecnologia que apresentem, em 60 dias, plano de seguran\u00e7a das barragens de Po\u00e7\u00f5es e Camala\u00fa, incluindo o plano de a\u00e7\u00e3o de emerg\u00eancia para as referidas localidades, pelas quais passa a \u00e1gua bombeada atrav\u00e9s do eixo Leste da Transposi\u00e7\u00e3o do Rio S\u00e3o Francisco. A a\u00e7\u00e3o judicial tamb\u00e9m cont\u00e9m pedido de determina\u00e7\u00e3o \u00e0 Ag\u00eancia Executiva de Gest\u00e3o das \u00c1guas do Estado da Para\u00edba (Aesa) para analisar os planos de seguran\u00e7a apresentados pelo Dnocs e Estado da Para\u00edba em prazo n\u00e3o superior a 60 dias. Caso a Justi\u00e7a Federal acate o pedido e em caso de n\u00e3o cumprimento da obriga\u00e7\u00e3o eventualmente determinada, o MPF pede o fechamento das comportas da Esta\u00e7\u00e3o Elevat\u00f3ria-EBV6, com a paralisa\u00e7\u00e3o do bombeamento de \u00e1gua no eixo Leste, meta 3 L, impedindo que o fluxo de \u00e1gua chegue aos a\u00e7udes de Po\u00e7\u00f5es e Camala\u00fa. Ainda como medida coercitiva, o Minist\u00e9rio P\u00fablico pede que seja estabelecida multa di\u00e1ria e pessoal no valor de R$ 50 mil aos representantes legais dos \u00f3rg\u00e3os demandados. Para o MPF, a aus\u00eancia de plano de seguran\u00e7a de barragem \u00e9 inaceit\u00e1vel, principalmente quando se constata que tal inexist\u00eancia se d\u00e1 por afronta \u00e0 legalidade. A elabora\u00e7\u00e3o do plano de seguran\u00e7a de barragem e do plano de a\u00e7\u00e3o de emerg\u00eancia para os a\u00e7udes de Camala\u00fa e Po\u00e7\u00f5es j\u00e1 foi, inclusive, recomendada pelo Tribunal de Contas da Uni\u00e3o, no Relat\u00f3rio TC 023.297\/2015-8. De acordo com o coordenador estadual do Dnocs, Alberto Gomes, a elabora\u00e7\u00e3o do plano de seguran\u00e7a j\u00e1 est\u00e1 em andamento: \u201cJ\u00e1 estamos providenciando isso h\u00e1 um bom tempo e estamos dentro do prazo que nos foi passado pelo MPF, que \u00e9 fevereiro de 2018\u201d, disse Gomes, afirmando que at\u00e9 o fechamento desta mat\u00e9ria n\u00e3o havia sido notificado sobre o novo prazo exigido. O mesmo posicionamento do coordenador do Dnocs \u00e9 compartilhado pelo secret\u00e1rio de Infraestrutura, Recursos H\u00eddricos, do Meio Ambiente e da Ci\u00eancia e Tecnologia, Jo\u00e3o Azev\u00eado. Ele afirmou tamb\u00e9m n\u00e3o ter sido notificado sobre a a\u00e7\u00e3o ajuizada pelo MPF. Barragens de risco Em recente nota p\u00fablica, o Grupo de Trabalho Revitaliza\u00e7\u00e3o do Rio S\u00e3o Francisco, da C\u00e2mara de Meio Ambiente e Patrim\u00f4nio Cultural do MPF, apresentou ao Minist\u00e9rio da Integra\u00e7\u00e3o Nacional preocupa\u00e7\u00f5es relativas \u00e0 seguran\u00e7a das barragens do canal da Transposi\u00e7\u00e3o. Conforme a referida nota, no estado da Para\u00edba, todas as barragens do projeto est\u00e3o indicadas pela Ag\u00eancia Nacional de \u00c1guas (ANA) como de risco, mas nenhuma delas conta com plano de a\u00e7\u00e3o de emerg\u00eancia. Plano de Seguran\u00e7a Conforme a Lei n\u00ba 12.334\/2010, o Plano de Seguran\u00e7a da Barragem deve compreender, no m\u00ednimo, as seguintes informa\u00e7\u00f5es: identifica\u00e7\u00e3o do empreendedor; dados t\u00e9cnicos referentes \u00e0 implanta\u00e7\u00e3o do empreendimento, inclusive, no caso de empreendimentos constru\u00eddos ap\u00f3s a promulga\u00e7\u00e3o da Lei, do projeto como constru\u00eddo, bem como aqueles necess\u00e1rios para a opera\u00e7\u00e3o e manuten\u00e7\u00e3o da barragem; estrutura organizacional e qualifica\u00e7\u00e3o t\u00e9cnica dos profissionais da equipe de seguran\u00e7a da barragem; manuais de procedimentos dos roteiros de inspe\u00e7\u00f5es de seguran\u00e7a e de monitoramento e relat\u00f3rios de seguran\u00e7a da barragem; regra operacional dos dispositivos de descarga da barragem; indica\u00e7\u00e3o da \u00e1rea do entorno das instala\u00e7\u00f5es e seus respectivos acessos, a serem resguardados de quaisquer usos ou ocupa\u00e7\u00f5es permanentes, exceto aqueles indispens\u00e1veis \u00e0 manuten\u00e7\u00e3o e \u00e0 opera\u00e7\u00e3o da barragem; Plano de A\u00e7\u00e3o de Emerg\u00eancia (PAE), quando exigido; relat\u00f3rios das inspe\u00e7\u00f5es de seguran\u00e7a; revis\u00f5es peri\u00f3dicas de seguran\u00e7a, dentre outras exig\u00eancias. Com Gustavo Medeiros \u2013 Portal Correio\" \/>\n<meta property=\"og:url\" content=\"https:\/\/noticiasemdestaque.com\/cd\/?p=731\" \/>\n<meta property=\"og:site_name\" content=\"Not&iacute;cias em Destaque\" \/>\n<meta property=\"article:published_time\" content=\"2017-06-21T16:16:51+00:00\" \/>\n<meta property=\"og:image\" content=\"https:\/\/noticiasemdestaque.com\/cd\/wp-content\/uploads\/2017\/06\/\u00e1gua.jpg\" \/>\n\t<meta property=\"og:image:width\" content=\"400\" \/>\n\t<meta property=\"og:image:height\" content=\"291\" \/>\n\t<meta property=\"og:image:type\" content=\"image\/jpeg\" \/>\n<meta name=\"author\" content=\"Not\u00edcias em Destaque\" \/>\n<meta name=\"twitter:card\" content=\"summary_large_image\" \/>\n<meta name=\"twitter:label1\" content=\"Escrito por\" \/>\n\t<meta name=\"twitter:data1\" content=\"Not\u00edcias em Destaque\" \/>\n\t<meta name=\"twitter:label2\" content=\"Est. tempo de leitura\" \/>\n\t<meta name=\"twitter:data2\" content=\"3 minutos\" \/>\n<script type=\"application\/ld+json\" class=\"yoast-schema-graph\">{\"@context\":\"https:\/\/schema.org\",\"@graph\":[{\"@type\":\"Article\",\"@id\":\"https:\/\/noticiasemdestaque.com\/cd\/?p=731#article\",\"isPartOf\":{\"@id\":\"https:\/\/noticiasemdestaque.com\/cd\/?p=731\"},\"author\":{\"name\":\"Not\u00edcias em Destaque\",\"@id\":\"https:\/\/noticiasemdestaque.com\/cd\/#\/schema\/person\/47f7d4f55eec17c6b2ca036c5500f6ce\"},\"headline\":\"MP pede que Dnocs e Estado apresentem planos de seguran\u00e7a dos a\u00e7udes Po\u00e7\u00f5es e Camala\u00fa\",\"datePublished\":\"2017-06-21T16:16:51+00:00\",\"mainEntityOfPage\":{\"@id\":\"https:\/\/noticiasemdestaque.com\/cd\/?p=731\"},\"wordCount\":708,\"publisher\":{\"@id\":\"https:\/\/noticiasemdestaque.com\/cd\/#organization\"},\"image\":{\"@id\":\"https:\/\/noticiasemdestaque.com\/cd\/?p=731#primaryimage\"},\"thumbnailUrl\":\"https:\/\/noticiasemdestaque.com\/cd\/wp-content\/uploads\/2017\/06\/\u00e1gua.jpg\",\"articleSection\":[\"Pol\u00edtica\"],\"inLanguage\":\"pt-BR\"},{\"@type\":\"WebPage\",\"@id\":\"https:\/\/noticiasemdestaque.com\/cd\/?p=731\",\"url\":\"https:\/\/noticiasemdestaque.com\/cd\/?p=731\",\"name\":\"MP pede que Dnocs e Estado apresentem planos de seguran\u00e7a dos a\u00e7udes Po\u00e7\u00f5es e Camala\u00fa - Not&iacute;cias em Destaque\",\"isPartOf\":{\"@id\":\"https:\/\/noticiasemdestaque.com\/cd\/#website\"},\"primaryImageOfPage\":{\"@id\":\"https:\/\/noticiasemdestaque.com\/cd\/?p=731#primaryimage\"},\"image\":{\"@id\":\"https:\/\/noticiasemdestaque.com\/cd\/?p=731#primaryimage\"},\"thumbnailUrl\":\"https:\/\/noticiasemdestaque.com\/cd\/wp-content\/uploads\/2017\/06\/\u00e1gua.jpg\",\"datePublished\":\"2017-06-21T16:16:51+00:00\",\"breadcrumb\":{\"@id\":\"https:\/\/noticiasemdestaque.com\/cd\/?p=731#breadcrumb\"},\"inLanguage\":\"pt-BR\",\"potentialAction\":[{\"@type\":\"ReadAction\",\"target\":[\"https:\/\/noticiasemdestaque.com\/cd\/?p=731\"]}]},{\"@type\":\"ImageObject\",\"inLanguage\":\"pt-BR\",\"@id\":\"https:\/\/noticiasemdestaque.com\/cd\/?p=731#primaryimage\",\"url\":\"https:\/\/noticiasemdestaque.com\/cd\/wp-content\/uploads\/2017\/06\/\u00e1gua.jpg\",\"contentUrl\":\"https:\/\/noticiasemdestaque.com\/cd\/wp-content\/uploads\/2017\/06\/\u00e1gua.jpg\",\"width\":400,\"height\":291},{\"@type\":\"BreadcrumbList\",\"@id\":\"https:\/\/noticiasemdestaque.com\/cd\/?p=731#breadcrumb\",\"itemListElement\":[{\"@type\":\"ListItem\",\"position\":1,\"name\":\"In\u00edcio\",\"item\":\"https:\/\/noticiasemdestaque.com\/cd\/\"},{\"@type\":\"ListItem\",\"position\":2,\"name\":\"MP pede que Dnocs e Estado apresentem planos de seguran\u00e7a dos a\u00e7udes Po\u00e7\u00f5es e Camala\u00fa\"}]},{\"@type\":\"WebSite\",\"@id\":\"https:\/\/noticiasemdestaque.com\/cd\/#website\",\"url\":\"https:\/\/noticiasemdestaque.com\/cd\/\",\"name\":\"Not&iacute;cias em Destaque\",\"description\":\"\",\"publisher\":{\"@id\":\"https:\/\/noticiasemdestaque.com\/cd\/#organization\"},\"potentialAction\":[{\"@type\":\"SearchAction\",\"target\":{\"@type\":\"EntryPoint\",\"urlTemplate\":\"https:\/\/noticiasemdestaque.com\/cd\/?s={search_term_string}\"},\"query-input\":{\"@type\":\"PropertyValueSpecification\",\"valueRequired\":true,\"valueName\":\"search_term_string\"}}],\"inLanguage\":\"pt-BR\"},{\"@type\":\"Organization\",\"@id\":\"https:\/\/noticiasemdestaque.com\/cd\/#organization\",\"name\":\"Not\u00edcias em Destaque\",\"url\":\"https:\/\/noticiasemdestaque.com\/cd\/\",\"logo\":{\"@type\":\"ImageObject\",\"inLanguage\":\"pt-BR\",\"@id\":\"https:\/\/noticiasemdestaque.com\/cd\/#\/schema\/logo\/image\/\",\"url\":\"https:\/\/noticiasemdestaque.com\/cd\/wp-content\/uploads\/2022\/05\/imagem-base-noticiasemdestaque.png\",\"contentUrl\":\"https:\/\/noticiasemdestaque.com\/cd\/wp-content\/uploads\/2022\/05\/imagem-base-noticiasemdestaque.png\",\"width\":1200,\"height\":630,\"caption\":\"Not\u00edcias em Destaque\"},\"image\":{\"@id\":\"https:\/\/noticiasemdestaque.com\/cd\/#\/schema\/logo\/image\/\"}},{\"@type\":\"Person\",\"@id\":\"https:\/\/noticiasemdestaque.com\/cd\/#\/schema\/person\/47f7d4f55eec17c6b2ca036c5500f6ce\",\"name\":\"Not\u00edcias em Destaque\",\"url\":\"https:\/\/noticiasemdestaque.com\/cd\/?author=2\"}]}<\/script>\n<!-- \/ Yoast SEO plugin. -->","yoast_head_json":{"title":"MP pede que Dnocs e Estado apresentem planos de seguran\u00e7a dos a\u00e7udes Po\u00e7\u00f5es e Camala\u00fa - Not&iacute;cias em Destaque","robots":{"index":"index","follow":"follow","max-snippet":"max-snippet:-1","max-image-preview":"max-image-preview:large","max-video-preview":"max-video-preview:-1"},"canonical":"https:\/\/noticiasemdestaque.com\/cd\/?p=731","og_locale":"pt_BR","og_type":"article","og_title":"MP pede que Dnocs e Estado apresentem planos de seguran\u00e7a dos a\u00e7udes Po\u00e7\u00f5es e Camala\u00fa - Not&iacute;cias em Destaque","og_description":"&nbsp; O Minist\u00e9rio P\u00fablico Federal ajuizou a\u00e7\u00e3o civil p\u00fablica nesta ter\u00e7a-feira (20), com pedido de liminar, para que a Justi\u00e7a determine ao Departamento Nacional de Obras Contra as Secas (Dnocs) e \u00e0 Secretaria de Infraestrutura, Recursos H\u00eddricos, do Meio Ambiente e da Ci\u00eancia e Tecnologia que apresentem, em 60 dias, plano de seguran\u00e7a das barragens de Po\u00e7\u00f5es e Camala\u00fa, incluindo o plano de a\u00e7\u00e3o de emerg\u00eancia para as referidas localidades, pelas quais passa a \u00e1gua bombeada atrav\u00e9s do eixo Leste da Transposi\u00e7\u00e3o do Rio S\u00e3o Francisco. A a\u00e7\u00e3o judicial tamb\u00e9m cont\u00e9m pedido de determina\u00e7\u00e3o \u00e0 Ag\u00eancia Executiva de Gest\u00e3o das \u00c1guas do Estado da Para\u00edba (Aesa) para analisar os planos de seguran\u00e7a apresentados pelo Dnocs e Estado da Para\u00edba em prazo n\u00e3o superior a 60 dias. Caso a Justi\u00e7a Federal acate o pedido e em caso de n\u00e3o cumprimento da obriga\u00e7\u00e3o eventualmente determinada, o MPF pede o fechamento das comportas da Esta\u00e7\u00e3o Elevat\u00f3ria-EBV6, com a paralisa\u00e7\u00e3o do bombeamento de \u00e1gua no eixo Leste, meta 3 L, impedindo que o fluxo de \u00e1gua chegue aos a\u00e7udes de Po\u00e7\u00f5es e Camala\u00fa. Ainda como medida coercitiva, o Minist\u00e9rio P\u00fablico pede que seja estabelecida multa di\u00e1ria e pessoal no valor de R$ 50 mil aos representantes legais dos \u00f3rg\u00e3os demandados. Para o MPF, a aus\u00eancia de plano de seguran\u00e7a de barragem \u00e9 inaceit\u00e1vel, principalmente quando se constata que tal inexist\u00eancia se d\u00e1 por afronta \u00e0 legalidade. A elabora\u00e7\u00e3o do plano de seguran\u00e7a de barragem e do plano de a\u00e7\u00e3o de emerg\u00eancia para os a\u00e7udes de Camala\u00fa e Po\u00e7\u00f5es j\u00e1 foi, inclusive, recomendada pelo Tribunal de Contas da Uni\u00e3o, no Relat\u00f3rio TC 023.297\/2015-8. De acordo com o coordenador estadual do Dnocs, Alberto Gomes, a elabora\u00e7\u00e3o do plano de seguran\u00e7a j\u00e1 est\u00e1 em andamento: \u201cJ\u00e1 estamos providenciando isso h\u00e1 um bom tempo e estamos dentro do prazo que nos foi passado pelo MPF, que \u00e9 fevereiro de 2018\u201d, disse Gomes, afirmando que at\u00e9 o fechamento desta mat\u00e9ria n\u00e3o havia sido notificado sobre o novo prazo exigido. O mesmo posicionamento do coordenador do Dnocs \u00e9 compartilhado pelo secret\u00e1rio de Infraestrutura, Recursos H\u00eddricos, do Meio Ambiente e da Ci\u00eancia e Tecnologia, Jo\u00e3o Azev\u00eado. Ele afirmou tamb\u00e9m n\u00e3o ter sido notificado sobre a a\u00e7\u00e3o ajuizada pelo MPF. Barragens de risco Em recente nota p\u00fablica, o Grupo de Trabalho Revitaliza\u00e7\u00e3o do Rio S\u00e3o Francisco, da C\u00e2mara de Meio Ambiente e Patrim\u00f4nio Cultural do MPF, apresentou ao Minist\u00e9rio da Integra\u00e7\u00e3o Nacional preocupa\u00e7\u00f5es relativas \u00e0 seguran\u00e7a das barragens do canal da Transposi\u00e7\u00e3o. Conforme a referida nota, no estado da Para\u00edba, todas as barragens do projeto est\u00e3o indicadas pela Ag\u00eancia Nacional de \u00c1guas (ANA) como de risco, mas nenhuma delas conta com plano de a\u00e7\u00e3o de emerg\u00eancia. Plano de Seguran\u00e7a Conforme a Lei n\u00ba 12.334\/2010, o Plano de Seguran\u00e7a da Barragem deve compreender, no m\u00ednimo, as seguintes informa\u00e7\u00f5es: identifica\u00e7\u00e3o do empreendedor; dados t\u00e9cnicos referentes \u00e0 implanta\u00e7\u00e3o do empreendimento, inclusive, no caso de empreendimentos constru\u00eddos ap\u00f3s a promulga\u00e7\u00e3o da Lei, do projeto como constru\u00eddo, bem como aqueles necess\u00e1rios para a opera\u00e7\u00e3o e manuten\u00e7\u00e3o da barragem; estrutura organizacional e qualifica\u00e7\u00e3o t\u00e9cnica dos profissionais da equipe de seguran\u00e7a da barragem; manuais de procedimentos dos roteiros de inspe\u00e7\u00f5es de seguran\u00e7a e de monitoramento e relat\u00f3rios de seguran\u00e7a da barragem; regra operacional dos dispositivos de descarga da barragem; indica\u00e7\u00e3o da \u00e1rea do entorno das instala\u00e7\u00f5es e seus respectivos acessos, a serem resguardados de quaisquer usos ou ocupa\u00e7\u00f5es permanentes, exceto aqueles indispens\u00e1veis \u00e0 manuten\u00e7\u00e3o e \u00e0 opera\u00e7\u00e3o da barragem; Plano de A\u00e7\u00e3o de Emerg\u00eancia (PAE), quando exigido; relat\u00f3rios das inspe\u00e7\u00f5es de seguran\u00e7a; revis\u00f5es peri\u00f3dicas de seguran\u00e7a, dentre outras exig\u00eancias. Com Gustavo Medeiros \u2013 Portal Correio","og_url":"https:\/\/noticiasemdestaque.com\/cd\/?p=731","og_site_name":"Not&iacute;cias em Destaque","article_published_time":"2017-06-21T16:16:51+00:00","og_image":[{"width":400,"height":291,"url":"https:\/\/noticiasemdestaque.com\/cd\/wp-content\/uploads\/2017\/06\/\u00e1gua.jpg","type":"image\/jpeg"}],"author":"Not\u00edcias em Destaque","twitter_card":"summary_large_image","twitter_misc":{"Escrito por":"Not\u00edcias em Destaque","Est. tempo de leitura":"3 minutos"},"schema":{"@context":"https:\/\/schema.org","@graph":[{"@type":"Article","@id":"https:\/\/noticiasemdestaque.com\/cd\/?p=731#article","isPartOf":{"@id":"https:\/\/noticiasemdestaque.com\/cd\/?p=731"},"author":{"name":"Not\u00edcias em Destaque","@id":"https:\/\/noticiasemdestaque.com\/cd\/#\/schema\/person\/47f7d4f55eec17c6b2ca036c5500f6ce"},"headline":"MP pede que Dnocs e Estado apresentem planos de seguran\u00e7a dos a\u00e7udes Po\u00e7\u00f5es e Camala\u00fa","datePublished":"2017-06-21T16:16:51+00:00","mainEntityOfPage":{"@id":"https:\/\/noticiasemdestaque.com\/cd\/?p=731"},"wordCount":708,"publisher":{"@id":"https:\/\/noticiasemdestaque.com\/cd\/#organization"},"image":{"@id":"https:\/\/noticiasemdestaque.com\/cd\/?p=731#primaryimage"},"thumbnailUrl":"https:\/\/noticiasemdestaque.com\/cd\/wp-content\/uploads\/2017\/06\/\u00e1gua.jpg","articleSection":["Pol\u00edtica"],"inLanguage":"pt-BR"},{"@type":"WebPage","@id":"https:\/\/noticiasemdestaque.com\/cd\/?p=731","url":"https:\/\/noticiasemdestaque.com\/cd\/?p=731","name":"MP pede que Dnocs e Estado apresentem planos de seguran\u00e7a dos a\u00e7udes Po\u00e7\u00f5es e Camala\u00fa - Not&iacute;cias em Destaque","isPartOf":{"@id":"https:\/\/noticiasemdestaque.com\/cd\/#website"},"primaryImageOfPage":{"@id":"https:\/\/noticiasemdestaque.com\/cd\/?p=731#primaryimage"},"image":{"@id":"https:\/\/noticiasemdestaque.com\/cd\/?p=731#primaryimage"},"thumbnailUrl":"https:\/\/noticiasemdestaque.com\/cd\/wp-content\/uploads\/2017\/06\/\u00e1gua.jpg","datePublished":"2017-06-21T16:16:51+00:00","breadcrumb":{"@id":"https:\/\/noticiasemdestaque.com\/cd\/?p=731#breadcrumb"},"inLanguage":"pt-BR","potentialAction":[{"@type":"ReadAction","target":["https:\/\/noticiasemdestaque.com\/cd\/?p=731"]}]},{"@type":"ImageObject","inLanguage":"pt-BR","@id":"https:\/\/noticiasemdestaque.com\/cd\/?p=731#primaryimage","url":"https:\/\/noticiasemdestaque.com\/cd\/wp-content\/uploads\/2017\/06\/\u00e1gua.jpg","contentUrl":"https:\/\/noticiasemdestaque.com\/cd\/wp-content\/uploads\/2017\/06\/\u00e1gua.jpg","width":400,"height":291},{"@type":"BreadcrumbList","@id":"https:\/\/noticiasemdestaque.com\/cd\/?p=731#breadcrumb","itemListElement":[{"@type":"ListItem","position":1,"name":"In\u00edcio","item":"https:\/\/noticiasemdestaque.com\/cd\/"},{"@type":"ListItem","position":2,"name":"MP pede que Dnocs e Estado apresentem planos de seguran\u00e7a dos a\u00e7udes Po\u00e7\u00f5es e Camala\u00fa"}]},{"@type":"WebSite","@id":"https:\/\/noticiasemdestaque.com\/cd\/#website","url":"https:\/\/noticiasemdestaque.com\/cd\/","name":"Not&iacute;cias em Destaque","description":"","publisher":{"@id":"https:\/\/noticiasemdestaque.com\/cd\/#organization"},"potentialAction":[{"@type":"SearchAction","target":{"@type":"EntryPoint","urlTemplate":"https:\/\/noticiasemdestaque.com\/cd\/?s={search_term_string}"},"query-input":{"@type":"PropertyValueSpecification","valueRequired":true,"valueName":"search_term_string"}}],"inLanguage":"pt-BR"},{"@type":"Organization","@id":"https:\/\/noticiasemdestaque.com\/cd\/#organization","name":"Not\u00edcias em Destaque","url":"https:\/\/noticiasemdestaque.com\/cd\/","logo":{"@type":"ImageObject","inLanguage":"pt-BR","@id":"https:\/\/noticiasemdestaque.com\/cd\/#\/schema\/logo\/image\/","url":"https:\/\/noticiasemdestaque.com\/cd\/wp-content\/uploads\/2022\/05\/imagem-base-noticiasemdestaque.png","contentUrl":"https:\/\/noticiasemdestaque.com\/cd\/wp-content\/uploads\/2022\/05\/imagem-base-noticiasemdestaque.png","width":1200,"height":630,"caption":"Not\u00edcias em Destaque"},"image":{"@id":"https:\/\/noticiasemdestaque.com\/cd\/#\/schema\/logo\/image\/"}},{"@type":"Person","@id":"https:\/\/noticiasemdestaque.com\/cd\/#\/schema\/person\/47f7d4f55eec17c6b2ca036c5500f6ce","name":"Not\u00edcias em Destaque","url":"https:\/\/noticiasemdestaque.com\/cd\/?author=2"}]}},"jetpack_featured_media_url":"https:\/\/noticiasemdestaque.com\/cd\/wp-content\/uploads\/2017\/06\/\u00e1gua.jpg","jetpack_sharing_enabled":true,"_links":{"self":[{"href":"https:\/\/noticiasemdestaque.com\/cd\/index.php?rest_route=\/wp\/v2\/posts\/731","targetHints":{"allow":["GET"]}}],"collection":[{"href":"https:\/\/noticiasemdestaque.com\/cd\/index.php?rest_route=\/wp\/v2\/posts"}],"about":[{"href":"https:\/\/noticiasemdestaque.com\/cd\/index.php?rest_route=\/wp\/v2\/types\/post"}],"author":[{"embeddable":true,"href":"https:\/\/noticiasemdestaque.com\/cd\/index.php?rest_route=\/wp\/v2\/users\/2"}],"replies":[{"embeddable":true,"href":"https:\/\/noticiasemdestaque.com\/cd\/index.php?rest_route=%2Fwp%2Fv2%2Fcomments&post=731"}],"version-history":[{"count":1,"href":"https:\/\/noticiasemdestaque.com\/cd\/index.php?rest_route=\/wp\/v2\/posts\/731\/revisions"}],"predecessor-version":[{"id":733,"href":"https:\/\/noticiasemdestaque.com\/cd\/index.php?rest_route=\/wp\/v2\/posts\/731\/revisions\/733"}],"wp:featuredmedia":[{"embeddable":true,"href":"https:\/\/noticiasemdestaque.com\/cd\/index.php?rest_route=\/wp\/v2\/media\/732"}],"wp:attachment":[{"href":"https:\/\/noticiasemdestaque.com\/cd\/index.php?rest_route=%2Fwp%2Fv2%2Fmedia&parent=731"}],"wp:term":[{"taxonomy":"category","embeddable":true,"href":"https:\/\/noticiasemdestaque.com\/cd\/index.php?rest_route=%2Fwp%2Fv2%2Fcategories&post=731"},{"taxonomy":"post_tag","embeddable":true,"href":"https:\/\/noticiasemdestaque.com\/cd\/index.php?rest_route=%2Fwp%2Fv2%2Ftags&post=731"}],"curies":[{"name":"wp","href":"https:\/\/api.w.org\/{rel}","templated":true}]}}