{"id":7295,"date":"2018-01-11T18:18:04","date_gmt":"2018-01-11T21:18:04","guid":{"rendered":"http:\/\/caririemdestaque.com\/cd\/?p=7295"},"modified":"2018-01-11T18:18:04","modified_gmt":"2018-01-11T21:18:04","slug":"prefeito-eden-duarte-faz-segunda-convocacao-dos-aprovados-no-concurso-publico-de-2017","status":"publish","type":"post","link":"https:\/\/noticiasemdestaque.com\/cd\/?p=7295","title":{"rendered":"Prefeito \u00c9den Duarte faz segunda convoca\u00e7\u00e3o dos aprovados no concurso P\u00fablico de 2017"},"content":{"rendered":"<p><a href=\"http:\/\/caririemdestaque.com\/cd\/wp-content\/uploads\/2017\/08\/eden_sume.jpg\"><img fetchpriority=\"high\" decoding=\"async\" class=\"size-medium wp-image-3468 alignleft\" src=\"http:\/\/caririemdestaque.com\/cd\/wp-content\/uploads\/2017\/08\/eden_sume-300x199.jpg\" alt=\"\" width=\"300\" height=\"199\" srcset=\"https:\/\/noticiasemdestaque.com\/cd\/wp-content\/uploads\/2017\/08\/eden_sume-300x199.jpg 300w, https:\/\/noticiasemdestaque.com\/cd\/wp-content\/uploads\/2017\/08\/eden_sume-480x320.jpg 480w, https:\/\/noticiasemdestaque.com\/cd\/wp-content\/uploads\/2017\/08\/eden_sume.jpg 720w\" sizes=\"(max-width: 300px) 100vw, 300px\" \/><\/a>O prefeito \u00c9den Duarte convocou nesta quarta-feira (10\/01) mais 10 aprovados no concurso P\u00fablico da Prefeitura de Sum\u00e9, realizado em outubro de 2016.<\/p>\n<p>Os candidatos tem o prazo de at\u00e9 30 dias, a contar da publica\u00e7\u00e3o da convoca\u00e7\u00e3o, para se apresentarem na Secretaria de Administra\u00e7\u00e3o da Prefeitura com a devida documenta\u00e7\u00e3o exigida.<\/p>\n<p>O Edital de Convoca\u00e7\u00e3o encontra-se publicado no boletim oficial do munic\u00edpio do dia 10 de janeiro de 2018.<\/p>\n<p>Confira a rela\u00e7\u00e3o dos convocados:<\/p>\n<p><strong>Cuidador Educacional:<\/strong><\/p>\n<p>\u2013 SUENNIA KESSIA DE LUNA BORGES<\/p>\n<p>\u2013 TALITA PEREIRA VARELA<\/p>\n<p>\u2013 TAMILES OLIVEIRA DA SILVA<\/p>\n<p>\u2013 LIRIAN FERREIRA CAMPOS<\/p>\n<p>\u2013 LUCICLAUDIO SILVA SOARES<\/p>\n<p><strong>Orientador Social:<\/strong><\/p>\n<p>\u2013 LEONARDO BATISTA TEIXEIRA SAD 206.1<\/p>\n<p><strong>Psic\u00f3logo:<\/strong><\/p>\n<p>\u2013 CARLA GONZAGA RAMOS<\/p>\n<p><strong>Enfermeiro:<\/strong><\/p>\n<p>\u2013 ISABEL CRISTINA BARBOSA DO NASCIMENTO<\/p>\n<p><strong>Assistente Social<\/strong><\/p>\n<p>\u2013 LILIANE SANTOS TOBIAS<\/p>\n<p>\u2013\u00a0 ROBEVANIA VILAR DA SILVA<\/p>\n<p>Clique e confira o Edital: <a href=\"http:\/\/www.sume.pb.gov.br\/wp-content\/uploads\/2018\/01\/EDITAL-CONVOCA%C3%87%C3%83O-N%C2%BA-3_10.01.2018.pdf\">EDITAL CONVOCA\u00c7\u00c3O N\u00ba 3_10.01.2018\u00a0<\/a><\/p>\n<p><em><strong>Cariri em Destaque\u00a0<\/strong><\/em><\/p>\n<p>Ascom PMS<\/p>\n","protected":false},"excerpt":{"rendered":"<p>O prefeito \u00c9den Duarte convocou nesta quarta-feira (10\/01) mais 10 aprovados no concurso P\u00fablico da Prefeitura de Sum\u00e9, realizado em outubro de 2016. Os candidatos tem o prazo de at\u00e9 30 dias, a contar da publica\u00e7\u00e3o da convoca\u00e7\u00e3o, para se apresentarem na Secretaria de Administra\u00e7\u00e3o da Prefeitura com a devida documenta\u00e7\u00e3o exigida. O Edital de Convoca\u00e7\u00e3o encontra-se publicado no boletim oficial do munic\u00edpio do dia 10 de janeiro de 2018. Confira a rela\u00e7\u00e3o dos convocados: Cuidador Educacional: \u2013 SUENNIA KESSIA DE LUNA BORGES \u2013 TALITA PEREIRA VARELA \u2013 TAMILES OLIVEIRA DA SILVA \u2013 LIRIAN FERREIRA CAMPOS \u2013 LUCICLAUDIO SILVA SOARES Orientador Social: \u2013 LEONARDO BATISTA TEIXEIRA SAD 206.1 Psic\u00f3logo: \u2013 CARLA GONZAGA RAMOS Enfermeiro: \u2013 ISABEL CRISTINA BARBOSA DO NASCIMENTO Assistente Social \u2013 LILIANE SANTOS TOBIAS \u2013\u00a0 ROBEVANIA VILAR DA SILVA Clique e confira o Edital: EDITAL CONVOCA\u00c7\u00c3O N\u00ba 3_10.01.2018\u00a0 Cariri em Destaque\u00a0 Ascom PMS<\/p>\n","protected":false},"author":2,"featured_media":3468,"comment_status":"closed","ping_status":"open","sticky":false,"template":"","format":"standard","meta":{"_eb_attr":"","_jetpack_memberships_contains_paid_content":false,"footnotes":""},"categories":[4],"tags":[],"class_list":["post-7295","post","type-post","status-publish","format-standard","has-post-thumbnail","hentry","category-politica"],"yoast_head":"<!-- This site is optimized with the Yoast SEO plugin v26.5 - https:\/\/yoast.com\/wordpress\/plugins\/seo\/ -->\n<title>Prefeito \u00c9den Duarte faz segunda convoca\u00e7\u00e3o dos aprovados no concurso P\u00fablico de 2017 - Not&iacute;cias em Destaque<\/title>\n<meta name=\"robots\" content=\"index, follow, max-snippet:-1, max-image-preview:large, max-video-preview:-1\" \/>\n<link rel=\"canonical\" href=\"https:\/\/noticiasemdestaque.com\/cd\/?p=7295\" \/>\n<meta property=\"og:locale\" content=\"pt_BR\" \/>\n<meta property=\"og:type\" content=\"article\" \/>\n<meta property=\"og:title\" content=\"Prefeito \u00c9den Duarte faz segunda convoca\u00e7\u00e3o dos aprovados no concurso P\u00fablico de 2017 - Not&iacute;cias em Destaque\" \/>\n<meta property=\"og:description\" content=\"O prefeito \u00c9den Duarte convocou nesta quarta-feira (10\/01) mais 10 aprovados no concurso P\u00fablico da Prefeitura de Sum\u00e9, realizado em outubro de 2016. Os candidatos tem o prazo de at\u00e9 30 dias, a contar da publica\u00e7\u00e3o da convoca\u00e7\u00e3o, para se apresentarem na Secretaria de Administra\u00e7\u00e3o da Prefeitura com a devida documenta\u00e7\u00e3o exigida. O Edital de Convoca\u00e7\u00e3o encontra-se publicado no boletim oficial do munic\u00edpio do dia 10 de janeiro de 2018. Confira a rela\u00e7\u00e3o dos convocados: Cuidador Educacional: \u2013 SUENNIA KESSIA DE LUNA BORGES \u2013 TALITA PEREIRA VARELA \u2013 TAMILES OLIVEIRA DA SILVA \u2013 LIRIAN FERREIRA CAMPOS \u2013 LUCICLAUDIO SILVA SOARES Orientador Social: \u2013 LEONARDO BATISTA TEIXEIRA SAD 206.1 Psic\u00f3logo: \u2013 CARLA GONZAGA RAMOS Enfermeiro: \u2013 ISABEL CRISTINA BARBOSA DO NASCIMENTO Assistente Social \u2013 LILIANE SANTOS TOBIAS \u2013\u00a0 ROBEVANIA VILAR DA SILVA Clique e confira o Edital: EDITAL CONVOCA\u00c7\u00c3O N\u00ba 3_10.01.2018\u00a0 Cariri em Destaque\u00a0 Ascom PMS\" \/>\n<meta property=\"og:url\" content=\"https:\/\/noticiasemdestaque.com\/cd\/?p=7295\" \/>\n<meta property=\"og:site_name\" content=\"Not&iacute;cias em Destaque\" \/>\n<meta property=\"article:published_time\" content=\"2018-01-11T21:18:04+00:00\" \/>\n<meta property=\"og:image\" content=\"https:\/\/noticiasemdestaque.com\/cd\/wp-content\/uploads\/2017\/08\/eden_sume.jpg\" \/>\n\t<meta property=\"og:image:width\" content=\"720\" \/>\n\t<meta property=\"og:image:height\" content=\"478\" \/>\n\t<meta property=\"og:image:type\" content=\"image\/jpeg\" \/>\n<meta name=\"author\" content=\"Not\u00edcias em Destaque\" \/>\n<meta name=\"twitter:card\" content=\"summary_large_image\" \/>\n<meta name=\"twitter:label1\" content=\"Escrito por\" \/>\n\t<meta name=\"twitter:data1\" content=\"Not\u00edcias em Destaque\" \/>\n\t<meta name=\"twitter:label2\" content=\"Est. tempo de leitura\" \/>\n\t<meta name=\"twitter:data2\" content=\"1 minuto\" \/>\n<script type=\"application\/ld+json\" class=\"yoast-schema-graph\">{\"@context\":\"https:\/\/schema.org\",\"@graph\":[{\"@type\":\"Article\",\"@id\":\"https:\/\/noticiasemdestaque.com\/cd\/?p=7295#article\",\"isPartOf\":{\"@id\":\"https:\/\/noticiasemdestaque.com\/cd\/?p=7295\"},\"author\":{\"name\":\"Not\u00edcias em Destaque\",\"@id\":\"https:\/\/noticiasemdestaque.com\/cd\/#\/schema\/person\/4a81fb71f77579d059c3045891fa1786\"},\"headline\":\"Prefeito \u00c9den Duarte faz segunda convoca\u00e7\u00e3o dos aprovados no concurso P\u00fablico de 2017\",\"datePublished\":\"2018-01-11T21:18:04+00:00\",\"mainEntityOfPage\":{\"@id\":\"https:\/\/noticiasemdestaque.com\/cd\/?p=7295\"},\"wordCount\":151,\"publisher\":{\"@id\":\"https:\/\/noticiasemdestaque.com\/cd\/#organization\"},\"image\":{\"@id\":\"https:\/\/noticiasemdestaque.com\/cd\/?p=7295#primaryimage\"},\"thumbnailUrl\":\"https:\/\/noticiasemdestaque.com\/cd\/wp-content\/uploads\/2017\/08\/eden_sume.jpg\",\"articleSection\":[\"Pol\u00edtica\"],\"inLanguage\":\"pt-BR\"},{\"@type\":\"WebPage\",\"@id\":\"https:\/\/noticiasemdestaque.com\/cd\/?p=7295\",\"url\":\"https:\/\/noticiasemdestaque.com\/cd\/?p=7295\",\"name\":\"Prefeito \u00c9den Duarte faz segunda convoca\u00e7\u00e3o dos aprovados no concurso P\u00fablico de 2017 - Not&iacute;cias em Destaque\",\"isPartOf\":{\"@id\":\"https:\/\/noticiasemdestaque.com\/cd\/#website\"},\"primaryImageOfPage\":{\"@id\":\"https:\/\/noticiasemdestaque.com\/cd\/?p=7295#primaryimage\"},\"image\":{\"@id\":\"https:\/\/noticiasemdestaque.com\/cd\/?p=7295#primaryimage\"},\"thumbnailUrl\":\"https:\/\/noticiasemdestaque.com\/cd\/wp-content\/uploads\/2017\/08\/eden_sume.jpg\",\"datePublished\":\"2018-01-11T21:18:04+00:00\",\"breadcrumb\":{\"@id\":\"https:\/\/noticiasemdestaque.com\/cd\/?p=7295#breadcrumb\"},\"inLanguage\":\"pt-BR\",\"potentialAction\":[{\"@type\":\"ReadAction\",\"target\":[\"https:\/\/noticiasemdestaque.com\/cd\/?p=7295\"]}]},{\"@type\":\"ImageObject\",\"inLanguage\":\"pt-BR\",\"@id\":\"https:\/\/noticiasemdestaque.com\/cd\/?p=7295#primaryimage\",\"url\":\"https:\/\/noticiasemdestaque.com\/cd\/wp-content\/uploads\/2017\/08\/eden_sume.jpg\",\"contentUrl\":\"https:\/\/noticiasemdestaque.com\/cd\/wp-content\/uploads\/2017\/08\/eden_sume.jpg\",\"width\":720,\"height\":478},{\"@type\":\"BreadcrumbList\",\"@id\":\"https:\/\/noticiasemdestaque.com\/cd\/?p=7295#breadcrumb\",\"itemListElement\":[{\"@type\":\"ListItem\",\"position\":1,\"name\":\"In\u00edcio\",\"item\":\"https:\/\/noticiasemdestaque.com\/cd\/\"},{\"@type\":\"ListItem\",\"position\":2,\"name\":\"Prefeito \u00c9den Duarte faz segunda convoca\u00e7\u00e3o dos aprovados no concurso P\u00fablico de 2017\"}]},{\"@type\":\"WebSite\",\"@id\":\"https:\/\/noticiasemdestaque.com\/cd\/#website\",\"url\":\"https:\/\/noticiasemdestaque.com\/cd\/\",\"name\":\"Not&iacute;cias em Destaque\",\"description\":\"\",\"publisher\":{\"@id\":\"https:\/\/noticiasemdestaque.com\/cd\/#organization\"},\"potentialAction\":[{\"@type\":\"SearchAction\",\"target\":{\"@type\":\"EntryPoint\",\"urlTemplate\":\"https:\/\/noticiasemdestaque.com\/cd\/?s={search_term_string}\"},\"query-input\":{\"@type\":\"PropertyValueSpecification\",\"valueRequired\":true,\"valueName\":\"search_term_string\"}}],\"inLanguage\":\"pt-BR\"},{\"@type\":\"Organization\",\"@id\":\"https:\/\/noticiasemdestaque.com\/cd\/#organization\",\"name\":\"Not\u00edcias em Destaque\",\"url\":\"https:\/\/noticiasemdestaque.com\/cd\/\",\"logo\":{\"@type\":\"ImageObject\",\"inLanguage\":\"pt-BR\",\"@id\":\"https:\/\/noticiasemdestaque.com\/cd\/#\/schema\/logo\/image\/\",\"url\":\"https:\/\/noticiasemdestaque.com\/cd\/wp-content\/uploads\/2022\/05\/imagem-base-noticiasemdestaque.png\",\"contentUrl\":\"https:\/\/noticiasemdestaque.com\/cd\/wp-content\/uploads\/2022\/05\/imagem-base-noticiasemdestaque.png\",\"width\":1200,\"height\":630,\"caption\":\"Not\u00edcias em Destaque\"},\"image\":{\"@id\":\"https:\/\/noticiasemdestaque.com\/cd\/#\/schema\/logo\/image\/\"}},{\"@type\":\"Person\",\"@id\":\"https:\/\/noticiasemdestaque.com\/cd\/#\/schema\/person\/4a81fb71f77579d059c3045891fa1786\",\"name\":\"Not\u00edcias em Destaque\",\"url\":\"https:\/\/noticiasemdestaque.com\/cd\/?author=2\"}]}<\/script>\n<!-- \/ Yoast SEO plugin. -->","yoast_head_json":{"title":"Prefeito \u00c9den Duarte faz segunda convoca\u00e7\u00e3o dos aprovados no concurso P\u00fablico de 2017 - Not&iacute;cias em Destaque","robots":{"index":"index","follow":"follow","max-snippet":"max-snippet:-1","max-image-preview":"max-image-preview:large","max-video-preview":"max-video-preview:-1"},"canonical":"https:\/\/noticiasemdestaque.com\/cd\/?p=7295","og_locale":"pt_BR","og_type":"article","og_title":"Prefeito \u00c9den Duarte faz segunda convoca\u00e7\u00e3o dos aprovados no concurso P\u00fablico de 2017 - Not&iacute;cias em Destaque","og_description":"O prefeito \u00c9den Duarte convocou nesta quarta-feira (10\/01) mais 10 aprovados no concurso P\u00fablico da Prefeitura de Sum\u00e9, realizado em outubro de 2016. Os candidatos tem o prazo de at\u00e9 30 dias, a contar da publica\u00e7\u00e3o da convoca\u00e7\u00e3o, para se apresentarem na Secretaria de Administra\u00e7\u00e3o da Prefeitura com a devida documenta\u00e7\u00e3o exigida. O Edital de Convoca\u00e7\u00e3o encontra-se publicado no boletim oficial do munic\u00edpio do dia 10 de janeiro de 2018. Confira a rela\u00e7\u00e3o dos convocados: Cuidador Educacional: \u2013 SUENNIA KESSIA DE LUNA BORGES \u2013 TALITA PEREIRA VARELA \u2013 TAMILES OLIVEIRA DA SILVA \u2013 LIRIAN FERREIRA CAMPOS \u2013 LUCICLAUDIO SILVA SOARES Orientador Social: \u2013 LEONARDO BATISTA TEIXEIRA SAD 206.1 Psic\u00f3logo: \u2013 CARLA GONZAGA RAMOS Enfermeiro: \u2013 ISABEL CRISTINA BARBOSA DO NASCIMENTO Assistente Social \u2013 LILIANE SANTOS TOBIAS \u2013\u00a0 ROBEVANIA VILAR DA SILVA Clique e confira o Edital: EDITAL CONVOCA\u00c7\u00c3O N\u00ba 3_10.01.2018\u00a0 Cariri em Destaque\u00a0 Ascom PMS","og_url":"https:\/\/noticiasemdestaque.com\/cd\/?p=7295","og_site_name":"Not&iacute;cias em Destaque","article_published_time":"2018-01-11T21:18:04+00:00","og_image":[{"width":720,"height":478,"url":"https:\/\/noticiasemdestaque.com\/cd\/wp-content\/uploads\/2017\/08\/eden_sume.jpg","type":"image\/jpeg"}],"author":"Not\u00edcias em Destaque","twitter_card":"summary_large_image","twitter_misc":{"Escrito por":"Not\u00edcias em Destaque","Est. tempo de leitura":"1 minuto"},"schema":{"@context":"https:\/\/schema.org","@graph":[{"@type":"Article","@id":"https:\/\/noticiasemdestaque.com\/cd\/?p=7295#article","isPartOf":{"@id":"https:\/\/noticiasemdestaque.com\/cd\/?p=7295"},"author":{"name":"Not\u00edcias em Destaque","@id":"https:\/\/noticiasemdestaque.com\/cd\/#\/schema\/person\/4a81fb71f77579d059c3045891fa1786"},"headline":"Prefeito \u00c9den Duarte faz segunda convoca\u00e7\u00e3o dos aprovados no concurso P\u00fablico de 2017","datePublished":"2018-01-11T21:18:04+00:00","mainEntityOfPage":{"@id":"https:\/\/noticiasemdestaque.com\/cd\/?p=7295"},"wordCount":151,"publisher":{"@id":"https:\/\/noticiasemdestaque.com\/cd\/#organization"},"image":{"@id":"https:\/\/noticiasemdestaque.com\/cd\/?p=7295#primaryimage"},"thumbnailUrl":"https:\/\/noticiasemdestaque.com\/cd\/wp-content\/uploads\/2017\/08\/eden_sume.jpg","articleSection":["Pol\u00edtica"],"inLanguage":"pt-BR"},{"@type":"WebPage","@id":"https:\/\/noticiasemdestaque.com\/cd\/?p=7295","url":"https:\/\/noticiasemdestaque.com\/cd\/?p=7295","name":"Prefeito \u00c9den Duarte faz segunda convoca\u00e7\u00e3o dos aprovados no concurso P\u00fablico de 2017 - Not&iacute;cias em Destaque","isPartOf":{"@id":"https:\/\/noticiasemdestaque.com\/cd\/#website"},"primaryImageOfPage":{"@id":"https:\/\/noticiasemdestaque.com\/cd\/?p=7295#primaryimage"},"image":{"@id":"https:\/\/noticiasemdestaque.com\/cd\/?p=7295#primaryimage"},"thumbnailUrl":"https:\/\/noticiasemdestaque.com\/cd\/wp-content\/uploads\/2017\/08\/eden_sume.jpg","datePublished":"2018-01-11T21:18:04+00:00","breadcrumb":{"@id":"https:\/\/noticiasemdestaque.com\/cd\/?p=7295#breadcrumb"},"inLanguage":"pt-BR","potentialAction":[{"@type":"ReadAction","target":["https:\/\/noticiasemdestaque.com\/cd\/?p=7295"]}]},{"@type":"ImageObject","inLanguage":"pt-BR","@id":"https:\/\/noticiasemdestaque.com\/cd\/?p=7295#primaryimage","url":"https:\/\/noticiasemdestaque.com\/cd\/wp-content\/uploads\/2017\/08\/eden_sume.jpg","contentUrl":"https:\/\/noticiasemdestaque.com\/cd\/wp-content\/uploads\/2017\/08\/eden_sume.jpg","width":720,"height":478},{"@type":"BreadcrumbList","@id":"https:\/\/noticiasemdestaque.com\/cd\/?p=7295#breadcrumb","itemListElement":[{"@type":"ListItem","position":1,"name":"In\u00edcio","item":"https:\/\/noticiasemdestaque.com\/cd\/"},{"@type":"ListItem","position":2,"name":"Prefeito \u00c9den Duarte faz segunda convoca\u00e7\u00e3o dos aprovados no concurso P\u00fablico de 2017"}]},{"@type":"WebSite","@id":"https:\/\/noticiasemdestaque.com\/cd\/#website","url":"https:\/\/noticiasemdestaque.com\/cd\/","name":"Not&iacute;cias em Destaque","description":"","publisher":{"@id":"https:\/\/noticiasemdestaque.com\/cd\/#organization"},"potentialAction":[{"@type":"SearchAction","target":{"@type":"EntryPoint","urlTemplate":"https:\/\/noticiasemdestaque.com\/cd\/?s={search_term_string}"},"query-input":{"@type":"PropertyValueSpecification","valueRequired":true,"valueName":"search_term_string"}}],"inLanguage":"pt-BR"},{"@type":"Organization","@id":"https:\/\/noticiasemdestaque.com\/cd\/#organization","name":"Not\u00edcias em Destaque","url":"https:\/\/noticiasemdestaque.com\/cd\/","logo":{"@type":"ImageObject","inLanguage":"pt-BR","@id":"https:\/\/noticiasemdestaque.com\/cd\/#\/schema\/logo\/image\/","url":"https:\/\/noticiasemdestaque.com\/cd\/wp-content\/uploads\/2022\/05\/imagem-base-noticiasemdestaque.png","contentUrl":"https:\/\/noticiasemdestaque.com\/cd\/wp-content\/uploads\/2022\/05\/imagem-base-noticiasemdestaque.png","width":1200,"height":630,"caption":"Not\u00edcias em Destaque"},"image":{"@id":"https:\/\/noticiasemdestaque.com\/cd\/#\/schema\/logo\/image\/"}},{"@type":"Person","@id":"https:\/\/noticiasemdestaque.com\/cd\/#\/schema\/person\/4a81fb71f77579d059c3045891fa1786","name":"Not\u00edcias em Destaque","url":"https:\/\/noticiasemdestaque.com\/cd\/?author=2"}]}},"jetpack_featured_media_url":"https:\/\/noticiasemdestaque.com\/cd\/wp-content\/uploads\/2017\/08\/eden_sume.jpg","jetpack_sharing_enabled":true,"_links":{"self":[{"href":"https:\/\/noticiasemdestaque.com\/cd\/index.php?rest_route=\/wp\/v2\/posts\/7295","targetHints":{"allow":["GET"]}}],"collection":[{"href":"https:\/\/noticiasemdestaque.com\/cd\/index.php?rest_route=\/wp\/v2\/posts"}],"about":[{"href":"https:\/\/noticiasemdestaque.com\/cd\/index.php?rest_route=\/wp\/v2\/types\/post"}],"author":[{"embeddable":true,"href":"https:\/\/noticiasemdestaque.com\/cd\/index.php?rest_route=\/wp\/v2\/users\/2"}],"replies":[{"embeddable":true,"href":"https:\/\/noticiasemdestaque.com\/cd\/index.php?rest_route=%2Fwp%2Fv2%2Fcomments&post=7295"}],"version-history":[{"count":1,"href":"https:\/\/noticiasemdestaque.com\/cd\/index.php?rest_route=\/wp\/v2\/posts\/7295\/revisions"}],"predecessor-version":[{"id":7296,"href":"https:\/\/noticiasemdestaque.com\/cd\/index.php?rest_route=\/wp\/v2\/posts\/7295\/revisions\/7296"}],"wp:featuredmedia":[{"embeddable":true,"href":"https:\/\/noticiasemdestaque.com\/cd\/index.php?rest_route=\/wp\/v2\/media\/3468"}],"wp:attachment":[{"href":"https:\/\/noticiasemdestaque.com\/cd\/index.php?rest_route=%2Fwp%2Fv2%2Fmedia&parent=7295"}],"wp:term":[{"taxonomy":"category","embeddable":true,"href":"https:\/\/noticiasemdestaque.com\/cd\/index.php?rest_route=%2Fwp%2Fv2%2Fcategories&post=7295"},{"taxonomy":"post_tag","embeddable":true,"href":"https:\/\/noticiasemdestaque.com\/cd\/index.php?rest_route=%2Fwp%2Fv2%2Ftags&post=7295"}],"curies":[{"name":"wp","href":"https:\/\/api.w.org\/{rel}","templated":true}]}}