{"id":728,"date":"2017-06-21T13:14:35","date_gmt":"2017-06-21T16:14:35","guid":{"rendered":"http:\/\/caririemdestaque.com\/cd\/?p=728"},"modified":"2017-06-21T13:14:35","modified_gmt":"2017-06-21T16:14:35","slug":"adriano-silva-jorge-de-altinho-e-walkiria-santos-se-apresentam-hoje-em-sume","status":"publish","type":"post","link":"https:\/\/noticiasemdestaque.com\/cd\/?p=728","title":{"rendered":"Adriano Silva, Jorge de Altinho e Walkiria Santos se apresentam hoje em Sum\u00e9"},"content":{"rendered":"<p><a href=\"http:\/\/caririemdestaque.com\/cd\/wp-content\/uploads\/2017\/06\/IMG-20170621-WA0008-400x367.jpg\"><img fetchpriority=\"high\" decoding=\"async\" class=\"size-medium wp-image-729 alignleft\" src=\"http:\/\/caririemdestaque.com\/cd\/wp-content\/uploads\/2017\/06\/IMG-20170621-WA0008-400x367-300x275.jpg\" alt=\"\" width=\"300\" height=\"275\" srcset=\"https:\/\/noticiasemdestaque.com\/cd\/wp-content\/uploads\/2017\/06\/IMG-20170621-WA0008-400x367-300x275.jpg 300w, https:\/\/noticiasemdestaque.com\/cd\/wp-content\/uploads\/2017\/06\/IMG-20170621-WA0008-400x367.jpg 400w\" sizes=\"(max-width: 300px) 100vw, 300px\" \/><\/a>Adriano Silva, Jorge de Altinho e Walkiria Santos abrem nesta quarta-feita (21), \u00e0s 22h, a programa\u00e7\u00e3o do palco principal do S\u00e3o Jo\u00e3o de Sum\u00e9. As principais atra\u00e7\u00f5es se apresentar\u00e3o at\u00e9 o pr\u00f3ximo s\u00e1bado (24).\u00a0No palho\u00e7\u00e3o se apresenta Adilson e Forr\u00f3 do Trov\u00e3o, \u00e0s 19h.<\/p>\n<p>Este ano, as apresenta\u00e7\u00f5es ser\u00e3o transmitidas ao vivo pelo <a href=\"https:\/\/www.facebook.com\/pmsume\">facebook<\/a> da prefeitura com o patroc\u00ednio da Cariri Web.<\/p>\n<p>O S\u00e3o Jo\u00e3o de Sum\u00e9, considerado como um dos melhores e mais animados da regi\u00e3o, espera receber grande p\u00fablico nos pr\u00f3ximos dias.<\/p>\n<p><em><strong>Confira a programa\u00e7\u00e3o at\u00e9 o dia 24 de junho:<\/strong><\/em><\/p>\n<p>\u2013 Quinta-feira (22\/06): Dejinha de Monteiro, Vicente Nery e Delmiro Barros;<\/p>\n<p>\u2013 Sexta-feira (23\/06): Forr\u00f3 D2 e Forr\u00f3 Kent;<\/p>\n<p>\u2013 S\u00e1bado (24\/06): Banda Cascavel, Gente Boa e Forr\u00f3 da Gente.<\/p>\n<p>&nbsp;<\/p>\n<p><strong>Cariri em Destaque<\/strong><\/p>\n<p><em>Com Ascom\/ Andr\u00e9a Duarte<\/em><\/p>\n","protected":false},"excerpt":{"rendered":"<p>Adriano Silva, Jorge de Altinho e Walkiria Santos abrem nesta quarta-feita (21), \u00e0s 22h, a programa\u00e7\u00e3o do palco principal do S\u00e3o Jo\u00e3o de Sum\u00e9. As principais atra\u00e7\u00f5es se apresentar\u00e3o at\u00e9 o pr\u00f3ximo s\u00e1bado (24).\u00a0No palho\u00e7\u00e3o se apresenta Adilson e Forr\u00f3 do Trov\u00e3o, \u00e0s 19h. Este ano, as apresenta\u00e7\u00f5es ser\u00e3o transmitidas ao vivo pelo facebook da prefeitura com o patroc\u00ednio da Cariri Web. O S\u00e3o Jo\u00e3o de Sum\u00e9, considerado como um dos melhores e mais animados da regi\u00e3o, espera receber grande p\u00fablico nos pr\u00f3ximos dias. Confira a programa\u00e7\u00e3o at\u00e9 o dia 24 de junho: \u2013 Quinta-feira (22\/06): Dejinha de Monteiro, Vicente Nery e Delmiro Barros; \u2013 Sexta-feira (23\/06): Forr\u00f3 D2 e Forr\u00f3 Kent; \u2013 S\u00e1bado (24\/06): Banda Cascavel, Gente Boa e Forr\u00f3 da Gente. &nbsp; Cariri em Destaque Com Ascom\/ Andr\u00e9a Duarte<\/p>\n","protected":false},"author":2,"featured_media":0,"comment_status":"closed","ping_status":"open","sticky":false,"template":"","format":"standard","meta":{"_eb_attr":"","_jetpack_memberships_contains_paid_content":false,"footnotes":""},"categories":[3],"tags":[],"class_list":["post-728","post","type-post","status-publish","format-standard","hentry","category-cidades"],"yoast_head":"<!-- This site is optimized with the Yoast SEO plugin v26.5 - https:\/\/yoast.com\/wordpress\/plugins\/seo\/ -->\n<title>Adriano Silva, Jorge de Altinho e Walkiria Santos se apresentam hoje em Sum\u00e9 - Not&iacute;cias em Destaque<\/title>\n<meta name=\"robots\" content=\"index, follow, max-snippet:-1, max-image-preview:large, max-video-preview:-1\" \/>\n<link rel=\"canonical\" href=\"https:\/\/noticiasemdestaque.com\/cd\/?p=728\" \/>\n<meta property=\"og:locale\" content=\"pt_BR\" \/>\n<meta property=\"og:type\" content=\"article\" \/>\n<meta property=\"og:title\" content=\"Adriano Silva, Jorge de Altinho e Walkiria Santos se apresentam hoje em Sum\u00e9 - Not&iacute;cias em Destaque\" \/>\n<meta property=\"og:description\" content=\"Adriano Silva, Jorge de Altinho e Walkiria Santos abrem nesta quarta-feita (21), \u00e0s 22h, a programa\u00e7\u00e3o do palco principal do S\u00e3o Jo\u00e3o de Sum\u00e9. As principais atra\u00e7\u00f5es se apresentar\u00e3o at\u00e9 o pr\u00f3ximo s\u00e1bado (24).\u00a0No palho\u00e7\u00e3o se apresenta Adilson e Forr\u00f3 do Trov\u00e3o, \u00e0s 19h. Este ano, as apresenta\u00e7\u00f5es ser\u00e3o transmitidas ao vivo pelo facebook da prefeitura com o patroc\u00ednio da Cariri Web. O S\u00e3o Jo\u00e3o de Sum\u00e9, considerado como um dos melhores e mais animados da regi\u00e3o, espera receber grande p\u00fablico nos pr\u00f3ximos dias. Confira a programa\u00e7\u00e3o at\u00e9 o dia 24 de junho: \u2013 Quinta-feira (22\/06): Dejinha de Monteiro, Vicente Nery e Delmiro Barros; \u2013 Sexta-feira (23\/06): Forr\u00f3 D2 e Forr\u00f3 Kent; \u2013 S\u00e1bado (24\/06): Banda Cascavel, Gente Boa e Forr\u00f3 da Gente. &nbsp; Cariri em Destaque Com Ascom\/ Andr\u00e9a Duarte\" \/>\n<meta property=\"og:url\" content=\"https:\/\/noticiasemdestaque.com\/cd\/?p=728\" \/>\n<meta property=\"og:site_name\" content=\"Not&iacute;cias em Destaque\" \/>\n<meta property=\"article:published_time\" content=\"2017-06-21T16:14:35+00:00\" \/>\n<meta property=\"og:image\" content=\"http:\/\/caririemdestaque.com\/cd\/wp-content\/uploads\/2017\/06\/IMG-20170621-WA0008-400x367-300x275.jpg\" \/>\n<meta name=\"author\" content=\"Not\u00edcias em Destaque\" \/>\n<meta name=\"twitter:card\" content=\"summary_large_image\" \/>\n<meta name=\"twitter:label1\" content=\"Escrito por\" \/>\n\t<meta name=\"twitter:data1\" content=\"Not\u00edcias em Destaque\" \/>\n\t<meta name=\"twitter:label2\" content=\"Est. tempo de leitura\" \/>\n\t<meta name=\"twitter:data2\" content=\"1 minuto\" \/>\n<script type=\"application\/ld+json\" class=\"yoast-schema-graph\">{\"@context\":\"https:\/\/schema.org\",\"@graph\":[{\"@type\":\"Article\",\"@id\":\"https:\/\/noticiasemdestaque.com\/cd\/?p=728#article\",\"isPartOf\":{\"@id\":\"https:\/\/noticiasemdestaque.com\/cd\/?p=728\"},\"author\":{\"name\":\"Not\u00edcias em Destaque\",\"@id\":\"https:\/\/noticiasemdestaque.com\/cd\/#\/schema\/person\/47f7d4f55eec17c6b2ca036c5500f6ce\"},\"headline\":\"Adriano Silva, Jorge de Altinho e Walkiria Santos se apresentam hoje em Sum\u00e9\",\"datePublished\":\"2017-06-21T16:14:35+00:00\",\"mainEntityOfPage\":{\"@id\":\"https:\/\/noticiasemdestaque.com\/cd\/?p=728\"},\"wordCount\":156,\"publisher\":{\"@id\":\"https:\/\/noticiasemdestaque.com\/cd\/#organization\"},\"image\":{\"@id\":\"https:\/\/noticiasemdestaque.com\/cd\/?p=728#primaryimage\"},\"thumbnailUrl\":\"http:\/\/caririemdestaque.com\/cd\/wp-content\/uploads\/2017\/06\/IMG-20170621-WA0008-400x367-300x275.jpg\",\"articleSection\":[\"Cidades\"],\"inLanguage\":\"pt-BR\"},{\"@type\":\"WebPage\",\"@id\":\"https:\/\/noticiasemdestaque.com\/cd\/?p=728\",\"url\":\"https:\/\/noticiasemdestaque.com\/cd\/?p=728\",\"name\":\"Adriano Silva, Jorge de Altinho e Walkiria Santos se apresentam hoje em Sum\u00e9 - Not&iacute;cias em Destaque\",\"isPartOf\":{\"@id\":\"https:\/\/noticiasemdestaque.com\/cd\/#website\"},\"primaryImageOfPage\":{\"@id\":\"https:\/\/noticiasemdestaque.com\/cd\/?p=728#primaryimage\"},\"image\":{\"@id\":\"https:\/\/noticiasemdestaque.com\/cd\/?p=728#primaryimage\"},\"thumbnailUrl\":\"http:\/\/caririemdestaque.com\/cd\/wp-content\/uploads\/2017\/06\/IMG-20170621-WA0008-400x367-300x275.jpg\",\"datePublished\":\"2017-06-21T16:14:35+00:00\",\"breadcrumb\":{\"@id\":\"https:\/\/noticiasemdestaque.com\/cd\/?p=728#breadcrumb\"},\"inLanguage\":\"pt-BR\",\"potentialAction\":[{\"@type\":\"ReadAction\",\"target\":[\"https:\/\/noticiasemdestaque.com\/cd\/?p=728\"]}]},{\"@type\":\"ImageObject\",\"inLanguage\":\"pt-BR\",\"@id\":\"https:\/\/noticiasemdestaque.com\/cd\/?p=728#primaryimage\",\"url\":\"http:\/\/caririemdestaque.com\/cd\/wp-content\/uploads\/2017\/06\/IMG-20170621-WA0008-400x367-300x275.jpg\",\"contentUrl\":\"http:\/\/caririemdestaque.com\/cd\/wp-content\/uploads\/2017\/06\/IMG-20170621-WA0008-400x367-300x275.jpg\"},{\"@type\":\"BreadcrumbList\",\"@id\":\"https:\/\/noticiasemdestaque.com\/cd\/?p=728#breadcrumb\",\"itemListElement\":[{\"@type\":\"ListItem\",\"position\":1,\"name\":\"In\u00edcio\",\"item\":\"https:\/\/noticiasemdestaque.com\/cd\/\"},{\"@type\":\"ListItem\",\"position\":2,\"name\":\"Adriano Silva, Jorge de Altinho e Walkiria Santos se apresentam hoje em Sum\u00e9\"}]},{\"@type\":\"WebSite\",\"@id\":\"https:\/\/noticiasemdestaque.com\/cd\/#website\",\"url\":\"https:\/\/noticiasemdestaque.com\/cd\/\",\"name\":\"Not&iacute;cias em Destaque\",\"description\":\"\",\"publisher\":{\"@id\":\"https:\/\/noticiasemdestaque.com\/cd\/#organization\"},\"potentialAction\":[{\"@type\":\"SearchAction\",\"target\":{\"@type\":\"EntryPoint\",\"urlTemplate\":\"https:\/\/noticiasemdestaque.com\/cd\/?s={search_term_string}\"},\"query-input\":{\"@type\":\"PropertyValueSpecification\",\"valueRequired\":true,\"valueName\":\"search_term_string\"}}],\"inLanguage\":\"pt-BR\"},{\"@type\":\"Organization\",\"@id\":\"https:\/\/noticiasemdestaque.com\/cd\/#organization\",\"name\":\"Not\u00edcias em Destaque\",\"url\":\"https:\/\/noticiasemdestaque.com\/cd\/\",\"logo\":{\"@type\":\"ImageObject\",\"inLanguage\":\"pt-BR\",\"@id\":\"https:\/\/noticiasemdestaque.com\/cd\/#\/schema\/logo\/image\/\",\"url\":\"https:\/\/noticiasemdestaque.com\/cd\/wp-content\/uploads\/2022\/05\/imagem-base-noticiasemdestaque.png\",\"contentUrl\":\"https:\/\/noticiasemdestaque.com\/cd\/wp-content\/uploads\/2022\/05\/imagem-base-noticiasemdestaque.png\",\"width\":1200,\"height\":630,\"caption\":\"Not\u00edcias em Destaque\"},\"image\":{\"@id\":\"https:\/\/noticiasemdestaque.com\/cd\/#\/schema\/logo\/image\/\"}},{\"@type\":\"Person\",\"@id\":\"https:\/\/noticiasemdestaque.com\/cd\/#\/schema\/person\/47f7d4f55eec17c6b2ca036c5500f6ce\",\"name\":\"Not\u00edcias em Destaque\",\"url\":\"https:\/\/noticiasemdestaque.com\/cd\/?author=2\"}]}<\/script>\n<!-- \/ Yoast SEO plugin. -->","yoast_head_json":{"title":"Adriano Silva, Jorge de Altinho e Walkiria Santos se apresentam hoje em Sum\u00e9 - Not&iacute;cias em Destaque","robots":{"index":"index","follow":"follow","max-snippet":"max-snippet:-1","max-image-preview":"max-image-preview:large","max-video-preview":"max-video-preview:-1"},"canonical":"https:\/\/noticiasemdestaque.com\/cd\/?p=728","og_locale":"pt_BR","og_type":"article","og_title":"Adriano Silva, Jorge de Altinho e Walkiria Santos se apresentam hoje em Sum\u00e9 - Not&iacute;cias em Destaque","og_description":"Adriano Silva, Jorge de Altinho e Walkiria Santos abrem nesta quarta-feita (21), \u00e0s 22h, a programa\u00e7\u00e3o do palco principal do S\u00e3o Jo\u00e3o de Sum\u00e9. As principais atra\u00e7\u00f5es se apresentar\u00e3o at\u00e9 o pr\u00f3ximo s\u00e1bado (24).\u00a0No palho\u00e7\u00e3o se apresenta Adilson e Forr\u00f3 do Trov\u00e3o, \u00e0s 19h. Este ano, as apresenta\u00e7\u00f5es ser\u00e3o transmitidas ao vivo pelo facebook da prefeitura com o patroc\u00ednio da Cariri Web. O S\u00e3o Jo\u00e3o de Sum\u00e9, considerado como um dos melhores e mais animados da regi\u00e3o, espera receber grande p\u00fablico nos pr\u00f3ximos dias. Confira a programa\u00e7\u00e3o at\u00e9 o dia 24 de junho: \u2013 Quinta-feira (22\/06): Dejinha de Monteiro, Vicente Nery e Delmiro Barros; \u2013 Sexta-feira (23\/06): Forr\u00f3 D2 e Forr\u00f3 Kent; \u2013 S\u00e1bado (24\/06): Banda Cascavel, Gente Boa e Forr\u00f3 da Gente. &nbsp; Cariri em Destaque Com Ascom\/ Andr\u00e9a Duarte","og_url":"https:\/\/noticiasemdestaque.com\/cd\/?p=728","og_site_name":"Not&iacute;cias em Destaque","article_published_time":"2017-06-21T16:14:35+00:00","og_image":[{"url":"http:\/\/caririemdestaque.com\/cd\/wp-content\/uploads\/2017\/06\/IMG-20170621-WA0008-400x367-300x275.jpg","type":"","width":"","height":""}],"author":"Not\u00edcias em Destaque","twitter_card":"summary_large_image","twitter_misc":{"Escrito por":"Not\u00edcias em Destaque","Est. tempo de leitura":"1 minuto"},"schema":{"@context":"https:\/\/schema.org","@graph":[{"@type":"Article","@id":"https:\/\/noticiasemdestaque.com\/cd\/?p=728#article","isPartOf":{"@id":"https:\/\/noticiasemdestaque.com\/cd\/?p=728"},"author":{"name":"Not\u00edcias em Destaque","@id":"https:\/\/noticiasemdestaque.com\/cd\/#\/schema\/person\/47f7d4f55eec17c6b2ca036c5500f6ce"},"headline":"Adriano Silva, Jorge de Altinho e Walkiria Santos se apresentam hoje em Sum\u00e9","datePublished":"2017-06-21T16:14:35+00:00","mainEntityOfPage":{"@id":"https:\/\/noticiasemdestaque.com\/cd\/?p=728"},"wordCount":156,"publisher":{"@id":"https:\/\/noticiasemdestaque.com\/cd\/#organization"},"image":{"@id":"https:\/\/noticiasemdestaque.com\/cd\/?p=728#primaryimage"},"thumbnailUrl":"http:\/\/caririemdestaque.com\/cd\/wp-content\/uploads\/2017\/06\/IMG-20170621-WA0008-400x367-300x275.jpg","articleSection":["Cidades"],"inLanguage":"pt-BR"},{"@type":"WebPage","@id":"https:\/\/noticiasemdestaque.com\/cd\/?p=728","url":"https:\/\/noticiasemdestaque.com\/cd\/?p=728","name":"Adriano Silva, Jorge de Altinho e Walkiria Santos se apresentam hoje em Sum\u00e9 - Not&iacute;cias em Destaque","isPartOf":{"@id":"https:\/\/noticiasemdestaque.com\/cd\/#website"},"primaryImageOfPage":{"@id":"https:\/\/noticiasemdestaque.com\/cd\/?p=728#primaryimage"},"image":{"@id":"https:\/\/noticiasemdestaque.com\/cd\/?p=728#primaryimage"},"thumbnailUrl":"http:\/\/caririemdestaque.com\/cd\/wp-content\/uploads\/2017\/06\/IMG-20170621-WA0008-400x367-300x275.jpg","datePublished":"2017-06-21T16:14:35+00:00","breadcrumb":{"@id":"https:\/\/noticiasemdestaque.com\/cd\/?p=728#breadcrumb"},"inLanguage":"pt-BR","potentialAction":[{"@type":"ReadAction","target":["https:\/\/noticiasemdestaque.com\/cd\/?p=728"]}]},{"@type":"ImageObject","inLanguage":"pt-BR","@id":"https:\/\/noticiasemdestaque.com\/cd\/?p=728#primaryimage","url":"http:\/\/caririemdestaque.com\/cd\/wp-content\/uploads\/2017\/06\/IMG-20170621-WA0008-400x367-300x275.jpg","contentUrl":"http:\/\/caririemdestaque.com\/cd\/wp-content\/uploads\/2017\/06\/IMG-20170621-WA0008-400x367-300x275.jpg"},{"@type":"BreadcrumbList","@id":"https:\/\/noticiasemdestaque.com\/cd\/?p=728#breadcrumb","itemListElement":[{"@type":"ListItem","position":1,"name":"In\u00edcio","item":"https:\/\/noticiasemdestaque.com\/cd\/"},{"@type":"ListItem","position":2,"name":"Adriano Silva, Jorge de Altinho e Walkiria Santos se apresentam hoje em Sum\u00e9"}]},{"@type":"WebSite","@id":"https:\/\/noticiasemdestaque.com\/cd\/#website","url":"https:\/\/noticiasemdestaque.com\/cd\/","name":"Not&iacute;cias em Destaque","description":"","publisher":{"@id":"https:\/\/noticiasemdestaque.com\/cd\/#organization"},"potentialAction":[{"@type":"SearchAction","target":{"@type":"EntryPoint","urlTemplate":"https:\/\/noticiasemdestaque.com\/cd\/?s={search_term_string}"},"query-input":{"@type":"PropertyValueSpecification","valueRequired":true,"valueName":"search_term_string"}}],"inLanguage":"pt-BR"},{"@type":"Organization","@id":"https:\/\/noticiasemdestaque.com\/cd\/#organization","name":"Not\u00edcias em Destaque","url":"https:\/\/noticiasemdestaque.com\/cd\/","logo":{"@type":"ImageObject","inLanguage":"pt-BR","@id":"https:\/\/noticiasemdestaque.com\/cd\/#\/schema\/logo\/image\/","url":"https:\/\/noticiasemdestaque.com\/cd\/wp-content\/uploads\/2022\/05\/imagem-base-noticiasemdestaque.png","contentUrl":"https:\/\/noticiasemdestaque.com\/cd\/wp-content\/uploads\/2022\/05\/imagem-base-noticiasemdestaque.png","width":1200,"height":630,"caption":"Not\u00edcias em Destaque"},"image":{"@id":"https:\/\/noticiasemdestaque.com\/cd\/#\/schema\/logo\/image\/"}},{"@type":"Person","@id":"https:\/\/noticiasemdestaque.com\/cd\/#\/schema\/person\/47f7d4f55eec17c6b2ca036c5500f6ce","name":"Not\u00edcias em Destaque","url":"https:\/\/noticiasemdestaque.com\/cd\/?author=2"}]}},"jetpack_featured_media_url":"","jetpack_sharing_enabled":true,"_links":{"self":[{"href":"https:\/\/noticiasemdestaque.com\/cd\/index.php?rest_route=\/wp\/v2\/posts\/728","targetHints":{"allow":["GET"]}}],"collection":[{"href":"https:\/\/noticiasemdestaque.com\/cd\/index.php?rest_route=\/wp\/v2\/posts"}],"about":[{"href":"https:\/\/noticiasemdestaque.com\/cd\/index.php?rest_route=\/wp\/v2\/types\/post"}],"author":[{"embeddable":true,"href":"https:\/\/noticiasemdestaque.com\/cd\/index.php?rest_route=\/wp\/v2\/users\/2"}],"replies":[{"embeddable":true,"href":"https:\/\/noticiasemdestaque.com\/cd\/index.php?rest_route=%2Fwp%2Fv2%2Fcomments&post=728"}],"version-history":[{"count":1,"href":"https:\/\/noticiasemdestaque.com\/cd\/index.php?rest_route=\/wp\/v2\/posts\/728\/revisions"}],"predecessor-version":[{"id":730,"href":"https:\/\/noticiasemdestaque.com\/cd\/index.php?rest_route=\/wp\/v2\/posts\/728\/revisions\/730"}],"wp:attachment":[{"href":"https:\/\/noticiasemdestaque.com\/cd\/index.php?rest_route=%2Fwp%2Fv2%2Fmedia&parent=728"}],"wp:term":[{"taxonomy":"category","embeddable":true,"href":"https:\/\/noticiasemdestaque.com\/cd\/index.php?rest_route=%2Fwp%2Fv2%2Fcategories&post=728"},{"taxonomy":"post_tag","embeddable":true,"href":"https:\/\/noticiasemdestaque.com\/cd\/index.php?rest_route=%2Fwp%2Fv2%2Ftags&post=728"}],"curies":[{"name":"wp","href":"https:\/\/api.w.org\/{rel}","templated":true}]}}