{"id":7229,"date":"2018-01-08T20:51:12","date_gmt":"2018-01-08T23:51:12","guid":{"rendered":"http:\/\/caririemdestaque.com\/cd\/?p=7229"},"modified":"2018-01-08T20:51:12","modified_gmt":"2018-01-08T23:51:12","slug":"jovem-afirma-que-esta-gravida-de-padre-reginaldo-manzotti","status":"publish","type":"post","link":"https:\/\/noticiasemdestaque.com\/cd\/?p=7229","title":{"rendered":"Jovem afirma que est\u00e1 gr\u00e1vida de padre Reginaldo Manzotti"},"content":{"rendered":"<p><a href=\"http:\/\/caririemdestaque.com\/cd\/wp-content\/uploads\/2018\/01\/12697452_10153482020452057_6869772705240832751_o.jpg\"><img fetchpriority=\"high\" decoding=\"async\" class=\" wp-image-7230 alignleft\" src=\"http:\/\/caririemdestaque.com\/cd\/wp-content\/uploads\/2018\/01\/12697452_10153482020452057_6869772705240832751_o-300x200.jpg\" alt=\"\" width=\"275\" height=\"183\" srcset=\"https:\/\/noticiasemdestaque.com\/cd\/wp-content\/uploads\/2018\/01\/12697452_10153482020452057_6869772705240832751_o-300x200.jpg 300w, https:\/\/noticiasemdestaque.com\/cd\/wp-content\/uploads\/2018\/01\/12697452_10153482020452057_6869772705240832751_o-768x512.jpg 768w, https:\/\/noticiasemdestaque.com\/cd\/wp-content\/uploads\/2018\/01\/12697452_10153482020452057_6869772705240832751_o-480x320.jpg 480w, https:\/\/noticiasemdestaque.com\/cd\/wp-content\/uploads\/2018\/01\/12697452_10153482020452057_6869772705240832751_o.jpg 840w\" sizes=\"(max-width: 275px) 100vw, 275px\" \/><\/a>O nome do padre Reginaldo Manzotti est\u00e1 envolvido em uma grande pol\u00eamica. Com mais de seis milh\u00f5es de seguidores no Facebook, a p\u00e1gina do sacerdote foi invadida com diversos coment\u00e1rios sobre a acusa\u00e7\u00e3o de que ele teria engravidado uma jovem de 21 anos. A informa\u00e7\u00e3o foi divulgada pelo programa \u201cFofocalizando\u201d, nesta segunda-feira (8\/1).<\/p>\n<p>A den\u00fancia foi feita pela jovem para um jornal do norte de Minas Gerais. A assessoria do padre nega as informa\u00e7\u00f5es. J\u00e1 a jovem diz que vai provar a gravidez com exames de DNA t\u00e3o logo a crian\u00e7a nascer.<\/p>\n<p>Por nota, o padre diz n\u00e3o conhecer\u00a0a mo\u00e7a e afirma ainda que exerce seu sacerd\u00f3cio de forma primorosa e fiel.<\/p>\n<p><strong><em>Cariri em Destaque<\/em><\/strong><\/p>\n<p>Com Metr\u00f3poles<\/p>\n","protected":false},"excerpt":{"rendered":"<p>O nome do padre Reginaldo Manzotti est\u00e1 envolvido em uma grande pol\u00eamica. Com mais de seis milh\u00f5es de seguidores no Facebook, a p\u00e1gina do sacerdote foi invadida com diversos coment\u00e1rios sobre a acusa\u00e7\u00e3o de que ele teria engravidado uma jovem de 21 anos. A informa\u00e7\u00e3o foi divulgada pelo programa \u201cFofocalizando\u201d, nesta segunda-feira (8\/1). A den\u00fancia foi feita pela jovem para um jornal do norte de Minas Gerais. A assessoria do padre nega as informa\u00e7\u00f5es. J\u00e1 a jovem diz que vai provar a gravidez com exames de DNA t\u00e3o logo a crian\u00e7a nascer. Por nota, o padre diz n\u00e3o conhecer\u00a0a mo\u00e7a e afirma ainda que exerce seu sacerd\u00f3cio de forma primorosa e fiel. Cariri em Destaque Com Metr\u00f3poles<\/p>\n","protected":false},"author":2,"featured_media":7230,"comment_status":"closed","ping_status":"open","sticky":false,"template":"","format":"standard","meta":{"_eb_attr":"","_jetpack_memberships_contains_paid_content":false,"footnotes":""},"categories":[1],"tags":[],"class_list":["post-7229","post","type-post","status-publish","format-standard","has-post-thumbnail","hentry","category-uncategorized"],"yoast_head":"<!-- This site is optimized with the Yoast SEO plugin v26.5 - https:\/\/yoast.com\/wordpress\/plugins\/seo\/ -->\n<title>Jovem afirma que est\u00e1 gr\u00e1vida de padre Reginaldo Manzotti - Not&iacute;cias em Destaque<\/title>\n<meta name=\"robots\" content=\"index, follow, max-snippet:-1, max-image-preview:large, max-video-preview:-1\" \/>\n<link rel=\"canonical\" href=\"https:\/\/noticiasemdestaque.com\/cd\/?p=7229\" \/>\n<meta property=\"og:locale\" content=\"pt_BR\" \/>\n<meta property=\"og:type\" content=\"article\" \/>\n<meta property=\"og:title\" content=\"Jovem afirma que est\u00e1 gr\u00e1vida de padre Reginaldo Manzotti - Not&iacute;cias em Destaque\" \/>\n<meta property=\"og:description\" content=\"O nome do padre Reginaldo Manzotti est\u00e1 envolvido em uma grande pol\u00eamica. Com mais de seis milh\u00f5es de seguidores no Facebook, a p\u00e1gina do sacerdote foi invadida com diversos coment\u00e1rios sobre a acusa\u00e7\u00e3o de que ele teria engravidado uma jovem de 21 anos. A informa\u00e7\u00e3o foi divulgada pelo programa \u201cFofocalizando\u201d, nesta segunda-feira (8\/1). A den\u00fancia foi feita pela jovem para um jornal do norte de Minas Gerais. A assessoria do padre nega as informa\u00e7\u00f5es. J\u00e1 a jovem diz que vai provar a gravidez com exames de DNA t\u00e3o logo a crian\u00e7a nascer. Por nota, o padre diz n\u00e3o conhecer\u00a0a mo\u00e7a e afirma ainda que exerce seu sacerd\u00f3cio de forma primorosa e fiel. Cariri em Destaque Com Metr\u00f3poles\" \/>\n<meta property=\"og:url\" content=\"https:\/\/noticiasemdestaque.com\/cd\/?p=7229\" \/>\n<meta property=\"og:site_name\" content=\"Not&iacute;cias em Destaque\" \/>\n<meta property=\"article:published_time\" content=\"2018-01-08T23:51:12+00:00\" \/>\n<meta property=\"og:image\" content=\"https:\/\/noticiasemdestaque.com\/cd\/wp-content\/uploads\/2018\/01\/12697452_10153482020452057_6869772705240832751_o.jpg\" \/>\n\t<meta property=\"og:image:width\" content=\"840\" \/>\n\t<meta property=\"og:image:height\" content=\"560\" \/>\n\t<meta property=\"og:image:type\" content=\"image\/jpeg\" \/>\n<meta name=\"author\" content=\"Not\u00edcias em Destaque\" \/>\n<meta name=\"twitter:card\" content=\"summary_large_image\" \/>\n<meta name=\"twitter:label1\" content=\"Escrito por\" \/>\n\t<meta name=\"twitter:data1\" content=\"Not\u00edcias em Destaque\" \/>\n\t<meta name=\"twitter:label2\" content=\"Est. tempo de leitura\" \/>\n\t<meta name=\"twitter:data2\" content=\"1 minuto\" \/>\n<script type=\"application\/ld+json\" class=\"yoast-schema-graph\">{\"@context\":\"https:\/\/schema.org\",\"@graph\":[{\"@type\":\"Article\",\"@id\":\"https:\/\/noticiasemdestaque.com\/cd\/?p=7229#article\",\"isPartOf\":{\"@id\":\"https:\/\/noticiasemdestaque.com\/cd\/?p=7229\"},\"author\":{\"name\":\"Not\u00edcias em Destaque\",\"@id\":\"https:\/\/noticiasemdestaque.com\/cd\/#\/schema\/person\/47f7d4f55eec17c6b2ca036c5500f6ce\"},\"headline\":\"Jovem afirma que est\u00e1 gr\u00e1vida de padre Reginaldo Manzotti\",\"datePublished\":\"2018-01-08T23:51:12+00:00\",\"mainEntityOfPage\":{\"@id\":\"https:\/\/noticiasemdestaque.com\/cd\/?p=7229\"},\"wordCount\":140,\"publisher\":{\"@id\":\"https:\/\/noticiasemdestaque.com\/cd\/#organization\"},\"image\":{\"@id\":\"https:\/\/noticiasemdestaque.com\/cd\/?p=7229#primaryimage\"},\"thumbnailUrl\":\"https:\/\/noticiasemdestaque.com\/cd\/wp-content\/uploads\/2018\/01\/12697452_10153482020452057_6869772705240832751_o.jpg\",\"articleSection\":[\"Uncategorized\"],\"inLanguage\":\"pt-BR\"},{\"@type\":\"WebPage\",\"@id\":\"https:\/\/noticiasemdestaque.com\/cd\/?p=7229\",\"url\":\"https:\/\/noticiasemdestaque.com\/cd\/?p=7229\",\"name\":\"Jovem afirma que est\u00e1 gr\u00e1vida de padre Reginaldo Manzotti - Not&iacute;cias em Destaque\",\"isPartOf\":{\"@id\":\"https:\/\/noticiasemdestaque.com\/cd\/#website\"},\"primaryImageOfPage\":{\"@id\":\"https:\/\/noticiasemdestaque.com\/cd\/?p=7229#primaryimage\"},\"image\":{\"@id\":\"https:\/\/noticiasemdestaque.com\/cd\/?p=7229#primaryimage\"},\"thumbnailUrl\":\"https:\/\/noticiasemdestaque.com\/cd\/wp-content\/uploads\/2018\/01\/12697452_10153482020452057_6869772705240832751_o.jpg\",\"datePublished\":\"2018-01-08T23:51:12+00:00\",\"breadcrumb\":{\"@id\":\"https:\/\/noticiasemdestaque.com\/cd\/?p=7229#breadcrumb\"},\"inLanguage\":\"pt-BR\",\"potentialAction\":[{\"@type\":\"ReadAction\",\"target\":[\"https:\/\/noticiasemdestaque.com\/cd\/?p=7229\"]}]},{\"@type\":\"ImageObject\",\"inLanguage\":\"pt-BR\",\"@id\":\"https:\/\/noticiasemdestaque.com\/cd\/?p=7229#primaryimage\",\"url\":\"https:\/\/noticiasemdestaque.com\/cd\/wp-content\/uploads\/2018\/01\/12697452_10153482020452057_6869772705240832751_o.jpg\",\"contentUrl\":\"https:\/\/noticiasemdestaque.com\/cd\/wp-content\/uploads\/2018\/01\/12697452_10153482020452057_6869772705240832751_o.jpg\",\"width\":840,\"height\":560},{\"@type\":\"BreadcrumbList\",\"@id\":\"https:\/\/noticiasemdestaque.com\/cd\/?p=7229#breadcrumb\",\"itemListElement\":[{\"@type\":\"ListItem\",\"position\":1,\"name\":\"In\u00edcio\",\"item\":\"https:\/\/noticiasemdestaque.com\/cd\/\"},{\"@type\":\"ListItem\",\"position\":2,\"name\":\"Jovem afirma que est\u00e1 gr\u00e1vida de padre Reginaldo Manzotti\"}]},{\"@type\":\"WebSite\",\"@id\":\"https:\/\/noticiasemdestaque.com\/cd\/#website\",\"url\":\"https:\/\/noticiasemdestaque.com\/cd\/\",\"name\":\"Not&iacute;cias em Destaque\",\"description\":\"\",\"publisher\":{\"@id\":\"https:\/\/noticiasemdestaque.com\/cd\/#organization\"},\"potentialAction\":[{\"@type\":\"SearchAction\",\"target\":{\"@type\":\"EntryPoint\",\"urlTemplate\":\"https:\/\/noticiasemdestaque.com\/cd\/?s={search_term_string}\"},\"query-input\":{\"@type\":\"PropertyValueSpecification\",\"valueRequired\":true,\"valueName\":\"search_term_string\"}}],\"inLanguage\":\"pt-BR\"},{\"@type\":\"Organization\",\"@id\":\"https:\/\/noticiasemdestaque.com\/cd\/#organization\",\"name\":\"Not\u00edcias em Destaque\",\"url\":\"https:\/\/noticiasemdestaque.com\/cd\/\",\"logo\":{\"@type\":\"ImageObject\",\"inLanguage\":\"pt-BR\",\"@id\":\"https:\/\/noticiasemdestaque.com\/cd\/#\/schema\/logo\/image\/\",\"url\":\"https:\/\/noticiasemdestaque.com\/cd\/wp-content\/uploads\/2022\/05\/imagem-base-noticiasemdestaque.png\",\"contentUrl\":\"https:\/\/noticiasemdestaque.com\/cd\/wp-content\/uploads\/2022\/05\/imagem-base-noticiasemdestaque.png\",\"width\":1200,\"height\":630,\"caption\":\"Not\u00edcias em Destaque\"},\"image\":{\"@id\":\"https:\/\/noticiasemdestaque.com\/cd\/#\/schema\/logo\/image\/\"}},{\"@type\":\"Person\",\"@id\":\"https:\/\/noticiasemdestaque.com\/cd\/#\/schema\/person\/47f7d4f55eec17c6b2ca036c5500f6ce\",\"name\":\"Not\u00edcias em Destaque\",\"url\":\"https:\/\/noticiasemdestaque.com\/cd\/?author=2\"}]}<\/script>\n<!-- \/ Yoast SEO plugin. -->","yoast_head_json":{"title":"Jovem afirma que est\u00e1 gr\u00e1vida de padre Reginaldo Manzotti - Not&iacute;cias em Destaque","robots":{"index":"index","follow":"follow","max-snippet":"max-snippet:-1","max-image-preview":"max-image-preview:large","max-video-preview":"max-video-preview:-1"},"canonical":"https:\/\/noticiasemdestaque.com\/cd\/?p=7229","og_locale":"pt_BR","og_type":"article","og_title":"Jovem afirma que est\u00e1 gr\u00e1vida de padre Reginaldo Manzotti - Not&iacute;cias em Destaque","og_description":"O nome do padre Reginaldo Manzotti est\u00e1 envolvido em uma grande pol\u00eamica. Com mais de seis milh\u00f5es de seguidores no Facebook, a p\u00e1gina do sacerdote foi invadida com diversos coment\u00e1rios sobre a acusa\u00e7\u00e3o de que ele teria engravidado uma jovem de 21 anos. A informa\u00e7\u00e3o foi divulgada pelo programa \u201cFofocalizando\u201d, nesta segunda-feira (8\/1). A den\u00fancia foi feita pela jovem para um jornal do norte de Minas Gerais. A assessoria do padre nega as informa\u00e7\u00f5es. J\u00e1 a jovem diz que vai provar a gravidez com exames de DNA t\u00e3o logo a crian\u00e7a nascer. Por nota, o padre diz n\u00e3o conhecer\u00a0a mo\u00e7a e afirma ainda que exerce seu sacerd\u00f3cio de forma primorosa e fiel. Cariri em Destaque Com Metr\u00f3poles","og_url":"https:\/\/noticiasemdestaque.com\/cd\/?p=7229","og_site_name":"Not&iacute;cias em Destaque","article_published_time":"2018-01-08T23:51:12+00:00","og_image":[{"width":840,"height":560,"url":"https:\/\/noticiasemdestaque.com\/cd\/wp-content\/uploads\/2018\/01\/12697452_10153482020452057_6869772705240832751_o.jpg","type":"image\/jpeg"}],"author":"Not\u00edcias em Destaque","twitter_card":"summary_large_image","twitter_misc":{"Escrito por":"Not\u00edcias em Destaque","Est. tempo de leitura":"1 minuto"},"schema":{"@context":"https:\/\/schema.org","@graph":[{"@type":"Article","@id":"https:\/\/noticiasemdestaque.com\/cd\/?p=7229#article","isPartOf":{"@id":"https:\/\/noticiasemdestaque.com\/cd\/?p=7229"},"author":{"name":"Not\u00edcias em Destaque","@id":"https:\/\/noticiasemdestaque.com\/cd\/#\/schema\/person\/47f7d4f55eec17c6b2ca036c5500f6ce"},"headline":"Jovem afirma que est\u00e1 gr\u00e1vida de padre Reginaldo Manzotti","datePublished":"2018-01-08T23:51:12+00:00","mainEntityOfPage":{"@id":"https:\/\/noticiasemdestaque.com\/cd\/?p=7229"},"wordCount":140,"publisher":{"@id":"https:\/\/noticiasemdestaque.com\/cd\/#organization"},"image":{"@id":"https:\/\/noticiasemdestaque.com\/cd\/?p=7229#primaryimage"},"thumbnailUrl":"https:\/\/noticiasemdestaque.com\/cd\/wp-content\/uploads\/2018\/01\/12697452_10153482020452057_6869772705240832751_o.jpg","articleSection":["Uncategorized"],"inLanguage":"pt-BR"},{"@type":"WebPage","@id":"https:\/\/noticiasemdestaque.com\/cd\/?p=7229","url":"https:\/\/noticiasemdestaque.com\/cd\/?p=7229","name":"Jovem afirma que est\u00e1 gr\u00e1vida de padre Reginaldo Manzotti - Not&iacute;cias em Destaque","isPartOf":{"@id":"https:\/\/noticiasemdestaque.com\/cd\/#website"},"primaryImageOfPage":{"@id":"https:\/\/noticiasemdestaque.com\/cd\/?p=7229#primaryimage"},"image":{"@id":"https:\/\/noticiasemdestaque.com\/cd\/?p=7229#primaryimage"},"thumbnailUrl":"https:\/\/noticiasemdestaque.com\/cd\/wp-content\/uploads\/2018\/01\/12697452_10153482020452057_6869772705240832751_o.jpg","datePublished":"2018-01-08T23:51:12+00:00","breadcrumb":{"@id":"https:\/\/noticiasemdestaque.com\/cd\/?p=7229#breadcrumb"},"inLanguage":"pt-BR","potentialAction":[{"@type":"ReadAction","target":["https:\/\/noticiasemdestaque.com\/cd\/?p=7229"]}]},{"@type":"ImageObject","inLanguage":"pt-BR","@id":"https:\/\/noticiasemdestaque.com\/cd\/?p=7229#primaryimage","url":"https:\/\/noticiasemdestaque.com\/cd\/wp-content\/uploads\/2018\/01\/12697452_10153482020452057_6869772705240832751_o.jpg","contentUrl":"https:\/\/noticiasemdestaque.com\/cd\/wp-content\/uploads\/2018\/01\/12697452_10153482020452057_6869772705240832751_o.jpg","width":840,"height":560},{"@type":"BreadcrumbList","@id":"https:\/\/noticiasemdestaque.com\/cd\/?p=7229#breadcrumb","itemListElement":[{"@type":"ListItem","position":1,"name":"In\u00edcio","item":"https:\/\/noticiasemdestaque.com\/cd\/"},{"@type":"ListItem","position":2,"name":"Jovem afirma que est\u00e1 gr\u00e1vida de padre Reginaldo Manzotti"}]},{"@type":"WebSite","@id":"https:\/\/noticiasemdestaque.com\/cd\/#website","url":"https:\/\/noticiasemdestaque.com\/cd\/","name":"Not&iacute;cias em Destaque","description":"","publisher":{"@id":"https:\/\/noticiasemdestaque.com\/cd\/#organization"},"potentialAction":[{"@type":"SearchAction","target":{"@type":"EntryPoint","urlTemplate":"https:\/\/noticiasemdestaque.com\/cd\/?s={search_term_string}"},"query-input":{"@type":"PropertyValueSpecification","valueRequired":true,"valueName":"search_term_string"}}],"inLanguage":"pt-BR"},{"@type":"Organization","@id":"https:\/\/noticiasemdestaque.com\/cd\/#organization","name":"Not\u00edcias em Destaque","url":"https:\/\/noticiasemdestaque.com\/cd\/","logo":{"@type":"ImageObject","inLanguage":"pt-BR","@id":"https:\/\/noticiasemdestaque.com\/cd\/#\/schema\/logo\/image\/","url":"https:\/\/noticiasemdestaque.com\/cd\/wp-content\/uploads\/2022\/05\/imagem-base-noticiasemdestaque.png","contentUrl":"https:\/\/noticiasemdestaque.com\/cd\/wp-content\/uploads\/2022\/05\/imagem-base-noticiasemdestaque.png","width":1200,"height":630,"caption":"Not\u00edcias em Destaque"},"image":{"@id":"https:\/\/noticiasemdestaque.com\/cd\/#\/schema\/logo\/image\/"}},{"@type":"Person","@id":"https:\/\/noticiasemdestaque.com\/cd\/#\/schema\/person\/47f7d4f55eec17c6b2ca036c5500f6ce","name":"Not\u00edcias em Destaque","url":"https:\/\/noticiasemdestaque.com\/cd\/?author=2"}]}},"jetpack_featured_media_url":"https:\/\/noticiasemdestaque.com\/cd\/wp-content\/uploads\/2018\/01\/12697452_10153482020452057_6869772705240832751_o.jpg","jetpack_sharing_enabled":true,"_links":{"self":[{"href":"https:\/\/noticiasemdestaque.com\/cd\/index.php?rest_route=\/wp\/v2\/posts\/7229","targetHints":{"allow":["GET"]}}],"collection":[{"href":"https:\/\/noticiasemdestaque.com\/cd\/index.php?rest_route=\/wp\/v2\/posts"}],"about":[{"href":"https:\/\/noticiasemdestaque.com\/cd\/index.php?rest_route=\/wp\/v2\/types\/post"}],"author":[{"embeddable":true,"href":"https:\/\/noticiasemdestaque.com\/cd\/index.php?rest_route=\/wp\/v2\/users\/2"}],"replies":[{"embeddable":true,"href":"https:\/\/noticiasemdestaque.com\/cd\/index.php?rest_route=%2Fwp%2Fv2%2Fcomments&post=7229"}],"version-history":[{"count":1,"href":"https:\/\/noticiasemdestaque.com\/cd\/index.php?rest_route=\/wp\/v2\/posts\/7229\/revisions"}],"predecessor-version":[{"id":7231,"href":"https:\/\/noticiasemdestaque.com\/cd\/index.php?rest_route=\/wp\/v2\/posts\/7229\/revisions\/7231"}],"wp:featuredmedia":[{"embeddable":true,"href":"https:\/\/noticiasemdestaque.com\/cd\/index.php?rest_route=\/wp\/v2\/media\/7230"}],"wp:attachment":[{"href":"https:\/\/noticiasemdestaque.com\/cd\/index.php?rest_route=%2Fwp%2Fv2%2Fmedia&parent=7229"}],"wp:term":[{"taxonomy":"category","embeddable":true,"href":"https:\/\/noticiasemdestaque.com\/cd\/index.php?rest_route=%2Fwp%2Fv2%2Fcategories&post=7229"},{"taxonomy":"post_tag","embeddable":true,"href":"https:\/\/noticiasemdestaque.com\/cd\/index.php?rest_route=%2Fwp%2Fv2%2Ftags&post=7229"}],"curies":[{"name":"wp","href":"https:\/\/api.w.org\/{rel}","templated":true}]}}