{"id":72213,"date":"2025-08-11T19:34:30","date_gmt":"2025-08-11T22:34:30","guid":{"rendered":"https:\/\/noticiasemdestaque.com\/cd\/?p=72213"},"modified":"2025-08-11T19:34:30","modified_gmt":"2025-08-11T22:34:30","slug":"prefeito-genivaldo-se-reune-com-produtores-e-define-premiacao-do-torneio-leiteiro-municipal","status":"publish","type":"post","link":"https:\/\/noticiasemdestaque.com\/cd\/?p=72213","title":{"rendered":"Prefeito Genivaldo se re\u00fane com produtores e define premia\u00e7\u00e3o do Torneio Leiteiro Municipal"},"content":{"rendered":"<p><a href=\"https:\/\/noticiasemdestaque.com\/cd\/wp-content\/uploads\/2025\/08\/ecaf2a36-6fcd-40bc-a656-ce2397a007a8-1024x481-1.webp\"><img fetchpriority=\"high\" decoding=\"async\" class=\" wp-image-72214 aligncenter\" src=\"https:\/\/noticiasemdestaque.com\/cd\/wp-content\/uploads\/2025\/08\/ecaf2a36-6fcd-40bc-a656-ce2397a007a8-1024x481-1-300x141.webp\" alt=\"\" width=\"1011\" height=\"475\" srcset=\"https:\/\/noticiasemdestaque.com\/cd\/wp-content\/uploads\/2025\/08\/ecaf2a36-6fcd-40bc-a656-ce2397a007a8-1024x481-1-300x141.webp 300w, https:\/\/noticiasemdestaque.com\/cd\/wp-content\/uploads\/2025\/08\/ecaf2a36-6fcd-40bc-a656-ce2397a007a8-1024x481-1-768x361.webp 768w, https:\/\/noticiasemdestaque.com\/cd\/wp-content\/uploads\/2025\/08\/ecaf2a36-6fcd-40bc-a656-ce2397a007a8-1024x481-1.webp 1024w\" sizes=\"(max-width: 1011px) 100vw, 1011px\" \/><\/a><\/p>\n<p>O prefeito Genivaldo Temb\u00f3rio realizou uma importante reuni\u00e3o com produtores rurais e participantes locais para discutir os detalhes da pr\u00f3xima edi\u00e7\u00e3o do Torneio Leiteiro Municipal. O encontro teve como objetivo principal ouvir sugest\u00f5es da comunidade e definir a premia\u00e7\u00e3o do evento, que \u00e9 um dos mais aguardados do calend\u00e1rio agropecu\u00e1rio da regi\u00e3o.<\/p>\n<p>Durante a reuni\u00e3o, ficou acordado que o torneio contar\u00e1 com um valor total de R$ 20 mil em premia\u00e7\u00e3o, al\u00e9m de benef\u00edcios extras que v\u00e3o impulsionar o setor rural.<\/p>\n<p>Entre os pr\u00eamios adicionais j\u00e1 confirmados est\u00e3o:<\/p>\n<ul class=\"wp-block-list\">\n<li>Perfura\u00e7\u00e3o de um po\u00e7o artesiano, patrocinado pelo empres\u00e1rio Jonielson, da empresa JC Po\u00e7os;<\/li>\n<li>Equipamentos de instala\u00e7\u00e3o, como bomba e cabos, oferecidos pela empresa Estrela Material de Constru\u00e7\u00e3o, dos empres\u00e1rios Jonailson e Larissa;<\/li>\n<li>Caixa d\u2019\u00e1gua, doada pelo empres\u00e1rio Paulo Fernandes, da TV do Bode;<\/li>\n<li>Valor em dinheiro de R$ 1.000,00, patrocinado pelo empres\u00e1rio Anderson Brito.<\/li>\n<\/ul>\n<p>A iniciativa mostra o comprometimento da gest\u00e3o municipal com o fortalecimento da agricultura familiar e da pecu\u00e1ria leiteira, al\u00e9m de destacar o apoio da iniciativa privada em a\u00e7\u00f5es que promovem o desenvolvimento do campo.<\/p>\n<blockquote><p>\u201cEstamos valorizando quem trabalha de sol a sol para produzir alimento. O Torneio Leiteiro \u00e9 mais que uma competi\u00e7\u00e3o: \u00e9 um momento de reconhecimento e incentivo aos nossos produtores\u201d, destacou o prefeito Genivaldo.<\/p><\/blockquote>\n<p>A expectativa \u00e9 que o torneio re\u00fana dezenas de produtores locais, promovendo integra\u00e7\u00e3o, troca de experi\u00eancias e fortalecendo a economia rural do munic\u00edpio.<\/p>\n<p><strong>Noticias em Destaque<\/strong><\/p>\n<p style=\"text-align: right;\"><em>Fonte: Blog do Andr\u00e9<\/em><\/p>\n","protected":false},"excerpt":{"rendered":"<p>O prefeito Genivaldo Temb\u00f3rio realizou uma importante reuni\u00e3o com produtores rurais e participantes locais para discutir os detalhes da pr\u00f3xima edi\u00e7\u00e3o do Torneio Leiteiro Municipal. O encontro teve como objetivo principal ouvir sugest\u00f5es da comunidade e definir a premia\u00e7\u00e3o do evento, que \u00e9 um dos mais aguardados do calend\u00e1rio agropecu\u00e1rio da regi\u00e3o. Durante a reuni\u00e3o, ficou acordado que o torneio contar\u00e1 com um valor total de R$ 20 mil em premia\u00e7\u00e3o, al\u00e9m de benef\u00edcios extras que v\u00e3o impulsionar o setor rural. Entre os pr\u00eamios adicionais j\u00e1 confirmados est\u00e3o: Perfura\u00e7\u00e3o de um po\u00e7o artesiano, patrocinado pelo empres\u00e1rio Jonielson, da empresa JC Po\u00e7os; Equipamentos de instala\u00e7\u00e3o, como bomba e cabos, oferecidos pela empresa Estrela Material de Constru\u00e7\u00e3o, dos empres\u00e1rios Jonailson e Larissa; Caixa d\u2019\u00e1gua, doada pelo empres\u00e1rio Paulo Fernandes, da TV do Bode; Valor em dinheiro de R$ 1.000,00, patrocinado pelo empres\u00e1rio Anderson Brito. A iniciativa mostra o comprometimento da gest\u00e3o municipal com o fortalecimento da agricultura familiar e da pecu\u00e1ria leiteira, al\u00e9m de destacar o apoio da iniciativa privada em a\u00e7\u00f5es que promovem o desenvolvimento do campo. \u201cEstamos valorizando quem trabalha de sol a sol para produzir alimento. O Torneio Leiteiro \u00e9 mais que uma competi\u00e7\u00e3o: \u00e9 um momento de reconhecimento e incentivo aos nossos produtores\u201d, destacou o prefeito Genivaldo. A expectativa \u00e9 que o torneio re\u00fana dezenas de produtores locais, promovendo integra\u00e7\u00e3o, troca de experi\u00eancias e fortalecendo a economia rural do munic\u00edpio. Noticias em Destaque Fonte: Blog do Andr\u00e9<\/p>\n","protected":false},"author":2,"featured_media":72214,"comment_status":"closed","ping_status":"closed","sticky":false,"template":"","format":"standard","meta":{"_eb_attr":"","_jetpack_memberships_contains_paid_content":false,"footnotes":""},"categories":[3],"tags":[],"class_list":["post-72213","post","type-post","status-publish","format-standard","has-post-thumbnail","hentry","category-cidades"],"yoast_head":"<!-- This site is optimized with the Yoast SEO plugin v26.5 - https:\/\/yoast.com\/wordpress\/plugins\/seo\/ -->\n<title>Prefeito Genivaldo se re\u00fane com produtores e define premia\u00e7\u00e3o do Torneio Leiteiro Municipal - Not&iacute;cias em Destaque<\/title>\n<meta name=\"robots\" content=\"index, follow, max-snippet:-1, max-image-preview:large, max-video-preview:-1\" \/>\n<link rel=\"canonical\" href=\"https:\/\/noticiasemdestaque.com\/cd\/?p=72213\" \/>\n<meta property=\"og:locale\" content=\"pt_BR\" \/>\n<meta property=\"og:type\" content=\"article\" \/>\n<meta property=\"og:title\" content=\"Prefeito Genivaldo se re\u00fane com produtores e define premia\u00e7\u00e3o do Torneio Leiteiro Municipal - Not&iacute;cias em Destaque\" \/>\n<meta property=\"og:description\" content=\"O prefeito Genivaldo Temb\u00f3rio realizou uma importante reuni\u00e3o com produtores rurais e participantes locais para discutir os detalhes da pr\u00f3xima edi\u00e7\u00e3o do Torneio Leiteiro Municipal. O encontro teve como objetivo principal ouvir sugest\u00f5es da comunidade e definir a premia\u00e7\u00e3o do evento, que \u00e9 um dos mais aguardados do calend\u00e1rio agropecu\u00e1rio da regi\u00e3o. Durante a reuni\u00e3o, ficou acordado que o torneio contar\u00e1 com um valor total de R$ 20 mil em premia\u00e7\u00e3o, al\u00e9m de benef\u00edcios extras que v\u00e3o impulsionar o setor rural. Entre os pr\u00eamios adicionais j\u00e1 confirmados est\u00e3o: Perfura\u00e7\u00e3o de um po\u00e7o artesiano, patrocinado pelo empres\u00e1rio Jonielson, da empresa JC Po\u00e7os; Equipamentos de instala\u00e7\u00e3o, como bomba e cabos, oferecidos pela empresa Estrela Material de Constru\u00e7\u00e3o, dos empres\u00e1rios Jonailson e Larissa; Caixa d\u2019\u00e1gua, doada pelo empres\u00e1rio Paulo Fernandes, da TV do Bode; Valor em dinheiro de R$ 1.000,00, patrocinado pelo empres\u00e1rio Anderson Brito. A iniciativa mostra o comprometimento da gest\u00e3o municipal com o fortalecimento da agricultura familiar e da pecu\u00e1ria leiteira, al\u00e9m de destacar o apoio da iniciativa privada em a\u00e7\u00f5es que promovem o desenvolvimento do campo. \u201cEstamos valorizando quem trabalha de sol a sol para produzir alimento. O Torneio Leiteiro \u00e9 mais que uma competi\u00e7\u00e3o: \u00e9 um momento de reconhecimento e incentivo aos nossos produtores\u201d, destacou o prefeito Genivaldo. A expectativa \u00e9 que o torneio re\u00fana dezenas de produtores locais, promovendo integra\u00e7\u00e3o, troca de experi\u00eancias e fortalecendo a economia rural do munic\u00edpio. Noticias em Destaque Fonte: Blog do Andr\u00e9\" \/>\n<meta property=\"og:url\" content=\"https:\/\/noticiasemdestaque.com\/cd\/?p=72213\" \/>\n<meta property=\"og:site_name\" content=\"Not&iacute;cias em Destaque\" \/>\n<meta property=\"article:published_time\" content=\"2025-08-11T22:34:30+00:00\" \/>\n<meta property=\"og:image\" content=\"https:\/\/noticiasemdestaque.com\/cd\/wp-content\/uploads\/2025\/08\/ecaf2a36-6fcd-40bc-a656-ce2397a007a8-1024x481-1.webp\" \/>\n\t<meta property=\"og:image:width\" content=\"1024\" \/>\n\t<meta property=\"og:image:height\" content=\"481\" \/>\n\t<meta property=\"og:image:type\" content=\"image\/webp\" \/>\n<meta name=\"author\" content=\"Not\u00edcias em Destaque\" \/>\n<meta name=\"twitter:card\" content=\"summary_large_image\" \/>\n<meta name=\"twitter:label1\" content=\"Escrito por\" \/>\n\t<meta name=\"twitter:data1\" content=\"Not\u00edcias em Destaque\" \/>\n\t<meta name=\"twitter:label2\" content=\"Est. tempo de leitura\" \/>\n\t<meta name=\"twitter:data2\" content=\"2 minutos\" \/>\n<script type=\"application\/ld+json\" class=\"yoast-schema-graph\">{\"@context\":\"https:\/\/schema.org\",\"@graph\":[{\"@type\":\"Article\",\"@id\":\"https:\/\/noticiasemdestaque.com\/cd\/?p=72213#article\",\"isPartOf\":{\"@id\":\"https:\/\/noticiasemdestaque.com\/cd\/?p=72213\"},\"author\":{\"name\":\"Not\u00edcias em Destaque\",\"@id\":\"https:\/\/noticiasemdestaque.com\/cd\/#\/schema\/person\/47f7d4f55eec17c6b2ca036c5500f6ce\"},\"headline\":\"Prefeito Genivaldo se re\u00fane com produtores e define premia\u00e7\u00e3o do Torneio Leiteiro Municipal\",\"datePublished\":\"2025-08-11T22:34:30+00:00\",\"mainEntityOfPage\":{\"@id\":\"https:\/\/noticiasemdestaque.com\/cd\/?p=72213\"},\"wordCount\":283,\"publisher\":{\"@id\":\"https:\/\/noticiasemdestaque.com\/cd\/#organization\"},\"image\":{\"@id\":\"https:\/\/noticiasemdestaque.com\/cd\/?p=72213#primaryimage\"},\"thumbnailUrl\":\"https:\/\/noticiasemdestaque.com\/cd\/wp-content\/uploads\/2025\/08\/ecaf2a36-6fcd-40bc-a656-ce2397a007a8-1024x481-1.webp\",\"articleSection\":[\"Cidades\"],\"inLanguage\":\"pt-BR\"},{\"@type\":\"WebPage\",\"@id\":\"https:\/\/noticiasemdestaque.com\/cd\/?p=72213\",\"url\":\"https:\/\/noticiasemdestaque.com\/cd\/?p=72213\",\"name\":\"Prefeito Genivaldo se re\u00fane com produtores e define premia\u00e7\u00e3o do Torneio Leiteiro Municipal - Not&iacute;cias em Destaque\",\"isPartOf\":{\"@id\":\"https:\/\/noticiasemdestaque.com\/cd\/#website\"},\"primaryImageOfPage\":{\"@id\":\"https:\/\/noticiasemdestaque.com\/cd\/?p=72213#primaryimage\"},\"image\":{\"@id\":\"https:\/\/noticiasemdestaque.com\/cd\/?p=72213#primaryimage\"},\"thumbnailUrl\":\"https:\/\/noticiasemdestaque.com\/cd\/wp-content\/uploads\/2025\/08\/ecaf2a36-6fcd-40bc-a656-ce2397a007a8-1024x481-1.webp\",\"datePublished\":\"2025-08-11T22:34:30+00:00\",\"breadcrumb\":{\"@id\":\"https:\/\/noticiasemdestaque.com\/cd\/?p=72213#breadcrumb\"},\"inLanguage\":\"pt-BR\",\"potentialAction\":[{\"@type\":\"ReadAction\",\"target\":[\"https:\/\/noticiasemdestaque.com\/cd\/?p=72213\"]}]},{\"@type\":\"ImageObject\",\"inLanguage\":\"pt-BR\",\"@id\":\"https:\/\/noticiasemdestaque.com\/cd\/?p=72213#primaryimage\",\"url\":\"https:\/\/noticiasemdestaque.com\/cd\/wp-content\/uploads\/2025\/08\/ecaf2a36-6fcd-40bc-a656-ce2397a007a8-1024x481-1.webp\",\"contentUrl\":\"https:\/\/noticiasemdestaque.com\/cd\/wp-content\/uploads\/2025\/08\/ecaf2a36-6fcd-40bc-a656-ce2397a007a8-1024x481-1.webp\",\"width\":1024,\"height\":481},{\"@type\":\"BreadcrumbList\",\"@id\":\"https:\/\/noticiasemdestaque.com\/cd\/?p=72213#breadcrumb\",\"itemListElement\":[{\"@type\":\"ListItem\",\"position\":1,\"name\":\"In\u00edcio\",\"item\":\"https:\/\/noticiasemdestaque.com\/cd\/\"},{\"@type\":\"ListItem\",\"position\":2,\"name\":\"Prefeito Genivaldo se re\u00fane com produtores e define premia\u00e7\u00e3o do Torneio Leiteiro Municipal\"}]},{\"@type\":\"WebSite\",\"@id\":\"https:\/\/noticiasemdestaque.com\/cd\/#website\",\"url\":\"https:\/\/noticiasemdestaque.com\/cd\/\",\"name\":\"Not&iacute;cias em Destaque\",\"description\":\"\",\"publisher\":{\"@id\":\"https:\/\/noticiasemdestaque.com\/cd\/#organization\"},\"potentialAction\":[{\"@type\":\"SearchAction\",\"target\":{\"@type\":\"EntryPoint\",\"urlTemplate\":\"https:\/\/noticiasemdestaque.com\/cd\/?s={search_term_string}\"},\"query-input\":{\"@type\":\"PropertyValueSpecification\",\"valueRequired\":true,\"valueName\":\"search_term_string\"}}],\"inLanguage\":\"pt-BR\"},{\"@type\":\"Organization\",\"@id\":\"https:\/\/noticiasemdestaque.com\/cd\/#organization\",\"name\":\"Not\u00edcias em Destaque\",\"url\":\"https:\/\/noticiasemdestaque.com\/cd\/\",\"logo\":{\"@type\":\"ImageObject\",\"inLanguage\":\"pt-BR\",\"@id\":\"https:\/\/noticiasemdestaque.com\/cd\/#\/schema\/logo\/image\/\",\"url\":\"https:\/\/noticiasemdestaque.com\/cd\/wp-content\/uploads\/2022\/05\/imagem-base-noticiasemdestaque.png\",\"contentUrl\":\"https:\/\/noticiasemdestaque.com\/cd\/wp-content\/uploads\/2022\/05\/imagem-base-noticiasemdestaque.png\",\"width\":1200,\"height\":630,\"caption\":\"Not\u00edcias em Destaque\"},\"image\":{\"@id\":\"https:\/\/noticiasemdestaque.com\/cd\/#\/schema\/logo\/image\/\"}},{\"@type\":\"Person\",\"@id\":\"https:\/\/noticiasemdestaque.com\/cd\/#\/schema\/person\/47f7d4f55eec17c6b2ca036c5500f6ce\",\"name\":\"Not\u00edcias em Destaque\",\"url\":\"https:\/\/noticiasemdestaque.com\/cd\/?author=2\"}]}<\/script>\n<!-- \/ Yoast SEO plugin. -->","yoast_head_json":{"title":"Prefeito Genivaldo se re\u00fane com produtores e define premia\u00e7\u00e3o do Torneio Leiteiro Municipal - Not&iacute;cias em Destaque","robots":{"index":"index","follow":"follow","max-snippet":"max-snippet:-1","max-image-preview":"max-image-preview:large","max-video-preview":"max-video-preview:-1"},"canonical":"https:\/\/noticiasemdestaque.com\/cd\/?p=72213","og_locale":"pt_BR","og_type":"article","og_title":"Prefeito Genivaldo se re\u00fane com produtores e define premia\u00e7\u00e3o do Torneio Leiteiro Municipal - Not&iacute;cias em Destaque","og_description":"O prefeito Genivaldo Temb\u00f3rio realizou uma importante reuni\u00e3o com produtores rurais e participantes locais para discutir os detalhes da pr\u00f3xima edi\u00e7\u00e3o do Torneio Leiteiro Municipal. O encontro teve como objetivo principal ouvir sugest\u00f5es da comunidade e definir a premia\u00e7\u00e3o do evento, que \u00e9 um dos mais aguardados do calend\u00e1rio agropecu\u00e1rio da regi\u00e3o. Durante a reuni\u00e3o, ficou acordado que o torneio contar\u00e1 com um valor total de R$ 20 mil em premia\u00e7\u00e3o, al\u00e9m de benef\u00edcios extras que v\u00e3o impulsionar o setor rural. Entre os pr\u00eamios adicionais j\u00e1 confirmados est\u00e3o: Perfura\u00e7\u00e3o de um po\u00e7o artesiano, patrocinado pelo empres\u00e1rio Jonielson, da empresa JC Po\u00e7os; Equipamentos de instala\u00e7\u00e3o, como bomba e cabos, oferecidos pela empresa Estrela Material de Constru\u00e7\u00e3o, dos empres\u00e1rios Jonailson e Larissa; Caixa d\u2019\u00e1gua, doada pelo empres\u00e1rio Paulo Fernandes, da TV do Bode; Valor em dinheiro de R$ 1.000,00, patrocinado pelo empres\u00e1rio Anderson Brito. A iniciativa mostra o comprometimento da gest\u00e3o municipal com o fortalecimento da agricultura familiar e da pecu\u00e1ria leiteira, al\u00e9m de destacar o apoio da iniciativa privada em a\u00e7\u00f5es que promovem o desenvolvimento do campo. \u201cEstamos valorizando quem trabalha de sol a sol para produzir alimento. O Torneio Leiteiro \u00e9 mais que uma competi\u00e7\u00e3o: \u00e9 um momento de reconhecimento e incentivo aos nossos produtores\u201d, destacou o prefeito Genivaldo. A expectativa \u00e9 que o torneio re\u00fana dezenas de produtores locais, promovendo integra\u00e7\u00e3o, troca de experi\u00eancias e fortalecendo a economia rural do munic\u00edpio. Noticias em Destaque Fonte: Blog do Andr\u00e9","og_url":"https:\/\/noticiasemdestaque.com\/cd\/?p=72213","og_site_name":"Not&iacute;cias em Destaque","article_published_time":"2025-08-11T22:34:30+00:00","og_image":[{"width":1024,"height":481,"url":"https:\/\/noticiasemdestaque.com\/cd\/wp-content\/uploads\/2025\/08\/ecaf2a36-6fcd-40bc-a656-ce2397a007a8-1024x481-1.webp","type":"image\/webp"}],"author":"Not\u00edcias em Destaque","twitter_card":"summary_large_image","twitter_misc":{"Escrito por":"Not\u00edcias em Destaque","Est. tempo de leitura":"2 minutos"},"schema":{"@context":"https:\/\/schema.org","@graph":[{"@type":"Article","@id":"https:\/\/noticiasemdestaque.com\/cd\/?p=72213#article","isPartOf":{"@id":"https:\/\/noticiasemdestaque.com\/cd\/?p=72213"},"author":{"name":"Not\u00edcias em Destaque","@id":"https:\/\/noticiasemdestaque.com\/cd\/#\/schema\/person\/47f7d4f55eec17c6b2ca036c5500f6ce"},"headline":"Prefeito Genivaldo se re\u00fane com produtores e define premia\u00e7\u00e3o do Torneio Leiteiro Municipal","datePublished":"2025-08-11T22:34:30+00:00","mainEntityOfPage":{"@id":"https:\/\/noticiasemdestaque.com\/cd\/?p=72213"},"wordCount":283,"publisher":{"@id":"https:\/\/noticiasemdestaque.com\/cd\/#organization"},"image":{"@id":"https:\/\/noticiasemdestaque.com\/cd\/?p=72213#primaryimage"},"thumbnailUrl":"https:\/\/noticiasemdestaque.com\/cd\/wp-content\/uploads\/2025\/08\/ecaf2a36-6fcd-40bc-a656-ce2397a007a8-1024x481-1.webp","articleSection":["Cidades"],"inLanguage":"pt-BR"},{"@type":"WebPage","@id":"https:\/\/noticiasemdestaque.com\/cd\/?p=72213","url":"https:\/\/noticiasemdestaque.com\/cd\/?p=72213","name":"Prefeito Genivaldo se re\u00fane com produtores e define premia\u00e7\u00e3o do Torneio Leiteiro Municipal - Not&iacute;cias em Destaque","isPartOf":{"@id":"https:\/\/noticiasemdestaque.com\/cd\/#website"},"primaryImageOfPage":{"@id":"https:\/\/noticiasemdestaque.com\/cd\/?p=72213#primaryimage"},"image":{"@id":"https:\/\/noticiasemdestaque.com\/cd\/?p=72213#primaryimage"},"thumbnailUrl":"https:\/\/noticiasemdestaque.com\/cd\/wp-content\/uploads\/2025\/08\/ecaf2a36-6fcd-40bc-a656-ce2397a007a8-1024x481-1.webp","datePublished":"2025-08-11T22:34:30+00:00","breadcrumb":{"@id":"https:\/\/noticiasemdestaque.com\/cd\/?p=72213#breadcrumb"},"inLanguage":"pt-BR","potentialAction":[{"@type":"ReadAction","target":["https:\/\/noticiasemdestaque.com\/cd\/?p=72213"]}]},{"@type":"ImageObject","inLanguage":"pt-BR","@id":"https:\/\/noticiasemdestaque.com\/cd\/?p=72213#primaryimage","url":"https:\/\/noticiasemdestaque.com\/cd\/wp-content\/uploads\/2025\/08\/ecaf2a36-6fcd-40bc-a656-ce2397a007a8-1024x481-1.webp","contentUrl":"https:\/\/noticiasemdestaque.com\/cd\/wp-content\/uploads\/2025\/08\/ecaf2a36-6fcd-40bc-a656-ce2397a007a8-1024x481-1.webp","width":1024,"height":481},{"@type":"BreadcrumbList","@id":"https:\/\/noticiasemdestaque.com\/cd\/?p=72213#breadcrumb","itemListElement":[{"@type":"ListItem","position":1,"name":"In\u00edcio","item":"https:\/\/noticiasemdestaque.com\/cd\/"},{"@type":"ListItem","position":2,"name":"Prefeito Genivaldo se re\u00fane com produtores e define premia\u00e7\u00e3o do Torneio Leiteiro Municipal"}]},{"@type":"WebSite","@id":"https:\/\/noticiasemdestaque.com\/cd\/#website","url":"https:\/\/noticiasemdestaque.com\/cd\/","name":"Not&iacute;cias em Destaque","description":"","publisher":{"@id":"https:\/\/noticiasemdestaque.com\/cd\/#organization"},"potentialAction":[{"@type":"SearchAction","target":{"@type":"EntryPoint","urlTemplate":"https:\/\/noticiasemdestaque.com\/cd\/?s={search_term_string}"},"query-input":{"@type":"PropertyValueSpecification","valueRequired":true,"valueName":"search_term_string"}}],"inLanguage":"pt-BR"},{"@type":"Organization","@id":"https:\/\/noticiasemdestaque.com\/cd\/#organization","name":"Not\u00edcias em Destaque","url":"https:\/\/noticiasemdestaque.com\/cd\/","logo":{"@type":"ImageObject","inLanguage":"pt-BR","@id":"https:\/\/noticiasemdestaque.com\/cd\/#\/schema\/logo\/image\/","url":"https:\/\/noticiasemdestaque.com\/cd\/wp-content\/uploads\/2022\/05\/imagem-base-noticiasemdestaque.png","contentUrl":"https:\/\/noticiasemdestaque.com\/cd\/wp-content\/uploads\/2022\/05\/imagem-base-noticiasemdestaque.png","width":1200,"height":630,"caption":"Not\u00edcias em Destaque"},"image":{"@id":"https:\/\/noticiasemdestaque.com\/cd\/#\/schema\/logo\/image\/"}},{"@type":"Person","@id":"https:\/\/noticiasemdestaque.com\/cd\/#\/schema\/person\/47f7d4f55eec17c6b2ca036c5500f6ce","name":"Not\u00edcias em Destaque","url":"https:\/\/noticiasemdestaque.com\/cd\/?author=2"}]}},"jetpack_featured_media_url":"https:\/\/noticiasemdestaque.com\/cd\/wp-content\/uploads\/2025\/08\/ecaf2a36-6fcd-40bc-a656-ce2397a007a8-1024x481-1.webp","jetpack_sharing_enabled":true,"_links":{"self":[{"href":"https:\/\/noticiasemdestaque.com\/cd\/index.php?rest_route=\/wp\/v2\/posts\/72213","targetHints":{"allow":["GET"]}}],"collection":[{"href":"https:\/\/noticiasemdestaque.com\/cd\/index.php?rest_route=\/wp\/v2\/posts"}],"about":[{"href":"https:\/\/noticiasemdestaque.com\/cd\/index.php?rest_route=\/wp\/v2\/types\/post"}],"author":[{"embeddable":true,"href":"https:\/\/noticiasemdestaque.com\/cd\/index.php?rest_route=\/wp\/v2\/users\/2"}],"replies":[{"embeddable":true,"href":"https:\/\/noticiasemdestaque.com\/cd\/index.php?rest_route=%2Fwp%2Fv2%2Fcomments&post=72213"}],"version-history":[{"count":1,"href":"https:\/\/noticiasemdestaque.com\/cd\/index.php?rest_route=\/wp\/v2\/posts\/72213\/revisions"}],"predecessor-version":[{"id":72215,"href":"https:\/\/noticiasemdestaque.com\/cd\/index.php?rest_route=\/wp\/v2\/posts\/72213\/revisions\/72215"}],"wp:featuredmedia":[{"embeddable":true,"href":"https:\/\/noticiasemdestaque.com\/cd\/index.php?rest_route=\/wp\/v2\/media\/72214"}],"wp:attachment":[{"href":"https:\/\/noticiasemdestaque.com\/cd\/index.php?rest_route=%2Fwp%2Fv2%2Fmedia&parent=72213"}],"wp:term":[{"taxonomy":"category","embeddable":true,"href":"https:\/\/noticiasemdestaque.com\/cd\/index.php?rest_route=%2Fwp%2Fv2%2Fcategories&post=72213"},{"taxonomy":"post_tag","embeddable":true,"href":"https:\/\/noticiasemdestaque.com\/cd\/index.php?rest_route=%2Fwp%2Fv2%2Ftags&post=72213"}],"curies":[{"name":"wp","href":"https:\/\/api.w.org\/{rel}","templated":true}]}}