{"id":7204,"date":"2018-01-08T07:00:39","date_gmt":"2018-01-08T10:00:39","guid":{"rendered":"http:\/\/caririemdestaque.com\/cd\/?p=7204"},"modified":"2018-01-08T07:22:00","modified_gmt":"2018-01-08T10:22:00","slug":"exclusivo-dia-26-de-fevereiro-acontece-plenaria-do-od-da-regiao-do-cariri-em-sume","status":"publish","type":"post","link":"https:\/\/noticiasemdestaque.com\/cd\/?p=7204","title":{"rendered":"EXCLUSIVO: Dia 26 de Fevereiro acontece plen\u00e1ria do OD da Regi\u00e3o do Cariri, em Sum\u00e9"},"content":{"rendered":"<p><a href=\"http:\/\/caririemdestaque.com\/cd\/wp-content\/uploads\/2018\/01\/18.04.15-ricardo_ode_guarabira_fotos-Alberi-Pontes_101.jpg\"><img fetchpriority=\"high\" decoding=\"async\" class=\"size-medium wp-image-7205 alignleft\" src=\"http:\/\/caririemdestaque.com\/cd\/wp-content\/uploads\/2018\/01\/18.04.15-ricardo_ode_guarabira_fotos-Alberi-Pontes_101-300x199.jpg\" alt=\"\" width=\"300\" height=\"199\" srcset=\"https:\/\/noticiasemdestaque.com\/cd\/wp-content\/uploads\/2018\/01\/18.04.15-ricardo_ode_guarabira_fotos-Alberi-Pontes_101-300x199.jpg 300w, https:\/\/noticiasemdestaque.com\/cd\/wp-content\/uploads\/2018\/01\/18.04.15-ricardo_ode_guarabira_fotos-Alberi-Pontes_101-480x320.jpg 480w, https:\/\/noticiasemdestaque.com\/cd\/wp-content\/uploads\/2018\/01\/18.04.15-ricardo_ode_guarabira_fotos-Alberi-Pontes_101.jpg 595w\" sizes=\"(max-width: 300px) 100vw, 300px\" \/><\/a>O Governo do Estado, por interm\u00e9dio do Or\u00e7amento Democr\u00e1tico Estadual, realiza no dia 26 de Fevereiro, uma audi\u00eancia p\u00fablica de escuta popular com os moradores da regi\u00e3o de Sum\u00e9 (5\u00aa Regi\u00e3o Geor\u00e7ament\u00e1ria) onde 18 munic\u00edpios estar\u00e3o reunidos a partir das 19h, no gin\u00e1sio da Escola Estadual Jos\u00e9 Gon\u00e7alves de Queiroz.<\/p>\n<p>O Or\u00e7amento Democr\u00e1tico (OD) \u00e9 o instrumento no qual os\/as cidad\u00e3os\/\u00e3s s\u00e3o convidados\/as a participar das decis\u00f5es do governo estadual sobre a melhor forma de aplica\u00e7\u00e3o do dinheiro p\u00fablico em suas obras e servi\u00e7os.<\/p>\n<p>As audi\u00eancias do Or\u00e7amento Democr\u00e1tico s\u00e3o um momento de di\u00e1logo direto e aberto, entre a popula\u00e7\u00e3o de uma determinada regi\u00e3o e o Governo do Estado, com o objetivo de dialogar sobre obras, a\u00e7\u00f5es e servi\u00e7os referenciados para cada comunidade. S\u00e3o nas audi\u00eancias que se elegem at\u00e9 tr\u00eas prioridades, indicadas pela pr\u00f3pria popula\u00e7\u00e3o, para os direcionamentos de investimentos do governo no ano subsequente.<\/p>\n<p>Os munic\u00edpios que fazem parte da Microrregi\u00e3o de Sum\u00e9, s\u00e3o: Amparo, Camala\u00fa, Cara\u00fabas, Congo, Coxixola, Gurj\u00e3o, Monteiro, Ouro Velho, Parari, Prata, Santo Andr\u00e9, S\u00e3o Jo\u00e3o do Cariri, S\u00e3o Jo\u00e3o do Tigre, S\u00e3o Jos\u00e9 dos Cordeiros, S\u00e3o Sebasti\u00e3o do Umbuzeiro, Serra Branca, Sum\u00e9 e Zabel\u00ea.<\/p>\n<p><em><strong>Cariri em Destaque<\/strong><\/em><\/p>\n","protected":false},"excerpt":{"rendered":"<p>O Governo do Estado, por interm\u00e9dio do Or\u00e7amento Democr\u00e1tico Estadual, realiza no dia 26 de Fevereiro, uma audi\u00eancia p\u00fablica de escuta popular com os moradores da regi\u00e3o de Sum\u00e9 (5\u00aa Regi\u00e3o Geor\u00e7ament\u00e1ria) onde 18 munic\u00edpios estar\u00e3o reunidos a partir das 19h, no gin\u00e1sio da Escola Estadual Jos\u00e9 Gon\u00e7alves de Queiroz. O Or\u00e7amento Democr\u00e1tico (OD) \u00e9 o instrumento no qual os\/as cidad\u00e3os\/\u00e3s s\u00e3o convidados\/as a participar das decis\u00f5es do governo estadual sobre a melhor forma de aplica\u00e7\u00e3o do dinheiro p\u00fablico em suas obras e servi\u00e7os. As audi\u00eancias do Or\u00e7amento Democr\u00e1tico s\u00e3o um momento de di\u00e1logo direto e aberto, entre a popula\u00e7\u00e3o de uma determinada regi\u00e3o e o Governo do Estado, com o objetivo de dialogar sobre obras, a\u00e7\u00f5es e servi\u00e7os referenciados para cada comunidade. S\u00e3o nas audi\u00eancias que se elegem at\u00e9 tr\u00eas prioridades, indicadas pela pr\u00f3pria popula\u00e7\u00e3o, para os direcionamentos de investimentos do governo no ano subsequente. Os munic\u00edpios que fazem parte da Microrregi\u00e3o de Sum\u00e9, s\u00e3o: Amparo, Camala\u00fa, Cara\u00fabas, Congo, Coxixola, Gurj\u00e3o, Monteiro, Ouro Velho, Parari, Prata, Santo Andr\u00e9, S\u00e3o Jo\u00e3o do Cariri, S\u00e3o Jo\u00e3o do Tigre, S\u00e3o Jos\u00e9 dos Cordeiros, S\u00e3o Sebasti\u00e3o do Umbuzeiro, Serra Branca, Sum\u00e9 e Zabel\u00ea. Cariri em Destaque<\/p>\n","protected":false},"author":2,"featured_media":7205,"comment_status":"closed","ping_status":"open","sticky":false,"template":"","format":"standard","meta":{"_eb_attr":"","_jetpack_memberships_contains_paid_content":false,"footnotes":""},"categories":[3],"tags":[],"class_list":["post-7204","post","type-post","status-publish","format-standard","has-post-thumbnail","hentry","category-cidades"],"yoast_head":"<!-- This site is optimized with the Yoast SEO plugin v26.5 - https:\/\/yoast.com\/wordpress\/plugins\/seo\/ -->\n<title>EXCLUSIVO: Dia 26 de Fevereiro acontece plen\u00e1ria do OD da Regi\u00e3o do Cariri, em Sum\u00e9 - Not&iacute;cias em Destaque<\/title>\n<meta name=\"robots\" content=\"index, follow, max-snippet:-1, max-image-preview:large, max-video-preview:-1\" \/>\n<link rel=\"canonical\" href=\"https:\/\/noticiasemdestaque.com\/cd\/?p=7204\" \/>\n<meta property=\"og:locale\" content=\"pt_BR\" \/>\n<meta property=\"og:type\" content=\"article\" \/>\n<meta property=\"og:title\" content=\"EXCLUSIVO: Dia 26 de Fevereiro acontece plen\u00e1ria do OD da Regi\u00e3o do Cariri, em Sum\u00e9 - Not&iacute;cias em Destaque\" \/>\n<meta property=\"og:description\" content=\"O Governo do Estado, por interm\u00e9dio do Or\u00e7amento Democr\u00e1tico Estadual, realiza no dia 26 de Fevereiro, uma audi\u00eancia p\u00fablica de escuta popular com os moradores da regi\u00e3o de Sum\u00e9 (5\u00aa Regi\u00e3o Geor\u00e7ament\u00e1ria) onde 18 munic\u00edpios estar\u00e3o reunidos a partir das 19h, no gin\u00e1sio da Escola Estadual Jos\u00e9 Gon\u00e7alves de Queiroz. O Or\u00e7amento Democr\u00e1tico (OD) \u00e9 o instrumento no qual os\/as cidad\u00e3os\/\u00e3s s\u00e3o convidados\/as a participar das decis\u00f5es do governo estadual sobre a melhor forma de aplica\u00e7\u00e3o do dinheiro p\u00fablico em suas obras e servi\u00e7os. As audi\u00eancias do Or\u00e7amento Democr\u00e1tico s\u00e3o um momento de di\u00e1logo direto e aberto, entre a popula\u00e7\u00e3o de uma determinada regi\u00e3o e o Governo do Estado, com o objetivo de dialogar sobre obras, a\u00e7\u00f5es e servi\u00e7os referenciados para cada comunidade. S\u00e3o nas audi\u00eancias que se elegem at\u00e9 tr\u00eas prioridades, indicadas pela pr\u00f3pria popula\u00e7\u00e3o, para os direcionamentos de investimentos do governo no ano subsequente. Os munic\u00edpios que fazem parte da Microrregi\u00e3o de Sum\u00e9, s\u00e3o: Amparo, Camala\u00fa, Cara\u00fabas, Congo, Coxixola, Gurj\u00e3o, Monteiro, Ouro Velho, Parari, Prata, Santo Andr\u00e9, S\u00e3o Jo\u00e3o do Cariri, S\u00e3o Jo\u00e3o do Tigre, S\u00e3o Jos\u00e9 dos Cordeiros, S\u00e3o Sebasti\u00e3o do Umbuzeiro, Serra Branca, Sum\u00e9 e Zabel\u00ea. Cariri em Destaque\" \/>\n<meta property=\"og:url\" content=\"https:\/\/noticiasemdestaque.com\/cd\/?p=7204\" \/>\n<meta property=\"og:site_name\" content=\"Not&iacute;cias em Destaque\" \/>\n<meta property=\"article:published_time\" content=\"2018-01-08T10:00:39+00:00\" \/>\n<meta property=\"article:modified_time\" content=\"2018-01-08T10:22:00+00:00\" \/>\n<meta property=\"og:image\" content=\"https:\/\/noticiasemdestaque.com\/cd\/wp-content\/uploads\/2018\/01\/18.04.15-ricardo_ode_guarabira_fotos-Alberi-Pontes_101.jpg\" \/>\n\t<meta property=\"og:image:width\" content=\"595\" \/>\n\t<meta property=\"og:image:height\" content=\"394\" \/>\n\t<meta property=\"og:image:type\" content=\"image\/jpeg\" \/>\n<meta name=\"author\" content=\"Not\u00edcias em Destaque\" \/>\n<meta name=\"twitter:card\" content=\"summary_large_image\" \/>\n<meta name=\"twitter:label1\" content=\"Escrito por\" \/>\n\t<meta name=\"twitter:data1\" content=\"Not\u00edcias em Destaque\" \/>\n\t<meta name=\"twitter:label2\" content=\"Est. tempo de leitura\" \/>\n\t<meta name=\"twitter:data2\" content=\"1 minuto\" \/>\n<script type=\"application\/ld+json\" class=\"yoast-schema-graph\">{\"@context\":\"https:\/\/schema.org\",\"@graph\":[{\"@type\":\"Article\",\"@id\":\"https:\/\/noticiasemdestaque.com\/cd\/?p=7204#article\",\"isPartOf\":{\"@id\":\"https:\/\/noticiasemdestaque.com\/cd\/?p=7204\"},\"author\":{\"name\":\"Not\u00edcias em Destaque\",\"@id\":\"https:\/\/noticiasemdestaque.com\/cd\/#\/schema\/person\/21320b03a7e8bb90128938dafc9b908a\"},\"headline\":\"EXCLUSIVO: Dia 26 de Fevereiro acontece plen\u00e1ria do OD da Regi\u00e3o do Cariri, em Sum\u00e9\",\"datePublished\":\"2018-01-08T10:00:39+00:00\",\"dateModified\":\"2018-01-08T10:22:00+00:00\",\"mainEntityOfPage\":{\"@id\":\"https:\/\/noticiasemdestaque.com\/cd\/?p=7204\"},\"wordCount\":255,\"publisher\":{\"@id\":\"https:\/\/noticiasemdestaque.com\/cd\/#organization\"},\"image\":{\"@id\":\"https:\/\/noticiasemdestaque.com\/cd\/?p=7204#primaryimage\"},\"thumbnailUrl\":\"https:\/\/noticiasemdestaque.com\/cd\/wp-content\/uploads\/2018\/01\/18.04.15-ricardo_ode_guarabira_fotos-Alberi-Pontes_101.jpg\",\"articleSection\":[\"Cidades\"],\"inLanguage\":\"pt-BR\"},{\"@type\":\"WebPage\",\"@id\":\"https:\/\/noticiasemdestaque.com\/cd\/?p=7204\",\"url\":\"https:\/\/noticiasemdestaque.com\/cd\/?p=7204\",\"name\":\"EXCLUSIVO: Dia 26 de Fevereiro acontece plen\u00e1ria do OD da Regi\u00e3o do Cariri, em Sum\u00e9 - Not&iacute;cias em Destaque\",\"isPartOf\":{\"@id\":\"https:\/\/noticiasemdestaque.com\/cd\/#website\"},\"primaryImageOfPage\":{\"@id\":\"https:\/\/noticiasemdestaque.com\/cd\/?p=7204#primaryimage\"},\"image\":{\"@id\":\"https:\/\/noticiasemdestaque.com\/cd\/?p=7204#primaryimage\"},\"thumbnailUrl\":\"https:\/\/noticiasemdestaque.com\/cd\/wp-content\/uploads\/2018\/01\/18.04.15-ricardo_ode_guarabira_fotos-Alberi-Pontes_101.jpg\",\"datePublished\":\"2018-01-08T10:00:39+00:00\",\"dateModified\":\"2018-01-08T10:22:00+00:00\",\"breadcrumb\":{\"@id\":\"https:\/\/noticiasemdestaque.com\/cd\/?p=7204#breadcrumb\"},\"inLanguage\":\"pt-BR\",\"potentialAction\":[{\"@type\":\"ReadAction\",\"target\":[\"https:\/\/noticiasemdestaque.com\/cd\/?p=7204\"]}]},{\"@type\":\"ImageObject\",\"inLanguage\":\"pt-BR\",\"@id\":\"https:\/\/noticiasemdestaque.com\/cd\/?p=7204#primaryimage\",\"url\":\"https:\/\/noticiasemdestaque.com\/cd\/wp-content\/uploads\/2018\/01\/18.04.15-ricardo_ode_guarabira_fotos-Alberi-Pontes_101.jpg\",\"contentUrl\":\"https:\/\/noticiasemdestaque.com\/cd\/wp-content\/uploads\/2018\/01\/18.04.15-ricardo_ode_guarabira_fotos-Alberi-Pontes_101.jpg\",\"width\":595,\"height\":394},{\"@type\":\"BreadcrumbList\",\"@id\":\"https:\/\/noticiasemdestaque.com\/cd\/?p=7204#breadcrumb\",\"itemListElement\":[{\"@type\":\"ListItem\",\"position\":1,\"name\":\"In\u00edcio\",\"item\":\"https:\/\/noticiasemdestaque.com\/cd\/\"},{\"@type\":\"ListItem\",\"position\":2,\"name\":\"EXCLUSIVO: Dia 26 de Fevereiro acontece plen\u00e1ria do OD da Regi\u00e3o do Cariri, em Sum\u00e9\"}]},{\"@type\":\"WebSite\",\"@id\":\"https:\/\/noticiasemdestaque.com\/cd\/#website\",\"url\":\"https:\/\/noticiasemdestaque.com\/cd\/\",\"name\":\"Not&iacute;cias em Destaque\",\"description\":\"\",\"publisher\":{\"@id\":\"https:\/\/noticiasemdestaque.com\/cd\/#organization\"},\"potentialAction\":[{\"@type\":\"SearchAction\",\"target\":{\"@type\":\"EntryPoint\",\"urlTemplate\":\"https:\/\/noticiasemdestaque.com\/cd\/?s={search_term_string}\"},\"query-input\":{\"@type\":\"PropertyValueSpecification\",\"valueRequired\":true,\"valueName\":\"search_term_string\"}}],\"inLanguage\":\"pt-BR\"},{\"@type\":\"Organization\",\"@id\":\"https:\/\/noticiasemdestaque.com\/cd\/#organization\",\"name\":\"Not\u00edcias em Destaque\",\"url\":\"https:\/\/noticiasemdestaque.com\/cd\/\",\"logo\":{\"@type\":\"ImageObject\",\"inLanguage\":\"pt-BR\",\"@id\":\"https:\/\/noticiasemdestaque.com\/cd\/#\/schema\/logo\/image\/\",\"url\":\"https:\/\/noticiasemdestaque.com\/cd\/wp-content\/uploads\/2022\/05\/imagem-base-noticiasemdestaque.png\",\"contentUrl\":\"https:\/\/noticiasemdestaque.com\/cd\/wp-content\/uploads\/2022\/05\/imagem-base-noticiasemdestaque.png\",\"width\":1200,\"height\":630,\"caption\":\"Not\u00edcias em Destaque\"},\"image\":{\"@id\":\"https:\/\/noticiasemdestaque.com\/cd\/#\/schema\/logo\/image\/\"}},{\"@type\":\"Person\",\"@id\":\"https:\/\/noticiasemdestaque.com\/cd\/#\/schema\/person\/21320b03a7e8bb90128938dafc9b908a\",\"name\":\"Not\u00edcias em Destaque\",\"url\":\"https:\/\/noticiasemdestaque.com\/cd\/?author=2\"}]}<\/script>\n<!-- \/ Yoast SEO plugin. -->","yoast_head_json":{"title":"EXCLUSIVO: Dia 26 de Fevereiro acontece plen\u00e1ria do OD da Regi\u00e3o do Cariri, em Sum\u00e9 - Not&iacute;cias em Destaque","robots":{"index":"index","follow":"follow","max-snippet":"max-snippet:-1","max-image-preview":"max-image-preview:large","max-video-preview":"max-video-preview:-1"},"canonical":"https:\/\/noticiasemdestaque.com\/cd\/?p=7204","og_locale":"pt_BR","og_type":"article","og_title":"EXCLUSIVO: Dia 26 de Fevereiro acontece plen\u00e1ria do OD da Regi\u00e3o do Cariri, em Sum\u00e9 - Not&iacute;cias em Destaque","og_description":"O Governo do Estado, por interm\u00e9dio do Or\u00e7amento Democr\u00e1tico Estadual, realiza no dia 26 de Fevereiro, uma audi\u00eancia p\u00fablica de escuta popular com os moradores da regi\u00e3o de Sum\u00e9 (5\u00aa Regi\u00e3o Geor\u00e7ament\u00e1ria) onde 18 munic\u00edpios estar\u00e3o reunidos a partir das 19h, no gin\u00e1sio da Escola Estadual Jos\u00e9 Gon\u00e7alves de Queiroz. O Or\u00e7amento Democr\u00e1tico (OD) \u00e9 o instrumento no qual os\/as cidad\u00e3os\/\u00e3s s\u00e3o convidados\/as a participar das decis\u00f5es do governo estadual sobre a melhor forma de aplica\u00e7\u00e3o do dinheiro p\u00fablico em suas obras e servi\u00e7os. As audi\u00eancias do Or\u00e7amento Democr\u00e1tico s\u00e3o um momento de di\u00e1logo direto e aberto, entre a popula\u00e7\u00e3o de uma determinada regi\u00e3o e o Governo do Estado, com o objetivo de dialogar sobre obras, a\u00e7\u00f5es e servi\u00e7os referenciados para cada comunidade. S\u00e3o nas audi\u00eancias que se elegem at\u00e9 tr\u00eas prioridades, indicadas pela pr\u00f3pria popula\u00e7\u00e3o, para os direcionamentos de investimentos do governo no ano subsequente. Os munic\u00edpios que fazem parte da Microrregi\u00e3o de Sum\u00e9, s\u00e3o: Amparo, Camala\u00fa, Cara\u00fabas, Congo, Coxixola, Gurj\u00e3o, Monteiro, Ouro Velho, Parari, Prata, Santo Andr\u00e9, S\u00e3o Jo\u00e3o do Cariri, S\u00e3o Jo\u00e3o do Tigre, S\u00e3o Jos\u00e9 dos Cordeiros, S\u00e3o Sebasti\u00e3o do Umbuzeiro, Serra Branca, Sum\u00e9 e Zabel\u00ea. Cariri em Destaque","og_url":"https:\/\/noticiasemdestaque.com\/cd\/?p=7204","og_site_name":"Not&iacute;cias em Destaque","article_published_time":"2018-01-08T10:00:39+00:00","article_modified_time":"2018-01-08T10:22:00+00:00","og_image":[{"width":595,"height":394,"url":"https:\/\/noticiasemdestaque.com\/cd\/wp-content\/uploads\/2018\/01\/18.04.15-ricardo_ode_guarabira_fotos-Alberi-Pontes_101.jpg","type":"image\/jpeg"}],"author":"Not\u00edcias em Destaque","twitter_card":"summary_large_image","twitter_misc":{"Escrito por":"Not\u00edcias em Destaque","Est. tempo de leitura":"1 minuto"},"schema":{"@context":"https:\/\/schema.org","@graph":[{"@type":"Article","@id":"https:\/\/noticiasemdestaque.com\/cd\/?p=7204#article","isPartOf":{"@id":"https:\/\/noticiasemdestaque.com\/cd\/?p=7204"},"author":{"name":"Not\u00edcias em Destaque","@id":"https:\/\/noticiasemdestaque.com\/cd\/#\/schema\/person\/21320b03a7e8bb90128938dafc9b908a"},"headline":"EXCLUSIVO: Dia 26 de Fevereiro acontece plen\u00e1ria do OD da Regi\u00e3o do Cariri, em Sum\u00e9","datePublished":"2018-01-08T10:00:39+00:00","dateModified":"2018-01-08T10:22:00+00:00","mainEntityOfPage":{"@id":"https:\/\/noticiasemdestaque.com\/cd\/?p=7204"},"wordCount":255,"publisher":{"@id":"https:\/\/noticiasemdestaque.com\/cd\/#organization"},"image":{"@id":"https:\/\/noticiasemdestaque.com\/cd\/?p=7204#primaryimage"},"thumbnailUrl":"https:\/\/noticiasemdestaque.com\/cd\/wp-content\/uploads\/2018\/01\/18.04.15-ricardo_ode_guarabira_fotos-Alberi-Pontes_101.jpg","articleSection":["Cidades"],"inLanguage":"pt-BR"},{"@type":"WebPage","@id":"https:\/\/noticiasemdestaque.com\/cd\/?p=7204","url":"https:\/\/noticiasemdestaque.com\/cd\/?p=7204","name":"EXCLUSIVO: Dia 26 de Fevereiro acontece plen\u00e1ria do OD da Regi\u00e3o do Cariri, em Sum\u00e9 - Not&iacute;cias em Destaque","isPartOf":{"@id":"https:\/\/noticiasemdestaque.com\/cd\/#website"},"primaryImageOfPage":{"@id":"https:\/\/noticiasemdestaque.com\/cd\/?p=7204#primaryimage"},"image":{"@id":"https:\/\/noticiasemdestaque.com\/cd\/?p=7204#primaryimage"},"thumbnailUrl":"https:\/\/noticiasemdestaque.com\/cd\/wp-content\/uploads\/2018\/01\/18.04.15-ricardo_ode_guarabira_fotos-Alberi-Pontes_101.jpg","datePublished":"2018-01-08T10:00:39+00:00","dateModified":"2018-01-08T10:22:00+00:00","breadcrumb":{"@id":"https:\/\/noticiasemdestaque.com\/cd\/?p=7204#breadcrumb"},"inLanguage":"pt-BR","potentialAction":[{"@type":"ReadAction","target":["https:\/\/noticiasemdestaque.com\/cd\/?p=7204"]}]},{"@type":"ImageObject","inLanguage":"pt-BR","@id":"https:\/\/noticiasemdestaque.com\/cd\/?p=7204#primaryimage","url":"https:\/\/noticiasemdestaque.com\/cd\/wp-content\/uploads\/2018\/01\/18.04.15-ricardo_ode_guarabira_fotos-Alberi-Pontes_101.jpg","contentUrl":"https:\/\/noticiasemdestaque.com\/cd\/wp-content\/uploads\/2018\/01\/18.04.15-ricardo_ode_guarabira_fotos-Alberi-Pontes_101.jpg","width":595,"height":394},{"@type":"BreadcrumbList","@id":"https:\/\/noticiasemdestaque.com\/cd\/?p=7204#breadcrumb","itemListElement":[{"@type":"ListItem","position":1,"name":"In\u00edcio","item":"https:\/\/noticiasemdestaque.com\/cd\/"},{"@type":"ListItem","position":2,"name":"EXCLUSIVO: Dia 26 de Fevereiro acontece plen\u00e1ria do OD da Regi\u00e3o do Cariri, em Sum\u00e9"}]},{"@type":"WebSite","@id":"https:\/\/noticiasemdestaque.com\/cd\/#website","url":"https:\/\/noticiasemdestaque.com\/cd\/","name":"Not&iacute;cias em Destaque","description":"","publisher":{"@id":"https:\/\/noticiasemdestaque.com\/cd\/#organization"},"potentialAction":[{"@type":"SearchAction","target":{"@type":"EntryPoint","urlTemplate":"https:\/\/noticiasemdestaque.com\/cd\/?s={search_term_string}"},"query-input":{"@type":"PropertyValueSpecification","valueRequired":true,"valueName":"search_term_string"}}],"inLanguage":"pt-BR"},{"@type":"Organization","@id":"https:\/\/noticiasemdestaque.com\/cd\/#organization","name":"Not\u00edcias em Destaque","url":"https:\/\/noticiasemdestaque.com\/cd\/","logo":{"@type":"ImageObject","inLanguage":"pt-BR","@id":"https:\/\/noticiasemdestaque.com\/cd\/#\/schema\/logo\/image\/","url":"https:\/\/noticiasemdestaque.com\/cd\/wp-content\/uploads\/2022\/05\/imagem-base-noticiasemdestaque.png","contentUrl":"https:\/\/noticiasemdestaque.com\/cd\/wp-content\/uploads\/2022\/05\/imagem-base-noticiasemdestaque.png","width":1200,"height":630,"caption":"Not\u00edcias em Destaque"},"image":{"@id":"https:\/\/noticiasemdestaque.com\/cd\/#\/schema\/logo\/image\/"}},{"@type":"Person","@id":"https:\/\/noticiasemdestaque.com\/cd\/#\/schema\/person\/21320b03a7e8bb90128938dafc9b908a","name":"Not\u00edcias em Destaque","url":"https:\/\/noticiasemdestaque.com\/cd\/?author=2"}]}},"jetpack_featured_media_url":"https:\/\/noticiasemdestaque.com\/cd\/wp-content\/uploads\/2018\/01\/18.04.15-ricardo_ode_guarabira_fotos-Alberi-Pontes_101.jpg","jetpack_sharing_enabled":true,"_links":{"self":[{"href":"https:\/\/noticiasemdestaque.com\/cd\/index.php?rest_route=\/wp\/v2\/posts\/7204","targetHints":{"allow":["GET"]}}],"collection":[{"href":"https:\/\/noticiasemdestaque.com\/cd\/index.php?rest_route=\/wp\/v2\/posts"}],"about":[{"href":"https:\/\/noticiasemdestaque.com\/cd\/index.php?rest_route=\/wp\/v2\/types\/post"}],"author":[{"embeddable":true,"href":"https:\/\/noticiasemdestaque.com\/cd\/index.php?rest_route=\/wp\/v2\/users\/2"}],"replies":[{"embeddable":true,"href":"https:\/\/noticiasemdestaque.com\/cd\/index.php?rest_route=%2Fwp%2Fv2%2Fcomments&post=7204"}],"version-history":[{"count":2,"href":"https:\/\/noticiasemdestaque.com\/cd\/index.php?rest_route=\/wp\/v2\/posts\/7204\/revisions"}],"predecessor-version":[{"id":7207,"href":"https:\/\/noticiasemdestaque.com\/cd\/index.php?rest_route=\/wp\/v2\/posts\/7204\/revisions\/7207"}],"wp:featuredmedia":[{"embeddable":true,"href":"https:\/\/noticiasemdestaque.com\/cd\/index.php?rest_route=\/wp\/v2\/media\/7205"}],"wp:attachment":[{"href":"https:\/\/noticiasemdestaque.com\/cd\/index.php?rest_route=%2Fwp%2Fv2%2Fmedia&parent=7204"}],"wp:term":[{"taxonomy":"category","embeddable":true,"href":"https:\/\/noticiasemdestaque.com\/cd\/index.php?rest_route=%2Fwp%2Fv2%2Fcategories&post=7204"},{"taxonomy":"post_tag","embeddable":true,"href":"https:\/\/noticiasemdestaque.com\/cd\/index.php?rest_route=%2Fwp%2Fv2%2Ftags&post=7204"}],"curies":[{"name":"wp","href":"https:\/\/api.w.org\/{rel}","templated":true}]}}