{"id":7193,"date":"2018-01-08T07:00:15","date_gmt":"2018-01-08T10:00:15","guid":{"rendered":"http:\/\/caririemdestaque.com\/cd\/?p=7193"},"modified":"2018-01-08T07:18:26","modified_gmt":"2018-01-08T10:18:26","slug":"amanha-comecam-as-inscricoes-para-concurso-de-serra-branca","status":"publish","type":"post","link":"https:\/\/noticiasemdestaque.com\/cd\/?p=7193","title":{"rendered":"Come\u00e7am nesta segunda-feira as inscri\u00e7\u00f5es para concurso de Serra Branca"},"content":{"rendered":"<p><a href=\"http:\/\/caririemdestaque.com\/cd\/wp-content\/uploads\/2017\/09\/concurso.jpg\"><img decoding=\"async\" class=\" wp-image-4030 alignleft\" src=\"http:\/\/caririemdestaque.com\/cd\/wp-content\/uploads\/2017\/09\/concurso-300x226.jpg\" alt=\"\" width=\"210\" height=\"158\" srcset=\"https:\/\/noticiasemdestaque.com\/cd\/wp-content\/uploads\/2017\/09\/concurso-300x226.jpg 300w, https:\/\/noticiasemdestaque.com\/cd\/wp-content\/uploads\/2017\/09\/concurso.jpg 625w\" sizes=\"(max-width: 210px) 100vw, 210px\" \/><\/a>As inscri\u00e7\u00f5es para o concurso da Prefeitura Municipal de Serra Branca come\u00e7am na pr\u00f3xima segunda-feira(08) a partir das 10h (hor\u00e1rio local) e v\u00e3o at\u00e9 \u00e0s 23h59min (hor\u00e1rio local) do domingo (28).<\/p>\n<p>Para efetuar as inscri\u00e7\u00f5es, o candidato deve acessar o site da\u00a0<strong><a href=\"https:\/\/cpcon.uepb.edu.br\/concursos\/PMSerraBrancaPB2018\/\">Cpcon<\/a><\/strong>, banca organizada do certame, preencher o formul\u00e1rio e efetuar o pagamento da taxa de inscri\u00e7\u00e3o de acordo com a escolaridade, n\u00edvel fundamental R$80, m\u00e9dio R$100 e superior R$ 120.<\/p>\n<p>Ao todo, est\u00e3o sendo ofertadas 104 vagas para cargos de n\u00edvel fundamental, m\u00e9dio\/t\u00e9cnico e superior.\u00a0O maior n\u00famero de vagas \u00e9 para Professor Fundamental I com 25 vagas e auxiliar de servi\u00e7os gerais com 20 oportunidades. Com sal\u00e1rios que v\u00e3o de R$937,00 a R$ 1.730.<\/p>\n<p><a href=\"https:\/\/cpcon.uepb.edu.br\/concursos\/PMSerraBrancaPB2018\/Edital\/EDITAL_NORMATIVO_CONCURSO_PUBLICO_N_003_2017_PMSB-PB-Ret2.pdf\"><strong>Confira o edital completo<\/strong><\/a><\/p>\n<p>Segundo a professora Ana Alice, presidente da Cpcon, as inscri\u00e7\u00f5es n\u00e3o ser\u00e3o prorrogadas e os interessados devem buscar se inscrever na data determinada pelo edital. A diretora afirmou ainda que at\u00e9 o in\u00edcio de outubro os aprovados ser\u00e3o divulgados e a Prefeitura de Serra Branca j\u00e1 poder\u00e1 come\u00e7ar a convoc\u00e1-los.<\/p>\n<p>Os interessados podem se inscrever para mais de um cargo desde que as provas n\u00e3o sejam aplicadas no mesmo hor\u00e1rio. Pela manh\u00e3 do dia 11 de mar\u00e7o ser\u00e3o aplicadas provas dos cargos de n\u00edvel fundamental e superior e pela tarde, dos cargos de n\u00edvel m\u00e9dio e t\u00e9cnico.<\/p>\n<p>Fonte: de olho no cariri<\/p>\n","protected":false},"excerpt":{"rendered":"<p>As inscri\u00e7\u00f5es para o concurso da Prefeitura Municipal de Serra Branca come\u00e7am na pr\u00f3xima segunda-feira(08) a partir das 10h (hor\u00e1rio local) e v\u00e3o at\u00e9 \u00e0s 23h59min (hor\u00e1rio local) do domingo (28). Para efetuar as inscri\u00e7\u00f5es, o candidato deve acessar o site da\u00a0Cpcon, banca organizada do certame, preencher o formul\u00e1rio e efetuar o pagamento da taxa de inscri\u00e7\u00e3o de acordo com a escolaridade, n\u00edvel fundamental R$80, m\u00e9dio R$100 e superior R$ 120. Ao todo, est\u00e3o sendo ofertadas 104 vagas para cargos de n\u00edvel fundamental, m\u00e9dio\/t\u00e9cnico e superior.\u00a0O maior n\u00famero de vagas \u00e9 para Professor Fundamental I com 25 vagas e auxiliar de servi\u00e7os gerais com 20 oportunidades. Com sal\u00e1rios que v\u00e3o de R$937,00 a R$ 1.730. Confira o edital completo Segundo a professora Ana Alice, presidente da Cpcon, as inscri\u00e7\u00f5es n\u00e3o ser\u00e3o prorrogadas e os interessados devem buscar se inscrever na data determinada pelo edital. A diretora afirmou ainda que at\u00e9 o in\u00edcio de outubro os aprovados ser\u00e3o divulgados e a Prefeitura de Serra Branca j\u00e1 poder\u00e1 come\u00e7ar a convoc\u00e1-los. Os interessados podem se inscrever para mais de um cargo desde que as provas n\u00e3o sejam aplicadas no mesmo hor\u00e1rio. Pela manh\u00e3 do dia 11 de mar\u00e7o ser\u00e3o aplicadas provas dos cargos de n\u00edvel fundamental e superior e pela tarde, dos cargos de n\u00edvel m\u00e9dio e t\u00e9cnico. Fonte: de olho no cariri<\/p>\n","protected":false},"author":2,"featured_media":4030,"comment_status":"closed","ping_status":"open","sticky":false,"template":"","format":"standard","meta":{"_eb_attr":"","_jetpack_memberships_contains_paid_content":false,"footnotes":""},"categories":[6],"tags":[],"class_list":["post-7193","post","type-post","status-publish","format-standard","has-post-thumbnail","hentry","category-educacao"],"yoast_head":"<!-- This site is optimized with the Yoast SEO plugin v26.5 - https:\/\/yoast.com\/wordpress\/plugins\/seo\/ -->\n<title>Come\u00e7am nesta segunda-feira as inscri\u00e7\u00f5es para concurso de Serra Branca - Not&iacute;cias em Destaque<\/title>\n<meta name=\"robots\" content=\"index, follow, max-snippet:-1, max-image-preview:large, max-video-preview:-1\" \/>\n<link rel=\"canonical\" href=\"https:\/\/noticiasemdestaque.com\/cd\/?p=7193\" \/>\n<meta property=\"og:locale\" content=\"pt_BR\" \/>\n<meta property=\"og:type\" content=\"article\" \/>\n<meta property=\"og:title\" content=\"Come\u00e7am nesta segunda-feira as inscri\u00e7\u00f5es para concurso de Serra Branca - Not&iacute;cias em Destaque\" \/>\n<meta property=\"og:description\" content=\"As inscri\u00e7\u00f5es para o concurso da Prefeitura Municipal de Serra Branca come\u00e7am na pr\u00f3xima segunda-feira(08) a partir das 10h (hor\u00e1rio local) e v\u00e3o at\u00e9 \u00e0s 23h59min (hor\u00e1rio local) do domingo (28). Para efetuar as inscri\u00e7\u00f5es, o candidato deve acessar o site da\u00a0Cpcon, banca organizada do certame, preencher o formul\u00e1rio e efetuar o pagamento da taxa de inscri\u00e7\u00e3o de acordo com a escolaridade, n\u00edvel fundamental R$80, m\u00e9dio R$100 e superior R$ 120. Ao todo, est\u00e3o sendo ofertadas 104 vagas para cargos de n\u00edvel fundamental, m\u00e9dio\/t\u00e9cnico e superior.\u00a0O maior n\u00famero de vagas \u00e9 para Professor Fundamental I com 25 vagas e auxiliar de servi\u00e7os gerais com 20 oportunidades. Com sal\u00e1rios que v\u00e3o de R$937,00 a R$ 1.730. Confira o edital completo Segundo a professora Ana Alice, presidente da Cpcon, as inscri\u00e7\u00f5es n\u00e3o ser\u00e3o prorrogadas e os interessados devem buscar se inscrever na data determinada pelo edital. A diretora afirmou ainda que at\u00e9 o in\u00edcio de outubro os aprovados ser\u00e3o divulgados e a Prefeitura de Serra Branca j\u00e1 poder\u00e1 come\u00e7ar a convoc\u00e1-los. Os interessados podem se inscrever para mais de um cargo desde que as provas n\u00e3o sejam aplicadas no mesmo hor\u00e1rio. Pela manh\u00e3 do dia 11 de mar\u00e7o ser\u00e3o aplicadas provas dos cargos de n\u00edvel fundamental e superior e pela tarde, dos cargos de n\u00edvel m\u00e9dio e t\u00e9cnico. Fonte: de olho no cariri\" \/>\n<meta property=\"og:url\" content=\"https:\/\/noticiasemdestaque.com\/cd\/?p=7193\" \/>\n<meta property=\"og:site_name\" content=\"Not&iacute;cias em Destaque\" \/>\n<meta property=\"article:published_time\" content=\"2018-01-08T10:00:15+00:00\" \/>\n<meta property=\"article:modified_time\" content=\"2018-01-08T10:18:26+00:00\" \/>\n<meta property=\"og:image\" content=\"https:\/\/noticiasemdestaque.com\/cd\/wp-content\/uploads\/2017\/09\/concurso.jpg\" \/>\n\t<meta property=\"og:image:width\" content=\"625\" \/>\n\t<meta property=\"og:image:height\" content=\"470\" \/>\n\t<meta property=\"og:image:type\" content=\"image\/jpeg\" \/>\n<meta name=\"author\" content=\"Not\u00edcias em Destaque\" \/>\n<meta name=\"twitter:card\" content=\"summary_large_image\" \/>\n<meta name=\"twitter:label1\" content=\"Escrito por\" \/>\n\t<meta name=\"twitter:data1\" content=\"Not\u00edcias em Destaque\" \/>\n\t<meta name=\"twitter:label2\" content=\"Est. tempo de leitura\" \/>\n\t<meta name=\"twitter:data2\" content=\"1 minuto\" \/>\n<script type=\"application\/ld+json\" class=\"yoast-schema-graph\">{\"@context\":\"https:\/\/schema.org\",\"@graph\":[{\"@type\":\"Article\",\"@id\":\"https:\/\/noticiasemdestaque.com\/cd\/?p=7193#article\",\"isPartOf\":{\"@id\":\"https:\/\/noticiasemdestaque.com\/cd\/?p=7193\"},\"author\":{\"name\":\"Not\u00edcias em Destaque\",\"@id\":\"https:\/\/noticiasemdestaque.com\/cd\/#\/schema\/person\/21320b03a7e8bb90128938dafc9b908a\"},\"headline\":\"Come\u00e7am nesta segunda-feira as inscri\u00e7\u00f5es para concurso de Serra Branca\",\"datePublished\":\"2018-01-08T10:00:15+00:00\",\"dateModified\":\"2018-01-08T10:18:26+00:00\",\"mainEntityOfPage\":{\"@id\":\"https:\/\/noticiasemdestaque.com\/cd\/?p=7193\"},\"wordCount\":263,\"publisher\":{\"@id\":\"https:\/\/noticiasemdestaque.com\/cd\/#organization\"},\"image\":{\"@id\":\"https:\/\/noticiasemdestaque.com\/cd\/?p=7193#primaryimage\"},\"thumbnailUrl\":\"https:\/\/noticiasemdestaque.com\/cd\/wp-content\/uploads\/2017\/09\/concurso.jpg\",\"articleSection\":[\"Educa\u00e7\u00e3o\"],\"inLanguage\":\"pt-BR\"},{\"@type\":\"WebPage\",\"@id\":\"https:\/\/noticiasemdestaque.com\/cd\/?p=7193\",\"url\":\"https:\/\/noticiasemdestaque.com\/cd\/?p=7193\",\"name\":\"Come\u00e7am nesta segunda-feira as inscri\u00e7\u00f5es para concurso de Serra Branca - Not&iacute;cias em Destaque\",\"isPartOf\":{\"@id\":\"https:\/\/noticiasemdestaque.com\/cd\/#website\"},\"primaryImageOfPage\":{\"@id\":\"https:\/\/noticiasemdestaque.com\/cd\/?p=7193#primaryimage\"},\"image\":{\"@id\":\"https:\/\/noticiasemdestaque.com\/cd\/?p=7193#primaryimage\"},\"thumbnailUrl\":\"https:\/\/noticiasemdestaque.com\/cd\/wp-content\/uploads\/2017\/09\/concurso.jpg\",\"datePublished\":\"2018-01-08T10:00:15+00:00\",\"dateModified\":\"2018-01-08T10:18:26+00:00\",\"breadcrumb\":{\"@id\":\"https:\/\/noticiasemdestaque.com\/cd\/?p=7193#breadcrumb\"},\"inLanguage\":\"pt-BR\",\"potentialAction\":[{\"@type\":\"ReadAction\",\"target\":[\"https:\/\/noticiasemdestaque.com\/cd\/?p=7193\"]}]},{\"@type\":\"ImageObject\",\"inLanguage\":\"pt-BR\",\"@id\":\"https:\/\/noticiasemdestaque.com\/cd\/?p=7193#primaryimage\",\"url\":\"https:\/\/noticiasemdestaque.com\/cd\/wp-content\/uploads\/2017\/09\/concurso.jpg\",\"contentUrl\":\"https:\/\/noticiasemdestaque.com\/cd\/wp-content\/uploads\/2017\/09\/concurso.jpg\",\"width\":625,\"height\":470},{\"@type\":\"BreadcrumbList\",\"@id\":\"https:\/\/noticiasemdestaque.com\/cd\/?p=7193#breadcrumb\",\"itemListElement\":[{\"@type\":\"ListItem\",\"position\":1,\"name\":\"In\u00edcio\",\"item\":\"https:\/\/noticiasemdestaque.com\/cd\/\"},{\"@type\":\"ListItem\",\"position\":2,\"name\":\"Come\u00e7am nesta segunda-feira as inscri\u00e7\u00f5es para concurso de Serra Branca\"}]},{\"@type\":\"WebSite\",\"@id\":\"https:\/\/noticiasemdestaque.com\/cd\/#website\",\"url\":\"https:\/\/noticiasemdestaque.com\/cd\/\",\"name\":\"Not&iacute;cias em Destaque\",\"description\":\"\",\"publisher\":{\"@id\":\"https:\/\/noticiasemdestaque.com\/cd\/#organization\"},\"potentialAction\":[{\"@type\":\"SearchAction\",\"target\":{\"@type\":\"EntryPoint\",\"urlTemplate\":\"https:\/\/noticiasemdestaque.com\/cd\/?s={search_term_string}\"},\"query-input\":{\"@type\":\"PropertyValueSpecification\",\"valueRequired\":true,\"valueName\":\"search_term_string\"}}],\"inLanguage\":\"pt-BR\"},{\"@type\":\"Organization\",\"@id\":\"https:\/\/noticiasemdestaque.com\/cd\/#organization\",\"name\":\"Not\u00edcias em Destaque\",\"url\":\"https:\/\/noticiasemdestaque.com\/cd\/\",\"logo\":{\"@type\":\"ImageObject\",\"inLanguage\":\"pt-BR\",\"@id\":\"https:\/\/noticiasemdestaque.com\/cd\/#\/schema\/logo\/image\/\",\"url\":\"https:\/\/noticiasemdestaque.com\/cd\/wp-content\/uploads\/2022\/05\/imagem-base-noticiasemdestaque.png\",\"contentUrl\":\"https:\/\/noticiasemdestaque.com\/cd\/wp-content\/uploads\/2022\/05\/imagem-base-noticiasemdestaque.png\",\"width\":1200,\"height\":630,\"caption\":\"Not\u00edcias em Destaque\"},\"image\":{\"@id\":\"https:\/\/noticiasemdestaque.com\/cd\/#\/schema\/logo\/image\/\"}},{\"@type\":\"Person\",\"@id\":\"https:\/\/noticiasemdestaque.com\/cd\/#\/schema\/person\/21320b03a7e8bb90128938dafc9b908a\",\"name\":\"Not\u00edcias em Destaque\",\"url\":\"https:\/\/noticiasemdestaque.com\/cd\/?author=2\"}]}<\/script>\n<!-- \/ Yoast SEO plugin. -->","yoast_head_json":{"title":"Come\u00e7am nesta segunda-feira as inscri\u00e7\u00f5es para concurso de Serra Branca - Not&iacute;cias em Destaque","robots":{"index":"index","follow":"follow","max-snippet":"max-snippet:-1","max-image-preview":"max-image-preview:large","max-video-preview":"max-video-preview:-1"},"canonical":"https:\/\/noticiasemdestaque.com\/cd\/?p=7193","og_locale":"pt_BR","og_type":"article","og_title":"Come\u00e7am nesta segunda-feira as inscri\u00e7\u00f5es para concurso de Serra Branca - Not&iacute;cias em Destaque","og_description":"As inscri\u00e7\u00f5es para o concurso da Prefeitura Municipal de Serra Branca come\u00e7am na pr\u00f3xima segunda-feira(08) a partir das 10h (hor\u00e1rio local) e v\u00e3o at\u00e9 \u00e0s 23h59min (hor\u00e1rio local) do domingo (28). Para efetuar as inscri\u00e7\u00f5es, o candidato deve acessar o site da\u00a0Cpcon, banca organizada do certame, preencher o formul\u00e1rio e efetuar o pagamento da taxa de inscri\u00e7\u00e3o de acordo com a escolaridade, n\u00edvel fundamental R$80, m\u00e9dio R$100 e superior R$ 120. Ao todo, est\u00e3o sendo ofertadas 104 vagas para cargos de n\u00edvel fundamental, m\u00e9dio\/t\u00e9cnico e superior.\u00a0O maior n\u00famero de vagas \u00e9 para Professor Fundamental I com 25 vagas e auxiliar de servi\u00e7os gerais com 20 oportunidades. Com sal\u00e1rios que v\u00e3o de R$937,00 a R$ 1.730. Confira o edital completo Segundo a professora Ana Alice, presidente da Cpcon, as inscri\u00e7\u00f5es n\u00e3o ser\u00e3o prorrogadas e os interessados devem buscar se inscrever na data determinada pelo edital. A diretora afirmou ainda que at\u00e9 o in\u00edcio de outubro os aprovados ser\u00e3o divulgados e a Prefeitura de Serra Branca j\u00e1 poder\u00e1 come\u00e7ar a convoc\u00e1-los. Os interessados podem se inscrever para mais de um cargo desde que as provas n\u00e3o sejam aplicadas no mesmo hor\u00e1rio. Pela manh\u00e3 do dia 11 de mar\u00e7o ser\u00e3o aplicadas provas dos cargos de n\u00edvel fundamental e superior e pela tarde, dos cargos de n\u00edvel m\u00e9dio e t\u00e9cnico. Fonte: de olho no cariri","og_url":"https:\/\/noticiasemdestaque.com\/cd\/?p=7193","og_site_name":"Not&iacute;cias em Destaque","article_published_time":"2018-01-08T10:00:15+00:00","article_modified_time":"2018-01-08T10:18:26+00:00","og_image":[{"width":625,"height":470,"url":"https:\/\/noticiasemdestaque.com\/cd\/wp-content\/uploads\/2017\/09\/concurso.jpg","type":"image\/jpeg"}],"author":"Not\u00edcias em Destaque","twitter_card":"summary_large_image","twitter_misc":{"Escrito por":"Not\u00edcias em Destaque","Est. tempo de leitura":"1 minuto"},"schema":{"@context":"https:\/\/schema.org","@graph":[{"@type":"Article","@id":"https:\/\/noticiasemdestaque.com\/cd\/?p=7193#article","isPartOf":{"@id":"https:\/\/noticiasemdestaque.com\/cd\/?p=7193"},"author":{"name":"Not\u00edcias em Destaque","@id":"https:\/\/noticiasemdestaque.com\/cd\/#\/schema\/person\/21320b03a7e8bb90128938dafc9b908a"},"headline":"Come\u00e7am nesta segunda-feira as inscri\u00e7\u00f5es para concurso de Serra Branca","datePublished":"2018-01-08T10:00:15+00:00","dateModified":"2018-01-08T10:18:26+00:00","mainEntityOfPage":{"@id":"https:\/\/noticiasemdestaque.com\/cd\/?p=7193"},"wordCount":263,"publisher":{"@id":"https:\/\/noticiasemdestaque.com\/cd\/#organization"},"image":{"@id":"https:\/\/noticiasemdestaque.com\/cd\/?p=7193#primaryimage"},"thumbnailUrl":"https:\/\/noticiasemdestaque.com\/cd\/wp-content\/uploads\/2017\/09\/concurso.jpg","articleSection":["Educa\u00e7\u00e3o"],"inLanguage":"pt-BR"},{"@type":"WebPage","@id":"https:\/\/noticiasemdestaque.com\/cd\/?p=7193","url":"https:\/\/noticiasemdestaque.com\/cd\/?p=7193","name":"Come\u00e7am nesta segunda-feira as inscri\u00e7\u00f5es para concurso de Serra Branca - Not&iacute;cias em Destaque","isPartOf":{"@id":"https:\/\/noticiasemdestaque.com\/cd\/#website"},"primaryImageOfPage":{"@id":"https:\/\/noticiasemdestaque.com\/cd\/?p=7193#primaryimage"},"image":{"@id":"https:\/\/noticiasemdestaque.com\/cd\/?p=7193#primaryimage"},"thumbnailUrl":"https:\/\/noticiasemdestaque.com\/cd\/wp-content\/uploads\/2017\/09\/concurso.jpg","datePublished":"2018-01-08T10:00:15+00:00","dateModified":"2018-01-08T10:18:26+00:00","breadcrumb":{"@id":"https:\/\/noticiasemdestaque.com\/cd\/?p=7193#breadcrumb"},"inLanguage":"pt-BR","potentialAction":[{"@type":"ReadAction","target":["https:\/\/noticiasemdestaque.com\/cd\/?p=7193"]}]},{"@type":"ImageObject","inLanguage":"pt-BR","@id":"https:\/\/noticiasemdestaque.com\/cd\/?p=7193#primaryimage","url":"https:\/\/noticiasemdestaque.com\/cd\/wp-content\/uploads\/2017\/09\/concurso.jpg","contentUrl":"https:\/\/noticiasemdestaque.com\/cd\/wp-content\/uploads\/2017\/09\/concurso.jpg","width":625,"height":470},{"@type":"BreadcrumbList","@id":"https:\/\/noticiasemdestaque.com\/cd\/?p=7193#breadcrumb","itemListElement":[{"@type":"ListItem","position":1,"name":"In\u00edcio","item":"https:\/\/noticiasemdestaque.com\/cd\/"},{"@type":"ListItem","position":2,"name":"Come\u00e7am nesta segunda-feira as inscri\u00e7\u00f5es para concurso de Serra Branca"}]},{"@type":"WebSite","@id":"https:\/\/noticiasemdestaque.com\/cd\/#website","url":"https:\/\/noticiasemdestaque.com\/cd\/","name":"Not&iacute;cias em Destaque","description":"","publisher":{"@id":"https:\/\/noticiasemdestaque.com\/cd\/#organization"},"potentialAction":[{"@type":"SearchAction","target":{"@type":"EntryPoint","urlTemplate":"https:\/\/noticiasemdestaque.com\/cd\/?s={search_term_string}"},"query-input":{"@type":"PropertyValueSpecification","valueRequired":true,"valueName":"search_term_string"}}],"inLanguage":"pt-BR"},{"@type":"Organization","@id":"https:\/\/noticiasemdestaque.com\/cd\/#organization","name":"Not\u00edcias em Destaque","url":"https:\/\/noticiasemdestaque.com\/cd\/","logo":{"@type":"ImageObject","inLanguage":"pt-BR","@id":"https:\/\/noticiasemdestaque.com\/cd\/#\/schema\/logo\/image\/","url":"https:\/\/noticiasemdestaque.com\/cd\/wp-content\/uploads\/2022\/05\/imagem-base-noticiasemdestaque.png","contentUrl":"https:\/\/noticiasemdestaque.com\/cd\/wp-content\/uploads\/2022\/05\/imagem-base-noticiasemdestaque.png","width":1200,"height":630,"caption":"Not\u00edcias em Destaque"},"image":{"@id":"https:\/\/noticiasemdestaque.com\/cd\/#\/schema\/logo\/image\/"}},{"@type":"Person","@id":"https:\/\/noticiasemdestaque.com\/cd\/#\/schema\/person\/21320b03a7e8bb90128938dafc9b908a","name":"Not\u00edcias em Destaque","url":"https:\/\/noticiasemdestaque.com\/cd\/?author=2"}]}},"jetpack_featured_media_url":"https:\/\/noticiasemdestaque.com\/cd\/wp-content\/uploads\/2017\/09\/concurso.jpg","jetpack_sharing_enabled":true,"_links":{"self":[{"href":"https:\/\/noticiasemdestaque.com\/cd\/index.php?rest_route=\/wp\/v2\/posts\/7193","targetHints":{"allow":["GET"]}}],"collection":[{"href":"https:\/\/noticiasemdestaque.com\/cd\/index.php?rest_route=\/wp\/v2\/posts"}],"about":[{"href":"https:\/\/noticiasemdestaque.com\/cd\/index.php?rest_route=\/wp\/v2\/types\/post"}],"author":[{"embeddable":true,"href":"https:\/\/noticiasemdestaque.com\/cd\/index.php?rest_route=\/wp\/v2\/users\/2"}],"replies":[{"embeddable":true,"href":"https:\/\/noticiasemdestaque.com\/cd\/index.php?rest_route=%2Fwp%2Fv2%2Fcomments&post=7193"}],"version-history":[{"count":3,"href":"https:\/\/noticiasemdestaque.com\/cd\/index.php?rest_route=\/wp\/v2\/posts\/7193\/revisions"}],"predecessor-version":[{"id":7214,"href":"https:\/\/noticiasemdestaque.com\/cd\/index.php?rest_route=\/wp\/v2\/posts\/7193\/revisions\/7214"}],"wp:featuredmedia":[{"embeddable":true,"href":"https:\/\/noticiasemdestaque.com\/cd\/index.php?rest_route=\/wp\/v2\/media\/4030"}],"wp:attachment":[{"href":"https:\/\/noticiasemdestaque.com\/cd\/index.php?rest_route=%2Fwp%2Fv2%2Fmedia&parent=7193"}],"wp:term":[{"taxonomy":"category","embeddable":true,"href":"https:\/\/noticiasemdestaque.com\/cd\/index.php?rest_route=%2Fwp%2Fv2%2Fcategories&post=7193"},{"taxonomy":"post_tag","embeddable":true,"href":"https:\/\/noticiasemdestaque.com\/cd\/index.php?rest_route=%2Fwp%2Fv2%2Ftags&post=7193"}],"curies":[{"name":"wp","href":"https:\/\/api.w.org\/{rel}","templated":true}]}}