{"id":71820,"date":"2025-07-29T20:07:57","date_gmt":"2025-07-29T23:07:57","guid":{"rendered":"https:\/\/noticiasemdestaque.com\/cd\/?p=71820"},"modified":"2025-07-29T20:07:57","modified_gmt":"2025-07-29T23:07:57","slug":"joao-lidera-com-482-e-veneziano-aparece-em-2o-com-351-no-somatorio-de-votos-para-o-senado-em-2026","status":"publish","type":"post","link":"https:\/\/noticiasemdestaque.com\/cd\/?p=71820","title":{"rendered":"Jo\u00e3o lidera com 48,2% e Veneziano aparece em 2\u00ba com 35,1% no somat\u00f3rio de votos para o Senado em 2026"},"content":{"rendered":"<header class=\"entry-header\">\n<div><a href=\"https:\/\/noticiasemdestaque.com\/cd\/wp-content\/uploads\/2025\/07\/joao-vene-800x500-1.webp\"><img fetchpriority=\"high\" decoding=\"async\" class=\" wp-image-71821 aligncenter\" src=\"https:\/\/noticiasemdestaque.com\/cd\/wp-content\/uploads\/2025\/07\/joao-vene-800x500-1-300x188.webp\" alt=\"\" width=\"852\" height=\"533\" srcset=\"https:\/\/noticiasemdestaque.com\/cd\/wp-content\/uploads\/2025\/07\/joao-vene-800x500-1-300x188.webp 300w, https:\/\/noticiasemdestaque.com\/cd\/wp-content\/uploads\/2025\/07\/joao-vene-800x500-1-768x480.webp 768w, https:\/\/noticiasemdestaque.com\/cd\/wp-content\/uploads\/2025\/07\/joao-vene-800x500-1.webp 800w\" sizes=\"(max-width: 852px) 100vw, 852px\" \/><\/a><\/div>\n<div class=\"entry-meta\">A corrida pelas duas vagas ao Senado Federal na Para\u00edba em 2026 j\u00e1 apresenta dois nomes em destaque, segundo levantamento realizado pelo Instituto ANOVA, em parceria com o portal PB Agora. De acordo com a pesquisa estimulada no somat\u00f3rio dos dois votos, o governador Jo\u00e3o Azev\u00eado (PSB) lidera com 48,2% das inten\u00e7\u00f5es de voto, seguido pelo senador Veneziano Vital do R\u00eago (MDB), que aparece com 35,1%.<\/div>\n<\/header>\n<div class=\"entry-content\">\n<p>Como cada eleitor poder\u00e1 votar em dois candidatos ao Senado, os percentuais somam at\u00e9 200%.<\/p>\n<p>Com esses \u00edndices, Jo\u00e3o Azev\u00eado e Veneziano seriam eleitos, caso o cen\u00e1rio atual se confirmasse nas urnas.<\/p>\n<p><strong>Confira o somat\u00f3rio geral das inten\u00e7\u00f5es de voto para o Senado:<\/strong><\/p>\n<p>\u2022 Jo\u00e3o Azev\u00eado \u2013 48,2%<br \/>\n\u2022 Veneziano Vital do R\u00eago \u2013 35,1%<br \/>\n\u2022 Cabo Gilberto Silva (PL) \u2013 8,1%<br \/>\n\u2022 Nabor Wanderley (Republicanos) \u2013 6,5%<br \/>\n\u2022 Pastor S\u00e9rgio Queiroz (Novo) \u2013 5,3%<br \/>\n\u2022 Indecisos \u2013 64,0%<br \/>\n\u2022 Brancos\/Nulos \u2013 32,8%<\/p>\n<p><strong>Cen\u00e1rios isolados tamb\u00e9m confirmam lideran\u00e7a de Jo\u00e3o e for\u00e7a de Veneziano<\/strong><\/p>\n<p>Na pesquisa estimulada do 1\u00ba voto, Jo\u00e3o Azev\u00eado tamb\u00e9m aparece na frente com 33,3%, enquanto Veneziano soma 19,8%. No 2\u00ba voto, os pap\u00e9is se invertem: Veneziano lidera com 15,3%, seguido por Jo\u00e3o com 14,9%.<\/p>\n<p><strong>Estimulada \u2013 1\u00ba voto:<\/strong><\/p>\n<p>\u2022 Jo\u00e3o Azev\u00eado \u2013 33,3%<br \/>\n\u2022 Veneziano Vital \u2013 19,8%<br \/>\n\u2022 Cabo Gilberto \u2013 5,0%<br \/>\n\u2022 Nabor Wanderley \u2013 4,0%<br \/>\n\u2022 Pastor S\u00e9rgio \u2013 3,5%<br \/>\n\u2022 Indecisos \u2013 22,1%<br \/>\n\u2022 Brancos\/Nulos \u2013 12,3%<\/p>\n<p><strong>Estimulada \u2013 2\u00ba voto:<\/strong><\/p>\n<p>\u2022 Veneziano Vital \u2013 15,3%<br \/>\n\u2022 Jo\u00e3o Azev\u00eado \u2013 14,9%<br \/>\n\u2022 Cabo Gilberto \u2013 3,1%<br \/>\n\u2022 Nabor Wanderley \u2013 2,5%<br \/>\n\u2022 Pastor S\u00e9rgio \u2013 1,8%<br \/>\n\u2022 Indecisos \u2013 41,9%<br \/>\n\u2022 Brancos\/Nulos \u2013 20,5%<\/p>\n<p><strong>Espont\u00e2nea mant\u00e9m Jo\u00e3o na frente, mas com alto \u00edndice de indecisos<\/strong><\/p>\n<p>Na pesquisa espont\u00e2nea \u2014 quando o eleitor responde sem ter os nomes dos candidatos apresentados \u2014 Jo\u00e3o Azev\u00eado tamb\u00e9m lidera o 1\u00ba voto, com 22,7%, seguido por Veneziano com 11,6%. J\u00e1 no 2\u00ba voto espont\u00e2neo, Veneziano assume a dianteira com 11,1%, enquanto Jo\u00e3o aparece com 9,6%. O n\u00famero de indecisos e votos brancos\/nulos \u00e9 expressivo nos dois casos.<\/p>\n<p><strong>Espont\u00e2nea \u2013 1\u00ba voto:<\/strong><\/p>\n<p>\u2022 Jo\u00e3o Azev\u00eado \u2013 22,7%<br \/>\n\u2022 Veneziano \u2013 11,6%<br \/>\n\u2022 Cabo Gilberto \u2013 2,3%<br \/>\n\u2022 Nabor Wanderley \u2013 1,6%<br \/>\n\u2022 Pastor S\u00e9rgio \u2013 1,2%<br \/>\n\u2022 Daniella Ribeiro \u2013 0,3%<br \/>\n\u2022 Efraim Filho \u2013 0,2%<br \/>\n\u2022 Indecisos \u2013 48,6%<br \/>\n\u2022 Brancos\/Nulos \u2013 11,5%<\/p>\n<p><strong>Espont\u00e2nea \u2013 2\u00ba voto:<\/strong><\/p>\n<p>\u2022 Veneziano \u2013 11,1%<br \/>\n\u2022 Jo\u00e3o Azev\u00eado \u2013 9,6%<br \/>\n\u2022 Pastor S\u00e9rgio \u2013 1,8%<br \/>\n\u2022 Cabo Gilberto \u2013 1,5%<br \/>\n\u2022 Nabor Wanderley \u2013 1,0%<br \/>\n\u2022 Indecisos \u2013 56,2%<br \/>\n\u2022 Brancos\/Nulos \u2013 18,8%<\/p>\n<p><strong>Metodologia<\/strong><\/p>\n<p>A pesquisa ouviu 2.002 eleitores em 70 munic\u00edpios da Para\u00edba, abrangendo todas as regi\u00f5es do estado, entre os dias 22 e 24 de julho de 2025. A margem de erro \u00e9 de 2,2 pontos percentuais, com n\u00edvel de confian\u00e7a de 95%.<\/p>\n<p>Al\u00e9m da disputa para o Senado, o levantamento tamb\u00e9m aferiu inten\u00e7\u00f5es de voto \u2014 tanto espont\u00e2neas quanto estimuladas \u2014 para presidente da Rep\u00fablica e governador, oferecendo um retrato atualizado do cen\u00e1rio pol\u00edtico paraibano com vistas \u00e0s elei\u00e7\u00f5es de 2026.<\/p>\n<p><strong>Noticias em Destaque<\/strong><\/p>\n<p style=\"text-align: right;\"><em>Fonte: PB Agora<\/em><\/p>\n<\/div>\n","protected":false},"excerpt":{"rendered":"<p>A corrida pelas duas vagas ao Senado Federal na Para\u00edba em 2026 j\u00e1 apresenta dois nomes em destaque, segundo levantamento realizado pelo Instituto ANOVA, em parceria com o portal PB Agora. De acordo com a pesquisa estimulada no somat\u00f3rio dos dois votos, o governador Jo\u00e3o Azev\u00eado (PSB) lidera com 48,2% das inten\u00e7\u00f5es de voto, seguido pelo senador Veneziano Vital do R\u00eago (MDB), que aparece com 35,1%. Como cada eleitor poder\u00e1 votar em dois candidatos ao Senado, os percentuais somam at\u00e9 200%. Com esses \u00edndices, Jo\u00e3o Azev\u00eado e Veneziano seriam eleitos, caso o cen\u00e1rio atual se confirmasse nas urnas. Confira o somat\u00f3rio geral das inten\u00e7\u00f5es de voto para o Senado: \u2022 Jo\u00e3o Azev\u00eado \u2013 48,2% \u2022 Veneziano Vital do R\u00eago \u2013 35,1% \u2022 Cabo Gilberto Silva (PL) \u2013 8,1% \u2022 Nabor Wanderley (Republicanos) \u2013 6,5% \u2022 Pastor S\u00e9rgio Queiroz (Novo) \u2013 5,3% \u2022 Indecisos \u2013 64,0% \u2022 Brancos\/Nulos \u2013 32,8% Cen\u00e1rios isolados tamb\u00e9m confirmam lideran\u00e7a de Jo\u00e3o e for\u00e7a de Veneziano Na pesquisa estimulada do 1\u00ba voto, Jo\u00e3o Azev\u00eado tamb\u00e9m aparece na frente com 33,3%, enquanto Veneziano soma 19,8%. No 2\u00ba voto, os pap\u00e9is se invertem: Veneziano lidera com 15,3%, seguido por Jo\u00e3o com 14,9%. Estimulada \u2013 1\u00ba voto: \u2022 Jo\u00e3o Azev\u00eado \u2013 33,3% \u2022 Veneziano Vital \u2013 19,8% \u2022 Cabo Gilberto \u2013 5,0% \u2022 Nabor Wanderley \u2013 4,0% \u2022 Pastor S\u00e9rgio \u2013 3,5% \u2022 Indecisos \u2013 22,1% \u2022 Brancos\/Nulos \u2013 12,3% Estimulada \u2013 2\u00ba voto: \u2022 Veneziano Vital \u2013 15,3% \u2022 Jo\u00e3o Azev\u00eado \u2013 14,9% \u2022 Cabo Gilberto \u2013 3,1% \u2022 Nabor Wanderley \u2013 2,5% \u2022 Pastor S\u00e9rgio \u2013 1,8% \u2022 Indecisos \u2013 41,9% \u2022 Brancos\/Nulos \u2013 20,5% Espont\u00e2nea mant\u00e9m Jo\u00e3o na frente, mas com alto \u00edndice de indecisos Na pesquisa espont\u00e2nea \u2014 quando o eleitor responde sem ter os nomes dos candidatos apresentados \u2014 Jo\u00e3o Azev\u00eado tamb\u00e9m lidera o 1\u00ba voto, com 22,7%, seguido por Veneziano com 11,6%. J\u00e1 no 2\u00ba voto espont\u00e2neo, Veneziano assume a dianteira com 11,1%, enquanto Jo\u00e3o aparece com 9,6%. O n\u00famero de indecisos e votos brancos\/nulos \u00e9 expressivo nos dois casos. Espont\u00e2nea \u2013 1\u00ba voto: \u2022 Jo\u00e3o Azev\u00eado \u2013 22,7% \u2022 Veneziano \u2013 11,6% \u2022 Cabo Gilberto \u2013 2,3% \u2022 Nabor Wanderley \u2013 1,6% \u2022 Pastor S\u00e9rgio \u2013 1,2% \u2022 Daniella Ribeiro \u2013 0,3% \u2022 Efraim Filho \u2013 0,2% \u2022 Indecisos \u2013 48,6% \u2022 Brancos\/Nulos \u2013 11,5% Espont\u00e2nea \u2013 2\u00ba voto: \u2022 Veneziano \u2013 11,1% \u2022 Jo\u00e3o Azev\u00eado \u2013 9,6% \u2022 Pastor S\u00e9rgio \u2013 1,8% \u2022 Cabo Gilberto \u2013 1,5% \u2022 Nabor Wanderley \u2013 1,0% \u2022 Indecisos \u2013 56,2% \u2022 Brancos\/Nulos \u2013 18,8% Metodologia A pesquisa ouviu 2.002 eleitores em 70 munic\u00edpios da Para\u00edba, abrangendo todas as regi\u00f5es do estado, entre os dias 22 e 24 de julho de 2025. A margem de erro \u00e9 de 2,2 pontos percentuais, com n\u00edvel de confian\u00e7a de 95%. Al\u00e9m da disputa para o Senado, o levantamento tamb\u00e9m aferiu inten\u00e7\u00f5es de voto \u2014 tanto espont\u00e2neas quanto estimuladas \u2014 para presidente da Rep\u00fablica e governador, oferecendo um retrato atualizado do cen\u00e1rio pol\u00edtico paraibano com vistas \u00e0s elei\u00e7\u00f5es de 2026. Noticias em Destaque Fonte: PB Agora<\/p>\n","protected":false},"author":2,"featured_media":71821,"comment_status":"closed","ping_status":"closed","sticky":false,"template":"","format":"standard","meta":{"_eb_attr":"","_jetpack_memberships_contains_paid_content":false,"footnotes":""},"categories":[4],"tags":[],"class_list":["post-71820","post","type-post","status-publish","format-standard","has-post-thumbnail","hentry","category-politica"],"yoast_head":"<!-- This site is optimized with the Yoast SEO plugin v26.5 - https:\/\/yoast.com\/wordpress\/plugins\/seo\/ -->\n<title>Jo\u00e3o lidera com 48,2% e Veneziano aparece em 2\u00ba com 35,1% no somat\u00f3rio de votos para o Senado em 2026 - Not&iacute;cias em Destaque<\/title>\n<meta name=\"robots\" content=\"index, follow, max-snippet:-1, max-image-preview:large, max-video-preview:-1\" \/>\n<link rel=\"canonical\" href=\"https:\/\/noticiasemdestaque.com\/cd\/?p=71820\" \/>\n<meta property=\"og:locale\" content=\"pt_BR\" \/>\n<meta property=\"og:type\" content=\"article\" \/>\n<meta property=\"og:title\" content=\"Jo\u00e3o lidera com 48,2% e Veneziano aparece em 2\u00ba com 35,1% no somat\u00f3rio de votos para o Senado em 2026 - Not&iacute;cias em Destaque\" \/>\n<meta property=\"og:description\" content=\"A corrida pelas duas vagas ao Senado Federal na Para\u00edba em 2026 j\u00e1 apresenta dois nomes em destaque, segundo levantamento realizado pelo Instituto ANOVA, em parceria com o portal PB Agora. De acordo com a pesquisa estimulada no somat\u00f3rio dos dois votos, o governador Jo\u00e3o Azev\u00eado (PSB) lidera com 48,2% das inten\u00e7\u00f5es de voto, seguido pelo senador Veneziano Vital do R\u00eago (MDB), que aparece com 35,1%. Como cada eleitor poder\u00e1 votar em dois candidatos ao Senado, os percentuais somam at\u00e9 200%. Com esses \u00edndices, Jo\u00e3o Azev\u00eado e Veneziano seriam eleitos, caso o cen\u00e1rio atual se confirmasse nas urnas. Confira o somat\u00f3rio geral das inten\u00e7\u00f5es de voto para o Senado: \u2022 Jo\u00e3o Azev\u00eado \u2013 48,2% \u2022 Veneziano Vital do R\u00eago \u2013 35,1% \u2022 Cabo Gilberto Silva (PL) \u2013 8,1% \u2022 Nabor Wanderley (Republicanos) \u2013 6,5% \u2022 Pastor S\u00e9rgio Queiroz (Novo) \u2013 5,3% \u2022 Indecisos \u2013 64,0% \u2022 Brancos\/Nulos \u2013 32,8% Cen\u00e1rios isolados tamb\u00e9m confirmam lideran\u00e7a de Jo\u00e3o e for\u00e7a de Veneziano Na pesquisa estimulada do 1\u00ba voto, Jo\u00e3o Azev\u00eado tamb\u00e9m aparece na frente com 33,3%, enquanto Veneziano soma 19,8%. No 2\u00ba voto, os pap\u00e9is se invertem: Veneziano lidera com 15,3%, seguido por Jo\u00e3o com 14,9%. Estimulada \u2013 1\u00ba voto: \u2022 Jo\u00e3o Azev\u00eado \u2013 33,3% \u2022 Veneziano Vital \u2013 19,8% \u2022 Cabo Gilberto \u2013 5,0% \u2022 Nabor Wanderley \u2013 4,0% \u2022 Pastor S\u00e9rgio \u2013 3,5% \u2022 Indecisos \u2013 22,1% \u2022 Brancos\/Nulos \u2013 12,3% Estimulada \u2013 2\u00ba voto: \u2022 Veneziano Vital \u2013 15,3% \u2022 Jo\u00e3o Azev\u00eado \u2013 14,9% \u2022 Cabo Gilberto \u2013 3,1% \u2022 Nabor Wanderley \u2013 2,5% \u2022 Pastor S\u00e9rgio \u2013 1,8% \u2022 Indecisos \u2013 41,9% \u2022 Brancos\/Nulos \u2013 20,5% Espont\u00e2nea mant\u00e9m Jo\u00e3o na frente, mas com alto \u00edndice de indecisos Na pesquisa espont\u00e2nea \u2014 quando o eleitor responde sem ter os nomes dos candidatos apresentados \u2014 Jo\u00e3o Azev\u00eado tamb\u00e9m lidera o 1\u00ba voto, com 22,7%, seguido por Veneziano com 11,6%. J\u00e1 no 2\u00ba voto espont\u00e2neo, Veneziano assume a dianteira com 11,1%, enquanto Jo\u00e3o aparece com 9,6%. O n\u00famero de indecisos e votos brancos\/nulos \u00e9 expressivo nos dois casos. Espont\u00e2nea \u2013 1\u00ba voto: \u2022 Jo\u00e3o Azev\u00eado \u2013 22,7% \u2022 Veneziano \u2013 11,6% \u2022 Cabo Gilberto \u2013 2,3% \u2022 Nabor Wanderley \u2013 1,6% \u2022 Pastor S\u00e9rgio \u2013 1,2% \u2022 Daniella Ribeiro \u2013 0,3% \u2022 Efraim Filho \u2013 0,2% \u2022 Indecisos \u2013 48,6% \u2022 Brancos\/Nulos \u2013 11,5% Espont\u00e2nea \u2013 2\u00ba voto: \u2022 Veneziano \u2013 11,1% \u2022 Jo\u00e3o Azev\u00eado \u2013 9,6% \u2022 Pastor S\u00e9rgio \u2013 1,8% \u2022 Cabo Gilberto \u2013 1,5% \u2022 Nabor Wanderley \u2013 1,0% \u2022 Indecisos \u2013 56,2% \u2022 Brancos\/Nulos \u2013 18,8% Metodologia A pesquisa ouviu 2.002 eleitores em 70 munic\u00edpios da Para\u00edba, abrangendo todas as regi\u00f5es do estado, entre os dias 22 e 24 de julho de 2025. A margem de erro \u00e9 de 2,2 pontos percentuais, com n\u00edvel de confian\u00e7a de 95%. Al\u00e9m da disputa para o Senado, o levantamento tamb\u00e9m aferiu inten\u00e7\u00f5es de voto \u2014 tanto espont\u00e2neas quanto estimuladas \u2014 para presidente da Rep\u00fablica e governador, oferecendo um retrato atualizado do cen\u00e1rio pol\u00edtico paraibano com vistas \u00e0s elei\u00e7\u00f5es de 2026. Noticias em Destaque Fonte: PB Agora\" \/>\n<meta property=\"og:url\" content=\"https:\/\/noticiasemdestaque.com\/cd\/?p=71820\" \/>\n<meta property=\"og:site_name\" content=\"Not&iacute;cias em Destaque\" \/>\n<meta property=\"article:published_time\" content=\"2025-07-29T23:07:57+00:00\" \/>\n<meta property=\"og:image\" content=\"https:\/\/noticiasemdestaque.com\/cd\/wp-content\/uploads\/2025\/07\/joao-vene-800x500-1.webp\" \/>\n\t<meta property=\"og:image:width\" content=\"800\" \/>\n\t<meta property=\"og:image:height\" content=\"500\" \/>\n\t<meta property=\"og:image:type\" content=\"image\/webp\" \/>\n<meta name=\"author\" content=\"Not\u00edcias em Destaque\" \/>\n<meta name=\"twitter:card\" content=\"summary_large_image\" \/>\n<meta name=\"twitter:label1\" content=\"Escrito por\" \/>\n\t<meta name=\"twitter:data1\" content=\"Not\u00edcias em Destaque\" \/>\n\t<meta name=\"twitter:label2\" content=\"Est. tempo de leitura\" \/>\n\t<meta name=\"twitter:data2\" content=\"3 minutos\" \/>\n<script type=\"application\/ld+json\" class=\"yoast-schema-graph\">{\"@context\":\"https:\/\/schema.org\",\"@graph\":[{\"@type\":\"Article\",\"@id\":\"https:\/\/noticiasemdestaque.com\/cd\/?p=71820#article\",\"isPartOf\":{\"@id\":\"https:\/\/noticiasemdestaque.com\/cd\/?p=71820\"},\"author\":{\"name\":\"Not\u00edcias em Destaque\",\"@id\":\"https:\/\/noticiasemdestaque.com\/cd\/#\/schema\/person\/3e6ba396ff5664a69c392f09a8e1504c\"},\"headline\":\"Jo\u00e3o lidera com 48,2% e Veneziano aparece em 2\u00ba com 35,1% no somat\u00f3rio de votos para o Senado em 2026\",\"datePublished\":\"2025-07-29T23:07:57+00:00\",\"mainEntityOfPage\":{\"@id\":\"https:\/\/noticiasemdestaque.com\/cd\/?p=71820\"},\"wordCount\":443,\"publisher\":{\"@id\":\"https:\/\/noticiasemdestaque.com\/cd\/#organization\"},\"image\":{\"@id\":\"https:\/\/noticiasemdestaque.com\/cd\/?p=71820#primaryimage\"},\"thumbnailUrl\":\"https:\/\/noticiasemdestaque.com\/cd\/wp-content\/uploads\/2025\/07\/joao-vene-800x500-1.webp\",\"articleSection\":[\"Pol\u00edtica\"],\"inLanguage\":\"pt-BR\"},{\"@type\":\"WebPage\",\"@id\":\"https:\/\/noticiasemdestaque.com\/cd\/?p=71820\",\"url\":\"https:\/\/noticiasemdestaque.com\/cd\/?p=71820\",\"name\":\"Jo\u00e3o lidera com 48,2% e Veneziano aparece em 2\u00ba com 35,1% no somat\u00f3rio de votos para o Senado em 2026 - Not&iacute;cias em Destaque\",\"isPartOf\":{\"@id\":\"https:\/\/noticiasemdestaque.com\/cd\/#website\"},\"primaryImageOfPage\":{\"@id\":\"https:\/\/noticiasemdestaque.com\/cd\/?p=71820#primaryimage\"},\"image\":{\"@id\":\"https:\/\/noticiasemdestaque.com\/cd\/?p=71820#primaryimage\"},\"thumbnailUrl\":\"https:\/\/noticiasemdestaque.com\/cd\/wp-content\/uploads\/2025\/07\/joao-vene-800x500-1.webp\",\"datePublished\":\"2025-07-29T23:07:57+00:00\",\"breadcrumb\":{\"@id\":\"https:\/\/noticiasemdestaque.com\/cd\/?p=71820#breadcrumb\"},\"inLanguage\":\"pt-BR\",\"potentialAction\":[{\"@type\":\"ReadAction\",\"target\":[\"https:\/\/noticiasemdestaque.com\/cd\/?p=71820\"]}]},{\"@type\":\"ImageObject\",\"inLanguage\":\"pt-BR\",\"@id\":\"https:\/\/noticiasemdestaque.com\/cd\/?p=71820#primaryimage\",\"url\":\"https:\/\/noticiasemdestaque.com\/cd\/wp-content\/uploads\/2025\/07\/joao-vene-800x500-1.webp\",\"contentUrl\":\"https:\/\/noticiasemdestaque.com\/cd\/wp-content\/uploads\/2025\/07\/joao-vene-800x500-1.webp\",\"width\":800,\"height\":500},{\"@type\":\"BreadcrumbList\",\"@id\":\"https:\/\/noticiasemdestaque.com\/cd\/?p=71820#breadcrumb\",\"itemListElement\":[{\"@type\":\"ListItem\",\"position\":1,\"name\":\"In\u00edcio\",\"item\":\"https:\/\/noticiasemdestaque.com\/cd\/\"},{\"@type\":\"ListItem\",\"position\":2,\"name\":\"Jo\u00e3o lidera com 48,2% e Veneziano aparece em 2\u00ba com 35,1% no somat\u00f3rio de votos para o Senado em 2026\"}]},{\"@type\":\"WebSite\",\"@id\":\"https:\/\/noticiasemdestaque.com\/cd\/#website\",\"url\":\"https:\/\/noticiasemdestaque.com\/cd\/\",\"name\":\"Not&iacute;cias em Destaque\",\"description\":\"\",\"publisher\":{\"@id\":\"https:\/\/noticiasemdestaque.com\/cd\/#organization\"},\"potentialAction\":[{\"@type\":\"SearchAction\",\"target\":{\"@type\":\"EntryPoint\",\"urlTemplate\":\"https:\/\/noticiasemdestaque.com\/cd\/?s={search_term_string}\"},\"query-input\":{\"@type\":\"PropertyValueSpecification\",\"valueRequired\":true,\"valueName\":\"search_term_string\"}}],\"inLanguage\":\"pt-BR\"},{\"@type\":\"Organization\",\"@id\":\"https:\/\/noticiasemdestaque.com\/cd\/#organization\",\"name\":\"Not\u00edcias em Destaque\",\"url\":\"https:\/\/noticiasemdestaque.com\/cd\/\",\"logo\":{\"@type\":\"ImageObject\",\"inLanguage\":\"pt-BR\",\"@id\":\"https:\/\/noticiasemdestaque.com\/cd\/#\/schema\/logo\/image\/\",\"url\":\"https:\/\/noticiasemdestaque.com\/cd\/wp-content\/uploads\/2022\/05\/imagem-base-noticiasemdestaque.png\",\"contentUrl\":\"https:\/\/noticiasemdestaque.com\/cd\/wp-content\/uploads\/2022\/05\/imagem-base-noticiasemdestaque.png\",\"width\":1200,\"height\":630,\"caption\":\"Not\u00edcias em Destaque\"},\"image\":{\"@id\":\"https:\/\/noticiasemdestaque.com\/cd\/#\/schema\/logo\/image\/\"}},{\"@type\":\"Person\",\"@id\":\"https:\/\/noticiasemdestaque.com\/cd\/#\/schema\/person\/3e6ba396ff5664a69c392f09a8e1504c\",\"name\":\"Not\u00edcias em Destaque\",\"url\":\"https:\/\/noticiasemdestaque.com\/cd\/?author=2\"}]}<\/script>\n<!-- \/ Yoast SEO plugin. -->","yoast_head_json":{"title":"Jo\u00e3o lidera com 48,2% e Veneziano aparece em 2\u00ba com 35,1% no somat\u00f3rio de votos para o Senado em 2026 - Not&iacute;cias em Destaque","robots":{"index":"index","follow":"follow","max-snippet":"max-snippet:-1","max-image-preview":"max-image-preview:large","max-video-preview":"max-video-preview:-1"},"canonical":"https:\/\/noticiasemdestaque.com\/cd\/?p=71820","og_locale":"pt_BR","og_type":"article","og_title":"Jo\u00e3o lidera com 48,2% e Veneziano aparece em 2\u00ba com 35,1% no somat\u00f3rio de votos para o Senado em 2026 - Not&iacute;cias em Destaque","og_description":"A corrida pelas duas vagas ao Senado Federal na Para\u00edba em 2026 j\u00e1 apresenta dois nomes em destaque, segundo levantamento realizado pelo Instituto ANOVA, em parceria com o portal PB Agora. De acordo com a pesquisa estimulada no somat\u00f3rio dos dois votos, o governador Jo\u00e3o Azev\u00eado (PSB) lidera com 48,2% das inten\u00e7\u00f5es de voto, seguido pelo senador Veneziano Vital do R\u00eago (MDB), que aparece com 35,1%. Como cada eleitor poder\u00e1 votar em dois candidatos ao Senado, os percentuais somam at\u00e9 200%. Com esses \u00edndices, Jo\u00e3o Azev\u00eado e Veneziano seriam eleitos, caso o cen\u00e1rio atual se confirmasse nas urnas. Confira o somat\u00f3rio geral das inten\u00e7\u00f5es de voto para o Senado: \u2022 Jo\u00e3o Azev\u00eado \u2013 48,2% \u2022 Veneziano Vital do R\u00eago \u2013 35,1% \u2022 Cabo Gilberto Silva (PL) \u2013 8,1% \u2022 Nabor Wanderley (Republicanos) \u2013 6,5% \u2022 Pastor S\u00e9rgio Queiroz (Novo) \u2013 5,3% \u2022 Indecisos \u2013 64,0% \u2022 Brancos\/Nulos \u2013 32,8% Cen\u00e1rios isolados tamb\u00e9m confirmam lideran\u00e7a de Jo\u00e3o e for\u00e7a de Veneziano Na pesquisa estimulada do 1\u00ba voto, Jo\u00e3o Azev\u00eado tamb\u00e9m aparece na frente com 33,3%, enquanto Veneziano soma 19,8%. No 2\u00ba voto, os pap\u00e9is se invertem: Veneziano lidera com 15,3%, seguido por Jo\u00e3o com 14,9%. Estimulada \u2013 1\u00ba voto: \u2022 Jo\u00e3o Azev\u00eado \u2013 33,3% \u2022 Veneziano Vital \u2013 19,8% \u2022 Cabo Gilberto \u2013 5,0% \u2022 Nabor Wanderley \u2013 4,0% \u2022 Pastor S\u00e9rgio \u2013 3,5% \u2022 Indecisos \u2013 22,1% \u2022 Brancos\/Nulos \u2013 12,3% Estimulada \u2013 2\u00ba voto: \u2022 Veneziano Vital \u2013 15,3% \u2022 Jo\u00e3o Azev\u00eado \u2013 14,9% \u2022 Cabo Gilberto \u2013 3,1% \u2022 Nabor Wanderley \u2013 2,5% \u2022 Pastor S\u00e9rgio \u2013 1,8% \u2022 Indecisos \u2013 41,9% \u2022 Brancos\/Nulos \u2013 20,5% Espont\u00e2nea mant\u00e9m Jo\u00e3o na frente, mas com alto \u00edndice de indecisos Na pesquisa espont\u00e2nea \u2014 quando o eleitor responde sem ter os nomes dos candidatos apresentados \u2014 Jo\u00e3o Azev\u00eado tamb\u00e9m lidera o 1\u00ba voto, com 22,7%, seguido por Veneziano com 11,6%. J\u00e1 no 2\u00ba voto espont\u00e2neo, Veneziano assume a dianteira com 11,1%, enquanto Jo\u00e3o aparece com 9,6%. O n\u00famero de indecisos e votos brancos\/nulos \u00e9 expressivo nos dois casos. Espont\u00e2nea \u2013 1\u00ba voto: \u2022 Jo\u00e3o Azev\u00eado \u2013 22,7% \u2022 Veneziano \u2013 11,6% \u2022 Cabo Gilberto \u2013 2,3% \u2022 Nabor Wanderley \u2013 1,6% \u2022 Pastor S\u00e9rgio \u2013 1,2% \u2022 Daniella Ribeiro \u2013 0,3% \u2022 Efraim Filho \u2013 0,2% \u2022 Indecisos \u2013 48,6% \u2022 Brancos\/Nulos \u2013 11,5% Espont\u00e2nea \u2013 2\u00ba voto: \u2022 Veneziano \u2013 11,1% \u2022 Jo\u00e3o Azev\u00eado \u2013 9,6% \u2022 Pastor S\u00e9rgio \u2013 1,8% \u2022 Cabo Gilberto \u2013 1,5% \u2022 Nabor Wanderley \u2013 1,0% \u2022 Indecisos \u2013 56,2% \u2022 Brancos\/Nulos \u2013 18,8% Metodologia A pesquisa ouviu 2.002 eleitores em 70 munic\u00edpios da Para\u00edba, abrangendo todas as regi\u00f5es do estado, entre os dias 22 e 24 de julho de 2025. A margem de erro \u00e9 de 2,2 pontos percentuais, com n\u00edvel de confian\u00e7a de 95%. Al\u00e9m da disputa para o Senado, o levantamento tamb\u00e9m aferiu inten\u00e7\u00f5es de voto \u2014 tanto espont\u00e2neas quanto estimuladas \u2014 para presidente da Rep\u00fablica e governador, oferecendo um retrato atualizado do cen\u00e1rio pol\u00edtico paraibano com vistas \u00e0s elei\u00e7\u00f5es de 2026. Noticias em Destaque Fonte: PB Agora","og_url":"https:\/\/noticiasemdestaque.com\/cd\/?p=71820","og_site_name":"Not&iacute;cias em Destaque","article_published_time":"2025-07-29T23:07:57+00:00","og_image":[{"width":800,"height":500,"url":"https:\/\/noticiasemdestaque.com\/cd\/wp-content\/uploads\/2025\/07\/joao-vene-800x500-1.webp","type":"image\/webp"}],"author":"Not\u00edcias em Destaque","twitter_card":"summary_large_image","twitter_misc":{"Escrito por":"Not\u00edcias em Destaque","Est. tempo de leitura":"3 minutos"},"schema":{"@context":"https:\/\/schema.org","@graph":[{"@type":"Article","@id":"https:\/\/noticiasemdestaque.com\/cd\/?p=71820#article","isPartOf":{"@id":"https:\/\/noticiasemdestaque.com\/cd\/?p=71820"},"author":{"name":"Not\u00edcias em Destaque","@id":"https:\/\/noticiasemdestaque.com\/cd\/#\/schema\/person\/3e6ba396ff5664a69c392f09a8e1504c"},"headline":"Jo\u00e3o lidera com 48,2% e Veneziano aparece em 2\u00ba com 35,1% no somat\u00f3rio de votos para o Senado em 2026","datePublished":"2025-07-29T23:07:57+00:00","mainEntityOfPage":{"@id":"https:\/\/noticiasemdestaque.com\/cd\/?p=71820"},"wordCount":443,"publisher":{"@id":"https:\/\/noticiasemdestaque.com\/cd\/#organization"},"image":{"@id":"https:\/\/noticiasemdestaque.com\/cd\/?p=71820#primaryimage"},"thumbnailUrl":"https:\/\/noticiasemdestaque.com\/cd\/wp-content\/uploads\/2025\/07\/joao-vene-800x500-1.webp","articleSection":["Pol\u00edtica"],"inLanguage":"pt-BR"},{"@type":"WebPage","@id":"https:\/\/noticiasemdestaque.com\/cd\/?p=71820","url":"https:\/\/noticiasemdestaque.com\/cd\/?p=71820","name":"Jo\u00e3o lidera com 48,2% e Veneziano aparece em 2\u00ba com 35,1% no somat\u00f3rio de votos para o Senado em 2026 - Not&iacute;cias em Destaque","isPartOf":{"@id":"https:\/\/noticiasemdestaque.com\/cd\/#website"},"primaryImageOfPage":{"@id":"https:\/\/noticiasemdestaque.com\/cd\/?p=71820#primaryimage"},"image":{"@id":"https:\/\/noticiasemdestaque.com\/cd\/?p=71820#primaryimage"},"thumbnailUrl":"https:\/\/noticiasemdestaque.com\/cd\/wp-content\/uploads\/2025\/07\/joao-vene-800x500-1.webp","datePublished":"2025-07-29T23:07:57+00:00","breadcrumb":{"@id":"https:\/\/noticiasemdestaque.com\/cd\/?p=71820#breadcrumb"},"inLanguage":"pt-BR","potentialAction":[{"@type":"ReadAction","target":["https:\/\/noticiasemdestaque.com\/cd\/?p=71820"]}]},{"@type":"ImageObject","inLanguage":"pt-BR","@id":"https:\/\/noticiasemdestaque.com\/cd\/?p=71820#primaryimage","url":"https:\/\/noticiasemdestaque.com\/cd\/wp-content\/uploads\/2025\/07\/joao-vene-800x500-1.webp","contentUrl":"https:\/\/noticiasemdestaque.com\/cd\/wp-content\/uploads\/2025\/07\/joao-vene-800x500-1.webp","width":800,"height":500},{"@type":"BreadcrumbList","@id":"https:\/\/noticiasemdestaque.com\/cd\/?p=71820#breadcrumb","itemListElement":[{"@type":"ListItem","position":1,"name":"In\u00edcio","item":"https:\/\/noticiasemdestaque.com\/cd\/"},{"@type":"ListItem","position":2,"name":"Jo\u00e3o lidera com 48,2% e Veneziano aparece em 2\u00ba com 35,1% no somat\u00f3rio de votos para o Senado em 2026"}]},{"@type":"WebSite","@id":"https:\/\/noticiasemdestaque.com\/cd\/#website","url":"https:\/\/noticiasemdestaque.com\/cd\/","name":"Not&iacute;cias em Destaque","description":"","publisher":{"@id":"https:\/\/noticiasemdestaque.com\/cd\/#organization"},"potentialAction":[{"@type":"SearchAction","target":{"@type":"EntryPoint","urlTemplate":"https:\/\/noticiasemdestaque.com\/cd\/?s={search_term_string}"},"query-input":{"@type":"PropertyValueSpecification","valueRequired":true,"valueName":"search_term_string"}}],"inLanguage":"pt-BR"},{"@type":"Organization","@id":"https:\/\/noticiasemdestaque.com\/cd\/#organization","name":"Not\u00edcias em Destaque","url":"https:\/\/noticiasemdestaque.com\/cd\/","logo":{"@type":"ImageObject","inLanguage":"pt-BR","@id":"https:\/\/noticiasemdestaque.com\/cd\/#\/schema\/logo\/image\/","url":"https:\/\/noticiasemdestaque.com\/cd\/wp-content\/uploads\/2022\/05\/imagem-base-noticiasemdestaque.png","contentUrl":"https:\/\/noticiasemdestaque.com\/cd\/wp-content\/uploads\/2022\/05\/imagem-base-noticiasemdestaque.png","width":1200,"height":630,"caption":"Not\u00edcias em Destaque"},"image":{"@id":"https:\/\/noticiasemdestaque.com\/cd\/#\/schema\/logo\/image\/"}},{"@type":"Person","@id":"https:\/\/noticiasemdestaque.com\/cd\/#\/schema\/person\/3e6ba396ff5664a69c392f09a8e1504c","name":"Not\u00edcias em Destaque","url":"https:\/\/noticiasemdestaque.com\/cd\/?author=2"}]}},"jetpack_featured_media_url":"https:\/\/noticiasemdestaque.com\/cd\/wp-content\/uploads\/2025\/07\/joao-vene-800x500-1.webp","jetpack_sharing_enabled":true,"_links":{"self":[{"href":"https:\/\/noticiasemdestaque.com\/cd\/index.php?rest_route=\/wp\/v2\/posts\/71820","targetHints":{"allow":["GET"]}}],"collection":[{"href":"https:\/\/noticiasemdestaque.com\/cd\/index.php?rest_route=\/wp\/v2\/posts"}],"about":[{"href":"https:\/\/noticiasemdestaque.com\/cd\/index.php?rest_route=\/wp\/v2\/types\/post"}],"author":[{"embeddable":true,"href":"https:\/\/noticiasemdestaque.com\/cd\/index.php?rest_route=\/wp\/v2\/users\/2"}],"replies":[{"embeddable":true,"href":"https:\/\/noticiasemdestaque.com\/cd\/index.php?rest_route=%2Fwp%2Fv2%2Fcomments&post=71820"}],"version-history":[{"count":1,"href":"https:\/\/noticiasemdestaque.com\/cd\/index.php?rest_route=\/wp\/v2\/posts\/71820\/revisions"}],"predecessor-version":[{"id":71822,"href":"https:\/\/noticiasemdestaque.com\/cd\/index.php?rest_route=\/wp\/v2\/posts\/71820\/revisions\/71822"}],"wp:featuredmedia":[{"embeddable":true,"href":"https:\/\/noticiasemdestaque.com\/cd\/index.php?rest_route=\/wp\/v2\/media\/71821"}],"wp:attachment":[{"href":"https:\/\/noticiasemdestaque.com\/cd\/index.php?rest_route=%2Fwp%2Fv2%2Fmedia&parent=71820"}],"wp:term":[{"taxonomy":"category","embeddable":true,"href":"https:\/\/noticiasemdestaque.com\/cd\/index.php?rest_route=%2Fwp%2Fv2%2Fcategories&post=71820"},{"taxonomy":"post_tag","embeddable":true,"href":"https:\/\/noticiasemdestaque.com\/cd\/index.php?rest_route=%2Fwp%2Fv2%2Ftags&post=71820"}],"curies":[{"name":"wp","href":"https:\/\/api.w.org\/{rel}","templated":true}]}}