{"id":7141,"date":"2018-01-05T06:58:34","date_gmt":"2018-01-05T09:58:34","guid":{"rendered":"http:\/\/caririemdestaque.com\/cd\/?p=7141"},"modified":"2018-01-05T06:58:34","modified_gmt":"2018-01-05T09:58:34","slug":"ex-presidiario-e-alvejado-a-bala-na-cabeca-e-torax","status":"publish","type":"post","link":"https:\/\/noticiasemdestaque.com\/cd\/?p=7141","title":{"rendered":"Ex-presidi\u00e1rio \u00e9 alvejado a bala na cabe\u00e7a e t\u00f3rax"},"content":{"rendered":"<p><a href=\"http:\/\/caririemdestaque.com\/cd\/wp-content\/uploads\/2018\/01\/danilo-3.jpg\"><img fetchpriority=\"high\" decoding=\"async\" class=\"size-medium wp-image-7142 alignleft\" src=\"http:\/\/caririemdestaque.com\/cd\/wp-content\/uploads\/2018\/01\/danilo-3-300x187.jpg\" alt=\"\" width=\"300\" height=\"187\" srcset=\"https:\/\/noticiasemdestaque.com\/cd\/wp-content\/uploads\/2018\/01\/danilo-3-300x187.jpg 300w, https:\/\/noticiasemdestaque.com\/cd\/wp-content\/uploads\/2018\/01\/danilo-3-768x479.jpg 768w, https:\/\/noticiasemdestaque.com\/cd\/wp-content\/uploads\/2018\/01\/danilo-3.jpg 850w\" sizes=\"(max-width: 300px) 100vw, 300px\" \/><\/a>Homens armados chegaram por volta das 18:40h desta quinta-feira (04) a resid\u00eancia do popular, Carlos Danilo Rodrigues dos Santos que fica ao lado do Canal, Jardim Sorril\u00e2ndia em Sousa, e efetuaram diversos disparos contra a v\u00edtima.<\/p>\n<p>Danilo Filho de \u201cGalego Daniel\u201d, assassinado h\u00e1 dois anos atr\u00e1s no Alto Capanema foi ferido na cabe\u00e7a, e t\u00f3rax quando estava sentado em uma cadeira de balan\u00e7o.<\/p>\n<p>Carlos Danilo foi socorrido as presas por terceiro em estado grave ao Hospital Regional de Sousa, enquanto elementos foram vistos fugindo do local em um ve\u00edculo ainda n\u00e3o identificado.<\/p>\n<p>A Rotam, R\u00e1dio Patrulha, e a Pol\u00edcia Civil estiveram no local, realizando os primeiros levantamentos.<\/p>\n<p>H\u00e1 informa\u00e7\u00e3o que Danilo fora preso h\u00e1 um ano atr\u00e1s da \u201cOpera\u00e7\u00e3o Narco\u201d da Pol\u00edcia Civil em Sousa.<\/p>\n<p><strong><em>Cariri em Destaque<\/em><\/strong><\/p>\n<p>Com PB Rep\u00f3rter<\/p>\n","protected":false},"excerpt":{"rendered":"<p>Homens armados chegaram por volta das 18:40h desta quinta-feira (04) a resid\u00eancia do popular, Carlos Danilo Rodrigues dos Santos que fica ao lado do Canal, Jardim Sorril\u00e2ndia em Sousa, e efetuaram diversos disparos contra a v\u00edtima. Danilo Filho de \u201cGalego Daniel\u201d, assassinado h\u00e1 dois anos atr\u00e1s no Alto Capanema foi ferido na cabe\u00e7a, e t\u00f3rax quando estava sentado em uma cadeira de balan\u00e7o. Carlos Danilo foi socorrido as presas por terceiro em estado grave ao Hospital Regional de Sousa, enquanto elementos foram vistos fugindo do local em um ve\u00edculo ainda n\u00e3o identificado. A Rotam, R\u00e1dio Patrulha, e a Pol\u00edcia Civil estiveram no local, realizando os primeiros levantamentos. H\u00e1 informa\u00e7\u00e3o que Danilo fora preso h\u00e1 um ano atr\u00e1s da \u201cOpera\u00e7\u00e3o Narco\u201d da Pol\u00edcia Civil em Sousa. Cariri em Destaque Com PB Rep\u00f3rter<\/p>\n","protected":false},"author":2,"featured_media":7142,"comment_status":"closed","ping_status":"open","sticky":false,"template":"","format":"standard","meta":{"_eb_attr":"","_jetpack_memberships_contains_paid_content":false,"footnotes":""},"categories":[1],"tags":[],"class_list":["post-7141","post","type-post","status-publish","format-standard","has-post-thumbnail","hentry","category-uncategorized"],"yoast_head":"<!-- This site is optimized with the Yoast SEO plugin v26.5 - https:\/\/yoast.com\/wordpress\/plugins\/seo\/ -->\n<title>Ex-presidi\u00e1rio \u00e9 alvejado a bala na cabe\u00e7a e t\u00f3rax - Not&iacute;cias em Destaque<\/title>\n<meta name=\"robots\" content=\"index, follow, max-snippet:-1, max-image-preview:large, max-video-preview:-1\" \/>\n<link rel=\"canonical\" href=\"https:\/\/noticiasemdestaque.com\/cd\/?p=7141\" \/>\n<meta property=\"og:locale\" content=\"pt_BR\" \/>\n<meta property=\"og:type\" content=\"article\" \/>\n<meta property=\"og:title\" content=\"Ex-presidi\u00e1rio \u00e9 alvejado a bala na cabe\u00e7a e t\u00f3rax - Not&iacute;cias em Destaque\" \/>\n<meta property=\"og:description\" content=\"Homens armados chegaram por volta das 18:40h desta quinta-feira (04) a resid\u00eancia do popular, Carlos Danilo Rodrigues dos Santos que fica ao lado do Canal, Jardim Sorril\u00e2ndia em Sousa, e efetuaram diversos disparos contra a v\u00edtima. Danilo Filho de \u201cGalego Daniel\u201d, assassinado h\u00e1 dois anos atr\u00e1s no Alto Capanema foi ferido na cabe\u00e7a, e t\u00f3rax quando estava sentado em uma cadeira de balan\u00e7o. Carlos Danilo foi socorrido as presas por terceiro em estado grave ao Hospital Regional de Sousa, enquanto elementos foram vistos fugindo do local em um ve\u00edculo ainda n\u00e3o identificado. A Rotam, R\u00e1dio Patrulha, e a Pol\u00edcia Civil estiveram no local, realizando os primeiros levantamentos. H\u00e1 informa\u00e7\u00e3o que Danilo fora preso h\u00e1 um ano atr\u00e1s da \u201cOpera\u00e7\u00e3o Narco\u201d da Pol\u00edcia Civil em Sousa. Cariri em Destaque Com PB Rep\u00f3rter\" \/>\n<meta property=\"og:url\" content=\"https:\/\/noticiasemdestaque.com\/cd\/?p=7141\" \/>\n<meta property=\"og:site_name\" content=\"Not&iacute;cias em Destaque\" \/>\n<meta property=\"article:published_time\" content=\"2018-01-05T09:58:34+00:00\" \/>\n<meta property=\"og:image\" content=\"https:\/\/noticiasemdestaque.com\/cd\/wp-content\/uploads\/2018\/01\/danilo-3.jpg\" \/>\n\t<meta property=\"og:image:width\" content=\"850\" \/>\n\t<meta property=\"og:image:height\" content=\"530\" \/>\n\t<meta property=\"og:image:type\" content=\"image\/jpeg\" \/>\n<meta name=\"author\" content=\"Not\u00edcias em Destaque\" \/>\n<meta name=\"twitter:card\" content=\"summary_large_image\" \/>\n<meta name=\"twitter:label1\" content=\"Escrito por\" \/>\n\t<meta name=\"twitter:data1\" content=\"Not\u00edcias em Destaque\" \/>\n\t<meta name=\"twitter:label2\" content=\"Est. tempo de leitura\" \/>\n\t<meta name=\"twitter:data2\" content=\"1 minuto\" \/>\n<script type=\"application\/ld+json\" class=\"yoast-schema-graph\">{\"@context\":\"https:\/\/schema.org\",\"@graph\":[{\"@type\":\"Article\",\"@id\":\"https:\/\/noticiasemdestaque.com\/cd\/?p=7141#article\",\"isPartOf\":{\"@id\":\"https:\/\/noticiasemdestaque.com\/cd\/?p=7141\"},\"author\":{\"name\":\"Not\u00edcias em Destaque\",\"@id\":\"https:\/\/noticiasemdestaque.com\/cd\/#\/schema\/person\/21320b03a7e8bb90128938dafc9b908a\"},\"headline\":\"Ex-presidi\u00e1rio \u00e9 alvejado a bala na cabe\u00e7a e t\u00f3rax\",\"datePublished\":\"2018-01-05T09:58:34+00:00\",\"mainEntityOfPage\":{\"@id\":\"https:\/\/noticiasemdestaque.com\/cd\/?p=7141\"},\"wordCount\":157,\"publisher\":{\"@id\":\"https:\/\/noticiasemdestaque.com\/cd\/#organization\"},\"image\":{\"@id\":\"https:\/\/noticiasemdestaque.com\/cd\/?p=7141#primaryimage\"},\"thumbnailUrl\":\"https:\/\/noticiasemdestaque.com\/cd\/wp-content\/uploads\/2018\/01\/danilo-3.jpg\",\"articleSection\":[\"Uncategorized\"],\"inLanguage\":\"pt-BR\"},{\"@type\":\"WebPage\",\"@id\":\"https:\/\/noticiasemdestaque.com\/cd\/?p=7141\",\"url\":\"https:\/\/noticiasemdestaque.com\/cd\/?p=7141\",\"name\":\"Ex-presidi\u00e1rio \u00e9 alvejado a bala na cabe\u00e7a e t\u00f3rax - Not&iacute;cias em Destaque\",\"isPartOf\":{\"@id\":\"https:\/\/noticiasemdestaque.com\/cd\/#website\"},\"primaryImageOfPage\":{\"@id\":\"https:\/\/noticiasemdestaque.com\/cd\/?p=7141#primaryimage\"},\"image\":{\"@id\":\"https:\/\/noticiasemdestaque.com\/cd\/?p=7141#primaryimage\"},\"thumbnailUrl\":\"https:\/\/noticiasemdestaque.com\/cd\/wp-content\/uploads\/2018\/01\/danilo-3.jpg\",\"datePublished\":\"2018-01-05T09:58:34+00:00\",\"breadcrumb\":{\"@id\":\"https:\/\/noticiasemdestaque.com\/cd\/?p=7141#breadcrumb\"},\"inLanguage\":\"pt-BR\",\"potentialAction\":[{\"@type\":\"ReadAction\",\"target\":[\"https:\/\/noticiasemdestaque.com\/cd\/?p=7141\"]}]},{\"@type\":\"ImageObject\",\"inLanguage\":\"pt-BR\",\"@id\":\"https:\/\/noticiasemdestaque.com\/cd\/?p=7141#primaryimage\",\"url\":\"https:\/\/noticiasemdestaque.com\/cd\/wp-content\/uploads\/2018\/01\/danilo-3.jpg\",\"contentUrl\":\"https:\/\/noticiasemdestaque.com\/cd\/wp-content\/uploads\/2018\/01\/danilo-3.jpg\",\"width\":850,\"height\":530},{\"@type\":\"BreadcrumbList\",\"@id\":\"https:\/\/noticiasemdestaque.com\/cd\/?p=7141#breadcrumb\",\"itemListElement\":[{\"@type\":\"ListItem\",\"position\":1,\"name\":\"In\u00edcio\",\"item\":\"https:\/\/noticiasemdestaque.com\/cd\/\"},{\"@type\":\"ListItem\",\"position\":2,\"name\":\"Ex-presidi\u00e1rio \u00e9 alvejado a bala na cabe\u00e7a e t\u00f3rax\"}]},{\"@type\":\"WebSite\",\"@id\":\"https:\/\/noticiasemdestaque.com\/cd\/#website\",\"url\":\"https:\/\/noticiasemdestaque.com\/cd\/\",\"name\":\"Not&iacute;cias em Destaque\",\"description\":\"\",\"publisher\":{\"@id\":\"https:\/\/noticiasemdestaque.com\/cd\/#organization\"},\"potentialAction\":[{\"@type\":\"SearchAction\",\"target\":{\"@type\":\"EntryPoint\",\"urlTemplate\":\"https:\/\/noticiasemdestaque.com\/cd\/?s={search_term_string}\"},\"query-input\":{\"@type\":\"PropertyValueSpecification\",\"valueRequired\":true,\"valueName\":\"search_term_string\"}}],\"inLanguage\":\"pt-BR\"},{\"@type\":\"Organization\",\"@id\":\"https:\/\/noticiasemdestaque.com\/cd\/#organization\",\"name\":\"Not\u00edcias em Destaque\",\"url\":\"https:\/\/noticiasemdestaque.com\/cd\/\",\"logo\":{\"@type\":\"ImageObject\",\"inLanguage\":\"pt-BR\",\"@id\":\"https:\/\/noticiasemdestaque.com\/cd\/#\/schema\/logo\/image\/\",\"url\":\"https:\/\/noticiasemdestaque.com\/cd\/wp-content\/uploads\/2022\/05\/imagem-base-noticiasemdestaque.png\",\"contentUrl\":\"https:\/\/noticiasemdestaque.com\/cd\/wp-content\/uploads\/2022\/05\/imagem-base-noticiasemdestaque.png\",\"width\":1200,\"height\":630,\"caption\":\"Not\u00edcias em Destaque\"},\"image\":{\"@id\":\"https:\/\/noticiasemdestaque.com\/cd\/#\/schema\/logo\/image\/\"}},{\"@type\":\"Person\",\"@id\":\"https:\/\/noticiasemdestaque.com\/cd\/#\/schema\/person\/21320b03a7e8bb90128938dafc9b908a\",\"name\":\"Not\u00edcias em Destaque\",\"url\":\"https:\/\/noticiasemdestaque.com\/cd\/?author=2\"}]}<\/script>\n<!-- \/ Yoast SEO plugin. -->","yoast_head_json":{"title":"Ex-presidi\u00e1rio \u00e9 alvejado a bala na cabe\u00e7a e t\u00f3rax - Not&iacute;cias em Destaque","robots":{"index":"index","follow":"follow","max-snippet":"max-snippet:-1","max-image-preview":"max-image-preview:large","max-video-preview":"max-video-preview:-1"},"canonical":"https:\/\/noticiasemdestaque.com\/cd\/?p=7141","og_locale":"pt_BR","og_type":"article","og_title":"Ex-presidi\u00e1rio \u00e9 alvejado a bala na cabe\u00e7a e t\u00f3rax - Not&iacute;cias em Destaque","og_description":"Homens armados chegaram por volta das 18:40h desta quinta-feira (04) a resid\u00eancia do popular, Carlos Danilo Rodrigues dos Santos que fica ao lado do Canal, Jardim Sorril\u00e2ndia em Sousa, e efetuaram diversos disparos contra a v\u00edtima. Danilo Filho de \u201cGalego Daniel\u201d, assassinado h\u00e1 dois anos atr\u00e1s no Alto Capanema foi ferido na cabe\u00e7a, e t\u00f3rax quando estava sentado em uma cadeira de balan\u00e7o. Carlos Danilo foi socorrido as presas por terceiro em estado grave ao Hospital Regional de Sousa, enquanto elementos foram vistos fugindo do local em um ve\u00edculo ainda n\u00e3o identificado. A Rotam, R\u00e1dio Patrulha, e a Pol\u00edcia Civil estiveram no local, realizando os primeiros levantamentos. H\u00e1 informa\u00e7\u00e3o que Danilo fora preso h\u00e1 um ano atr\u00e1s da \u201cOpera\u00e7\u00e3o Narco\u201d da Pol\u00edcia Civil em Sousa. Cariri em Destaque Com PB Rep\u00f3rter","og_url":"https:\/\/noticiasemdestaque.com\/cd\/?p=7141","og_site_name":"Not&iacute;cias em Destaque","article_published_time":"2018-01-05T09:58:34+00:00","og_image":[{"width":850,"height":530,"url":"https:\/\/noticiasemdestaque.com\/cd\/wp-content\/uploads\/2018\/01\/danilo-3.jpg","type":"image\/jpeg"}],"author":"Not\u00edcias em Destaque","twitter_card":"summary_large_image","twitter_misc":{"Escrito por":"Not\u00edcias em Destaque","Est. tempo de leitura":"1 minuto"},"schema":{"@context":"https:\/\/schema.org","@graph":[{"@type":"Article","@id":"https:\/\/noticiasemdestaque.com\/cd\/?p=7141#article","isPartOf":{"@id":"https:\/\/noticiasemdestaque.com\/cd\/?p=7141"},"author":{"name":"Not\u00edcias em Destaque","@id":"https:\/\/noticiasemdestaque.com\/cd\/#\/schema\/person\/21320b03a7e8bb90128938dafc9b908a"},"headline":"Ex-presidi\u00e1rio \u00e9 alvejado a bala na cabe\u00e7a e t\u00f3rax","datePublished":"2018-01-05T09:58:34+00:00","mainEntityOfPage":{"@id":"https:\/\/noticiasemdestaque.com\/cd\/?p=7141"},"wordCount":157,"publisher":{"@id":"https:\/\/noticiasemdestaque.com\/cd\/#organization"},"image":{"@id":"https:\/\/noticiasemdestaque.com\/cd\/?p=7141#primaryimage"},"thumbnailUrl":"https:\/\/noticiasemdestaque.com\/cd\/wp-content\/uploads\/2018\/01\/danilo-3.jpg","articleSection":["Uncategorized"],"inLanguage":"pt-BR"},{"@type":"WebPage","@id":"https:\/\/noticiasemdestaque.com\/cd\/?p=7141","url":"https:\/\/noticiasemdestaque.com\/cd\/?p=7141","name":"Ex-presidi\u00e1rio \u00e9 alvejado a bala na cabe\u00e7a e t\u00f3rax - Not&iacute;cias em Destaque","isPartOf":{"@id":"https:\/\/noticiasemdestaque.com\/cd\/#website"},"primaryImageOfPage":{"@id":"https:\/\/noticiasemdestaque.com\/cd\/?p=7141#primaryimage"},"image":{"@id":"https:\/\/noticiasemdestaque.com\/cd\/?p=7141#primaryimage"},"thumbnailUrl":"https:\/\/noticiasemdestaque.com\/cd\/wp-content\/uploads\/2018\/01\/danilo-3.jpg","datePublished":"2018-01-05T09:58:34+00:00","breadcrumb":{"@id":"https:\/\/noticiasemdestaque.com\/cd\/?p=7141#breadcrumb"},"inLanguage":"pt-BR","potentialAction":[{"@type":"ReadAction","target":["https:\/\/noticiasemdestaque.com\/cd\/?p=7141"]}]},{"@type":"ImageObject","inLanguage":"pt-BR","@id":"https:\/\/noticiasemdestaque.com\/cd\/?p=7141#primaryimage","url":"https:\/\/noticiasemdestaque.com\/cd\/wp-content\/uploads\/2018\/01\/danilo-3.jpg","contentUrl":"https:\/\/noticiasemdestaque.com\/cd\/wp-content\/uploads\/2018\/01\/danilo-3.jpg","width":850,"height":530},{"@type":"BreadcrumbList","@id":"https:\/\/noticiasemdestaque.com\/cd\/?p=7141#breadcrumb","itemListElement":[{"@type":"ListItem","position":1,"name":"In\u00edcio","item":"https:\/\/noticiasemdestaque.com\/cd\/"},{"@type":"ListItem","position":2,"name":"Ex-presidi\u00e1rio \u00e9 alvejado a bala na cabe\u00e7a e t\u00f3rax"}]},{"@type":"WebSite","@id":"https:\/\/noticiasemdestaque.com\/cd\/#website","url":"https:\/\/noticiasemdestaque.com\/cd\/","name":"Not&iacute;cias em Destaque","description":"","publisher":{"@id":"https:\/\/noticiasemdestaque.com\/cd\/#organization"},"potentialAction":[{"@type":"SearchAction","target":{"@type":"EntryPoint","urlTemplate":"https:\/\/noticiasemdestaque.com\/cd\/?s={search_term_string}"},"query-input":{"@type":"PropertyValueSpecification","valueRequired":true,"valueName":"search_term_string"}}],"inLanguage":"pt-BR"},{"@type":"Organization","@id":"https:\/\/noticiasemdestaque.com\/cd\/#organization","name":"Not\u00edcias em Destaque","url":"https:\/\/noticiasemdestaque.com\/cd\/","logo":{"@type":"ImageObject","inLanguage":"pt-BR","@id":"https:\/\/noticiasemdestaque.com\/cd\/#\/schema\/logo\/image\/","url":"https:\/\/noticiasemdestaque.com\/cd\/wp-content\/uploads\/2022\/05\/imagem-base-noticiasemdestaque.png","contentUrl":"https:\/\/noticiasemdestaque.com\/cd\/wp-content\/uploads\/2022\/05\/imagem-base-noticiasemdestaque.png","width":1200,"height":630,"caption":"Not\u00edcias em Destaque"},"image":{"@id":"https:\/\/noticiasemdestaque.com\/cd\/#\/schema\/logo\/image\/"}},{"@type":"Person","@id":"https:\/\/noticiasemdestaque.com\/cd\/#\/schema\/person\/21320b03a7e8bb90128938dafc9b908a","name":"Not\u00edcias em Destaque","url":"https:\/\/noticiasemdestaque.com\/cd\/?author=2"}]}},"jetpack_featured_media_url":"https:\/\/noticiasemdestaque.com\/cd\/wp-content\/uploads\/2018\/01\/danilo-3.jpg","jetpack_sharing_enabled":true,"_links":{"self":[{"href":"https:\/\/noticiasemdestaque.com\/cd\/index.php?rest_route=\/wp\/v2\/posts\/7141","targetHints":{"allow":["GET"]}}],"collection":[{"href":"https:\/\/noticiasemdestaque.com\/cd\/index.php?rest_route=\/wp\/v2\/posts"}],"about":[{"href":"https:\/\/noticiasemdestaque.com\/cd\/index.php?rest_route=\/wp\/v2\/types\/post"}],"author":[{"embeddable":true,"href":"https:\/\/noticiasemdestaque.com\/cd\/index.php?rest_route=\/wp\/v2\/users\/2"}],"replies":[{"embeddable":true,"href":"https:\/\/noticiasemdestaque.com\/cd\/index.php?rest_route=%2Fwp%2Fv2%2Fcomments&post=7141"}],"version-history":[{"count":1,"href":"https:\/\/noticiasemdestaque.com\/cd\/index.php?rest_route=\/wp\/v2\/posts\/7141\/revisions"}],"predecessor-version":[{"id":7143,"href":"https:\/\/noticiasemdestaque.com\/cd\/index.php?rest_route=\/wp\/v2\/posts\/7141\/revisions\/7143"}],"wp:featuredmedia":[{"embeddable":true,"href":"https:\/\/noticiasemdestaque.com\/cd\/index.php?rest_route=\/wp\/v2\/media\/7142"}],"wp:attachment":[{"href":"https:\/\/noticiasemdestaque.com\/cd\/index.php?rest_route=%2Fwp%2Fv2%2Fmedia&parent=7141"}],"wp:term":[{"taxonomy":"category","embeddable":true,"href":"https:\/\/noticiasemdestaque.com\/cd\/index.php?rest_route=%2Fwp%2Fv2%2Fcategories&post=7141"},{"taxonomy":"post_tag","embeddable":true,"href":"https:\/\/noticiasemdestaque.com\/cd\/index.php?rest_route=%2Fwp%2Fv2%2Ftags&post=7141"}],"curies":[{"name":"wp","href":"https:\/\/api.w.org\/{rel}","templated":true}]}}