{"id":7138,"date":"2018-01-04T18:32:11","date_gmt":"2018-01-04T21:32:11","guid":{"rendered":"http:\/\/caririemdestaque.com\/cd\/?p=7138"},"modified":"2018-01-04T18:32:11","modified_gmt":"2018-01-04T21:32:11","slug":"deputado-paraibano-diz-que-nao-se-arrepende-de-agredir-vereador","status":"publish","type":"post","link":"https:\/\/noticiasemdestaque.com\/cd\/?p=7138","title":{"rendered":"Deputado paraibano diz que n\u00e3o se arrepende de agredir vereador"},"content":{"rendered":"<p><a href=\"http:\/\/caririemdestaque.com\/cd\/wp-content\/uploads\/2018\/01\/04-01-2018.191414_abossaa.png\"><img fetchpriority=\"high\" decoding=\"async\" class=\"size-medium wp-image-7139 alignleft\" src=\"http:\/\/caririemdestaque.com\/cd\/wp-content\/uploads\/2018\/01\/04-01-2018.191414_abossaa-300x189.png\" alt=\"\" width=\"300\" height=\"189\" srcset=\"https:\/\/noticiasemdestaque.com\/cd\/wp-content\/uploads\/2018\/01\/04-01-2018.191414_abossaa-300x189.png 300w, https:\/\/noticiasemdestaque.com\/cd\/wp-content\/uploads\/2018\/01\/04-01-2018.191414_abossaa.png 380w\" sizes=\"(max-width: 300px) 100vw, 300px\" \/><\/a>Um fato que virou pol\u00eamica e tomou conta das redes sociais nessa quarta-feira, 03, foi registrado na C\u00e2mara Municipal de Bayeux.<\/p>\n<p>Durante uma audi\u00eancia na C\u00e2mara de Vereadores da cidade, o deputado federalAndr\u00e9 Amaral (MDB) agrediu fisicamente o vereador Betinho da RS (Podemos).<\/p>\n<p>A agress\u00e3o, que foi gravada e filmada, ganhou destaque na m\u00eddia nacional.<\/p>\n<p>Segundo Andr\u00e9, ele foi provocado pelo vereador que o agrediu verbalmente desferindo palavras baixas contra ele e sua fam\u00edlia.<\/p>\n<p>\u2013 Fui convidado para ir a uma sess\u00e3o na C\u00e2mara. Cheguei e cumprimentei a todos, mesmo tendo diverg\u00eancias com ele. Quando come\u00e7ou a interven\u00e7\u00e3o, ele iniciou uma s\u00e9rie repetida de ataques a minha pessoa, me chamando de deputado de bosta, dizendo que eu tinha capangas e a\u00ed fomos as vias de fato porque eu sou um ser humano, tenho sangue no olho e vou sempre defender minha honra. Tudo isso porque fa\u00e7o oposi\u00e7\u00e3o a ele \u2013 justificou.<\/p>\n<p>Questionado em entrevista sobre arrepender-se do destempero, Andr\u00e9 disse que promoveu o tumulto para defender sua honra e por isso n\u00e3o deve desculpas.<\/p>\n<p>\u2013 \u00c9 uma situa\u00e7\u00e3o que devemos evitar, mas n\u00e3o me arrependo de defender minha honra \u2013 bradou.<\/p>\n<p><em><strong>Cariri em Destaque\u00a0<\/strong><\/em><\/p>\n<p>As declara\u00e7\u00f5es repercutiram na R\u00e1dio Correio FM.<\/p>\n","protected":false},"excerpt":{"rendered":"<p>Um fato que virou pol\u00eamica e tomou conta das redes sociais nessa quarta-feira, 03, foi registrado na C\u00e2mara Municipal de Bayeux. Durante uma audi\u00eancia na C\u00e2mara de Vereadores da cidade, o deputado federalAndr\u00e9 Amaral (MDB) agrediu fisicamente o vereador Betinho da RS (Podemos). A agress\u00e3o, que foi gravada e filmada, ganhou destaque na m\u00eddia nacional. Segundo Andr\u00e9, ele foi provocado pelo vereador que o agrediu verbalmente desferindo palavras baixas contra ele e sua fam\u00edlia. \u2013 Fui convidado para ir a uma sess\u00e3o na C\u00e2mara. Cheguei e cumprimentei a todos, mesmo tendo diverg\u00eancias com ele. Quando come\u00e7ou a interven\u00e7\u00e3o, ele iniciou uma s\u00e9rie repetida de ataques a minha pessoa, me chamando de deputado de bosta, dizendo que eu tinha capangas e a\u00ed fomos as vias de fato porque eu sou um ser humano, tenho sangue no olho e vou sempre defender minha honra. Tudo isso porque fa\u00e7o oposi\u00e7\u00e3o a ele \u2013 justificou. Questionado em entrevista sobre arrepender-se do destempero, Andr\u00e9 disse que promoveu o tumulto para defender sua honra e por isso n\u00e3o deve desculpas. \u2013 \u00c9 uma situa\u00e7\u00e3o que devemos evitar, mas n\u00e3o me arrependo de defender minha honra \u2013 bradou. Cariri em Destaque\u00a0 As declara\u00e7\u00f5es repercutiram na R\u00e1dio Correio FM.<\/p>\n","protected":false},"author":2,"featured_media":7139,"comment_status":"closed","ping_status":"open","sticky":false,"template":"","format":"standard","meta":{"_eb_attr":"","_jetpack_memberships_contains_paid_content":false,"footnotes":""},"categories":[4],"tags":[],"class_list":["post-7138","post","type-post","status-publish","format-standard","has-post-thumbnail","hentry","category-politica"],"yoast_head":"<!-- This site is optimized with the Yoast SEO plugin v26.5 - https:\/\/yoast.com\/wordpress\/plugins\/seo\/ -->\n<title>Deputado paraibano diz que n\u00e3o se arrepende de agredir vereador - Not&iacute;cias em Destaque<\/title>\n<meta name=\"robots\" content=\"index, follow, max-snippet:-1, max-image-preview:large, max-video-preview:-1\" \/>\n<link rel=\"canonical\" href=\"https:\/\/noticiasemdestaque.com\/cd\/?p=7138\" \/>\n<meta property=\"og:locale\" content=\"pt_BR\" \/>\n<meta property=\"og:type\" content=\"article\" \/>\n<meta property=\"og:title\" content=\"Deputado paraibano diz que n\u00e3o se arrepende de agredir vereador - Not&iacute;cias em Destaque\" \/>\n<meta property=\"og:description\" content=\"Um fato que virou pol\u00eamica e tomou conta das redes sociais nessa quarta-feira, 03, foi registrado na C\u00e2mara Municipal de Bayeux. Durante uma audi\u00eancia na C\u00e2mara de Vereadores da cidade, o deputado federalAndr\u00e9 Amaral (MDB) agrediu fisicamente o vereador Betinho da RS (Podemos). A agress\u00e3o, que foi gravada e filmada, ganhou destaque na m\u00eddia nacional. Segundo Andr\u00e9, ele foi provocado pelo vereador que o agrediu verbalmente desferindo palavras baixas contra ele e sua fam\u00edlia. \u2013 Fui convidado para ir a uma sess\u00e3o na C\u00e2mara. Cheguei e cumprimentei a todos, mesmo tendo diverg\u00eancias com ele. Quando come\u00e7ou a interven\u00e7\u00e3o, ele iniciou uma s\u00e9rie repetida de ataques a minha pessoa, me chamando de deputado de bosta, dizendo que eu tinha capangas e a\u00ed fomos as vias de fato porque eu sou um ser humano, tenho sangue no olho e vou sempre defender minha honra. Tudo isso porque fa\u00e7o oposi\u00e7\u00e3o a ele \u2013 justificou. Questionado em entrevista sobre arrepender-se do destempero, Andr\u00e9 disse que promoveu o tumulto para defender sua honra e por isso n\u00e3o deve desculpas. \u2013 \u00c9 uma situa\u00e7\u00e3o que devemos evitar, mas n\u00e3o me arrependo de defender minha honra \u2013 bradou. Cariri em Destaque\u00a0 As declara\u00e7\u00f5es repercutiram na R\u00e1dio Correio FM.\" \/>\n<meta property=\"og:url\" content=\"https:\/\/noticiasemdestaque.com\/cd\/?p=7138\" \/>\n<meta property=\"og:site_name\" content=\"Not&iacute;cias em Destaque\" \/>\n<meta property=\"article:published_time\" content=\"2018-01-04T21:32:11+00:00\" \/>\n<meta property=\"og:image\" content=\"https:\/\/noticiasemdestaque.com\/cd\/wp-content\/uploads\/2018\/01\/04-01-2018.191414_abossaa.png\" \/>\n\t<meta property=\"og:image:width\" content=\"380\" \/>\n\t<meta property=\"og:image:height\" content=\"240\" \/>\n\t<meta property=\"og:image:type\" content=\"image\/png\" \/>\n<meta name=\"author\" content=\"Not\u00edcias em Destaque\" \/>\n<meta name=\"twitter:card\" content=\"summary_large_image\" \/>\n<meta name=\"twitter:label1\" content=\"Escrito por\" \/>\n\t<meta name=\"twitter:data1\" content=\"Not\u00edcias em Destaque\" \/>\n\t<meta name=\"twitter:label2\" content=\"Est. tempo de leitura\" \/>\n\t<meta name=\"twitter:data2\" content=\"1 minuto\" \/>\n<script type=\"application\/ld+json\" class=\"yoast-schema-graph\">{\"@context\":\"https:\/\/schema.org\",\"@graph\":[{\"@type\":\"Article\",\"@id\":\"https:\/\/noticiasemdestaque.com\/cd\/?p=7138#article\",\"isPartOf\":{\"@id\":\"https:\/\/noticiasemdestaque.com\/cd\/?p=7138\"},\"author\":{\"name\":\"Not\u00edcias em Destaque\",\"@id\":\"https:\/\/noticiasemdestaque.com\/cd\/#\/schema\/person\/21320b03a7e8bb90128938dafc9b908a\"},\"headline\":\"Deputado paraibano diz que n\u00e3o se arrepende de agredir vereador\",\"datePublished\":\"2018-01-04T21:32:11+00:00\",\"mainEntityOfPage\":{\"@id\":\"https:\/\/noticiasemdestaque.com\/cd\/?p=7138\"},\"wordCount\":226,\"publisher\":{\"@id\":\"https:\/\/noticiasemdestaque.com\/cd\/#organization\"},\"image\":{\"@id\":\"https:\/\/noticiasemdestaque.com\/cd\/?p=7138#primaryimage\"},\"thumbnailUrl\":\"https:\/\/noticiasemdestaque.com\/cd\/wp-content\/uploads\/2018\/01\/04-01-2018.191414_abossaa.png\",\"articleSection\":[\"Pol\u00edtica\"],\"inLanguage\":\"pt-BR\"},{\"@type\":\"WebPage\",\"@id\":\"https:\/\/noticiasemdestaque.com\/cd\/?p=7138\",\"url\":\"https:\/\/noticiasemdestaque.com\/cd\/?p=7138\",\"name\":\"Deputado paraibano diz que n\u00e3o se arrepende de agredir vereador - Not&iacute;cias em Destaque\",\"isPartOf\":{\"@id\":\"https:\/\/noticiasemdestaque.com\/cd\/#website\"},\"primaryImageOfPage\":{\"@id\":\"https:\/\/noticiasemdestaque.com\/cd\/?p=7138#primaryimage\"},\"image\":{\"@id\":\"https:\/\/noticiasemdestaque.com\/cd\/?p=7138#primaryimage\"},\"thumbnailUrl\":\"https:\/\/noticiasemdestaque.com\/cd\/wp-content\/uploads\/2018\/01\/04-01-2018.191414_abossaa.png\",\"datePublished\":\"2018-01-04T21:32:11+00:00\",\"breadcrumb\":{\"@id\":\"https:\/\/noticiasemdestaque.com\/cd\/?p=7138#breadcrumb\"},\"inLanguage\":\"pt-BR\",\"potentialAction\":[{\"@type\":\"ReadAction\",\"target\":[\"https:\/\/noticiasemdestaque.com\/cd\/?p=7138\"]}]},{\"@type\":\"ImageObject\",\"inLanguage\":\"pt-BR\",\"@id\":\"https:\/\/noticiasemdestaque.com\/cd\/?p=7138#primaryimage\",\"url\":\"https:\/\/noticiasemdestaque.com\/cd\/wp-content\/uploads\/2018\/01\/04-01-2018.191414_abossaa.png\",\"contentUrl\":\"https:\/\/noticiasemdestaque.com\/cd\/wp-content\/uploads\/2018\/01\/04-01-2018.191414_abossaa.png\",\"width\":380,\"height\":240},{\"@type\":\"BreadcrumbList\",\"@id\":\"https:\/\/noticiasemdestaque.com\/cd\/?p=7138#breadcrumb\",\"itemListElement\":[{\"@type\":\"ListItem\",\"position\":1,\"name\":\"In\u00edcio\",\"item\":\"https:\/\/noticiasemdestaque.com\/cd\/\"},{\"@type\":\"ListItem\",\"position\":2,\"name\":\"Deputado paraibano diz que n\u00e3o se arrepende de agredir vereador\"}]},{\"@type\":\"WebSite\",\"@id\":\"https:\/\/noticiasemdestaque.com\/cd\/#website\",\"url\":\"https:\/\/noticiasemdestaque.com\/cd\/\",\"name\":\"Not&iacute;cias em Destaque\",\"description\":\"\",\"publisher\":{\"@id\":\"https:\/\/noticiasemdestaque.com\/cd\/#organization\"},\"potentialAction\":[{\"@type\":\"SearchAction\",\"target\":{\"@type\":\"EntryPoint\",\"urlTemplate\":\"https:\/\/noticiasemdestaque.com\/cd\/?s={search_term_string}\"},\"query-input\":{\"@type\":\"PropertyValueSpecification\",\"valueRequired\":true,\"valueName\":\"search_term_string\"}}],\"inLanguage\":\"pt-BR\"},{\"@type\":\"Organization\",\"@id\":\"https:\/\/noticiasemdestaque.com\/cd\/#organization\",\"name\":\"Not\u00edcias em Destaque\",\"url\":\"https:\/\/noticiasemdestaque.com\/cd\/\",\"logo\":{\"@type\":\"ImageObject\",\"inLanguage\":\"pt-BR\",\"@id\":\"https:\/\/noticiasemdestaque.com\/cd\/#\/schema\/logo\/image\/\",\"url\":\"https:\/\/noticiasemdestaque.com\/cd\/wp-content\/uploads\/2022\/05\/imagem-base-noticiasemdestaque.png\",\"contentUrl\":\"https:\/\/noticiasemdestaque.com\/cd\/wp-content\/uploads\/2022\/05\/imagem-base-noticiasemdestaque.png\",\"width\":1200,\"height\":630,\"caption\":\"Not\u00edcias em Destaque\"},\"image\":{\"@id\":\"https:\/\/noticiasemdestaque.com\/cd\/#\/schema\/logo\/image\/\"}},{\"@type\":\"Person\",\"@id\":\"https:\/\/noticiasemdestaque.com\/cd\/#\/schema\/person\/21320b03a7e8bb90128938dafc9b908a\",\"name\":\"Not\u00edcias em Destaque\",\"url\":\"https:\/\/noticiasemdestaque.com\/cd\/?author=2\"}]}<\/script>\n<!-- \/ Yoast SEO plugin. -->","yoast_head_json":{"title":"Deputado paraibano diz que n\u00e3o se arrepende de agredir vereador - Not&iacute;cias em Destaque","robots":{"index":"index","follow":"follow","max-snippet":"max-snippet:-1","max-image-preview":"max-image-preview:large","max-video-preview":"max-video-preview:-1"},"canonical":"https:\/\/noticiasemdestaque.com\/cd\/?p=7138","og_locale":"pt_BR","og_type":"article","og_title":"Deputado paraibano diz que n\u00e3o se arrepende de agredir vereador - Not&iacute;cias em Destaque","og_description":"Um fato que virou pol\u00eamica e tomou conta das redes sociais nessa quarta-feira, 03, foi registrado na C\u00e2mara Municipal de Bayeux. Durante uma audi\u00eancia na C\u00e2mara de Vereadores da cidade, o deputado federalAndr\u00e9 Amaral (MDB) agrediu fisicamente o vereador Betinho da RS (Podemos). A agress\u00e3o, que foi gravada e filmada, ganhou destaque na m\u00eddia nacional. Segundo Andr\u00e9, ele foi provocado pelo vereador que o agrediu verbalmente desferindo palavras baixas contra ele e sua fam\u00edlia. \u2013 Fui convidado para ir a uma sess\u00e3o na C\u00e2mara. Cheguei e cumprimentei a todos, mesmo tendo diverg\u00eancias com ele. Quando come\u00e7ou a interven\u00e7\u00e3o, ele iniciou uma s\u00e9rie repetida de ataques a minha pessoa, me chamando de deputado de bosta, dizendo que eu tinha capangas e a\u00ed fomos as vias de fato porque eu sou um ser humano, tenho sangue no olho e vou sempre defender minha honra. Tudo isso porque fa\u00e7o oposi\u00e7\u00e3o a ele \u2013 justificou. Questionado em entrevista sobre arrepender-se do destempero, Andr\u00e9 disse que promoveu o tumulto para defender sua honra e por isso n\u00e3o deve desculpas. \u2013 \u00c9 uma situa\u00e7\u00e3o que devemos evitar, mas n\u00e3o me arrependo de defender minha honra \u2013 bradou. Cariri em Destaque\u00a0 As declara\u00e7\u00f5es repercutiram na R\u00e1dio Correio FM.","og_url":"https:\/\/noticiasemdestaque.com\/cd\/?p=7138","og_site_name":"Not&iacute;cias em Destaque","article_published_time":"2018-01-04T21:32:11+00:00","og_image":[{"width":380,"height":240,"url":"https:\/\/noticiasemdestaque.com\/cd\/wp-content\/uploads\/2018\/01\/04-01-2018.191414_abossaa.png","type":"image\/png"}],"author":"Not\u00edcias em Destaque","twitter_card":"summary_large_image","twitter_misc":{"Escrito por":"Not\u00edcias em Destaque","Est. tempo de leitura":"1 minuto"},"schema":{"@context":"https:\/\/schema.org","@graph":[{"@type":"Article","@id":"https:\/\/noticiasemdestaque.com\/cd\/?p=7138#article","isPartOf":{"@id":"https:\/\/noticiasemdestaque.com\/cd\/?p=7138"},"author":{"name":"Not\u00edcias em Destaque","@id":"https:\/\/noticiasemdestaque.com\/cd\/#\/schema\/person\/21320b03a7e8bb90128938dafc9b908a"},"headline":"Deputado paraibano diz que n\u00e3o se arrepende de agredir vereador","datePublished":"2018-01-04T21:32:11+00:00","mainEntityOfPage":{"@id":"https:\/\/noticiasemdestaque.com\/cd\/?p=7138"},"wordCount":226,"publisher":{"@id":"https:\/\/noticiasemdestaque.com\/cd\/#organization"},"image":{"@id":"https:\/\/noticiasemdestaque.com\/cd\/?p=7138#primaryimage"},"thumbnailUrl":"https:\/\/noticiasemdestaque.com\/cd\/wp-content\/uploads\/2018\/01\/04-01-2018.191414_abossaa.png","articleSection":["Pol\u00edtica"],"inLanguage":"pt-BR"},{"@type":"WebPage","@id":"https:\/\/noticiasemdestaque.com\/cd\/?p=7138","url":"https:\/\/noticiasemdestaque.com\/cd\/?p=7138","name":"Deputado paraibano diz que n\u00e3o se arrepende de agredir vereador - Not&iacute;cias em Destaque","isPartOf":{"@id":"https:\/\/noticiasemdestaque.com\/cd\/#website"},"primaryImageOfPage":{"@id":"https:\/\/noticiasemdestaque.com\/cd\/?p=7138#primaryimage"},"image":{"@id":"https:\/\/noticiasemdestaque.com\/cd\/?p=7138#primaryimage"},"thumbnailUrl":"https:\/\/noticiasemdestaque.com\/cd\/wp-content\/uploads\/2018\/01\/04-01-2018.191414_abossaa.png","datePublished":"2018-01-04T21:32:11+00:00","breadcrumb":{"@id":"https:\/\/noticiasemdestaque.com\/cd\/?p=7138#breadcrumb"},"inLanguage":"pt-BR","potentialAction":[{"@type":"ReadAction","target":["https:\/\/noticiasemdestaque.com\/cd\/?p=7138"]}]},{"@type":"ImageObject","inLanguage":"pt-BR","@id":"https:\/\/noticiasemdestaque.com\/cd\/?p=7138#primaryimage","url":"https:\/\/noticiasemdestaque.com\/cd\/wp-content\/uploads\/2018\/01\/04-01-2018.191414_abossaa.png","contentUrl":"https:\/\/noticiasemdestaque.com\/cd\/wp-content\/uploads\/2018\/01\/04-01-2018.191414_abossaa.png","width":380,"height":240},{"@type":"BreadcrumbList","@id":"https:\/\/noticiasemdestaque.com\/cd\/?p=7138#breadcrumb","itemListElement":[{"@type":"ListItem","position":1,"name":"In\u00edcio","item":"https:\/\/noticiasemdestaque.com\/cd\/"},{"@type":"ListItem","position":2,"name":"Deputado paraibano diz que n\u00e3o se arrepende de agredir vereador"}]},{"@type":"WebSite","@id":"https:\/\/noticiasemdestaque.com\/cd\/#website","url":"https:\/\/noticiasemdestaque.com\/cd\/","name":"Not&iacute;cias em Destaque","description":"","publisher":{"@id":"https:\/\/noticiasemdestaque.com\/cd\/#organization"},"potentialAction":[{"@type":"SearchAction","target":{"@type":"EntryPoint","urlTemplate":"https:\/\/noticiasemdestaque.com\/cd\/?s={search_term_string}"},"query-input":{"@type":"PropertyValueSpecification","valueRequired":true,"valueName":"search_term_string"}}],"inLanguage":"pt-BR"},{"@type":"Organization","@id":"https:\/\/noticiasemdestaque.com\/cd\/#organization","name":"Not\u00edcias em Destaque","url":"https:\/\/noticiasemdestaque.com\/cd\/","logo":{"@type":"ImageObject","inLanguage":"pt-BR","@id":"https:\/\/noticiasemdestaque.com\/cd\/#\/schema\/logo\/image\/","url":"https:\/\/noticiasemdestaque.com\/cd\/wp-content\/uploads\/2022\/05\/imagem-base-noticiasemdestaque.png","contentUrl":"https:\/\/noticiasemdestaque.com\/cd\/wp-content\/uploads\/2022\/05\/imagem-base-noticiasemdestaque.png","width":1200,"height":630,"caption":"Not\u00edcias em Destaque"},"image":{"@id":"https:\/\/noticiasemdestaque.com\/cd\/#\/schema\/logo\/image\/"}},{"@type":"Person","@id":"https:\/\/noticiasemdestaque.com\/cd\/#\/schema\/person\/21320b03a7e8bb90128938dafc9b908a","name":"Not\u00edcias em Destaque","url":"https:\/\/noticiasemdestaque.com\/cd\/?author=2"}]}},"jetpack_featured_media_url":"https:\/\/noticiasemdestaque.com\/cd\/wp-content\/uploads\/2018\/01\/04-01-2018.191414_abossaa.png","jetpack_sharing_enabled":true,"_links":{"self":[{"href":"https:\/\/noticiasemdestaque.com\/cd\/index.php?rest_route=\/wp\/v2\/posts\/7138","targetHints":{"allow":["GET"]}}],"collection":[{"href":"https:\/\/noticiasemdestaque.com\/cd\/index.php?rest_route=\/wp\/v2\/posts"}],"about":[{"href":"https:\/\/noticiasemdestaque.com\/cd\/index.php?rest_route=\/wp\/v2\/types\/post"}],"author":[{"embeddable":true,"href":"https:\/\/noticiasemdestaque.com\/cd\/index.php?rest_route=\/wp\/v2\/users\/2"}],"replies":[{"embeddable":true,"href":"https:\/\/noticiasemdestaque.com\/cd\/index.php?rest_route=%2Fwp%2Fv2%2Fcomments&post=7138"}],"version-history":[{"count":1,"href":"https:\/\/noticiasemdestaque.com\/cd\/index.php?rest_route=\/wp\/v2\/posts\/7138\/revisions"}],"predecessor-version":[{"id":7140,"href":"https:\/\/noticiasemdestaque.com\/cd\/index.php?rest_route=\/wp\/v2\/posts\/7138\/revisions\/7140"}],"wp:featuredmedia":[{"embeddable":true,"href":"https:\/\/noticiasemdestaque.com\/cd\/index.php?rest_route=\/wp\/v2\/media\/7139"}],"wp:attachment":[{"href":"https:\/\/noticiasemdestaque.com\/cd\/index.php?rest_route=%2Fwp%2Fv2%2Fmedia&parent=7138"}],"wp:term":[{"taxonomy":"category","embeddable":true,"href":"https:\/\/noticiasemdestaque.com\/cd\/index.php?rest_route=%2Fwp%2Fv2%2Fcategories&post=7138"},{"taxonomy":"post_tag","embeddable":true,"href":"https:\/\/noticiasemdestaque.com\/cd\/index.php?rest_route=%2Fwp%2Fv2%2Ftags&post=7138"}],"curies":[{"name":"wp","href":"https:\/\/api.w.org\/{rel}","templated":true}]}}