{"id":71303,"date":"2025-07-10T08:17:33","date_gmt":"2025-07-10T11:17:33","guid":{"rendered":"https:\/\/noticiasemdestaque.com\/cd\/?p=71303"},"modified":"2025-07-10T08:17:33","modified_gmt":"2025-07-10T11:17:33","slug":"agradecimentos-e-meta-ana-paula-e-cajo-reunem-secretarios-e-diretores","status":"publish","type":"post","link":"https:\/\/noticiasemdestaque.com\/cd\/?p=71303","title":{"rendered":"Agradecimentos e Meta: Ana Paula e Caj\u00f3 re\u00fanem secret\u00e1rios e diretores"},"content":{"rendered":"<p><a href=\"https:\/\/noticiasemdestaque.com\/cd\/wp-content\/uploads\/2025\/07\/mt.webp\"><img fetchpriority=\"high\" decoding=\"async\" class=\"size-medium wp-image-71304 aligncenter\" src=\"https:\/\/noticiasemdestaque.com\/cd\/wp-content\/uploads\/2025\/07\/mt-300x225.webp\" alt=\"\" width=\"300\" height=\"225\" srcset=\"https:\/\/noticiasemdestaque.com\/cd\/wp-content\/uploads\/2025\/07\/mt-300x225.webp 300w, https:\/\/noticiasemdestaque.com\/cd\/wp-content\/uploads\/2025\/07\/mt-768x576.webp 768w, https:\/\/noticiasemdestaque.com\/cd\/wp-content\/uploads\/2025\/07\/mt.webp 980w\" sizes=\"(max-width: 300px) 100vw, 300px\" \/><\/a><\/p>\n<p>A prefeita Ana Paula e o vice-prefeito Caj\u00f3 Menezes reuniram a equipe de secret\u00e1rios e diretores municipais na tarde desta ter\u00e7a-feira, 08, no gabinete a fim de agradecer os esfor\u00e7os nestes seis primeiros meses de governo.<\/p>\n<p>&nbsp;<\/p>\n<p>\u201cQueremos aqui agradecer a voc\u00eas que coordenam todos os nossos funcion\u00e1rios pelo trabalho e parceria entre as secretarias, o que resultou no sucesso desses primeiros seis meses\u201d, disse a prefeita Ana Paula.<\/p>\n<p>&nbsp;<\/p>\n<p>Al\u00e9m dos seis meses de governo, Ana Paula e Caj\u00f3 parabenizaram as equipes envolvidas no S\u00e3o Jo\u00e3o 2025.<\/p>\n<p>&nbsp;<\/p>\n<p>\u201cFoi um trabalho maravilhoso executado durante os 30 dias de programa\u00e7\u00e3o junina, e at\u00e9 mais, pois tudo foi planejado muito antes. Obrigada e parab\u00e9ns!\u201d, comemorou o vice-prefeito Caj\u00f3.<\/p>\n<p>&nbsp;<\/p>\n<p>Na oportunidade, os gestores tamb\u00e9m fizeram quest\u00e3o de tra\u00e7ar as metas para este segundo semestre do ano.<\/p>\n<p>&nbsp;<\/p>\n<p>\u201cQueremos que voc\u00eas busquem cursos, qualifica\u00e7\u00f5es e o que puderem que seja de benef\u00edcio para a popula\u00e7\u00e3o. Vamos continuar trabalhando para todos, continuando o trabalho que Lorena come\u00e7ou. Ainda temos muito a fazer\u201d, concluiu Ana Paula.<\/p>\n","protected":false},"excerpt":{"rendered":"<p>A prefeita Ana Paula e o vice-prefeito Caj\u00f3 Menezes reuniram a equipe de secret\u00e1rios e diretores municipais na tarde desta ter\u00e7a-feira, 08, no gabinete a fim de agradecer os esfor\u00e7os nestes seis primeiros meses de governo. &nbsp; \u201cQueremos aqui agradecer a voc\u00eas que coordenam todos os nossos funcion\u00e1rios pelo trabalho e parceria entre as secretarias, o que resultou no sucesso desses primeiros seis meses\u201d, disse a prefeita Ana Paula. &nbsp; Al\u00e9m dos seis meses de governo, Ana Paula e Caj\u00f3 parabenizaram as equipes envolvidas no S\u00e3o Jo\u00e3o 2025. &nbsp; \u201cFoi um trabalho maravilhoso executado durante os 30 dias de programa\u00e7\u00e3o junina, e at\u00e9 mais, pois tudo foi planejado muito antes. Obrigada e parab\u00e9ns!\u201d, comemorou o vice-prefeito Caj\u00f3. &nbsp; Na oportunidade, os gestores tamb\u00e9m fizeram quest\u00e3o de tra\u00e7ar as metas para este segundo semestre do ano. &nbsp; \u201cQueremos que voc\u00eas busquem cursos, qualifica\u00e7\u00f5es e o que puderem que seja de benef\u00edcio para a popula\u00e7\u00e3o. Vamos continuar trabalhando para todos, continuando o trabalho que Lorena come\u00e7ou. Ainda temos muito a fazer\u201d, concluiu Ana Paula.<\/p>\n","protected":false},"author":2,"featured_media":71304,"comment_status":"closed","ping_status":"closed","sticky":false,"template":"","format":"standard","meta":{"_eb_attr":"","_jetpack_memberships_contains_paid_content":false,"footnotes":""},"categories":[3],"tags":[],"class_list":["post-71303","post","type-post","status-publish","format-standard","has-post-thumbnail","hentry","category-cidades"],"yoast_head":"<!-- This site is optimized with the Yoast SEO plugin v26.5 - https:\/\/yoast.com\/wordpress\/plugins\/seo\/ -->\n<title>Agradecimentos e Meta: Ana Paula e Caj\u00f3 re\u00fanem secret\u00e1rios e diretores - Not&iacute;cias em Destaque<\/title>\n<meta name=\"robots\" content=\"index, follow, max-snippet:-1, max-image-preview:large, max-video-preview:-1\" \/>\n<link rel=\"canonical\" href=\"https:\/\/noticiasemdestaque.com\/cd\/?p=71303\" \/>\n<meta property=\"og:locale\" content=\"pt_BR\" \/>\n<meta property=\"og:type\" content=\"article\" \/>\n<meta property=\"og:title\" content=\"Agradecimentos e Meta: Ana Paula e Caj\u00f3 re\u00fanem secret\u00e1rios e diretores - Not&iacute;cias em Destaque\" \/>\n<meta property=\"og:description\" content=\"A prefeita Ana Paula e o vice-prefeito Caj\u00f3 Menezes reuniram a equipe de secret\u00e1rios e diretores municipais na tarde desta ter\u00e7a-feira, 08, no gabinete a fim de agradecer os esfor\u00e7os nestes seis primeiros meses de governo. &nbsp; \u201cQueremos aqui agradecer a voc\u00eas que coordenam todos os nossos funcion\u00e1rios pelo trabalho e parceria entre as secretarias, o que resultou no sucesso desses primeiros seis meses\u201d, disse a prefeita Ana Paula. &nbsp; Al\u00e9m dos seis meses de governo, Ana Paula e Caj\u00f3 parabenizaram as equipes envolvidas no S\u00e3o Jo\u00e3o 2025. &nbsp; \u201cFoi um trabalho maravilhoso executado durante os 30 dias de programa\u00e7\u00e3o junina, e at\u00e9 mais, pois tudo foi planejado muito antes. Obrigada e parab\u00e9ns!\u201d, comemorou o vice-prefeito Caj\u00f3. &nbsp; Na oportunidade, os gestores tamb\u00e9m fizeram quest\u00e3o de tra\u00e7ar as metas para este segundo semestre do ano. &nbsp; \u201cQueremos que voc\u00eas busquem cursos, qualifica\u00e7\u00f5es e o que puderem que seja de benef\u00edcio para a popula\u00e7\u00e3o. Vamos continuar trabalhando para todos, continuando o trabalho que Lorena come\u00e7ou. Ainda temos muito a fazer\u201d, concluiu Ana Paula.\" \/>\n<meta property=\"og:url\" content=\"https:\/\/noticiasemdestaque.com\/cd\/?p=71303\" \/>\n<meta property=\"og:site_name\" content=\"Not&iacute;cias em Destaque\" \/>\n<meta property=\"article:published_time\" content=\"2025-07-10T11:17:33+00:00\" \/>\n<meta property=\"og:image\" content=\"https:\/\/noticiasemdestaque.com\/cd\/wp-content\/uploads\/2025\/07\/mt.webp\" \/>\n\t<meta property=\"og:image:width\" content=\"980\" \/>\n\t<meta property=\"og:image:height\" content=\"735\" \/>\n\t<meta property=\"og:image:type\" content=\"image\/webp\" \/>\n<meta name=\"author\" content=\"Not\u00edcias em Destaque\" \/>\n<meta name=\"twitter:card\" content=\"summary_large_image\" \/>\n<meta name=\"twitter:label1\" content=\"Escrito por\" \/>\n\t<meta name=\"twitter:data1\" content=\"Not\u00edcias em Destaque\" \/>\n\t<meta name=\"twitter:label2\" content=\"Est. tempo de leitura\" \/>\n\t<meta name=\"twitter:data2\" content=\"2 minutos\" \/>\n<script type=\"application\/ld+json\" class=\"yoast-schema-graph\">{\"@context\":\"https:\/\/schema.org\",\"@graph\":[{\"@type\":\"Article\",\"@id\":\"https:\/\/noticiasemdestaque.com\/cd\/?p=71303#article\",\"isPartOf\":{\"@id\":\"https:\/\/noticiasemdestaque.com\/cd\/?p=71303\"},\"author\":{\"name\":\"Not\u00edcias em Destaque\",\"@id\":\"https:\/\/noticiasemdestaque.com\/cd\/#\/schema\/person\/21320b03a7e8bb90128938dafc9b908a\"},\"headline\":\"Agradecimentos e Meta: Ana Paula e Caj\u00f3 re\u00fanem secret\u00e1rios e diretores\",\"datePublished\":\"2025-07-10T11:17:33+00:00\",\"mainEntityOfPage\":{\"@id\":\"https:\/\/noticiasemdestaque.com\/cd\/?p=71303\"},\"wordCount\":200,\"publisher\":{\"@id\":\"https:\/\/noticiasemdestaque.com\/cd\/#organization\"},\"image\":{\"@id\":\"https:\/\/noticiasemdestaque.com\/cd\/?p=71303#primaryimage\"},\"thumbnailUrl\":\"https:\/\/noticiasemdestaque.com\/cd\/wp-content\/uploads\/2025\/07\/mt.webp\",\"articleSection\":[\"Cidades\"],\"inLanguage\":\"pt-BR\"},{\"@type\":\"WebPage\",\"@id\":\"https:\/\/noticiasemdestaque.com\/cd\/?p=71303\",\"url\":\"https:\/\/noticiasemdestaque.com\/cd\/?p=71303\",\"name\":\"Agradecimentos e Meta: Ana Paula e Caj\u00f3 re\u00fanem secret\u00e1rios e diretores - Not&iacute;cias em Destaque\",\"isPartOf\":{\"@id\":\"https:\/\/noticiasemdestaque.com\/cd\/#website\"},\"primaryImageOfPage\":{\"@id\":\"https:\/\/noticiasemdestaque.com\/cd\/?p=71303#primaryimage\"},\"image\":{\"@id\":\"https:\/\/noticiasemdestaque.com\/cd\/?p=71303#primaryimage\"},\"thumbnailUrl\":\"https:\/\/noticiasemdestaque.com\/cd\/wp-content\/uploads\/2025\/07\/mt.webp\",\"datePublished\":\"2025-07-10T11:17:33+00:00\",\"breadcrumb\":{\"@id\":\"https:\/\/noticiasemdestaque.com\/cd\/?p=71303#breadcrumb\"},\"inLanguage\":\"pt-BR\",\"potentialAction\":[{\"@type\":\"ReadAction\",\"target\":[\"https:\/\/noticiasemdestaque.com\/cd\/?p=71303\"]}]},{\"@type\":\"ImageObject\",\"inLanguage\":\"pt-BR\",\"@id\":\"https:\/\/noticiasemdestaque.com\/cd\/?p=71303#primaryimage\",\"url\":\"https:\/\/noticiasemdestaque.com\/cd\/wp-content\/uploads\/2025\/07\/mt.webp\",\"contentUrl\":\"https:\/\/noticiasemdestaque.com\/cd\/wp-content\/uploads\/2025\/07\/mt.webp\",\"width\":980,\"height\":735},{\"@type\":\"BreadcrumbList\",\"@id\":\"https:\/\/noticiasemdestaque.com\/cd\/?p=71303#breadcrumb\",\"itemListElement\":[{\"@type\":\"ListItem\",\"position\":1,\"name\":\"In\u00edcio\",\"item\":\"https:\/\/noticiasemdestaque.com\/cd\/\"},{\"@type\":\"ListItem\",\"position\":2,\"name\":\"Agradecimentos e Meta: Ana Paula e Caj\u00f3 re\u00fanem secret\u00e1rios e diretores\"}]},{\"@type\":\"WebSite\",\"@id\":\"https:\/\/noticiasemdestaque.com\/cd\/#website\",\"url\":\"https:\/\/noticiasemdestaque.com\/cd\/\",\"name\":\"Not&iacute;cias em Destaque\",\"description\":\"\",\"publisher\":{\"@id\":\"https:\/\/noticiasemdestaque.com\/cd\/#organization\"},\"potentialAction\":[{\"@type\":\"SearchAction\",\"target\":{\"@type\":\"EntryPoint\",\"urlTemplate\":\"https:\/\/noticiasemdestaque.com\/cd\/?s={search_term_string}\"},\"query-input\":{\"@type\":\"PropertyValueSpecification\",\"valueRequired\":true,\"valueName\":\"search_term_string\"}}],\"inLanguage\":\"pt-BR\"},{\"@type\":\"Organization\",\"@id\":\"https:\/\/noticiasemdestaque.com\/cd\/#organization\",\"name\":\"Not\u00edcias em Destaque\",\"url\":\"https:\/\/noticiasemdestaque.com\/cd\/\",\"logo\":{\"@type\":\"ImageObject\",\"inLanguage\":\"pt-BR\",\"@id\":\"https:\/\/noticiasemdestaque.com\/cd\/#\/schema\/logo\/image\/\",\"url\":\"https:\/\/noticiasemdestaque.com\/cd\/wp-content\/uploads\/2022\/05\/imagem-base-noticiasemdestaque.png\",\"contentUrl\":\"https:\/\/noticiasemdestaque.com\/cd\/wp-content\/uploads\/2022\/05\/imagem-base-noticiasemdestaque.png\",\"width\":1200,\"height\":630,\"caption\":\"Not\u00edcias em Destaque\"},\"image\":{\"@id\":\"https:\/\/noticiasemdestaque.com\/cd\/#\/schema\/logo\/image\/\"}},{\"@type\":\"Person\",\"@id\":\"https:\/\/noticiasemdestaque.com\/cd\/#\/schema\/person\/21320b03a7e8bb90128938dafc9b908a\",\"name\":\"Not\u00edcias em Destaque\",\"url\":\"https:\/\/noticiasemdestaque.com\/cd\/?author=2\"}]}<\/script>\n<!-- \/ Yoast SEO plugin. -->","yoast_head_json":{"title":"Agradecimentos e Meta: Ana Paula e Caj\u00f3 re\u00fanem secret\u00e1rios e diretores - Not&iacute;cias em Destaque","robots":{"index":"index","follow":"follow","max-snippet":"max-snippet:-1","max-image-preview":"max-image-preview:large","max-video-preview":"max-video-preview:-1"},"canonical":"https:\/\/noticiasemdestaque.com\/cd\/?p=71303","og_locale":"pt_BR","og_type":"article","og_title":"Agradecimentos e Meta: Ana Paula e Caj\u00f3 re\u00fanem secret\u00e1rios e diretores - Not&iacute;cias em Destaque","og_description":"A prefeita Ana Paula e o vice-prefeito Caj\u00f3 Menezes reuniram a equipe de secret\u00e1rios e diretores municipais na tarde desta ter\u00e7a-feira, 08, no gabinete a fim de agradecer os esfor\u00e7os nestes seis primeiros meses de governo. &nbsp; \u201cQueremos aqui agradecer a voc\u00eas que coordenam todos os nossos funcion\u00e1rios pelo trabalho e parceria entre as secretarias, o que resultou no sucesso desses primeiros seis meses\u201d, disse a prefeita Ana Paula. &nbsp; Al\u00e9m dos seis meses de governo, Ana Paula e Caj\u00f3 parabenizaram as equipes envolvidas no S\u00e3o Jo\u00e3o 2025. &nbsp; \u201cFoi um trabalho maravilhoso executado durante os 30 dias de programa\u00e7\u00e3o junina, e at\u00e9 mais, pois tudo foi planejado muito antes. Obrigada e parab\u00e9ns!\u201d, comemorou o vice-prefeito Caj\u00f3. &nbsp; Na oportunidade, os gestores tamb\u00e9m fizeram quest\u00e3o de tra\u00e7ar as metas para este segundo semestre do ano. &nbsp; \u201cQueremos que voc\u00eas busquem cursos, qualifica\u00e7\u00f5es e o que puderem que seja de benef\u00edcio para a popula\u00e7\u00e3o. Vamos continuar trabalhando para todos, continuando o trabalho que Lorena come\u00e7ou. Ainda temos muito a fazer\u201d, concluiu Ana Paula.","og_url":"https:\/\/noticiasemdestaque.com\/cd\/?p=71303","og_site_name":"Not&iacute;cias em Destaque","article_published_time":"2025-07-10T11:17:33+00:00","og_image":[{"width":980,"height":735,"url":"https:\/\/noticiasemdestaque.com\/cd\/wp-content\/uploads\/2025\/07\/mt.webp","type":"image\/webp"}],"author":"Not\u00edcias em Destaque","twitter_card":"summary_large_image","twitter_misc":{"Escrito por":"Not\u00edcias em Destaque","Est. tempo de leitura":"2 minutos"},"schema":{"@context":"https:\/\/schema.org","@graph":[{"@type":"Article","@id":"https:\/\/noticiasemdestaque.com\/cd\/?p=71303#article","isPartOf":{"@id":"https:\/\/noticiasemdestaque.com\/cd\/?p=71303"},"author":{"name":"Not\u00edcias em Destaque","@id":"https:\/\/noticiasemdestaque.com\/cd\/#\/schema\/person\/21320b03a7e8bb90128938dafc9b908a"},"headline":"Agradecimentos e Meta: Ana Paula e Caj\u00f3 re\u00fanem secret\u00e1rios e diretores","datePublished":"2025-07-10T11:17:33+00:00","mainEntityOfPage":{"@id":"https:\/\/noticiasemdestaque.com\/cd\/?p=71303"},"wordCount":200,"publisher":{"@id":"https:\/\/noticiasemdestaque.com\/cd\/#organization"},"image":{"@id":"https:\/\/noticiasemdestaque.com\/cd\/?p=71303#primaryimage"},"thumbnailUrl":"https:\/\/noticiasemdestaque.com\/cd\/wp-content\/uploads\/2025\/07\/mt.webp","articleSection":["Cidades"],"inLanguage":"pt-BR"},{"@type":"WebPage","@id":"https:\/\/noticiasemdestaque.com\/cd\/?p=71303","url":"https:\/\/noticiasemdestaque.com\/cd\/?p=71303","name":"Agradecimentos e Meta: Ana Paula e Caj\u00f3 re\u00fanem secret\u00e1rios e diretores - Not&iacute;cias em Destaque","isPartOf":{"@id":"https:\/\/noticiasemdestaque.com\/cd\/#website"},"primaryImageOfPage":{"@id":"https:\/\/noticiasemdestaque.com\/cd\/?p=71303#primaryimage"},"image":{"@id":"https:\/\/noticiasemdestaque.com\/cd\/?p=71303#primaryimage"},"thumbnailUrl":"https:\/\/noticiasemdestaque.com\/cd\/wp-content\/uploads\/2025\/07\/mt.webp","datePublished":"2025-07-10T11:17:33+00:00","breadcrumb":{"@id":"https:\/\/noticiasemdestaque.com\/cd\/?p=71303#breadcrumb"},"inLanguage":"pt-BR","potentialAction":[{"@type":"ReadAction","target":["https:\/\/noticiasemdestaque.com\/cd\/?p=71303"]}]},{"@type":"ImageObject","inLanguage":"pt-BR","@id":"https:\/\/noticiasemdestaque.com\/cd\/?p=71303#primaryimage","url":"https:\/\/noticiasemdestaque.com\/cd\/wp-content\/uploads\/2025\/07\/mt.webp","contentUrl":"https:\/\/noticiasemdestaque.com\/cd\/wp-content\/uploads\/2025\/07\/mt.webp","width":980,"height":735},{"@type":"BreadcrumbList","@id":"https:\/\/noticiasemdestaque.com\/cd\/?p=71303#breadcrumb","itemListElement":[{"@type":"ListItem","position":1,"name":"In\u00edcio","item":"https:\/\/noticiasemdestaque.com\/cd\/"},{"@type":"ListItem","position":2,"name":"Agradecimentos e Meta: Ana Paula e Caj\u00f3 re\u00fanem secret\u00e1rios e diretores"}]},{"@type":"WebSite","@id":"https:\/\/noticiasemdestaque.com\/cd\/#website","url":"https:\/\/noticiasemdestaque.com\/cd\/","name":"Not&iacute;cias em Destaque","description":"","publisher":{"@id":"https:\/\/noticiasemdestaque.com\/cd\/#organization"},"potentialAction":[{"@type":"SearchAction","target":{"@type":"EntryPoint","urlTemplate":"https:\/\/noticiasemdestaque.com\/cd\/?s={search_term_string}"},"query-input":{"@type":"PropertyValueSpecification","valueRequired":true,"valueName":"search_term_string"}}],"inLanguage":"pt-BR"},{"@type":"Organization","@id":"https:\/\/noticiasemdestaque.com\/cd\/#organization","name":"Not\u00edcias em Destaque","url":"https:\/\/noticiasemdestaque.com\/cd\/","logo":{"@type":"ImageObject","inLanguage":"pt-BR","@id":"https:\/\/noticiasemdestaque.com\/cd\/#\/schema\/logo\/image\/","url":"https:\/\/noticiasemdestaque.com\/cd\/wp-content\/uploads\/2022\/05\/imagem-base-noticiasemdestaque.png","contentUrl":"https:\/\/noticiasemdestaque.com\/cd\/wp-content\/uploads\/2022\/05\/imagem-base-noticiasemdestaque.png","width":1200,"height":630,"caption":"Not\u00edcias em Destaque"},"image":{"@id":"https:\/\/noticiasemdestaque.com\/cd\/#\/schema\/logo\/image\/"}},{"@type":"Person","@id":"https:\/\/noticiasemdestaque.com\/cd\/#\/schema\/person\/21320b03a7e8bb90128938dafc9b908a","name":"Not\u00edcias em Destaque","url":"https:\/\/noticiasemdestaque.com\/cd\/?author=2"}]}},"jetpack_featured_media_url":"https:\/\/noticiasemdestaque.com\/cd\/wp-content\/uploads\/2025\/07\/mt.webp","jetpack_sharing_enabled":true,"_links":{"self":[{"href":"https:\/\/noticiasemdestaque.com\/cd\/index.php?rest_route=\/wp\/v2\/posts\/71303","targetHints":{"allow":["GET"]}}],"collection":[{"href":"https:\/\/noticiasemdestaque.com\/cd\/index.php?rest_route=\/wp\/v2\/posts"}],"about":[{"href":"https:\/\/noticiasemdestaque.com\/cd\/index.php?rest_route=\/wp\/v2\/types\/post"}],"author":[{"embeddable":true,"href":"https:\/\/noticiasemdestaque.com\/cd\/index.php?rest_route=\/wp\/v2\/users\/2"}],"replies":[{"embeddable":true,"href":"https:\/\/noticiasemdestaque.com\/cd\/index.php?rest_route=%2Fwp%2Fv2%2Fcomments&post=71303"}],"version-history":[{"count":1,"href":"https:\/\/noticiasemdestaque.com\/cd\/index.php?rest_route=\/wp\/v2\/posts\/71303\/revisions"}],"predecessor-version":[{"id":71305,"href":"https:\/\/noticiasemdestaque.com\/cd\/index.php?rest_route=\/wp\/v2\/posts\/71303\/revisions\/71305"}],"wp:featuredmedia":[{"embeddable":true,"href":"https:\/\/noticiasemdestaque.com\/cd\/index.php?rest_route=\/wp\/v2\/media\/71304"}],"wp:attachment":[{"href":"https:\/\/noticiasemdestaque.com\/cd\/index.php?rest_route=%2Fwp%2Fv2%2Fmedia&parent=71303"}],"wp:term":[{"taxonomy":"category","embeddable":true,"href":"https:\/\/noticiasemdestaque.com\/cd\/index.php?rest_route=%2Fwp%2Fv2%2Fcategories&post=71303"},{"taxonomy":"post_tag","embeddable":true,"href":"https:\/\/noticiasemdestaque.com\/cd\/index.php?rest_route=%2Fwp%2Fv2%2Ftags&post=71303"}],"curies":[{"name":"wp","href":"https:\/\/api.w.org\/{rel}","templated":true}]}}