{"id":712,"date":"2017-06-20T17:58:31","date_gmt":"2017-06-20T20:58:31","guid":{"rendered":"http:\/\/caririemdestaque.com\/cd\/?p=712"},"modified":"2017-06-20T17:58:31","modified_gmt":"2017-06-20T20:58:31","slug":"pequenos-negocios-terao-ate-r120-mil-para-projetos-inovadores","status":"publish","type":"post","link":"https:\/\/noticiasemdestaque.com\/cd\/?p=712","title":{"rendered":"Pequenos neg\u00f3cios ter\u00e3o at\u00e9 R$120 mil para projetos inovadores"},"content":{"rendered":"<p><a href=\"http:\/\/caririemdestaque.com\/cd\/wp-content\/uploads\/2017\/06\/12330.23284-Negocios.jpg\"><img fetchpriority=\"high\" decoding=\"async\" class=\"size-medium wp-image-713 alignleft\" src=\"http:\/\/caririemdestaque.com\/cd\/wp-content\/uploads\/2017\/06\/12330.23284-Negocios-300x225.jpg\" alt=\"\" width=\"300\" height=\"225\" srcset=\"https:\/\/noticiasemdestaque.com\/cd\/wp-content\/uploads\/2017\/06\/12330.23284-Negocios-300x225.jpg 300w, https:\/\/noticiasemdestaque.com\/cd\/wp-content\/uploads\/2017\/06\/12330.23284-Negocios-768x576.jpg 768w, https:\/\/noticiasemdestaque.com\/cd\/wp-content\/uploads\/2017\/06\/12330.23284-Negocios-1024x768.jpg 1024w, https:\/\/noticiasemdestaque.com\/cd\/wp-content\/uploads\/2017\/06\/12330.23284-Negocios-640x480.jpg 640w, https:\/\/noticiasemdestaque.com\/cd\/wp-content\/uploads\/2017\/06\/12330.23284-Negocios.jpg 1782w\" sizes=\"(max-width: 300px) 100vw, 300px\" \/><\/a>Oito micro e pequenas empresas paraibanas que tiveram seus projetos inovadores selecionados pelo Edital de Inova\u00e7\u00e3o do Sebrae Nacional homologaram seus contratos na no \u00faltimo dia 16, para iniciarem a execu\u00e7\u00e3o dos trabalhos. Empres\u00e1rios e representantes do Sebrae Para\u00edba, Senai, Parque Tecnol\u00f3gico, Funatec e Atecel estiveram presentes na solenidade realizada no Sebrae, em Jo\u00e3o Pessoa. A Para\u00edba foi o estado que mais aprovou projetos nas regi\u00f5es Norte, Nordeste e Centro-Oeste e ficou em 6\u00ba lugar no ranking nacional.<\/p>\n<p>\u201cEstamos em um momento econ\u00f4mico que \u00e9 essencial sermos competitivos e inovadores. Aqui na Para\u00edba temos um potencial humano muito forte e fico orgulhoso do nosso Estado ter aprovado tantos projetos. Tenho certeza que a execu\u00e7\u00e3o desses projetos trar\u00e3o retorno para nossa regi\u00e3o\u201d, destacou o superintendente do Sebrae Para\u00edba, Walter Aguiar.<\/p>\n<p>O edital contemplou as empresas selecionadas com subs\u00eddio de at\u00e9 R$120 mil para cada uma e elas ter\u00e3o um prazo de at\u00e9 24 meses para executarem seus projetos. Cada empresa inovadora contar\u00e1 com o apoio de uma entidade de Ci\u00eancia, Tecnologia e Inova\u00e7\u00e3o (Senai, Parque Tecnol\u00f3gico, Funatec e Atecel) para executar as a\u00e7\u00f5es propostas no projeto.<\/p>\n<p>Na Para\u00edba foram inscritos 23 projetos, sendo oito selecionados das seguintes empresas: Lumenbox (projeto Livros M\u00e1gicos); Sinapse Virtual Tecnologia e Servi\u00e7os (projeto Sinapses na escola), E-Gen Consultoria para Inform\u00e1tica (plataforma de controle de processo), Smartiks Tecnologia da Informa\u00e7\u00e3o (intelig\u00eancia energ\u00e9tica), Indie Cine Distribui\u00e7\u00e3o e Exibi\u00e7\u00e3o Cinematogr\u00e1fica (projeto cine OnDemand), Ditando Servi\u00e7os em Tecnologia da Informa\u00e7\u00e3o (plataforma para convers\u00e3o de texto em \u00e1udio de alta qualidade), Uppfly do Brasil Consultoria em Tecnologia da Inform\u00e1tica (Upplifarm Pecu\u00e1ria de Precis\u00e3o) e Kaztor Tecnologia e Servi\u00e7os (vitrine do ofertas para materiais de constru\u00e7\u00e3o na nuvem).<\/p>\n<p><strong><em>Cariri em Destaque<\/em><\/strong><\/p>\n<p>Fonte: Ag\u00eancia Sebrae de Not\u00edcias da PB<\/p>\n","protected":false},"excerpt":{"rendered":"<p>Oito micro e pequenas empresas paraibanas que tiveram seus projetos inovadores selecionados pelo Edital de Inova\u00e7\u00e3o do Sebrae Nacional homologaram seus contratos na no \u00faltimo dia 16, para iniciarem a execu\u00e7\u00e3o dos trabalhos. Empres\u00e1rios e representantes do Sebrae Para\u00edba, Senai, Parque Tecnol\u00f3gico, Funatec e Atecel estiveram presentes na solenidade realizada no Sebrae, em Jo\u00e3o Pessoa. A Para\u00edba foi o estado que mais aprovou projetos nas regi\u00f5es Norte, Nordeste e Centro-Oeste e ficou em 6\u00ba lugar no ranking nacional. \u201cEstamos em um momento econ\u00f4mico que \u00e9 essencial sermos competitivos e inovadores. Aqui na Para\u00edba temos um potencial humano muito forte e fico orgulhoso do nosso Estado ter aprovado tantos projetos. Tenho certeza que a execu\u00e7\u00e3o desses projetos trar\u00e3o retorno para nossa regi\u00e3o\u201d, destacou o superintendente do Sebrae Para\u00edba, Walter Aguiar. O edital contemplou as empresas selecionadas com subs\u00eddio de at\u00e9 R$120 mil para cada uma e elas ter\u00e3o um prazo de at\u00e9 24 meses para executarem seus projetos. Cada empresa inovadora contar\u00e1 com o apoio de uma entidade de Ci\u00eancia, Tecnologia e Inova\u00e7\u00e3o (Senai, Parque Tecnol\u00f3gico, Funatec e Atecel) para executar as a\u00e7\u00f5es propostas no projeto. Na Para\u00edba foram inscritos 23 projetos, sendo oito selecionados das seguintes empresas: Lumenbox (projeto Livros M\u00e1gicos); Sinapse Virtual Tecnologia e Servi\u00e7os (projeto Sinapses na escola), E-Gen Consultoria para Inform\u00e1tica (plataforma de controle de processo), Smartiks Tecnologia da Informa\u00e7\u00e3o (intelig\u00eancia energ\u00e9tica), Indie Cine Distribui\u00e7\u00e3o e Exibi\u00e7\u00e3o Cinematogr\u00e1fica (projeto cine OnDemand), Ditando Servi\u00e7os em Tecnologia da Informa\u00e7\u00e3o (plataforma para convers\u00e3o de texto em \u00e1udio de alta qualidade), Uppfly do Brasil Consultoria em Tecnologia da Inform\u00e1tica (Upplifarm Pecu\u00e1ria de Precis\u00e3o) e Kaztor Tecnologia e Servi\u00e7os (vitrine do ofertas para materiais de constru\u00e7\u00e3o na nuvem). Cariri em Destaque Fonte: Ag\u00eancia Sebrae de Not\u00edcias da PB<\/p>\n","protected":false},"author":2,"featured_media":713,"comment_status":"closed","ping_status":"open","sticky":false,"template":"","format":"standard","meta":{"_eb_attr":"","_jetpack_memberships_contains_paid_content":false,"footnotes":""},"categories":[11],"tags":[],"class_list":["post-712","post","type-post","status-publish","format-standard","has-post-thumbnail","hentry","category-economia"],"yoast_head":"<!-- This site is optimized with the Yoast SEO plugin v26.5 - https:\/\/yoast.com\/wordpress\/plugins\/seo\/ -->\n<title>Pequenos neg\u00f3cios ter\u00e3o at\u00e9 R$120 mil para projetos inovadores - Not&iacute;cias em Destaque<\/title>\n<meta name=\"robots\" content=\"index, follow, max-snippet:-1, max-image-preview:large, max-video-preview:-1\" \/>\n<link rel=\"canonical\" href=\"https:\/\/noticiasemdestaque.com\/cd\/?p=712\" \/>\n<meta property=\"og:locale\" content=\"pt_BR\" \/>\n<meta property=\"og:type\" content=\"article\" \/>\n<meta property=\"og:title\" content=\"Pequenos neg\u00f3cios ter\u00e3o at\u00e9 R$120 mil para projetos inovadores - Not&iacute;cias em Destaque\" \/>\n<meta property=\"og:description\" content=\"Oito micro e pequenas empresas paraibanas que tiveram seus projetos inovadores selecionados pelo Edital de Inova\u00e7\u00e3o do Sebrae Nacional homologaram seus contratos na no \u00faltimo dia 16, para iniciarem a execu\u00e7\u00e3o dos trabalhos. Empres\u00e1rios e representantes do Sebrae Para\u00edba, Senai, Parque Tecnol\u00f3gico, Funatec e Atecel estiveram presentes na solenidade realizada no Sebrae, em Jo\u00e3o Pessoa. A Para\u00edba foi o estado que mais aprovou projetos nas regi\u00f5es Norte, Nordeste e Centro-Oeste e ficou em 6\u00ba lugar no ranking nacional. \u201cEstamos em um momento econ\u00f4mico que \u00e9 essencial sermos competitivos e inovadores. Aqui na Para\u00edba temos um potencial humano muito forte e fico orgulhoso do nosso Estado ter aprovado tantos projetos. Tenho certeza que a execu\u00e7\u00e3o desses projetos trar\u00e3o retorno para nossa regi\u00e3o\u201d, destacou o superintendente do Sebrae Para\u00edba, Walter Aguiar. O edital contemplou as empresas selecionadas com subs\u00eddio de at\u00e9 R$120 mil para cada uma e elas ter\u00e3o um prazo de at\u00e9 24 meses para executarem seus projetos. Cada empresa inovadora contar\u00e1 com o apoio de uma entidade de Ci\u00eancia, Tecnologia e Inova\u00e7\u00e3o (Senai, Parque Tecnol\u00f3gico, Funatec e Atecel) para executar as a\u00e7\u00f5es propostas no projeto. Na Para\u00edba foram inscritos 23 projetos, sendo oito selecionados das seguintes empresas: Lumenbox (projeto Livros M\u00e1gicos); Sinapse Virtual Tecnologia e Servi\u00e7os (projeto Sinapses na escola), E-Gen Consultoria para Inform\u00e1tica (plataforma de controle de processo), Smartiks Tecnologia da Informa\u00e7\u00e3o (intelig\u00eancia energ\u00e9tica), Indie Cine Distribui\u00e7\u00e3o e Exibi\u00e7\u00e3o Cinematogr\u00e1fica (projeto cine OnDemand), Ditando Servi\u00e7os em Tecnologia da Informa\u00e7\u00e3o (plataforma para convers\u00e3o de texto em \u00e1udio de alta qualidade), Uppfly do Brasil Consultoria em Tecnologia da Inform\u00e1tica (Upplifarm Pecu\u00e1ria de Precis\u00e3o) e Kaztor Tecnologia e Servi\u00e7os (vitrine do ofertas para materiais de constru\u00e7\u00e3o na nuvem). Cariri em Destaque Fonte: Ag\u00eancia Sebrae de Not\u00edcias da PB\" \/>\n<meta property=\"og:url\" content=\"https:\/\/noticiasemdestaque.com\/cd\/?p=712\" \/>\n<meta property=\"og:site_name\" content=\"Not&iacute;cias em Destaque\" \/>\n<meta property=\"article:published_time\" content=\"2017-06-20T20:58:31+00:00\" \/>\n<meta property=\"og:image\" content=\"https:\/\/noticiasemdestaque.com\/cd\/wp-content\/uploads\/2017\/06\/12330.23284-Negocios.jpg\" \/>\n\t<meta property=\"og:image:width\" content=\"1782\" \/>\n\t<meta property=\"og:image:height\" content=\"1337\" \/>\n\t<meta property=\"og:image:type\" content=\"image\/jpeg\" \/>\n<meta name=\"author\" content=\"Not\u00edcias em Destaque\" \/>\n<meta name=\"twitter:card\" content=\"summary_large_image\" \/>\n<meta name=\"twitter:label1\" content=\"Escrito por\" \/>\n\t<meta name=\"twitter:data1\" content=\"Not\u00edcias em Destaque\" \/>\n\t<meta name=\"twitter:label2\" content=\"Est. tempo de leitura\" \/>\n\t<meta name=\"twitter:data2\" content=\"2 minutos\" \/>\n<script type=\"application\/ld+json\" class=\"yoast-schema-graph\">{\"@context\":\"https:\/\/schema.org\",\"@graph\":[{\"@type\":\"Article\",\"@id\":\"https:\/\/noticiasemdestaque.com\/cd\/?p=712#article\",\"isPartOf\":{\"@id\":\"https:\/\/noticiasemdestaque.com\/cd\/?p=712\"},\"author\":{\"name\":\"Not\u00edcias em Destaque\",\"@id\":\"https:\/\/noticiasemdestaque.com\/cd\/#\/schema\/person\/45ca272b3e1246ef14ebb78a48dbb218\"},\"headline\":\"Pequenos neg\u00f3cios ter\u00e3o at\u00e9 R$120 mil para projetos inovadores\",\"datePublished\":\"2017-06-20T20:58:31+00:00\",\"mainEntityOfPage\":{\"@id\":\"https:\/\/noticiasemdestaque.com\/cd\/?p=712\"},\"wordCount\":332,\"publisher\":{\"@id\":\"https:\/\/noticiasemdestaque.com\/cd\/#organization\"},\"image\":{\"@id\":\"https:\/\/noticiasemdestaque.com\/cd\/?p=712#primaryimage\"},\"thumbnailUrl\":\"https:\/\/noticiasemdestaque.com\/cd\/wp-content\/uploads\/2017\/06\/12330.23284-Negocios.jpg\",\"articleSection\":[\"Economia\"],\"inLanguage\":\"pt-BR\"},{\"@type\":\"WebPage\",\"@id\":\"https:\/\/noticiasemdestaque.com\/cd\/?p=712\",\"url\":\"https:\/\/noticiasemdestaque.com\/cd\/?p=712\",\"name\":\"Pequenos neg\u00f3cios ter\u00e3o at\u00e9 R$120 mil para projetos inovadores - Not&iacute;cias em Destaque\",\"isPartOf\":{\"@id\":\"https:\/\/noticiasemdestaque.com\/cd\/#website\"},\"primaryImageOfPage\":{\"@id\":\"https:\/\/noticiasemdestaque.com\/cd\/?p=712#primaryimage\"},\"image\":{\"@id\":\"https:\/\/noticiasemdestaque.com\/cd\/?p=712#primaryimage\"},\"thumbnailUrl\":\"https:\/\/noticiasemdestaque.com\/cd\/wp-content\/uploads\/2017\/06\/12330.23284-Negocios.jpg\",\"datePublished\":\"2017-06-20T20:58:31+00:00\",\"breadcrumb\":{\"@id\":\"https:\/\/noticiasemdestaque.com\/cd\/?p=712#breadcrumb\"},\"inLanguage\":\"pt-BR\",\"potentialAction\":[{\"@type\":\"ReadAction\",\"target\":[\"https:\/\/noticiasemdestaque.com\/cd\/?p=712\"]}]},{\"@type\":\"ImageObject\",\"inLanguage\":\"pt-BR\",\"@id\":\"https:\/\/noticiasemdestaque.com\/cd\/?p=712#primaryimage\",\"url\":\"https:\/\/noticiasemdestaque.com\/cd\/wp-content\/uploads\/2017\/06\/12330.23284-Negocios.jpg\",\"contentUrl\":\"https:\/\/noticiasemdestaque.com\/cd\/wp-content\/uploads\/2017\/06\/12330.23284-Negocios.jpg\",\"width\":1782,\"height\":1337},{\"@type\":\"BreadcrumbList\",\"@id\":\"https:\/\/noticiasemdestaque.com\/cd\/?p=712#breadcrumb\",\"itemListElement\":[{\"@type\":\"ListItem\",\"position\":1,\"name\":\"In\u00edcio\",\"item\":\"https:\/\/noticiasemdestaque.com\/cd\/\"},{\"@type\":\"ListItem\",\"position\":2,\"name\":\"Pequenos neg\u00f3cios ter\u00e3o at\u00e9 R$120 mil para projetos inovadores\"}]},{\"@type\":\"WebSite\",\"@id\":\"https:\/\/noticiasemdestaque.com\/cd\/#website\",\"url\":\"https:\/\/noticiasemdestaque.com\/cd\/\",\"name\":\"Not&iacute;cias em Destaque\",\"description\":\"\",\"publisher\":{\"@id\":\"https:\/\/noticiasemdestaque.com\/cd\/#organization\"},\"potentialAction\":[{\"@type\":\"SearchAction\",\"target\":{\"@type\":\"EntryPoint\",\"urlTemplate\":\"https:\/\/noticiasemdestaque.com\/cd\/?s={search_term_string}\"},\"query-input\":{\"@type\":\"PropertyValueSpecification\",\"valueRequired\":true,\"valueName\":\"search_term_string\"}}],\"inLanguage\":\"pt-BR\"},{\"@type\":\"Organization\",\"@id\":\"https:\/\/noticiasemdestaque.com\/cd\/#organization\",\"name\":\"Not\u00edcias em Destaque\",\"url\":\"https:\/\/noticiasemdestaque.com\/cd\/\",\"logo\":{\"@type\":\"ImageObject\",\"inLanguage\":\"pt-BR\",\"@id\":\"https:\/\/noticiasemdestaque.com\/cd\/#\/schema\/logo\/image\/\",\"url\":\"https:\/\/noticiasemdestaque.com\/cd\/wp-content\/uploads\/2022\/05\/imagem-base-noticiasemdestaque.png\",\"contentUrl\":\"https:\/\/noticiasemdestaque.com\/cd\/wp-content\/uploads\/2022\/05\/imagem-base-noticiasemdestaque.png\",\"width\":1200,\"height\":630,\"caption\":\"Not\u00edcias em Destaque\"},\"image\":{\"@id\":\"https:\/\/noticiasemdestaque.com\/cd\/#\/schema\/logo\/image\/\"}},{\"@type\":\"Person\",\"@id\":\"https:\/\/noticiasemdestaque.com\/cd\/#\/schema\/person\/45ca272b3e1246ef14ebb78a48dbb218\",\"name\":\"Not\u00edcias em Destaque\",\"url\":\"https:\/\/noticiasemdestaque.com\/cd\/?author=2\"}]}<\/script>\n<!-- \/ Yoast SEO plugin. -->","yoast_head_json":{"title":"Pequenos neg\u00f3cios ter\u00e3o at\u00e9 R$120 mil para projetos inovadores - Not&iacute;cias em Destaque","robots":{"index":"index","follow":"follow","max-snippet":"max-snippet:-1","max-image-preview":"max-image-preview:large","max-video-preview":"max-video-preview:-1"},"canonical":"https:\/\/noticiasemdestaque.com\/cd\/?p=712","og_locale":"pt_BR","og_type":"article","og_title":"Pequenos neg\u00f3cios ter\u00e3o at\u00e9 R$120 mil para projetos inovadores - Not&iacute;cias em Destaque","og_description":"Oito micro e pequenas empresas paraibanas que tiveram seus projetos inovadores selecionados pelo Edital de Inova\u00e7\u00e3o do Sebrae Nacional homologaram seus contratos na no \u00faltimo dia 16, para iniciarem a execu\u00e7\u00e3o dos trabalhos. Empres\u00e1rios e representantes do Sebrae Para\u00edba, Senai, Parque Tecnol\u00f3gico, Funatec e Atecel estiveram presentes na solenidade realizada no Sebrae, em Jo\u00e3o Pessoa. A Para\u00edba foi o estado que mais aprovou projetos nas regi\u00f5es Norte, Nordeste e Centro-Oeste e ficou em 6\u00ba lugar no ranking nacional. \u201cEstamos em um momento econ\u00f4mico que \u00e9 essencial sermos competitivos e inovadores. Aqui na Para\u00edba temos um potencial humano muito forte e fico orgulhoso do nosso Estado ter aprovado tantos projetos. Tenho certeza que a execu\u00e7\u00e3o desses projetos trar\u00e3o retorno para nossa regi\u00e3o\u201d, destacou o superintendente do Sebrae Para\u00edba, Walter Aguiar. O edital contemplou as empresas selecionadas com subs\u00eddio de at\u00e9 R$120 mil para cada uma e elas ter\u00e3o um prazo de at\u00e9 24 meses para executarem seus projetos. Cada empresa inovadora contar\u00e1 com o apoio de uma entidade de Ci\u00eancia, Tecnologia e Inova\u00e7\u00e3o (Senai, Parque Tecnol\u00f3gico, Funatec e Atecel) para executar as a\u00e7\u00f5es propostas no projeto. Na Para\u00edba foram inscritos 23 projetos, sendo oito selecionados das seguintes empresas: Lumenbox (projeto Livros M\u00e1gicos); Sinapse Virtual Tecnologia e Servi\u00e7os (projeto Sinapses na escola), E-Gen Consultoria para Inform\u00e1tica (plataforma de controle de processo), Smartiks Tecnologia da Informa\u00e7\u00e3o (intelig\u00eancia energ\u00e9tica), Indie Cine Distribui\u00e7\u00e3o e Exibi\u00e7\u00e3o Cinematogr\u00e1fica (projeto cine OnDemand), Ditando Servi\u00e7os em Tecnologia da Informa\u00e7\u00e3o (plataforma para convers\u00e3o de texto em \u00e1udio de alta qualidade), Uppfly do Brasil Consultoria em Tecnologia da Inform\u00e1tica (Upplifarm Pecu\u00e1ria de Precis\u00e3o) e Kaztor Tecnologia e Servi\u00e7os (vitrine do ofertas para materiais de constru\u00e7\u00e3o na nuvem). Cariri em Destaque Fonte: Ag\u00eancia Sebrae de Not\u00edcias da PB","og_url":"https:\/\/noticiasemdestaque.com\/cd\/?p=712","og_site_name":"Not&iacute;cias em Destaque","article_published_time":"2017-06-20T20:58:31+00:00","og_image":[{"width":1782,"height":1337,"url":"https:\/\/noticiasemdestaque.com\/cd\/wp-content\/uploads\/2017\/06\/12330.23284-Negocios.jpg","type":"image\/jpeg"}],"author":"Not\u00edcias em Destaque","twitter_card":"summary_large_image","twitter_misc":{"Escrito por":"Not\u00edcias em Destaque","Est. tempo de leitura":"2 minutos"},"schema":{"@context":"https:\/\/schema.org","@graph":[{"@type":"Article","@id":"https:\/\/noticiasemdestaque.com\/cd\/?p=712#article","isPartOf":{"@id":"https:\/\/noticiasemdestaque.com\/cd\/?p=712"},"author":{"name":"Not\u00edcias em Destaque","@id":"https:\/\/noticiasemdestaque.com\/cd\/#\/schema\/person\/45ca272b3e1246ef14ebb78a48dbb218"},"headline":"Pequenos neg\u00f3cios ter\u00e3o at\u00e9 R$120 mil para projetos inovadores","datePublished":"2017-06-20T20:58:31+00:00","mainEntityOfPage":{"@id":"https:\/\/noticiasemdestaque.com\/cd\/?p=712"},"wordCount":332,"publisher":{"@id":"https:\/\/noticiasemdestaque.com\/cd\/#organization"},"image":{"@id":"https:\/\/noticiasemdestaque.com\/cd\/?p=712#primaryimage"},"thumbnailUrl":"https:\/\/noticiasemdestaque.com\/cd\/wp-content\/uploads\/2017\/06\/12330.23284-Negocios.jpg","articleSection":["Economia"],"inLanguage":"pt-BR"},{"@type":"WebPage","@id":"https:\/\/noticiasemdestaque.com\/cd\/?p=712","url":"https:\/\/noticiasemdestaque.com\/cd\/?p=712","name":"Pequenos neg\u00f3cios ter\u00e3o at\u00e9 R$120 mil para projetos inovadores - Not&iacute;cias em Destaque","isPartOf":{"@id":"https:\/\/noticiasemdestaque.com\/cd\/#website"},"primaryImageOfPage":{"@id":"https:\/\/noticiasemdestaque.com\/cd\/?p=712#primaryimage"},"image":{"@id":"https:\/\/noticiasemdestaque.com\/cd\/?p=712#primaryimage"},"thumbnailUrl":"https:\/\/noticiasemdestaque.com\/cd\/wp-content\/uploads\/2017\/06\/12330.23284-Negocios.jpg","datePublished":"2017-06-20T20:58:31+00:00","breadcrumb":{"@id":"https:\/\/noticiasemdestaque.com\/cd\/?p=712#breadcrumb"},"inLanguage":"pt-BR","potentialAction":[{"@type":"ReadAction","target":["https:\/\/noticiasemdestaque.com\/cd\/?p=712"]}]},{"@type":"ImageObject","inLanguage":"pt-BR","@id":"https:\/\/noticiasemdestaque.com\/cd\/?p=712#primaryimage","url":"https:\/\/noticiasemdestaque.com\/cd\/wp-content\/uploads\/2017\/06\/12330.23284-Negocios.jpg","contentUrl":"https:\/\/noticiasemdestaque.com\/cd\/wp-content\/uploads\/2017\/06\/12330.23284-Negocios.jpg","width":1782,"height":1337},{"@type":"BreadcrumbList","@id":"https:\/\/noticiasemdestaque.com\/cd\/?p=712#breadcrumb","itemListElement":[{"@type":"ListItem","position":1,"name":"In\u00edcio","item":"https:\/\/noticiasemdestaque.com\/cd\/"},{"@type":"ListItem","position":2,"name":"Pequenos neg\u00f3cios ter\u00e3o at\u00e9 R$120 mil para projetos inovadores"}]},{"@type":"WebSite","@id":"https:\/\/noticiasemdestaque.com\/cd\/#website","url":"https:\/\/noticiasemdestaque.com\/cd\/","name":"Not&iacute;cias em Destaque","description":"","publisher":{"@id":"https:\/\/noticiasemdestaque.com\/cd\/#organization"},"potentialAction":[{"@type":"SearchAction","target":{"@type":"EntryPoint","urlTemplate":"https:\/\/noticiasemdestaque.com\/cd\/?s={search_term_string}"},"query-input":{"@type":"PropertyValueSpecification","valueRequired":true,"valueName":"search_term_string"}}],"inLanguage":"pt-BR"},{"@type":"Organization","@id":"https:\/\/noticiasemdestaque.com\/cd\/#organization","name":"Not\u00edcias em Destaque","url":"https:\/\/noticiasemdestaque.com\/cd\/","logo":{"@type":"ImageObject","inLanguage":"pt-BR","@id":"https:\/\/noticiasemdestaque.com\/cd\/#\/schema\/logo\/image\/","url":"https:\/\/noticiasemdestaque.com\/cd\/wp-content\/uploads\/2022\/05\/imagem-base-noticiasemdestaque.png","contentUrl":"https:\/\/noticiasemdestaque.com\/cd\/wp-content\/uploads\/2022\/05\/imagem-base-noticiasemdestaque.png","width":1200,"height":630,"caption":"Not\u00edcias em Destaque"},"image":{"@id":"https:\/\/noticiasemdestaque.com\/cd\/#\/schema\/logo\/image\/"}},{"@type":"Person","@id":"https:\/\/noticiasemdestaque.com\/cd\/#\/schema\/person\/45ca272b3e1246ef14ebb78a48dbb218","name":"Not\u00edcias em Destaque","url":"https:\/\/noticiasemdestaque.com\/cd\/?author=2"}]}},"jetpack_featured_media_url":"https:\/\/noticiasemdestaque.com\/cd\/wp-content\/uploads\/2017\/06\/12330.23284-Negocios.jpg","jetpack_sharing_enabled":true,"_links":{"self":[{"href":"https:\/\/noticiasemdestaque.com\/cd\/index.php?rest_route=\/wp\/v2\/posts\/712","targetHints":{"allow":["GET"]}}],"collection":[{"href":"https:\/\/noticiasemdestaque.com\/cd\/index.php?rest_route=\/wp\/v2\/posts"}],"about":[{"href":"https:\/\/noticiasemdestaque.com\/cd\/index.php?rest_route=\/wp\/v2\/types\/post"}],"author":[{"embeddable":true,"href":"https:\/\/noticiasemdestaque.com\/cd\/index.php?rest_route=\/wp\/v2\/users\/2"}],"replies":[{"embeddable":true,"href":"https:\/\/noticiasemdestaque.com\/cd\/index.php?rest_route=%2Fwp%2Fv2%2Fcomments&post=712"}],"version-history":[{"count":1,"href":"https:\/\/noticiasemdestaque.com\/cd\/index.php?rest_route=\/wp\/v2\/posts\/712\/revisions"}],"predecessor-version":[{"id":714,"href":"https:\/\/noticiasemdestaque.com\/cd\/index.php?rest_route=\/wp\/v2\/posts\/712\/revisions\/714"}],"wp:featuredmedia":[{"embeddable":true,"href":"https:\/\/noticiasemdestaque.com\/cd\/index.php?rest_route=\/wp\/v2\/media\/713"}],"wp:attachment":[{"href":"https:\/\/noticiasemdestaque.com\/cd\/index.php?rest_route=%2Fwp%2Fv2%2Fmedia&parent=712"}],"wp:term":[{"taxonomy":"category","embeddable":true,"href":"https:\/\/noticiasemdestaque.com\/cd\/index.php?rest_route=%2Fwp%2Fv2%2Fcategories&post=712"},{"taxonomy":"post_tag","embeddable":true,"href":"https:\/\/noticiasemdestaque.com\/cd\/index.php?rest_route=%2Fwp%2Fv2%2Ftags&post=712"}],"curies":[{"name":"wp","href":"https:\/\/api.w.org\/{rel}","templated":true}]}}