{"id":7066,"date":"2018-01-02T08:40:07","date_gmt":"2018-01-02T11:40:07","guid":{"rendered":"http:\/\/caririemdestaque.com\/cd\/?p=7066"},"modified":"2018-01-02T08:40:07","modified_gmt":"2018-01-02T11:40:07","slug":"viagem-de-ferias-requer-planejamento-e-atencao","status":"publish","type":"post","link":"https:\/\/noticiasemdestaque.com\/cd\/?p=7066","title":{"rendered":"Viagem de f\u00e9rias requer planejamento e aten\u00e7\u00e3o"},"content":{"rendered":"<p><a href=\"http:\/\/www.focandoanoticia.com.br\/wp-content\/uploads\/2018\/01\/ferias.jpg\"><img fetchpriority=\"high\" decoding=\"async\" class=\"alignleft size-medium wp-image-238571\" src=\"http:\/\/www.focandoanoticia.com.br\/wp-content\/uploads\/2018\/01\/ferias-300x201.jpg\" sizes=\"(max-width: 300px) 100vw, 300px\" srcset=\"http:\/\/www.focandoanoticia.com.br\/wp-content\/uploads\/2018\/01\/ferias-300x201.jpg 300w, http:\/\/www.focandoanoticia.com.br\/wp-content\/uploads\/2018\/01\/ferias.jpg 590w\" alt=\"\" width=\"300\" height=\"201\" data-id=\"238571\" \/><\/a>Quem pretende aproveitar o per\u00edodo das f\u00e9rias do in\u00edcio do ano para viajar, deve ficar alerta para duas situa\u00e7\u00f5es: planejar o destino e o or\u00e7amento da viagem com anteced\u00eancia para n\u00e3o tomar decis\u00f5es \u2018em cima da hora\u2019 e tamb\u00e9m ficar atento para as promo\u00e7\u00f5es vantajosas de pacotes das ag\u00eancias de viagens. Como forma de orientar o consumidor, a Secretaria Municipal de Prote\u00e7\u00e3o e Defesa do Consumidor (Procon-JP) d\u00e1 dicas de como organizar a viagem.<\/p>\n<p>O primeiro passo \u00e9 o planejamento do or\u00e7amento dom\u00e9stico considerando o dinheiro dispon\u00edvel ap\u00f3s o pagamento das contas de praxe do in\u00edcio do ano, a exemplo de impostos e material escolar. Se o or\u00e7amento ficar muito apertado, o conselho do Secret\u00e1rio do Procon-JP, Helton Ren\u00ea, \u00e9 que o consumidor reduza o tempo da viagem ou at\u00e9 mesmo mude o roteiro, escolhendo um local mais perto de casa, com destino mais barato.<\/p>\n<p>Para ele, o \u201cimportante \u00e9 que as pessoas se divirtam, aproveitando o per\u00edodo das f\u00e9rias escolares dos filhos em conson\u00e2ncia com a folga do trabalho dos pais. Como o lazer \u00e9 uma quest\u00e3o de sa\u00fade, deve entrar, inclusive, como necessidade no or\u00e7amento dom\u00e9stico. Da\u00ed a import\u00e2ncia do planejamento, porque fica dif\u00edcil se divertir pensando nas contas que se tem a pagar\u201d, aconselha.<\/p>\n<p><strong>Pacotes<\/strong>\u00a0\u2013 Outro ponto a ser ponderado \u00e9 quanto \u00e0s viagens que j\u00e1 foram programadas e para quem at\u00e9 j\u00e1 efetuou o pagamento. Para o consumidor que j\u00e1 se programou e efetivou pagamento de algum pacote atrav\u00e9s de ag\u00eancia de turismo, deve observar se a empresa est\u00e1 regularmente cadastrada no Minist\u00e9rio do Turismo. Helton Ren\u00ea salienta que esse cadastro promove o ordenamento, a formaliza\u00e7\u00e3o e a legaliza\u00e7\u00e3o dos prestadores de servi\u00e7os tur\u00edsticos no Brasil. \u201cDessa maneira, o consumidor pode checar se a ag\u00eancia atende as normas e est\u00e1 legalmente apta para atuar nesse segmento\u201d.<\/p>\n<p><strong>Promo\u00e7\u00f5es<\/strong>\u00a0\u2013 Outra aten\u00e7\u00e3o \u00e9 quanto \u00e0s promo\u00e7\u00f5es de pacotes de viagens. \u201cGeralmente os pacotes oferecidos pelas ag\u00eancias de viagem incluem transporte, hospedagem, passeio tur\u00edstico, caminhadas, atividades extras, dentre outros servi\u00e7os. O roteiro vai variar segundo o desejo do consumidor e do que melhor atende suas necessidades dentro do quanto ele pode pagar, isso em qualquer tipo de pacote: nacionais e internacionais, individuais e coletivos\u201d.<\/p>\n<p><strong>Precau\u00e7\u00e3o<\/strong>\u00a0\u2013 O titular do Procon-JP aconselha que o consumidor deve atentar para todos os detalhes do contrato, lendo todas as cl\u00e1usulas, para que tudo fique muito bem esclarecido. \u201c\u00c9 fundamental que sejam guardados os materiais publicit\u00e1rios do servi\u00e7o oferecido, para se garantir, caso haja descumprimento do que foi acordado no contrato, porque todo esse material pode ser usado se houver necessidade de reivindicar os direitos em \u00f3rg\u00e3os de defesa do consumidor. Inclusive, deve guardar as mensagens eletr\u00f4nicas trocadas durante a negocia\u00e7\u00e3o\u201d, salientou Helton Ren\u00ea.<\/p>\n<p><strong>Confirma\u00e7\u00f5es<\/strong>\u00a0\u2013 O consumidor deve exigir as confirma\u00e7\u00f5es de reserva, passagem e demais servi\u00e7os por escrito, conferindo informa\u00e7\u00f5es de \u201c<em>check-in<\/em>\u201d<em>,\u00a0<\/em>\u201c<em>check-out\u201d<\/em>\u00a0e taxas. \u201cEssas confirma\u00e7\u00f5es servem tanto para a compra dos pacotes de turismo de forma presencial quanto pela internet. Tudo deve ser checado at\u00e9 a v\u00e9spera da viagem, pelo menos. Se a pessoa ficar atenta a tudo isso, \u00e9 s\u00f3 aproveitar a viagem e curtir os dias de folga\u201d, disse o secret\u00e1rio.<\/p>\n<p><strong>Cancelamento<\/strong>\u00a0\u2013 Quando houver a necessidade de cancelamento da viagem, o consumidor deve faz\u00ea-lo por escrito, ficando alerta ao que diz o contrato e ao valor total do pacote, uma vez que a empresa poder\u00e1, nesse caso, cobrar multa.\u00a0\u201cAdianto que, quanto mais pr\u00f3ximo da viagem for a desist\u00eancia, maior poder\u00e1 ser o valor da multa a ser paga. Mas, se cancelamento partir da ag\u00eancia, ela dever\u00e1 restituir ao cliente o valor pago, preju\u00edzos financeiros e poss\u00edveis danos\u201d, informou o titular do Procon-JP.<\/p>\n<p>Fonte: Maispb<\/p>\n","protected":false},"excerpt":{"rendered":"<p>Quem pretende aproveitar o per\u00edodo das f\u00e9rias do in\u00edcio do ano para viajar, deve ficar alerta para duas situa\u00e7\u00f5es: planejar o destino e o or\u00e7amento da viagem com anteced\u00eancia para n\u00e3o tomar decis\u00f5es \u2018em cima da hora\u2019 e tamb\u00e9m ficar atento para as promo\u00e7\u00f5es vantajosas de pacotes das ag\u00eancias de viagens. Como forma de orientar o consumidor, a Secretaria Municipal de Prote\u00e7\u00e3o e Defesa do Consumidor (Procon-JP) d\u00e1 dicas de como organizar a viagem. O primeiro passo \u00e9 o planejamento do or\u00e7amento dom\u00e9stico considerando o dinheiro dispon\u00edvel ap\u00f3s o pagamento das contas de praxe do in\u00edcio do ano, a exemplo de impostos e material escolar. Se o or\u00e7amento ficar muito apertado, o conselho do Secret\u00e1rio do Procon-JP, Helton Ren\u00ea, \u00e9 que o consumidor reduza o tempo da viagem ou at\u00e9 mesmo mude o roteiro, escolhendo um local mais perto de casa, com destino mais barato. Para ele, o \u201cimportante \u00e9 que as pessoas se divirtam, aproveitando o per\u00edodo das f\u00e9rias escolares dos filhos em conson\u00e2ncia com a folga do trabalho dos pais. Como o lazer \u00e9 uma quest\u00e3o de sa\u00fade, deve entrar, inclusive, como necessidade no or\u00e7amento dom\u00e9stico. Da\u00ed a import\u00e2ncia do planejamento, porque fica dif\u00edcil se divertir pensando nas contas que se tem a pagar\u201d, aconselha. Pacotes\u00a0\u2013 Outro ponto a ser ponderado \u00e9 quanto \u00e0s viagens que j\u00e1 foram programadas e para quem at\u00e9 j\u00e1 efetuou o pagamento. Para o consumidor que j\u00e1 se programou e efetivou pagamento de algum pacote atrav\u00e9s de ag\u00eancia de turismo, deve observar se a empresa est\u00e1 regularmente cadastrada no Minist\u00e9rio do Turismo. Helton Ren\u00ea salienta que esse cadastro promove o ordenamento, a formaliza\u00e7\u00e3o e a legaliza\u00e7\u00e3o dos prestadores de servi\u00e7os tur\u00edsticos no Brasil. \u201cDessa maneira, o consumidor pode checar se a ag\u00eancia atende as normas e est\u00e1 legalmente apta para atuar nesse segmento\u201d. Promo\u00e7\u00f5es\u00a0\u2013 Outra aten\u00e7\u00e3o \u00e9 quanto \u00e0s promo\u00e7\u00f5es de pacotes de viagens. \u201cGeralmente os pacotes oferecidos pelas ag\u00eancias de viagem incluem transporte, hospedagem, passeio tur\u00edstico, caminhadas, atividades extras, dentre outros servi\u00e7os. O roteiro vai variar segundo o desejo do consumidor e do que melhor atende suas necessidades dentro do quanto ele pode pagar, isso em qualquer tipo de pacote: nacionais e internacionais, individuais e coletivos\u201d. Precau\u00e7\u00e3o\u00a0\u2013 O titular do Procon-JP aconselha que o consumidor deve atentar para todos os detalhes do contrato, lendo todas as cl\u00e1usulas, para que tudo fique muito bem esclarecido. \u201c\u00c9 fundamental que sejam guardados os materiais publicit\u00e1rios do servi\u00e7o oferecido, para se garantir, caso haja descumprimento do que foi acordado no contrato, porque todo esse material pode ser usado se houver necessidade de reivindicar os direitos em \u00f3rg\u00e3os de defesa do consumidor. Inclusive, deve guardar as mensagens eletr\u00f4nicas trocadas durante a negocia\u00e7\u00e3o\u201d, salientou Helton Ren\u00ea. Confirma\u00e7\u00f5es\u00a0\u2013 O consumidor deve exigir as confirma\u00e7\u00f5es de reserva, passagem e demais servi\u00e7os por escrito, conferindo informa\u00e7\u00f5es de \u201ccheck-in\u201d,\u00a0\u201ccheck-out\u201d\u00a0e taxas. \u201cEssas confirma\u00e7\u00f5es servem tanto para a compra dos pacotes de turismo de forma presencial quanto pela internet. Tudo deve ser checado at\u00e9 a v\u00e9spera da viagem, pelo menos. Se a pessoa ficar atenta a tudo isso, \u00e9 s\u00f3 aproveitar a viagem e curtir os dias de folga\u201d, disse o secret\u00e1rio. Cancelamento\u00a0\u2013 Quando houver a necessidade de cancelamento da viagem, o consumidor deve faz\u00ea-lo por escrito, ficando alerta ao que diz o contrato e ao valor total do pacote, uma vez que a empresa poder\u00e1, nesse caso, cobrar multa.\u00a0\u201cAdianto que, quanto mais pr\u00f3ximo da viagem for a desist\u00eancia, maior poder\u00e1 ser o valor da multa a ser paga. Mas, se cancelamento partir da ag\u00eancia, ela dever\u00e1 restituir ao cliente o valor pago, preju\u00edzos financeiros e poss\u00edveis danos\u201d, informou o titular do Procon-JP. Fonte: Maispb<\/p>\n","protected":false},"author":2,"featured_media":7067,"comment_status":"closed","ping_status":"open","sticky":false,"template":"","format":"standard","meta":{"_eb_attr":"","_jetpack_memberships_contains_paid_content":false,"footnotes":""},"categories":[11],"tags":[],"class_list":["post-7066","post","type-post","status-publish","format-standard","has-post-thumbnail","hentry","category-economia"],"yoast_head":"<!-- This site is optimized with the Yoast SEO plugin v26.5 - https:\/\/yoast.com\/wordpress\/plugins\/seo\/ -->\n<title>Viagem de f\u00e9rias requer planejamento e aten\u00e7\u00e3o - Not&iacute;cias em Destaque<\/title>\n<meta name=\"robots\" content=\"index, follow, max-snippet:-1, max-image-preview:large, max-video-preview:-1\" \/>\n<link rel=\"canonical\" href=\"https:\/\/noticiasemdestaque.com\/cd\/?p=7066\" \/>\n<meta property=\"og:locale\" content=\"pt_BR\" \/>\n<meta property=\"og:type\" content=\"article\" \/>\n<meta property=\"og:title\" content=\"Viagem de f\u00e9rias requer planejamento e aten\u00e7\u00e3o - Not&iacute;cias em Destaque\" \/>\n<meta property=\"og:description\" content=\"Quem pretende aproveitar o per\u00edodo das f\u00e9rias do in\u00edcio do ano para viajar, deve ficar alerta para duas situa\u00e7\u00f5es: planejar o destino e o or\u00e7amento da viagem com anteced\u00eancia para n\u00e3o tomar decis\u00f5es \u2018em cima da hora\u2019 e tamb\u00e9m ficar atento para as promo\u00e7\u00f5es vantajosas de pacotes das ag\u00eancias de viagens. Como forma de orientar o consumidor, a Secretaria Municipal de Prote\u00e7\u00e3o e Defesa do Consumidor (Procon-JP) d\u00e1 dicas de como organizar a viagem. O primeiro passo \u00e9 o planejamento do or\u00e7amento dom\u00e9stico considerando o dinheiro dispon\u00edvel ap\u00f3s o pagamento das contas de praxe do in\u00edcio do ano, a exemplo de impostos e material escolar. Se o or\u00e7amento ficar muito apertado, o conselho do Secret\u00e1rio do Procon-JP, Helton Ren\u00ea, \u00e9 que o consumidor reduza o tempo da viagem ou at\u00e9 mesmo mude o roteiro, escolhendo um local mais perto de casa, com destino mais barato. Para ele, o \u201cimportante \u00e9 que as pessoas se divirtam, aproveitando o per\u00edodo das f\u00e9rias escolares dos filhos em conson\u00e2ncia com a folga do trabalho dos pais. Como o lazer \u00e9 uma quest\u00e3o de sa\u00fade, deve entrar, inclusive, como necessidade no or\u00e7amento dom\u00e9stico. Da\u00ed a import\u00e2ncia do planejamento, porque fica dif\u00edcil se divertir pensando nas contas que se tem a pagar\u201d, aconselha. Pacotes\u00a0\u2013 Outro ponto a ser ponderado \u00e9 quanto \u00e0s viagens que j\u00e1 foram programadas e para quem at\u00e9 j\u00e1 efetuou o pagamento. Para o consumidor que j\u00e1 se programou e efetivou pagamento de algum pacote atrav\u00e9s de ag\u00eancia de turismo, deve observar se a empresa est\u00e1 regularmente cadastrada no Minist\u00e9rio do Turismo. Helton Ren\u00ea salienta que esse cadastro promove o ordenamento, a formaliza\u00e7\u00e3o e a legaliza\u00e7\u00e3o dos prestadores de servi\u00e7os tur\u00edsticos no Brasil. \u201cDessa maneira, o consumidor pode checar se a ag\u00eancia atende as normas e est\u00e1 legalmente apta para atuar nesse segmento\u201d. Promo\u00e7\u00f5es\u00a0\u2013 Outra aten\u00e7\u00e3o \u00e9 quanto \u00e0s promo\u00e7\u00f5es de pacotes de viagens. \u201cGeralmente os pacotes oferecidos pelas ag\u00eancias de viagem incluem transporte, hospedagem, passeio tur\u00edstico, caminhadas, atividades extras, dentre outros servi\u00e7os. O roteiro vai variar segundo o desejo do consumidor e do que melhor atende suas necessidades dentro do quanto ele pode pagar, isso em qualquer tipo de pacote: nacionais e internacionais, individuais e coletivos\u201d. Precau\u00e7\u00e3o\u00a0\u2013 O titular do Procon-JP aconselha que o consumidor deve atentar para todos os detalhes do contrato, lendo todas as cl\u00e1usulas, para que tudo fique muito bem esclarecido. \u201c\u00c9 fundamental que sejam guardados os materiais publicit\u00e1rios do servi\u00e7o oferecido, para se garantir, caso haja descumprimento do que foi acordado no contrato, porque todo esse material pode ser usado se houver necessidade de reivindicar os direitos em \u00f3rg\u00e3os de defesa do consumidor. Inclusive, deve guardar as mensagens eletr\u00f4nicas trocadas durante a negocia\u00e7\u00e3o\u201d, salientou Helton Ren\u00ea. Confirma\u00e7\u00f5es\u00a0\u2013 O consumidor deve exigir as confirma\u00e7\u00f5es de reserva, passagem e demais servi\u00e7os por escrito, conferindo informa\u00e7\u00f5es de \u201ccheck-in\u201d,\u00a0\u201ccheck-out\u201d\u00a0e taxas. \u201cEssas confirma\u00e7\u00f5es servem tanto para a compra dos pacotes de turismo de forma presencial quanto pela internet. Tudo deve ser checado at\u00e9 a v\u00e9spera da viagem, pelo menos. Se a pessoa ficar atenta a tudo isso, \u00e9 s\u00f3 aproveitar a viagem e curtir os dias de folga\u201d, disse o secret\u00e1rio. Cancelamento\u00a0\u2013 Quando houver a necessidade de cancelamento da viagem, o consumidor deve faz\u00ea-lo por escrito, ficando alerta ao que diz o contrato e ao valor total do pacote, uma vez que a empresa poder\u00e1, nesse caso, cobrar multa.\u00a0\u201cAdianto que, quanto mais pr\u00f3ximo da viagem for a desist\u00eancia, maior poder\u00e1 ser o valor da multa a ser paga. Mas, se cancelamento partir da ag\u00eancia, ela dever\u00e1 restituir ao cliente o valor pago, preju\u00edzos financeiros e poss\u00edveis danos\u201d, informou o titular do Procon-JP. Fonte: Maispb\" \/>\n<meta property=\"og:url\" content=\"https:\/\/noticiasemdestaque.com\/cd\/?p=7066\" \/>\n<meta property=\"og:site_name\" content=\"Not&iacute;cias em Destaque\" \/>\n<meta property=\"article:published_time\" content=\"2018-01-02T11:40:07+00:00\" \/>\n<meta property=\"og:image\" content=\"https:\/\/noticiasemdestaque.com\/cd\/wp-content\/uploads\/2018\/01\/ferias.jpg\" \/>\n\t<meta property=\"og:image:width\" content=\"590\" \/>\n\t<meta property=\"og:image:height\" content=\"395\" \/>\n\t<meta property=\"og:image:type\" content=\"image\/jpeg\" \/>\n<meta name=\"author\" content=\"Not\u00edcias em Destaque\" \/>\n<meta name=\"twitter:card\" content=\"summary_large_image\" \/>\n<meta name=\"twitter:label1\" content=\"Escrito por\" \/>\n\t<meta name=\"twitter:data1\" content=\"Not\u00edcias em Destaque\" \/>\n\t<meta name=\"twitter:label2\" content=\"Est. tempo de leitura\" \/>\n\t<meta name=\"twitter:data2\" content=\"3 minutos\" \/>\n<script type=\"application\/ld+json\" class=\"yoast-schema-graph\">{\"@context\":\"https:\/\/schema.org\",\"@graph\":[{\"@type\":\"Article\",\"@id\":\"https:\/\/noticiasemdestaque.com\/cd\/?p=7066#article\",\"isPartOf\":{\"@id\":\"https:\/\/noticiasemdestaque.com\/cd\/?p=7066\"},\"author\":{\"name\":\"Not\u00edcias em Destaque\",\"@id\":\"https:\/\/noticiasemdestaque.com\/cd\/#\/schema\/person\/21320b03a7e8bb90128938dafc9b908a\"},\"headline\":\"Viagem de f\u00e9rias requer planejamento e aten\u00e7\u00e3o\",\"datePublished\":\"2018-01-02T11:40:07+00:00\",\"mainEntityOfPage\":{\"@id\":\"https:\/\/noticiasemdestaque.com\/cd\/?p=7066\"},\"wordCount\":667,\"publisher\":{\"@id\":\"https:\/\/noticiasemdestaque.com\/cd\/#organization\"},\"image\":{\"@id\":\"https:\/\/noticiasemdestaque.com\/cd\/?p=7066#primaryimage\"},\"thumbnailUrl\":\"https:\/\/noticiasemdestaque.com\/cd\/wp-content\/uploads\/2018\/01\/ferias.jpg\",\"articleSection\":[\"Economia\"],\"inLanguage\":\"pt-BR\"},{\"@type\":\"WebPage\",\"@id\":\"https:\/\/noticiasemdestaque.com\/cd\/?p=7066\",\"url\":\"https:\/\/noticiasemdestaque.com\/cd\/?p=7066\",\"name\":\"Viagem de f\u00e9rias requer planejamento e aten\u00e7\u00e3o - Not&iacute;cias em Destaque\",\"isPartOf\":{\"@id\":\"https:\/\/noticiasemdestaque.com\/cd\/#website\"},\"primaryImageOfPage\":{\"@id\":\"https:\/\/noticiasemdestaque.com\/cd\/?p=7066#primaryimage\"},\"image\":{\"@id\":\"https:\/\/noticiasemdestaque.com\/cd\/?p=7066#primaryimage\"},\"thumbnailUrl\":\"https:\/\/noticiasemdestaque.com\/cd\/wp-content\/uploads\/2018\/01\/ferias.jpg\",\"datePublished\":\"2018-01-02T11:40:07+00:00\",\"breadcrumb\":{\"@id\":\"https:\/\/noticiasemdestaque.com\/cd\/?p=7066#breadcrumb\"},\"inLanguage\":\"pt-BR\",\"potentialAction\":[{\"@type\":\"ReadAction\",\"target\":[\"https:\/\/noticiasemdestaque.com\/cd\/?p=7066\"]}]},{\"@type\":\"ImageObject\",\"inLanguage\":\"pt-BR\",\"@id\":\"https:\/\/noticiasemdestaque.com\/cd\/?p=7066#primaryimage\",\"url\":\"https:\/\/noticiasemdestaque.com\/cd\/wp-content\/uploads\/2018\/01\/ferias.jpg\",\"contentUrl\":\"https:\/\/noticiasemdestaque.com\/cd\/wp-content\/uploads\/2018\/01\/ferias.jpg\",\"width\":590,\"height\":395},{\"@type\":\"BreadcrumbList\",\"@id\":\"https:\/\/noticiasemdestaque.com\/cd\/?p=7066#breadcrumb\",\"itemListElement\":[{\"@type\":\"ListItem\",\"position\":1,\"name\":\"In\u00edcio\",\"item\":\"https:\/\/noticiasemdestaque.com\/cd\/\"},{\"@type\":\"ListItem\",\"position\":2,\"name\":\"Viagem de f\u00e9rias requer planejamento e aten\u00e7\u00e3o\"}]},{\"@type\":\"WebSite\",\"@id\":\"https:\/\/noticiasemdestaque.com\/cd\/#website\",\"url\":\"https:\/\/noticiasemdestaque.com\/cd\/\",\"name\":\"Not&iacute;cias em Destaque\",\"description\":\"\",\"publisher\":{\"@id\":\"https:\/\/noticiasemdestaque.com\/cd\/#organization\"},\"potentialAction\":[{\"@type\":\"SearchAction\",\"target\":{\"@type\":\"EntryPoint\",\"urlTemplate\":\"https:\/\/noticiasemdestaque.com\/cd\/?s={search_term_string}\"},\"query-input\":{\"@type\":\"PropertyValueSpecification\",\"valueRequired\":true,\"valueName\":\"search_term_string\"}}],\"inLanguage\":\"pt-BR\"},{\"@type\":\"Organization\",\"@id\":\"https:\/\/noticiasemdestaque.com\/cd\/#organization\",\"name\":\"Not\u00edcias em Destaque\",\"url\":\"https:\/\/noticiasemdestaque.com\/cd\/\",\"logo\":{\"@type\":\"ImageObject\",\"inLanguage\":\"pt-BR\",\"@id\":\"https:\/\/noticiasemdestaque.com\/cd\/#\/schema\/logo\/image\/\",\"url\":\"https:\/\/noticiasemdestaque.com\/cd\/wp-content\/uploads\/2022\/05\/imagem-base-noticiasemdestaque.png\",\"contentUrl\":\"https:\/\/noticiasemdestaque.com\/cd\/wp-content\/uploads\/2022\/05\/imagem-base-noticiasemdestaque.png\",\"width\":1200,\"height\":630,\"caption\":\"Not\u00edcias em Destaque\"},\"image\":{\"@id\":\"https:\/\/noticiasemdestaque.com\/cd\/#\/schema\/logo\/image\/\"}},{\"@type\":\"Person\",\"@id\":\"https:\/\/noticiasemdestaque.com\/cd\/#\/schema\/person\/21320b03a7e8bb90128938dafc9b908a\",\"name\":\"Not\u00edcias em Destaque\",\"url\":\"https:\/\/noticiasemdestaque.com\/cd\/?author=2\"}]}<\/script>\n<!-- \/ Yoast SEO plugin. -->","yoast_head_json":{"title":"Viagem de f\u00e9rias requer planejamento e aten\u00e7\u00e3o - Not&iacute;cias em Destaque","robots":{"index":"index","follow":"follow","max-snippet":"max-snippet:-1","max-image-preview":"max-image-preview:large","max-video-preview":"max-video-preview:-1"},"canonical":"https:\/\/noticiasemdestaque.com\/cd\/?p=7066","og_locale":"pt_BR","og_type":"article","og_title":"Viagem de f\u00e9rias requer planejamento e aten\u00e7\u00e3o - Not&iacute;cias em Destaque","og_description":"Quem pretende aproveitar o per\u00edodo das f\u00e9rias do in\u00edcio do ano para viajar, deve ficar alerta para duas situa\u00e7\u00f5es: planejar o destino e o or\u00e7amento da viagem com anteced\u00eancia para n\u00e3o tomar decis\u00f5es \u2018em cima da hora\u2019 e tamb\u00e9m ficar atento para as promo\u00e7\u00f5es vantajosas de pacotes das ag\u00eancias de viagens. Como forma de orientar o consumidor, a Secretaria Municipal de Prote\u00e7\u00e3o e Defesa do Consumidor (Procon-JP) d\u00e1 dicas de como organizar a viagem. O primeiro passo \u00e9 o planejamento do or\u00e7amento dom\u00e9stico considerando o dinheiro dispon\u00edvel ap\u00f3s o pagamento das contas de praxe do in\u00edcio do ano, a exemplo de impostos e material escolar. Se o or\u00e7amento ficar muito apertado, o conselho do Secret\u00e1rio do Procon-JP, Helton Ren\u00ea, \u00e9 que o consumidor reduza o tempo da viagem ou at\u00e9 mesmo mude o roteiro, escolhendo um local mais perto de casa, com destino mais barato. Para ele, o \u201cimportante \u00e9 que as pessoas se divirtam, aproveitando o per\u00edodo das f\u00e9rias escolares dos filhos em conson\u00e2ncia com a folga do trabalho dos pais. Como o lazer \u00e9 uma quest\u00e3o de sa\u00fade, deve entrar, inclusive, como necessidade no or\u00e7amento dom\u00e9stico. Da\u00ed a import\u00e2ncia do planejamento, porque fica dif\u00edcil se divertir pensando nas contas que se tem a pagar\u201d, aconselha. Pacotes\u00a0\u2013 Outro ponto a ser ponderado \u00e9 quanto \u00e0s viagens que j\u00e1 foram programadas e para quem at\u00e9 j\u00e1 efetuou o pagamento. Para o consumidor que j\u00e1 se programou e efetivou pagamento de algum pacote atrav\u00e9s de ag\u00eancia de turismo, deve observar se a empresa est\u00e1 regularmente cadastrada no Minist\u00e9rio do Turismo. Helton Ren\u00ea salienta que esse cadastro promove o ordenamento, a formaliza\u00e7\u00e3o e a legaliza\u00e7\u00e3o dos prestadores de servi\u00e7os tur\u00edsticos no Brasil. \u201cDessa maneira, o consumidor pode checar se a ag\u00eancia atende as normas e est\u00e1 legalmente apta para atuar nesse segmento\u201d. Promo\u00e7\u00f5es\u00a0\u2013 Outra aten\u00e7\u00e3o \u00e9 quanto \u00e0s promo\u00e7\u00f5es de pacotes de viagens. \u201cGeralmente os pacotes oferecidos pelas ag\u00eancias de viagem incluem transporte, hospedagem, passeio tur\u00edstico, caminhadas, atividades extras, dentre outros servi\u00e7os. O roteiro vai variar segundo o desejo do consumidor e do que melhor atende suas necessidades dentro do quanto ele pode pagar, isso em qualquer tipo de pacote: nacionais e internacionais, individuais e coletivos\u201d. Precau\u00e7\u00e3o\u00a0\u2013 O titular do Procon-JP aconselha que o consumidor deve atentar para todos os detalhes do contrato, lendo todas as cl\u00e1usulas, para que tudo fique muito bem esclarecido. \u201c\u00c9 fundamental que sejam guardados os materiais publicit\u00e1rios do servi\u00e7o oferecido, para se garantir, caso haja descumprimento do que foi acordado no contrato, porque todo esse material pode ser usado se houver necessidade de reivindicar os direitos em \u00f3rg\u00e3os de defesa do consumidor. Inclusive, deve guardar as mensagens eletr\u00f4nicas trocadas durante a negocia\u00e7\u00e3o\u201d, salientou Helton Ren\u00ea. Confirma\u00e7\u00f5es\u00a0\u2013 O consumidor deve exigir as confirma\u00e7\u00f5es de reserva, passagem e demais servi\u00e7os por escrito, conferindo informa\u00e7\u00f5es de \u201ccheck-in\u201d,\u00a0\u201ccheck-out\u201d\u00a0e taxas. \u201cEssas confirma\u00e7\u00f5es servem tanto para a compra dos pacotes de turismo de forma presencial quanto pela internet. Tudo deve ser checado at\u00e9 a v\u00e9spera da viagem, pelo menos. Se a pessoa ficar atenta a tudo isso, \u00e9 s\u00f3 aproveitar a viagem e curtir os dias de folga\u201d, disse o secret\u00e1rio. Cancelamento\u00a0\u2013 Quando houver a necessidade de cancelamento da viagem, o consumidor deve faz\u00ea-lo por escrito, ficando alerta ao que diz o contrato e ao valor total do pacote, uma vez que a empresa poder\u00e1, nesse caso, cobrar multa.\u00a0\u201cAdianto que, quanto mais pr\u00f3ximo da viagem for a desist\u00eancia, maior poder\u00e1 ser o valor da multa a ser paga. Mas, se cancelamento partir da ag\u00eancia, ela dever\u00e1 restituir ao cliente o valor pago, preju\u00edzos financeiros e poss\u00edveis danos\u201d, informou o titular do Procon-JP. Fonte: Maispb","og_url":"https:\/\/noticiasemdestaque.com\/cd\/?p=7066","og_site_name":"Not&iacute;cias em Destaque","article_published_time":"2018-01-02T11:40:07+00:00","og_image":[{"width":590,"height":395,"url":"https:\/\/noticiasemdestaque.com\/cd\/wp-content\/uploads\/2018\/01\/ferias.jpg","type":"image\/jpeg"}],"author":"Not\u00edcias em Destaque","twitter_card":"summary_large_image","twitter_misc":{"Escrito por":"Not\u00edcias em Destaque","Est. tempo de leitura":"3 minutos"},"schema":{"@context":"https:\/\/schema.org","@graph":[{"@type":"Article","@id":"https:\/\/noticiasemdestaque.com\/cd\/?p=7066#article","isPartOf":{"@id":"https:\/\/noticiasemdestaque.com\/cd\/?p=7066"},"author":{"name":"Not\u00edcias em Destaque","@id":"https:\/\/noticiasemdestaque.com\/cd\/#\/schema\/person\/21320b03a7e8bb90128938dafc9b908a"},"headline":"Viagem de f\u00e9rias requer planejamento e aten\u00e7\u00e3o","datePublished":"2018-01-02T11:40:07+00:00","mainEntityOfPage":{"@id":"https:\/\/noticiasemdestaque.com\/cd\/?p=7066"},"wordCount":667,"publisher":{"@id":"https:\/\/noticiasemdestaque.com\/cd\/#organization"},"image":{"@id":"https:\/\/noticiasemdestaque.com\/cd\/?p=7066#primaryimage"},"thumbnailUrl":"https:\/\/noticiasemdestaque.com\/cd\/wp-content\/uploads\/2018\/01\/ferias.jpg","articleSection":["Economia"],"inLanguage":"pt-BR"},{"@type":"WebPage","@id":"https:\/\/noticiasemdestaque.com\/cd\/?p=7066","url":"https:\/\/noticiasemdestaque.com\/cd\/?p=7066","name":"Viagem de f\u00e9rias requer planejamento e aten\u00e7\u00e3o - Not&iacute;cias em Destaque","isPartOf":{"@id":"https:\/\/noticiasemdestaque.com\/cd\/#website"},"primaryImageOfPage":{"@id":"https:\/\/noticiasemdestaque.com\/cd\/?p=7066#primaryimage"},"image":{"@id":"https:\/\/noticiasemdestaque.com\/cd\/?p=7066#primaryimage"},"thumbnailUrl":"https:\/\/noticiasemdestaque.com\/cd\/wp-content\/uploads\/2018\/01\/ferias.jpg","datePublished":"2018-01-02T11:40:07+00:00","breadcrumb":{"@id":"https:\/\/noticiasemdestaque.com\/cd\/?p=7066#breadcrumb"},"inLanguage":"pt-BR","potentialAction":[{"@type":"ReadAction","target":["https:\/\/noticiasemdestaque.com\/cd\/?p=7066"]}]},{"@type":"ImageObject","inLanguage":"pt-BR","@id":"https:\/\/noticiasemdestaque.com\/cd\/?p=7066#primaryimage","url":"https:\/\/noticiasemdestaque.com\/cd\/wp-content\/uploads\/2018\/01\/ferias.jpg","contentUrl":"https:\/\/noticiasemdestaque.com\/cd\/wp-content\/uploads\/2018\/01\/ferias.jpg","width":590,"height":395},{"@type":"BreadcrumbList","@id":"https:\/\/noticiasemdestaque.com\/cd\/?p=7066#breadcrumb","itemListElement":[{"@type":"ListItem","position":1,"name":"In\u00edcio","item":"https:\/\/noticiasemdestaque.com\/cd\/"},{"@type":"ListItem","position":2,"name":"Viagem de f\u00e9rias requer planejamento e aten\u00e7\u00e3o"}]},{"@type":"WebSite","@id":"https:\/\/noticiasemdestaque.com\/cd\/#website","url":"https:\/\/noticiasemdestaque.com\/cd\/","name":"Not&iacute;cias em Destaque","description":"","publisher":{"@id":"https:\/\/noticiasemdestaque.com\/cd\/#organization"},"potentialAction":[{"@type":"SearchAction","target":{"@type":"EntryPoint","urlTemplate":"https:\/\/noticiasemdestaque.com\/cd\/?s={search_term_string}"},"query-input":{"@type":"PropertyValueSpecification","valueRequired":true,"valueName":"search_term_string"}}],"inLanguage":"pt-BR"},{"@type":"Organization","@id":"https:\/\/noticiasemdestaque.com\/cd\/#organization","name":"Not\u00edcias em Destaque","url":"https:\/\/noticiasemdestaque.com\/cd\/","logo":{"@type":"ImageObject","inLanguage":"pt-BR","@id":"https:\/\/noticiasemdestaque.com\/cd\/#\/schema\/logo\/image\/","url":"https:\/\/noticiasemdestaque.com\/cd\/wp-content\/uploads\/2022\/05\/imagem-base-noticiasemdestaque.png","contentUrl":"https:\/\/noticiasemdestaque.com\/cd\/wp-content\/uploads\/2022\/05\/imagem-base-noticiasemdestaque.png","width":1200,"height":630,"caption":"Not\u00edcias em Destaque"},"image":{"@id":"https:\/\/noticiasemdestaque.com\/cd\/#\/schema\/logo\/image\/"}},{"@type":"Person","@id":"https:\/\/noticiasemdestaque.com\/cd\/#\/schema\/person\/21320b03a7e8bb90128938dafc9b908a","name":"Not\u00edcias em Destaque","url":"https:\/\/noticiasemdestaque.com\/cd\/?author=2"}]}},"jetpack_featured_media_url":"https:\/\/noticiasemdestaque.com\/cd\/wp-content\/uploads\/2018\/01\/ferias.jpg","jetpack_sharing_enabled":true,"_links":{"self":[{"href":"https:\/\/noticiasemdestaque.com\/cd\/index.php?rest_route=\/wp\/v2\/posts\/7066","targetHints":{"allow":["GET"]}}],"collection":[{"href":"https:\/\/noticiasemdestaque.com\/cd\/index.php?rest_route=\/wp\/v2\/posts"}],"about":[{"href":"https:\/\/noticiasemdestaque.com\/cd\/index.php?rest_route=\/wp\/v2\/types\/post"}],"author":[{"embeddable":true,"href":"https:\/\/noticiasemdestaque.com\/cd\/index.php?rest_route=\/wp\/v2\/users\/2"}],"replies":[{"embeddable":true,"href":"https:\/\/noticiasemdestaque.com\/cd\/index.php?rest_route=%2Fwp%2Fv2%2Fcomments&post=7066"}],"version-history":[{"count":1,"href":"https:\/\/noticiasemdestaque.com\/cd\/index.php?rest_route=\/wp\/v2\/posts\/7066\/revisions"}],"predecessor-version":[{"id":7068,"href":"https:\/\/noticiasemdestaque.com\/cd\/index.php?rest_route=\/wp\/v2\/posts\/7066\/revisions\/7068"}],"wp:featuredmedia":[{"embeddable":true,"href":"https:\/\/noticiasemdestaque.com\/cd\/index.php?rest_route=\/wp\/v2\/media\/7067"}],"wp:attachment":[{"href":"https:\/\/noticiasemdestaque.com\/cd\/index.php?rest_route=%2Fwp%2Fv2%2Fmedia&parent=7066"}],"wp:term":[{"taxonomy":"category","embeddable":true,"href":"https:\/\/noticiasemdestaque.com\/cd\/index.php?rest_route=%2Fwp%2Fv2%2Fcategories&post=7066"},{"taxonomy":"post_tag","embeddable":true,"href":"https:\/\/noticiasemdestaque.com\/cd\/index.php?rest_route=%2Fwp%2Fv2%2Ftags&post=7066"}],"curies":[{"name":"wp","href":"https:\/\/api.w.org\/{rel}","templated":true}]}}