{"id":7063,"date":"2018-01-02T08:37:09","date_gmt":"2018-01-02T11:37:09","guid":{"rendered":"http:\/\/caririemdestaque.com\/cd\/?p=7063"},"modified":"2018-01-02T08:37:09","modified_gmt":"2018-01-02T11:37:09","slug":"estudo-mostra-que-o-brasil-tem-a-segunda-pior-conectividade-nas-escolas","status":"publish","type":"post","link":"https:\/\/noticiasemdestaque.com\/cd\/?p=7063","title":{"rendered":"Estudo mostra que o Brasil tem a segunda pior conectividade nas escolas"},"content":{"rendered":"<p><a class=\"single-image-gallery\" href=\"http:\/\/www.blogdogordinho.com.br\/metade-da-populacao-brasileira-nao-tem-acesso-a-internet\/computador-original\/\" rel=\"attachment wp-att-80258\"><img fetchpriority=\"high\" decoding=\"async\" class=\"alignleft size-medium wp-image-80258\" src=\"https:\/\/i2.wp.com\/www.blogdogordinho.com.br\/site\/wp-content\/uploads\/2016\/01\/computador-original.jpeg?resize=300%2C169\" sizes=\"(max-width: 300px) 100vw, 300px\" srcset=\"https:\/\/i2.wp.com\/www.blogdogordinho.com.br\/site\/wp-content\/uploads\/2016\/01\/computador-original.jpeg?resize=300%2C169 300w, https:\/\/i2.wp.com\/www.blogdogordinho.com.br\/site\/wp-content\/uploads\/2016\/01\/computador-original.jpeg?w=690 690w\" alt=\"\" width=\"300\" height=\"169\" data-attachment-id=\"80258\" data-permalink=\"http:\/\/www.blogdogordinho.com.br\/metade-da-populacao-brasileira-nao-tem-acesso-a-internet\/computador-original\/\" data-orig-file=\"https:\/\/i2.wp.com\/www.blogdogordinho.com.br\/site\/wp-content\/uploads\/2016\/01\/computador-original.jpeg?fit=690%2C389\" data-orig-size=\"690,389\" data-comments-opened=\"1\" data-image-meta=\"{&quot;aperture&quot;:&quot;0&quot;,&quot;credit&quot;:&quot;&quot;,&quot;camera&quot;:&quot;&quot;,&quot;caption&quot;:&quot;&quot;,&quot;created_timestamp&quot;:&quot;0&quot;,&quot;copyright&quot;:&quot;&quot;,&quot;focal_length&quot;:&quot;0&quot;,&quot;iso&quot;:&quot;0&quot;,&quot;shutter_speed&quot;:&quot;0&quot;,&quot;title&quot;:&quot;&quot;,&quot;orientation&quot;:&quot;0&quot;}\" data-image-title=\"computador-original\" data-image-description=\"\" data-medium-file=\"https:\/\/i2.wp.com\/www.blogdogordinho.com.br\/site\/wp-content\/uploads\/2016\/01\/computador-original.jpeg?fit=300%2C169\" data-large-file=\"https:\/\/i2.wp.com\/www.blogdogordinho.com.br\/site\/wp-content\/uploads\/2016\/01\/computador-original.jpeg?fit=690%2C389\" data-lazy-loaded=\"true\" \/><\/a>Um estudo organizado pelo Iede (Interdisciplinaridade e Evid\u00eancias no Debate Educacional), com base em dados do Programa Internacional de Avalia\u00e7\u00e3o de Alunos (Pisa) de 2015, mostra que o Brasil tem a segunda pior conectividade nas escolas entre os pa\u00edses que participaram do levantamento.<\/p>\n<p>Segundo a an\u00e1lise, 28,3% dos estudantes do Brasil afirmaram que t\u00eam acesso a computadores com internet nas escolas. A porcentagem perde apenas para a Rep\u00fablica Dominicana, com 28,18%. A m\u00e9dia de conex\u00e3o dos pa\u00edses da Organiza\u00e7\u00e3o para a Coopera\u00e7\u00e3o e Desenvolvimento Econ\u00f4mico (OCDE), \u00e9 de 55,9%.<\/p>\n<p>Ao fazer o Pisa, os estudantes respondem a perguntas sobre a exist\u00eancia e o uso de computadores nas escolas, al\u00e9m do acesso \u00e0 internet. Quando perguntados se a escola tem computadores, 20,19% dos alunos responderam que a escola possui o equipamento, mas ele n\u00e3o utiliza. Outros 28,69% disseram que usam o computador e 26,48% responderam que a escola n\u00e3o tem o equipamento.<\/p>\n<p>Outro dado apontado pela pesquisa \u00e9 que os estudantes utilizam a internet mais fora do que dentro da escola. No Brasil, 37,65% dos estudantes dizem que n\u00e3o usam a internet na escola. No entanto, o question\u00e1rio mostra que, fora de casa, 6,6% dos alunos n\u00e3o acessam a rede mundial de computadores durante a semana, e a maior parte (25,89%) acessa a internet mais de 6 horas por dia. Quando analisada a conex\u00e3o sem fio, a porcentagem de estudantes brasileiros que afirmam us\u00e1-la na escola chega a 29,21%, mas o pa\u00eds aparece no ranking com a quinta menor porcentagem entre os pa\u00edses analisados.<\/p>\n<p>\u201cPela internet, \u00e9 poss\u00edvel acessar informa\u00e7\u00f5es, not\u00edcias, servi\u00e7os. Alunos que n\u00e3o t\u00eam acesso a esse tipo de infraestrutura n\u00e3o est\u00e3o sendo educados a us\u00e1-la de forma cidad\u00e3\u201d, diz o coordenador de Pol\u00edticas Educacionais da Funda\u00e7\u00e3o Lemann, Lucas Rocha.<\/p>\n<p><strong>Pisa<\/strong><\/p>\n<p>O Pisa avalia estudantes em rela\u00e7\u00e3o a conte\u00fados de matem\u00e1tica, portugu\u00eas e ci\u00eancias. \u00c9 aplicado a estudantes de 15 anos de idade dos 35 pa\u00edses-membros da OCDE e 35 na\u00e7\u00f5es parceiras da organiza\u00e7\u00e3o, como o Brasil. Em 2015 foi aplicado a 540 mil estudantes que, por amostragem, representam os 29 milh\u00f5es de estudantes.<\/p>\n<p>No Brasil, de acordo com o Instituto Nacional de Estudos e Pesquisas Educacionais An\u00edsio Teixeira (Inep), participaram 23.141 estudantes de 841 escolas.<\/p>\n<p><strong>Pol\u00edtica de educa\u00e7\u00e3o conectada<\/strong><\/p>\n<p>Em novembro, o governo lan\u00e7ou a Pol\u00edtica de Inova\u00e7\u00e3o Educa\u00e7\u00e3o Conectada, com o objetivo de universalizar o acesso \u00e0 internet de alta velocidade nas escolas, a forma\u00e7\u00e3o de professores para pr\u00e1ticas pedag\u00f3gicas mediadas pelas novas tecnologias e o uso de conte\u00fados educacionais digitais em sala.<\/p>\n<p>Segundo o Minist\u00e9rio da Educa\u00e7\u00e3o (MEC), mais de 50% dos munic\u00edpios brasileiros j\u00e1 aderiram \u00e0 pol\u00edtica. A meta \u00e9 que, at\u00e9 o fim de 2018, 22,4 mil escolas, urbanas e rurais, recebam conex\u00e3o de alta velocidade. O processo ser\u00e1 conclu\u00eddo em todas as demais escolas p\u00fablicas at\u00e9 2024.<\/p>\n<p>Durante a fase de indu\u00e7\u00e3o da a\u00e7\u00e3o, at\u00e9 o fim de 2018, o MEC deve investir R$ 271 milh\u00f5es, especialmente em a\u00e7\u00f5es para melhoria da infraestrutura e conex\u00e3o das escolas, o que inclui a amplia\u00e7\u00e3o da rede terrestre de banda larga, servi\u00e7os de conectividade, infraestrutura de wi-fi, compra de dispositivos e aquisi\u00e7\u00e3o de um sat\u00e9lite que vai levar internet a escolas da zona rural.<\/p>\n<p>Fonte: Ag\u00eancia Brasil<\/p>\n","protected":false},"excerpt":{"rendered":"<p>Um estudo organizado pelo Iede (Interdisciplinaridade e Evid\u00eancias no Debate Educacional), com base em dados do Programa Internacional de Avalia\u00e7\u00e3o de Alunos (Pisa) de 2015, mostra que o Brasil tem a segunda pior conectividade nas escolas entre os pa\u00edses que participaram do levantamento. Segundo a an\u00e1lise, 28,3% dos estudantes do Brasil afirmaram que t\u00eam acesso a computadores com internet nas escolas. A porcentagem perde apenas para a Rep\u00fablica Dominicana, com 28,18%. A m\u00e9dia de conex\u00e3o dos pa\u00edses da Organiza\u00e7\u00e3o para a Coopera\u00e7\u00e3o e Desenvolvimento Econ\u00f4mico (OCDE), \u00e9 de 55,9%. Ao fazer o Pisa, os estudantes respondem a perguntas sobre a exist\u00eancia e o uso de computadores nas escolas, al\u00e9m do acesso \u00e0 internet. Quando perguntados se a escola tem computadores, 20,19% dos alunos responderam que a escola possui o equipamento, mas ele n\u00e3o utiliza. Outros 28,69% disseram que usam o computador e 26,48% responderam que a escola n\u00e3o tem o equipamento. Outro dado apontado pela pesquisa \u00e9 que os estudantes utilizam a internet mais fora do que dentro da escola. No Brasil, 37,65% dos estudantes dizem que n\u00e3o usam a internet na escola. No entanto, o question\u00e1rio mostra que, fora de casa, 6,6% dos alunos n\u00e3o acessam a rede mundial de computadores durante a semana, e a maior parte (25,89%) acessa a internet mais de 6 horas por dia. Quando analisada a conex\u00e3o sem fio, a porcentagem de estudantes brasileiros que afirmam us\u00e1-la na escola chega a 29,21%, mas o pa\u00eds aparece no ranking com a quinta menor porcentagem entre os pa\u00edses analisados. \u201cPela internet, \u00e9 poss\u00edvel acessar informa\u00e7\u00f5es, not\u00edcias, servi\u00e7os. Alunos que n\u00e3o t\u00eam acesso a esse tipo de infraestrutura n\u00e3o est\u00e3o sendo educados a us\u00e1-la de forma cidad\u00e3\u201d, diz o coordenador de Pol\u00edticas Educacionais da Funda\u00e7\u00e3o Lemann, Lucas Rocha. Pisa O Pisa avalia estudantes em rela\u00e7\u00e3o a conte\u00fados de matem\u00e1tica, portugu\u00eas e ci\u00eancias. \u00c9 aplicado a estudantes de 15 anos de idade dos 35 pa\u00edses-membros da OCDE e 35 na\u00e7\u00f5es parceiras da organiza\u00e7\u00e3o, como o Brasil. Em 2015 foi aplicado a 540 mil estudantes que, por amostragem, representam os 29 milh\u00f5es de estudantes. No Brasil, de acordo com o Instituto Nacional de Estudos e Pesquisas Educacionais An\u00edsio Teixeira (Inep), participaram 23.141 estudantes de 841 escolas. Pol\u00edtica de educa\u00e7\u00e3o conectada Em novembro, o governo lan\u00e7ou a Pol\u00edtica de Inova\u00e7\u00e3o Educa\u00e7\u00e3o Conectada, com o objetivo de universalizar o acesso \u00e0 internet de alta velocidade nas escolas, a forma\u00e7\u00e3o de professores para pr\u00e1ticas pedag\u00f3gicas mediadas pelas novas tecnologias e o uso de conte\u00fados educacionais digitais em sala. Segundo o Minist\u00e9rio da Educa\u00e7\u00e3o (MEC), mais de 50% dos munic\u00edpios brasileiros j\u00e1 aderiram \u00e0 pol\u00edtica. A meta \u00e9 que, at\u00e9 o fim de 2018, 22,4 mil escolas, urbanas e rurais, recebam conex\u00e3o de alta velocidade. O processo ser\u00e1 conclu\u00eddo em todas as demais escolas p\u00fablicas at\u00e9 2024. Durante a fase de indu\u00e7\u00e3o da a\u00e7\u00e3o, at\u00e9 o fim de 2018, o MEC deve investir R$ 271 milh\u00f5es, especialmente em a\u00e7\u00f5es para melhoria da infraestrutura e conex\u00e3o das escolas, o que inclui a amplia\u00e7\u00e3o da rede terrestre de banda larga, servi\u00e7os de conectividade, infraestrutura de wi-fi, compra de dispositivos e aquisi\u00e7\u00e3o de um sat\u00e9lite que vai levar internet a escolas da zona rural. Fonte: Ag\u00eancia Brasil<\/p>\n","protected":false},"author":2,"featured_media":7064,"comment_status":"closed","ping_status":"open","sticky":false,"template":"","format":"standard","meta":{"_eb_attr":"","_jetpack_memberships_contains_paid_content":false,"footnotes":""},"categories":[6],"tags":[],"class_list":["post-7063","post","type-post","status-publish","format-standard","has-post-thumbnail","hentry","category-educacao"],"yoast_head":"<!-- This site is optimized with the Yoast SEO plugin v26.5 - https:\/\/yoast.com\/wordpress\/plugins\/seo\/ -->\n<title>Estudo mostra que o Brasil tem a segunda pior conectividade nas escolas - Not&iacute;cias em Destaque<\/title>\n<meta name=\"robots\" content=\"index, follow, max-snippet:-1, max-image-preview:large, max-video-preview:-1\" \/>\n<link rel=\"canonical\" href=\"https:\/\/noticiasemdestaque.com\/cd\/?p=7063\" \/>\n<meta property=\"og:locale\" content=\"pt_BR\" \/>\n<meta property=\"og:type\" content=\"article\" \/>\n<meta property=\"og:title\" content=\"Estudo mostra que o Brasil tem a segunda pior conectividade nas escolas - Not&iacute;cias em Destaque\" \/>\n<meta property=\"og:description\" content=\"Um estudo organizado pelo Iede (Interdisciplinaridade e Evid\u00eancias no Debate Educacional), com base em dados do Programa Internacional de Avalia\u00e7\u00e3o de Alunos (Pisa) de 2015, mostra que o Brasil tem a segunda pior conectividade nas escolas entre os pa\u00edses que participaram do levantamento. Segundo a an\u00e1lise, 28,3% dos estudantes do Brasil afirmaram que t\u00eam acesso a computadores com internet nas escolas. A porcentagem perde apenas para a Rep\u00fablica Dominicana, com 28,18%. A m\u00e9dia de conex\u00e3o dos pa\u00edses da Organiza\u00e7\u00e3o para a Coopera\u00e7\u00e3o e Desenvolvimento Econ\u00f4mico (OCDE), \u00e9 de 55,9%. Ao fazer o Pisa, os estudantes respondem a perguntas sobre a exist\u00eancia e o uso de computadores nas escolas, al\u00e9m do acesso \u00e0 internet. Quando perguntados se a escola tem computadores, 20,19% dos alunos responderam que a escola possui o equipamento, mas ele n\u00e3o utiliza. Outros 28,69% disseram que usam o computador e 26,48% responderam que a escola n\u00e3o tem o equipamento. Outro dado apontado pela pesquisa \u00e9 que os estudantes utilizam a internet mais fora do que dentro da escola. No Brasil, 37,65% dos estudantes dizem que n\u00e3o usam a internet na escola. No entanto, o question\u00e1rio mostra que, fora de casa, 6,6% dos alunos n\u00e3o acessam a rede mundial de computadores durante a semana, e a maior parte (25,89%) acessa a internet mais de 6 horas por dia. Quando analisada a conex\u00e3o sem fio, a porcentagem de estudantes brasileiros que afirmam us\u00e1-la na escola chega a 29,21%, mas o pa\u00eds aparece no ranking com a quinta menor porcentagem entre os pa\u00edses analisados. \u201cPela internet, \u00e9 poss\u00edvel acessar informa\u00e7\u00f5es, not\u00edcias, servi\u00e7os. Alunos que n\u00e3o t\u00eam acesso a esse tipo de infraestrutura n\u00e3o est\u00e3o sendo educados a us\u00e1-la de forma cidad\u00e3\u201d, diz o coordenador de Pol\u00edticas Educacionais da Funda\u00e7\u00e3o Lemann, Lucas Rocha. Pisa O Pisa avalia estudantes em rela\u00e7\u00e3o a conte\u00fados de matem\u00e1tica, portugu\u00eas e ci\u00eancias. \u00c9 aplicado a estudantes de 15 anos de idade dos 35 pa\u00edses-membros da OCDE e 35 na\u00e7\u00f5es parceiras da organiza\u00e7\u00e3o, como o Brasil. Em 2015 foi aplicado a 540 mil estudantes que, por amostragem, representam os 29 milh\u00f5es de estudantes. No Brasil, de acordo com o Instituto Nacional de Estudos e Pesquisas Educacionais An\u00edsio Teixeira (Inep), participaram 23.141 estudantes de 841 escolas. Pol\u00edtica de educa\u00e7\u00e3o conectada Em novembro, o governo lan\u00e7ou a Pol\u00edtica de Inova\u00e7\u00e3o Educa\u00e7\u00e3o Conectada, com o objetivo de universalizar o acesso \u00e0 internet de alta velocidade nas escolas, a forma\u00e7\u00e3o de professores para pr\u00e1ticas pedag\u00f3gicas mediadas pelas novas tecnologias e o uso de conte\u00fados educacionais digitais em sala. Segundo o Minist\u00e9rio da Educa\u00e7\u00e3o (MEC), mais de 50% dos munic\u00edpios brasileiros j\u00e1 aderiram \u00e0 pol\u00edtica. A meta \u00e9 que, at\u00e9 o fim de 2018, 22,4 mil escolas, urbanas e rurais, recebam conex\u00e3o de alta velocidade. O processo ser\u00e1 conclu\u00eddo em todas as demais escolas p\u00fablicas at\u00e9 2024. Durante a fase de indu\u00e7\u00e3o da a\u00e7\u00e3o, at\u00e9 o fim de 2018, o MEC deve investir R$ 271 milh\u00f5es, especialmente em a\u00e7\u00f5es para melhoria da infraestrutura e conex\u00e3o das escolas, o que inclui a amplia\u00e7\u00e3o da rede terrestre de banda larga, servi\u00e7os de conectividade, infraestrutura de wi-fi, compra de dispositivos e aquisi\u00e7\u00e3o de um sat\u00e9lite que vai levar internet a escolas da zona rural. Fonte: Ag\u00eancia Brasil\" \/>\n<meta property=\"og:url\" content=\"https:\/\/noticiasemdestaque.com\/cd\/?p=7063\" \/>\n<meta property=\"og:site_name\" content=\"Not&iacute;cias em Destaque\" \/>\n<meta property=\"article:published_time\" content=\"2018-01-02T11:37:09+00:00\" \/>\n<meta property=\"og:image\" content=\"https:\/\/noticiasemdestaque.com\/cd\/wp-content\/uploads\/2018\/01\/computador-original.jpeg\" \/>\n\t<meta property=\"og:image:width\" content=\"690\" \/>\n\t<meta property=\"og:image:height\" content=\"389\" \/>\n\t<meta property=\"og:image:type\" content=\"image\/jpeg\" \/>\n<meta name=\"author\" content=\"Not\u00edcias em Destaque\" \/>\n<meta name=\"twitter:card\" content=\"summary_large_image\" \/>\n<meta name=\"twitter:label1\" content=\"Escrito por\" \/>\n\t<meta name=\"twitter:data1\" content=\"Not\u00edcias em Destaque\" \/>\n\t<meta name=\"twitter:label2\" content=\"Est. tempo de leitura\" \/>\n\t<meta name=\"twitter:data2\" content=\"3 minutos\" \/>\n<script type=\"application\/ld+json\" class=\"yoast-schema-graph\">{\"@context\":\"https:\/\/schema.org\",\"@graph\":[{\"@type\":\"Article\",\"@id\":\"https:\/\/noticiasemdestaque.com\/cd\/?p=7063#article\",\"isPartOf\":{\"@id\":\"https:\/\/noticiasemdestaque.com\/cd\/?p=7063\"},\"author\":{\"name\":\"Not\u00edcias em Destaque\",\"@id\":\"https:\/\/noticiasemdestaque.com\/cd\/#\/schema\/person\/21320b03a7e8bb90128938dafc9b908a\"},\"headline\":\"Estudo mostra que o Brasil tem a segunda pior conectividade nas escolas\",\"datePublished\":\"2018-01-02T11:37:09+00:00\",\"mainEntityOfPage\":{\"@id\":\"https:\/\/noticiasemdestaque.com\/cd\/?p=7063\"},\"wordCount\":580,\"publisher\":{\"@id\":\"https:\/\/noticiasemdestaque.com\/cd\/#organization\"},\"image\":{\"@id\":\"https:\/\/noticiasemdestaque.com\/cd\/?p=7063#primaryimage\"},\"thumbnailUrl\":\"https:\/\/noticiasemdestaque.com\/cd\/wp-content\/uploads\/2018\/01\/computador-original.jpeg\",\"articleSection\":[\"Educa\u00e7\u00e3o\"],\"inLanguage\":\"pt-BR\"},{\"@type\":\"WebPage\",\"@id\":\"https:\/\/noticiasemdestaque.com\/cd\/?p=7063\",\"url\":\"https:\/\/noticiasemdestaque.com\/cd\/?p=7063\",\"name\":\"Estudo mostra que o Brasil tem a segunda pior conectividade nas escolas - Not&iacute;cias em Destaque\",\"isPartOf\":{\"@id\":\"https:\/\/noticiasemdestaque.com\/cd\/#website\"},\"primaryImageOfPage\":{\"@id\":\"https:\/\/noticiasemdestaque.com\/cd\/?p=7063#primaryimage\"},\"image\":{\"@id\":\"https:\/\/noticiasemdestaque.com\/cd\/?p=7063#primaryimage\"},\"thumbnailUrl\":\"https:\/\/noticiasemdestaque.com\/cd\/wp-content\/uploads\/2018\/01\/computador-original.jpeg\",\"datePublished\":\"2018-01-02T11:37:09+00:00\",\"breadcrumb\":{\"@id\":\"https:\/\/noticiasemdestaque.com\/cd\/?p=7063#breadcrumb\"},\"inLanguage\":\"pt-BR\",\"potentialAction\":[{\"@type\":\"ReadAction\",\"target\":[\"https:\/\/noticiasemdestaque.com\/cd\/?p=7063\"]}]},{\"@type\":\"ImageObject\",\"inLanguage\":\"pt-BR\",\"@id\":\"https:\/\/noticiasemdestaque.com\/cd\/?p=7063#primaryimage\",\"url\":\"https:\/\/noticiasemdestaque.com\/cd\/wp-content\/uploads\/2018\/01\/computador-original.jpeg\",\"contentUrl\":\"https:\/\/noticiasemdestaque.com\/cd\/wp-content\/uploads\/2018\/01\/computador-original.jpeg\",\"width\":690,\"height\":389},{\"@type\":\"BreadcrumbList\",\"@id\":\"https:\/\/noticiasemdestaque.com\/cd\/?p=7063#breadcrumb\",\"itemListElement\":[{\"@type\":\"ListItem\",\"position\":1,\"name\":\"In\u00edcio\",\"item\":\"https:\/\/noticiasemdestaque.com\/cd\/\"},{\"@type\":\"ListItem\",\"position\":2,\"name\":\"Estudo mostra que o Brasil tem a segunda pior conectividade nas escolas\"}]},{\"@type\":\"WebSite\",\"@id\":\"https:\/\/noticiasemdestaque.com\/cd\/#website\",\"url\":\"https:\/\/noticiasemdestaque.com\/cd\/\",\"name\":\"Not&iacute;cias em Destaque\",\"description\":\"\",\"publisher\":{\"@id\":\"https:\/\/noticiasemdestaque.com\/cd\/#organization\"},\"potentialAction\":[{\"@type\":\"SearchAction\",\"target\":{\"@type\":\"EntryPoint\",\"urlTemplate\":\"https:\/\/noticiasemdestaque.com\/cd\/?s={search_term_string}\"},\"query-input\":{\"@type\":\"PropertyValueSpecification\",\"valueRequired\":true,\"valueName\":\"search_term_string\"}}],\"inLanguage\":\"pt-BR\"},{\"@type\":\"Organization\",\"@id\":\"https:\/\/noticiasemdestaque.com\/cd\/#organization\",\"name\":\"Not\u00edcias em Destaque\",\"url\":\"https:\/\/noticiasemdestaque.com\/cd\/\",\"logo\":{\"@type\":\"ImageObject\",\"inLanguage\":\"pt-BR\",\"@id\":\"https:\/\/noticiasemdestaque.com\/cd\/#\/schema\/logo\/image\/\",\"url\":\"https:\/\/noticiasemdestaque.com\/cd\/wp-content\/uploads\/2022\/05\/imagem-base-noticiasemdestaque.png\",\"contentUrl\":\"https:\/\/noticiasemdestaque.com\/cd\/wp-content\/uploads\/2022\/05\/imagem-base-noticiasemdestaque.png\",\"width\":1200,\"height\":630,\"caption\":\"Not\u00edcias em Destaque\"},\"image\":{\"@id\":\"https:\/\/noticiasemdestaque.com\/cd\/#\/schema\/logo\/image\/\"}},{\"@type\":\"Person\",\"@id\":\"https:\/\/noticiasemdestaque.com\/cd\/#\/schema\/person\/21320b03a7e8bb90128938dafc9b908a\",\"name\":\"Not\u00edcias em Destaque\",\"url\":\"https:\/\/noticiasemdestaque.com\/cd\/?author=2\"}]}<\/script>\n<!-- \/ Yoast SEO plugin. -->","yoast_head_json":{"title":"Estudo mostra que o Brasil tem a segunda pior conectividade nas escolas - Not&iacute;cias em Destaque","robots":{"index":"index","follow":"follow","max-snippet":"max-snippet:-1","max-image-preview":"max-image-preview:large","max-video-preview":"max-video-preview:-1"},"canonical":"https:\/\/noticiasemdestaque.com\/cd\/?p=7063","og_locale":"pt_BR","og_type":"article","og_title":"Estudo mostra que o Brasil tem a segunda pior conectividade nas escolas - Not&iacute;cias em Destaque","og_description":"Um estudo organizado pelo Iede (Interdisciplinaridade e Evid\u00eancias no Debate Educacional), com base em dados do Programa Internacional de Avalia\u00e7\u00e3o de Alunos (Pisa) de 2015, mostra que o Brasil tem a segunda pior conectividade nas escolas entre os pa\u00edses que participaram do levantamento. Segundo a an\u00e1lise, 28,3% dos estudantes do Brasil afirmaram que t\u00eam acesso a computadores com internet nas escolas. A porcentagem perde apenas para a Rep\u00fablica Dominicana, com 28,18%. A m\u00e9dia de conex\u00e3o dos pa\u00edses da Organiza\u00e7\u00e3o para a Coopera\u00e7\u00e3o e Desenvolvimento Econ\u00f4mico (OCDE), \u00e9 de 55,9%. Ao fazer o Pisa, os estudantes respondem a perguntas sobre a exist\u00eancia e o uso de computadores nas escolas, al\u00e9m do acesso \u00e0 internet. Quando perguntados se a escola tem computadores, 20,19% dos alunos responderam que a escola possui o equipamento, mas ele n\u00e3o utiliza. Outros 28,69% disseram que usam o computador e 26,48% responderam que a escola n\u00e3o tem o equipamento. Outro dado apontado pela pesquisa \u00e9 que os estudantes utilizam a internet mais fora do que dentro da escola. No Brasil, 37,65% dos estudantes dizem que n\u00e3o usam a internet na escola. No entanto, o question\u00e1rio mostra que, fora de casa, 6,6% dos alunos n\u00e3o acessam a rede mundial de computadores durante a semana, e a maior parte (25,89%) acessa a internet mais de 6 horas por dia. Quando analisada a conex\u00e3o sem fio, a porcentagem de estudantes brasileiros que afirmam us\u00e1-la na escola chega a 29,21%, mas o pa\u00eds aparece no ranking com a quinta menor porcentagem entre os pa\u00edses analisados. \u201cPela internet, \u00e9 poss\u00edvel acessar informa\u00e7\u00f5es, not\u00edcias, servi\u00e7os. Alunos que n\u00e3o t\u00eam acesso a esse tipo de infraestrutura n\u00e3o est\u00e3o sendo educados a us\u00e1-la de forma cidad\u00e3\u201d, diz o coordenador de Pol\u00edticas Educacionais da Funda\u00e7\u00e3o Lemann, Lucas Rocha. Pisa O Pisa avalia estudantes em rela\u00e7\u00e3o a conte\u00fados de matem\u00e1tica, portugu\u00eas e ci\u00eancias. \u00c9 aplicado a estudantes de 15 anos de idade dos 35 pa\u00edses-membros da OCDE e 35 na\u00e7\u00f5es parceiras da organiza\u00e7\u00e3o, como o Brasil. Em 2015 foi aplicado a 540 mil estudantes que, por amostragem, representam os 29 milh\u00f5es de estudantes. No Brasil, de acordo com o Instituto Nacional de Estudos e Pesquisas Educacionais An\u00edsio Teixeira (Inep), participaram 23.141 estudantes de 841 escolas. Pol\u00edtica de educa\u00e7\u00e3o conectada Em novembro, o governo lan\u00e7ou a Pol\u00edtica de Inova\u00e7\u00e3o Educa\u00e7\u00e3o Conectada, com o objetivo de universalizar o acesso \u00e0 internet de alta velocidade nas escolas, a forma\u00e7\u00e3o de professores para pr\u00e1ticas pedag\u00f3gicas mediadas pelas novas tecnologias e o uso de conte\u00fados educacionais digitais em sala. Segundo o Minist\u00e9rio da Educa\u00e7\u00e3o (MEC), mais de 50% dos munic\u00edpios brasileiros j\u00e1 aderiram \u00e0 pol\u00edtica. A meta \u00e9 que, at\u00e9 o fim de 2018, 22,4 mil escolas, urbanas e rurais, recebam conex\u00e3o de alta velocidade. O processo ser\u00e1 conclu\u00eddo em todas as demais escolas p\u00fablicas at\u00e9 2024. Durante a fase de indu\u00e7\u00e3o da a\u00e7\u00e3o, at\u00e9 o fim de 2018, o MEC deve investir R$ 271 milh\u00f5es, especialmente em a\u00e7\u00f5es para melhoria da infraestrutura e conex\u00e3o das escolas, o que inclui a amplia\u00e7\u00e3o da rede terrestre de banda larga, servi\u00e7os de conectividade, infraestrutura de wi-fi, compra de dispositivos e aquisi\u00e7\u00e3o de um sat\u00e9lite que vai levar internet a escolas da zona rural. Fonte: Ag\u00eancia Brasil","og_url":"https:\/\/noticiasemdestaque.com\/cd\/?p=7063","og_site_name":"Not&iacute;cias em Destaque","article_published_time":"2018-01-02T11:37:09+00:00","og_image":[{"width":690,"height":389,"url":"https:\/\/noticiasemdestaque.com\/cd\/wp-content\/uploads\/2018\/01\/computador-original.jpeg","type":"image\/jpeg"}],"author":"Not\u00edcias em Destaque","twitter_card":"summary_large_image","twitter_misc":{"Escrito por":"Not\u00edcias em Destaque","Est. tempo de leitura":"3 minutos"},"schema":{"@context":"https:\/\/schema.org","@graph":[{"@type":"Article","@id":"https:\/\/noticiasemdestaque.com\/cd\/?p=7063#article","isPartOf":{"@id":"https:\/\/noticiasemdestaque.com\/cd\/?p=7063"},"author":{"name":"Not\u00edcias em Destaque","@id":"https:\/\/noticiasemdestaque.com\/cd\/#\/schema\/person\/21320b03a7e8bb90128938dafc9b908a"},"headline":"Estudo mostra que o Brasil tem a segunda pior conectividade nas escolas","datePublished":"2018-01-02T11:37:09+00:00","mainEntityOfPage":{"@id":"https:\/\/noticiasemdestaque.com\/cd\/?p=7063"},"wordCount":580,"publisher":{"@id":"https:\/\/noticiasemdestaque.com\/cd\/#organization"},"image":{"@id":"https:\/\/noticiasemdestaque.com\/cd\/?p=7063#primaryimage"},"thumbnailUrl":"https:\/\/noticiasemdestaque.com\/cd\/wp-content\/uploads\/2018\/01\/computador-original.jpeg","articleSection":["Educa\u00e7\u00e3o"],"inLanguage":"pt-BR"},{"@type":"WebPage","@id":"https:\/\/noticiasemdestaque.com\/cd\/?p=7063","url":"https:\/\/noticiasemdestaque.com\/cd\/?p=7063","name":"Estudo mostra que o Brasil tem a segunda pior conectividade nas escolas - Not&iacute;cias em Destaque","isPartOf":{"@id":"https:\/\/noticiasemdestaque.com\/cd\/#website"},"primaryImageOfPage":{"@id":"https:\/\/noticiasemdestaque.com\/cd\/?p=7063#primaryimage"},"image":{"@id":"https:\/\/noticiasemdestaque.com\/cd\/?p=7063#primaryimage"},"thumbnailUrl":"https:\/\/noticiasemdestaque.com\/cd\/wp-content\/uploads\/2018\/01\/computador-original.jpeg","datePublished":"2018-01-02T11:37:09+00:00","breadcrumb":{"@id":"https:\/\/noticiasemdestaque.com\/cd\/?p=7063#breadcrumb"},"inLanguage":"pt-BR","potentialAction":[{"@type":"ReadAction","target":["https:\/\/noticiasemdestaque.com\/cd\/?p=7063"]}]},{"@type":"ImageObject","inLanguage":"pt-BR","@id":"https:\/\/noticiasemdestaque.com\/cd\/?p=7063#primaryimage","url":"https:\/\/noticiasemdestaque.com\/cd\/wp-content\/uploads\/2018\/01\/computador-original.jpeg","contentUrl":"https:\/\/noticiasemdestaque.com\/cd\/wp-content\/uploads\/2018\/01\/computador-original.jpeg","width":690,"height":389},{"@type":"BreadcrumbList","@id":"https:\/\/noticiasemdestaque.com\/cd\/?p=7063#breadcrumb","itemListElement":[{"@type":"ListItem","position":1,"name":"In\u00edcio","item":"https:\/\/noticiasemdestaque.com\/cd\/"},{"@type":"ListItem","position":2,"name":"Estudo mostra que o Brasil tem a segunda pior conectividade nas escolas"}]},{"@type":"WebSite","@id":"https:\/\/noticiasemdestaque.com\/cd\/#website","url":"https:\/\/noticiasemdestaque.com\/cd\/","name":"Not&iacute;cias em Destaque","description":"","publisher":{"@id":"https:\/\/noticiasemdestaque.com\/cd\/#organization"},"potentialAction":[{"@type":"SearchAction","target":{"@type":"EntryPoint","urlTemplate":"https:\/\/noticiasemdestaque.com\/cd\/?s={search_term_string}"},"query-input":{"@type":"PropertyValueSpecification","valueRequired":true,"valueName":"search_term_string"}}],"inLanguage":"pt-BR"},{"@type":"Organization","@id":"https:\/\/noticiasemdestaque.com\/cd\/#organization","name":"Not\u00edcias em Destaque","url":"https:\/\/noticiasemdestaque.com\/cd\/","logo":{"@type":"ImageObject","inLanguage":"pt-BR","@id":"https:\/\/noticiasemdestaque.com\/cd\/#\/schema\/logo\/image\/","url":"https:\/\/noticiasemdestaque.com\/cd\/wp-content\/uploads\/2022\/05\/imagem-base-noticiasemdestaque.png","contentUrl":"https:\/\/noticiasemdestaque.com\/cd\/wp-content\/uploads\/2022\/05\/imagem-base-noticiasemdestaque.png","width":1200,"height":630,"caption":"Not\u00edcias em Destaque"},"image":{"@id":"https:\/\/noticiasemdestaque.com\/cd\/#\/schema\/logo\/image\/"}},{"@type":"Person","@id":"https:\/\/noticiasemdestaque.com\/cd\/#\/schema\/person\/21320b03a7e8bb90128938dafc9b908a","name":"Not\u00edcias em Destaque","url":"https:\/\/noticiasemdestaque.com\/cd\/?author=2"}]}},"jetpack_featured_media_url":"https:\/\/noticiasemdestaque.com\/cd\/wp-content\/uploads\/2018\/01\/computador-original.jpeg","jetpack_sharing_enabled":true,"_links":{"self":[{"href":"https:\/\/noticiasemdestaque.com\/cd\/index.php?rest_route=\/wp\/v2\/posts\/7063","targetHints":{"allow":["GET"]}}],"collection":[{"href":"https:\/\/noticiasemdestaque.com\/cd\/index.php?rest_route=\/wp\/v2\/posts"}],"about":[{"href":"https:\/\/noticiasemdestaque.com\/cd\/index.php?rest_route=\/wp\/v2\/types\/post"}],"author":[{"embeddable":true,"href":"https:\/\/noticiasemdestaque.com\/cd\/index.php?rest_route=\/wp\/v2\/users\/2"}],"replies":[{"embeddable":true,"href":"https:\/\/noticiasemdestaque.com\/cd\/index.php?rest_route=%2Fwp%2Fv2%2Fcomments&post=7063"}],"version-history":[{"count":1,"href":"https:\/\/noticiasemdestaque.com\/cd\/index.php?rest_route=\/wp\/v2\/posts\/7063\/revisions"}],"predecessor-version":[{"id":7065,"href":"https:\/\/noticiasemdestaque.com\/cd\/index.php?rest_route=\/wp\/v2\/posts\/7063\/revisions\/7065"}],"wp:featuredmedia":[{"embeddable":true,"href":"https:\/\/noticiasemdestaque.com\/cd\/index.php?rest_route=\/wp\/v2\/media\/7064"}],"wp:attachment":[{"href":"https:\/\/noticiasemdestaque.com\/cd\/index.php?rest_route=%2Fwp%2Fv2%2Fmedia&parent=7063"}],"wp:term":[{"taxonomy":"category","embeddable":true,"href":"https:\/\/noticiasemdestaque.com\/cd\/index.php?rest_route=%2Fwp%2Fv2%2Fcategories&post=7063"},{"taxonomy":"post_tag","embeddable":true,"href":"https:\/\/noticiasemdestaque.com\/cd\/index.php?rest_route=%2Fwp%2Fv2%2Ftags&post=7063"}],"curies":[{"name":"wp","href":"https:\/\/api.w.org\/{rel}","templated":true}]}}