{"id":7060,"date":"2018-01-02T08:34:33","date_gmt":"2018-01-02T11:34:33","guid":{"rendered":"http:\/\/caririemdestaque.com\/cd\/?p=7060"},"modified":"2018-01-02T08:34:33","modified_gmt":"2018-01-02T11:34:33","slug":"retirada-e-transferencia-de-titulo-de-eleitor-podem-ser-feitas-ate-o-mes-de-maio","status":"publish","type":"post","link":"https:\/\/noticiasemdestaque.com\/cd\/?p=7060","title":{"rendered":"Retirada e transfer\u00eancia de t\u00edtulo de eleitor podem ser feitas at\u00e9 o m\u00eas de maio"},"content":{"rendered":"<p><a href=\"http:\/\/caririemdestaque.com\/cd\/wp-content\/uploads\/2018\/01\/4836d919a01334db4ca715bcde236ad7.jpg\"><img fetchpriority=\"high\" decoding=\"async\" class=\"wp-image-7061 size-medium alignleft\" src=\"http:\/\/caririemdestaque.com\/cd\/wp-content\/uploads\/2018\/01\/4836d919a01334db4ca715bcde236ad7-300x171.jpg\" alt=\"\" width=\"300\" height=\"171\" srcset=\"https:\/\/noticiasemdestaque.com\/cd\/wp-content\/uploads\/2018\/01\/4836d919a01334db4ca715bcde236ad7-300x171.jpg 300w, https:\/\/noticiasemdestaque.com\/cd\/wp-content\/uploads\/2018\/01\/4836d919a01334db4ca715bcde236ad7.jpg 700w\" sizes=\"(max-width: 300px) 100vw, 300px\" \/><\/a>A data de 9 de maio \u00e9 o \u00faltimo dia para o eleitor que pretende votar requerer o t\u00edtulo, alterar seus dados cadastrais ou fazer a transfer\u00eancia do domic\u00edlio eleitoral, determina a Resolu\u00e7\u00e3o do Tribunal Superior Eleitoral (TSE). Tamb\u00e9m \u00e9 o prazo final para o eleitor com defici\u00eancia ou mobilidade reduzida solicitar sua transfer\u00eancia para se\u00e7\u00e3o com acessibilidade e, ainda, para que presos provis\u00f3rios e adolescentes internados possam regularizar a situa\u00e7\u00e3o eleitoral a fim de votarem nas Elei\u00e7\u00f5es de 2018.<\/p>\n<h4>Jovens<\/h4>\n<p>O juiz da 17 \u00aa Zona Eleitoral, Hor\u00e1cio Ferreira de Melo J\u00fanior, assinala que cidad\u00e3os adultos e os jovens de 16 e 17 anos que pretendam votar nas elei\u00e7\u00f5es n\u00e3o devem deixar para a \u00faltima hora para tirar seu t\u00edtulo no cart\u00f3rio eleitoral ou solicitar transfer\u00eancia de munic\u00edpio, em caso de mudan\u00e7a de localidade. Quem antecipar a ida ao cart\u00f3rio eleitoral poder\u00e1 evitar as filas nos dias que antecedem o fechamento do cadastro de eleitores para o pleito deste ano.<\/p>\n<p>O alistamento eleitoral e o voto s\u00e3o obrigat\u00f3rios para os maiores de 18 anos e facultativos para os analfabetos, os maiores de 70 anos e os maiores de 16 e menores de 18 anos, conforme o artigo 14 da Constitui\u00e7\u00e3o Federal. Pode se inscrever para votar o jovem que completar 16 anos at\u00e9 o dia da elei\u00e7\u00e3o, em 7 de outubro.<\/p>\n<h4>Documentos<\/h4>\n<p>Quem for tirar o t\u00edtulo de eleitor pela primeira vez deve comparecer ao cart\u00f3rio eleitoral com documento de identifica\u00e7\u00e3o com foto, comprovante de resid\u00eancia recente e comprovante de quita\u00e7\u00e3o militar para os homens. A Carteira Nacional de Habilita\u00e7\u00e3o (CNH) e o novo modelo de passaporte n\u00e3o s\u00e3o aceitos para efeito de inscri\u00e7\u00e3o eleitoral.<\/p>\n<p>No caso de transfer\u00eancia, o cidad\u00e3o deve levar o t\u00edtulo de eleitor, comprovantes de vota\u00e7\u00e3o ou de justificativa feita em elei\u00e7\u00f5es anteriores, documento de identifica\u00e7\u00e3o e comprovante de resid\u00eancia recente.<\/p>\n<p>Fonte: Jornal da Para\u00edba.<\/p>\n","protected":false},"excerpt":{"rendered":"<p>A data de 9 de maio \u00e9 o \u00faltimo dia para o eleitor que pretende votar requerer o t\u00edtulo, alterar seus dados cadastrais ou fazer a transfer\u00eancia do domic\u00edlio eleitoral, determina a Resolu\u00e7\u00e3o do Tribunal Superior Eleitoral (TSE). Tamb\u00e9m \u00e9 o prazo final para o eleitor com defici\u00eancia ou mobilidade reduzida solicitar sua transfer\u00eancia para se\u00e7\u00e3o com acessibilidade e, ainda, para que presos provis\u00f3rios e adolescentes internados possam regularizar a situa\u00e7\u00e3o eleitoral a fim de votarem nas Elei\u00e7\u00f5es de 2018. Jovens O juiz da 17 \u00aa Zona Eleitoral, Hor\u00e1cio Ferreira de Melo J\u00fanior, assinala que cidad\u00e3os adultos e os jovens de 16 e 17 anos que pretendam votar nas elei\u00e7\u00f5es n\u00e3o devem deixar para a \u00faltima hora para tirar seu t\u00edtulo no cart\u00f3rio eleitoral ou solicitar transfer\u00eancia de munic\u00edpio, em caso de mudan\u00e7a de localidade. Quem antecipar a ida ao cart\u00f3rio eleitoral poder\u00e1 evitar as filas nos dias que antecedem o fechamento do cadastro de eleitores para o pleito deste ano. O alistamento eleitoral e o voto s\u00e3o obrigat\u00f3rios para os maiores de 18 anos e facultativos para os analfabetos, os maiores de 70 anos e os maiores de 16 e menores de 18 anos, conforme o artigo 14 da Constitui\u00e7\u00e3o Federal. Pode se inscrever para votar o jovem que completar 16 anos at\u00e9 o dia da elei\u00e7\u00e3o, em 7 de outubro. Documentos Quem for tirar o t\u00edtulo de eleitor pela primeira vez deve comparecer ao cart\u00f3rio eleitoral com documento de identifica\u00e7\u00e3o com foto, comprovante de resid\u00eancia recente e comprovante de quita\u00e7\u00e3o militar para os homens. A Carteira Nacional de Habilita\u00e7\u00e3o (CNH) e o novo modelo de passaporte n\u00e3o s\u00e3o aceitos para efeito de inscri\u00e7\u00e3o eleitoral. No caso de transfer\u00eancia, o cidad\u00e3o deve levar o t\u00edtulo de eleitor, comprovantes de vota\u00e7\u00e3o ou de justificativa feita em elei\u00e7\u00f5es anteriores, documento de identifica\u00e7\u00e3o e comprovante de resid\u00eancia recente. Fonte: Jornal da Para\u00edba.<\/p>\n","protected":false},"author":2,"featured_media":7061,"comment_status":"closed","ping_status":"open","sticky":false,"template":"","format":"standard","meta":{"_eb_attr":"","_jetpack_memberships_contains_paid_content":false,"footnotes":""},"categories":[4],"tags":[],"class_list":["post-7060","post","type-post","status-publish","format-standard","has-post-thumbnail","hentry","category-politica"],"yoast_head":"<!-- This site is optimized with the Yoast SEO plugin v26.5 - https:\/\/yoast.com\/wordpress\/plugins\/seo\/ -->\n<title>Retirada e transfer\u00eancia de t\u00edtulo de eleitor podem ser feitas at\u00e9 o m\u00eas de maio - Not&iacute;cias em Destaque<\/title>\n<meta name=\"robots\" content=\"index, follow, max-snippet:-1, max-image-preview:large, max-video-preview:-1\" \/>\n<link rel=\"canonical\" href=\"https:\/\/noticiasemdestaque.com\/cd\/?p=7060\" \/>\n<meta property=\"og:locale\" content=\"pt_BR\" \/>\n<meta property=\"og:type\" content=\"article\" \/>\n<meta property=\"og:title\" content=\"Retirada e transfer\u00eancia de t\u00edtulo de eleitor podem ser feitas at\u00e9 o m\u00eas de maio - Not&iacute;cias em Destaque\" \/>\n<meta property=\"og:description\" content=\"A data de 9 de maio \u00e9 o \u00faltimo dia para o eleitor que pretende votar requerer o t\u00edtulo, alterar seus dados cadastrais ou fazer a transfer\u00eancia do domic\u00edlio eleitoral, determina a Resolu\u00e7\u00e3o do Tribunal Superior Eleitoral (TSE). Tamb\u00e9m \u00e9 o prazo final para o eleitor com defici\u00eancia ou mobilidade reduzida solicitar sua transfer\u00eancia para se\u00e7\u00e3o com acessibilidade e, ainda, para que presos provis\u00f3rios e adolescentes internados possam regularizar a situa\u00e7\u00e3o eleitoral a fim de votarem nas Elei\u00e7\u00f5es de 2018. Jovens O juiz da 17 \u00aa Zona Eleitoral, Hor\u00e1cio Ferreira de Melo J\u00fanior, assinala que cidad\u00e3os adultos e os jovens de 16 e 17 anos que pretendam votar nas elei\u00e7\u00f5es n\u00e3o devem deixar para a \u00faltima hora para tirar seu t\u00edtulo no cart\u00f3rio eleitoral ou solicitar transfer\u00eancia de munic\u00edpio, em caso de mudan\u00e7a de localidade. Quem antecipar a ida ao cart\u00f3rio eleitoral poder\u00e1 evitar as filas nos dias que antecedem o fechamento do cadastro de eleitores para o pleito deste ano. O alistamento eleitoral e o voto s\u00e3o obrigat\u00f3rios para os maiores de 18 anos e facultativos para os analfabetos, os maiores de 70 anos e os maiores de 16 e menores de 18 anos, conforme o artigo 14 da Constitui\u00e7\u00e3o Federal. Pode se inscrever para votar o jovem que completar 16 anos at\u00e9 o dia da elei\u00e7\u00e3o, em 7 de outubro. Documentos Quem for tirar o t\u00edtulo de eleitor pela primeira vez deve comparecer ao cart\u00f3rio eleitoral com documento de identifica\u00e7\u00e3o com foto, comprovante de resid\u00eancia recente e comprovante de quita\u00e7\u00e3o militar para os homens. A Carteira Nacional de Habilita\u00e7\u00e3o (CNH) e o novo modelo de passaporte n\u00e3o s\u00e3o aceitos para efeito de inscri\u00e7\u00e3o eleitoral. No caso de transfer\u00eancia, o cidad\u00e3o deve levar o t\u00edtulo de eleitor, comprovantes de vota\u00e7\u00e3o ou de justificativa feita em elei\u00e7\u00f5es anteriores, documento de identifica\u00e7\u00e3o e comprovante de resid\u00eancia recente. Fonte: Jornal da Para\u00edba.\" \/>\n<meta property=\"og:url\" content=\"https:\/\/noticiasemdestaque.com\/cd\/?p=7060\" \/>\n<meta property=\"og:site_name\" content=\"Not&iacute;cias em Destaque\" \/>\n<meta property=\"article:published_time\" content=\"2018-01-02T11:34:33+00:00\" \/>\n<meta property=\"og:image\" content=\"https:\/\/noticiasemdestaque.com\/cd\/wp-content\/uploads\/2018\/01\/4836d919a01334db4ca715bcde236ad7.jpg\" \/>\n\t<meta property=\"og:image:width\" content=\"700\" \/>\n\t<meta property=\"og:image:height\" content=\"400\" \/>\n\t<meta property=\"og:image:type\" content=\"image\/jpeg\" \/>\n<meta name=\"author\" content=\"Not\u00edcias em Destaque\" \/>\n<meta name=\"twitter:card\" content=\"summary_large_image\" \/>\n<meta name=\"twitter:label1\" content=\"Escrito por\" \/>\n\t<meta name=\"twitter:data1\" content=\"Not\u00edcias em Destaque\" \/>\n\t<meta name=\"twitter:label2\" content=\"Est. tempo de leitura\" \/>\n\t<meta name=\"twitter:data2\" content=\"2 minutos\" \/>\n<script type=\"application\/ld+json\" class=\"yoast-schema-graph\">{\"@context\":\"https:\/\/schema.org\",\"@graph\":[{\"@type\":\"Article\",\"@id\":\"https:\/\/noticiasemdestaque.com\/cd\/?p=7060#article\",\"isPartOf\":{\"@id\":\"https:\/\/noticiasemdestaque.com\/cd\/?p=7060\"},\"author\":{\"name\":\"Not\u00edcias em Destaque\",\"@id\":\"https:\/\/noticiasemdestaque.com\/cd\/#\/schema\/person\/21320b03a7e8bb90128938dafc9b908a\"},\"headline\":\"Retirada e transfer\u00eancia de t\u00edtulo de eleitor podem ser feitas at\u00e9 o m\u00eas de maio\",\"datePublished\":\"2018-01-02T11:34:33+00:00\",\"mainEntityOfPage\":{\"@id\":\"https:\/\/noticiasemdestaque.com\/cd\/?p=7060\"},\"wordCount\":356,\"publisher\":{\"@id\":\"https:\/\/noticiasemdestaque.com\/cd\/#organization\"},\"image\":{\"@id\":\"https:\/\/noticiasemdestaque.com\/cd\/?p=7060#primaryimage\"},\"thumbnailUrl\":\"https:\/\/noticiasemdestaque.com\/cd\/wp-content\/uploads\/2018\/01\/4836d919a01334db4ca715bcde236ad7.jpg\",\"articleSection\":[\"Pol\u00edtica\"],\"inLanguage\":\"pt-BR\"},{\"@type\":\"WebPage\",\"@id\":\"https:\/\/noticiasemdestaque.com\/cd\/?p=7060\",\"url\":\"https:\/\/noticiasemdestaque.com\/cd\/?p=7060\",\"name\":\"Retirada e transfer\u00eancia de t\u00edtulo de eleitor podem ser feitas at\u00e9 o m\u00eas de maio - Not&iacute;cias em Destaque\",\"isPartOf\":{\"@id\":\"https:\/\/noticiasemdestaque.com\/cd\/#website\"},\"primaryImageOfPage\":{\"@id\":\"https:\/\/noticiasemdestaque.com\/cd\/?p=7060#primaryimage\"},\"image\":{\"@id\":\"https:\/\/noticiasemdestaque.com\/cd\/?p=7060#primaryimage\"},\"thumbnailUrl\":\"https:\/\/noticiasemdestaque.com\/cd\/wp-content\/uploads\/2018\/01\/4836d919a01334db4ca715bcde236ad7.jpg\",\"datePublished\":\"2018-01-02T11:34:33+00:00\",\"breadcrumb\":{\"@id\":\"https:\/\/noticiasemdestaque.com\/cd\/?p=7060#breadcrumb\"},\"inLanguage\":\"pt-BR\",\"potentialAction\":[{\"@type\":\"ReadAction\",\"target\":[\"https:\/\/noticiasemdestaque.com\/cd\/?p=7060\"]}]},{\"@type\":\"ImageObject\",\"inLanguage\":\"pt-BR\",\"@id\":\"https:\/\/noticiasemdestaque.com\/cd\/?p=7060#primaryimage\",\"url\":\"https:\/\/noticiasemdestaque.com\/cd\/wp-content\/uploads\/2018\/01\/4836d919a01334db4ca715bcde236ad7.jpg\",\"contentUrl\":\"https:\/\/noticiasemdestaque.com\/cd\/wp-content\/uploads\/2018\/01\/4836d919a01334db4ca715bcde236ad7.jpg\",\"width\":700,\"height\":400},{\"@type\":\"BreadcrumbList\",\"@id\":\"https:\/\/noticiasemdestaque.com\/cd\/?p=7060#breadcrumb\",\"itemListElement\":[{\"@type\":\"ListItem\",\"position\":1,\"name\":\"In\u00edcio\",\"item\":\"https:\/\/noticiasemdestaque.com\/cd\/\"},{\"@type\":\"ListItem\",\"position\":2,\"name\":\"Retirada e transfer\u00eancia de t\u00edtulo de eleitor podem ser feitas at\u00e9 o m\u00eas de maio\"}]},{\"@type\":\"WebSite\",\"@id\":\"https:\/\/noticiasemdestaque.com\/cd\/#website\",\"url\":\"https:\/\/noticiasemdestaque.com\/cd\/\",\"name\":\"Not&iacute;cias em Destaque\",\"description\":\"\",\"publisher\":{\"@id\":\"https:\/\/noticiasemdestaque.com\/cd\/#organization\"},\"potentialAction\":[{\"@type\":\"SearchAction\",\"target\":{\"@type\":\"EntryPoint\",\"urlTemplate\":\"https:\/\/noticiasemdestaque.com\/cd\/?s={search_term_string}\"},\"query-input\":{\"@type\":\"PropertyValueSpecification\",\"valueRequired\":true,\"valueName\":\"search_term_string\"}}],\"inLanguage\":\"pt-BR\"},{\"@type\":\"Organization\",\"@id\":\"https:\/\/noticiasemdestaque.com\/cd\/#organization\",\"name\":\"Not\u00edcias em Destaque\",\"url\":\"https:\/\/noticiasemdestaque.com\/cd\/\",\"logo\":{\"@type\":\"ImageObject\",\"inLanguage\":\"pt-BR\",\"@id\":\"https:\/\/noticiasemdestaque.com\/cd\/#\/schema\/logo\/image\/\",\"url\":\"https:\/\/noticiasemdestaque.com\/cd\/wp-content\/uploads\/2022\/05\/imagem-base-noticiasemdestaque.png\",\"contentUrl\":\"https:\/\/noticiasemdestaque.com\/cd\/wp-content\/uploads\/2022\/05\/imagem-base-noticiasemdestaque.png\",\"width\":1200,\"height\":630,\"caption\":\"Not\u00edcias em Destaque\"},\"image\":{\"@id\":\"https:\/\/noticiasemdestaque.com\/cd\/#\/schema\/logo\/image\/\"}},{\"@type\":\"Person\",\"@id\":\"https:\/\/noticiasemdestaque.com\/cd\/#\/schema\/person\/21320b03a7e8bb90128938dafc9b908a\",\"name\":\"Not\u00edcias em Destaque\",\"url\":\"https:\/\/noticiasemdestaque.com\/cd\/?author=2\"}]}<\/script>\n<!-- \/ Yoast SEO plugin. -->","yoast_head_json":{"title":"Retirada e transfer\u00eancia de t\u00edtulo de eleitor podem ser feitas at\u00e9 o m\u00eas de maio - Not&iacute;cias em Destaque","robots":{"index":"index","follow":"follow","max-snippet":"max-snippet:-1","max-image-preview":"max-image-preview:large","max-video-preview":"max-video-preview:-1"},"canonical":"https:\/\/noticiasemdestaque.com\/cd\/?p=7060","og_locale":"pt_BR","og_type":"article","og_title":"Retirada e transfer\u00eancia de t\u00edtulo de eleitor podem ser feitas at\u00e9 o m\u00eas de maio - Not&iacute;cias em Destaque","og_description":"A data de 9 de maio \u00e9 o \u00faltimo dia para o eleitor que pretende votar requerer o t\u00edtulo, alterar seus dados cadastrais ou fazer a transfer\u00eancia do domic\u00edlio eleitoral, determina a Resolu\u00e7\u00e3o do Tribunal Superior Eleitoral (TSE). Tamb\u00e9m \u00e9 o prazo final para o eleitor com defici\u00eancia ou mobilidade reduzida solicitar sua transfer\u00eancia para se\u00e7\u00e3o com acessibilidade e, ainda, para que presos provis\u00f3rios e adolescentes internados possam regularizar a situa\u00e7\u00e3o eleitoral a fim de votarem nas Elei\u00e7\u00f5es de 2018. Jovens O juiz da 17 \u00aa Zona Eleitoral, Hor\u00e1cio Ferreira de Melo J\u00fanior, assinala que cidad\u00e3os adultos e os jovens de 16 e 17 anos que pretendam votar nas elei\u00e7\u00f5es n\u00e3o devem deixar para a \u00faltima hora para tirar seu t\u00edtulo no cart\u00f3rio eleitoral ou solicitar transfer\u00eancia de munic\u00edpio, em caso de mudan\u00e7a de localidade. Quem antecipar a ida ao cart\u00f3rio eleitoral poder\u00e1 evitar as filas nos dias que antecedem o fechamento do cadastro de eleitores para o pleito deste ano. O alistamento eleitoral e o voto s\u00e3o obrigat\u00f3rios para os maiores de 18 anos e facultativos para os analfabetos, os maiores de 70 anos e os maiores de 16 e menores de 18 anos, conforme o artigo 14 da Constitui\u00e7\u00e3o Federal. Pode se inscrever para votar o jovem que completar 16 anos at\u00e9 o dia da elei\u00e7\u00e3o, em 7 de outubro. Documentos Quem for tirar o t\u00edtulo de eleitor pela primeira vez deve comparecer ao cart\u00f3rio eleitoral com documento de identifica\u00e7\u00e3o com foto, comprovante de resid\u00eancia recente e comprovante de quita\u00e7\u00e3o militar para os homens. A Carteira Nacional de Habilita\u00e7\u00e3o (CNH) e o novo modelo de passaporte n\u00e3o s\u00e3o aceitos para efeito de inscri\u00e7\u00e3o eleitoral. No caso de transfer\u00eancia, o cidad\u00e3o deve levar o t\u00edtulo de eleitor, comprovantes de vota\u00e7\u00e3o ou de justificativa feita em elei\u00e7\u00f5es anteriores, documento de identifica\u00e7\u00e3o e comprovante de resid\u00eancia recente. Fonte: Jornal da Para\u00edba.","og_url":"https:\/\/noticiasemdestaque.com\/cd\/?p=7060","og_site_name":"Not&iacute;cias em Destaque","article_published_time":"2018-01-02T11:34:33+00:00","og_image":[{"width":700,"height":400,"url":"https:\/\/noticiasemdestaque.com\/cd\/wp-content\/uploads\/2018\/01\/4836d919a01334db4ca715bcde236ad7.jpg","type":"image\/jpeg"}],"author":"Not\u00edcias em Destaque","twitter_card":"summary_large_image","twitter_misc":{"Escrito por":"Not\u00edcias em Destaque","Est. tempo de leitura":"2 minutos"},"schema":{"@context":"https:\/\/schema.org","@graph":[{"@type":"Article","@id":"https:\/\/noticiasemdestaque.com\/cd\/?p=7060#article","isPartOf":{"@id":"https:\/\/noticiasemdestaque.com\/cd\/?p=7060"},"author":{"name":"Not\u00edcias em Destaque","@id":"https:\/\/noticiasemdestaque.com\/cd\/#\/schema\/person\/21320b03a7e8bb90128938dafc9b908a"},"headline":"Retirada e transfer\u00eancia de t\u00edtulo de eleitor podem ser feitas at\u00e9 o m\u00eas de maio","datePublished":"2018-01-02T11:34:33+00:00","mainEntityOfPage":{"@id":"https:\/\/noticiasemdestaque.com\/cd\/?p=7060"},"wordCount":356,"publisher":{"@id":"https:\/\/noticiasemdestaque.com\/cd\/#organization"},"image":{"@id":"https:\/\/noticiasemdestaque.com\/cd\/?p=7060#primaryimage"},"thumbnailUrl":"https:\/\/noticiasemdestaque.com\/cd\/wp-content\/uploads\/2018\/01\/4836d919a01334db4ca715bcde236ad7.jpg","articleSection":["Pol\u00edtica"],"inLanguage":"pt-BR"},{"@type":"WebPage","@id":"https:\/\/noticiasemdestaque.com\/cd\/?p=7060","url":"https:\/\/noticiasemdestaque.com\/cd\/?p=7060","name":"Retirada e transfer\u00eancia de t\u00edtulo de eleitor podem ser feitas at\u00e9 o m\u00eas de maio - Not&iacute;cias em Destaque","isPartOf":{"@id":"https:\/\/noticiasemdestaque.com\/cd\/#website"},"primaryImageOfPage":{"@id":"https:\/\/noticiasemdestaque.com\/cd\/?p=7060#primaryimage"},"image":{"@id":"https:\/\/noticiasemdestaque.com\/cd\/?p=7060#primaryimage"},"thumbnailUrl":"https:\/\/noticiasemdestaque.com\/cd\/wp-content\/uploads\/2018\/01\/4836d919a01334db4ca715bcde236ad7.jpg","datePublished":"2018-01-02T11:34:33+00:00","breadcrumb":{"@id":"https:\/\/noticiasemdestaque.com\/cd\/?p=7060#breadcrumb"},"inLanguage":"pt-BR","potentialAction":[{"@type":"ReadAction","target":["https:\/\/noticiasemdestaque.com\/cd\/?p=7060"]}]},{"@type":"ImageObject","inLanguage":"pt-BR","@id":"https:\/\/noticiasemdestaque.com\/cd\/?p=7060#primaryimage","url":"https:\/\/noticiasemdestaque.com\/cd\/wp-content\/uploads\/2018\/01\/4836d919a01334db4ca715bcde236ad7.jpg","contentUrl":"https:\/\/noticiasemdestaque.com\/cd\/wp-content\/uploads\/2018\/01\/4836d919a01334db4ca715bcde236ad7.jpg","width":700,"height":400},{"@type":"BreadcrumbList","@id":"https:\/\/noticiasemdestaque.com\/cd\/?p=7060#breadcrumb","itemListElement":[{"@type":"ListItem","position":1,"name":"In\u00edcio","item":"https:\/\/noticiasemdestaque.com\/cd\/"},{"@type":"ListItem","position":2,"name":"Retirada e transfer\u00eancia de t\u00edtulo de eleitor podem ser feitas at\u00e9 o m\u00eas de maio"}]},{"@type":"WebSite","@id":"https:\/\/noticiasemdestaque.com\/cd\/#website","url":"https:\/\/noticiasemdestaque.com\/cd\/","name":"Not&iacute;cias em Destaque","description":"","publisher":{"@id":"https:\/\/noticiasemdestaque.com\/cd\/#organization"},"potentialAction":[{"@type":"SearchAction","target":{"@type":"EntryPoint","urlTemplate":"https:\/\/noticiasemdestaque.com\/cd\/?s={search_term_string}"},"query-input":{"@type":"PropertyValueSpecification","valueRequired":true,"valueName":"search_term_string"}}],"inLanguage":"pt-BR"},{"@type":"Organization","@id":"https:\/\/noticiasemdestaque.com\/cd\/#organization","name":"Not\u00edcias em Destaque","url":"https:\/\/noticiasemdestaque.com\/cd\/","logo":{"@type":"ImageObject","inLanguage":"pt-BR","@id":"https:\/\/noticiasemdestaque.com\/cd\/#\/schema\/logo\/image\/","url":"https:\/\/noticiasemdestaque.com\/cd\/wp-content\/uploads\/2022\/05\/imagem-base-noticiasemdestaque.png","contentUrl":"https:\/\/noticiasemdestaque.com\/cd\/wp-content\/uploads\/2022\/05\/imagem-base-noticiasemdestaque.png","width":1200,"height":630,"caption":"Not\u00edcias em Destaque"},"image":{"@id":"https:\/\/noticiasemdestaque.com\/cd\/#\/schema\/logo\/image\/"}},{"@type":"Person","@id":"https:\/\/noticiasemdestaque.com\/cd\/#\/schema\/person\/21320b03a7e8bb90128938dafc9b908a","name":"Not\u00edcias em Destaque","url":"https:\/\/noticiasemdestaque.com\/cd\/?author=2"}]}},"jetpack_featured_media_url":"https:\/\/noticiasemdestaque.com\/cd\/wp-content\/uploads\/2018\/01\/4836d919a01334db4ca715bcde236ad7.jpg","jetpack_sharing_enabled":true,"_links":{"self":[{"href":"https:\/\/noticiasemdestaque.com\/cd\/index.php?rest_route=\/wp\/v2\/posts\/7060","targetHints":{"allow":["GET"]}}],"collection":[{"href":"https:\/\/noticiasemdestaque.com\/cd\/index.php?rest_route=\/wp\/v2\/posts"}],"about":[{"href":"https:\/\/noticiasemdestaque.com\/cd\/index.php?rest_route=\/wp\/v2\/types\/post"}],"author":[{"embeddable":true,"href":"https:\/\/noticiasemdestaque.com\/cd\/index.php?rest_route=\/wp\/v2\/users\/2"}],"replies":[{"embeddable":true,"href":"https:\/\/noticiasemdestaque.com\/cd\/index.php?rest_route=%2Fwp%2Fv2%2Fcomments&post=7060"}],"version-history":[{"count":1,"href":"https:\/\/noticiasemdestaque.com\/cd\/index.php?rest_route=\/wp\/v2\/posts\/7060\/revisions"}],"predecessor-version":[{"id":7062,"href":"https:\/\/noticiasemdestaque.com\/cd\/index.php?rest_route=\/wp\/v2\/posts\/7060\/revisions\/7062"}],"wp:featuredmedia":[{"embeddable":true,"href":"https:\/\/noticiasemdestaque.com\/cd\/index.php?rest_route=\/wp\/v2\/media\/7061"}],"wp:attachment":[{"href":"https:\/\/noticiasemdestaque.com\/cd\/index.php?rest_route=%2Fwp%2Fv2%2Fmedia&parent=7060"}],"wp:term":[{"taxonomy":"category","embeddable":true,"href":"https:\/\/noticiasemdestaque.com\/cd\/index.php?rest_route=%2Fwp%2Fv2%2Fcategories&post=7060"},{"taxonomy":"post_tag","embeddable":true,"href":"https:\/\/noticiasemdestaque.com\/cd\/index.php?rest_route=%2Fwp%2Fv2%2Ftags&post=7060"}],"curies":[{"name":"wp","href":"https:\/\/api.w.org\/{rel}","templated":true}]}}