{"id":705,"date":"2017-06-20T17:49:47","date_gmt":"2017-06-20T20:49:47","guid":{"rendered":"http:\/\/caririemdestaque.com\/cd\/?p=705"},"modified":"2017-06-20T17:49:47","modified_gmt":"2017-06-20T20:49:47","slug":"governo-sofre-primeira-derrota-na-reforma-trabalhista-no-senado","status":"publish","type":"post","link":"https:\/\/noticiasemdestaque.com\/cd\/?p=705","title":{"rendered":"Governo sofre primeira derrota na reforma trabalhista no Senado"},"content":{"rendered":"<p><a href=\"http:\/\/caririemdestaque.com\/cd\/wp-content\/uploads\/2017\/06\/L8E5QM-1.jpg\"><img fetchpriority=\"high\" decoding=\"async\" class=\"size-medium wp-image-706 alignleft\" src=\"http:\/\/caririemdestaque.com\/cd\/wp-content\/uploads\/2017\/06\/L8E5QM-1-300x225.jpg\" alt=\"\" width=\"300\" height=\"225\" srcset=\"https:\/\/noticiasemdestaque.com\/cd\/wp-content\/uploads\/2017\/06\/L8E5QM-1-300x225.jpg 300w, https:\/\/noticiasemdestaque.com\/cd\/wp-content\/uploads\/2017\/06\/L8E5QM-1.jpg 400w\" sizes=\"(max-width: 300px) 100vw, 300px\" \/><\/a><\/p>\n<p>O governo sofreu a primeira derrota na reforma trabalhista no Senado. Nesta ter\u00e7a-feira (20), ao contr\u00e1rio do que previa o Pal\u00e1cio do Planalto, o relat\u00f3rio do senador Ricardo Ferra\u00e7o (PSDB-ES) foi rejeitado por 10 votos contr\u00e1rios e 9 favor\u00e1veis na CAS (Comiss\u00e3o de Assuntos Sociais).<\/p>\n<p>Antes do in\u00edcio da sess\u00e3o, o governo contava com a aprova\u00e7\u00e3o do texto por 11 votos favor\u00e1veis e 8 contr\u00e1rios.<\/p>\n<p>A rejei\u00e7\u00e3o da mat\u00e9ria na comiss\u00e3o representa uma derrota pol\u00edtica do governo do presidente Michel Temer, que conta com a aprova\u00e7\u00e3o da reforma trabalhista no Congresso, principalmente ap\u00f3s o agravamento da crise pol\u00edtica.<\/p>\n<p>O parecer aprovado pelo colegiado foi o voto em separado do senador Paulo Paim (PT-RS), que apresentou mudan\u00e7as no texto encaminhado pela C\u00e2mara dos Deputados.<\/p>\n<p>Apesar do rev\u00e9s, o resultado da vota\u00e7\u00e3o n\u00e3o interrompe a tramita\u00e7\u00e3o da proposta do governo. Isso porque o posicionamento do colegiado \u00e9 um parecer e a decis\u00e3o final cabe ao plen\u00e1rio do Senado.<\/p>\n<p>Por isso, mesmo com a derrota, a mat\u00e9ria agora \u00e9 encaminhada para a CCJ (Comiss\u00e3o de Constitui\u00e7\u00e3o e Justi\u00e7a), onde deve ser lida pelo l\u00edder do governo no Senado, Romero Juc\u00e1 (PMDB-RR), nesta quarta-feira (21).<\/p>\n<p>A previs\u00e3o \u00e9 que o colegiado possa votar o texto na semana que vem, no dia 28, \u00faltima etapa antes da an\u00e1lise pelo plen\u00e1rio do Senado.<\/p>\n<p>VOTOS<\/p>\n<p>A aus\u00eancia do senador S\u00e9rgio Petec\u00e3o (PSD-AC) e os votos dos senadores Otto Alencar (PSD-BA) e do tucano Eduardo Amorim (SE) foram decisivos para a derrota.<\/p>\n<p>Antes do in\u00edcio da sess\u00e3o, o governo contava com o apoio dos parlamentares das duas siglas que comp\u00f5e a base aliada. A aus\u00eancia de Petec\u00e3o abriu caminho para o voto contr\u00e1rio de Alencar.<\/p>\n<p>Apesar de pertencer ao PSDB, principal aliado do governo Temer, Amorim votou contra o relat\u00f3rio de Ferra\u00e7o.<\/p>\n<p>Durante a sess\u00e3o, senadores de oposi\u00e7\u00e3o e da base governista trocaram cr\u00edticas. A presidente da CAS, senadora Marta Suplicy (PMDB-SP) ouviu provoca\u00e7\u00f5es de seus ex-colegas de partido, o PT.<\/p>\n<p>&#8220;Vossa Excel\u00eancia sabe o quanto um trabalhador de S\u00e3o Paulo sacoleja dentro de um \u00f4nibus para chegar ao seu local de trabalho. [&#8230;] N\u00f3s estamos tirando daquele que \u00e9 pobre, que se ferra, que est\u00e1 no tr\u00e2nsito, que tem que enfrentar filas, que tem que pegar \u00f4nibus com chuva, com sol. \u00c9 deste que n\u00f3s estamos tirando, n\u00e3o \u00e9 do empres\u00e1rio&#8221;, afirmou a l\u00edder do PT no Senado, Gleisi Hoffmann.<\/p>\n<p>Marta se mostrou incomodada, mas disse que na condi\u00e7\u00e3o de presidente do colegiado n\u00e3o ia falar sobre &#8220;seus sentimentos&#8221; sobre a reforma. &#8220;Poderemos nos encontrar depois para conversarmos longamente&#8221;, respondeu.<\/p>\n<p>Antes do in\u00edcio da vota\u00e7\u00e3o, Juc\u00e1 j\u00e1 previa a derrota do governo. Ele repetiu diversas vezes, que independente do resultado desta ter\u00e7a-feira, o governo do presidente Michel Temer seria conhecido pela cria\u00e7\u00e3o de vagas e melhoria do mercado de trabalho.<\/p>\n<p>&#8220;Quero dizer, com muita tranquilidade, que independente do resultado aqui, amanh\u00e3 essa mat\u00e9ria estar\u00e1 na CCJ. N\u00f3s vamos ler amanh\u00e3 essa mat\u00e9ria, na quarta-feira que vem vamos votar e ela estar\u00e1 \u00e0 disposi\u00e7\u00e3o do Senador Eun\u00edcio Oliveira, presidente do Senado, no dia 28, para pautar quando ele entender que \u00e9 o momento&#8221;, disse.<\/p>\n<p>MUDAN\u00c7AS<\/p>\n<p>Enquanto a mat\u00e9ria tramita no Senado, o governo vem discutindo a edi\u00e7\u00e3o de uma Medida Provis\u00f3ria para modificar pontos em que haja desacordo na base foi proposta por Temer para evitar que o projeto sofra modifica\u00e7\u00f5es e, com isso, tenha de voltar \u00e0 C\u00e2mara, onde o texto foi aprovado em abril.<\/p>\n<p>Ferra\u00e7o apontou em seu relat\u00f3rio a necessidade de serem revistos seis pontos do texto aprovado pela C\u00e2mara dos Deputados: 1) possibilidade de gestantes e lactantes trabalharem em locais insalubres; 2) possibilidade de acordo individual para a jornada 12h X 36h; 3) cria\u00e7\u00e3o do trabalho intermitente; 4) possibilidade de negocia\u00e7\u00e3o do intervalo para almo\u00e7o; 5) nomea\u00e7\u00e3o de um representante dos trabalhadores dentro das empresas; 6) revoga\u00e7\u00e3o dos 15 minutos de descanso antes da mulher fazer hora extra.<\/p>\n<p>Ao sugerir modifica\u00e7\u00f5es, Ferra\u00e7o disse julgar que o Congresso tem de &#8220;buscar um equil\u00edbrio que contemple o mercado de trabalho de diversos Brasis, e n\u00e3o o de legislar pela exce\u00e7\u00e3o de acordo com demanda deste ou daquele setor&#8221;, diz o texto.<\/p>\n<p>A reforma, amplamente apoiada pelas entidades empresariais, traz, entre as mudan\u00e7as, a preval\u00eancia, em alguns casos, de acordos entre patr\u00f5es e empregados sobre a lei, o fim da obrigatoriedade da contribui\u00e7\u00e3o sindical, obst\u00e1culos ao ajuizamento de a\u00e7\u00f5es trabalhistas, limites a decis\u00f5es do Tribunal Superior do Trabalho, possibilidade de parcelamento de f\u00e9rias em tr\u00eas per\u00edodos e flexibiliza\u00e7\u00e3o de contratos de trabalho.<\/p>\n<p><strong><em>Cariri em Destaque<\/em><\/strong><\/p>\n<p>Fonte: Folha Online<\/p>\n","protected":false},"excerpt":{"rendered":"<p>O governo sofreu a primeira derrota na reforma trabalhista no Senado. Nesta ter\u00e7a-feira (20), ao contr\u00e1rio do que previa o Pal\u00e1cio do Planalto, o relat\u00f3rio do senador Ricardo Ferra\u00e7o (PSDB-ES) foi rejeitado por 10 votos contr\u00e1rios e 9 favor\u00e1veis na CAS (Comiss\u00e3o de Assuntos Sociais). Antes do in\u00edcio da sess\u00e3o, o governo contava com a aprova\u00e7\u00e3o do texto por 11 votos favor\u00e1veis e 8 contr\u00e1rios. A rejei\u00e7\u00e3o da mat\u00e9ria na comiss\u00e3o representa uma derrota pol\u00edtica do governo do presidente Michel Temer, que conta com a aprova\u00e7\u00e3o da reforma trabalhista no Congresso, principalmente ap\u00f3s o agravamento da crise pol\u00edtica. O parecer aprovado pelo colegiado foi o voto em separado do senador Paulo Paim (PT-RS), que apresentou mudan\u00e7as no texto encaminhado pela C\u00e2mara dos Deputados. Apesar do rev\u00e9s, o resultado da vota\u00e7\u00e3o n\u00e3o interrompe a tramita\u00e7\u00e3o da proposta do governo. Isso porque o posicionamento do colegiado \u00e9 um parecer e a decis\u00e3o final cabe ao plen\u00e1rio do Senado. Por isso, mesmo com a derrota, a mat\u00e9ria agora \u00e9 encaminhada para a CCJ (Comiss\u00e3o de Constitui\u00e7\u00e3o e Justi\u00e7a), onde deve ser lida pelo l\u00edder do governo no Senado, Romero Juc\u00e1 (PMDB-RR), nesta quarta-feira (21). A previs\u00e3o \u00e9 que o colegiado possa votar o texto na semana que vem, no dia 28, \u00faltima etapa antes da an\u00e1lise pelo plen\u00e1rio do Senado. VOTOS A aus\u00eancia do senador S\u00e9rgio Petec\u00e3o (PSD-AC) e os votos dos senadores Otto Alencar (PSD-BA) e do tucano Eduardo Amorim (SE) foram decisivos para a derrota. Antes do in\u00edcio da sess\u00e3o, o governo contava com o apoio dos parlamentares das duas siglas que comp\u00f5e a base aliada. A aus\u00eancia de Petec\u00e3o abriu caminho para o voto contr\u00e1rio de Alencar. Apesar de pertencer ao PSDB, principal aliado do governo Temer, Amorim votou contra o relat\u00f3rio de Ferra\u00e7o. Durante a sess\u00e3o, senadores de oposi\u00e7\u00e3o e da base governista trocaram cr\u00edticas. A presidente da CAS, senadora Marta Suplicy (PMDB-SP) ouviu provoca\u00e7\u00f5es de seus ex-colegas de partido, o PT. &#8220;Vossa Excel\u00eancia sabe o quanto um trabalhador de S\u00e3o Paulo sacoleja dentro de um \u00f4nibus para chegar ao seu local de trabalho. [&#8230;] N\u00f3s estamos tirando daquele que \u00e9 pobre, que se ferra, que est\u00e1 no tr\u00e2nsito, que tem que enfrentar filas, que tem que pegar \u00f4nibus com chuva, com sol. \u00c9 deste que n\u00f3s estamos tirando, n\u00e3o \u00e9 do empres\u00e1rio&#8221;, afirmou a l\u00edder do PT no Senado, Gleisi Hoffmann. Marta se mostrou incomodada, mas disse que na condi\u00e7\u00e3o de presidente do colegiado n\u00e3o ia falar sobre &#8220;seus sentimentos&#8221; sobre a reforma. &#8220;Poderemos nos encontrar depois para conversarmos longamente&#8221;, respondeu. Antes do in\u00edcio da vota\u00e7\u00e3o, Juc\u00e1 j\u00e1 previa a derrota do governo. Ele repetiu diversas vezes, que independente do resultado desta ter\u00e7a-feira, o governo do presidente Michel Temer seria conhecido pela cria\u00e7\u00e3o de vagas e melhoria do mercado de trabalho. &#8220;Quero dizer, com muita tranquilidade, que independente do resultado aqui, amanh\u00e3 essa mat\u00e9ria estar\u00e1 na CCJ. N\u00f3s vamos ler amanh\u00e3 essa mat\u00e9ria, na quarta-feira que vem vamos votar e ela estar\u00e1 \u00e0 disposi\u00e7\u00e3o do Senador Eun\u00edcio Oliveira, presidente do Senado, no dia 28, para pautar quando ele entender que \u00e9 o momento&#8221;, disse. MUDAN\u00c7AS Enquanto a mat\u00e9ria tramita no Senado, o governo vem discutindo a edi\u00e7\u00e3o de uma Medida Provis\u00f3ria para modificar pontos em que haja desacordo na base foi proposta por Temer para evitar que o projeto sofra modifica\u00e7\u00f5es e, com isso, tenha de voltar \u00e0 C\u00e2mara, onde o texto foi aprovado em abril. Ferra\u00e7o apontou em seu relat\u00f3rio a necessidade de serem revistos seis pontos do texto aprovado pela C\u00e2mara dos Deputados: 1) possibilidade de gestantes e lactantes trabalharem em locais insalubres; 2) possibilidade de acordo individual para a jornada 12h X 36h; 3) cria\u00e7\u00e3o do trabalho intermitente; 4) possibilidade de negocia\u00e7\u00e3o do intervalo para almo\u00e7o; 5) nomea\u00e7\u00e3o de um representante dos trabalhadores dentro das empresas; 6) revoga\u00e7\u00e3o dos 15 minutos de descanso antes da mulher fazer hora extra. Ao sugerir modifica\u00e7\u00f5es, Ferra\u00e7o disse julgar que o Congresso tem de &#8220;buscar um equil\u00edbrio que contemple o mercado de trabalho de diversos Brasis, e n\u00e3o o de legislar pela exce\u00e7\u00e3o de acordo com demanda deste ou daquele setor&#8221;, diz o texto. A reforma, amplamente apoiada pelas entidades empresariais, traz, entre as mudan\u00e7as, a preval\u00eancia, em alguns casos, de acordos entre patr\u00f5es e empregados sobre a lei, o fim da obrigatoriedade da contribui\u00e7\u00e3o sindical, obst\u00e1culos ao ajuizamento de a\u00e7\u00f5es trabalhistas, limites a decis\u00f5es do Tribunal Superior do Trabalho, possibilidade de parcelamento de f\u00e9rias em tr\u00eas per\u00edodos e flexibiliza\u00e7\u00e3o de contratos de trabalho. Cariri em Destaque Fonte: Folha Online<\/p>\n","protected":false},"author":2,"featured_media":706,"comment_status":"closed","ping_status":"open","sticky":false,"template":"","format":"standard","meta":{"_eb_attr":"","_jetpack_memberships_contains_paid_content":false,"footnotes":""},"categories":[4],"tags":[],"class_list":["post-705","post","type-post","status-publish","format-standard","has-post-thumbnail","hentry","category-politica"],"yoast_head":"<!-- This site is optimized with the Yoast SEO plugin v26.5 - https:\/\/yoast.com\/wordpress\/plugins\/seo\/ -->\n<title>Governo sofre primeira derrota na reforma trabalhista no Senado - Not&iacute;cias em Destaque<\/title>\n<meta name=\"robots\" content=\"index, follow, max-snippet:-1, max-image-preview:large, max-video-preview:-1\" \/>\n<link rel=\"canonical\" href=\"https:\/\/noticiasemdestaque.com\/cd\/?p=705\" \/>\n<meta property=\"og:locale\" content=\"pt_BR\" \/>\n<meta property=\"og:type\" content=\"article\" \/>\n<meta property=\"og:title\" content=\"Governo sofre primeira derrota na reforma trabalhista no Senado - Not&iacute;cias em Destaque\" \/>\n<meta property=\"og:description\" content=\"O governo sofreu a primeira derrota na reforma trabalhista no Senado. Nesta ter\u00e7a-feira (20), ao contr\u00e1rio do que previa o Pal\u00e1cio do Planalto, o relat\u00f3rio do senador Ricardo Ferra\u00e7o (PSDB-ES) foi rejeitado por 10 votos contr\u00e1rios e 9 favor\u00e1veis na CAS (Comiss\u00e3o de Assuntos Sociais). Antes do in\u00edcio da sess\u00e3o, o governo contava com a aprova\u00e7\u00e3o do texto por 11 votos favor\u00e1veis e 8 contr\u00e1rios. A rejei\u00e7\u00e3o da mat\u00e9ria na comiss\u00e3o representa uma derrota pol\u00edtica do governo do presidente Michel Temer, que conta com a aprova\u00e7\u00e3o da reforma trabalhista no Congresso, principalmente ap\u00f3s o agravamento da crise pol\u00edtica. O parecer aprovado pelo colegiado foi o voto em separado do senador Paulo Paim (PT-RS), que apresentou mudan\u00e7as no texto encaminhado pela C\u00e2mara dos Deputados. Apesar do rev\u00e9s, o resultado da vota\u00e7\u00e3o n\u00e3o interrompe a tramita\u00e7\u00e3o da proposta do governo. Isso porque o posicionamento do colegiado \u00e9 um parecer e a decis\u00e3o final cabe ao plen\u00e1rio do Senado. Por isso, mesmo com a derrota, a mat\u00e9ria agora \u00e9 encaminhada para a CCJ (Comiss\u00e3o de Constitui\u00e7\u00e3o e Justi\u00e7a), onde deve ser lida pelo l\u00edder do governo no Senado, Romero Juc\u00e1 (PMDB-RR), nesta quarta-feira (21). A previs\u00e3o \u00e9 que o colegiado possa votar o texto na semana que vem, no dia 28, \u00faltima etapa antes da an\u00e1lise pelo plen\u00e1rio do Senado. VOTOS A aus\u00eancia do senador S\u00e9rgio Petec\u00e3o (PSD-AC) e os votos dos senadores Otto Alencar (PSD-BA) e do tucano Eduardo Amorim (SE) foram decisivos para a derrota. Antes do in\u00edcio da sess\u00e3o, o governo contava com o apoio dos parlamentares das duas siglas que comp\u00f5e a base aliada. A aus\u00eancia de Petec\u00e3o abriu caminho para o voto contr\u00e1rio de Alencar. Apesar de pertencer ao PSDB, principal aliado do governo Temer, Amorim votou contra o relat\u00f3rio de Ferra\u00e7o. Durante a sess\u00e3o, senadores de oposi\u00e7\u00e3o e da base governista trocaram cr\u00edticas. A presidente da CAS, senadora Marta Suplicy (PMDB-SP) ouviu provoca\u00e7\u00f5es de seus ex-colegas de partido, o PT. &#8220;Vossa Excel\u00eancia sabe o quanto um trabalhador de S\u00e3o Paulo sacoleja dentro de um \u00f4nibus para chegar ao seu local de trabalho. [&#8230;] N\u00f3s estamos tirando daquele que \u00e9 pobre, que se ferra, que est\u00e1 no tr\u00e2nsito, que tem que enfrentar filas, que tem que pegar \u00f4nibus com chuva, com sol. \u00c9 deste que n\u00f3s estamos tirando, n\u00e3o \u00e9 do empres\u00e1rio&#8221;, afirmou a l\u00edder do PT no Senado, Gleisi Hoffmann. Marta se mostrou incomodada, mas disse que na condi\u00e7\u00e3o de presidente do colegiado n\u00e3o ia falar sobre &#8220;seus sentimentos&#8221; sobre a reforma. &#8220;Poderemos nos encontrar depois para conversarmos longamente&#8221;, respondeu. Antes do in\u00edcio da vota\u00e7\u00e3o, Juc\u00e1 j\u00e1 previa a derrota do governo. Ele repetiu diversas vezes, que independente do resultado desta ter\u00e7a-feira, o governo do presidente Michel Temer seria conhecido pela cria\u00e7\u00e3o de vagas e melhoria do mercado de trabalho. &#8220;Quero dizer, com muita tranquilidade, que independente do resultado aqui, amanh\u00e3 essa mat\u00e9ria estar\u00e1 na CCJ. N\u00f3s vamos ler amanh\u00e3 essa mat\u00e9ria, na quarta-feira que vem vamos votar e ela estar\u00e1 \u00e0 disposi\u00e7\u00e3o do Senador Eun\u00edcio Oliveira, presidente do Senado, no dia 28, para pautar quando ele entender que \u00e9 o momento&#8221;, disse. MUDAN\u00c7AS Enquanto a mat\u00e9ria tramita no Senado, o governo vem discutindo a edi\u00e7\u00e3o de uma Medida Provis\u00f3ria para modificar pontos em que haja desacordo na base foi proposta por Temer para evitar que o projeto sofra modifica\u00e7\u00f5es e, com isso, tenha de voltar \u00e0 C\u00e2mara, onde o texto foi aprovado em abril. Ferra\u00e7o apontou em seu relat\u00f3rio a necessidade de serem revistos seis pontos do texto aprovado pela C\u00e2mara dos Deputados: 1) possibilidade de gestantes e lactantes trabalharem em locais insalubres; 2) possibilidade de acordo individual para a jornada 12h X 36h; 3) cria\u00e7\u00e3o do trabalho intermitente; 4) possibilidade de negocia\u00e7\u00e3o do intervalo para almo\u00e7o; 5) nomea\u00e7\u00e3o de um representante dos trabalhadores dentro das empresas; 6) revoga\u00e7\u00e3o dos 15 minutos de descanso antes da mulher fazer hora extra. Ao sugerir modifica\u00e7\u00f5es, Ferra\u00e7o disse julgar que o Congresso tem de &#8220;buscar um equil\u00edbrio que contemple o mercado de trabalho de diversos Brasis, e n\u00e3o o de legislar pela exce\u00e7\u00e3o de acordo com demanda deste ou daquele setor&#8221;, diz o texto. A reforma, amplamente apoiada pelas entidades empresariais, traz, entre as mudan\u00e7as, a preval\u00eancia, em alguns casos, de acordos entre patr\u00f5es e empregados sobre a lei, o fim da obrigatoriedade da contribui\u00e7\u00e3o sindical, obst\u00e1culos ao ajuizamento de a\u00e7\u00f5es trabalhistas, limites a decis\u00f5es do Tribunal Superior do Trabalho, possibilidade de parcelamento de f\u00e9rias em tr\u00eas per\u00edodos e flexibiliza\u00e7\u00e3o de contratos de trabalho. Cariri em Destaque Fonte: Folha Online\" \/>\n<meta property=\"og:url\" content=\"https:\/\/noticiasemdestaque.com\/cd\/?p=705\" \/>\n<meta property=\"og:site_name\" content=\"Not&iacute;cias em Destaque\" \/>\n<meta property=\"article:published_time\" content=\"2017-06-20T20:49:47+00:00\" \/>\n<meta property=\"og:image\" content=\"https:\/\/noticiasemdestaque.com\/cd\/wp-content\/uploads\/2017\/06\/L8E5QM-1.jpg\" \/>\n\t<meta property=\"og:image:width\" content=\"400\" \/>\n\t<meta property=\"og:image:height\" content=\"300\" \/>\n\t<meta property=\"og:image:type\" content=\"image\/jpeg\" \/>\n<meta name=\"author\" content=\"Not\u00edcias em Destaque\" \/>\n<meta name=\"twitter:card\" content=\"summary_large_image\" \/>\n<meta name=\"twitter:label1\" content=\"Escrito por\" \/>\n\t<meta name=\"twitter:data1\" content=\"Not\u00edcias em Destaque\" \/>\n\t<meta name=\"twitter:label2\" content=\"Est. tempo de leitura\" \/>\n\t<meta name=\"twitter:data2\" content=\"4 minutos\" \/>\n<script type=\"application\/ld+json\" class=\"yoast-schema-graph\">{\"@context\":\"https:\/\/schema.org\",\"@graph\":[{\"@type\":\"Article\",\"@id\":\"https:\/\/noticiasemdestaque.com\/cd\/?p=705#article\",\"isPartOf\":{\"@id\":\"https:\/\/noticiasemdestaque.com\/cd\/?p=705\"},\"author\":{\"name\":\"Not\u00edcias em Destaque\",\"@id\":\"https:\/\/noticiasemdestaque.com\/cd\/#\/schema\/person\/47f7d4f55eec17c6b2ca036c5500f6ce\"},\"headline\":\"Governo sofre primeira derrota na reforma trabalhista no Senado\",\"datePublished\":\"2017-06-20T20:49:47+00:00\",\"mainEntityOfPage\":{\"@id\":\"https:\/\/noticiasemdestaque.com\/cd\/?p=705\"},\"wordCount\":835,\"publisher\":{\"@id\":\"https:\/\/noticiasemdestaque.com\/cd\/#organization\"},\"image\":{\"@id\":\"https:\/\/noticiasemdestaque.com\/cd\/?p=705#primaryimage\"},\"thumbnailUrl\":\"https:\/\/noticiasemdestaque.com\/cd\/wp-content\/uploads\/2017\/06\/L8E5QM-1.jpg\",\"articleSection\":[\"Pol\u00edtica\"],\"inLanguage\":\"pt-BR\"},{\"@type\":\"WebPage\",\"@id\":\"https:\/\/noticiasemdestaque.com\/cd\/?p=705\",\"url\":\"https:\/\/noticiasemdestaque.com\/cd\/?p=705\",\"name\":\"Governo sofre primeira derrota na reforma trabalhista no Senado - Not&iacute;cias em Destaque\",\"isPartOf\":{\"@id\":\"https:\/\/noticiasemdestaque.com\/cd\/#website\"},\"primaryImageOfPage\":{\"@id\":\"https:\/\/noticiasemdestaque.com\/cd\/?p=705#primaryimage\"},\"image\":{\"@id\":\"https:\/\/noticiasemdestaque.com\/cd\/?p=705#primaryimage\"},\"thumbnailUrl\":\"https:\/\/noticiasemdestaque.com\/cd\/wp-content\/uploads\/2017\/06\/L8E5QM-1.jpg\",\"datePublished\":\"2017-06-20T20:49:47+00:00\",\"breadcrumb\":{\"@id\":\"https:\/\/noticiasemdestaque.com\/cd\/?p=705#breadcrumb\"},\"inLanguage\":\"pt-BR\",\"potentialAction\":[{\"@type\":\"ReadAction\",\"target\":[\"https:\/\/noticiasemdestaque.com\/cd\/?p=705\"]}]},{\"@type\":\"ImageObject\",\"inLanguage\":\"pt-BR\",\"@id\":\"https:\/\/noticiasemdestaque.com\/cd\/?p=705#primaryimage\",\"url\":\"https:\/\/noticiasemdestaque.com\/cd\/wp-content\/uploads\/2017\/06\/L8E5QM-1.jpg\",\"contentUrl\":\"https:\/\/noticiasemdestaque.com\/cd\/wp-content\/uploads\/2017\/06\/L8E5QM-1.jpg\",\"width\":400,\"height\":300},{\"@type\":\"BreadcrumbList\",\"@id\":\"https:\/\/noticiasemdestaque.com\/cd\/?p=705#breadcrumb\",\"itemListElement\":[{\"@type\":\"ListItem\",\"position\":1,\"name\":\"In\u00edcio\",\"item\":\"https:\/\/noticiasemdestaque.com\/cd\/\"},{\"@type\":\"ListItem\",\"position\":2,\"name\":\"Governo sofre primeira derrota na reforma trabalhista no Senado\"}]},{\"@type\":\"WebSite\",\"@id\":\"https:\/\/noticiasemdestaque.com\/cd\/#website\",\"url\":\"https:\/\/noticiasemdestaque.com\/cd\/\",\"name\":\"Not&iacute;cias em Destaque\",\"description\":\"\",\"publisher\":{\"@id\":\"https:\/\/noticiasemdestaque.com\/cd\/#organization\"},\"potentialAction\":[{\"@type\":\"SearchAction\",\"target\":{\"@type\":\"EntryPoint\",\"urlTemplate\":\"https:\/\/noticiasemdestaque.com\/cd\/?s={search_term_string}\"},\"query-input\":{\"@type\":\"PropertyValueSpecification\",\"valueRequired\":true,\"valueName\":\"search_term_string\"}}],\"inLanguage\":\"pt-BR\"},{\"@type\":\"Organization\",\"@id\":\"https:\/\/noticiasemdestaque.com\/cd\/#organization\",\"name\":\"Not\u00edcias em Destaque\",\"url\":\"https:\/\/noticiasemdestaque.com\/cd\/\",\"logo\":{\"@type\":\"ImageObject\",\"inLanguage\":\"pt-BR\",\"@id\":\"https:\/\/noticiasemdestaque.com\/cd\/#\/schema\/logo\/image\/\",\"url\":\"https:\/\/noticiasemdestaque.com\/cd\/wp-content\/uploads\/2022\/05\/imagem-base-noticiasemdestaque.png\",\"contentUrl\":\"https:\/\/noticiasemdestaque.com\/cd\/wp-content\/uploads\/2022\/05\/imagem-base-noticiasemdestaque.png\",\"width\":1200,\"height\":630,\"caption\":\"Not\u00edcias em Destaque\"},\"image\":{\"@id\":\"https:\/\/noticiasemdestaque.com\/cd\/#\/schema\/logo\/image\/\"}},{\"@type\":\"Person\",\"@id\":\"https:\/\/noticiasemdestaque.com\/cd\/#\/schema\/person\/47f7d4f55eec17c6b2ca036c5500f6ce\",\"name\":\"Not\u00edcias em Destaque\",\"url\":\"https:\/\/noticiasemdestaque.com\/cd\/?author=2\"}]}<\/script>\n<!-- \/ Yoast SEO plugin. -->","yoast_head_json":{"title":"Governo sofre primeira derrota na reforma trabalhista no Senado - Not&iacute;cias em Destaque","robots":{"index":"index","follow":"follow","max-snippet":"max-snippet:-1","max-image-preview":"max-image-preview:large","max-video-preview":"max-video-preview:-1"},"canonical":"https:\/\/noticiasemdestaque.com\/cd\/?p=705","og_locale":"pt_BR","og_type":"article","og_title":"Governo sofre primeira derrota na reforma trabalhista no Senado - Not&iacute;cias em Destaque","og_description":"O governo sofreu a primeira derrota na reforma trabalhista no Senado. Nesta ter\u00e7a-feira (20), ao contr\u00e1rio do que previa o Pal\u00e1cio do Planalto, o relat\u00f3rio do senador Ricardo Ferra\u00e7o (PSDB-ES) foi rejeitado por 10 votos contr\u00e1rios e 9 favor\u00e1veis na CAS (Comiss\u00e3o de Assuntos Sociais). Antes do in\u00edcio da sess\u00e3o, o governo contava com a aprova\u00e7\u00e3o do texto por 11 votos favor\u00e1veis e 8 contr\u00e1rios. A rejei\u00e7\u00e3o da mat\u00e9ria na comiss\u00e3o representa uma derrota pol\u00edtica do governo do presidente Michel Temer, que conta com a aprova\u00e7\u00e3o da reforma trabalhista no Congresso, principalmente ap\u00f3s o agravamento da crise pol\u00edtica. O parecer aprovado pelo colegiado foi o voto em separado do senador Paulo Paim (PT-RS), que apresentou mudan\u00e7as no texto encaminhado pela C\u00e2mara dos Deputados. Apesar do rev\u00e9s, o resultado da vota\u00e7\u00e3o n\u00e3o interrompe a tramita\u00e7\u00e3o da proposta do governo. Isso porque o posicionamento do colegiado \u00e9 um parecer e a decis\u00e3o final cabe ao plen\u00e1rio do Senado. Por isso, mesmo com a derrota, a mat\u00e9ria agora \u00e9 encaminhada para a CCJ (Comiss\u00e3o de Constitui\u00e7\u00e3o e Justi\u00e7a), onde deve ser lida pelo l\u00edder do governo no Senado, Romero Juc\u00e1 (PMDB-RR), nesta quarta-feira (21). A previs\u00e3o \u00e9 que o colegiado possa votar o texto na semana que vem, no dia 28, \u00faltima etapa antes da an\u00e1lise pelo plen\u00e1rio do Senado. VOTOS A aus\u00eancia do senador S\u00e9rgio Petec\u00e3o (PSD-AC) e os votos dos senadores Otto Alencar (PSD-BA) e do tucano Eduardo Amorim (SE) foram decisivos para a derrota. Antes do in\u00edcio da sess\u00e3o, o governo contava com o apoio dos parlamentares das duas siglas que comp\u00f5e a base aliada. A aus\u00eancia de Petec\u00e3o abriu caminho para o voto contr\u00e1rio de Alencar. Apesar de pertencer ao PSDB, principal aliado do governo Temer, Amorim votou contra o relat\u00f3rio de Ferra\u00e7o. Durante a sess\u00e3o, senadores de oposi\u00e7\u00e3o e da base governista trocaram cr\u00edticas. A presidente da CAS, senadora Marta Suplicy (PMDB-SP) ouviu provoca\u00e7\u00f5es de seus ex-colegas de partido, o PT. &#8220;Vossa Excel\u00eancia sabe o quanto um trabalhador de S\u00e3o Paulo sacoleja dentro de um \u00f4nibus para chegar ao seu local de trabalho. [&#8230;] N\u00f3s estamos tirando daquele que \u00e9 pobre, que se ferra, que est\u00e1 no tr\u00e2nsito, que tem que enfrentar filas, que tem que pegar \u00f4nibus com chuva, com sol. \u00c9 deste que n\u00f3s estamos tirando, n\u00e3o \u00e9 do empres\u00e1rio&#8221;, afirmou a l\u00edder do PT no Senado, Gleisi Hoffmann. Marta se mostrou incomodada, mas disse que na condi\u00e7\u00e3o de presidente do colegiado n\u00e3o ia falar sobre &#8220;seus sentimentos&#8221; sobre a reforma. &#8220;Poderemos nos encontrar depois para conversarmos longamente&#8221;, respondeu. Antes do in\u00edcio da vota\u00e7\u00e3o, Juc\u00e1 j\u00e1 previa a derrota do governo. Ele repetiu diversas vezes, que independente do resultado desta ter\u00e7a-feira, o governo do presidente Michel Temer seria conhecido pela cria\u00e7\u00e3o de vagas e melhoria do mercado de trabalho. &#8220;Quero dizer, com muita tranquilidade, que independente do resultado aqui, amanh\u00e3 essa mat\u00e9ria estar\u00e1 na CCJ. N\u00f3s vamos ler amanh\u00e3 essa mat\u00e9ria, na quarta-feira que vem vamos votar e ela estar\u00e1 \u00e0 disposi\u00e7\u00e3o do Senador Eun\u00edcio Oliveira, presidente do Senado, no dia 28, para pautar quando ele entender que \u00e9 o momento&#8221;, disse. MUDAN\u00c7AS Enquanto a mat\u00e9ria tramita no Senado, o governo vem discutindo a edi\u00e7\u00e3o de uma Medida Provis\u00f3ria para modificar pontos em que haja desacordo na base foi proposta por Temer para evitar que o projeto sofra modifica\u00e7\u00f5es e, com isso, tenha de voltar \u00e0 C\u00e2mara, onde o texto foi aprovado em abril. Ferra\u00e7o apontou em seu relat\u00f3rio a necessidade de serem revistos seis pontos do texto aprovado pela C\u00e2mara dos Deputados: 1) possibilidade de gestantes e lactantes trabalharem em locais insalubres; 2) possibilidade de acordo individual para a jornada 12h X 36h; 3) cria\u00e7\u00e3o do trabalho intermitente; 4) possibilidade de negocia\u00e7\u00e3o do intervalo para almo\u00e7o; 5) nomea\u00e7\u00e3o de um representante dos trabalhadores dentro das empresas; 6) revoga\u00e7\u00e3o dos 15 minutos de descanso antes da mulher fazer hora extra. Ao sugerir modifica\u00e7\u00f5es, Ferra\u00e7o disse julgar que o Congresso tem de &#8220;buscar um equil\u00edbrio que contemple o mercado de trabalho de diversos Brasis, e n\u00e3o o de legislar pela exce\u00e7\u00e3o de acordo com demanda deste ou daquele setor&#8221;, diz o texto. A reforma, amplamente apoiada pelas entidades empresariais, traz, entre as mudan\u00e7as, a preval\u00eancia, em alguns casos, de acordos entre patr\u00f5es e empregados sobre a lei, o fim da obrigatoriedade da contribui\u00e7\u00e3o sindical, obst\u00e1culos ao ajuizamento de a\u00e7\u00f5es trabalhistas, limites a decis\u00f5es do Tribunal Superior do Trabalho, possibilidade de parcelamento de f\u00e9rias em tr\u00eas per\u00edodos e flexibiliza\u00e7\u00e3o de contratos de trabalho. Cariri em Destaque Fonte: Folha Online","og_url":"https:\/\/noticiasemdestaque.com\/cd\/?p=705","og_site_name":"Not&iacute;cias em Destaque","article_published_time":"2017-06-20T20:49:47+00:00","og_image":[{"width":400,"height":300,"url":"https:\/\/noticiasemdestaque.com\/cd\/wp-content\/uploads\/2017\/06\/L8E5QM-1.jpg","type":"image\/jpeg"}],"author":"Not\u00edcias em Destaque","twitter_card":"summary_large_image","twitter_misc":{"Escrito por":"Not\u00edcias em Destaque","Est. tempo de leitura":"4 minutos"},"schema":{"@context":"https:\/\/schema.org","@graph":[{"@type":"Article","@id":"https:\/\/noticiasemdestaque.com\/cd\/?p=705#article","isPartOf":{"@id":"https:\/\/noticiasemdestaque.com\/cd\/?p=705"},"author":{"name":"Not\u00edcias em Destaque","@id":"https:\/\/noticiasemdestaque.com\/cd\/#\/schema\/person\/47f7d4f55eec17c6b2ca036c5500f6ce"},"headline":"Governo sofre primeira derrota na reforma trabalhista no Senado","datePublished":"2017-06-20T20:49:47+00:00","mainEntityOfPage":{"@id":"https:\/\/noticiasemdestaque.com\/cd\/?p=705"},"wordCount":835,"publisher":{"@id":"https:\/\/noticiasemdestaque.com\/cd\/#organization"},"image":{"@id":"https:\/\/noticiasemdestaque.com\/cd\/?p=705#primaryimage"},"thumbnailUrl":"https:\/\/noticiasemdestaque.com\/cd\/wp-content\/uploads\/2017\/06\/L8E5QM-1.jpg","articleSection":["Pol\u00edtica"],"inLanguage":"pt-BR"},{"@type":"WebPage","@id":"https:\/\/noticiasemdestaque.com\/cd\/?p=705","url":"https:\/\/noticiasemdestaque.com\/cd\/?p=705","name":"Governo sofre primeira derrota na reforma trabalhista no Senado - Not&iacute;cias em Destaque","isPartOf":{"@id":"https:\/\/noticiasemdestaque.com\/cd\/#website"},"primaryImageOfPage":{"@id":"https:\/\/noticiasemdestaque.com\/cd\/?p=705#primaryimage"},"image":{"@id":"https:\/\/noticiasemdestaque.com\/cd\/?p=705#primaryimage"},"thumbnailUrl":"https:\/\/noticiasemdestaque.com\/cd\/wp-content\/uploads\/2017\/06\/L8E5QM-1.jpg","datePublished":"2017-06-20T20:49:47+00:00","breadcrumb":{"@id":"https:\/\/noticiasemdestaque.com\/cd\/?p=705#breadcrumb"},"inLanguage":"pt-BR","potentialAction":[{"@type":"ReadAction","target":["https:\/\/noticiasemdestaque.com\/cd\/?p=705"]}]},{"@type":"ImageObject","inLanguage":"pt-BR","@id":"https:\/\/noticiasemdestaque.com\/cd\/?p=705#primaryimage","url":"https:\/\/noticiasemdestaque.com\/cd\/wp-content\/uploads\/2017\/06\/L8E5QM-1.jpg","contentUrl":"https:\/\/noticiasemdestaque.com\/cd\/wp-content\/uploads\/2017\/06\/L8E5QM-1.jpg","width":400,"height":300},{"@type":"BreadcrumbList","@id":"https:\/\/noticiasemdestaque.com\/cd\/?p=705#breadcrumb","itemListElement":[{"@type":"ListItem","position":1,"name":"In\u00edcio","item":"https:\/\/noticiasemdestaque.com\/cd\/"},{"@type":"ListItem","position":2,"name":"Governo sofre primeira derrota na reforma trabalhista no Senado"}]},{"@type":"WebSite","@id":"https:\/\/noticiasemdestaque.com\/cd\/#website","url":"https:\/\/noticiasemdestaque.com\/cd\/","name":"Not&iacute;cias em Destaque","description":"","publisher":{"@id":"https:\/\/noticiasemdestaque.com\/cd\/#organization"},"potentialAction":[{"@type":"SearchAction","target":{"@type":"EntryPoint","urlTemplate":"https:\/\/noticiasemdestaque.com\/cd\/?s={search_term_string}"},"query-input":{"@type":"PropertyValueSpecification","valueRequired":true,"valueName":"search_term_string"}}],"inLanguage":"pt-BR"},{"@type":"Organization","@id":"https:\/\/noticiasemdestaque.com\/cd\/#organization","name":"Not\u00edcias em Destaque","url":"https:\/\/noticiasemdestaque.com\/cd\/","logo":{"@type":"ImageObject","inLanguage":"pt-BR","@id":"https:\/\/noticiasemdestaque.com\/cd\/#\/schema\/logo\/image\/","url":"https:\/\/noticiasemdestaque.com\/cd\/wp-content\/uploads\/2022\/05\/imagem-base-noticiasemdestaque.png","contentUrl":"https:\/\/noticiasemdestaque.com\/cd\/wp-content\/uploads\/2022\/05\/imagem-base-noticiasemdestaque.png","width":1200,"height":630,"caption":"Not\u00edcias em Destaque"},"image":{"@id":"https:\/\/noticiasemdestaque.com\/cd\/#\/schema\/logo\/image\/"}},{"@type":"Person","@id":"https:\/\/noticiasemdestaque.com\/cd\/#\/schema\/person\/47f7d4f55eec17c6b2ca036c5500f6ce","name":"Not\u00edcias em Destaque","url":"https:\/\/noticiasemdestaque.com\/cd\/?author=2"}]}},"jetpack_featured_media_url":"https:\/\/noticiasemdestaque.com\/cd\/wp-content\/uploads\/2017\/06\/L8E5QM-1.jpg","jetpack_sharing_enabled":true,"_links":{"self":[{"href":"https:\/\/noticiasemdestaque.com\/cd\/index.php?rest_route=\/wp\/v2\/posts\/705","targetHints":{"allow":["GET"]}}],"collection":[{"href":"https:\/\/noticiasemdestaque.com\/cd\/index.php?rest_route=\/wp\/v2\/posts"}],"about":[{"href":"https:\/\/noticiasemdestaque.com\/cd\/index.php?rest_route=\/wp\/v2\/types\/post"}],"author":[{"embeddable":true,"href":"https:\/\/noticiasemdestaque.com\/cd\/index.php?rest_route=\/wp\/v2\/users\/2"}],"replies":[{"embeddable":true,"href":"https:\/\/noticiasemdestaque.com\/cd\/index.php?rest_route=%2Fwp%2Fv2%2Fcomments&post=705"}],"version-history":[{"count":1,"href":"https:\/\/noticiasemdestaque.com\/cd\/index.php?rest_route=\/wp\/v2\/posts\/705\/revisions"}],"predecessor-version":[{"id":707,"href":"https:\/\/noticiasemdestaque.com\/cd\/index.php?rest_route=\/wp\/v2\/posts\/705\/revisions\/707"}],"wp:featuredmedia":[{"embeddable":true,"href":"https:\/\/noticiasemdestaque.com\/cd\/index.php?rest_route=\/wp\/v2\/media\/706"}],"wp:attachment":[{"href":"https:\/\/noticiasemdestaque.com\/cd\/index.php?rest_route=%2Fwp%2Fv2%2Fmedia&parent=705"}],"wp:term":[{"taxonomy":"category","embeddable":true,"href":"https:\/\/noticiasemdestaque.com\/cd\/index.php?rest_route=%2Fwp%2Fv2%2Fcategories&post=705"},{"taxonomy":"post_tag","embeddable":true,"href":"https:\/\/noticiasemdestaque.com\/cd\/index.php?rest_route=%2Fwp%2Fv2%2Ftags&post=705"}],"curies":[{"name":"wp","href":"https:\/\/api.w.org\/{rel}","templated":true}]}}