{"id":702,"date":"2017-06-20T17:46:18","date_gmt":"2017-06-20T20:46:18","guid":{"rendered":"http:\/\/caririemdestaque.com\/cd\/?p=702"},"modified":"2017-06-20T17:46:18","modified_gmt":"2017-06-20T20:46:18","slug":"stf-adia-decisao-sobre-prisao-de-aecio-irma-passa-para-prisao-domiciliar","status":"publish","type":"post","link":"https:\/\/noticiasemdestaque.com\/cd\/?p=702","title":{"rendered":"STF adia decis\u00e3o sobre pris\u00e3o de A\u00e9cio; irm\u00e3 passa para pris\u00e3o domiciliar"},"content":{"rendered":"<p><a href=\"http:\/\/caririemdestaque.com\/cd\/wp-content\/uploads\/2017\/06\/LR5GGQ-1.jpg\"><img fetchpriority=\"high\" decoding=\"async\" class=\"size-medium wp-image-703 alignleft\" src=\"http:\/\/caririemdestaque.com\/cd\/wp-content\/uploads\/2017\/06\/LR5GGQ-1-300x225.jpg\" alt=\"\" width=\"300\" height=\"225\" srcset=\"https:\/\/noticiasemdestaque.com\/cd\/wp-content\/uploads\/2017\/06\/LR5GGQ-1-300x225.jpg 300w, https:\/\/noticiasemdestaque.com\/cd\/wp-content\/uploads\/2017\/06\/LR5GGQ-1.jpg 400w\" sizes=\"(max-width: 300px) 100vw, 300px\" \/><\/a>Supremo Tribunal Federal (STF) decidiu adiar, para data ainda indefinida, as decis\u00f5es sobre um novo pedido de pris\u00e3o do senador afastado A\u00e9cio Neves (PSDB-MG) e sobre pedido da defesa para que ele seja autorizado a retomar as atividades parlamentares.<\/p>\n<p>As duas quest\u00f5es estavam na pauta desta ter\u00e7a-feira (20) da Primeira Turma da Corte, formada por cinco ministros, mas o relator do caso, Marco Aur\u00e9lio Mello, disse que ainda vai decidir individualmente sobre um novo pedido de A\u00e9cio para levar o processo para o plen\u00e1rio do STF, formado por 11 ministros.<\/p>\n<p>S\u00f3 depois disso o ministro vai levar o pedido de pris\u00e3o e o de retorno \u00e0s fun\u00e7\u00f5es de senador para decis\u00e3o colegiada, na Primeira Turma ou no plen\u00e1rio do STF.<\/p>\n<p>Antes de adiar a defini\u00e7\u00e3o sobre A\u00e9cio, os ministros decidiram, por 3 votos a 2, converter em pris\u00e3o domiciliar com uso de tornozeleira eletr\u00f4nica a pris\u00e3o preventiva da irm\u00e3 e do primo senador, Andrea Neves e Frederico Pacheco, e de Mendherson Souza Lima, ex-assessor do senador Zeze Perrella.<\/p>\n<p>A\u00e9cio Neves foi afastado das fun\u00e7\u00f5es parlamentares no dia 18 de maio por determina\u00e7\u00e3o do ministro Edson Fachin, relator da Opera\u00e7\u00e3o Lava Jato no STF. O caso foi posteriormente passado a Marco Aur\u00e9lio por n\u00e3o ter rela\u00e7\u00e3o com desvios na Petrobras.<\/p>\n<p>Nesta ter\u00e7a, horas antes de seu novo pedido de pris\u00e3o ser analisado pela Primeira Turma, a defesa do senador pediu novamente que o caso fosse levado ao plen\u00e1rio. Marco Aur\u00e9lio Mello j\u00e1 havia rejeitado o mesmo pedido na semana passada, mas nesta ter\u00e7a resolveu examinar novamente a quest\u00e3o.<\/p>\n<p>Segundo os defensores do senador, a pris\u00e3o preventiva de um parlamentar \u00e9 in\u00e9dita na Suprema Corte e deve ser deliberada pelos 11 magistrados do tribunal.<\/p>\n<p>Uma eventual pris\u00e3o de A\u00e9cio, se aprovada pelo STF, ainda depender\u00e1 do aval de ao menos 41 dos 81 senadores.<\/p>\n<p>O tucano \u00e9 acusado de corrup\u00e7\u00e3o passiva e obstru\u00e7\u00e3o da Justi\u00e7a. Segundo as investiga\u00e7\u00f5es, ele teria pedido e recebido R$ 2 milh\u00f5es da JBS e atuado no Senado e junto ao Executivo para embara\u00e7ar as investiga\u00e7\u00f5es da Lava Jato.<\/p>\n<p>Na sess\u00e3o desta ter\u00e7a, os ministros analisariam um novo pedido de pris\u00e3o apresentado por Janot neste m\u00eas, num recurso contra uma decis\u00e3o de Fachin, em maio, que havia negado a pris\u00e3o de A\u00e9cio.<\/p>\n<p>Para o procurador-geral da Rep\u00fablica, o afastamento de A\u00e9cio do Parlamento n\u00e3o foi suficiente para aplacar o risco de novos delitos e de preju\u00edzo \u00e0s investiga\u00e7\u00f5es.<\/p>\n<p>Como prova, ele anexou uma foto postada pelo senador no Facebook, no dia 30 de maio, na qual aparece em conversas com os tamb\u00e9m senadores do PSDB Tasso Jereissati (CE), Antonio Anastasia (MG), Jos\u00e9 Serra (SP) e C\u00e1ssio Cunha Lima (PB).<\/p>\n<p>Em sua defesa, A\u00e9cio alega que foi alvo de uma \u201carma\u00e7\u00e3o\u201d do dono da JBS Joesley Batista, que o gravou pedindo os R$ 2 milh\u00f5es para ajud\u00e1-lo a pagar advogado. O senador nega qualquer contrapartida ao empres\u00e1rio e diz que sua atua\u00e7\u00e3o no Legislativo \u00e9 leg\u00edtima \u2013 o senador foi gravado apoiando, por exemplo, anistia ao caixa 2.<\/p>\n<p>Para se contrapor ao pedido de pris\u00e3o, o senador alega que tem cumprido \u201cintegralmente\u201d a decis\u00e3o de Fachin e se mant\u00e9m afastado das atividades parlamentares.<\/p>\n<p><strong><em>\u00a0Cariri em Destaque<\/em><\/strong><\/p>\n<p>Fonte: G1<\/p>\n","protected":false},"excerpt":{"rendered":"<p>Supremo Tribunal Federal (STF) decidiu adiar, para data ainda indefinida, as decis\u00f5es sobre um novo pedido de pris\u00e3o do senador afastado A\u00e9cio Neves (PSDB-MG) e sobre pedido da defesa para que ele seja autorizado a retomar as atividades parlamentares. As duas quest\u00f5es estavam na pauta desta ter\u00e7a-feira (20) da Primeira Turma da Corte, formada por cinco ministros, mas o relator do caso, Marco Aur\u00e9lio Mello, disse que ainda vai decidir individualmente sobre um novo pedido de A\u00e9cio para levar o processo para o plen\u00e1rio do STF, formado por 11 ministros. S\u00f3 depois disso o ministro vai levar o pedido de pris\u00e3o e o de retorno \u00e0s fun\u00e7\u00f5es de senador para decis\u00e3o colegiada, na Primeira Turma ou no plen\u00e1rio do STF. Antes de adiar a defini\u00e7\u00e3o sobre A\u00e9cio, os ministros decidiram, por 3 votos a 2, converter em pris\u00e3o domiciliar com uso de tornozeleira eletr\u00f4nica a pris\u00e3o preventiva da irm\u00e3 e do primo senador, Andrea Neves e Frederico Pacheco, e de Mendherson Souza Lima, ex-assessor do senador Zeze Perrella. A\u00e9cio Neves foi afastado das fun\u00e7\u00f5es parlamentares no dia 18 de maio por determina\u00e7\u00e3o do ministro Edson Fachin, relator da Opera\u00e7\u00e3o Lava Jato no STF. O caso foi posteriormente passado a Marco Aur\u00e9lio por n\u00e3o ter rela\u00e7\u00e3o com desvios na Petrobras. Nesta ter\u00e7a, horas antes de seu novo pedido de pris\u00e3o ser analisado pela Primeira Turma, a defesa do senador pediu novamente que o caso fosse levado ao plen\u00e1rio. Marco Aur\u00e9lio Mello j\u00e1 havia rejeitado o mesmo pedido na semana passada, mas nesta ter\u00e7a resolveu examinar novamente a quest\u00e3o. Segundo os defensores do senador, a pris\u00e3o preventiva de um parlamentar \u00e9 in\u00e9dita na Suprema Corte e deve ser deliberada pelos 11 magistrados do tribunal. Uma eventual pris\u00e3o de A\u00e9cio, se aprovada pelo STF, ainda depender\u00e1 do aval de ao menos 41 dos 81 senadores. O tucano \u00e9 acusado de corrup\u00e7\u00e3o passiva e obstru\u00e7\u00e3o da Justi\u00e7a. Segundo as investiga\u00e7\u00f5es, ele teria pedido e recebido R$ 2 milh\u00f5es da JBS e atuado no Senado e junto ao Executivo para embara\u00e7ar as investiga\u00e7\u00f5es da Lava Jato. Na sess\u00e3o desta ter\u00e7a, os ministros analisariam um novo pedido de pris\u00e3o apresentado por Janot neste m\u00eas, num recurso contra uma decis\u00e3o de Fachin, em maio, que havia negado a pris\u00e3o de A\u00e9cio. Para o procurador-geral da Rep\u00fablica, o afastamento de A\u00e9cio do Parlamento n\u00e3o foi suficiente para aplacar o risco de novos delitos e de preju\u00edzo \u00e0s investiga\u00e7\u00f5es. Como prova, ele anexou uma foto postada pelo senador no Facebook, no dia 30 de maio, na qual aparece em conversas com os tamb\u00e9m senadores do PSDB Tasso Jereissati (CE), Antonio Anastasia (MG), Jos\u00e9 Serra (SP) e C\u00e1ssio Cunha Lima (PB). Em sua defesa, A\u00e9cio alega que foi alvo de uma \u201carma\u00e7\u00e3o\u201d do dono da JBS Joesley Batista, que o gravou pedindo os R$ 2 milh\u00f5es para ajud\u00e1-lo a pagar advogado. O senador nega qualquer contrapartida ao empres\u00e1rio e diz que sua atua\u00e7\u00e3o no Legislativo \u00e9 leg\u00edtima \u2013 o senador foi gravado apoiando, por exemplo, anistia ao caixa 2. Para se contrapor ao pedido de pris\u00e3o, o senador alega que tem cumprido \u201cintegralmente\u201d a decis\u00e3o de Fachin e se mant\u00e9m afastado das atividades parlamentares. \u00a0Cariri em Destaque Fonte: G1<\/p>\n","protected":false},"author":2,"featured_media":703,"comment_status":"closed","ping_status":"open","sticky":false,"template":"","format":"standard","meta":{"_eb_attr":"","_jetpack_memberships_contains_paid_content":false,"footnotes":""},"categories":[4],"tags":[],"class_list":["post-702","post","type-post","status-publish","format-standard","has-post-thumbnail","hentry","category-politica"],"yoast_head":"<!-- This site is optimized with the Yoast SEO plugin v26.5 - https:\/\/yoast.com\/wordpress\/plugins\/seo\/ -->\n<title>STF adia decis\u00e3o sobre pris\u00e3o de A\u00e9cio; irm\u00e3 passa para pris\u00e3o domiciliar - Not&iacute;cias em Destaque<\/title>\n<meta name=\"robots\" content=\"index, follow, max-snippet:-1, max-image-preview:large, max-video-preview:-1\" \/>\n<link rel=\"canonical\" href=\"https:\/\/noticiasemdestaque.com\/cd\/?p=702\" \/>\n<meta property=\"og:locale\" content=\"pt_BR\" \/>\n<meta property=\"og:type\" content=\"article\" \/>\n<meta property=\"og:title\" content=\"STF adia decis\u00e3o sobre pris\u00e3o de A\u00e9cio; irm\u00e3 passa para pris\u00e3o domiciliar - Not&iacute;cias em Destaque\" \/>\n<meta property=\"og:description\" content=\"Supremo Tribunal Federal (STF) decidiu adiar, para data ainda indefinida, as decis\u00f5es sobre um novo pedido de pris\u00e3o do senador afastado A\u00e9cio Neves (PSDB-MG) e sobre pedido da defesa para que ele seja autorizado a retomar as atividades parlamentares. As duas quest\u00f5es estavam na pauta desta ter\u00e7a-feira (20) da Primeira Turma da Corte, formada por cinco ministros, mas o relator do caso, Marco Aur\u00e9lio Mello, disse que ainda vai decidir individualmente sobre um novo pedido de A\u00e9cio para levar o processo para o plen\u00e1rio do STF, formado por 11 ministros. S\u00f3 depois disso o ministro vai levar o pedido de pris\u00e3o e o de retorno \u00e0s fun\u00e7\u00f5es de senador para decis\u00e3o colegiada, na Primeira Turma ou no plen\u00e1rio do STF. Antes de adiar a defini\u00e7\u00e3o sobre A\u00e9cio, os ministros decidiram, por 3 votos a 2, converter em pris\u00e3o domiciliar com uso de tornozeleira eletr\u00f4nica a pris\u00e3o preventiva da irm\u00e3 e do primo senador, Andrea Neves e Frederico Pacheco, e de Mendherson Souza Lima, ex-assessor do senador Zeze Perrella. A\u00e9cio Neves foi afastado das fun\u00e7\u00f5es parlamentares no dia 18 de maio por determina\u00e7\u00e3o do ministro Edson Fachin, relator da Opera\u00e7\u00e3o Lava Jato no STF. O caso foi posteriormente passado a Marco Aur\u00e9lio por n\u00e3o ter rela\u00e7\u00e3o com desvios na Petrobras. Nesta ter\u00e7a, horas antes de seu novo pedido de pris\u00e3o ser analisado pela Primeira Turma, a defesa do senador pediu novamente que o caso fosse levado ao plen\u00e1rio. Marco Aur\u00e9lio Mello j\u00e1 havia rejeitado o mesmo pedido na semana passada, mas nesta ter\u00e7a resolveu examinar novamente a quest\u00e3o. Segundo os defensores do senador, a pris\u00e3o preventiva de um parlamentar \u00e9 in\u00e9dita na Suprema Corte e deve ser deliberada pelos 11 magistrados do tribunal. Uma eventual pris\u00e3o de A\u00e9cio, se aprovada pelo STF, ainda depender\u00e1 do aval de ao menos 41 dos 81 senadores. O tucano \u00e9 acusado de corrup\u00e7\u00e3o passiva e obstru\u00e7\u00e3o da Justi\u00e7a. Segundo as investiga\u00e7\u00f5es, ele teria pedido e recebido R$ 2 milh\u00f5es da JBS e atuado no Senado e junto ao Executivo para embara\u00e7ar as investiga\u00e7\u00f5es da Lava Jato. Na sess\u00e3o desta ter\u00e7a, os ministros analisariam um novo pedido de pris\u00e3o apresentado por Janot neste m\u00eas, num recurso contra uma decis\u00e3o de Fachin, em maio, que havia negado a pris\u00e3o de A\u00e9cio. Para o procurador-geral da Rep\u00fablica, o afastamento de A\u00e9cio do Parlamento n\u00e3o foi suficiente para aplacar o risco de novos delitos e de preju\u00edzo \u00e0s investiga\u00e7\u00f5es. Como prova, ele anexou uma foto postada pelo senador no Facebook, no dia 30 de maio, na qual aparece em conversas com os tamb\u00e9m senadores do PSDB Tasso Jereissati (CE), Antonio Anastasia (MG), Jos\u00e9 Serra (SP) e C\u00e1ssio Cunha Lima (PB). Em sua defesa, A\u00e9cio alega que foi alvo de uma \u201carma\u00e7\u00e3o\u201d do dono da JBS Joesley Batista, que o gravou pedindo os R$ 2 milh\u00f5es para ajud\u00e1-lo a pagar advogado. O senador nega qualquer contrapartida ao empres\u00e1rio e diz que sua atua\u00e7\u00e3o no Legislativo \u00e9 leg\u00edtima \u2013 o senador foi gravado apoiando, por exemplo, anistia ao caixa 2. Para se contrapor ao pedido de pris\u00e3o, o senador alega que tem cumprido \u201cintegralmente\u201d a decis\u00e3o de Fachin e se mant\u00e9m afastado das atividades parlamentares. \u00a0Cariri em Destaque Fonte: G1\" \/>\n<meta property=\"og:url\" content=\"https:\/\/noticiasemdestaque.com\/cd\/?p=702\" \/>\n<meta property=\"og:site_name\" content=\"Not&iacute;cias em Destaque\" \/>\n<meta property=\"article:published_time\" content=\"2017-06-20T20:46:18+00:00\" \/>\n<meta property=\"og:image\" content=\"https:\/\/noticiasemdestaque.com\/cd\/wp-content\/uploads\/2017\/06\/LR5GGQ-1.jpg\" \/>\n\t<meta property=\"og:image:width\" content=\"400\" \/>\n\t<meta property=\"og:image:height\" content=\"300\" \/>\n\t<meta property=\"og:image:type\" content=\"image\/jpeg\" \/>\n<meta name=\"author\" content=\"Not\u00edcias em Destaque\" \/>\n<meta name=\"twitter:card\" content=\"summary_large_image\" \/>\n<meta name=\"twitter:label1\" content=\"Escrito por\" \/>\n\t<meta name=\"twitter:data1\" content=\"Not\u00edcias em Destaque\" \/>\n\t<meta name=\"twitter:label2\" content=\"Est. tempo de leitura\" \/>\n\t<meta name=\"twitter:data2\" content=\"3 minutos\" \/>\n<script type=\"application\/ld+json\" class=\"yoast-schema-graph\">{\"@context\":\"https:\/\/schema.org\",\"@graph\":[{\"@type\":\"Article\",\"@id\":\"https:\/\/noticiasemdestaque.com\/cd\/?p=702#article\",\"isPartOf\":{\"@id\":\"https:\/\/noticiasemdestaque.com\/cd\/?p=702\"},\"author\":{\"name\":\"Not\u00edcias em Destaque\",\"@id\":\"https:\/\/noticiasemdestaque.com\/cd\/#\/schema\/person\/47f7d4f55eec17c6b2ca036c5500f6ce\"},\"headline\":\"STF adia decis\u00e3o sobre pris\u00e3o de A\u00e9cio; irm\u00e3 passa para pris\u00e3o domiciliar\",\"datePublished\":\"2017-06-20T20:46:18+00:00\",\"mainEntityOfPage\":{\"@id\":\"https:\/\/noticiasemdestaque.com\/cd\/?p=702\"},\"wordCount\":594,\"publisher\":{\"@id\":\"https:\/\/noticiasemdestaque.com\/cd\/#organization\"},\"image\":{\"@id\":\"https:\/\/noticiasemdestaque.com\/cd\/?p=702#primaryimage\"},\"thumbnailUrl\":\"https:\/\/noticiasemdestaque.com\/cd\/wp-content\/uploads\/2017\/06\/LR5GGQ-1.jpg\",\"articleSection\":[\"Pol\u00edtica\"],\"inLanguage\":\"pt-BR\"},{\"@type\":\"WebPage\",\"@id\":\"https:\/\/noticiasemdestaque.com\/cd\/?p=702\",\"url\":\"https:\/\/noticiasemdestaque.com\/cd\/?p=702\",\"name\":\"STF adia decis\u00e3o sobre pris\u00e3o de A\u00e9cio; irm\u00e3 passa para pris\u00e3o domiciliar - Not&iacute;cias em Destaque\",\"isPartOf\":{\"@id\":\"https:\/\/noticiasemdestaque.com\/cd\/#website\"},\"primaryImageOfPage\":{\"@id\":\"https:\/\/noticiasemdestaque.com\/cd\/?p=702#primaryimage\"},\"image\":{\"@id\":\"https:\/\/noticiasemdestaque.com\/cd\/?p=702#primaryimage\"},\"thumbnailUrl\":\"https:\/\/noticiasemdestaque.com\/cd\/wp-content\/uploads\/2017\/06\/LR5GGQ-1.jpg\",\"datePublished\":\"2017-06-20T20:46:18+00:00\",\"breadcrumb\":{\"@id\":\"https:\/\/noticiasemdestaque.com\/cd\/?p=702#breadcrumb\"},\"inLanguage\":\"pt-BR\",\"potentialAction\":[{\"@type\":\"ReadAction\",\"target\":[\"https:\/\/noticiasemdestaque.com\/cd\/?p=702\"]}]},{\"@type\":\"ImageObject\",\"inLanguage\":\"pt-BR\",\"@id\":\"https:\/\/noticiasemdestaque.com\/cd\/?p=702#primaryimage\",\"url\":\"https:\/\/noticiasemdestaque.com\/cd\/wp-content\/uploads\/2017\/06\/LR5GGQ-1.jpg\",\"contentUrl\":\"https:\/\/noticiasemdestaque.com\/cd\/wp-content\/uploads\/2017\/06\/LR5GGQ-1.jpg\",\"width\":400,\"height\":300},{\"@type\":\"BreadcrumbList\",\"@id\":\"https:\/\/noticiasemdestaque.com\/cd\/?p=702#breadcrumb\",\"itemListElement\":[{\"@type\":\"ListItem\",\"position\":1,\"name\":\"In\u00edcio\",\"item\":\"https:\/\/noticiasemdestaque.com\/cd\/\"},{\"@type\":\"ListItem\",\"position\":2,\"name\":\"STF adia decis\u00e3o sobre pris\u00e3o de A\u00e9cio; irm\u00e3 passa para pris\u00e3o domiciliar\"}]},{\"@type\":\"WebSite\",\"@id\":\"https:\/\/noticiasemdestaque.com\/cd\/#website\",\"url\":\"https:\/\/noticiasemdestaque.com\/cd\/\",\"name\":\"Not&iacute;cias em Destaque\",\"description\":\"\",\"publisher\":{\"@id\":\"https:\/\/noticiasemdestaque.com\/cd\/#organization\"},\"potentialAction\":[{\"@type\":\"SearchAction\",\"target\":{\"@type\":\"EntryPoint\",\"urlTemplate\":\"https:\/\/noticiasemdestaque.com\/cd\/?s={search_term_string}\"},\"query-input\":{\"@type\":\"PropertyValueSpecification\",\"valueRequired\":true,\"valueName\":\"search_term_string\"}}],\"inLanguage\":\"pt-BR\"},{\"@type\":\"Organization\",\"@id\":\"https:\/\/noticiasemdestaque.com\/cd\/#organization\",\"name\":\"Not\u00edcias em Destaque\",\"url\":\"https:\/\/noticiasemdestaque.com\/cd\/\",\"logo\":{\"@type\":\"ImageObject\",\"inLanguage\":\"pt-BR\",\"@id\":\"https:\/\/noticiasemdestaque.com\/cd\/#\/schema\/logo\/image\/\",\"url\":\"https:\/\/noticiasemdestaque.com\/cd\/wp-content\/uploads\/2022\/05\/imagem-base-noticiasemdestaque.png\",\"contentUrl\":\"https:\/\/noticiasemdestaque.com\/cd\/wp-content\/uploads\/2022\/05\/imagem-base-noticiasemdestaque.png\",\"width\":1200,\"height\":630,\"caption\":\"Not\u00edcias em Destaque\"},\"image\":{\"@id\":\"https:\/\/noticiasemdestaque.com\/cd\/#\/schema\/logo\/image\/\"}},{\"@type\":\"Person\",\"@id\":\"https:\/\/noticiasemdestaque.com\/cd\/#\/schema\/person\/47f7d4f55eec17c6b2ca036c5500f6ce\",\"name\":\"Not\u00edcias em Destaque\",\"url\":\"https:\/\/noticiasemdestaque.com\/cd\/?author=2\"}]}<\/script>\n<!-- \/ Yoast SEO plugin. -->","yoast_head_json":{"title":"STF adia decis\u00e3o sobre pris\u00e3o de A\u00e9cio; irm\u00e3 passa para pris\u00e3o domiciliar - Not&iacute;cias em Destaque","robots":{"index":"index","follow":"follow","max-snippet":"max-snippet:-1","max-image-preview":"max-image-preview:large","max-video-preview":"max-video-preview:-1"},"canonical":"https:\/\/noticiasemdestaque.com\/cd\/?p=702","og_locale":"pt_BR","og_type":"article","og_title":"STF adia decis\u00e3o sobre pris\u00e3o de A\u00e9cio; irm\u00e3 passa para pris\u00e3o domiciliar - Not&iacute;cias em Destaque","og_description":"Supremo Tribunal Federal (STF) decidiu adiar, para data ainda indefinida, as decis\u00f5es sobre um novo pedido de pris\u00e3o do senador afastado A\u00e9cio Neves (PSDB-MG) e sobre pedido da defesa para que ele seja autorizado a retomar as atividades parlamentares. As duas quest\u00f5es estavam na pauta desta ter\u00e7a-feira (20) da Primeira Turma da Corte, formada por cinco ministros, mas o relator do caso, Marco Aur\u00e9lio Mello, disse que ainda vai decidir individualmente sobre um novo pedido de A\u00e9cio para levar o processo para o plen\u00e1rio do STF, formado por 11 ministros. S\u00f3 depois disso o ministro vai levar o pedido de pris\u00e3o e o de retorno \u00e0s fun\u00e7\u00f5es de senador para decis\u00e3o colegiada, na Primeira Turma ou no plen\u00e1rio do STF. Antes de adiar a defini\u00e7\u00e3o sobre A\u00e9cio, os ministros decidiram, por 3 votos a 2, converter em pris\u00e3o domiciliar com uso de tornozeleira eletr\u00f4nica a pris\u00e3o preventiva da irm\u00e3 e do primo senador, Andrea Neves e Frederico Pacheco, e de Mendherson Souza Lima, ex-assessor do senador Zeze Perrella. A\u00e9cio Neves foi afastado das fun\u00e7\u00f5es parlamentares no dia 18 de maio por determina\u00e7\u00e3o do ministro Edson Fachin, relator da Opera\u00e7\u00e3o Lava Jato no STF. O caso foi posteriormente passado a Marco Aur\u00e9lio por n\u00e3o ter rela\u00e7\u00e3o com desvios na Petrobras. Nesta ter\u00e7a, horas antes de seu novo pedido de pris\u00e3o ser analisado pela Primeira Turma, a defesa do senador pediu novamente que o caso fosse levado ao plen\u00e1rio. Marco Aur\u00e9lio Mello j\u00e1 havia rejeitado o mesmo pedido na semana passada, mas nesta ter\u00e7a resolveu examinar novamente a quest\u00e3o. Segundo os defensores do senador, a pris\u00e3o preventiva de um parlamentar \u00e9 in\u00e9dita na Suprema Corte e deve ser deliberada pelos 11 magistrados do tribunal. Uma eventual pris\u00e3o de A\u00e9cio, se aprovada pelo STF, ainda depender\u00e1 do aval de ao menos 41 dos 81 senadores. O tucano \u00e9 acusado de corrup\u00e7\u00e3o passiva e obstru\u00e7\u00e3o da Justi\u00e7a. Segundo as investiga\u00e7\u00f5es, ele teria pedido e recebido R$ 2 milh\u00f5es da JBS e atuado no Senado e junto ao Executivo para embara\u00e7ar as investiga\u00e7\u00f5es da Lava Jato. Na sess\u00e3o desta ter\u00e7a, os ministros analisariam um novo pedido de pris\u00e3o apresentado por Janot neste m\u00eas, num recurso contra uma decis\u00e3o de Fachin, em maio, que havia negado a pris\u00e3o de A\u00e9cio. Para o procurador-geral da Rep\u00fablica, o afastamento de A\u00e9cio do Parlamento n\u00e3o foi suficiente para aplacar o risco de novos delitos e de preju\u00edzo \u00e0s investiga\u00e7\u00f5es. Como prova, ele anexou uma foto postada pelo senador no Facebook, no dia 30 de maio, na qual aparece em conversas com os tamb\u00e9m senadores do PSDB Tasso Jereissati (CE), Antonio Anastasia (MG), Jos\u00e9 Serra (SP) e C\u00e1ssio Cunha Lima (PB). Em sua defesa, A\u00e9cio alega que foi alvo de uma \u201carma\u00e7\u00e3o\u201d do dono da JBS Joesley Batista, que o gravou pedindo os R$ 2 milh\u00f5es para ajud\u00e1-lo a pagar advogado. O senador nega qualquer contrapartida ao empres\u00e1rio e diz que sua atua\u00e7\u00e3o no Legislativo \u00e9 leg\u00edtima \u2013 o senador foi gravado apoiando, por exemplo, anistia ao caixa 2. Para se contrapor ao pedido de pris\u00e3o, o senador alega que tem cumprido \u201cintegralmente\u201d a decis\u00e3o de Fachin e se mant\u00e9m afastado das atividades parlamentares. \u00a0Cariri em Destaque Fonte: G1","og_url":"https:\/\/noticiasemdestaque.com\/cd\/?p=702","og_site_name":"Not&iacute;cias em Destaque","article_published_time":"2017-06-20T20:46:18+00:00","og_image":[{"width":400,"height":300,"url":"https:\/\/noticiasemdestaque.com\/cd\/wp-content\/uploads\/2017\/06\/LR5GGQ-1.jpg","type":"image\/jpeg"}],"author":"Not\u00edcias em Destaque","twitter_card":"summary_large_image","twitter_misc":{"Escrito por":"Not\u00edcias em Destaque","Est. tempo de leitura":"3 minutos"},"schema":{"@context":"https:\/\/schema.org","@graph":[{"@type":"Article","@id":"https:\/\/noticiasemdestaque.com\/cd\/?p=702#article","isPartOf":{"@id":"https:\/\/noticiasemdestaque.com\/cd\/?p=702"},"author":{"name":"Not\u00edcias em Destaque","@id":"https:\/\/noticiasemdestaque.com\/cd\/#\/schema\/person\/47f7d4f55eec17c6b2ca036c5500f6ce"},"headline":"STF adia decis\u00e3o sobre pris\u00e3o de A\u00e9cio; irm\u00e3 passa para pris\u00e3o domiciliar","datePublished":"2017-06-20T20:46:18+00:00","mainEntityOfPage":{"@id":"https:\/\/noticiasemdestaque.com\/cd\/?p=702"},"wordCount":594,"publisher":{"@id":"https:\/\/noticiasemdestaque.com\/cd\/#organization"},"image":{"@id":"https:\/\/noticiasemdestaque.com\/cd\/?p=702#primaryimage"},"thumbnailUrl":"https:\/\/noticiasemdestaque.com\/cd\/wp-content\/uploads\/2017\/06\/LR5GGQ-1.jpg","articleSection":["Pol\u00edtica"],"inLanguage":"pt-BR"},{"@type":"WebPage","@id":"https:\/\/noticiasemdestaque.com\/cd\/?p=702","url":"https:\/\/noticiasemdestaque.com\/cd\/?p=702","name":"STF adia decis\u00e3o sobre pris\u00e3o de A\u00e9cio; irm\u00e3 passa para pris\u00e3o domiciliar - Not&iacute;cias em Destaque","isPartOf":{"@id":"https:\/\/noticiasemdestaque.com\/cd\/#website"},"primaryImageOfPage":{"@id":"https:\/\/noticiasemdestaque.com\/cd\/?p=702#primaryimage"},"image":{"@id":"https:\/\/noticiasemdestaque.com\/cd\/?p=702#primaryimage"},"thumbnailUrl":"https:\/\/noticiasemdestaque.com\/cd\/wp-content\/uploads\/2017\/06\/LR5GGQ-1.jpg","datePublished":"2017-06-20T20:46:18+00:00","breadcrumb":{"@id":"https:\/\/noticiasemdestaque.com\/cd\/?p=702#breadcrumb"},"inLanguage":"pt-BR","potentialAction":[{"@type":"ReadAction","target":["https:\/\/noticiasemdestaque.com\/cd\/?p=702"]}]},{"@type":"ImageObject","inLanguage":"pt-BR","@id":"https:\/\/noticiasemdestaque.com\/cd\/?p=702#primaryimage","url":"https:\/\/noticiasemdestaque.com\/cd\/wp-content\/uploads\/2017\/06\/LR5GGQ-1.jpg","contentUrl":"https:\/\/noticiasemdestaque.com\/cd\/wp-content\/uploads\/2017\/06\/LR5GGQ-1.jpg","width":400,"height":300},{"@type":"BreadcrumbList","@id":"https:\/\/noticiasemdestaque.com\/cd\/?p=702#breadcrumb","itemListElement":[{"@type":"ListItem","position":1,"name":"In\u00edcio","item":"https:\/\/noticiasemdestaque.com\/cd\/"},{"@type":"ListItem","position":2,"name":"STF adia decis\u00e3o sobre pris\u00e3o de A\u00e9cio; irm\u00e3 passa para pris\u00e3o domiciliar"}]},{"@type":"WebSite","@id":"https:\/\/noticiasemdestaque.com\/cd\/#website","url":"https:\/\/noticiasemdestaque.com\/cd\/","name":"Not&iacute;cias em Destaque","description":"","publisher":{"@id":"https:\/\/noticiasemdestaque.com\/cd\/#organization"},"potentialAction":[{"@type":"SearchAction","target":{"@type":"EntryPoint","urlTemplate":"https:\/\/noticiasemdestaque.com\/cd\/?s={search_term_string}"},"query-input":{"@type":"PropertyValueSpecification","valueRequired":true,"valueName":"search_term_string"}}],"inLanguage":"pt-BR"},{"@type":"Organization","@id":"https:\/\/noticiasemdestaque.com\/cd\/#organization","name":"Not\u00edcias em Destaque","url":"https:\/\/noticiasemdestaque.com\/cd\/","logo":{"@type":"ImageObject","inLanguage":"pt-BR","@id":"https:\/\/noticiasemdestaque.com\/cd\/#\/schema\/logo\/image\/","url":"https:\/\/noticiasemdestaque.com\/cd\/wp-content\/uploads\/2022\/05\/imagem-base-noticiasemdestaque.png","contentUrl":"https:\/\/noticiasemdestaque.com\/cd\/wp-content\/uploads\/2022\/05\/imagem-base-noticiasemdestaque.png","width":1200,"height":630,"caption":"Not\u00edcias em Destaque"},"image":{"@id":"https:\/\/noticiasemdestaque.com\/cd\/#\/schema\/logo\/image\/"}},{"@type":"Person","@id":"https:\/\/noticiasemdestaque.com\/cd\/#\/schema\/person\/47f7d4f55eec17c6b2ca036c5500f6ce","name":"Not\u00edcias em Destaque","url":"https:\/\/noticiasemdestaque.com\/cd\/?author=2"}]}},"jetpack_featured_media_url":"https:\/\/noticiasemdestaque.com\/cd\/wp-content\/uploads\/2017\/06\/LR5GGQ-1.jpg","jetpack_sharing_enabled":true,"_links":{"self":[{"href":"https:\/\/noticiasemdestaque.com\/cd\/index.php?rest_route=\/wp\/v2\/posts\/702","targetHints":{"allow":["GET"]}}],"collection":[{"href":"https:\/\/noticiasemdestaque.com\/cd\/index.php?rest_route=\/wp\/v2\/posts"}],"about":[{"href":"https:\/\/noticiasemdestaque.com\/cd\/index.php?rest_route=\/wp\/v2\/types\/post"}],"author":[{"embeddable":true,"href":"https:\/\/noticiasemdestaque.com\/cd\/index.php?rest_route=\/wp\/v2\/users\/2"}],"replies":[{"embeddable":true,"href":"https:\/\/noticiasemdestaque.com\/cd\/index.php?rest_route=%2Fwp%2Fv2%2Fcomments&post=702"}],"version-history":[{"count":1,"href":"https:\/\/noticiasemdestaque.com\/cd\/index.php?rest_route=\/wp\/v2\/posts\/702\/revisions"}],"predecessor-version":[{"id":704,"href":"https:\/\/noticiasemdestaque.com\/cd\/index.php?rest_route=\/wp\/v2\/posts\/702\/revisions\/704"}],"wp:featuredmedia":[{"embeddable":true,"href":"https:\/\/noticiasemdestaque.com\/cd\/index.php?rest_route=\/wp\/v2\/media\/703"}],"wp:attachment":[{"href":"https:\/\/noticiasemdestaque.com\/cd\/index.php?rest_route=%2Fwp%2Fv2%2Fmedia&parent=702"}],"wp:term":[{"taxonomy":"category","embeddable":true,"href":"https:\/\/noticiasemdestaque.com\/cd\/index.php?rest_route=%2Fwp%2Fv2%2Fcategories&post=702"},{"taxonomy":"post_tag","embeddable":true,"href":"https:\/\/noticiasemdestaque.com\/cd\/index.php?rest_route=%2Fwp%2Fv2%2Ftags&post=702"}],"curies":[{"name":"wp","href":"https:\/\/api.w.org\/{rel}","templated":true}]}}