{"id":7016,"date":"2017-12-29T07:16:07","date_gmt":"2017-12-29T10:16:07","guid":{"rendered":"http:\/\/caririemdestaque.com\/cd\/?p=7016"},"modified":"2017-12-29T07:16:07","modified_gmt":"2017-12-29T10:16:07","slug":"dor-de-estomago-pode-ser-causada-por-ulcera-gastrite-ou-pedra-na-vesicula","status":"publish","type":"post","link":"https:\/\/noticiasemdestaque.com\/cd\/?p=7016","title":{"rendered":"Dor de est\u00f4mago pode ser causada por \u00falcera, gastrite ou pedra na ves\u00edcula"},"content":{"rendered":"<div class=\"mc-column content-text active-extra-styles active-capital-letter\" data-block-type=\"unstyled\" data-block-weight=\"45\" data-block-id=\"2\">\n<p class=\"content-text__container theme-color-primary-first-letter\" data-track-category=\"Link no Texto\" data-track-links=\"\"><a href=\"http:\/\/www.focandoanoticia.com.br\/wp-content\/uploads\/2017\/12\/dor-estomago.jpg\"><img fetchpriority=\"high\" decoding=\"async\" class=\"alignleft size-medium wp-image-238449\" src=\"http:\/\/www.focandoanoticia.com.br\/wp-content\/uploads\/2017\/12\/dor-estomago-300x170.jpg\" sizes=\"(max-width: 300px) 100vw, 300px\" srcset=\"http:\/\/www.focandoanoticia.com.br\/wp-content\/uploads\/2017\/12\/dor-estomago-300x170.jpg 300w, http:\/\/www.focandoanoticia.com.br\/wp-content\/uploads\/2017\/12\/dor-estomago.jpg 640w\" alt=\"\" width=\"300\" height=\"170\" data-id=\"238449\" \/><\/a>O que pode causar a dor de est\u00f4mago? O Bem Estar desta quarta-feira (27) mostrou que as causas podem ser variadas, como \u00falcera, gastrite, pedra na ves\u00edcula e verminosas. Para falar sobre o assunto, convidamos o gastroenterologista Ricardo Barbutti e o oncologista Felipe Fernandez Coimbra.<\/p>\n<\/div>\n<div class=\"mc-column content-text active-extra-styles \" data-block-type=\"unstyled\" data-block-weight=\"34\" data-block-id=\"3\">\n<p class=\"content-text__container \" data-track-category=\"Link no Texto\" data-track-links=\"\">S\u00e3o dois os tipos de gastrite, no popular dado a qualquer desconforto g\u00e1strico: a org\u00e2nica, que pode ser causada por problema qu\u00edmico, bioqu\u00edmico, inflamat\u00f3rio, infeccioso ou anat\u00f4mico; e a funcional: conhecida como gastrite nervosa.<\/p>\n<\/div>\n<div class=\"mc-column content-text active-extra-styles \" data-block-type=\"unstyled\" data-block-weight=\"2\" data-block-id=\"4\">\n<p class=\"content-text__container \" data-track-category=\"Link no Texto\" data-track-links=\"\"><strong>H. Pylori<\/strong><\/p>\n<\/div>\n<div class=\"mc-column content-text active-extra-styles \" data-block-type=\"unstyled\" data-block-weight=\"33\" data-block-id=\"5\">\n<p class=\"content-text__container \" data-track-category=\"Link no Texto\" data-track-links=\"\">Estima-se que 50% da popula\u00e7\u00e3o mundial tenha essa bact\u00e9ria no est\u00f4mago. No Brasil pode chegar a 70%. Segundo o gastroenterologista Ricardo Barbutti, a maioria das pessoas que tem a inflama\u00e7\u00e3o n\u00e3o tem sintomas.<\/p>\n<\/div>\n<div class=\"mc-column content-text active-extra-styles \" data-block-type=\"unstyled\" data-block-weight=\"25\" data-block-id=\"6\">\n<p class=\"content-text__container \" data-track-category=\"Link no Texto\" data-track-links=\"\">O diagn\u00f3stico \u00e9 feito atrav\u00e9s de exames, como endoscopia, fezes, sangue e teste respirat\u00f3rio com c\u00e1psula de ureia. J\u00e1 o tratamento \u00e9 feito com antibi\u00f3tico.<\/p>\n<\/div>\n<div class=\"mc-column content-text active-extra-styles \" data-block-type=\"unstyled\" data-block-weight=\"2\" data-block-id=\"7\">\n<p class=\"content-text__container \" data-track-category=\"Link no Texto\" data-track-links=\"\"><strong>C\u00e2ncer g\u00e1strico<\/strong><\/p>\n<\/div>\n<div class=\"mc-column content-text active-extra-styles \" data-block-type=\"unstyled\" data-block-weight=\"42\" data-block-id=\"8\">\n<p class=\"content-text__container \" data-track-category=\"Link no Texto\" data-track-links=\"\">O c\u00e2ncer de est\u00f4mago costuma ter diagn\u00f3stico tardio por duas raz\u00f5es: falta de acesso \u00e0 um bom servi\u00e7o de sa\u00fade ou demora para buscar ajuda. No in\u00edcio ele pode n\u00e3o dar sintomas, mas em geral d\u00e1 gastrite, m\u00e1 digest\u00e3o, queima\u00e7\u00e3o e emagrecimento.<\/p>\n<\/div>\n<div class=\"mc-column content-text active-extra-styles \" data-block-type=\"unstyled\" data-block-weight=\"10\" data-block-id=\"9\">\n<p class=\"content-text__container \" data-track-category=\"Link no Texto\" data-track-links=\"\">Veja os fatores de risco para o c\u00e2ncer de est\u00f4mago:<\/p>\n<\/div>\n<div class=\"mc-column content-text active-extra-styles\" data-block-type=\"raw\" data-block-weight=\"20\" data-block-id=\"10\">\n<ul class=\"content-unordered-list\">\n<li>Bact\u00e9ria H. Pylori<\/li>\n<li>Gastrite cr\u00f4nica atr\u00f3fica<\/li>\n<li>P\u00f3lipos no est\u00f4mago<\/li>\n<li>Alimenta\u00e7\u00e3o inadequada<\/li>\n<li>Familiares de 1\u00ba grau com c\u00e2ncer de est\u00f4mago<\/li>\n<li>Tabagismo<\/li>\n<\/ul>\n<\/div>\n<p>Fonte:G1<\/p>\n","protected":false},"excerpt":{"rendered":"<p>O que pode causar a dor de est\u00f4mago? O Bem Estar desta quarta-feira (27) mostrou que as causas podem ser variadas, como \u00falcera, gastrite, pedra na ves\u00edcula e verminosas. Para falar sobre o assunto, convidamos o gastroenterologista Ricardo Barbutti e o oncologista Felipe Fernandez Coimbra. S\u00e3o dois os tipos de gastrite, no popular dado a qualquer desconforto g\u00e1strico: a org\u00e2nica, que pode ser causada por problema qu\u00edmico, bioqu\u00edmico, inflamat\u00f3rio, infeccioso ou anat\u00f4mico; e a funcional: conhecida como gastrite nervosa. H. Pylori Estima-se que 50% da popula\u00e7\u00e3o mundial tenha essa bact\u00e9ria no est\u00f4mago. No Brasil pode chegar a 70%. Segundo o gastroenterologista Ricardo Barbutti, a maioria das pessoas que tem a inflama\u00e7\u00e3o n\u00e3o tem sintomas. O diagn\u00f3stico \u00e9 feito atrav\u00e9s de exames, como endoscopia, fezes, sangue e teste respirat\u00f3rio com c\u00e1psula de ureia. J\u00e1 o tratamento \u00e9 feito com antibi\u00f3tico. C\u00e2ncer g\u00e1strico O c\u00e2ncer de est\u00f4mago costuma ter diagn\u00f3stico tardio por duas raz\u00f5es: falta de acesso \u00e0 um bom servi\u00e7o de sa\u00fade ou demora para buscar ajuda. No in\u00edcio ele pode n\u00e3o dar sintomas, mas em geral d\u00e1 gastrite, m\u00e1 digest\u00e3o, queima\u00e7\u00e3o e emagrecimento. Veja os fatores de risco para o c\u00e2ncer de est\u00f4mago: Bact\u00e9ria H. Pylori Gastrite cr\u00f4nica atr\u00f3fica P\u00f3lipos no est\u00f4mago Alimenta\u00e7\u00e3o inadequada Familiares de 1\u00ba grau com c\u00e2ncer de est\u00f4mago Tabagismo Fonte:G1<\/p>\n","protected":false},"author":2,"featured_media":7017,"comment_status":"closed","ping_status":"open","sticky":false,"template":"","format":"standard","meta":{"_eb_attr":"","_jetpack_memberships_contains_paid_content":false,"footnotes":""},"categories":[8],"tags":[],"class_list":["post-7016","post","type-post","status-publish","format-standard","has-post-thumbnail","hentry","category-saude"],"yoast_head":"<!-- This site is optimized with the Yoast SEO plugin v26.5 - https:\/\/yoast.com\/wordpress\/plugins\/seo\/ -->\n<title>Dor de est\u00f4mago pode ser causada por \u00falcera, gastrite ou pedra na ves\u00edcula - Not&iacute;cias em Destaque<\/title>\n<meta name=\"robots\" content=\"index, follow, max-snippet:-1, max-image-preview:large, max-video-preview:-1\" \/>\n<link rel=\"canonical\" href=\"https:\/\/noticiasemdestaque.com\/cd\/?p=7016\" \/>\n<meta property=\"og:locale\" content=\"pt_BR\" \/>\n<meta property=\"og:type\" content=\"article\" \/>\n<meta property=\"og:title\" content=\"Dor de est\u00f4mago pode ser causada por \u00falcera, gastrite ou pedra na ves\u00edcula - Not&iacute;cias em Destaque\" \/>\n<meta property=\"og:description\" content=\"O que pode causar a dor de est\u00f4mago? O Bem Estar desta quarta-feira (27) mostrou que as causas podem ser variadas, como \u00falcera, gastrite, pedra na ves\u00edcula e verminosas. Para falar sobre o assunto, convidamos o gastroenterologista Ricardo Barbutti e o oncologista Felipe Fernandez Coimbra. S\u00e3o dois os tipos de gastrite, no popular dado a qualquer desconforto g\u00e1strico: a org\u00e2nica, que pode ser causada por problema qu\u00edmico, bioqu\u00edmico, inflamat\u00f3rio, infeccioso ou anat\u00f4mico; e a funcional: conhecida como gastrite nervosa. H. Pylori Estima-se que 50% da popula\u00e7\u00e3o mundial tenha essa bact\u00e9ria no est\u00f4mago. No Brasil pode chegar a 70%. Segundo o gastroenterologista Ricardo Barbutti, a maioria das pessoas que tem a inflama\u00e7\u00e3o n\u00e3o tem sintomas. O diagn\u00f3stico \u00e9 feito atrav\u00e9s de exames, como endoscopia, fezes, sangue e teste respirat\u00f3rio com c\u00e1psula de ureia. J\u00e1 o tratamento \u00e9 feito com antibi\u00f3tico. C\u00e2ncer g\u00e1strico O c\u00e2ncer de est\u00f4mago costuma ter diagn\u00f3stico tardio por duas raz\u00f5es: falta de acesso \u00e0 um bom servi\u00e7o de sa\u00fade ou demora para buscar ajuda. No in\u00edcio ele pode n\u00e3o dar sintomas, mas em geral d\u00e1 gastrite, m\u00e1 digest\u00e3o, queima\u00e7\u00e3o e emagrecimento. Veja os fatores de risco para o c\u00e2ncer de est\u00f4mago: Bact\u00e9ria H. Pylori Gastrite cr\u00f4nica atr\u00f3fica P\u00f3lipos no est\u00f4mago Alimenta\u00e7\u00e3o inadequada Familiares de 1\u00ba grau com c\u00e2ncer de est\u00f4mago Tabagismo Fonte:G1\" \/>\n<meta property=\"og:url\" content=\"https:\/\/noticiasemdestaque.com\/cd\/?p=7016\" \/>\n<meta property=\"og:site_name\" content=\"Not&iacute;cias em Destaque\" \/>\n<meta property=\"article:published_time\" content=\"2017-12-29T10:16:07+00:00\" \/>\n<meta property=\"og:image\" content=\"https:\/\/noticiasemdestaque.com\/cd\/wp-content\/uploads\/2017\/12\/dor-estomago.jpg\" \/>\n\t<meta property=\"og:image:width\" content=\"640\" \/>\n\t<meta property=\"og:image:height\" content=\"363\" \/>\n\t<meta property=\"og:image:type\" content=\"image\/jpeg\" \/>\n<meta name=\"author\" content=\"Not\u00edcias em Destaque\" \/>\n<meta name=\"twitter:card\" content=\"summary_large_image\" \/>\n<meta name=\"twitter:label1\" content=\"Escrito por\" \/>\n\t<meta name=\"twitter:data1\" content=\"Not\u00edcias em Destaque\" \/>\n\t<meta name=\"twitter:label2\" content=\"Est. tempo de leitura\" \/>\n\t<meta name=\"twitter:data2\" content=\"1 minuto\" \/>\n<script type=\"application\/ld+json\" class=\"yoast-schema-graph\">{\"@context\":\"https:\/\/schema.org\",\"@graph\":[{\"@type\":\"Article\",\"@id\":\"https:\/\/noticiasemdestaque.com\/cd\/?p=7016#article\",\"isPartOf\":{\"@id\":\"https:\/\/noticiasemdestaque.com\/cd\/?p=7016\"},\"author\":{\"name\":\"Not\u00edcias em Destaque\",\"@id\":\"https:\/\/noticiasemdestaque.com\/cd\/#\/schema\/person\/21320b03a7e8bb90128938dafc9b908a\"},\"headline\":\"Dor de est\u00f4mago pode ser causada por \u00falcera, gastrite ou pedra na ves\u00edcula\",\"datePublished\":\"2017-12-29T10:16:07+00:00\",\"mainEntityOfPage\":{\"@id\":\"https:\/\/noticiasemdestaque.com\/cd\/?p=7016\"},\"wordCount\":264,\"publisher\":{\"@id\":\"https:\/\/noticiasemdestaque.com\/cd\/#organization\"},\"image\":{\"@id\":\"https:\/\/noticiasemdestaque.com\/cd\/?p=7016#primaryimage\"},\"thumbnailUrl\":\"https:\/\/noticiasemdestaque.com\/cd\/wp-content\/uploads\/2017\/12\/dor-estomago.jpg\",\"articleSection\":[\"Sa\u00fade\"],\"inLanguage\":\"pt-BR\"},{\"@type\":\"WebPage\",\"@id\":\"https:\/\/noticiasemdestaque.com\/cd\/?p=7016\",\"url\":\"https:\/\/noticiasemdestaque.com\/cd\/?p=7016\",\"name\":\"Dor de est\u00f4mago pode ser causada por \u00falcera, gastrite ou pedra na ves\u00edcula - Not&iacute;cias em Destaque\",\"isPartOf\":{\"@id\":\"https:\/\/noticiasemdestaque.com\/cd\/#website\"},\"primaryImageOfPage\":{\"@id\":\"https:\/\/noticiasemdestaque.com\/cd\/?p=7016#primaryimage\"},\"image\":{\"@id\":\"https:\/\/noticiasemdestaque.com\/cd\/?p=7016#primaryimage\"},\"thumbnailUrl\":\"https:\/\/noticiasemdestaque.com\/cd\/wp-content\/uploads\/2017\/12\/dor-estomago.jpg\",\"datePublished\":\"2017-12-29T10:16:07+00:00\",\"breadcrumb\":{\"@id\":\"https:\/\/noticiasemdestaque.com\/cd\/?p=7016#breadcrumb\"},\"inLanguage\":\"pt-BR\",\"potentialAction\":[{\"@type\":\"ReadAction\",\"target\":[\"https:\/\/noticiasemdestaque.com\/cd\/?p=7016\"]}]},{\"@type\":\"ImageObject\",\"inLanguage\":\"pt-BR\",\"@id\":\"https:\/\/noticiasemdestaque.com\/cd\/?p=7016#primaryimage\",\"url\":\"https:\/\/noticiasemdestaque.com\/cd\/wp-content\/uploads\/2017\/12\/dor-estomago.jpg\",\"contentUrl\":\"https:\/\/noticiasemdestaque.com\/cd\/wp-content\/uploads\/2017\/12\/dor-estomago.jpg\",\"width\":640,\"height\":363},{\"@type\":\"BreadcrumbList\",\"@id\":\"https:\/\/noticiasemdestaque.com\/cd\/?p=7016#breadcrumb\",\"itemListElement\":[{\"@type\":\"ListItem\",\"position\":1,\"name\":\"In\u00edcio\",\"item\":\"https:\/\/noticiasemdestaque.com\/cd\/\"},{\"@type\":\"ListItem\",\"position\":2,\"name\":\"Dor de est\u00f4mago pode ser causada por \u00falcera, gastrite ou pedra na ves\u00edcula\"}]},{\"@type\":\"WebSite\",\"@id\":\"https:\/\/noticiasemdestaque.com\/cd\/#website\",\"url\":\"https:\/\/noticiasemdestaque.com\/cd\/\",\"name\":\"Not&iacute;cias em Destaque\",\"description\":\"\",\"publisher\":{\"@id\":\"https:\/\/noticiasemdestaque.com\/cd\/#organization\"},\"potentialAction\":[{\"@type\":\"SearchAction\",\"target\":{\"@type\":\"EntryPoint\",\"urlTemplate\":\"https:\/\/noticiasemdestaque.com\/cd\/?s={search_term_string}\"},\"query-input\":{\"@type\":\"PropertyValueSpecification\",\"valueRequired\":true,\"valueName\":\"search_term_string\"}}],\"inLanguage\":\"pt-BR\"},{\"@type\":\"Organization\",\"@id\":\"https:\/\/noticiasemdestaque.com\/cd\/#organization\",\"name\":\"Not\u00edcias em Destaque\",\"url\":\"https:\/\/noticiasemdestaque.com\/cd\/\",\"logo\":{\"@type\":\"ImageObject\",\"inLanguage\":\"pt-BR\",\"@id\":\"https:\/\/noticiasemdestaque.com\/cd\/#\/schema\/logo\/image\/\",\"url\":\"https:\/\/noticiasemdestaque.com\/cd\/wp-content\/uploads\/2022\/05\/imagem-base-noticiasemdestaque.png\",\"contentUrl\":\"https:\/\/noticiasemdestaque.com\/cd\/wp-content\/uploads\/2022\/05\/imagem-base-noticiasemdestaque.png\",\"width\":1200,\"height\":630,\"caption\":\"Not\u00edcias em Destaque\"},\"image\":{\"@id\":\"https:\/\/noticiasemdestaque.com\/cd\/#\/schema\/logo\/image\/\"}},{\"@type\":\"Person\",\"@id\":\"https:\/\/noticiasemdestaque.com\/cd\/#\/schema\/person\/21320b03a7e8bb90128938dafc9b908a\",\"name\":\"Not\u00edcias em Destaque\",\"url\":\"https:\/\/noticiasemdestaque.com\/cd\/?author=2\"}]}<\/script>\n<!-- \/ Yoast SEO plugin. -->","yoast_head_json":{"title":"Dor de est\u00f4mago pode ser causada por \u00falcera, gastrite ou pedra na ves\u00edcula - Not&iacute;cias em Destaque","robots":{"index":"index","follow":"follow","max-snippet":"max-snippet:-1","max-image-preview":"max-image-preview:large","max-video-preview":"max-video-preview:-1"},"canonical":"https:\/\/noticiasemdestaque.com\/cd\/?p=7016","og_locale":"pt_BR","og_type":"article","og_title":"Dor de est\u00f4mago pode ser causada por \u00falcera, gastrite ou pedra na ves\u00edcula - Not&iacute;cias em Destaque","og_description":"O que pode causar a dor de est\u00f4mago? O Bem Estar desta quarta-feira (27) mostrou que as causas podem ser variadas, como \u00falcera, gastrite, pedra na ves\u00edcula e verminosas. Para falar sobre o assunto, convidamos o gastroenterologista Ricardo Barbutti e o oncologista Felipe Fernandez Coimbra. S\u00e3o dois os tipos de gastrite, no popular dado a qualquer desconforto g\u00e1strico: a org\u00e2nica, que pode ser causada por problema qu\u00edmico, bioqu\u00edmico, inflamat\u00f3rio, infeccioso ou anat\u00f4mico; e a funcional: conhecida como gastrite nervosa. H. Pylori Estima-se que 50% da popula\u00e7\u00e3o mundial tenha essa bact\u00e9ria no est\u00f4mago. No Brasil pode chegar a 70%. Segundo o gastroenterologista Ricardo Barbutti, a maioria das pessoas que tem a inflama\u00e7\u00e3o n\u00e3o tem sintomas. O diagn\u00f3stico \u00e9 feito atrav\u00e9s de exames, como endoscopia, fezes, sangue e teste respirat\u00f3rio com c\u00e1psula de ureia. J\u00e1 o tratamento \u00e9 feito com antibi\u00f3tico. C\u00e2ncer g\u00e1strico O c\u00e2ncer de est\u00f4mago costuma ter diagn\u00f3stico tardio por duas raz\u00f5es: falta de acesso \u00e0 um bom servi\u00e7o de sa\u00fade ou demora para buscar ajuda. No in\u00edcio ele pode n\u00e3o dar sintomas, mas em geral d\u00e1 gastrite, m\u00e1 digest\u00e3o, queima\u00e7\u00e3o e emagrecimento. Veja os fatores de risco para o c\u00e2ncer de est\u00f4mago: Bact\u00e9ria H. Pylori Gastrite cr\u00f4nica atr\u00f3fica P\u00f3lipos no est\u00f4mago Alimenta\u00e7\u00e3o inadequada Familiares de 1\u00ba grau com c\u00e2ncer de est\u00f4mago Tabagismo Fonte:G1","og_url":"https:\/\/noticiasemdestaque.com\/cd\/?p=7016","og_site_name":"Not&iacute;cias em Destaque","article_published_time":"2017-12-29T10:16:07+00:00","og_image":[{"width":640,"height":363,"url":"https:\/\/noticiasemdestaque.com\/cd\/wp-content\/uploads\/2017\/12\/dor-estomago.jpg","type":"image\/jpeg"}],"author":"Not\u00edcias em Destaque","twitter_card":"summary_large_image","twitter_misc":{"Escrito por":"Not\u00edcias em Destaque","Est. tempo de leitura":"1 minuto"},"schema":{"@context":"https:\/\/schema.org","@graph":[{"@type":"Article","@id":"https:\/\/noticiasemdestaque.com\/cd\/?p=7016#article","isPartOf":{"@id":"https:\/\/noticiasemdestaque.com\/cd\/?p=7016"},"author":{"name":"Not\u00edcias em Destaque","@id":"https:\/\/noticiasemdestaque.com\/cd\/#\/schema\/person\/21320b03a7e8bb90128938dafc9b908a"},"headline":"Dor de est\u00f4mago pode ser causada por \u00falcera, gastrite ou pedra na ves\u00edcula","datePublished":"2017-12-29T10:16:07+00:00","mainEntityOfPage":{"@id":"https:\/\/noticiasemdestaque.com\/cd\/?p=7016"},"wordCount":264,"publisher":{"@id":"https:\/\/noticiasemdestaque.com\/cd\/#organization"},"image":{"@id":"https:\/\/noticiasemdestaque.com\/cd\/?p=7016#primaryimage"},"thumbnailUrl":"https:\/\/noticiasemdestaque.com\/cd\/wp-content\/uploads\/2017\/12\/dor-estomago.jpg","articleSection":["Sa\u00fade"],"inLanguage":"pt-BR"},{"@type":"WebPage","@id":"https:\/\/noticiasemdestaque.com\/cd\/?p=7016","url":"https:\/\/noticiasemdestaque.com\/cd\/?p=7016","name":"Dor de est\u00f4mago pode ser causada por \u00falcera, gastrite ou pedra na ves\u00edcula - Not&iacute;cias em Destaque","isPartOf":{"@id":"https:\/\/noticiasemdestaque.com\/cd\/#website"},"primaryImageOfPage":{"@id":"https:\/\/noticiasemdestaque.com\/cd\/?p=7016#primaryimage"},"image":{"@id":"https:\/\/noticiasemdestaque.com\/cd\/?p=7016#primaryimage"},"thumbnailUrl":"https:\/\/noticiasemdestaque.com\/cd\/wp-content\/uploads\/2017\/12\/dor-estomago.jpg","datePublished":"2017-12-29T10:16:07+00:00","breadcrumb":{"@id":"https:\/\/noticiasemdestaque.com\/cd\/?p=7016#breadcrumb"},"inLanguage":"pt-BR","potentialAction":[{"@type":"ReadAction","target":["https:\/\/noticiasemdestaque.com\/cd\/?p=7016"]}]},{"@type":"ImageObject","inLanguage":"pt-BR","@id":"https:\/\/noticiasemdestaque.com\/cd\/?p=7016#primaryimage","url":"https:\/\/noticiasemdestaque.com\/cd\/wp-content\/uploads\/2017\/12\/dor-estomago.jpg","contentUrl":"https:\/\/noticiasemdestaque.com\/cd\/wp-content\/uploads\/2017\/12\/dor-estomago.jpg","width":640,"height":363},{"@type":"BreadcrumbList","@id":"https:\/\/noticiasemdestaque.com\/cd\/?p=7016#breadcrumb","itemListElement":[{"@type":"ListItem","position":1,"name":"In\u00edcio","item":"https:\/\/noticiasemdestaque.com\/cd\/"},{"@type":"ListItem","position":2,"name":"Dor de est\u00f4mago pode ser causada por \u00falcera, gastrite ou pedra na ves\u00edcula"}]},{"@type":"WebSite","@id":"https:\/\/noticiasemdestaque.com\/cd\/#website","url":"https:\/\/noticiasemdestaque.com\/cd\/","name":"Not&iacute;cias em Destaque","description":"","publisher":{"@id":"https:\/\/noticiasemdestaque.com\/cd\/#organization"},"potentialAction":[{"@type":"SearchAction","target":{"@type":"EntryPoint","urlTemplate":"https:\/\/noticiasemdestaque.com\/cd\/?s={search_term_string}"},"query-input":{"@type":"PropertyValueSpecification","valueRequired":true,"valueName":"search_term_string"}}],"inLanguage":"pt-BR"},{"@type":"Organization","@id":"https:\/\/noticiasemdestaque.com\/cd\/#organization","name":"Not\u00edcias em Destaque","url":"https:\/\/noticiasemdestaque.com\/cd\/","logo":{"@type":"ImageObject","inLanguage":"pt-BR","@id":"https:\/\/noticiasemdestaque.com\/cd\/#\/schema\/logo\/image\/","url":"https:\/\/noticiasemdestaque.com\/cd\/wp-content\/uploads\/2022\/05\/imagem-base-noticiasemdestaque.png","contentUrl":"https:\/\/noticiasemdestaque.com\/cd\/wp-content\/uploads\/2022\/05\/imagem-base-noticiasemdestaque.png","width":1200,"height":630,"caption":"Not\u00edcias em Destaque"},"image":{"@id":"https:\/\/noticiasemdestaque.com\/cd\/#\/schema\/logo\/image\/"}},{"@type":"Person","@id":"https:\/\/noticiasemdestaque.com\/cd\/#\/schema\/person\/21320b03a7e8bb90128938dafc9b908a","name":"Not\u00edcias em Destaque","url":"https:\/\/noticiasemdestaque.com\/cd\/?author=2"}]}},"jetpack_featured_media_url":"https:\/\/noticiasemdestaque.com\/cd\/wp-content\/uploads\/2017\/12\/dor-estomago.jpg","jetpack_sharing_enabled":true,"_links":{"self":[{"href":"https:\/\/noticiasemdestaque.com\/cd\/index.php?rest_route=\/wp\/v2\/posts\/7016","targetHints":{"allow":["GET"]}}],"collection":[{"href":"https:\/\/noticiasemdestaque.com\/cd\/index.php?rest_route=\/wp\/v2\/posts"}],"about":[{"href":"https:\/\/noticiasemdestaque.com\/cd\/index.php?rest_route=\/wp\/v2\/types\/post"}],"author":[{"embeddable":true,"href":"https:\/\/noticiasemdestaque.com\/cd\/index.php?rest_route=\/wp\/v2\/users\/2"}],"replies":[{"embeddable":true,"href":"https:\/\/noticiasemdestaque.com\/cd\/index.php?rest_route=%2Fwp%2Fv2%2Fcomments&post=7016"}],"version-history":[{"count":1,"href":"https:\/\/noticiasemdestaque.com\/cd\/index.php?rest_route=\/wp\/v2\/posts\/7016\/revisions"}],"predecessor-version":[{"id":7018,"href":"https:\/\/noticiasemdestaque.com\/cd\/index.php?rest_route=\/wp\/v2\/posts\/7016\/revisions\/7018"}],"wp:featuredmedia":[{"embeddable":true,"href":"https:\/\/noticiasemdestaque.com\/cd\/index.php?rest_route=\/wp\/v2\/media\/7017"}],"wp:attachment":[{"href":"https:\/\/noticiasemdestaque.com\/cd\/index.php?rest_route=%2Fwp%2Fv2%2Fmedia&parent=7016"}],"wp:term":[{"taxonomy":"category","embeddable":true,"href":"https:\/\/noticiasemdestaque.com\/cd\/index.php?rest_route=%2Fwp%2Fv2%2Fcategories&post=7016"},{"taxonomy":"post_tag","embeddable":true,"href":"https:\/\/noticiasemdestaque.com\/cd\/index.php?rest_route=%2Fwp%2Fv2%2Ftags&post=7016"}],"curies":[{"name":"wp","href":"https:\/\/api.w.org\/{rel}","templated":true}]}}