{"id":7013,"date":"2017-12-29T07:01:26","date_gmt":"2017-12-29T10:01:26","guid":{"rendered":"http:\/\/caririemdestaque.com\/cd\/?p=7013"},"modified":"2017-12-29T07:01:26","modified_gmt":"2017-12-29T10:01:26","slug":"luiz-couto-comparece-a-todas-as-sessoes-em-2017-aguinaldo-ribeiro-e-o-mais-faltoso","status":"publish","type":"post","link":"https:\/\/noticiasemdestaque.com\/cd\/?p=7013","title":{"rendered":"Luiz Couto comparece a todas as sess\u00f5es em 2017; Aguinaldo Ribeiro \u00e9 o mais faltoso"},"content":{"rendered":"<p><a href=\"http:\/\/www.focandoanoticia.com.br\/wp-content\/uploads\/2017\/12\/luiz-couto.jpg\"><img decoding=\"async\" class=\"alignleft size-medium wp-image-238469\" src=\"http:\/\/www.focandoanoticia.com.br\/wp-content\/uploads\/2017\/12\/luiz-couto-300x157.jpg\" sizes=\"(max-width: 300px) 100vw, 300px\" srcset=\"http:\/\/www.focandoanoticia.com.br\/wp-content\/uploads\/2017\/12\/luiz-couto-300x157.jpg 300w, http:\/\/www.focandoanoticia.com.br\/wp-content\/uploads\/2017\/12\/luiz-couto.jpg 692w\" alt=\"\" width=\"300\" height=\"157\" data-id=\"238469\" \/><\/a>O deputado federal Luiz Couto (PT) foi o \u00fanico parlamentar paraibano que compareceu a todas as sess\u00f5es deliberativas da C\u00e2mara Federal em 2017. J\u00e1 o l\u00edder do governo, Aguinaldo Ribeiro (PP) foi o mais ausente. Das 119 sess\u00f5es deliberativas realizadas ao longo do ano, ele participou apenas de 74, justificando aus\u00eancia em 42 ocasi\u00f5es.<\/p>\n<p>O presidente estadual do PSD, R\u00f4mulo Gouveia, foi o segundo mais faltoso, mas justificou 32 aus\u00eancias. O parlamentar esteve presente em 87 sess\u00f5es.<\/p>\n<p>O deputado federal Hugo Motta (PMDB) compareceu a 91 das 119 sess\u00f5es deliberativas. Wellington Roberto (PR) marcou presen\u00e7a em 95 sess\u00f5es.<\/p>\n<p>Benjamin Maranh\u00e3o (SD) compareceu a 100 sess\u00f5es. Andr\u00e9 Amaral (PMDB) se ausentou em 16 sess\u00f5es, justificando seis faltas e deixando de justificar em dez sess\u00f5es. Veneziano Vital do R\u00eago (PMDB) marcou presen\u00e7a em 104 sess\u00f5es.<\/p>\n<p>Dami\u00e3o Feliciano (PDT) e Wilson Filho estiveram presentes em105 sess\u00f5es na C\u00e2mara Federal em 2017.<\/p>\n<p>Pedro Cunha Lima (PSDB) e Efraim Filho (DEM) estiveram presentes em 109 sess\u00f5es.<\/p>\n<p>O ano legislativo no Congresso foi marcado por den\u00fancias contra o presidente Michel Temer e pela press\u00e3o da base de sustenta\u00e7\u00e3o do governo por cargos e libera\u00e7\u00e3o de emendas, que ditou um ritmo mais arrastado no segundo semestre.<\/p>\n<p>Fonte: paraiba.com<\/p>\n","protected":false},"excerpt":{"rendered":"<p>O deputado federal Luiz Couto (PT) foi o \u00fanico parlamentar paraibano que compareceu a todas as sess\u00f5es deliberativas da C\u00e2mara Federal em 2017. J\u00e1 o l\u00edder do governo, Aguinaldo Ribeiro (PP) foi o mais ausente. Das 119 sess\u00f5es deliberativas realizadas ao longo do ano, ele participou apenas de 74, justificando aus\u00eancia em 42 ocasi\u00f5es. O presidente estadual do PSD, R\u00f4mulo Gouveia, foi o segundo mais faltoso, mas justificou 32 aus\u00eancias. O parlamentar esteve presente em 87 sess\u00f5es. O deputado federal Hugo Motta (PMDB) compareceu a 91 das 119 sess\u00f5es deliberativas. Wellington Roberto (PR) marcou presen\u00e7a em 95 sess\u00f5es. Benjamin Maranh\u00e3o (SD) compareceu a 100 sess\u00f5es. Andr\u00e9 Amaral (PMDB) se ausentou em 16 sess\u00f5es, justificando seis faltas e deixando de justificar em dez sess\u00f5es. Veneziano Vital do R\u00eago (PMDB) marcou presen\u00e7a em 104 sess\u00f5es. Dami\u00e3o Feliciano (PDT) e Wilson Filho estiveram presentes em105 sess\u00f5es na C\u00e2mara Federal em 2017. Pedro Cunha Lima (PSDB) e Efraim Filho (DEM) estiveram presentes em 109 sess\u00f5es. O ano legislativo no Congresso foi marcado por den\u00fancias contra o presidente Michel Temer e pela press\u00e3o da base de sustenta\u00e7\u00e3o do governo por cargos e libera\u00e7\u00e3o de emendas, que ditou um ritmo mais arrastado no segundo semestre. Fonte: paraiba.com<\/p>\n","protected":false},"author":2,"featured_media":7014,"comment_status":"closed","ping_status":"open","sticky":false,"template":"","format":"standard","meta":{"_eb_attr":"","_jetpack_memberships_contains_paid_content":false,"footnotes":""},"categories":[4],"tags":[],"class_list":["post-7013","post","type-post","status-publish","format-standard","has-post-thumbnail","hentry","category-politica"],"yoast_head":"<!-- This site is optimized with the Yoast SEO plugin v26.5 - https:\/\/yoast.com\/wordpress\/plugins\/seo\/ -->\n<title>Luiz Couto comparece a todas as sess\u00f5es em 2017; Aguinaldo Ribeiro \u00e9 o mais faltoso - Not&iacute;cias em Destaque<\/title>\n<meta name=\"robots\" content=\"index, follow, max-snippet:-1, max-image-preview:large, max-video-preview:-1\" \/>\n<link rel=\"canonical\" href=\"https:\/\/noticiasemdestaque.com\/cd\/?p=7013\" \/>\n<meta property=\"og:locale\" content=\"pt_BR\" \/>\n<meta property=\"og:type\" content=\"article\" \/>\n<meta property=\"og:title\" content=\"Luiz Couto comparece a todas as sess\u00f5es em 2017; Aguinaldo Ribeiro \u00e9 o mais faltoso - Not&iacute;cias em Destaque\" \/>\n<meta property=\"og:description\" content=\"O deputado federal Luiz Couto (PT) foi o \u00fanico parlamentar paraibano que compareceu a todas as sess\u00f5es deliberativas da C\u00e2mara Federal em 2017. J\u00e1 o l\u00edder do governo, Aguinaldo Ribeiro (PP) foi o mais ausente. Das 119 sess\u00f5es deliberativas realizadas ao longo do ano, ele participou apenas de 74, justificando aus\u00eancia em 42 ocasi\u00f5es. O presidente estadual do PSD, R\u00f4mulo Gouveia, foi o segundo mais faltoso, mas justificou 32 aus\u00eancias. O parlamentar esteve presente em 87 sess\u00f5es. O deputado federal Hugo Motta (PMDB) compareceu a 91 das 119 sess\u00f5es deliberativas. Wellington Roberto (PR) marcou presen\u00e7a em 95 sess\u00f5es. Benjamin Maranh\u00e3o (SD) compareceu a 100 sess\u00f5es. Andr\u00e9 Amaral (PMDB) se ausentou em 16 sess\u00f5es, justificando seis faltas e deixando de justificar em dez sess\u00f5es. Veneziano Vital do R\u00eago (PMDB) marcou presen\u00e7a em 104 sess\u00f5es. Dami\u00e3o Feliciano (PDT) e Wilson Filho estiveram presentes em105 sess\u00f5es na C\u00e2mara Federal em 2017. Pedro Cunha Lima (PSDB) e Efraim Filho (DEM) estiveram presentes em 109 sess\u00f5es. O ano legislativo no Congresso foi marcado por den\u00fancias contra o presidente Michel Temer e pela press\u00e3o da base de sustenta\u00e7\u00e3o do governo por cargos e libera\u00e7\u00e3o de emendas, que ditou um ritmo mais arrastado no segundo semestre. Fonte: paraiba.com\" \/>\n<meta property=\"og:url\" content=\"https:\/\/noticiasemdestaque.com\/cd\/?p=7013\" \/>\n<meta property=\"og:site_name\" content=\"Not&iacute;cias em Destaque\" \/>\n<meta property=\"article:published_time\" content=\"2017-12-29T10:01:26+00:00\" \/>\n<meta property=\"og:image\" content=\"https:\/\/noticiasemdestaque.com\/cd\/wp-content\/uploads\/2017\/12\/luiz-couto.jpg\" \/>\n\t<meta property=\"og:image:width\" content=\"692\" \/>\n\t<meta property=\"og:image:height\" content=\"363\" \/>\n\t<meta property=\"og:image:type\" content=\"image\/jpeg\" \/>\n<meta name=\"author\" content=\"Not\u00edcias em Destaque\" \/>\n<meta name=\"twitter:card\" content=\"summary_large_image\" \/>\n<meta name=\"twitter:label1\" content=\"Escrito por\" \/>\n\t<meta name=\"twitter:data1\" content=\"Not\u00edcias em Destaque\" \/>\n\t<meta name=\"twitter:label2\" content=\"Est. tempo de leitura\" \/>\n\t<meta name=\"twitter:data2\" content=\"1 minuto\" \/>\n<script type=\"application\/ld+json\" class=\"yoast-schema-graph\">{\"@context\":\"https:\/\/schema.org\",\"@graph\":[{\"@type\":\"Article\",\"@id\":\"https:\/\/noticiasemdestaque.com\/cd\/?p=7013#article\",\"isPartOf\":{\"@id\":\"https:\/\/noticiasemdestaque.com\/cd\/?p=7013\"},\"author\":{\"name\":\"Not\u00edcias em Destaque\",\"@id\":\"https:\/\/noticiasemdestaque.com\/cd\/#\/schema\/person\/21320b03a7e8bb90128938dafc9b908a\"},\"headline\":\"Luiz Couto comparece a todas as sess\u00f5es em 2017; Aguinaldo Ribeiro \u00e9 o mais faltoso\",\"datePublished\":\"2017-12-29T10:01:26+00:00\",\"mainEntityOfPage\":{\"@id\":\"https:\/\/noticiasemdestaque.com\/cd\/?p=7013\"},\"wordCount\":229,\"publisher\":{\"@id\":\"https:\/\/noticiasemdestaque.com\/cd\/#organization\"},\"image\":{\"@id\":\"https:\/\/noticiasemdestaque.com\/cd\/?p=7013#primaryimage\"},\"thumbnailUrl\":\"https:\/\/noticiasemdestaque.com\/cd\/wp-content\/uploads\/2017\/12\/luiz-couto.jpg\",\"articleSection\":[\"Pol\u00edtica\"],\"inLanguage\":\"pt-BR\"},{\"@type\":\"WebPage\",\"@id\":\"https:\/\/noticiasemdestaque.com\/cd\/?p=7013\",\"url\":\"https:\/\/noticiasemdestaque.com\/cd\/?p=7013\",\"name\":\"Luiz Couto comparece a todas as sess\u00f5es em 2017; Aguinaldo Ribeiro \u00e9 o mais faltoso - Not&iacute;cias em Destaque\",\"isPartOf\":{\"@id\":\"https:\/\/noticiasemdestaque.com\/cd\/#website\"},\"primaryImageOfPage\":{\"@id\":\"https:\/\/noticiasemdestaque.com\/cd\/?p=7013#primaryimage\"},\"image\":{\"@id\":\"https:\/\/noticiasemdestaque.com\/cd\/?p=7013#primaryimage\"},\"thumbnailUrl\":\"https:\/\/noticiasemdestaque.com\/cd\/wp-content\/uploads\/2017\/12\/luiz-couto.jpg\",\"datePublished\":\"2017-12-29T10:01:26+00:00\",\"breadcrumb\":{\"@id\":\"https:\/\/noticiasemdestaque.com\/cd\/?p=7013#breadcrumb\"},\"inLanguage\":\"pt-BR\",\"potentialAction\":[{\"@type\":\"ReadAction\",\"target\":[\"https:\/\/noticiasemdestaque.com\/cd\/?p=7013\"]}]},{\"@type\":\"ImageObject\",\"inLanguage\":\"pt-BR\",\"@id\":\"https:\/\/noticiasemdestaque.com\/cd\/?p=7013#primaryimage\",\"url\":\"https:\/\/noticiasemdestaque.com\/cd\/wp-content\/uploads\/2017\/12\/luiz-couto.jpg\",\"contentUrl\":\"https:\/\/noticiasemdestaque.com\/cd\/wp-content\/uploads\/2017\/12\/luiz-couto.jpg\",\"width\":692,\"height\":363},{\"@type\":\"BreadcrumbList\",\"@id\":\"https:\/\/noticiasemdestaque.com\/cd\/?p=7013#breadcrumb\",\"itemListElement\":[{\"@type\":\"ListItem\",\"position\":1,\"name\":\"In\u00edcio\",\"item\":\"https:\/\/noticiasemdestaque.com\/cd\/\"},{\"@type\":\"ListItem\",\"position\":2,\"name\":\"Luiz Couto comparece a todas as sess\u00f5es em 2017; Aguinaldo Ribeiro \u00e9 o mais faltoso\"}]},{\"@type\":\"WebSite\",\"@id\":\"https:\/\/noticiasemdestaque.com\/cd\/#website\",\"url\":\"https:\/\/noticiasemdestaque.com\/cd\/\",\"name\":\"Not&iacute;cias em Destaque\",\"description\":\"\",\"publisher\":{\"@id\":\"https:\/\/noticiasemdestaque.com\/cd\/#organization\"},\"potentialAction\":[{\"@type\":\"SearchAction\",\"target\":{\"@type\":\"EntryPoint\",\"urlTemplate\":\"https:\/\/noticiasemdestaque.com\/cd\/?s={search_term_string}\"},\"query-input\":{\"@type\":\"PropertyValueSpecification\",\"valueRequired\":true,\"valueName\":\"search_term_string\"}}],\"inLanguage\":\"pt-BR\"},{\"@type\":\"Organization\",\"@id\":\"https:\/\/noticiasemdestaque.com\/cd\/#organization\",\"name\":\"Not\u00edcias em Destaque\",\"url\":\"https:\/\/noticiasemdestaque.com\/cd\/\",\"logo\":{\"@type\":\"ImageObject\",\"inLanguage\":\"pt-BR\",\"@id\":\"https:\/\/noticiasemdestaque.com\/cd\/#\/schema\/logo\/image\/\",\"url\":\"https:\/\/noticiasemdestaque.com\/cd\/wp-content\/uploads\/2022\/05\/imagem-base-noticiasemdestaque.png\",\"contentUrl\":\"https:\/\/noticiasemdestaque.com\/cd\/wp-content\/uploads\/2022\/05\/imagem-base-noticiasemdestaque.png\",\"width\":1200,\"height\":630,\"caption\":\"Not\u00edcias em Destaque\"},\"image\":{\"@id\":\"https:\/\/noticiasemdestaque.com\/cd\/#\/schema\/logo\/image\/\"}},{\"@type\":\"Person\",\"@id\":\"https:\/\/noticiasemdestaque.com\/cd\/#\/schema\/person\/21320b03a7e8bb90128938dafc9b908a\",\"name\":\"Not\u00edcias em Destaque\",\"url\":\"https:\/\/noticiasemdestaque.com\/cd\/?author=2\"}]}<\/script>\n<!-- \/ Yoast SEO plugin. -->","yoast_head_json":{"title":"Luiz Couto comparece a todas as sess\u00f5es em 2017; Aguinaldo Ribeiro \u00e9 o mais faltoso - Not&iacute;cias em Destaque","robots":{"index":"index","follow":"follow","max-snippet":"max-snippet:-1","max-image-preview":"max-image-preview:large","max-video-preview":"max-video-preview:-1"},"canonical":"https:\/\/noticiasemdestaque.com\/cd\/?p=7013","og_locale":"pt_BR","og_type":"article","og_title":"Luiz Couto comparece a todas as sess\u00f5es em 2017; Aguinaldo Ribeiro \u00e9 o mais faltoso - Not&iacute;cias em Destaque","og_description":"O deputado federal Luiz Couto (PT) foi o \u00fanico parlamentar paraibano que compareceu a todas as sess\u00f5es deliberativas da C\u00e2mara Federal em 2017. J\u00e1 o l\u00edder do governo, Aguinaldo Ribeiro (PP) foi o mais ausente. Das 119 sess\u00f5es deliberativas realizadas ao longo do ano, ele participou apenas de 74, justificando aus\u00eancia em 42 ocasi\u00f5es. O presidente estadual do PSD, R\u00f4mulo Gouveia, foi o segundo mais faltoso, mas justificou 32 aus\u00eancias. O parlamentar esteve presente em 87 sess\u00f5es. O deputado federal Hugo Motta (PMDB) compareceu a 91 das 119 sess\u00f5es deliberativas. Wellington Roberto (PR) marcou presen\u00e7a em 95 sess\u00f5es. Benjamin Maranh\u00e3o (SD) compareceu a 100 sess\u00f5es. Andr\u00e9 Amaral (PMDB) se ausentou em 16 sess\u00f5es, justificando seis faltas e deixando de justificar em dez sess\u00f5es. Veneziano Vital do R\u00eago (PMDB) marcou presen\u00e7a em 104 sess\u00f5es. Dami\u00e3o Feliciano (PDT) e Wilson Filho estiveram presentes em105 sess\u00f5es na C\u00e2mara Federal em 2017. Pedro Cunha Lima (PSDB) e Efraim Filho (DEM) estiveram presentes em 109 sess\u00f5es. O ano legislativo no Congresso foi marcado por den\u00fancias contra o presidente Michel Temer e pela press\u00e3o da base de sustenta\u00e7\u00e3o do governo por cargos e libera\u00e7\u00e3o de emendas, que ditou um ritmo mais arrastado no segundo semestre. Fonte: paraiba.com","og_url":"https:\/\/noticiasemdestaque.com\/cd\/?p=7013","og_site_name":"Not&iacute;cias em Destaque","article_published_time":"2017-12-29T10:01:26+00:00","og_image":[{"width":692,"height":363,"url":"https:\/\/noticiasemdestaque.com\/cd\/wp-content\/uploads\/2017\/12\/luiz-couto.jpg","type":"image\/jpeg"}],"author":"Not\u00edcias em Destaque","twitter_card":"summary_large_image","twitter_misc":{"Escrito por":"Not\u00edcias em Destaque","Est. tempo de leitura":"1 minuto"},"schema":{"@context":"https:\/\/schema.org","@graph":[{"@type":"Article","@id":"https:\/\/noticiasemdestaque.com\/cd\/?p=7013#article","isPartOf":{"@id":"https:\/\/noticiasemdestaque.com\/cd\/?p=7013"},"author":{"name":"Not\u00edcias em Destaque","@id":"https:\/\/noticiasemdestaque.com\/cd\/#\/schema\/person\/21320b03a7e8bb90128938dafc9b908a"},"headline":"Luiz Couto comparece a todas as sess\u00f5es em 2017; Aguinaldo Ribeiro \u00e9 o mais faltoso","datePublished":"2017-12-29T10:01:26+00:00","mainEntityOfPage":{"@id":"https:\/\/noticiasemdestaque.com\/cd\/?p=7013"},"wordCount":229,"publisher":{"@id":"https:\/\/noticiasemdestaque.com\/cd\/#organization"},"image":{"@id":"https:\/\/noticiasemdestaque.com\/cd\/?p=7013#primaryimage"},"thumbnailUrl":"https:\/\/noticiasemdestaque.com\/cd\/wp-content\/uploads\/2017\/12\/luiz-couto.jpg","articleSection":["Pol\u00edtica"],"inLanguage":"pt-BR"},{"@type":"WebPage","@id":"https:\/\/noticiasemdestaque.com\/cd\/?p=7013","url":"https:\/\/noticiasemdestaque.com\/cd\/?p=7013","name":"Luiz Couto comparece a todas as sess\u00f5es em 2017; Aguinaldo Ribeiro \u00e9 o mais faltoso - Not&iacute;cias em Destaque","isPartOf":{"@id":"https:\/\/noticiasemdestaque.com\/cd\/#website"},"primaryImageOfPage":{"@id":"https:\/\/noticiasemdestaque.com\/cd\/?p=7013#primaryimage"},"image":{"@id":"https:\/\/noticiasemdestaque.com\/cd\/?p=7013#primaryimage"},"thumbnailUrl":"https:\/\/noticiasemdestaque.com\/cd\/wp-content\/uploads\/2017\/12\/luiz-couto.jpg","datePublished":"2017-12-29T10:01:26+00:00","breadcrumb":{"@id":"https:\/\/noticiasemdestaque.com\/cd\/?p=7013#breadcrumb"},"inLanguage":"pt-BR","potentialAction":[{"@type":"ReadAction","target":["https:\/\/noticiasemdestaque.com\/cd\/?p=7013"]}]},{"@type":"ImageObject","inLanguage":"pt-BR","@id":"https:\/\/noticiasemdestaque.com\/cd\/?p=7013#primaryimage","url":"https:\/\/noticiasemdestaque.com\/cd\/wp-content\/uploads\/2017\/12\/luiz-couto.jpg","contentUrl":"https:\/\/noticiasemdestaque.com\/cd\/wp-content\/uploads\/2017\/12\/luiz-couto.jpg","width":692,"height":363},{"@type":"BreadcrumbList","@id":"https:\/\/noticiasemdestaque.com\/cd\/?p=7013#breadcrumb","itemListElement":[{"@type":"ListItem","position":1,"name":"In\u00edcio","item":"https:\/\/noticiasemdestaque.com\/cd\/"},{"@type":"ListItem","position":2,"name":"Luiz Couto comparece a todas as sess\u00f5es em 2017; Aguinaldo Ribeiro \u00e9 o mais faltoso"}]},{"@type":"WebSite","@id":"https:\/\/noticiasemdestaque.com\/cd\/#website","url":"https:\/\/noticiasemdestaque.com\/cd\/","name":"Not&iacute;cias em Destaque","description":"","publisher":{"@id":"https:\/\/noticiasemdestaque.com\/cd\/#organization"},"potentialAction":[{"@type":"SearchAction","target":{"@type":"EntryPoint","urlTemplate":"https:\/\/noticiasemdestaque.com\/cd\/?s={search_term_string}"},"query-input":{"@type":"PropertyValueSpecification","valueRequired":true,"valueName":"search_term_string"}}],"inLanguage":"pt-BR"},{"@type":"Organization","@id":"https:\/\/noticiasemdestaque.com\/cd\/#organization","name":"Not\u00edcias em Destaque","url":"https:\/\/noticiasemdestaque.com\/cd\/","logo":{"@type":"ImageObject","inLanguage":"pt-BR","@id":"https:\/\/noticiasemdestaque.com\/cd\/#\/schema\/logo\/image\/","url":"https:\/\/noticiasemdestaque.com\/cd\/wp-content\/uploads\/2022\/05\/imagem-base-noticiasemdestaque.png","contentUrl":"https:\/\/noticiasemdestaque.com\/cd\/wp-content\/uploads\/2022\/05\/imagem-base-noticiasemdestaque.png","width":1200,"height":630,"caption":"Not\u00edcias em Destaque"},"image":{"@id":"https:\/\/noticiasemdestaque.com\/cd\/#\/schema\/logo\/image\/"}},{"@type":"Person","@id":"https:\/\/noticiasemdestaque.com\/cd\/#\/schema\/person\/21320b03a7e8bb90128938dafc9b908a","name":"Not\u00edcias em Destaque","url":"https:\/\/noticiasemdestaque.com\/cd\/?author=2"}]}},"jetpack_featured_media_url":"https:\/\/noticiasemdestaque.com\/cd\/wp-content\/uploads\/2017\/12\/luiz-couto.jpg","jetpack_sharing_enabled":true,"_links":{"self":[{"href":"https:\/\/noticiasemdestaque.com\/cd\/index.php?rest_route=\/wp\/v2\/posts\/7013","targetHints":{"allow":["GET"]}}],"collection":[{"href":"https:\/\/noticiasemdestaque.com\/cd\/index.php?rest_route=\/wp\/v2\/posts"}],"about":[{"href":"https:\/\/noticiasemdestaque.com\/cd\/index.php?rest_route=\/wp\/v2\/types\/post"}],"author":[{"embeddable":true,"href":"https:\/\/noticiasemdestaque.com\/cd\/index.php?rest_route=\/wp\/v2\/users\/2"}],"replies":[{"embeddable":true,"href":"https:\/\/noticiasemdestaque.com\/cd\/index.php?rest_route=%2Fwp%2Fv2%2Fcomments&post=7013"}],"version-history":[{"count":1,"href":"https:\/\/noticiasemdestaque.com\/cd\/index.php?rest_route=\/wp\/v2\/posts\/7013\/revisions"}],"predecessor-version":[{"id":7015,"href":"https:\/\/noticiasemdestaque.com\/cd\/index.php?rest_route=\/wp\/v2\/posts\/7013\/revisions\/7015"}],"wp:featuredmedia":[{"embeddable":true,"href":"https:\/\/noticiasemdestaque.com\/cd\/index.php?rest_route=\/wp\/v2\/media\/7014"}],"wp:attachment":[{"href":"https:\/\/noticiasemdestaque.com\/cd\/index.php?rest_route=%2Fwp%2Fv2%2Fmedia&parent=7013"}],"wp:term":[{"taxonomy":"category","embeddable":true,"href":"https:\/\/noticiasemdestaque.com\/cd\/index.php?rest_route=%2Fwp%2Fv2%2Fcategories&post=7013"},{"taxonomy":"post_tag","embeddable":true,"href":"https:\/\/noticiasemdestaque.com\/cd\/index.php?rest_route=%2Fwp%2Fv2%2Ftags&post=7013"}],"curies":[{"name":"wp","href":"https:\/\/api.w.org\/{rel}","templated":true}]}}