{"id":68537,"date":"2025-04-14T17:53:45","date_gmt":"2025-04-14T20:53:45","guid":{"rendered":"https:\/\/noticiasemdestaque.com\/cd\/?p=68537"},"modified":"2025-04-14T17:53:45","modified_gmt":"2025-04-14T20:53:45","slug":"prefeitura-de-sao-joao-do-tigre-inicia-entrega-de-kits-semana-santa-nesta-segunda-feira","status":"publish","type":"post","link":"https:\/\/noticiasemdestaque.com\/cd\/?p=68537","title":{"rendered":"Prefeitura de S\u00e3o Jo\u00e3o do Tigre inicia entrega de Kits Semana Santa nesta segunda-feira"},"content":{"rendered":"<p><a href=\"https:\/\/noticiasemdestaque.com\/cd\/wp-content\/uploads\/2025\/04\/SaveClip.App_489350760_17954644733934133_2082916603361966920_n-e1744634764822.webp\"><img fetchpriority=\"high\" decoding=\"async\" class=\" wp-image-68538 aligncenter\" src=\"https:\/\/noticiasemdestaque.com\/cd\/wp-content\/uploads\/2025\/04\/SaveClip.App_489350760_17954644733934133_2082916603361966920_n-e1744634764822-281x300.webp\" alt=\"\" width=\"826\" height=\"882\" srcset=\"https:\/\/noticiasemdestaque.com\/cd\/wp-content\/uploads\/2025\/04\/SaveClip.App_489350760_17954644733934133_2082916603361966920_n-e1744634764822-281x300.webp 281w, https:\/\/noticiasemdestaque.com\/cd\/wp-content\/uploads\/2025\/04\/SaveClip.App_489350760_17954644733934133_2082916603361966920_n-e1744634764822-958x1024.webp 958w, https:\/\/noticiasemdestaque.com\/cd\/wp-content\/uploads\/2025\/04\/SaveClip.App_489350760_17954644733934133_2082916603361966920_n-e1744634764822-768x821.webp 768w, https:\/\/noticiasemdestaque.com\/cd\/wp-content\/uploads\/2025\/04\/SaveClip.App_489350760_17954644733934133_2082916603361966920_n-e1744634764822.webp 1080w\" sizes=\"(max-width: 826px) 100vw, 826px\" \/><\/a><\/p>\n<p>A Prefeitura Municipal de\u00a0S\u00e3o Jo\u00e3o do Tigre,\u00a0atrav\u00e9s da Secretaria de Desenvolvimento Social e Seguran\u00e7a Alimentar, dar\u00e1 in\u00edcio \u00e0 distribui\u00e7\u00e3o dos\u00a0Kits Semana Santa\u00a0nesta segunda-feira (14 de abril), com continuidade na ter\u00e7a-feira (15 de abril).<\/p>\n<p>A iniciativa integra o programa \u201cGoverno M\u00e1rcio Leite: Construindo uma Nova Hist\u00f3ria\u201d e visa atender fam\u00edlias do munic\u00edpio durante as celebra\u00e7\u00f5es pascalinas.<\/p>\n<blockquote><p>O prefeito\u00a0M\u00e1rcio Leite\u00a0enfatizou o car\u00e1ter solid\u00e1rio da a\u00e7\u00e3o:\u00a0\u201cNossa gest\u00e3o prioriza o bem-estar da popula\u00e7\u00e3o, especialmente em datas tradicionais como a Semana Santa. Esses kits representam nosso compromisso com as fam\u00edlias que mais precisam\u201d.<\/p><\/blockquote>\n<p>Os alimentos inclu\u00eddos nos kits seguem a tradi\u00e7\u00e3o da \u00e9poca, garantindo itens essenciais para a ceia festiva. A distribui\u00e7\u00e3o ocorrer\u00e1 em pontos estrat\u00e9gicos da cidade e distritos.<\/p>\n<p><img decoding=\"async\" class=\"lazyloaded aligncenter\" src=\"https:\/\/i0.wp.com\/opipoco.com.br\/wp-content\/uploads\/2025\/04\/SaveClip.App_490223558_17954672363934133_386368669663682065_n.jpg?ssl=1\" alt=\"SaveClip.App_490223558_17954672363934133_386368669663682065_n Prefeitura de S\u00e3o Jo\u00e3o do Tigre inicia entrega de Kits Semana Santa nesta segunda-feira\" data-recalc-dims=\"1\" data-src=\"https:\/\/opipoco.com.br\/wp-content\/uploads\/2025\/04\/SaveClip.App_490223558_17954672363934133_386368669663682065_n.jpg\" data-pin-no-hover=\"true\" \/><\/p>\n<p><strong>Noticias em Destaque<\/strong><\/p>\n<p style=\"text-align: right;\"><em>Fonte: Para\u00edba da Gente<\/em><\/p>\n","protected":false},"excerpt":{"rendered":"<p>A Prefeitura Municipal de\u00a0S\u00e3o Jo\u00e3o do Tigre,\u00a0atrav\u00e9s da Secretaria de Desenvolvimento Social e Seguran\u00e7a Alimentar, dar\u00e1 in\u00edcio \u00e0 distribui\u00e7\u00e3o dos\u00a0Kits Semana Santa\u00a0nesta segunda-feira (14 de abril), com continuidade na ter\u00e7a-feira (15 de abril). A iniciativa integra o programa \u201cGoverno M\u00e1rcio Leite: Construindo uma Nova Hist\u00f3ria\u201d e visa atender fam\u00edlias do munic\u00edpio durante as celebra\u00e7\u00f5es pascalinas. O prefeito\u00a0M\u00e1rcio Leite\u00a0enfatizou o car\u00e1ter solid\u00e1rio da a\u00e7\u00e3o:\u00a0\u201cNossa gest\u00e3o prioriza o bem-estar da popula\u00e7\u00e3o, especialmente em datas tradicionais como a Semana Santa. Esses kits representam nosso compromisso com as fam\u00edlias que mais precisam\u201d. Os alimentos inclu\u00eddos nos kits seguem a tradi\u00e7\u00e3o da \u00e9poca, garantindo itens essenciais para a ceia festiva. A distribui\u00e7\u00e3o ocorrer\u00e1 em pontos estrat\u00e9gicos da cidade e distritos. Noticias em Destaque Fonte: Para\u00edba da Gente<\/p>\n","protected":false},"author":2,"featured_media":68538,"comment_status":"closed","ping_status":"closed","sticky":false,"template":"","format":"standard","meta":{"_eb_attr":"","_jetpack_memberships_contains_paid_content":false,"footnotes":""},"categories":[3],"tags":[],"class_list":["post-68537","post","type-post","status-publish","format-standard","has-post-thumbnail","hentry","category-cidades"],"yoast_head":"<!-- This site is optimized with the Yoast SEO plugin v26.5 - https:\/\/yoast.com\/wordpress\/plugins\/seo\/ -->\n<title>Prefeitura de S\u00e3o Jo\u00e3o do Tigre inicia entrega de Kits Semana Santa nesta segunda-feira - Not&iacute;cias em Destaque<\/title>\n<meta name=\"robots\" content=\"index, follow, max-snippet:-1, max-image-preview:large, max-video-preview:-1\" \/>\n<link rel=\"canonical\" href=\"https:\/\/noticiasemdestaque.com\/cd\/?p=68537\" \/>\n<meta property=\"og:locale\" content=\"pt_BR\" \/>\n<meta property=\"og:type\" content=\"article\" \/>\n<meta property=\"og:title\" content=\"Prefeitura de S\u00e3o Jo\u00e3o do Tigre inicia entrega de Kits Semana Santa nesta segunda-feira - Not&iacute;cias em Destaque\" \/>\n<meta property=\"og:description\" content=\"A Prefeitura Municipal de\u00a0S\u00e3o Jo\u00e3o do Tigre,\u00a0atrav\u00e9s da Secretaria de Desenvolvimento Social e Seguran\u00e7a Alimentar, dar\u00e1 in\u00edcio \u00e0 distribui\u00e7\u00e3o dos\u00a0Kits Semana Santa\u00a0nesta segunda-feira (14 de abril), com continuidade na ter\u00e7a-feira (15 de abril). A iniciativa integra o programa \u201cGoverno M\u00e1rcio Leite: Construindo uma Nova Hist\u00f3ria\u201d e visa atender fam\u00edlias do munic\u00edpio durante as celebra\u00e7\u00f5es pascalinas. O prefeito\u00a0M\u00e1rcio Leite\u00a0enfatizou o car\u00e1ter solid\u00e1rio da a\u00e7\u00e3o:\u00a0\u201cNossa gest\u00e3o prioriza o bem-estar da popula\u00e7\u00e3o, especialmente em datas tradicionais como a Semana Santa. Esses kits representam nosso compromisso com as fam\u00edlias que mais precisam\u201d. Os alimentos inclu\u00eddos nos kits seguem a tradi\u00e7\u00e3o da \u00e9poca, garantindo itens essenciais para a ceia festiva. A distribui\u00e7\u00e3o ocorrer\u00e1 em pontos estrat\u00e9gicos da cidade e distritos. Noticias em Destaque Fonte: Para\u00edba da Gente\" \/>\n<meta property=\"og:url\" content=\"https:\/\/noticiasemdestaque.com\/cd\/?p=68537\" \/>\n<meta property=\"og:site_name\" content=\"Not&iacute;cias em Destaque\" \/>\n<meta property=\"article:published_time\" content=\"2025-04-14T20:53:45+00:00\" \/>\n<meta property=\"og:image\" content=\"https:\/\/noticiasemdestaque.com\/cd\/wp-content\/uploads\/2025\/04\/SaveClip.App_489350760_17954644733934133_2082916603361966920_n-e1744634764822.webp\" \/>\n\t<meta property=\"og:image:width\" content=\"1080\" \/>\n\t<meta property=\"og:image:height\" content=\"1154\" \/>\n\t<meta property=\"og:image:type\" content=\"image\/webp\" \/>\n<meta name=\"author\" content=\"Not\u00edcias em Destaque\" \/>\n<meta name=\"twitter:card\" content=\"summary_large_image\" \/>\n<meta name=\"twitter:label1\" content=\"Escrito por\" \/>\n\t<meta name=\"twitter:data1\" content=\"Not\u00edcias em Destaque\" \/>\n\t<meta name=\"twitter:label2\" content=\"Est. tempo de leitura\" \/>\n\t<meta name=\"twitter:data2\" content=\"2 minutos\" \/>\n<script type=\"application\/ld+json\" class=\"yoast-schema-graph\">{\"@context\":\"https:\/\/schema.org\",\"@graph\":[{\"@type\":\"Article\",\"@id\":\"https:\/\/noticiasemdestaque.com\/cd\/?p=68537#article\",\"isPartOf\":{\"@id\":\"https:\/\/noticiasemdestaque.com\/cd\/?p=68537\"},\"author\":{\"name\":\"Not\u00edcias em Destaque\",\"@id\":\"https:\/\/noticiasemdestaque.com\/cd\/#\/schema\/person\/47f7d4f55eec17c6b2ca036c5500f6ce\"},\"headline\":\"Prefeitura de S\u00e3o Jo\u00e3o do Tigre inicia entrega de Kits Semana Santa nesta segunda-feira\",\"datePublished\":\"2025-04-14T20:53:45+00:00\",\"mainEntityOfPage\":{\"@id\":\"https:\/\/noticiasemdestaque.com\/cd\/?p=68537\"},\"wordCount\":166,\"publisher\":{\"@id\":\"https:\/\/noticiasemdestaque.com\/cd\/#organization\"},\"image\":{\"@id\":\"https:\/\/noticiasemdestaque.com\/cd\/?p=68537#primaryimage\"},\"thumbnailUrl\":\"https:\/\/noticiasemdestaque.com\/cd\/wp-content\/uploads\/2025\/04\/SaveClip.App_489350760_17954644733934133_2082916603361966920_n-e1744634764822.webp\",\"articleSection\":[\"Cidades\"],\"inLanguage\":\"pt-BR\"},{\"@type\":\"WebPage\",\"@id\":\"https:\/\/noticiasemdestaque.com\/cd\/?p=68537\",\"url\":\"https:\/\/noticiasemdestaque.com\/cd\/?p=68537\",\"name\":\"Prefeitura de S\u00e3o Jo\u00e3o do Tigre inicia entrega de Kits Semana Santa nesta segunda-feira - Not&iacute;cias em Destaque\",\"isPartOf\":{\"@id\":\"https:\/\/noticiasemdestaque.com\/cd\/#website\"},\"primaryImageOfPage\":{\"@id\":\"https:\/\/noticiasemdestaque.com\/cd\/?p=68537#primaryimage\"},\"image\":{\"@id\":\"https:\/\/noticiasemdestaque.com\/cd\/?p=68537#primaryimage\"},\"thumbnailUrl\":\"https:\/\/noticiasemdestaque.com\/cd\/wp-content\/uploads\/2025\/04\/SaveClip.App_489350760_17954644733934133_2082916603361966920_n-e1744634764822.webp\",\"datePublished\":\"2025-04-14T20:53:45+00:00\",\"breadcrumb\":{\"@id\":\"https:\/\/noticiasemdestaque.com\/cd\/?p=68537#breadcrumb\"},\"inLanguage\":\"pt-BR\",\"potentialAction\":[{\"@type\":\"ReadAction\",\"target\":[\"https:\/\/noticiasemdestaque.com\/cd\/?p=68537\"]}]},{\"@type\":\"ImageObject\",\"inLanguage\":\"pt-BR\",\"@id\":\"https:\/\/noticiasemdestaque.com\/cd\/?p=68537#primaryimage\",\"url\":\"https:\/\/noticiasemdestaque.com\/cd\/wp-content\/uploads\/2025\/04\/SaveClip.App_489350760_17954644733934133_2082916603361966920_n-e1744634764822.webp\",\"contentUrl\":\"https:\/\/noticiasemdestaque.com\/cd\/wp-content\/uploads\/2025\/04\/SaveClip.App_489350760_17954644733934133_2082916603361966920_n-e1744634764822.webp\",\"width\":1080,\"height\":1154},{\"@type\":\"BreadcrumbList\",\"@id\":\"https:\/\/noticiasemdestaque.com\/cd\/?p=68537#breadcrumb\",\"itemListElement\":[{\"@type\":\"ListItem\",\"position\":1,\"name\":\"In\u00edcio\",\"item\":\"https:\/\/noticiasemdestaque.com\/cd\/\"},{\"@type\":\"ListItem\",\"position\":2,\"name\":\"Prefeitura de S\u00e3o Jo\u00e3o do Tigre inicia entrega de Kits Semana Santa nesta segunda-feira\"}]},{\"@type\":\"WebSite\",\"@id\":\"https:\/\/noticiasemdestaque.com\/cd\/#website\",\"url\":\"https:\/\/noticiasemdestaque.com\/cd\/\",\"name\":\"Not&iacute;cias em Destaque\",\"description\":\"\",\"publisher\":{\"@id\":\"https:\/\/noticiasemdestaque.com\/cd\/#organization\"},\"potentialAction\":[{\"@type\":\"SearchAction\",\"target\":{\"@type\":\"EntryPoint\",\"urlTemplate\":\"https:\/\/noticiasemdestaque.com\/cd\/?s={search_term_string}\"},\"query-input\":{\"@type\":\"PropertyValueSpecification\",\"valueRequired\":true,\"valueName\":\"search_term_string\"}}],\"inLanguage\":\"pt-BR\"},{\"@type\":\"Organization\",\"@id\":\"https:\/\/noticiasemdestaque.com\/cd\/#organization\",\"name\":\"Not\u00edcias em Destaque\",\"url\":\"https:\/\/noticiasemdestaque.com\/cd\/\",\"logo\":{\"@type\":\"ImageObject\",\"inLanguage\":\"pt-BR\",\"@id\":\"https:\/\/noticiasemdestaque.com\/cd\/#\/schema\/logo\/image\/\",\"url\":\"https:\/\/noticiasemdestaque.com\/cd\/wp-content\/uploads\/2022\/05\/imagem-base-noticiasemdestaque.png\",\"contentUrl\":\"https:\/\/noticiasemdestaque.com\/cd\/wp-content\/uploads\/2022\/05\/imagem-base-noticiasemdestaque.png\",\"width\":1200,\"height\":630,\"caption\":\"Not\u00edcias em Destaque\"},\"image\":{\"@id\":\"https:\/\/noticiasemdestaque.com\/cd\/#\/schema\/logo\/image\/\"}},{\"@type\":\"Person\",\"@id\":\"https:\/\/noticiasemdestaque.com\/cd\/#\/schema\/person\/47f7d4f55eec17c6b2ca036c5500f6ce\",\"name\":\"Not\u00edcias em Destaque\",\"url\":\"https:\/\/noticiasemdestaque.com\/cd\/?author=2\"}]}<\/script>\n<!-- \/ Yoast SEO plugin. -->","yoast_head_json":{"title":"Prefeitura de S\u00e3o Jo\u00e3o do Tigre inicia entrega de Kits Semana Santa nesta segunda-feira - Not&iacute;cias em Destaque","robots":{"index":"index","follow":"follow","max-snippet":"max-snippet:-1","max-image-preview":"max-image-preview:large","max-video-preview":"max-video-preview:-1"},"canonical":"https:\/\/noticiasemdestaque.com\/cd\/?p=68537","og_locale":"pt_BR","og_type":"article","og_title":"Prefeitura de S\u00e3o Jo\u00e3o do Tigre inicia entrega de Kits Semana Santa nesta segunda-feira - Not&iacute;cias em Destaque","og_description":"A Prefeitura Municipal de\u00a0S\u00e3o Jo\u00e3o do Tigre,\u00a0atrav\u00e9s da Secretaria de Desenvolvimento Social e Seguran\u00e7a Alimentar, dar\u00e1 in\u00edcio \u00e0 distribui\u00e7\u00e3o dos\u00a0Kits Semana Santa\u00a0nesta segunda-feira (14 de abril), com continuidade na ter\u00e7a-feira (15 de abril). A iniciativa integra o programa \u201cGoverno M\u00e1rcio Leite: Construindo uma Nova Hist\u00f3ria\u201d e visa atender fam\u00edlias do munic\u00edpio durante as celebra\u00e7\u00f5es pascalinas. O prefeito\u00a0M\u00e1rcio Leite\u00a0enfatizou o car\u00e1ter solid\u00e1rio da a\u00e7\u00e3o:\u00a0\u201cNossa gest\u00e3o prioriza o bem-estar da popula\u00e7\u00e3o, especialmente em datas tradicionais como a Semana Santa. Esses kits representam nosso compromisso com as fam\u00edlias que mais precisam\u201d. Os alimentos inclu\u00eddos nos kits seguem a tradi\u00e7\u00e3o da \u00e9poca, garantindo itens essenciais para a ceia festiva. A distribui\u00e7\u00e3o ocorrer\u00e1 em pontos estrat\u00e9gicos da cidade e distritos. Noticias em Destaque Fonte: Para\u00edba da Gente","og_url":"https:\/\/noticiasemdestaque.com\/cd\/?p=68537","og_site_name":"Not&iacute;cias em Destaque","article_published_time":"2025-04-14T20:53:45+00:00","og_image":[{"width":1080,"height":1154,"url":"https:\/\/noticiasemdestaque.com\/cd\/wp-content\/uploads\/2025\/04\/SaveClip.App_489350760_17954644733934133_2082916603361966920_n-e1744634764822.webp","type":"image\/webp"}],"author":"Not\u00edcias em Destaque","twitter_card":"summary_large_image","twitter_misc":{"Escrito por":"Not\u00edcias em Destaque","Est. tempo de leitura":"2 minutos"},"schema":{"@context":"https:\/\/schema.org","@graph":[{"@type":"Article","@id":"https:\/\/noticiasemdestaque.com\/cd\/?p=68537#article","isPartOf":{"@id":"https:\/\/noticiasemdestaque.com\/cd\/?p=68537"},"author":{"name":"Not\u00edcias em Destaque","@id":"https:\/\/noticiasemdestaque.com\/cd\/#\/schema\/person\/47f7d4f55eec17c6b2ca036c5500f6ce"},"headline":"Prefeitura de S\u00e3o Jo\u00e3o do Tigre inicia entrega de Kits Semana Santa nesta segunda-feira","datePublished":"2025-04-14T20:53:45+00:00","mainEntityOfPage":{"@id":"https:\/\/noticiasemdestaque.com\/cd\/?p=68537"},"wordCount":166,"publisher":{"@id":"https:\/\/noticiasemdestaque.com\/cd\/#organization"},"image":{"@id":"https:\/\/noticiasemdestaque.com\/cd\/?p=68537#primaryimage"},"thumbnailUrl":"https:\/\/noticiasemdestaque.com\/cd\/wp-content\/uploads\/2025\/04\/SaveClip.App_489350760_17954644733934133_2082916603361966920_n-e1744634764822.webp","articleSection":["Cidades"],"inLanguage":"pt-BR"},{"@type":"WebPage","@id":"https:\/\/noticiasemdestaque.com\/cd\/?p=68537","url":"https:\/\/noticiasemdestaque.com\/cd\/?p=68537","name":"Prefeitura de S\u00e3o Jo\u00e3o do Tigre inicia entrega de Kits Semana Santa nesta segunda-feira - Not&iacute;cias em Destaque","isPartOf":{"@id":"https:\/\/noticiasemdestaque.com\/cd\/#website"},"primaryImageOfPage":{"@id":"https:\/\/noticiasemdestaque.com\/cd\/?p=68537#primaryimage"},"image":{"@id":"https:\/\/noticiasemdestaque.com\/cd\/?p=68537#primaryimage"},"thumbnailUrl":"https:\/\/noticiasemdestaque.com\/cd\/wp-content\/uploads\/2025\/04\/SaveClip.App_489350760_17954644733934133_2082916603361966920_n-e1744634764822.webp","datePublished":"2025-04-14T20:53:45+00:00","breadcrumb":{"@id":"https:\/\/noticiasemdestaque.com\/cd\/?p=68537#breadcrumb"},"inLanguage":"pt-BR","potentialAction":[{"@type":"ReadAction","target":["https:\/\/noticiasemdestaque.com\/cd\/?p=68537"]}]},{"@type":"ImageObject","inLanguage":"pt-BR","@id":"https:\/\/noticiasemdestaque.com\/cd\/?p=68537#primaryimage","url":"https:\/\/noticiasemdestaque.com\/cd\/wp-content\/uploads\/2025\/04\/SaveClip.App_489350760_17954644733934133_2082916603361966920_n-e1744634764822.webp","contentUrl":"https:\/\/noticiasemdestaque.com\/cd\/wp-content\/uploads\/2025\/04\/SaveClip.App_489350760_17954644733934133_2082916603361966920_n-e1744634764822.webp","width":1080,"height":1154},{"@type":"BreadcrumbList","@id":"https:\/\/noticiasemdestaque.com\/cd\/?p=68537#breadcrumb","itemListElement":[{"@type":"ListItem","position":1,"name":"In\u00edcio","item":"https:\/\/noticiasemdestaque.com\/cd\/"},{"@type":"ListItem","position":2,"name":"Prefeitura de S\u00e3o Jo\u00e3o do Tigre inicia entrega de Kits Semana Santa nesta segunda-feira"}]},{"@type":"WebSite","@id":"https:\/\/noticiasemdestaque.com\/cd\/#website","url":"https:\/\/noticiasemdestaque.com\/cd\/","name":"Not&iacute;cias em Destaque","description":"","publisher":{"@id":"https:\/\/noticiasemdestaque.com\/cd\/#organization"},"potentialAction":[{"@type":"SearchAction","target":{"@type":"EntryPoint","urlTemplate":"https:\/\/noticiasemdestaque.com\/cd\/?s={search_term_string}"},"query-input":{"@type":"PropertyValueSpecification","valueRequired":true,"valueName":"search_term_string"}}],"inLanguage":"pt-BR"},{"@type":"Organization","@id":"https:\/\/noticiasemdestaque.com\/cd\/#organization","name":"Not\u00edcias em Destaque","url":"https:\/\/noticiasemdestaque.com\/cd\/","logo":{"@type":"ImageObject","inLanguage":"pt-BR","@id":"https:\/\/noticiasemdestaque.com\/cd\/#\/schema\/logo\/image\/","url":"https:\/\/noticiasemdestaque.com\/cd\/wp-content\/uploads\/2022\/05\/imagem-base-noticiasemdestaque.png","contentUrl":"https:\/\/noticiasemdestaque.com\/cd\/wp-content\/uploads\/2022\/05\/imagem-base-noticiasemdestaque.png","width":1200,"height":630,"caption":"Not\u00edcias em Destaque"},"image":{"@id":"https:\/\/noticiasemdestaque.com\/cd\/#\/schema\/logo\/image\/"}},{"@type":"Person","@id":"https:\/\/noticiasemdestaque.com\/cd\/#\/schema\/person\/47f7d4f55eec17c6b2ca036c5500f6ce","name":"Not\u00edcias em Destaque","url":"https:\/\/noticiasemdestaque.com\/cd\/?author=2"}]}},"jetpack_featured_media_url":"https:\/\/noticiasemdestaque.com\/cd\/wp-content\/uploads\/2025\/04\/SaveClip.App_489350760_17954644733934133_2082916603361966920_n-e1744634764822.webp","jetpack_sharing_enabled":true,"_links":{"self":[{"href":"https:\/\/noticiasemdestaque.com\/cd\/index.php?rest_route=\/wp\/v2\/posts\/68537","targetHints":{"allow":["GET"]}}],"collection":[{"href":"https:\/\/noticiasemdestaque.com\/cd\/index.php?rest_route=\/wp\/v2\/posts"}],"about":[{"href":"https:\/\/noticiasemdestaque.com\/cd\/index.php?rest_route=\/wp\/v2\/types\/post"}],"author":[{"embeddable":true,"href":"https:\/\/noticiasemdestaque.com\/cd\/index.php?rest_route=\/wp\/v2\/users\/2"}],"replies":[{"embeddable":true,"href":"https:\/\/noticiasemdestaque.com\/cd\/index.php?rest_route=%2Fwp%2Fv2%2Fcomments&post=68537"}],"version-history":[{"count":1,"href":"https:\/\/noticiasemdestaque.com\/cd\/index.php?rest_route=\/wp\/v2\/posts\/68537\/revisions"}],"predecessor-version":[{"id":68539,"href":"https:\/\/noticiasemdestaque.com\/cd\/index.php?rest_route=\/wp\/v2\/posts\/68537\/revisions\/68539"}],"wp:featuredmedia":[{"embeddable":true,"href":"https:\/\/noticiasemdestaque.com\/cd\/index.php?rest_route=\/wp\/v2\/media\/68538"}],"wp:attachment":[{"href":"https:\/\/noticiasemdestaque.com\/cd\/index.php?rest_route=%2Fwp%2Fv2%2Fmedia&parent=68537"}],"wp:term":[{"taxonomy":"category","embeddable":true,"href":"https:\/\/noticiasemdestaque.com\/cd\/index.php?rest_route=%2Fwp%2Fv2%2Fcategories&post=68537"},{"taxonomy":"post_tag","embeddable":true,"href":"https:\/\/noticiasemdestaque.com\/cd\/index.php?rest_route=%2Fwp%2Fv2%2Ftags&post=68537"}],"curies":[{"name":"wp","href":"https:\/\/api.w.org\/{rel}","templated":true}]}}