{"id":68448,"date":"2025-04-10T20:50:13","date_gmt":"2025-04-10T23:50:13","guid":{"rendered":"https:\/\/noticiasemdestaque.com\/cd\/?p=68448"},"modified":"2025-04-10T20:50:13","modified_gmt":"2025-04-10T23:50:13","slug":"camara-de-sume-realiza-sessao-e-vereadores-debatem-propostas-para-educacao-seguranca-e-infraestrutura","status":"publish","type":"post","link":"https:\/\/noticiasemdestaque.com\/cd\/?p=68448","title":{"rendered":"C\u00e2mara de Sum\u00e9 realiza sess\u00e3o e vereadores debatem propostas para educa\u00e7\u00e3o, seguran\u00e7a e infraestrutura"},"content":{"rendered":"<p><a href=\"https:\/\/noticiasemdestaque.com\/cd\/wp-content\/uploads\/2025\/04\/Imagem-do-WhatsApp-de-2025-04-10-as-20.06.36_7d97abaf.jpg\"><img fetchpriority=\"high\" decoding=\"async\" class=\" wp-image-68449 aligncenter\" src=\"https:\/\/noticiasemdestaque.com\/cd\/wp-content\/uploads\/2025\/04\/Imagem-do-WhatsApp-de-2025-04-10-as-20.06.36_7d97abaf-300x200.jpg\" alt=\"\" width=\"693\" height=\"462\" srcset=\"https:\/\/noticiasemdestaque.com\/cd\/wp-content\/uploads\/2025\/04\/Imagem-do-WhatsApp-de-2025-04-10-as-20.06.36_7d97abaf-300x200.jpg 300w, https:\/\/noticiasemdestaque.com\/cd\/wp-content\/uploads\/2025\/04\/Imagem-do-WhatsApp-de-2025-04-10-as-20.06.36_7d97abaf-1024x682.jpg 1024w, https:\/\/noticiasemdestaque.com\/cd\/wp-content\/uploads\/2025\/04\/Imagem-do-WhatsApp-de-2025-04-10-as-20.06.36_7d97abaf-768x512.jpg 768w, https:\/\/noticiasemdestaque.com\/cd\/wp-content\/uploads\/2025\/04\/Imagem-do-WhatsApp-de-2025-04-10-as-20.06.36_7d97abaf-1536x1023.jpg 1536w, https:\/\/noticiasemdestaque.com\/cd\/wp-content\/uploads\/2025\/04\/Imagem-do-WhatsApp-de-2025-04-10-as-20.06.36_7d97abaf.jpg 1600w\" sizes=\"(max-width: 693px) 100vw, 693px\" \/><\/a><\/p>\n<p>Na mais recente sess\u00e3o da C\u00e2mara Municipal de Sum\u00e9, realizada nesta quarta-feira (09), os vereadores apresentaram uma s\u00e9rie de indica\u00e7\u00f5es, requerimentos e votos de aplauso e pesar.<\/p>\n<p>As propostas abrangem \u00e1reas como educa\u00e7\u00e3o, seguran\u00e7a p\u00fablica, infraestrutura, sa\u00fade mental e homenagens \u00e0 popula\u00e7\u00e3o.<\/p>\n<p>O vereador Ruan Pereira indicou ao prefeito Manoel Louren\u00e7o Queiroz Duarte e \u00e0 secret\u00e1ria de Educa\u00e7\u00e3o, Denize Batista de Sousa, a inclus\u00e3o da disciplina de Educa\u00e7\u00e3o Financeira na grade curricular do ensino municipal a partir de 2026. A proposta visa capacitar os estudantes para o gerenciamento de suas finan\u00e7as pessoais e prepar\u00e1-los para a vida adulta. Ruan tamb\u00e9m apresentou a proposta de cria\u00e7\u00e3o da Pol\u00edcia Urbana do Munic\u00edpio de Sum\u00e9, com defini\u00e7\u00e3o de compet\u00eancias e atribui\u00e7\u00f5es espec\u00edficas.<\/p>\n<p><a href=\"https:\/\/noticiasemdestaque.com\/cd\/wp-content\/uploads\/2025\/04\/Imagem-do-WhatsApp-de-2025-04-10-as-20.06.35_fb1c984d.jpg\"><img decoding=\"async\" class=\" wp-image-68450 aligncenter\" src=\"https:\/\/noticiasemdestaque.com\/cd\/wp-content\/uploads\/2025\/04\/Imagem-do-WhatsApp-de-2025-04-10-as-20.06.35_fb1c984d-300x285.jpg\" alt=\"\" width=\"489\" height=\"465\" srcset=\"https:\/\/noticiasemdestaque.com\/cd\/wp-content\/uploads\/2025\/04\/Imagem-do-WhatsApp-de-2025-04-10-as-20.06.35_fb1c984d-300x285.jpg 300w, https:\/\/noticiasemdestaque.com\/cd\/wp-content\/uploads\/2025\/04\/Imagem-do-WhatsApp-de-2025-04-10-as-20.06.35_fb1c984d-1024x974.jpg 1024w, https:\/\/noticiasemdestaque.com\/cd\/wp-content\/uploads\/2025\/04\/Imagem-do-WhatsApp-de-2025-04-10-as-20.06.35_fb1c984d-768x731.jpg 768w, https:\/\/noticiasemdestaque.com\/cd\/wp-content\/uploads\/2025\/04\/Imagem-do-WhatsApp-de-2025-04-10-as-20.06.35_fb1c984d-1536x1461.jpg 1536w, https:\/\/noticiasemdestaque.com\/cd\/wp-content\/uploads\/2025\/04\/Imagem-do-WhatsApp-de-2025-04-10-as-20.06.35_fb1c984d.jpg 1600w\" sizes=\"(max-width: 489px) 100vw, 489px\" \/><\/a><\/p>\n<p>Outra indica\u00e7\u00e3o de sua autoria sugere a municipaliza\u00e7\u00e3o do tr\u00e2nsito, por meio da cria\u00e7\u00e3o do Sistema de Tr\u00e2nsito Municipal. Na \u00e1rea de infraestrutura, o vereador prop\u00f4s uma parceria p\u00fablico-privada para o uso de ca\u00e7ambas, m\u00e1quinas agr\u00edcolas e perfuratriz de po\u00e7os, com divis\u00e3o de custos entre o munic\u00edpio e os moradores, al\u00e9m do recapeamento da estrada entre os s\u00edtios Terra Vermelha e Chor\u00e3o. Tamb\u00e9m foi solicitado por Ruan a instala\u00e7\u00e3o de refletores no campo de terra do Est\u00e1dio Jacint\u00e3o, conhecido como \u201cTerr\u00e3o\u201d, com o intuito de melhorar as condi\u00e7\u00f5es para a pr\u00e1tica esportiva e eventos.<\/p>\n<p>Na \u00e1rea da sa\u00fade mental, Ruan requereu a implanta\u00e7\u00e3o de atendimento psicol\u00f3gico para fam\u00edlias enlutadas. Tamb\u00e9m solicitou que o propriet\u00e1rio do loteamento Flor do Cariri seja convidado a comparecer \u00e0 C\u00e2mara para discutir alternativas de abastecimento de \u00e1gua para a localidade. Ainda durante a sess\u00e3o, o parlamentar prestou Voto de Aplauso \u00e0 secret\u00e1ria Denize Batista de Sousa e \u00e0 equipe educacional do munic\u00edpio pelo trabalho comprometido e de qualidade que v\u00eam desenvolvendo.<\/p>\n<p>O vereador Jeffeson Menezes tamb\u00e9m apresentou Voto de Aplauso, celebrando a autoriza\u00e7\u00e3o do Minist\u00e9rio da Educa\u00e7\u00e3o (MEC) para a implanta\u00e7\u00e3o do curso de Medicina Veterin\u00e1ria na Faculdade do Cariri Paraibano \u2013 UNICIR, fato considerado um marco para a educa\u00e7\u00e3o superior no munic\u00edpio.<\/p>\n<p><a href=\"https:\/\/noticiasemdestaque.com\/cd\/wp-content\/uploads\/2025\/04\/Imagem-do-WhatsApp-de-2025-04-10-as-20.06.35_e55fca9f.jpg\"><img decoding=\"async\" class=\" wp-image-68451 aligncenter\" src=\"https:\/\/noticiasemdestaque.com\/cd\/wp-content\/uploads\/2025\/04\/Imagem-do-WhatsApp-de-2025-04-10-as-20.06.35_e55fca9f-200x300.jpg\" alt=\"\" width=\"483\" height=\"725\" srcset=\"https:\/\/noticiasemdestaque.com\/cd\/wp-content\/uploads\/2025\/04\/Imagem-do-WhatsApp-de-2025-04-10-as-20.06.35_e55fca9f-200x300.jpg 200w, https:\/\/noticiasemdestaque.com\/cd\/wp-content\/uploads\/2025\/04\/Imagem-do-WhatsApp-de-2025-04-10-as-20.06.35_e55fca9f-682x1024.jpg 682w, https:\/\/noticiasemdestaque.com\/cd\/wp-content\/uploads\/2025\/04\/Imagem-do-WhatsApp-de-2025-04-10-as-20.06.35_e55fca9f-768x1153.jpg 768w, https:\/\/noticiasemdestaque.com\/cd\/wp-content\/uploads\/2025\/04\/Imagem-do-WhatsApp-de-2025-04-10-as-20.06.35_e55fca9f-1023x1536.jpg 1023w, https:\/\/noticiasemdestaque.com\/cd\/wp-content\/uploads\/2025\/04\/Imagem-do-WhatsApp-de-2025-04-10-as-20.06.35_e55fca9f.jpg 1066w\" sizes=\"(max-width: 483px) 100vw, 483px\" \/><\/a><\/p>\n<p>O vereador Arymat\u00e9ia Silva apresentou requerimento solicitando a realiza\u00e7\u00e3o de reparos na Pra\u00e7a Poeta Z\u00e9 Marcolino. De acordo com o parlamentar, a pra\u00e7a, que leva o nome de um dos mais importantes representantes da cultura nordestina, necessita de interven\u00e7\u00f5es para garantir seguran\u00e7a e conforto aos frequentadores.<\/p>\n<p><a href=\"https:\/\/noticiasemdestaque.com\/cd\/wp-content\/uploads\/2025\/04\/Imagem-do-WhatsApp-de-2025-04-10-as-20.06.34_e9e4a58f.jpg\"><img loading=\"lazy\" decoding=\"async\" class=\" wp-image-68452 aligncenter\" src=\"https:\/\/noticiasemdestaque.com\/cd\/wp-content\/uploads\/2025\/04\/Imagem-do-WhatsApp-de-2025-04-10-as-20.06.34_e9e4a58f-200x300.jpg\" alt=\"\" width=\"453\" height=\"680\" srcset=\"https:\/\/noticiasemdestaque.com\/cd\/wp-content\/uploads\/2025\/04\/Imagem-do-WhatsApp-de-2025-04-10-as-20.06.34_e9e4a58f-200x300.jpg 200w, https:\/\/noticiasemdestaque.com\/cd\/wp-content\/uploads\/2025\/04\/Imagem-do-WhatsApp-de-2025-04-10-as-20.06.34_e9e4a58f-682x1024.jpg 682w, https:\/\/noticiasemdestaque.com\/cd\/wp-content\/uploads\/2025\/04\/Imagem-do-WhatsApp-de-2025-04-10-as-20.06.34_e9e4a58f-768x1153.jpg 768w, https:\/\/noticiasemdestaque.com\/cd\/wp-content\/uploads\/2025\/04\/Imagem-do-WhatsApp-de-2025-04-10-as-20.06.34_e9e4a58f-1023x1536.jpg 1023w, https:\/\/noticiasemdestaque.com\/cd\/wp-content\/uploads\/2025\/04\/Imagem-do-WhatsApp-de-2025-04-10-as-20.06.34_e9e4a58f.jpg 1066w\" sizes=\"(max-width: 453px) 100vw, 453px\" \/><\/a><\/p>\n<p>O vereador Fernando Louren\u00e7o requereu a constru\u00e7\u00e3o de um mata-burro no S\u00edtio Craibeiras, que atender\u00e1 tamb\u00e9m as comunidades de Tort\u00e3o, Moco, Jerimum e Craibeiras II.<\/p>\n<p><a href=\"https:\/\/noticiasemdestaque.com\/cd\/wp-content\/uploads\/2025\/04\/Imagem-do-WhatsApp-de-2025-04-10-as-20.06.36_58bb59c3.jpg\"><img loading=\"lazy\" decoding=\"async\" class=\" wp-image-68453 aligncenter\" src=\"https:\/\/noticiasemdestaque.com\/cd\/wp-content\/uploads\/2025\/04\/Imagem-do-WhatsApp-de-2025-04-10-as-20.06.36_58bb59c3-244x300.jpg\" alt=\"\" width=\"424\" height=\"522\" srcset=\"https:\/\/noticiasemdestaque.com\/cd\/wp-content\/uploads\/2025\/04\/Imagem-do-WhatsApp-de-2025-04-10-as-20.06.36_58bb59c3-244x300.jpg 244w, https:\/\/noticiasemdestaque.com\/cd\/wp-content\/uploads\/2025\/04\/Imagem-do-WhatsApp-de-2025-04-10-as-20.06.36_58bb59c3-834x1024.jpg 834w, https:\/\/noticiasemdestaque.com\/cd\/wp-content\/uploads\/2025\/04\/Imagem-do-WhatsApp-de-2025-04-10-as-20.06.36_58bb59c3-768x943.jpg 768w, https:\/\/noticiasemdestaque.com\/cd\/wp-content\/uploads\/2025\/04\/Imagem-do-WhatsApp-de-2025-04-10-as-20.06.36_58bb59c3-1251x1536.jpg 1251w, https:\/\/noticiasemdestaque.com\/cd\/wp-content\/uploads\/2025\/04\/Imagem-do-WhatsApp-de-2025-04-10-as-20.06.36_58bb59c3.jpg 1303w\" sizes=\"(max-width: 424px) 100vw, 424px\" \/><\/a><\/p>\n<p>J\u00e1 o vereador Daniel L\u00eala solicitou que a Lei Municipal n\u00ba 1.597\/2023, que institui o programa CNH Social, seja efetivamente implementada. Ele tamb\u00e9m pediu melhorias no abastecimento de \u00e1gua do S\u00edtio V\u00e1rzea da Ro\u00e7a e apresentou Votos de Aplauso para Anderson Itallo Ferreira da Silva (Diretor de Esportes), Cleyson Silva Estendio \u2013 Evaldo Filho (Diretor do Departamento de Cultura e Turismo) e Maria Tereza Cristina Coelho do Nascimento (Diretora de Projetos Especiais da Educa\u00e7\u00e3o), pela realiza\u00e7\u00e3o da ExporSum\u00e9 2025.<\/p>\n<p><a href=\"https:\/\/noticiasemdestaque.com\/cd\/wp-content\/uploads\/2025\/04\/Imagem-do-WhatsApp-de-2025-04-10-as-20.06.34_592cdd2b.jpg\"><img loading=\"lazy\" decoding=\"async\" class=\" wp-image-68454 aligncenter\" src=\"https:\/\/noticiasemdestaque.com\/cd\/wp-content\/uploads\/2025\/04\/Imagem-do-WhatsApp-de-2025-04-10-as-20.06.34_592cdd2b-244x300.jpg\" alt=\"\" width=\"418\" height=\"514\" srcset=\"https:\/\/noticiasemdestaque.com\/cd\/wp-content\/uploads\/2025\/04\/Imagem-do-WhatsApp-de-2025-04-10-as-20.06.34_592cdd2b-244x300.jpg 244w, https:\/\/noticiasemdestaque.com\/cd\/wp-content\/uploads\/2025\/04\/Imagem-do-WhatsApp-de-2025-04-10-as-20.06.34_592cdd2b-831x1024.jpg 831w, https:\/\/noticiasemdestaque.com\/cd\/wp-content\/uploads\/2025\/04\/Imagem-do-WhatsApp-de-2025-04-10-as-20.06.34_592cdd2b-768x946.jpg 768w, https:\/\/noticiasemdestaque.com\/cd\/wp-content\/uploads\/2025\/04\/Imagem-do-WhatsApp-de-2025-04-10-as-20.06.34_592cdd2b-1247x1536.jpg 1247w, https:\/\/noticiasemdestaque.com\/cd\/wp-content\/uploads\/2025\/04\/Imagem-do-WhatsApp-de-2025-04-10-as-20.06.34_592cdd2b.jpg 1299w\" sizes=\"(max-width: 418px) 100vw, 418px\" \/><\/a><\/p>\n<p>O vereador Branco Xiliu registrou votos de pesar \u00e0s fam\u00edlias da senhora Luciana Leite (Nana Leite) e do senhor Francisco Rodrigues (Buzinho da Vassoura).<\/p>\n<p><a href=\"https:\/\/noticiasemdestaque.com\/cd\/wp-content\/uploads\/2025\/04\/Imagem-do-WhatsApp-de-2025-04-10-as-20.06.33_9bd60a4b.jpg\"><img loading=\"lazy\" decoding=\"async\" class=\" wp-image-68456 aligncenter\" src=\"https:\/\/noticiasemdestaque.com\/cd\/wp-content\/uploads\/2025\/04\/Imagem-do-WhatsApp-de-2025-04-10-as-20.06.33_9bd60a4b-200x300.jpg\" alt=\"\" width=\"399\" height=\"599\" srcset=\"https:\/\/noticiasemdestaque.com\/cd\/wp-content\/uploads\/2025\/04\/Imagem-do-WhatsApp-de-2025-04-10-as-20.06.33_9bd60a4b-200x300.jpg 200w, https:\/\/noticiasemdestaque.com\/cd\/wp-content\/uploads\/2025\/04\/Imagem-do-WhatsApp-de-2025-04-10-as-20.06.33_9bd60a4b-682x1024.jpg 682w, https:\/\/noticiasemdestaque.com\/cd\/wp-content\/uploads\/2025\/04\/Imagem-do-WhatsApp-de-2025-04-10-as-20.06.33_9bd60a4b-768x1153.jpg 768w, https:\/\/noticiasemdestaque.com\/cd\/wp-content\/uploads\/2025\/04\/Imagem-do-WhatsApp-de-2025-04-10-as-20.06.33_9bd60a4b-1023x1536.jpg 1023w, https:\/\/noticiasemdestaque.com\/cd\/wp-content\/uploads\/2025\/04\/Imagem-do-WhatsApp-de-2025-04-10-as-20.06.33_9bd60a4b.jpg 1066w\" sizes=\"(max-width: 399px) 100vw, 399px\" \/><\/a><\/p>\n<p>O vereador Dida Alves apresentou voto de pesar \u00e0 fam\u00edlia da senhora Maria Ivete Fernandes. Na mesma sess\u00e3o, foi aprovado o Projeto de Lei n\u00ba 905\/2025, de autoria de Dida, que determina a obrigatoriedade da inclus\u00e3o dos nomes dos vereadores que atuarem na capta\u00e7\u00e3o de recursos junto a parlamentares nas placas de inaugura\u00e7\u00e3o de obras municipais.<\/p>\n<p><a href=\"https:\/\/noticiasemdestaque.com\/cd\/wp-content\/uploads\/2025\/04\/Imagem-do-WhatsApp-de-2025-04-10-as-20.06.34_9d5d7d12.jpg\"><img loading=\"lazy\" decoding=\"async\" class=\" wp-image-68455 aligncenter\" src=\"https:\/\/noticiasemdestaque.com\/cd\/wp-content\/uploads\/2025\/04\/Imagem-do-WhatsApp-de-2025-04-10-as-20.06.34_9d5d7d12-241x300.jpg\" alt=\"\" width=\"394\" height=\"491\" srcset=\"https:\/\/noticiasemdestaque.com\/cd\/wp-content\/uploads\/2025\/04\/Imagem-do-WhatsApp-de-2025-04-10-as-20.06.34_9d5d7d12-241x300.jpg 241w, https:\/\/noticiasemdestaque.com\/cd\/wp-content\/uploads\/2025\/04\/Imagem-do-WhatsApp-de-2025-04-10-as-20.06.34_9d5d7d12-824x1024.jpg 824w, https:\/\/noticiasemdestaque.com\/cd\/wp-content\/uploads\/2025\/04\/Imagem-do-WhatsApp-de-2025-04-10-as-20.06.34_9d5d7d12-768x955.jpg 768w, https:\/\/noticiasemdestaque.com\/cd\/wp-content\/uploads\/2025\/04\/Imagem-do-WhatsApp-de-2025-04-10-as-20.06.34_9d5d7d12-1236x1536.jpg 1236w, https:\/\/noticiasemdestaque.com\/cd\/wp-content\/uploads\/2025\/04\/Imagem-do-WhatsApp-de-2025-04-10-as-20.06.34_9d5d7d12.jpg 1287w\" sizes=\"(max-width: 394px) 100vw, 394px\" \/><\/a><\/p>\n<p><strong>Noticias em Destaque<\/strong><\/p>\n<p style=\"text-align: right;\"><em>Fonte: Ascom\/C\u00e2mara<\/em><\/p>\n","protected":false},"excerpt":{"rendered":"<p>Na mais recente sess\u00e3o da C\u00e2mara Municipal de Sum\u00e9, realizada nesta quarta-feira (09), os vereadores apresentaram uma s\u00e9rie de indica\u00e7\u00f5es, requerimentos e votos de aplauso e pesar. As propostas abrangem \u00e1reas como educa\u00e7\u00e3o, seguran\u00e7a p\u00fablica, infraestrutura, sa\u00fade mental e homenagens \u00e0 popula\u00e7\u00e3o. O vereador Ruan Pereira indicou ao prefeito Manoel Louren\u00e7o Queiroz Duarte e \u00e0 secret\u00e1ria de Educa\u00e7\u00e3o, Denize Batista de Sousa, a inclus\u00e3o da disciplina de Educa\u00e7\u00e3o Financeira na grade curricular do ensino municipal a partir de 2026. A proposta visa capacitar os estudantes para o gerenciamento de suas finan\u00e7as pessoais e prepar\u00e1-los para a vida adulta. Ruan tamb\u00e9m apresentou a proposta de cria\u00e7\u00e3o da Pol\u00edcia Urbana do Munic\u00edpio de Sum\u00e9, com defini\u00e7\u00e3o de compet\u00eancias e atribui\u00e7\u00f5es espec\u00edficas. Outra indica\u00e7\u00e3o de sua autoria sugere a municipaliza\u00e7\u00e3o do tr\u00e2nsito, por meio da cria\u00e7\u00e3o do Sistema de Tr\u00e2nsito Municipal. Na \u00e1rea de infraestrutura, o vereador prop\u00f4s uma parceria p\u00fablico-privada para o uso de ca\u00e7ambas, m\u00e1quinas agr\u00edcolas e perfuratriz de po\u00e7os, com divis\u00e3o de custos entre o munic\u00edpio e os moradores, al\u00e9m do recapeamento da estrada entre os s\u00edtios Terra Vermelha e Chor\u00e3o. Tamb\u00e9m foi solicitado por Ruan a instala\u00e7\u00e3o de refletores no campo de terra do Est\u00e1dio Jacint\u00e3o, conhecido como \u201cTerr\u00e3o\u201d, com o intuito de melhorar as condi\u00e7\u00f5es para a pr\u00e1tica esportiva e eventos. Na \u00e1rea da sa\u00fade mental, Ruan requereu a implanta\u00e7\u00e3o de atendimento psicol\u00f3gico para fam\u00edlias enlutadas. Tamb\u00e9m solicitou que o propriet\u00e1rio do loteamento Flor do Cariri seja convidado a comparecer \u00e0 C\u00e2mara para discutir alternativas de abastecimento de \u00e1gua para a localidade. Ainda durante a sess\u00e3o, o parlamentar prestou Voto de Aplauso \u00e0 secret\u00e1ria Denize Batista de Sousa e \u00e0 equipe educacional do munic\u00edpio pelo trabalho comprometido e de qualidade que v\u00eam desenvolvendo. O vereador Jeffeson Menezes tamb\u00e9m apresentou Voto de Aplauso, celebrando a autoriza\u00e7\u00e3o do Minist\u00e9rio da Educa\u00e7\u00e3o (MEC) para a implanta\u00e7\u00e3o do curso de Medicina Veterin\u00e1ria na Faculdade do Cariri Paraibano \u2013 UNICIR, fato considerado um marco para a educa\u00e7\u00e3o superior no munic\u00edpio. O vereador Arymat\u00e9ia Silva apresentou requerimento solicitando a realiza\u00e7\u00e3o de reparos na Pra\u00e7a Poeta Z\u00e9 Marcolino. De acordo com o parlamentar, a pra\u00e7a, que leva o nome de um dos mais importantes representantes da cultura nordestina, necessita de interven\u00e7\u00f5es para garantir seguran\u00e7a e conforto aos frequentadores. O vereador Fernando Louren\u00e7o requereu a constru\u00e7\u00e3o de um mata-burro no S\u00edtio Craibeiras, que atender\u00e1 tamb\u00e9m as comunidades de Tort\u00e3o, Moco, Jerimum e Craibeiras II. J\u00e1 o vereador Daniel L\u00eala solicitou que a Lei Municipal n\u00ba 1.597\/2023, que institui o programa CNH Social, seja efetivamente implementada. Ele tamb\u00e9m pediu melhorias no abastecimento de \u00e1gua do S\u00edtio V\u00e1rzea da Ro\u00e7a e apresentou Votos de Aplauso para Anderson Itallo Ferreira da Silva (Diretor de Esportes), Cleyson Silva Estendio \u2013 Evaldo Filho (Diretor do Departamento de Cultura e Turismo) e Maria Tereza Cristina Coelho do Nascimento (Diretora de Projetos Especiais da Educa\u00e7\u00e3o), pela realiza\u00e7\u00e3o da ExporSum\u00e9 2025. O vereador Branco Xiliu registrou votos de pesar \u00e0s fam\u00edlias da senhora Luciana Leite (Nana Leite) e do senhor Francisco Rodrigues (Buzinho da Vassoura). O vereador Dida Alves apresentou voto de pesar \u00e0 fam\u00edlia da senhora Maria Ivete Fernandes. Na mesma sess\u00e3o, foi aprovado o Projeto de Lei n\u00ba 905\/2025, de autoria de Dida, que determina a obrigatoriedade da inclus\u00e3o dos nomes dos vereadores que atuarem na capta\u00e7\u00e3o de recursos junto a parlamentares nas placas de inaugura\u00e7\u00e3o de obras municipais. Noticias em Destaque Fonte: Ascom\/C\u00e2mara<\/p>\n","protected":false},"author":2,"featured_media":68449,"comment_status":"closed","ping_status":"closed","sticky":false,"template":"","format":"standard","meta":{"_eb_attr":"","_jetpack_memberships_contains_paid_content":false,"footnotes":""},"categories":[4],"tags":[],"class_list":["post-68448","post","type-post","status-publish","format-standard","has-post-thumbnail","hentry","category-politica"],"yoast_head":"<!-- This site is optimized with the Yoast SEO plugin v26.5 - https:\/\/yoast.com\/wordpress\/plugins\/seo\/ -->\n<title>C\u00e2mara de Sum\u00e9 realiza sess\u00e3o e vereadores debatem propostas para educa\u00e7\u00e3o, seguran\u00e7a e infraestrutura - Not&iacute;cias em Destaque<\/title>\n<meta name=\"robots\" content=\"index, follow, max-snippet:-1, max-image-preview:large, max-video-preview:-1\" \/>\n<link rel=\"canonical\" href=\"https:\/\/noticiasemdestaque.com\/cd\/?p=68448\" \/>\n<meta property=\"og:locale\" content=\"pt_BR\" \/>\n<meta property=\"og:type\" content=\"article\" \/>\n<meta property=\"og:title\" content=\"C\u00e2mara de Sum\u00e9 realiza sess\u00e3o e vereadores debatem propostas para educa\u00e7\u00e3o, seguran\u00e7a e infraestrutura - Not&iacute;cias em Destaque\" \/>\n<meta property=\"og:description\" content=\"Na mais recente sess\u00e3o da C\u00e2mara Municipal de Sum\u00e9, realizada nesta quarta-feira (09), os vereadores apresentaram uma s\u00e9rie de indica\u00e7\u00f5es, requerimentos e votos de aplauso e pesar. As propostas abrangem \u00e1reas como educa\u00e7\u00e3o, seguran\u00e7a p\u00fablica, infraestrutura, sa\u00fade mental e homenagens \u00e0 popula\u00e7\u00e3o. O vereador Ruan Pereira indicou ao prefeito Manoel Louren\u00e7o Queiroz Duarte e \u00e0 secret\u00e1ria de Educa\u00e7\u00e3o, Denize Batista de Sousa, a inclus\u00e3o da disciplina de Educa\u00e7\u00e3o Financeira na grade curricular do ensino municipal a partir de 2026. A proposta visa capacitar os estudantes para o gerenciamento de suas finan\u00e7as pessoais e prepar\u00e1-los para a vida adulta. Ruan tamb\u00e9m apresentou a proposta de cria\u00e7\u00e3o da Pol\u00edcia Urbana do Munic\u00edpio de Sum\u00e9, com defini\u00e7\u00e3o de compet\u00eancias e atribui\u00e7\u00f5es espec\u00edficas. Outra indica\u00e7\u00e3o de sua autoria sugere a municipaliza\u00e7\u00e3o do tr\u00e2nsito, por meio da cria\u00e7\u00e3o do Sistema de Tr\u00e2nsito Municipal. Na \u00e1rea de infraestrutura, o vereador prop\u00f4s uma parceria p\u00fablico-privada para o uso de ca\u00e7ambas, m\u00e1quinas agr\u00edcolas e perfuratriz de po\u00e7os, com divis\u00e3o de custos entre o munic\u00edpio e os moradores, al\u00e9m do recapeamento da estrada entre os s\u00edtios Terra Vermelha e Chor\u00e3o. Tamb\u00e9m foi solicitado por Ruan a instala\u00e7\u00e3o de refletores no campo de terra do Est\u00e1dio Jacint\u00e3o, conhecido como \u201cTerr\u00e3o\u201d, com o intuito de melhorar as condi\u00e7\u00f5es para a pr\u00e1tica esportiva e eventos. Na \u00e1rea da sa\u00fade mental, Ruan requereu a implanta\u00e7\u00e3o de atendimento psicol\u00f3gico para fam\u00edlias enlutadas. Tamb\u00e9m solicitou que o propriet\u00e1rio do loteamento Flor do Cariri seja convidado a comparecer \u00e0 C\u00e2mara para discutir alternativas de abastecimento de \u00e1gua para a localidade. Ainda durante a sess\u00e3o, o parlamentar prestou Voto de Aplauso \u00e0 secret\u00e1ria Denize Batista de Sousa e \u00e0 equipe educacional do munic\u00edpio pelo trabalho comprometido e de qualidade que v\u00eam desenvolvendo. O vereador Jeffeson Menezes tamb\u00e9m apresentou Voto de Aplauso, celebrando a autoriza\u00e7\u00e3o do Minist\u00e9rio da Educa\u00e7\u00e3o (MEC) para a implanta\u00e7\u00e3o do curso de Medicina Veterin\u00e1ria na Faculdade do Cariri Paraibano \u2013 UNICIR, fato considerado um marco para a educa\u00e7\u00e3o superior no munic\u00edpio. O vereador Arymat\u00e9ia Silva apresentou requerimento solicitando a realiza\u00e7\u00e3o de reparos na Pra\u00e7a Poeta Z\u00e9 Marcolino. De acordo com o parlamentar, a pra\u00e7a, que leva o nome de um dos mais importantes representantes da cultura nordestina, necessita de interven\u00e7\u00f5es para garantir seguran\u00e7a e conforto aos frequentadores. O vereador Fernando Louren\u00e7o requereu a constru\u00e7\u00e3o de um mata-burro no S\u00edtio Craibeiras, que atender\u00e1 tamb\u00e9m as comunidades de Tort\u00e3o, Moco, Jerimum e Craibeiras II. J\u00e1 o vereador Daniel L\u00eala solicitou que a Lei Municipal n\u00ba 1.597\/2023, que institui o programa CNH Social, seja efetivamente implementada. Ele tamb\u00e9m pediu melhorias no abastecimento de \u00e1gua do S\u00edtio V\u00e1rzea da Ro\u00e7a e apresentou Votos de Aplauso para Anderson Itallo Ferreira da Silva (Diretor de Esportes), Cleyson Silva Estendio \u2013 Evaldo Filho (Diretor do Departamento de Cultura e Turismo) e Maria Tereza Cristina Coelho do Nascimento (Diretora de Projetos Especiais da Educa\u00e7\u00e3o), pela realiza\u00e7\u00e3o da ExporSum\u00e9 2025. O vereador Branco Xiliu registrou votos de pesar \u00e0s fam\u00edlias da senhora Luciana Leite (Nana Leite) e do senhor Francisco Rodrigues (Buzinho da Vassoura). O vereador Dida Alves apresentou voto de pesar \u00e0 fam\u00edlia da senhora Maria Ivete Fernandes. Na mesma sess\u00e3o, foi aprovado o Projeto de Lei n\u00ba 905\/2025, de autoria de Dida, que determina a obrigatoriedade da inclus\u00e3o dos nomes dos vereadores que atuarem na capta\u00e7\u00e3o de recursos junto a parlamentares nas placas de inaugura\u00e7\u00e3o de obras municipais. Noticias em Destaque Fonte: Ascom\/C\u00e2mara\" \/>\n<meta property=\"og:url\" content=\"https:\/\/noticiasemdestaque.com\/cd\/?p=68448\" \/>\n<meta property=\"og:site_name\" content=\"Not&iacute;cias em Destaque\" \/>\n<meta property=\"article:published_time\" content=\"2025-04-10T23:50:13+00:00\" \/>\n<meta property=\"og:image\" content=\"https:\/\/noticiasemdestaque.com\/cd\/wp-content\/uploads\/2025\/04\/Imagem-do-WhatsApp-de-2025-04-10-as-20.06.36_7d97abaf.jpg\" \/>\n\t<meta property=\"og:image:width\" content=\"1600\" \/>\n\t<meta property=\"og:image:height\" content=\"1066\" \/>\n\t<meta property=\"og:image:type\" content=\"image\/jpeg\" \/>\n<meta name=\"author\" content=\"Not\u00edcias em Destaque\" \/>\n<meta name=\"twitter:card\" content=\"summary_large_image\" \/>\n<meta name=\"twitter:label1\" content=\"Escrito por\" \/>\n\t<meta name=\"twitter:data1\" content=\"Not\u00edcias em Destaque\" \/>\n\t<meta name=\"twitter:label2\" content=\"Est. tempo de leitura\" \/>\n\t<meta name=\"twitter:data2\" content=\"5 minutos\" \/>\n<script type=\"application\/ld+json\" class=\"yoast-schema-graph\">{\"@context\":\"https:\/\/schema.org\",\"@graph\":[{\"@type\":\"Article\",\"@id\":\"https:\/\/noticiasemdestaque.com\/cd\/?p=68448#article\",\"isPartOf\":{\"@id\":\"https:\/\/noticiasemdestaque.com\/cd\/?p=68448\"},\"author\":{\"name\":\"Not\u00edcias em Destaque\",\"@id\":\"https:\/\/noticiasemdestaque.com\/cd\/#\/schema\/person\/21320b03a7e8bb90128938dafc9b908a\"},\"headline\":\"C\u00e2mara de Sum\u00e9 realiza sess\u00e3o e vereadores debatem propostas para educa\u00e7\u00e3o, seguran\u00e7a e infraestrutura\",\"datePublished\":\"2025-04-10T23:50:13+00:00\",\"mainEntityOfPage\":{\"@id\":\"https:\/\/noticiasemdestaque.com\/cd\/?p=68448\"},\"wordCount\":659,\"publisher\":{\"@id\":\"https:\/\/noticiasemdestaque.com\/cd\/#organization\"},\"image\":{\"@id\":\"https:\/\/noticiasemdestaque.com\/cd\/?p=68448#primaryimage\"},\"thumbnailUrl\":\"https:\/\/noticiasemdestaque.com\/cd\/wp-content\/uploads\/2025\/04\/Imagem-do-WhatsApp-de-2025-04-10-as-20.06.36_7d97abaf.jpg\",\"articleSection\":[\"Pol\u00edtica\"],\"inLanguage\":\"pt-BR\"},{\"@type\":\"WebPage\",\"@id\":\"https:\/\/noticiasemdestaque.com\/cd\/?p=68448\",\"url\":\"https:\/\/noticiasemdestaque.com\/cd\/?p=68448\",\"name\":\"C\u00e2mara de Sum\u00e9 realiza sess\u00e3o e vereadores debatem propostas para educa\u00e7\u00e3o, seguran\u00e7a e infraestrutura - Not&iacute;cias em Destaque\",\"isPartOf\":{\"@id\":\"https:\/\/noticiasemdestaque.com\/cd\/#website\"},\"primaryImageOfPage\":{\"@id\":\"https:\/\/noticiasemdestaque.com\/cd\/?p=68448#primaryimage\"},\"image\":{\"@id\":\"https:\/\/noticiasemdestaque.com\/cd\/?p=68448#primaryimage\"},\"thumbnailUrl\":\"https:\/\/noticiasemdestaque.com\/cd\/wp-content\/uploads\/2025\/04\/Imagem-do-WhatsApp-de-2025-04-10-as-20.06.36_7d97abaf.jpg\",\"datePublished\":\"2025-04-10T23:50:13+00:00\",\"breadcrumb\":{\"@id\":\"https:\/\/noticiasemdestaque.com\/cd\/?p=68448#breadcrumb\"},\"inLanguage\":\"pt-BR\",\"potentialAction\":[{\"@type\":\"ReadAction\",\"target\":[\"https:\/\/noticiasemdestaque.com\/cd\/?p=68448\"]}]},{\"@type\":\"ImageObject\",\"inLanguage\":\"pt-BR\",\"@id\":\"https:\/\/noticiasemdestaque.com\/cd\/?p=68448#primaryimage\",\"url\":\"https:\/\/noticiasemdestaque.com\/cd\/wp-content\/uploads\/2025\/04\/Imagem-do-WhatsApp-de-2025-04-10-as-20.06.36_7d97abaf.jpg\",\"contentUrl\":\"https:\/\/noticiasemdestaque.com\/cd\/wp-content\/uploads\/2025\/04\/Imagem-do-WhatsApp-de-2025-04-10-as-20.06.36_7d97abaf.jpg\",\"width\":1600,\"height\":1066},{\"@type\":\"BreadcrumbList\",\"@id\":\"https:\/\/noticiasemdestaque.com\/cd\/?p=68448#breadcrumb\",\"itemListElement\":[{\"@type\":\"ListItem\",\"position\":1,\"name\":\"In\u00edcio\",\"item\":\"https:\/\/noticiasemdestaque.com\/cd\/\"},{\"@type\":\"ListItem\",\"position\":2,\"name\":\"C\u00e2mara de Sum\u00e9 realiza sess\u00e3o e vereadores debatem propostas para educa\u00e7\u00e3o, seguran\u00e7a e infraestrutura\"}]},{\"@type\":\"WebSite\",\"@id\":\"https:\/\/noticiasemdestaque.com\/cd\/#website\",\"url\":\"https:\/\/noticiasemdestaque.com\/cd\/\",\"name\":\"Not&iacute;cias em Destaque\",\"description\":\"\",\"publisher\":{\"@id\":\"https:\/\/noticiasemdestaque.com\/cd\/#organization\"},\"potentialAction\":[{\"@type\":\"SearchAction\",\"target\":{\"@type\":\"EntryPoint\",\"urlTemplate\":\"https:\/\/noticiasemdestaque.com\/cd\/?s={search_term_string}\"},\"query-input\":{\"@type\":\"PropertyValueSpecification\",\"valueRequired\":true,\"valueName\":\"search_term_string\"}}],\"inLanguage\":\"pt-BR\"},{\"@type\":\"Organization\",\"@id\":\"https:\/\/noticiasemdestaque.com\/cd\/#organization\",\"name\":\"Not\u00edcias em Destaque\",\"url\":\"https:\/\/noticiasemdestaque.com\/cd\/\",\"logo\":{\"@type\":\"ImageObject\",\"inLanguage\":\"pt-BR\",\"@id\":\"https:\/\/noticiasemdestaque.com\/cd\/#\/schema\/logo\/image\/\",\"url\":\"https:\/\/noticiasemdestaque.com\/cd\/wp-content\/uploads\/2022\/05\/imagem-base-noticiasemdestaque.png\",\"contentUrl\":\"https:\/\/noticiasemdestaque.com\/cd\/wp-content\/uploads\/2022\/05\/imagem-base-noticiasemdestaque.png\",\"width\":1200,\"height\":630,\"caption\":\"Not\u00edcias em Destaque\"},\"image\":{\"@id\":\"https:\/\/noticiasemdestaque.com\/cd\/#\/schema\/logo\/image\/\"}},{\"@type\":\"Person\",\"@id\":\"https:\/\/noticiasemdestaque.com\/cd\/#\/schema\/person\/21320b03a7e8bb90128938dafc9b908a\",\"name\":\"Not\u00edcias em Destaque\",\"url\":\"https:\/\/noticiasemdestaque.com\/cd\/?author=2\"}]}<\/script>\n<!-- \/ Yoast SEO plugin. -->","yoast_head_json":{"title":"C\u00e2mara de Sum\u00e9 realiza sess\u00e3o e vereadores debatem propostas para educa\u00e7\u00e3o, seguran\u00e7a e infraestrutura - Not&iacute;cias em Destaque","robots":{"index":"index","follow":"follow","max-snippet":"max-snippet:-1","max-image-preview":"max-image-preview:large","max-video-preview":"max-video-preview:-1"},"canonical":"https:\/\/noticiasemdestaque.com\/cd\/?p=68448","og_locale":"pt_BR","og_type":"article","og_title":"C\u00e2mara de Sum\u00e9 realiza sess\u00e3o e vereadores debatem propostas para educa\u00e7\u00e3o, seguran\u00e7a e infraestrutura - Not&iacute;cias em Destaque","og_description":"Na mais recente sess\u00e3o da C\u00e2mara Municipal de Sum\u00e9, realizada nesta quarta-feira (09), os vereadores apresentaram uma s\u00e9rie de indica\u00e7\u00f5es, requerimentos e votos de aplauso e pesar. As propostas abrangem \u00e1reas como educa\u00e7\u00e3o, seguran\u00e7a p\u00fablica, infraestrutura, sa\u00fade mental e homenagens \u00e0 popula\u00e7\u00e3o. O vereador Ruan Pereira indicou ao prefeito Manoel Louren\u00e7o Queiroz Duarte e \u00e0 secret\u00e1ria de Educa\u00e7\u00e3o, Denize Batista de Sousa, a inclus\u00e3o da disciplina de Educa\u00e7\u00e3o Financeira na grade curricular do ensino municipal a partir de 2026. A proposta visa capacitar os estudantes para o gerenciamento de suas finan\u00e7as pessoais e prepar\u00e1-los para a vida adulta. Ruan tamb\u00e9m apresentou a proposta de cria\u00e7\u00e3o da Pol\u00edcia Urbana do Munic\u00edpio de Sum\u00e9, com defini\u00e7\u00e3o de compet\u00eancias e atribui\u00e7\u00f5es espec\u00edficas. Outra indica\u00e7\u00e3o de sua autoria sugere a municipaliza\u00e7\u00e3o do tr\u00e2nsito, por meio da cria\u00e7\u00e3o do Sistema de Tr\u00e2nsito Municipal. Na \u00e1rea de infraestrutura, o vereador prop\u00f4s uma parceria p\u00fablico-privada para o uso de ca\u00e7ambas, m\u00e1quinas agr\u00edcolas e perfuratriz de po\u00e7os, com divis\u00e3o de custos entre o munic\u00edpio e os moradores, al\u00e9m do recapeamento da estrada entre os s\u00edtios Terra Vermelha e Chor\u00e3o. Tamb\u00e9m foi solicitado por Ruan a instala\u00e7\u00e3o de refletores no campo de terra do Est\u00e1dio Jacint\u00e3o, conhecido como \u201cTerr\u00e3o\u201d, com o intuito de melhorar as condi\u00e7\u00f5es para a pr\u00e1tica esportiva e eventos. Na \u00e1rea da sa\u00fade mental, Ruan requereu a implanta\u00e7\u00e3o de atendimento psicol\u00f3gico para fam\u00edlias enlutadas. Tamb\u00e9m solicitou que o propriet\u00e1rio do loteamento Flor do Cariri seja convidado a comparecer \u00e0 C\u00e2mara para discutir alternativas de abastecimento de \u00e1gua para a localidade. Ainda durante a sess\u00e3o, o parlamentar prestou Voto de Aplauso \u00e0 secret\u00e1ria Denize Batista de Sousa e \u00e0 equipe educacional do munic\u00edpio pelo trabalho comprometido e de qualidade que v\u00eam desenvolvendo. O vereador Jeffeson Menezes tamb\u00e9m apresentou Voto de Aplauso, celebrando a autoriza\u00e7\u00e3o do Minist\u00e9rio da Educa\u00e7\u00e3o (MEC) para a implanta\u00e7\u00e3o do curso de Medicina Veterin\u00e1ria na Faculdade do Cariri Paraibano \u2013 UNICIR, fato considerado um marco para a educa\u00e7\u00e3o superior no munic\u00edpio. O vereador Arymat\u00e9ia Silva apresentou requerimento solicitando a realiza\u00e7\u00e3o de reparos na Pra\u00e7a Poeta Z\u00e9 Marcolino. De acordo com o parlamentar, a pra\u00e7a, que leva o nome de um dos mais importantes representantes da cultura nordestina, necessita de interven\u00e7\u00f5es para garantir seguran\u00e7a e conforto aos frequentadores. O vereador Fernando Louren\u00e7o requereu a constru\u00e7\u00e3o de um mata-burro no S\u00edtio Craibeiras, que atender\u00e1 tamb\u00e9m as comunidades de Tort\u00e3o, Moco, Jerimum e Craibeiras II. J\u00e1 o vereador Daniel L\u00eala solicitou que a Lei Municipal n\u00ba 1.597\/2023, que institui o programa CNH Social, seja efetivamente implementada. Ele tamb\u00e9m pediu melhorias no abastecimento de \u00e1gua do S\u00edtio V\u00e1rzea da Ro\u00e7a e apresentou Votos de Aplauso para Anderson Itallo Ferreira da Silva (Diretor de Esportes), Cleyson Silva Estendio \u2013 Evaldo Filho (Diretor do Departamento de Cultura e Turismo) e Maria Tereza Cristina Coelho do Nascimento (Diretora de Projetos Especiais da Educa\u00e7\u00e3o), pela realiza\u00e7\u00e3o da ExporSum\u00e9 2025. O vereador Branco Xiliu registrou votos de pesar \u00e0s fam\u00edlias da senhora Luciana Leite (Nana Leite) e do senhor Francisco Rodrigues (Buzinho da Vassoura). O vereador Dida Alves apresentou voto de pesar \u00e0 fam\u00edlia da senhora Maria Ivete Fernandes. Na mesma sess\u00e3o, foi aprovado o Projeto de Lei n\u00ba 905\/2025, de autoria de Dida, que determina a obrigatoriedade da inclus\u00e3o dos nomes dos vereadores que atuarem na capta\u00e7\u00e3o de recursos junto a parlamentares nas placas de inaugura\u00e7\u00e3o de obras municipais. Noticias em Destaque Fonte: Ascom\/C\u00e2mara","og_url":"https:\/\/noticiasemdestaque.com\/cd\/?p=68448","og_site_name":"Not&iacute;cias em Destaque","article_published_time":"2025-04-10T23:50:13+00:00","og_image":[{"width":1600,"height":1066,"url":"https:\/\/noticiasemdestaque.com\/cd\/wp-content\/uploads\/2025\/04\/Imagem-do-WhatsApp-de-2025-04-10-as-20.06.36_7d97abaf.jpg","type":"image\/jpeg"}],"author":"Not\u00edcias em Destaque","twitter_card":"summary_large_image","twitter_misc":{"Escrito por":"Not\u00edcias em Destaque","Est. tempo de leitura":"5 minutos"},"schema":{"@context":"https:\/\/schema.org","@graph":[{"@type":"Article","@id":"https:\/\/noticiasemdestaque.com\/cd\/?p=68448#article","isPartOf":{"@id":"https:\/\/noticiasemdestaque.com\/cd\/?p=68448"},"author":{"name":"Not\u00edcias em Destaque","@id":"https:\/\/noticiasemdestaque.com\/cd\/#\/schema\/person\/21320b03a7e8bb90128938dafc9b908a"},"headline":"C\u00e2mara de Sum\u00e9 realiza sess\u00e3o e vereadores debatem propostas para educa\u00e7\u00e3o, seguran\u00e7a e infraestrutura","datePublished":"2025-04-10T23:50:13+00:00","mainEntityOfPage":{"@id":"https:\/\/noticiasemdestaque.com\/cd\/?p=68448"},"wordCount":659,"publisher":{"@id":"https:\/\/noticiasemdestaque.com\/cd\/#organization"},"image":{"@id":"https:\/\/noticiasemdestaque.com\/cd\/?p=68448#primaryimage"},"thumbnailUrl":"https:\/\/noticiasemdestaque.com\/cd\/wp-content\/uploads\/2025\/04\/Imagem-do-WhatsApp-de-2025-04-10-as-20.06.36_7d97abaf.jpg","articleSection":["Pol\u00edtica"],"inLanguage":"pt-BR"},{"@type":"WebPage","@id":"https:\/\/noticiasemdestaque.com\/cd\/?p=68448","url":"https:\/\/noticiasemdestaque.com\/cd\/?p=68448","name":"C\u00e2mara de Sum\u00e9 realiza sess\u00e3o e vereadores debatem propostas para educa\u00e7\u00e3o, seguran\u00e7a e infraestrutura - Not&iacute;cias em Destaque","isPartOf":{"@id":"https:\/\/noticiasemdestaque.com\/cd\/#website"},"primaryImageOfPage":{"@id":"https:\/\/noticiasemdestaque.com\/cd\/?p=68448#primaryimage"},"image":{"@id":"https:\/\/noticiasemdestaque.com\/cd\/?p=68448#primaryimage"},"thumbnailUrl":"https:\/\/noticiasemdestaque.com\/cd\/wp-content\/uploads\/2025\/04\/Imagem-do-WhatsApp-de-2025-04-10-as-20.06.36_7d97abaf.jpg","datePublished":"2025-04-10T23:50:13+00:00","breadcrumb":{"@id":"https:\/\/noticiasemdestaque.com\/cd\/?p=68448#breadcrumb"},"inLanguage":"pt-BR","potentialAction":[{"@type":"ReadAction","target":["https:\/\/noticiasemdestaque.com\/cd\/?p=68448"]}]},{"@type":"ImageObject","inLanguage":"pt-BR","@id":"https:\/\/noticiasemdestaque.com\/cd\/?p=68448#primaryimage","url":"https:\/\/noticiasemdestaque.com\/cd\/wp-content\/uploads\/2025\/04\/Imagem-do-WhatsApp-de-2025-04-10-as-20.06.36_7d97abaf.jpg","contentUrl":"https:\/\/noticiasemdestaque.com\/cd\/wp-content\/uploads\/2025\/04\/Imagem-do-WhatsApp-de-2025-04-10-as-20.06.36_7d97abaf.jpg","width":1600,"height":1066},{"@type":"BreadcrumbList","@id":"https:\/\/noticiasemdestaque.com\/cd\/?p=68448#breadcrumb","itemListElement":[{"@type":"ListItem","position":1,"name":"In\u00edcio","item":"https:\/\/noticiasemdestaque.com\/cd\/"},{"@type":"ListItem","position":2,"name":"C\u00e2mara de Sum\u00e9 realiza sess\u00e3o e vereadores debatem propostas para educa\u00e7\u00e3o, seguran\u00e7a e infraestrutura"}]},{"@type":"WebSite","@id":"https:\/\/noticiasemdestaque.com\/cd\/#website","url":"https:\/\/noticiasemdestaque.com\/cd\/","name":"Not&iacute;cias em Destaque","description":"","publisher":{"@id":"https:\/\/noticiasemdestaque.com\/cd\/#organization"},"potentialAction":[{"@type":"SearchAction","target":{"@type":"EntryPoint","urlTemplate":"https:\/\/noticiasemdestaque.com\/cd\/?s={search_term_string}"},"query-input":{"@type":"PropertyValueSpecification","valueRequired":true,"valueName":"search_term_string"}}],"inLanguage":"pt-BR"},{"@type":"Organization","@id":"https:\/\/noticiasemdestaque.com\/cd\/#organization","name":"Not\u00edcias em Destaque","url":"https:\/\/noticiasemdestaque.com\/cd\/","logo":{"@type":"ImageObject","inLanguage":"pt-BR","@id":"https:\/\/noticiasemdestaque.com\/cd\/#\/schema\/logo\/image\/","url":"https:\/\/noticiasemdestaque.com\/cd\/wp-content\/uploads\/2022\/05\/imagem-base-noticiasemdestaque.png","contentUrl":"https:\/\/noticiasemdestaque.com\/cd\/wp-content\/uploads\/2022\/05\/imagem-base-noticiasemdestaque.png","width":1200,"height":630,"caption":"Not\u00edcias em Destaque"},"image":{"@id":"https:\/\/noticiasemdestaque.com\/cd\/#\/schema\/logo\/image\/"}},{"@type":"Person","@id":"https:\/\/noticiasemdestaque.com\/cd\/#\/schema\/person\/21320b03a7e8bb90128938dafc9b908a","name":"Not\u00edcias em Destaque","url":"https:\/\/noticiasemdestaque.com\/cd\/?author=2"}]}},"jetpack_featured_media_url":"https:\/\/noticiasemdestaque.com\/cd\/wp-content\/uploads\/2025\/04\/Imagem-do-WhatsApp-de-2025-04-10-as-20.06.36_7d97abaf.jpg","jetpack_sharing_enabled":true,"_links":{"self":[{"href":"https:\/\/noticiasemdestaque.com\/cd\/index.php?rest_route=\/wp\/v2\/posts\/68448","targetHints":{"allow":["GET"]}}],"collection":[{"href":"https:\/\/noticiasemdestaque.com\/cd\/index.php?rest_route=\/wp\/v2\/posts"}],"about":[{"href":"https:\/\/noticiasemdestaque.com\/cd\/index.php?rest_route=\/wp\/v2\/types\/post"}],"author":[{"embeddable":true,"href":"https:\/\/noticiasemdestaque.com\/cd\/index.php?rest_route=\/wp\/v2\/users\/2"}],"replies":[{"embeddable":true,"href":"https:\/\/noticiasemdestaque.com\/cd\/index.php?rest_route=%2Fwp%2Fv2%2Fcomments&post=68448"}],"version-history":[{"count":1,"href":"https:\/\/noticiasemdestaque.com\/cd\/index.php?rest_route=\/wp\/v2\/posts\/68448\/revisions"}],"predecessor-version":[{"id":68457,"href":"https:\/\/noticiasemdestaque.com\/cd\/index.php?rest_route=\/wp\/v2\/posts\/68448\/revisions\/68457"}],"wp:featuredmedia":[{"embeddable":true,"href":"https:\/\/noticiasemdestaque.com\/cd\/index.php?rest_route=\/wp\/v2\/media\/68449"}],"wp:attachment":[{"href":"https:\/\/noticiasemdestaque.com\/cd\/index.php?rest_route=%2Fwp%2Fv2%2Fmedia&parent=68448"}],"wp:term":[{"taxonomy":"category","embeddable":true,"href":"https:\/\/noticiasemdestaque.com\/cd\/index.php?rest_route=%2Fwp%2Fv2%2Fcategories&post=68448"},{"taxonomy":"post_tag","embeddable":true,"href":"https:\/\/noticiasemdestaque.com\/cd\/index.php?rest_route=%2Fwp%2Fv2%2Ftags&post=68448"}],"curies":[{"name":"wp","href":"https:\/\/api.w.org\/{rel}","templated":true}]}}